{"id":1032492,"date":"2025-01-08T11:06:15","date_gmt":"2025-01-08T08:06:15","guid":{"rendered":"https:\/\/darkamazi.site\/?p=1032492"},"modified":"2026-03-31T16:18:00","modified_gmt":"2026-03-31T13:18:00","slug":"erzurumda-sabaha-karsi-korkutan-deprem","status":"publish","type":"post","link":"https:\/\/darkamazi.site\/archives\/1032492","title":{"rendered":"Erzurum&#8217;da sabaha kar\u015f\u0131 korkutan deprem"},"content":{"rendered":"<p><span style=\"font-family: 'arial black', sans-serif\">AFAD, Erzurum&#8217;un Pasinler il\u00e7esinde 4,5 b\u00fcy\u00fckl\u00fc\u011f\u00fcnde deprem meydana geldi\u011fini duyurdu. Sars\u0131nt\u0131n\u0131n \u00e7evre illerden de hissedildi\u011fi \u00f6\u011frenilirken, olumsuz bir durum ya\u015fanmad\u0131\u011f\u0131 bildirildi.<\/span><\/p>\n<p>Afet ve Acil Durum Y\u00f6netimi Ba\u015fkanl\u0131\u011f\u0131&#8217;n\u0131n (AFAD) internet sitesinde yer alan bilgiye g\u00f6re, saat 04.30&#8217;da merkez \u00fcss\u00fc Erzurum&#8217;un Pasinler il\u00e7esi olan 4,5 b\u00fcy\u00fckl\u00fc\u011f\u00fcnde sars\u0131nt\u0131 kaydedildi.<\/p>\n<p>Depremin 14,8 kilometre derinlikte meydana geldi\u011fi belirlenirken, sars\u0131nt\u0131n\u0131n \u00e7evre illerde de hissedildi\u011fi \u00f6\u011frenildi.<\/p>\n<p><strong>AFAD: Olumsuz bir durum bulunmuyor<\/strong><\/p>\n<p>AFAD, deprem sonras\u0131 an itibar\u0131yla olumsuz bir durum bulunmad\u0131\u011f\u0131n\u0131, saha tarama \u00e7al\u0131\u015fmalar\u0131n\u0131n devam etti\u011fini bildirdi.<\/p>\n<p>AFAD&#8217;\u0131n sosyal medya hesab\u0131ndan yap\u0131lan a\u00e7\u0131klamada \u015fu ifadeler kullan\u0131ld\u0131: &#8220;Erzurum ilimizin Pasinler il\u00e7esinde saat 04.30&#8217;da meydana gelen 4,5 b\u00fcy\u00fckl\u00fc\u011f\u00fcndeki deprem sonras\u0131, an itibar\u0131yla, olumsuz bir durum bulunmamaktad\u0131r. Saha tarama \u00e7al\u0131\u015fmalar\u0131 devam etmektedir. Etkilenen vatanda\u015flar\u0131m\u0131za ge\u00e7mi\u015f olsun dileklerimizi sunar\u0131z.&#8221;<\/p>\n","protected":false},"excerpt":{"rendered":"<p>AFAD, Erzurum&#8217;un Pasinler il\u00e7esinde 4,5 b\u00fcy\u00fckl\u00fc\u011f\u00fcnde deprem meydana geldi\u011fini duyurdu. Sars\u0131nt\u0131n\u0131n \u00e7evre illerden de hissedildi\u011fi \u00f6\u011frenilirken, olumsuz bir durum ya\u015fanmad\u0131\u011f\u0131 bildirildi. Afet ve Acil Durum Y\u00f6netimi Ba\u015fkanl\u0131\u011f\u0131&#8217;n\u0131n (AFAD) internet sitesinde yer alan bilgiye g\u00f6re, saat 04.30&#8217;da merkez \u00fcss\u00fc Erzurum&#8217;un Pasinler il\u00e7esi olan 4,5 b\u00fcy\u00fckl\u00fc\u011f\u00fcnde sars\u0131nt\u0131 kaydedildi. Depremin 14,8 kilometre derinlikte meydana geldi\u011fi belirlenirken, sars\u0131nt\u0131n\u0131n \u00e7evre [&hellip;]<\/p>\n","protected":false},"author":2,"featured_media":1032493,"comment_status":"closed","ping_status":"closed","sticky":false,"template":"","format":"standard","meta":{"footnotes":""},"categories":[3],"tags":[],"class_list":["post-1032492","post","type-post","status-publish","format-standard","has-post-thumbnail","hentry","category-kurdistan"],"blocksy_meta":[],"seo_head":"<!-- This site is optimized with the Yoast SEO plugin v27.5 - https:\/\/yoast.com\/product\/yoast-seo-wordpress\/ -->\n<title>Erzurum&#039;da sabaha kar\u015f\u0131 korkutan deprem - Darka Mazi<\/title>\n<meta name=\"robots\" content=\"index, follow, max-snippet:-1, max-image-preview:large, max-video-preview:-1\" \/>\n<link rel=\"canonical\" href=\"https:\/\/darkamazi.site\/archives\/1032492\" \/>\n<meta property=\"og:locale\" content=\"en_US\" \/>\n<meta property=\"og:type\" content=\"article\" \/>\n<meta property=\"og:title\" content=\"Erzurum&#039;da sabaha kar\u015f\u0131 korkutan deprem - Darka Mazi\" \/>\n<meta property=\"og:description\" content=\"AFAD, Erzurum&#8217;un Pasinler il\u00e7esinde 4,5 b\u00fcy\u00fckl\u00fc\u011f\u00fcnde deprem meydana geldi\u011fini duyurdu. Sars\u0131nt\u0131n\u0131n \u00e7evre illerden de hissedildi\u011fi \u00f6\u011frenilirken, olumsuz bir durum ya\u015fanmad\u0131\u011f\u0131 bildirildi. Afet ve Acil Durum Y\u00f6netimi Ba\u015fkanl\u0131\u011f\u0131&#8217;n\u0131n (AFAD) internet sitesinde yer alan bilgiye g\u00f6re, saat 04.30&#8217;da merkez \u00fcss\u00fc Erzurum&#8217;un Pasinler il\u00e7esi olan 4,5 b\u00fcy\u00fckl\u00fc\u011f\u00fcnde sars\u0131nt\u0131 kaydedildi. Depremin 14,8 kilometre derinlikte meydana geldi\u011fi belirlenirken, sars\u0131nt\u0131n\u0131n \u00e7evre [&hellip;]\" \/>\n<meta property=\"og:url\" content=\"https:\/\/darkamazi.site\/archives\/1032492\" \/>\n<meta property=\"og:site_name\" content=\"Darka Mazi\" \/>\n<meta property=\"article:publisher\" content=\"https:\/\/www.facebook.com\/DarkaMaziturkce\" \/>\n<meta property=\"article:published_time\" content=\"2025-01-08T08:06:15+00:00\" \/>\n<meta property=\"article:modified_time\" content=\"2026-03-31T13:18:00+00:00\" \/>\n<meta property=\"og:image\" content=\"https:\/\/darkamazi.site\/file\/2025\/01\/844490Image1.jpg\" \/>\n\t<meta property=\"og:image:width\" content=\"752\" \/>\n\t<meta property=\"og:image:height\" content=\"472\" \/>\n\t<meta property=\"og:image:type\" content=\"image\/jpeg\" \/>\n<meta name=\"author\" content=\"darka mazi\" \/>\n<meta name=\"twitter:card\" content=\"summary_large_image\" \/>\n<meta name=\"twitter:creator\" content=\"@DarkaMaziTurkce\" \/>\n<meta name=\"twitter:site\" content=\"@DarkaMaziTurkce\" \/>\n<meta name=\"twitter:label1\" content=\"Written by\" \/>\n\t<meta name=\"twitter:data1\" content=\"darka mazi\" \/>\n\t<meta name=\"twitter:label2\" content=\"Est. reading time\" \/>\n\t<meta name=\"twitter:data2\" content=\"1 minute\" \/>\n<script type=\"application\/ld+json\" class=\"seo-schema-graph\">{\"@context\":\"https:\\\/\\\/schema.org\",\"@graph\":[{\"@type\":\"NewsArticle\",\"@id\":\"https:\\\/\\\/darkamazi.site\\\/archives\\\/1032492#article\",\"isPartOf\":{\"@id\":\"https:\\\/\\\/darkamazi.site\\\/archives\\\/1032492\"},\"author\":{\"name\":\"darka mazi\",\"@id\":\"https:\\\/\\\/darkamazi.site\\\/#\\\/schema\\\/person\\\/67986a95ac546c16760365877ef4a9d3\"},\"headline\":\"Erzurum&#8217;da sabaha kar\u015f\u0131 korkutan deprem\",\"datePublished\":\"2025-01-08T08:06:15+00:00\",\"dateModified\":\"2026-03-31T13:18:00+00:00\",\"mainEntityOfPage\":{\"@id\":\"https:\\\/\\\/darkamazi.site\\\/archives\\\/1032492\"},\"wordCount\":169,\"publisher\":{\"@id\":\"https:\\\/\\\/darkamazi.site\\\/#organization\"},\"image\":{\"@id\":\"https:\\\/\\\/darkamazi.site\\\/archives\\\/1032492#primaryimage\"},\"thumbnailUrl\":\"https:\\\/\\\/darkamazi.site\\\/darka-content\\\/uploads\\\/2025\\\/01\\\/844490Image1.jpg\",\"articleSection\":[\"Kurdistan\"],\"inLanguage\":\"en-US\"},{\"@type\":\"WebPage\",\"@id\":\"https:\\\/\\\/darkamazi.site\\\/archives\\\/1032492\",\"url\":\"https:\\\/\\\/darkamazi.site\\\/archives\\\/1032492\",\"name\":\"Erzurum'da sabaha kar\u015f\u0131 korkutan deprem - Darka Mazi\",\"isPartOf\":{\"@id\":\"https:\\\/\\\/darkamazi.site\\\/#website\"},\"primaryImageOfPage\":{\"@id\":\"https:\\\/\\\/darkamazi.site\\\/archives\\\/1032492#primaryimage\"},\"image\":{\"@id\":\"https:\\\/\\\/darkamazi.site\\\/archives\\\/1032492#primaryimage\"},\"thumbnailUrl\":\"https:\\\/\\\/darkamazi.site\\\/darka-content\\\/uploads\\\/2025\\\/01\\\/844490Image1.jpg\",\"datePublished\":\"2025-01-08T08:06:15+00:00\",\"dateModified\":\"2026-03-31T13:18:00+00:00\",\"breadcrumb\":{\"@id\":\"https:\\\/\\\/darkamazi.site\\\/archives\\\/1032492#breadcrumb\"},\"inLanguage\":\"en-US\",\"potentialAction\":[{\"@type\":\"ReadAction\",\"target\":[\"https:\\\/\\\/darkamazi.site\\\/archives\\\/1032492\"]}]},{\"@type\":\"ImageObject\",\"inLanguage\":\"en-US\",\"@id\":\"https:\\\/\\\/darkamazi.site\\\/archives\\\/1032492#primaryimage\",\"url\":\"https:\\\/\\\/darkamazi.site\\\/darka-content\\\/uploads\\\/2025\\\/01\\\/844490Image1.jpg\",\"contentUrl\":\"https:\\\/\\\/darkamazi.site\\\/darka-content\\\/uploads\\\/2025\\\/01\\\/844490Image1.jpg\",\"width\":752,\"height\":472,\"caption\":\"AFAD: Olumsuz bir durum bulunmuyor AFAD, deprem sonras\u0131 an itibar\u0131yla olumsuz bir durum bulunmad\u0131\u011f\u0131n\u0131, saha tarama \u00e7al\u0131\u015fmalar\u0131n\u0131n devam etti\u011fini bildirdi. AFAD'\u0131n sosyal medya hesab\u0131ndan yap\u0131lan a\u00e7\u0131klamada \u015fu ifadeler kullan\u0131ld\u0131: \\\"Erzurum ilimizin Pasinler il\u00e7esinde saat 04.30'da meydana gelen 4,5 b\u00fcy\u00fckl\u00fc\u011f\u00fcndeki deprem sonras\u0131, an itibar\u0131yla, olumsuz bir durum bulunmamaktad\u0131r. Saha tarama \u00e7al\u0131\u015fmalar\u0131 devam etmektedir. Etkilenen vatanda\u015flar\u0131m\u0131za ge\u00e7mi\u015f olsun dileklerimizi sunar\u0131z.\\\"\"},{\"@type\":\"BreadcrumbList\",\"@id\":\"https:\\\/\\\/darkamazi.site\\\/archives\\\/1032492#breadcrumb\",\"itemListElement\":[{\"@type\":\"ListItem\",\"position\":1,\"name\":\"Home\",\"item\":\"https:\\\/\\\/darkamazi.site\\\/\"},{\"@type\":\"ListItem\",\"position\":2,\"name\":\"Erzurum&#8217;da sabaha kar\u015f\u0131 korkutan deprem\"}]},{\"@type\":\"WebSite\",\"@id\":\"https:\\\/\\\/darkamazi.site\\\/#website\",\"url\":\"https:\\\/\\\/darkamazi.site\\\/\",\"name\":\"Darka Mazi\",\"description\":\"Ana Sayfa\",\"publisher\":{\"@id\":\"https:\\\/\\\/darkamazi.site\\\/#organization\"},\"potentialAction\":[{\"@type\":\"SearchAction\",\"target\":{\"@type\":\"EntryPoint\",\"urlTemplate\":\"https:\\\/\\\/darkamazi.site\\\/?s={search_term_string}\"},\"query-input\":{\"@type\":\"PropertyValueSpecification\",\"valueRequired\":true,\"valueName\":\"search_term_string\"}}],\"inLanguage\":\"en-US\"},{\"@type\":\"Organization\",\"@id\":\"https:\\\/\\\/darkamazi.site\\\/#organization\",\"name\":\"Darka Mazi T\u00fcrk\u00e7e\",\"alternateName\":\"Darka Mazi\",\"url\":\"https:\\\/\\\/darkamazi.site\\\/\",\"logo\":{\"@type\":\"ImageObject\",\"inLanguage\":\"en-US\",\"@id\":\"https:\\\/\\\/darkamazi.site\\\/#\\\/schema\\\/logo\\\/image\\\/\",\"url\":\"https:\\\/\\\/darkamazi.site\\\/darka-content\\\/uploads\\\/2017\\\/12\\\/darka-mazi-logo.png\",\"contentUrl\":\"https:\\\/\\\/darkamazi.site\\\/darka-content\\\/uploads\\\/2017\\\/12\\\/darka-mazi-logo.png\",\"width\":151,\"height\":75,\"caption\":\"Darka Mazi T\u00fcrk\u00e7e\"},\"image\":{\"@id\":\"https:\\\/\\\/darkamazi.site\\\/#\\\/schema\\\/logo\\\/image\\\/\"},\"sameAs\":[\"https:\\\/\\\/www.facebook.com\\\/DarkaMaziturkce\",\"https:\\\/\\\/x.com\\\/DarkaMaziTurkce\"]},{\"@type\":\"Person\",\"@id\":\"https:\\\/\\\/darkamazi.site\\\/#\\\/schema\\\/person\\\/67986a95ac546c16760365877ef4a9d3\",\"name\":\"darka mazi\",\"sameAs\":[\"https:\\\/\\\/darkamazi.site\"],\"url\":\"https:\\\/\\\/darkamazi.site\\\/archives\\\/author\\\/turkish\"}]}<\/script>\n<!-- \/ Yoast SEO plugin. -->","seo_head_json":{"title":"Erzurum'da sabaha kar\u015f\u0131 korkutan deprem - Darka Mazi","robots":{"index":"index","follow":"follow","max-snippet":"max-snippet:-1","max-image-preview":"max-image-preview:large","max-video-preview":"max-video-preview:-1"},"canonical":"https:\/\/darkamazi.site\/archives\/1032492","og_locale":"en_US","og_type":"article","og_title":"Erzurum'da sabaha kar\u015f\u0131 korkutan deprem - Darka Mazi","og_description":"AFAD, Erzurum&#8217;un Pasinler il\u00e7esinde 4,5 b\u00fcy\u00fckl\u00fc\u011f\u00fcnde deprem meydana geldi\u011fini duyurdu. Sars\u0131nt\u0131n\u0131n \u00e7evre illerden de hissedildi\u011fi \u00f6\u011frenilirken, olumsuz bir durum ya\u015fanmad\u0131\u011f\u0131 bildirildi. Afet ve Acil Durum Y\u00f6netimi Ba\u015fkanl\u0131\u011f\u0131&#8217;n\u0131n (AFAD) internet sitesinde yer alan bilgiye g\u00f6re, saat 04.30&#8217;da merkez \u00fcss\u00fc Erzurum&#8217;un Pasinler il\u00e7esi olan 4,5 b\u00fcy\u00fckl\u00fc\u011f\u00fcnde sars\u0131nt\u0131 kaydedildi. Depremin 14,8 kilometre derinlikte meydana geldi\u011fi belirlenirken, sars\u0131nt\u0131n\u0131n \u00e7evre [&hellip;]","og_url":"https:\/\/darkamazi.site\/archives\/1032492","og_site_name":"Darka Mazi","article_publisher":"https:\/\/www.facebook.com\/DarkaMaziturkce","article_published_time":"2025-01-08T08:06:15+00:00","article_modified_time":"2026-03-31T13:18:00+00:00","og_image":[{"width":752,"height":472,"url":"https:\/\/darkamazi.site\/file\/2025\/01\/844490Image1.jpg","type":"image\/jpeg"}],"author":"darka mazi","twitter_card":"summary_large_image","twitter_creator":"@DarkaMaziTurkce","twitter_site":"@DarkaMaziTurkce","twitter_misc":{"Written by":"darka mazi","Est. reading time":"1 minute"},"schema":{"@context":"https:\/\/schema.org","@graph":[{"@type":"NewsArticle","@id":"https:\/\/darkamazi.site\/archives\/1032492#article","isPartOf":{"@id":"https:\/\/darkamazi.site\/archives\/1032492"},"author":{"name":"darka mazi","@id":"https:\/\/darkamazi.site\/#\/schema\/person\/67986a95ac546c16760365877ef4a9d3"},"headline":"Erzurum&#8217;da sabaha kar\u015f\u0131 korkutan deprem","datePublished":"2025-01-08T08:06:15+00:00","dateModified":"2026-03-31T13:18:00+00:00","mainEntityOfPage":{"@id":"https:\/\/darkamazi.site\/archives\/1032492"},"wordCount":169,"publisher":{"@id":"https:\/\/darkamazi.site\/#organization"},"image":{"@id":"https:\/\/darkamazi.site\/archives\/1032492#primaryimage"},"thumbnailUrl":"https:\/\/darkamazi.site\/file\/2025\/01\/844490Image1.jpg","articleSection":["Kurdistan"],"inLanguage":"en-US"},{"@type":"WebPage","@id":"https:\/\/darkamazi.site\/archives\/1032492","url":"https:\/\/darkamazi.site\/archives\/1032492","name":"Erzurum'da sabaha kar\u015f\u0131 korkutan deprem - Darka Mazi","isPartOf":{"@id":"https:\/\/darkamazi.site\/#website"},"primaryImageOfPage":{"@id":"https:\/\/darkamazi.site\/archives\/1032492#primaryimage"},"image":{"@id":"https:\/\/darkamazi.site\/archives\/1032492#primaryimage"},"thumbnailUrl":"https:\/\/darkamazi.site\/file\/2025\/01\/844490Image1.jpg","datePublished":"2025-01-08T08:06:15+00:00","dateModified":"2026-03-31T13:18:00+00:00","breadcrumb":{"@id":"https:\/\/darkamazi.site\/archives\/1032492#breadcrumb"},"inLanguage":"en-US","potentialAction":[{"@type":"ReadAction","target":["https:\/\/darkamazi.site\/archives\/1032492"]}]},{"@type":"ImageObject","inLanguage":"en-US","@id":"https:\/\/darkamazi.site\/archives\/1032492#primaryimage","url":"https:\/\/darkamazi.site\/file\/2025\/01\/844490Image1.jpg","contentUrl":"https:\/\/darkamazi.site\/file\/2025\/01\/844490Image1.jpg","width":752,"height":472,"caption":"AFAD: Olumsuz bir durum bulunmuyor AFAD, deprem sonras\u0131 an itibar\u0131yla olumsuz bir durum bulunmad\u0131\u011f\u0131n\u0131, saha tarama \u00e7al\u0131\u015fmalar\u0131n\u0131n devam etti\u011fini bildirdi. AFAD'\u0131n sosyal medya hesab\u0131ndan yap\u0131lan a\u00e7\u0131klamada \u015fu ifadeler kullan\u0131ld\u0131: \"Erzurum ilimizin Pasinler il\u00e7esinde saat 04.30'da meydana gelen 4,5 b\u00fcy\u00fckl\u00fc\u011f\u00fcndeki deprem sonras\u0131, an itibar\u0131yla, olumsuz bir durum bulunmamaktad\u0131r. Saha tarama \u00e7al\u0131\u015fmalar\u0131 devam etmektedir. Etkilenen vatanda\u015flar\u0131m\u0131za ge\u00e7mi\u015f olsun dileklerimizi sunar\u0131z.\""},{"@type":"BreadcrumbList","@id":"https:\/\/darkamazi.site\/archives\/1032492#breadcrumb","itemListElement":[{"@type":"ListItem","position":1,"name":"Home","item":"https:\/\/darkamazi.site\/"},{"@type":"ListItem","position":2,"name":"Erzurum&#8217;da sabaha kar\u015f\u0131 korkutan deprem"}]},{"@type":"WebSite","@id":"https:\/\/darkamazi.site\/#website","url":"https:\/\/darkamazi.site\/","name":"Darka Mazi","description":"Ana Sayfa","publisher":{"@id":"https:\/\/darkamazi.site\/#organization"},"potentialAction":[{"@type":"SearchAction","target":{"@type":"EntryPoint","urlTemplate":"https:\/\/darkamazi.site\/?s={search_term_string}"},"query-input":{"@type":"PropertyValueSpecification","valueRequired":true,"valueName":"search_term_string"}}],"inLanguage":"en-US"},{"@type":"Organization","@id":"https:\/\/darkamazi.site\/#organization","name":"Darka Mazi T\u00fcrk\u00e7e","alternateName":"Darka Mazi","url":"https:\/\/darkamazi.site\/","logo":{"@type":"ImageObject","inLanguage":"en-US","@id":"https:\/\/darkamazi.site\/#\/schema\/logo\/image\/","url":"https:\/\/darkamazi.site\/file\/2017\/12\/darka-mazi-logo.png","contentUrl":"https:\/\/darkamazi.site\/file\/2017\/12\/darka-mazi-logo.png","width":151,"height":75,"caption":"Darka Mazi T\u00fcrk\u00e7e"},"image":{"@id":"https:\/\/darkamazi.site\/#\/schema\/logo\/image\/"},"sameAs":["https:\/\/www.facebook.com\/DarkaMaziturkce","https:\/\/x.com\/DarkaMaziTurkce"]},{"@type":"Person","@id":"https:\/\/darkamazi.site\/#\/schema\/person\/67986a95ac546c16760365877ef4a9d3","name":"darka mazi","sameAs":["https:\/\/darkamazi.site"],"url":"https:\/\/darkamazi.site\/archives\/author\/turkish"}]}},"_links":{"self":[{"href":"https:\/\/darkamazi.site\/funavuv\/wp\/v2\/posts\/1032492","targetHints":{"allow":["GET"]}}],"collection":[{"href":"https:\/\/darkamazi.site\/funavuv\/wp\/v2\/posts"}],"about":[{"href":"https:\/\/darkamazi.site\/funavuv\/wp\/v2\/types\/post"}],"author":[{"embeddable":true,"href":"https:\/\/darkamazi.site\/funavuv\/wp\/v2\/users\/2"}],"replies":[{"embeddable":true,"href":"https:\/\/darkamazi.site\/funavuv\/wp\/v2\/comments?post=1032492"}],"version-history":[{"count":0,"href":"https:\/\/darkamazi.site\/funavuv\/wp\/v2\/posts\/1032492\/revisions"}],"wp:featuredmedia":[{"embeddable":true,"href":"https:\/\/darkamazi.site\/funavuv\/wp\/v2\/media\/1032493"}],"wp:attachment":[{"href":"https:\/\/darkamazi.site\/funavuv\/wp\/v2\/media?parent=1032492"}],"wp:term":[{"taxonomy":"category","embeddable":true,"href":"https:\/\/darkamazi.site\/funavuv\/wp\/v2\/categories?post=1032492"},{"taxonomy":"post_tag","embeddable":true,"href":"https:\/\/darkamazi.site\/funavuv\/wp\/v2\/tags?post=1032492"}],"curies":[{"name":"wp","href":"https:\/\/api.w.org\/{rel}","templated":true}]}}