{"id":1032495,"date":"2025-01-08T11:14:44","date_gmt":"2025-01-08T08:14:44","guid":{"rendered":"https:\/\/darkamazi.site\/?p=1032495"},"modified":"2026-03-31T16:18:00","modified_gmt":"2026-03-31T13:18:00","slug":"trump-erdogandan-suriye-de-kurtlerin-pesinden-gitmemesini-istedim-o-da-gitmedi","status":"publish","type":"post","link":"https:\/\/darkamazi.site\/archives\/1032495","title":{"rendered":"Trump: \u201cErdo\u011fan\u2019dan Suriye de K\u00fcrtlerin pe\u015finden gitmemesini istedim, o da gitmedi\u201d"},"content":{"rendered":"<p><strong>ABD&#8217;nin se\u00e7ilmi\u015f ba\u015fkan\u0131 Donald Trump, T\u00fcrkiye Cumhurba\u015fkan\u0131 Recep Tayyip Erdo\u011fan\u2019dan K\u00fcrtler\u2019in pe\u015finden gitmemesini istedi\u011fini ve onun da bu ricay\u0131 yerine getirdi\u011fini s\u00f6yledi.<\/strong><\/p>\n<p>Trump, Florida\u2019da d\u00fczenledi\u011fi bas\u0131n toplant\u0131s\u0131nda, a\u00e7\u0131klamalarda bulundu.<\/p>\n<p>T\u00fcrkiye Cumhurba\u015fkan\u0131 Recep Tayyip Erdo\u011fan\u2019dan \u00f6vg\u00fcyle s\u00f6z eden Trump, &#8220;Cumhurba\u015fkan\u0131 Erdo\u011fan benim arkada\u015f\u0131m. Sevdi\u011fim, sayg\u0131 duydu\u011fum bir ki\u015fi. San\u0131r\u0131m o da bana sayg\u0131 duyuyor. Erdo\u011fan\u2019dan Suriye\u2019de K\u00fcrtlerin pe\u015finden gitmemesini istedim o da bu ricam\u0131 yerine getirdi.&#8221; dedi.<\/p>\n<p>Donald Trump, Suriye\u2019deki geli\u015fmeleriyle ilgili, \u201cSuriye&#8217;de olanlara bakarsan\u0131z, Rusya zay\u0131flam\u0131\u015ft\u0131, \u0130ran zay\u0131flam\u0131\u015ft\u0131 ve o (Erdo\u011fan) \u00e7ok ak\u0131ll\u0131 bir ki\u015fi. Adamlar\u0131n\u0131 farkl\u0131 \u015fekillerde ve farkl\u0131 isimlerle oraya g\u00f6nderdi. \u0130\u00e7eri girdiler ve ele ge\u00e7irdiler. Olan bu.\u201d derlendirmesinde bulundu.<\/p>\n<p>Gazze \u015eeridi&#8217;ndeki esirlere de\u011finen Trump, g\u00f6reve geldi\u011finde esirlerin serbest b\u0131rak\u0131lmamas\u0131 halinde Orta Do\u011fu&#8217;da k\u0131yamet kopaca\u011f\u0131n\u0131 belirterek, \u201cBu Hamas i\u00e7in iyi olmayacak, a\u00e7\u0131k\u00e7as\u0131 hi\u00e7 kimse i\u00e7in de iyi olmayacak.&#8221; ifadelerini kulland\u0131.<\/p>\n<p>Trump, ayr\u0131ca Meksika&#8217;ya s\u0131n\u0131r g\u00fcvenli\u011fini art\u0131rma ve yasa d\u0131\u015f\u0131 g\u00f6\u00e7\u00fc \u00f6nleme \u00e7a\u011fr\u0131s\u0131nda bulunarak, aksi takdirde g\u00fcmr\u00fck vergileri uygulama tehdidini yineledi.<\/p>\n","protected":false},"excerpt":{"rendered":"<p>ABD&#8217;nin se\u00e7ilmi\u015f ba\u015fkan\u0131 Donald Trump, T\u00fcrkiye Cumhurba\u015fkan\u0131 Recep Tayyip Erdo\u011fan\u2019dan K\u00fcrtler\u2019in pe\u015finden gitmemesini istedi\u011fini ve onun da bu ricay\u0131 yerine getirdi\u011fini s\u00f6yledi. Trump, Florida\u2019da d\u00fczenledi\u011fi bas\u0131n toplant\u0131s\u0131nda, a\u00e7\u0131klamalarda bulundu. T\u00fcrkiye Cumhurba\u015fkan\u0131 Recep Tayyip Erdo\u011fan\u2019dan \u00f6vg\u00fcyle s\u00f6z eden Trump, &#8220;Cumhurba\u015fkan\u0131 Erdo\u011fan benim arkada\u015f\u0131m. Sevdi\u011fim, sayg\u0131 duydu\u011fum bir ki\u015fi. San\u0131r\u0131m o da bana sayg\u0131 duyuyor. Erdo\u011fan\u2019dan Suriye\u2019de [&hellip;]<\/p>\n","protected":false},"author":2,"featured_media":1032498,"comment_status":"closed","ping_status":"closed","sticky":false,"template":"","format":"standard","meta":{"footnotes":""},"categories":[6],"tags":[],"class_list":["post-1032495","post","type-post","status-publish","format-standard","has-post-thumbnail","hentry","category-dunya"],"blocksy_meta":[],"seo_head":"<!-- This site is optimized with the Yoast SEO plugin v27.5 - https:\/\/yoast.com\/product\/yoast-seo-wordpress\/ -->\n<title>Trump: \u201cErdo\u011fan\u2019dan Suriye de K\u00fcrtlerin pe\u015finden gitmemesini istedim, o da gitmedi\u201d - Darka Mazi<\/title>\n<meta name=\"robots\" content=\"index, follow, max-snippet:-1, max-image-preview:large, max-video-preview:-1\" \/>\n<link rel=\"canonical\" href=\"https:\/\/darkamazi.site\/archives\/1032495\" \/>\n<meta property=\"og:locale\" content=\"en_US\" \/>\n<meta property=\"og:type\" content=\"article\" \/>\n<meta property=\"og:title\" content=\"Trump: \u201cErdo\u011fan\u2019dan Suriye de K\u00fcrtlerin pe\u015finden gitmemesini istedim, o da gitmedi\u201d - Darka Mazi\" \/>\n<meta property=\"og:description\" content=\"ABD&#8217;nin se\u00e7ilmi\u015f ba\u015fkan\u0131 Donald Trump, T\u00fcrkiye Cumhurba\u015fkan\u0131 Recep Tayyip Erdo\u011fan\u2019dan K\u00fcrtler\u2019in pe\u015finden gitmemesini istedi\u011fini ve onun da bu ricay\u0131 yerine getirdi\u011fini s\u00f6yledi. Trump, Florida\u2019da d\u00fczenledi\u011fi bas\u0131n toplant\u0131s\u0131nda, a\u00e7\u0131klamalarda bulundu. T\u00fcrkiye Cumhurba\u015fkan\u0131 Recep Tayyip Erdo\u011fan\u2019dan \u00f6vg\u00fcyle s\u00f6z eden Trump, &#8220;Cumhurba\u015fkan\u0131 Erdo\u011fan benim arkada\u015f\u0131m. Sevdi\u011fim, sayg\u0131 duydu\u011fum bir ki\u015fi. San\u0131r\u0131m o da bana sayg\u0131 duyuyor. Erdo\u011fan\u2019dan Suriye\u2019de [&hellip;]\" \/>\n<meta property=\"og:url\" content=\"https:\/\/darkamazi.site\/archives\/1032495\" \/>\n<meta property=\"og:site_name\" content=\"Darka Mazi\" \/>\n<meta property=\"article:publisher\" content=\"https:\/\/www.facebook.com\/DarkaMaziturkce\" \/>\n<meta property=\"article:published_time\" content=\"2025-01-08T08:14:44+00:00\" \/>\n<meta property=\"article:modified_time\" content=\"2026-03-31T13:18:00+00:00\" \/>\n<meta property=\"og:image\" content=\"https:\/\/darkamazi.site\/file\/2025\/01\/indir-1.jpeg\" \/>\n\t<meta property=\"og:image:width\" content=\"275\" \/>\n\t<meta property=\"og:image:height\" content=\"183\" \/>\n\t<meta property=\"og:image:type\" content=\"image\/jpeg\" \/>\n<meta name=\"author\" content=\"darka mazi\" \/>\n<meta name=\"twitter:card\" content=\"summary_large_image\" \/>\n<meta name=\"twitter:creator\" content=\"@DarkaMaziTurkce\" \/>\n<meta name=\"twitter:site\" content=\"@DarkaMaziTurkce\" \/>\n<meta name=\"twitter:label1\" content=\"Written by\" \/>\n\t<meta name=\"twitter:data1\" content=\"darka mazi\" \/>\n\t<meta name=\"twitter:label2\" content=\"Est. reading time\" \/>\n\t<meta name=\"twitter:data2\" content=\"1 minute\" \/>\n<script type=\"application\/ld+json\" class=\"seo-schema-graph\">{\"@context\":\"https:\\\/\\\/schema.org\",\"@graph\":[{\"@type\":\"NewsArticle\",\"@id\":\"https:\\\/\\\/darkamazi.site\\\/archives\\\/1032495#article\",\"isPartOf\":{\"@id\":\"https:\\\/\\\/darkamazi.site\\\/archives\\\/1032495\"},\"author\":{\"name\":\"darka mazi\",\"@id\":\"https:\\\/\\\/darkamazi.site\\\/#\\\/schema\\\/person\\\/67986a95ac546c16760365877ef4a9d3\"},\"headline\":\"Trump: \u201cErdo\u011fan\u2019dan Suriye de K\u00fcrtlerin pe\u015finden gitmemesini istedim, o da gitmedi\u201d\",\"datePublished\":\"2025-01-08T08:14:44+00:00\",\"dateModified\":\"2026-03-31T13:18:00+00:00\",\"mainEntityOfPage\":{\"@id\":\"https:\\\/\\\/darkamazi.site\\\/archives\\\/1032495\"},\"wordCount\":246,\"publisher\":{\"@id\":\"https:\\\/\\\/darkamazi.site\\\/#organization\"},\"image\":{\"@id\":\"https:\\\/\\\/darkamazi.site\\\/archives\\\/1032495#primaryimage\"},\"thumbnailUrl\":\"https:\\\/\\\/darkamazi.site\\\/darka-content\\\/uploads\\\/2025\\\/01\\\/indir-1.jpeg\",\"articleSection\":[\"D\u00fcnya\"],\"inLanguage\":\"en-US\"},{\"@type\":\"WebPage\",\"@id\":\"https:\\\/\\\/darkamazi.site\\\/archives\\\/1032495\",\"url\":\"https:\\\/\\\/darkamazi.site\\\/archives\\\/1032495\",\"name\":\"Trump: \u201cErdo\u011fan\u2019dan Suriye de K\u00fcrtlerin pe\u015finden gitmemesini istedim, o da gitmedi\u201d - Darka Mazi\",\"isPartOf\":{\"@id\":\"https:\\\/\\\/darkamazi.site\\\/#website\"},\"primaryImageOfPage\":{\"@id\":\"https:\\\/\\\/darkamazi.site\\\/archives\\\/1032495#primaryimage\"},\"image\":{\"@id\":\"https:\\\/\\\/darkamazi.site\\\/archives\\\/1032495#primaryimage\"},\"thumbnailUrl\":\"https:\\\/\\\/darkamazi.site\\\/darka-content\\\/uploads\\\/2025\\\/01\\\/indir-1.jpeg\",\"datePublished\":\"2025-01-08T08:14:44+00:00\",\"dateModified\":\"2026-03-31T13:18:00+00:00\",\"breadcrumb\":{\"@id\":\"https:\\\/\\\/darkamazi.site\\\/archives\\\/1032495#breadcrumb\"},\"inLanguage\":\"en-US\",\"potentialAction\":[{\"@type\":\"ReadAction\",\"target\":[\"https:\\\/\\\/darkamazi.site\\\/archives\\\/1032495\"]}]},{\"@type\":\"ImageObject\",\"inLanguage\":\"en-US\",\"@id\":\"https:\\\/\\\/darkamazi.site\\\/archives\\\/1032495#primaryimage\",\"url\":\"https:\\\/\\\/darkamazi.site\\\/darka-content\\\/uploads\\\/2025\\\/01\\\/indir-1.jpeg\",\"contentUrl\":\"https:\\\/\\\/darkamazi.site\\\/darka-content\\\/uploads\\\/2025\\\/01\\\/indir-1.jpeg\",\"width\":275,\"height\":183,\"caption\":\"Trump: \u201cErdo\u011fan\u2019dan Suriye de K\u00fcrtlerin pe\u015finden gitmemesini istedim, o da gitmedi\u201d\"},{\"@type\":\"BreadcrumbList\",\"@id\":\"https:\\\/\\\/darkamazi.site\\\/archives\\\/1032495#breadcrumb\",\"itemListElement\":[{\"@type\":\"ListItem\",\"position\":1,\"name\":\"Home\",\"item\":\"https:\\\/\\\/darkamazi.site\\\/\"},{\"@type\":\"ListItem\",\"position\":2,\"name\":\"Trump: \u201cErdo\u011fan\u2019dan Suriye de K\u00fcrtlerin pe\u015finden gitmemesini istedim, o da gitmedi\u201d\"}]},{\"@type\":\"WebSite\",\"@id\":\"https:\\\/\\\/darkamazi.site\\\/#website\",\"url\":\"https:\\\/\\\/darkamazi.site\\\/\",\"name\":\"Darka Mazi\",\"description\":\"Ana Sayfa\",\"publisher\":{\"@id\":\"https:\\\/\\\/darkamazi.site\\\/#organization\"},\"potentialAction\":[{\"@type\":\"SearchAction\",\"target\":{\"@type\":\"EntryPoint\",\"urlTemplate\":\"https:\\\/\\\/darkamazi.site\\\/?s={search_term_string}\"},\"query-input\":{\"@type\":\"PropertyValueSpecification\",\"valueRequired\":true,\"valueName\":\"search_term_string\"}}],\"inLanguage\":\"en-US\"},{\"@type\":\"Organization\",\"@id\":\"https:\\\/\\\/darkamazi.site\\\/#organization\",\"name\":\"Darka Mazi T\u00fcrk\u00e7e\",\"alternateName\":\"Darka Mazi\",\"url\":\"https:\\\/\\\/darkamazi.site\\\/\",\"logo\":{\"@type\":\"ImageObject\",\"inLanguage\":\"en-US\",\"@id\":\"https:\\\/\\\/darkamazi.site\\\/#\\\/schema\\\/logo\\\/image\\\/\",\"url\":\"https:\\\/\\\/darkamazi.site\\\/darka-content\\\/uploads\\\/2017\\\/12\\\/darka-mazi-logo.png\",\"contentUrl\":\"https:\\\/\\\/darkamazi.site\\\/darka-content\\\/uploads\\\/2017\\\/12\\\/darka-mazi-logo.png\",\"width\":151,\"height\":75,\"caption\":\"Darka Mazi T\u00fcrk\u00e7e\"},\"image\":{\"@id\":\"https:\\\/\\\/darkamazi.site\\\/#\\\/schema\\\/logo\\\/image\\\/\"},\"sameAs\":[\"https:\\\/\\\/www.facebook.com\\\/DarkaMaziturkce\",\"https:\\\/\\\/x.com\\\/DarkaMaziTurkce\"]},{\"@type\":\"Person\",\"@id\":\"https:\\\/\\\/darkamazi.site\\\/#\\\/schema\\\/person\\\/67986a95ac546c16760365877ef4a9d3\",\"name\":\"darka mazi\",\"sameAs\":[\"https:\\\/\\\/darkamazi.site\"],\"url\":\"https:\\\/\\\/darkamazi.site\\\/archives\\\/author\\\/turkish\"}]}<\/script>\n<!-- \/ Yoast SEO plugin. -->","seo_head_json":{"title":"Trump: \u201cErdo\u011fan\u2019dan Suriye de K\u00fcrtlerin pe\u015finden gitmemesini istedim, o da gitmedi\u201d - Darka Mazi","robots":{"index":"index","follow":"follow","max-snippet":"max-snippet:-1","max-image-preview":"max-image-preview:large","max-video-preview":"max-video-preview:-1"},"canonical":"https:\/\/darkamazi.site\/archives\/1032495","og_locale":"en_US","og_type":"article","og_title":"Trump: \u201cErdo\u011fan\u2019dan Suriye de K\u00fcrtlerin pe\u015finden gitmemesini istedim, o da gitmedi\u201d - Darka Mazi","og_description":"ABD&#8217;nin se\u00e7ilmi\u015f ba\u015fkan\u0131 Donald Trump, T\u00fcrkiye Cumhurba\u015fkan\u0131 Recep Tayyip Erdo\u011fan\u2019dan K\u00fcrtler\u2019in pe\u015finden gitmemesini istedi\u011fini ve onun da bu ricay\u0131 yerine getirdi\u011fini s\u00f6yledi. Trump, Florida\u2019da d\u00fczenledi\u011fi bas\u0131n toplant\u0131s\u0131nda, a\u00e7\u0131klamalarda bulundu. T\u00fcrkiye Cumhurba\u015fkan\u0131 Recep Tayyip Erdo\u011fan\u2019dan \u00f6vg\u00fcyle s\u00f6z eden Trump, &#8220;Cumhurba\u015fkan\u0131 Erdo\u011fan benim arkada\u015f\u0131m. Sevdi\u011fim, sayg\u0131 duydu\u011fum bir ki\u015fi. San\u0131r\u0131m o da bana sayg\u0131 duyuyor. Erdo\u011fan\u2019dan Suriye\u2019de [&hellip;]","og_url":"https:\/\/darkamazi.site\/archives\/1032495","og_site_name":"Darka Mazi","article_publisher":"https:\/\/www.facebook.com\/DarkaMaziturkce","article_published_time":"2025-01-08T08:14:44+00:00","article_modified_time":"2026-03-31T13:18:00+00:00","og_image":[{"width":275,"height":183,"url":"https:\/\/darkamazi.site\/file\/2025\/01\/indir-1.jpeg","type":"image\/jpeg"}],"author":"darka mazi","twitter_card":"summary_large_image","twitter_creator":"@DarkaMaziTurkce","twitter_site":"@DarkaMaziTurkce","twitter_misc":{"Written by":"darka mazi","Est. reading time":"1 minute"},"schema":{"@context":"https:\/\/schema.org","@graph":[{"@type":"NewsArticle","@id":"https:\/\/darkamazi.site\/archives\/1032495#article","isPartOf":{"@id":"https:\/\/darkamazi.site\/archives\/1032495"},"author":{"name":"darka mazi","@id":"https:\/\/darkamazi.site\/#\/schema\/person\/67986a95ac546c16760365877ef4a9d3"},"headline":"Trump: \u201cErdo\u011fan\u2019dan Suriye de K\u00fcrtlerin pe\u015finden gitmemesini istedim, o da gitmedi\u201d","datePublished":"2025-01-08T08:14:44+00:00","dateModified":"2026-03-31T13:18:00+00:00","mainEntityOfPage":{"@id":"https:\/\/darkamazi.site\/archives\/1032495"},"wordCount":246,"publisher":{"@id":"https:\/\/darkamazi.site\/#organization"},"image":{"@id":"https:\/\/darkamazi.site\/archives\/1032495#primaryimage"},"thumbnailUrl":"https:\/\/darkamazi.site\/file\/2025\/01\/indir-1.jpeg","articleSection":["D\u00fcnya"],"inLanguage":"en-US"},{"@type":"WebPage","@id":"https:\/\/darkamazi.site\/archives\/1032495","url":"https:\/\/darkamazi.site\/archives\/1032495","name":"Trump: \u201cErdo\u011fan\u2019dan Suriye de K\u00fcrtlerin pe\u015finden gitmemesini istedim, o da gitmedi\u201d - Darka Mazi","isPartOf":{"@id":"https:\/\/darkamazi.site\/#website"},"primaryImageOfPage":{"@id":"https:\/\/darkamazi.site\/archives\/1032495#primaryimage"},"image":{"@id":"https:\/\/darkamazi.site\/archives\/1032495#primaryimage"},"thumbnailUrl":"https:\/\/darkamazi.site\/file\/2025\/01\/indir-1.jpeg","datePublished":"2025-01-08T08:14:44+00:00","dateModified":"2026-03-31T13:18:00+00:00","breadcrumb":{"@id":"https:\/\/darkamazi.site\/archives\/1032495#breadcrumb"},"inLanguage":"en-US","potentialAction":[{"@type":"ReadAction","target":["https:\/\/darkamazi.site\/archives\/1032495"]}]},{"@type":"ImageObject","inLanguage":"en-US","@id":"https:\/\/darkamazi.site\/archives\/1032495#primaryimage","url":"https:\/\/darkamazi.site\/file\/2025\/01\/indir-1.jpeg","contentUrl":"https:\/\/darkamazi.site\/file\/2025\/01\/indir-1.jpeg","width":275,"height":183,"caption":"Trump: \u201cErdo\u011fan\u2019dan Suriye de K\u00fcrtlerin pe\u015finden gitmemesini istedim, o da gitmedi\u201d"},{"@type":"BreadcrumbList","@id":"https:\/\/darkamazi.site\/archives\/1032495#breadcrumb","itemListElement":[{"@type":"ListItem","position":1,"name":"Home","item":"https:\/\/darkamazi.site\/"},{"@type":"ListItem","position":2,"name":"Trump: \u201cErdo\u011fan\u2019dan Suriye de K\u00fcrtlerin pe\u015finden gitmemesini istedim, o da gitmedi\u201d"}]},{"@type":"WebSite","@id":"https:\/\/darkamazi.site\/#website","url":"https:\/\/darkamazi.site\/","name":"Darka Mazi","description":"Ana Sayfa","publisher":{"@id":"https:\/\/darkamazi.site\/#organization"},"potentialAction":[{"@type":"SearchAction","target":{"@type":"EntryPoint","urlTemplate":"https:\/\/darkamazi.site\/?s={search_term_string}"},"query-input":{"@type":"PropertyValueSpecification","valueRequired":true,"valueName":"search_term_string"}}],"inLanguage":"en-US"},{"@type":"Organization","@id":"https:\/\/darkamazi.site\/#organization","name":"Darka Mazi T\u00fcrk\u00e7e","alternateName":"Darka Mazi","url":"https:\/\/darkamazi.site\/","logo":{"@type":"ImageObject","inLanguage":"en-US","@id":"https:\/\/darkamazi.site\/#\/schema\/logo\/image\/","url":"https:\/\/darkamazi.site\/file\/2017\/12\/darka-mazi-logo.png","contentUrl":"https:\/\/darkamazi.site\/file\/2017\/12\/darka-mazi-logo.png","width":151,"height":75,"caption":"Darka Mazi T\u00fcrk\u00e7e"},"image":{"@id":"https:\/\/darkamazi.site\/#\/schema\/logo\/image\/"},"sameAs":["https:\/\/www.facebook.com\/DarkaMaziturkce","https:\/\/x.com\/DarkaMaziTurkce"]},{"@type":"Person","@id":"https:\/\/darkamazi.site\/#\/schema\/person\/67986a95ac546c16760365877ef4a9d3","name":"darka mazi","sameAs":["https:\/\/darkamazi.site"],"url":"https:\/\/darkamazi.site\/archives\/author\/turkish"}]}},"_links":{"self":[{"href":"https:\/\/darkamazi.site\/funavuv\/wp\/v2\/posts\/1032495","targetHints":{"allow":["GET"]}}],"collection":[{"href":"https:\/\/darkamazi.site\/funavuv\/wp\/v2\/posts"}],"about":[{"href":"https:\/\/darkamazi.site\/funavuv\/wp\/v2\/types\/post"}],"author":[{"embeddable":true,"href":"https:\/\/darkamazi.site\/funavuv\/wp\/v2\/users\/2"}],"replies":[{"embeddable":true,"href":"https:\/\/darkamazi.site\/funavuv\/wp\/v2\/comments?post=1032495"}],"version-history":[{"count":0,"href":"https:\/\/darkamazi.site\/funavuv\/wp\/v2\/posts\/1032495\/revisions"}],"wp:featuredmedia":[{"embeddable":true,"href":"https:\/\/darkamazi.site\/funavuv\/wp\/v2\/media\/1032498"}],"wp:attachment":[{"href":"https:\/\/darkamazi.site\/funavuv\/wp\/v2\/media?parent=1032495"}],"wp:term":[{"taxonomy":"category","embeddable":true,"href":"https:\/\/darkamazi.site\/funavuv\/wp\/v2\/categories?post=1032495"},{"taxonomy":"post_tag","embeddable":true,"href":"https:\/\/darkamazi.site\/funavuv\/wp\/v2\/tags?post=1032495"}],"curies":[{"name":"wp","href":"https:\/\/api.w.org\/{rel}","templated":true}]}}