{"id":1032537,"date":"2025-01-12T15:49:50","date_gmt":"2025-01-12T12:49:50","guid":{"rendered":"https:\/\/darkamazi.site\/?p=1032537"},"modified":"2026-03-31T16:17:59","modified_gmt":"2026-03-31T13:17:59","slug":"tsk-ucaklari-kobani-koylerini-vurdu-3-sehit-5-yarali","status":"publish","type":"post","link":"https:\/\/darkamazi.site\/archives\/1032537","title":{"rendered":"TSK u\u00e7aklar\u0131 Kobani k\u00f6ylerini vurdu: 3 \u015fehit 5 yaral\u0131"},"content":{"rendered":"<p style=\"text-align: justify\">TSK\u2019ya ait sava\u015f u\u00e7aklar\u0131 Kobani&#8217;nin g\u00fcneyindeki bir k\u00f6y\u00fc bombalad\u0131. Bombard\u0131manda aralar\u0131nda \u00e7ocuklar\u0131n da yer ald\u0131\u011f\u0131 ayn\u0131 aileden 3 ki\u015fi \u015fehit d\u00fc\u015ft\u00fc , 5 \u00e7ocuk da yaraland\u0131.<\/p>\n<p style=\"text-align: justify\">Rojava kaynaklar\u0131 Kobani&#8217;nin g\u00fcneyindeki Sirrin kasabas\u0131na ba\u011fl\u0131 El-Mesrab k\u00f6y\u00fcne d\u00fcn ak\u015fam saat 18:00 civar\u0131nda TSK\u2019ya ait sava\u015f u\u00e7aklar\u0131n\u0131n hava sald\u0131r\u0131s\u0131 d\u00fczenlendi\u011fini duyurdu. Sald\u0131r\u0131da, bombalanan bir evde bulunan ayn\u0131 aileden 3 ki\u015fi hayat\u0131n\u0131 kaybetti, 5 \u00e7ocuk ise yaraland\u0131.<\/p>\n<p style=\"text-align: justify\">Hava bombard\u0131manda 37 ya\u015f\u0131ndaki \u0130smail H\u00fcseyin Mustafa, \u00e7ocuklar\u0131 12 ya\u015f\u0131ndaki Fatima ile 13 ya\u015f\u0131ndaki Ai\u015fe \u0130smail Mustafa\u2019n\u0131n ya\u015fam\u0131n\u0131 yitirdi\u011fi kaydedildi. Ayn\u0131 evde bulunan 10 ya\u015f\u0131ndaki H\u00fcseyin, 8 ya\u015f\u0131ndaki Xulud, 5 ya\u015f\u0131ndaki \u0130man, 2 ya\u015f\u0131ndaki Ali ve 1 ya\u015f\u0131ndaki Bahriye \u0130smail Mustafa isimli karde\u015fler ise yaraland\u0131.<\/p>\n<p style=\"text-align: justify\">Sald\u0131r\u0131, uzun bir s\u00fcredir T\u00fcrkiye destekli Suriye Milli Ordusu&#8217;nun (SMO) Kobani&#8217;nin bat\u0131s\u0131nda yer alan Ti\u015frin Baraj\u0131\u2019na sald\u0131r\u0131lar\u0131n yo\u011funla\u015ft\u0131\u011f\u0131 bir d\u00f6nemde geldi.<\/p>\n<p style=\"text-align: justify\">Rojava \u00f6zerk Y\u00f6netimi yapt\u0131\u011f\u0131\u00a0a\u00e7\u0131klamada,\u00a0 baraj\u0131n yap\u0131s\u0131na zarar verilmesi durumunda, F\u0131rat Nehri boyunca ciddi felakete yol a\u00e7abilecek sonu\u00e7lar do\u011fabilece\u011fi uyar\u0131s\u0131nda bulunmu\u015f ve sald\u0131r\u0131lar\u0131n durdurulmas\u0131 i\u00e7in T\u00fcrkiye&#8217;ye bask\u0131 yap\u0131lmas\u0131 konusunda uluslararas\u0131 topluma \u00e7a\u011fr\u0131 yapm\u0131\u015ft\u0131.<\/p>\n","protected":false},"excerpt":{"rendered":"<p>TSK\u2019ya ait sava\u015f u\u00e7aklar\u0131 Kobani&#8217;nin g\u00fcneyindeki bir k\u00f6y\u00fc bombalad\u0131. Bombard\u0131manda aralar\u0131nda \u00e7ocuklar\u0131n da yer ald\u0131\u011f\u0131 ayn\u0131 aileden 3 ki\u015fi \u015fehit d\u00fc\u015ft\u00fc , 5 \u00e7ocuk da yaraland\u0131. Rojava kaynaklar\u0131 Kobani&#8217;nin g\u00fcneyindeki Sirrin kasabas\u0131na ba\u011fl\u0131 El-Mesrab k\u00f6y\u00fcne d\u00fcn ak\u015fam saat 18:00 civar\u0131nda TSK\u2019ya ait sava\u015f u\u00e7aklar\u0131n\u0131n hava sald\u0131r\u0131s\u0131 d\u00fczenlendi\u011fini duyurdu. Sald\u0131r\u0131da, bombalanan bir evde bulunan ayn\u0131 aileden [&hellip;]<\/p>\n","protected":false},"author":2,"featured_media":1032538,"comment_status":"closed","ping_status":"closed","sticky":false,"template":"","format":"standard","meta":{"footnotes":""},"categories":[3],"tags":[31],"class_list":["post-1032537","post","type-post","status-publish","format-standard","has-post-thumbnail","hentry","category-kurdistan","tag-onemli"],"blocksy_meta":[],"seo_head":"<!-- This site is optimized with the Yoast SEO plugin v27.5 - https:\/\/yoast.com\/product\/yoast-seo-wordpress\/ -->\n<title>TSK u\u00e7aklar\u0131 Kobani k\u00f6ylerini vurdu: 3 \u015fehit 5 yaral\u0131 - Darka Mazi<\/title>\n<meta name=\"robots\" content=\"index, follow, max-snippet:-1, max-image-preview:large, max-video-preview:-1\" \/>\n<link rel=\"canonical\" href=\"https:\/\/darkamazi.site\/archives\/1032537\" \/>\n<meta property=\"og:locale\" content=\"en_US\" \/>\n<meta property=\"og:type\" content=\"article\" \/>\n<meta property=\"og:title\" content=\"TSK u\u00e7aklar\u0131 Kobani k\u00f6ylerini vurdu: 3 \u015fehit 5 yaral\u0131 - Darka Mazi\" \/>\n<meta property=\"og:description\" content=\"TSK\u2019ya ait sava\u015f u\u00e7aklar\u0131 Kobani&#8217;nin g\u00fcneyindeki bir k\u00f6y\u00fc bombalad\u0131. Bombard\u0131manda aralar\u0131nda \u00e7ocuklar\u0131n da yer ald\u0131\u011f\u0131 ayn\u0131 aileden 3 ki\u015fi \u015fehit d\u00fc\u015ft\u00fc , 5 \u00e7ocuk da yaraland\u0131. Rojava kaynaklar\u0131 Kobani&#8217;nin g\u00fcneyindeki Sirrin kasabas\u0131na ba\u011fl\u0131 El-Mesrab k\u00f6y\u00fcne d\u00fcn ak\u015fam saat 18:00 civar\u0131nda TSK\u2019ya ait sava\u015f u\u00e7aklar\u0131n\u0131n hava sald\u0131r\u0131s\u0131 d\u00fczenlendi\u011fini duyurdu. Sald\u0131r\u0131da, bombalanan bir evde bulunan ayn\u0131 aileden [&hellip;]\" \/>\n<meta property=\"og:url\" content=\"https:\/\/darkamazi.site\/archives\/1032537\" \/>\n<meta property=\"og:site_name\" content=\"Darka Mazi\" \/>\n<meta property=\"article:publisher\" content=\"https:\/\/www.facebook.com\/DarkaMaziturkce\" \/>\n<meta property=\"article:published_time\" content=\"2025-01-12T12:49:50+00:00\" \/>\n<meta property=\"article:modified_time\" content=\"2026-03-31T13:17:59+00:00\" \/>\n<meta property=\"og:image\" content=\"https:\/\/darkamazi.site\/file\/2025\/01\/bomba.jpg\" \/>\n\t<meta property=\"og:image:width\" content=\"1200\" \/>\n\t<meta property=\"og:image:height\" content=\"602\" \/>\n\t<meta property=\"og:image:type\" content=\"image\/jpeg\" \/>\n<meta name=\"author\" content=\"darka mazi\" \/>\n<meta name=\"twitter:card\" content=\"summary_large_image\" \/>\n<meta name=\"twitter:creator\" content=\"@DarkaMaziTurkce\" \/>\n<meta name=\"twitter:site\" content=\"@DarkaMaziTurkce\" \/>\n<meta name=\"twitter:label1\" content=\"Written by\" \/>\n\t<meta name=\"twitter:data1\" content=\"darka mazi\" \/>\n\t<meta name=\"twitter:label2\" content=\"Est. reading time\" \/>\n\t<meta name=\"twitter:data2\" content=\"1 minute\" \/>\n<script type=\"application\/ld+json\" class=\"seo-schema-graph\">{\"@context\":\"https:\\\/\\\/schema.org\",\"@graph\":[{\"@type\":\"NewsArticle\",\"@id\":\"https:\\\/\\\/darkamazi.site\\\/archives\\\/1032537#article\",\"isPartOf\":{\"@id\":\"https:\\\/\\\/darkamazi.site\\\/archives\\\/1032537\"},\"author\":{\"name\":\"darka mazi\",\"@id\":\"https:\\\/\\\/darkamazi.site\\\/#\\\/schema\\\/person\\\/67986a95ac546c16760365877ef4a9d3\"},\"headline\":\"TSK u\u00e7aklar\u0131 Kobani k\u00f6ylerini vurdu: 3 \u015fehit 5 yaral\u0131\",\"datePublished\":\"2025-01-12T12:49:50+00:00\",\"dateModified\":\"2026-03-31T13:17:59+00:00\",\"mainEntityOfPage\":{\"@id\":\"https:\\\/\\\/darkamazi.site\\\/archives\\\/1032537\"},\"wordCount\":242,\"publisher\":{\"@id\":\"https:\\\/\\\/darkamazi.site\\\/#organization\"},\"image\":{\"@id\":\"https:\\\/\\\/darkamazi.site\\\/archives\\\/1032537#primaryimage\"},\"thumbnailUrl\":\"https:\\\/\\\/darkamazi.site\\\/darka-content\\\/uploads\\\/2025\\\/01\\\/bomba.jpg\",\"keywords\":[\"\u00f6nemli\"],\"articleSection\":[\"Kurdistan\"],\"inLanguage\":\"en-US\"},{\"@type\":\"WebPage\",\"@id\":\"https:\\\/\\\/darkamazi.site\\\/archives\\\/1032537\",\"url\":\"https:\\\/\\\/darkamazi.site\\\/archives\\\/1032537\",\"name\":\"TSK u\u00e7aklar\u0131 Kobani k\u00f6ylerini vurdu: 3 \u015fehit 5 yaral\u0131 - Darka Mazi\",\"isPartOf\":{\"@id\":\"https:\\\/\\\/darkamazi.site\\\/#website\"},\"primaryImageOfPage\":{\"@id\":\"https:\\\/\\\/darkamazi.site\\\/archives\\\/1032537#primaryimage\"},\"image\":{\"@id\":\"https:\\\/\\\/darkamazi.site\\\/archives\\\/1032537#primaryimage\"},\"thumbnailUrl\":\"https:\\\/\\\/darkamazi.site\\\/darka-content\\\/uploads\\\/2025\\\/01\\\/bomba.jpg\",\"datePublished\":\"2025-01-12T12:49:50+00:00\",\"dateModified\":\"2026-03-31T13:17:59+00:00\",\"breadcrumb\":{\"@id\":\"https:\\\/\\\/darkamazi.site\\\/archives\\\/1032537#breadcrumb\"},\"inLanguage\":\"en-US\",\"potentialAction\":[{\"@type\":\"ReadAction\",\"target\":[\"https:\\\/\\\/darkamazi.site\\\/archives\\\/1032537\"]}]},{\"@type\":\"ImageObject\",\"inLanguage\":\"en-US\",\"@id\":\"https:\\\/\\\/darkamazi.site\\\/archives\\\/1032537#primaryimage\",\"url\":\"https:\\\/\\\/darkamazi.site\\\/darka-content\\\/uploads\\\/2025\\\/01\\\/bomba.jpg\",\"contentUrl\":\"https:\\\/\\\/darkamazi.site\\\/darka-content\\\/uploads\\\/2025\\\/01\\\/bomba.jpg\",\"width\":1200,\"height\":602,\"caption\":\"U\u00e7aklar Kobani'nin bir k\u00f6y\u00fcn\u00fc bombalad\u0131: 3 ki\u015fi ya\u015fam\u0131n\u0131 yitirdi, 5 yaral\u0131\"},{\"@type\":\"BreadcrumbList\",\"@id\":\"https:\\\/\\\/darkamazi.site\\\/archives\\\/1032537#breadcrumb\",\"itemListElement\":[{\"@type\":\"ListItem\",\"position\":1,\"name\":\"Home\",\"item\":\"https:\\\/\\\/darkamazi.site\\\/\"},{\"@type\":\"ListItem\",\"position\":2,\"name\":\"TSK u\u00e7aklar\u0131 Kobani k\u00f6ylerini vurdu: 3 \u015fehit 5 yaral\u0131\"}]},{\"@type\":\"WebSite\",\"@id\":\"https:\\\/\\\/darkamazi.site\\\/#website\",\"url\":\"https:\\\/\\\/darkamazi.site\\\/\",\"name\":\"Darka Mazi\",\"description\":\"Ana Sayfa\",\"publisher\":{\"@id\":\"https:\\\/\\\/darkamazi.site\\\/#organization\"},\"potentialAction\":[{\"@type\":\"SearchAction\",\"target\":{\"@type\":\"EntryPoint\",\"urlTemplate\":\"https:\\\/\\\/darkamazi.site\\\/?s={search_term_string}\"},\"query-input\":{\"@type\":\"PropertyValueSpecification\",\"valueRequired\":true,\"valueName\":\"search_term_string\"}}],\"inLanguage\":\"en-US\"},{\"@type\":\"Organization\",\"@id\":\"https:\\\/\\\/darkamazi.site\\\/#organization\",\"name\":\"Darka Mazi T\u00fcrk\u00e7e\",\"alternateName\":\"Darka Mazi\",\"url\":\"https:\\\/\\\/darkamazi.site\\\/\",\"logo\":{\"@type\":\"ImageObject\",\"inLanguage\":\"en-US\",\"@id\":\"https:\\\/\\\/darkamazi.site\\\/#\\\/schema\\\/logo\\\/image\\\/\",\"url\":\"https:\\\/\\\/darkamazi.site\\\/darka-content\\\/uploads\\\/2017\\\/12\\\/darka-mazi-logo.png\",\"contentUrl\":\"https:\\\/\\\/darkamazi.site\\\/darka-content\\\/uploads\\\/2017\\\/12\\\/darka-mazi-logo.png\",\"width\":151,\"height\":75,\"caption\":\"Darka Mazi T\u00fcrk\u00e7e\"},\"image\":{\"@id\":\"https:\\\/\\\/darkamazi.site\\\/#\\\/schema\\\/logo\\\/image\\\/\"},\"sameAs\":[\"https:\\\/\\\/www.facebook.com\\\/DarkaMaziturkce\",\"https:\\\/\\\/x.com\\\/DarkaMaziTurkce\"]},{\"@type\":\"Person\",\"@id\":\"https:\\\/\\\/darkamazi.site\\\/#\\\/schema\\\/person\\\/67986a95ac546c16760365877ef4a9d3\",\"name\":\"darka mazi\",\"sameAs\":[\"https:\\\/\\\/darkamazi.site\"],\"url\":\"https:\\\/\\\/darkamazi.site\\\/archives\\\/author\\\/turkish\"}]}<\/script>\n<!-- \/ Yoast SEO plugin. -->","seo_head_json":{"title":"TSK u\u00e7aklar\u0131 Kobani k\u00f6ylerini vurdu: 3 \u015fehit 5 yaral\u0131 - Darka Mazi","robots":{"index":"index","follow":"follow","max-snippet":"max-snippet:-1","max-image-preview":"max-image-preview:large","max-video-preview":"max-video-preview:-1"},"canonical":"https:\/\/darkamazi.site\/archives\/1032537","og_locale":"en_US","og_type":"article","og_title":"TSK u\u00e7aklar\u0131 Kobani k\u00f6ylerini vurdu: 3 \u015fehit 5 yaral\u0131 - Darka Mazi","og_description":"TSK\u2019ya ait sava\u015f u\u00e7aklar\u0131 Kobani&#8217;nin g\u00fcneyindeki bir k\u00f6y\u00fc bombalad\u0131. Bombard\u0131manda aralar\u0131nda \u00e7ocuklar\u0131n da yer ald\u0131\u011f\u0131 ayn\u0131 aileden 3 ki\u015fi \u015fehit d\u00fc\u015ft\u00fc , 5 \u00e7ocuk da yaraland\u0131. Rojava kaynaklar\u0131 Kobani&#8217;nin g\u00fcneyindeki Sirrin kasabas\u0131na ba\u011fl\u0131 El-Mesrab k\u00f6y\u00fcne d\u00fcn ak\u015fam saat 18:00 civar\u0131nda TSK\u2019ya ait sava\u015f u\u00e7aklar\u0131n\u0131n hava sald\u0131r\u0131s\u0131 d\u00fczenlendi\u011fini duyurdu. Sald\u0131r\u0131da, bombalanan bir evde bulunan ayn\u0131 aileden [&hellip;]","og_url":"https:\/\/darkamazi.site\/archives\/1032537","og_site_name":"Darka Mazi","article_publisher":"https:\/\/www.facebook.com\/DarkaMaziturkce","article_published_time":"2025-01-12T12:49:50+00:00","article_modified_time":"2026-03-31T13:17:59+00:00","og_image":[{"width":1200,"height":602,"url":"https:\/\/darkamazi.site\/file\/2025\/01\/bomba.jpg","type":"image\/jpeg"}],"author":"darka mazi","twitter_card":"summary_large_image","twitter_creator":"@DarkaMaziTurkce","twitter_site":"@DarkaMaziTurkce","twitter_misc":{"Written by":"darka mazi","Est. reading time":"1 minute"},"schema":{"@context":"https:\/\/schema.org","@graph":[{"@type":"NewsArticle","@id":"https:\/\/darkamazi.site\/archives\/1032537#article","isPartOf":{"@id":"https:\/\/darkamazi.site\/archives\/1032537"},"author":{"name":"darka mazi","@id":"https:\/\/darkamazi.site\/#\/schema\/person\/67986a95ac546c16760365877ef4a9d3"},"headline":"TSK u\u00e7aklar\u0131 Kobani k\u00f6ylerini vurdu: 3 \u015fehit 5 yaral\u0131","datePublished":"2025-01-12T12:49:50+00:00","dateModified":"2026-03-31T13:17:59+00:00","mainEntityOfPage":{"@id":"https:\/\/darkamazi.site\/archives\/1032537"},"wordCount":242,"publisher":{"@id":"https:\/\/darkamazi.site\/#organization"},"image":{"@id":"https:\/\/darkamazi.site\/archives\/1032537#primaryimage"},"thumbnailUrl":"https:\/\/darkamazi.site\/file\/2025\/01\/bomba.jpg","keywords":["\u00f6nemli"],"articleSection":["Kurdistan"],"inLanguage":"en-US"},{"@type":"WebPage","@id":"https:\/\/darkamazi.site\/archives\/1032537","url":"https:\/\/darkamazi.site\/archives\/1032537","name":"TSK u\u00e7aklar\u0131 Kobani k\u00f6ylerini vurdu: 3 \u015fehit 5 yaral\u0131 - Darka Mazi","isPartOf":{"@id":"https:\/\/darkamazi.site\/#website"},"primaryImageOfPage":{"@id":"https:\/\/darkamazi.site\/archives\/1032537#primaryimage"},"image":{"@id":"https:\/\/darkamazi.site\/archives\/1032537#primaryimage"},"thumbnailUrl":"https:\/\/darkamazi.site\/file\/2025\/01\/bomba.jpg","datePublished":"2025-01-12T12:49:50+00:00","dateModified":"2026-03-31T13:17:59+00:00","breadcrumb":{"@id":"https:\/\/darkamazi.site\/archives\/1032537#breadcrumb"},"inLanguage":"en-US","potentialAction":[{"@type":"ReadAction","target":["https:\/\/darkamazi.site\/archives\/1032537"]}]},{"@type":"ImageObject","inLanguage":"en-US","@id":"https:\/\/darkamazi.site\/archives\/1032537#primaryimage","url":"https:\/\/darkamazi.site\/file\/2025\/01\/bomba.jpg","contentUrl":"https:\/\/darkamazi.site\/file\/2025\/01\/bomba.jpg","width":1200,"height":602,"caption":"U\u00e7aklar Kobani'nin bir k\u00f6y\u00fcn\u00fc bombalad\u0131: 3 ki\u015fi ya\u015fam\u0131n\u0131 yitirdi, 5 yaral\u0131"},{"@type":"BreadcrumbList","@id":"https:\/\/darkamazi.site\/archives\/1032537#breadcrumb","itemListElement":[{"@type":"ListItem","position":1,"name":"Home","item":"https:\/\/darkamazi.site\/"},{"@type":"ListItem","position":2,"name":"TSK u\u00e7aklar\u0131 Kobani k\u00f6ylerini vurdu: 3 \u015fehit 5 yaral\u0131"}]},{"@type":"WebSite","@id":"https:\/\/darkamazi.site\/#website","url":"https:\/\/darkamazi.site\/","name":"Darka Mazi","description":"Ana Sayfa","publisher":{"@id":"https:\/\/darkamazi.site\/#organization"},"potentialAction":[{"@type":"SearchAction","target":{"@type":"EntryPoint","urlTemplate":"https:\/\/darkamazi.site\/?s={search_term_string}"},"query-input":{"@type":"PropertyValueSpecification","valueRequired":true,"valueName":"search_term_string"}}],"inLanguage":"en-US"},{"@type":"Organization","@id":"https:\/\/darkamazi.site\/#organization","name":"Darka Mazi T\u00fcrk\u00e7e","alternateName":"Darka Mazi","url":"https:\/\/darkamazi.site\/","logo":{"@type":"ImageObject","inLanguage":"en-US","@id":"https:\/\/darkamazi.site\/#\/schema\/logo\/image\/","url":"https:\/\/darkamazi.site\/file\/2017\/12\/darka-mazi-logo.png","contentUrl":"https:\/\/darkamazi.site\/file\/2017\/12\/darka-mazi-logo.png","width":151,"height":75,"caption":"Darka Mazi T\u00fcrk\u00e7e"},"image":{"@id":"https:\/\/darkamazi.site\/#\/schema\/logo\/image\/"},"sameAs":["https:\/\/www.facebook.com\/DarkaMaziturkce","https:\/\/x.com\/DarkaMaziTurkce"]},{"@type":"Person","@id":"https:\/\/darkamazi.site\/#\/schema\/person\/67986a95ac546c16760365877ef4a9d3","name":"darka mazi","sameAs":["https:\/\/darkamazi.site"],"url":"https:\/\/darkamazi.site\/archives\/author\/turkish"}]}},"_links":{"self":[{"href":"https:\/\/darkamazi.site\/funavuv\/wp\/v2\/posts\/1032537","targetHints":{"allow":["GET"]}}],"collection":[{"href":"https:\/\/darkamazi.site\/funavuv\/wp\/v2\/posts"}],"about":[{"href":"https:\/\/darkamazi.site\/funavuv\/wp\/v2\/types\/post"}],"author":[{"embeddable":true,"href":"https:\/\/darkamazi.site\/funavuv\/wp\/v2\/users\/2"}],"replies":[{"embeddable":true,"href":"https:\/\/darkamazi.site\/funavuv\/wp\/v2\/comments?post=1032537"}],"version-history":[{"count":0,"href":"https:\/\/darkamazi.site\/funavuv\/wp\/v2\/posts\/1032537\/revisions"}],"wp:featuredmedia":[{"embeddable":true,"href":"https:\/\/darkamazi.site\/funavuv\/wp\/v2\/media\/1032538"}],"wp:attachment":[{"href":"https:\/\/darkamazi.site\/funavuv\/wp\/v2\/media?parent=1032537"}],"wp:term":[{"taxonomy":"category","embeddable":true,"href":"https:\/\/darkamazi.site\/funavuv\/wp\/v2\/categories?post=1032537"},{"taxonomy":"post_tag","embeddable":true,"href":"https:\/\/darkamazi.site\/funavuv\/wp\/v2\/tags?post=1032537"}],"curies":[{"name":"wp","href":"https:\/\/api.w.org\/{rel}","templated":true}]}}