{"id":1032540,"date":"2025-01-12T16:01:17","date_gmt":"2025-01-12T13:01:17","guid":{"rendered":"https:\/\/darkamazi.site\/?p=1032540"},"modified":"2026-03-31T16:17:54","modified_gmt":"2026-03-31T13:17:54","slug":"ozel-erdoganin-siyasi-gelecegi-ile-ocalanin-ozgurlugunun-takas-edilecegi-bir-oyunun-parcasi-olmam","status":"publish","type":"post","link":"https:\/\/darkamazi.site\/archives\/1032540","title":{"rendered":"\u00d6zel: Erdo\u011fan\u2019\u0131n siyasi gelece\u011fi ile \u00d6calan\u2019\u0131n \u00f6zg\u00fcrl\u00fc\u011f\u00fcn\u00fcn takas edilece\u011fi bir oyunun par\u00e7as\u0131 olmam"},"content":{"rendered":"<p style=\"text-align: justify\">Cumhuriyet Halk Partisi (CHP) Genel Ba\u015fkan\u0131 \u00d6zg\u00fcr \u00d6zel, &#8220;Erdo\u011fan\u2019\u0131n siyasi gelece\u011fi ile \u00d6calan\u2019\u0131n \u00f6zg\u00fcrl\u00fc\u011f\u00fcn\u00fcn takas edilece\u011fi bir oyunun par\u00e7as\u0131 olmam.&#8221; dedi.<\/p>\n<p style=\"text-align: justify\">CHP lideri \u00d6zel, 10 Ocak \u00c7al\u0131\u015fan Gazeteciler G\u00fcn\u00fc nedeniyle \u0130zmir Konak&#8217;taki Tarihi Havagaz\u0131 Merkezinde gazetecilerle topland\u0131.<\/p>\n<p style=\"text-align: justify\">Toplant\u0131da T\u00fcrkiye&#8217;de yeni bar\u0131\u015f s\u00fcreciyle ilgili a\u00e7\u0131klamalar yapt\u0131.<\/p>\n<p style=\"text-align: justify\">Yeni \u00e7\u00f6z\u00fcm s\u00fcreci hakk\u0131nda de\u011ferlendirmelerde bulunan \u00d6zg\u00fcr \u00d6zel, \u201cBen bir \u015fehit az gelecekse \u00fczerime d\u00fc\u015fen her i\u015fi yapaca\u011f\u0131m. Ter\u00f6r bitecekse her \u015feyi yapar\u0131m. Kapal\u0131 kap\u0131lar ard\u0131ndan Tayyip Erdo\u011fan\u2019\u0131n siyasi gelece\u011fi ile \u00d6calan\u2019\u0131n \u00f6zg\u00fcrl\u00fc\u011f\u00fcn\u00fcn takas edilece\u011fi bir oyunun par\u00e7as\u0131 olmam. O y\u00fczden meseleyi do\u011fru bir zeminde tart\u0131\u015fmay\u0131 do\u011fru buluyoruz. Birilerinin al ver siyasetinin par\u00e7as\u0131 olmayaca\u011f\u0131z.\u201d ifadelerini kulland\u0131.<\/p>\n<p style=\"text-align: justify\">&#8220;T\u00fcrkiye&#8217;de K\u00fcrt sorunu vard\u0131r, bunun demokrasiyle \u00e7\u00f6z\u00fclmesi gerekir, bunun \u00e7\u00f6z\u00fcm yeri TBMM&#8217;dir.&#8221; diyen \u00d6zg\u00fcr \u00d6zel, \u015f\u00f6yle devam etti:<\/p>\n<p style=\"text-align: justify\">&#8220;K\u00fcrt sorununun \u00e7\u00f6z\u00fcm\u00fc \u015feffaf ve d\u00fcr\u00fcst bir s\u00fcreci gerektirir. Biz bu sorunun bar\u0131\u015f\u00e7\u0131l bir \u015fekilde \u00e7\u00f6z\u00fclmesini istiyoruz, analar\u0131n g\u00f6zya\u015flar\u0131 dinsin, daha fazla kan d\u00f6k\u00fclmesin istiyoruz.&#8221;<\/p>\n<p style=\"text-align: justify\">\u00d6zel, ayr\u0131ca &#8220;ter\u00f6rle m\u00fccadeleye harcanan para ve varl\u0131klar\u0131n milletin menfaatine ve hay\u0131rl\u0131 i\u015flere harcanmas\u0131 gerekti\u011fine&#8221; inand\u0131\u011f\u0131n\u0131 belirtti.<\/p>\n","protected":false},"excerpt":{"rendered":"<p>Cumhuriyet Halk Partisi (CHP) Genel Ba\u015fkan\u0131 \u00d6zg\u00fcr \u00d6zel, &#8220;Erdo\u011fan\u2019\u0131n siyasi gelece\u011fi ile \u00d6calan\u2019\u0131n \u00f6zg\u00fcrl\u00fc\u011f\u00fcn\u00fcn takas edilece\u011fi bir oyunun par\u00e7as\u0131 olmam.&#8221; dedi. CHP lideri \u00d6zel, 10 Ocak \u00c7al\u0131\u015fan Gazeteciler G\u00fcn\u00fc nedeniyle \u0130zmir Konak&#8217;taki Tarihi Havagaz\u0131 Merkezinde gazetecilerle topland\u0131. Toplant\u0131da T\u00fcrkiye&#8217;de yeni bar\u0131\u015f s\u00fcreciyle ilgili a\u00e7\u0131klamalar yapt\u0131. Yeni \u00e7\u00f6z\u00fcm s\u00fcreci hakk\u0131nda de\u011ferlendirmelerde bulunan \u00d6zg\u00fcr \u00d6zel, \u201cBen bir [&hellip;]<\/p>\n","protected":false},"author":2,"featured_media":1032541,"comment_status":"closed","ping_status":"closed","sticky":false,"template":"","format":"standard","meta":{"footnotes":""},"categories":[29],"tags":[31],"class_list":["post-1032540","post","type-post","status-publish","format-standard","has-post-thumbnail","hentry","category-ortadogu","tag-onemli"],"blocksy_meta":[],"seo_head":"<!-- This site is optimized with the Yoast SEO plugin v27.5 - https:\/\/yoast.com\/product\/yoast-seo-wordpress\/ -->\n<title>\u00d6zel: Erdo\u011fan\u2019\u0131n siyasi gelece\u011fi ile \u00d6calan\u2019\u0131n \u00f6zg\u00fcrl\u00fc\u011f\u00fcn\u00fcn takas edilece\u011fi bir oyunun par\u00e7as\u0131 olmam - Darka Mazi<\/title>\n<meta name=\"robots\" content=\"index, follow, max-snippet:-1, max-image-preview:large, max-video-preview:-1\" \/>\n<link rel=\"canonical\" href=\"https:\/\/darkamazi.site\/archives\/1032540\" \/>\n<meta property=\"og:locale\" content=\"en_US\" \/>\n<meta property=\"og:type\" content=\"article\" \/>\n<meta property=\"og:title\" content=\"\u00d6zel: Erdo\u011fan\u2019\u0131n siyasi gelece\u011fi ile \u00d6calan\u2019\u0131n \u00f6zg\u00fcrl\u00fc\u011f\u00fcn\u00fcn takas edilece\u011fi bir oyunun par\u00e7as\u0131 olmam - Darka Mazi\" \/>\n<meta property=\"og:description\" content=\"Cumhuriyet Halk Partisi (CHP) Genel Ba\u015fkan\u0131 \u00d6zg\u00fcr \u00d6zel, &#8220;Erdo\u011fan\u2019\u0131n siyasi gelece\u011fi ile \u00d6calan\u2019\u0131n \u00f6zg\u00fcrl\u00fc\u011f\u00fcn\u00fcn takas edilece\u011fi bir oyunun par\u00e7as\u0131 olmam.&#8221; dedi. CHP lideri \u00d6zel, 10 Ocak \u00c7al\u0131\u015fan Gazeteciler G\u00fcn\u00fc nedeniyle \u0130zmir Konak&#8217;taki Tarihi Havagaz\u0131 Merkezinde gazetecilerle topland\u0131. Toplant\u0131da T\u00fcrkiye&#8217;de yeni bar\u0131\u015f s\u00fcreciyle ilgili a\u00e7\u0131klamalar yapt\u0131. Yeni \u00e7\u00f6z\u00fcm s\u00fcreci hakk\u0131nda de\u011ferlendirmelerde bulunan \u00d6zg\u00fcr \u00d6zel, \u201cBen bir [&hellip;]\" \/>\n<meta property=\"og:url\" content=\"https:\/\/darkamazi.site\/archives\/1032540\" \/>\n<meta property=\"og:site_name\" content=\"Darka Mazi\" \/>\n<meta property=\"article:publisher\" content=\"https:\/\/www.facebook.com\/DarkaMaziturkce\" \/>\n<meta property=\"article:published_time\" content=\"2025-01-12T13:01:17+00:00\" \/>\n<meta property=\"article:modified_time\" content=\"2026-03-31T13:17:54+00:00\" \/>\n<meta property=\"og:image\" content=\"https:\/\/darkamazi.site\/file\/2025\/01\/ozel.jpg\" \/>\n\t<meta property=\"og:image:width\" content=\"900\" \/>\n\t<meta property=\"og:image:height\" content=\"497\" \/>\n\t<meta property=\"og:image:type\" content=\"image\/jpeg\" \/>\n<meta name=\"author\" content=\"darka mazi\" \/>\n<meta name=\"twitter:card\" content=\"summary_large_image\" \/>\n<meta name=\"twitter:creator\" content=\"@DarkaMaziTurkce\" \/>\n<meta name=\"twitter:site\" content=\"@DarkaMaziTurkce\" \/>\n<meta name=\"twitter:label1\" content=\"Written by\" \/>\n\t<meta name=\"twitter:data1\" content=\"darka mazi\" \/>\n\t<meta name=\"twitter:label2\" content=\"Est. reading time\" \/>\n\t<meta name=\"twitter:data2\" content=\"1 minute\" \/>\n<script type=\"application\/ld+json\" class=\"seo-schema-graph\">{\"@context\":\"https:\\\/\\\/schema.org\",\"@graph\":[{\"@type\":\"NewsArticle\",\"@id\":\"https:\\\/\\\/darkamazi.site\\\/archives\\\/1032540#article\",\"isPartOf\":{\"@id\":\"https:\\\/\\\/darkamazi.site\\\/archives\\\/1032540\"},\"author\":{\"name\":\"darka mazi\",\"@id\":\"https:\\\/\\\/darkamazi.site\\\/#\\\/schema\\\/person\\\/67986a95ac546c16760365877ef4a9d3\"},\"headline\":\"\u00d6zel: Erdo\u011fan\u2019\u0131n siyasi gelece\u011fi ile \u00d6calan\u2019\u0131n \u00f6zg\u00fcrl\u00fc\u011f\u00fcn\u00fcn takas edilece\u011fi bir oyunun par\u00e7as\u0131 olmam\",\"datePublished\":\"2025-01-12T13:01:17+00:00\",\"dateModified\":\"2026-03-31T13:17:54+00:00\",\"mainEntityOfPage\":{\"@id\":\"https:\\\/\\\/darkamazi.site\\\/archives\\\/1032540\"},\"wordCount\":257,\"publisher\":{\"@id\":\"https:\\\/\\\/darkamazi.site\\\/#organization\"},\"image\":{\"@id\":\"https:\\\/\\\/darkamazi.site\\\/archives\\\/1032540#primaryimage\"},\"thumbnailUrl\":\"https:\\\/\\\/darkamazi.site\\\/darka-content\\\/uploads\\\/2025\\\/01\\\/ozel.jpg\",\"keywords\":[\"\u00f6nemli\"],\"articleSection\":[\"Ortado\u011fu\"],\"inLanguage\":\"en-US\"},{\"@type\":\"WebPage\",\"@id\":\"https:\\\/\\\/darkamazi.site\\\/archives\\\/1032540\",\"url\":\"https:\\\/\\\/darkamazi.site\\\/archives\\\/1032540\",\"name\":\"\u00d6zel: Erdo\u011fan\u2019\u0131n siyasi gelece\u011fi ile \u00d6calan\u2019\u0131n \u00f6zg\u00fcrl\u00fc\u011f\u00fcn\u00fcn takas edilece\u011fi bir oyunun par\u00e7as\u0131 olmam - Darka Mazi\",\"isPartOf\":{\"@id\":\"https:\\\/\\\/darkamazi.site\\\/#website\"},\"primaryImageOfPage\":{\"@id\":\"https:\\\/\\\/darkamazi.site\\\/archives\\\/1032540#primaryimage\"},\"image\":{\"@id\":\"https:\\\/\\\/darkamazi.site\\\/archives\\\/1032540#primaryimage\"},\"thumbnailUrl\":\"https:\\\/\\\/darkamazi.site\\\/darka-content\\\/uploads\\\/2025\\\/01\\\/ozel.jpg\",\"datePublished\":\"2025-01-12T13:01:17+00:00\",\"dateModified\":\"2026-03-31T13:17:54+00:00\",\"breadcrumb\":{\"@id\":\"https:\\\/\\\/darkamazi.site\\\/archives\\\/1032540#breadcrumb\"},\"inLanguage\":\"en-US\",\"potentialAction\":[{\"@type\":\"ReadAction\",\"target\":[\"https:\\\/\\\/darkamazi.site\\\/archives\\\/1032540\"]}]},{\"@type\":\"ImageObject\",\"inLanguage\":\"en-US\",\"@id\":\"https:\\\/\\\/darkamazi.site\\\/archives\\\/1032540#primaryimage\",\"url\":\"https:\\\/\\\/darkamazi.site\\\/darka-content\\\/uploads\\\/2025\\\/01\\\/ozel.jpg\",\"contentUrl\":\"https:\\\/\\\/darkamazi.site\\\/darka-content\\\/uploads\\\/2025\\\/01\\\/ozel.jpg\",\"width\":900,\"height\":497,\"caption\":\"\u00d6zel: Erdo\u011fan\u2019\u0131n siyasi gelece\u011fi ile \u00d6calan\u2019\u0131n \u00f6zg\u00fcrl\u00fc\u011f\u00fcn\u00fcn takas edilece\u011fi bir oyunun par\u00e7as\u0131 olmam\"},{\"@type\":\"BreadcrumbList\",\"@id\":\"https:\\\/\\\/darkamazi.site\\\/archives\\\/1032540#breadcrumb\",\"itemListElement\":[{\"@type\":\"ListItem\",\"position\":1,\"name\":\"Home\",\"item\":\"https:\\\/\\\/darkamazi.site\\\/\"},{\"@type\":\"ListItem\",\"position\":2,\"name\":\"\u00d6zel: Erdo\u011fan\u2019\u0131n siyasi gelece\u011fi ile \u00d6calan\u2019\u0131n \u00f6zg\u00fcrl\u00fc\u011f\u00fcn\u00fcn takas edilece\u011fi bir oyunun par\u00e7as\u0131 olmam\"}]},{\"@type\":\"WebSite\",\"@id\":\"https:\\\/\\\/darkamazi.site\\\/#website\",\"url\":\"https:\\\/\\\/darkamazi.site\\\/\",\"name\":\"Darka Mazi\",\"description\":\"Ana Sayfa\",\"publisher\":{\"@id\":\"https:\\\/\\\/darkamazi.site\\\/#organization\"},\"potentialAction\":[{\"@type\":\"SearchAction\",\"target\":{\"@type\":\"EntryPoint\",\"urlTemplate\":\"https:\\\/\\\/darkamazi.site\\\/?s={search_term_string}\"},\"query-input\":{\"@type\":\"PropertyValueSpecification\",\"valueRequired\":true,\"valueName\":\"search_term_string\"}}],\"inLanguage\":\"en-US\"},{\"@type\":\"Organization\",\"@id\":\"https:\\\/\\\/darkamazi.site\\\/#organization\",\"name\":\"Darka Mazi T\u00fcrk\u00e7e\",\"alternateName\":\"Darka Mazi\",\"url\":\"https:\\\/\\\/darkamazi.site\\\/\",\"logo\":{\"@type\":\"ImageObject\",\"inLanguage\":\"en-US\",\"@id\":\"https:\\\/\\\/darkamazi.site\\\/#\\\/schema\\\/logo\\\/image\\\/\",\"url\":\"https:\\\/\\\/darkamazi.site\\\/darka-content\\\/uploads\\\/2017\\\/12\\\/darka-mazi-logo.png\",\"contentUrl\":\"https:\\\/\\\/darkamazi.site\\\/darka-content\\\/uploads\\\/2017\\\/12\\\/darka-mazi-logo.png\",\"width\":151,\"height\":75,\"caption\":\"Darka Mazi T\u00fcrk\u00e7e\"},\"image\":{\"@id\":\"https:\\\/\\\/darkamazi.site\\\/#\\\/schema\\\/logo\\\/image\\\/\"},\"sameAs\":[\"https:\\\/\\\/www.facebook.com\\\/DarkaMaziturkce\",\"https:\\\/\\\/x.com\\\/DarkaMaziTurkce\"]},{\"@type\":\"Person\",\"@id\":\"https:\\\/\\\/darkamazi.site\\\/#\\\/schema\\\/person\\\/67986a95ac546c16760365877ef4a9d3\",\"name\":\"darka mazi\",\"sameAs\":[\"https:\\\/\\\/darkamazi.site\"],\"url\":\"https:\\\/\\\/darkamazi.site\\\/archives\\\/author\\\/turkish\"}]}<\/script>\n<!-- \/ Yoast SEO plugin. -->","seo_head_json":{"title":"\u00d6zel: Erdo\u011fan\u2019\u0131n siyasi gelece\u011fi ile \u00d6calan\u2019\u0131n \u00f6zg\u00fcrl\u00fc\u011f\u00fcn\u00fcn takas edilece\u011fi bir oyunun par\u00e7as\u0131 olmam - Darka Mazi","robots":{"index":"index","follow":"follow","max-snippet":"max-snippet:-1","max-image-preview":"max-image-preview:large","max-video-preview":"max-video-preview:-1"},"canonical":"https:\/\/darkamazi.site\/archives\/1032540","og_locale":"en_US","og_type":"article","og_title":"\u00d6zel: Erdo\u011fan\u2019\u0131n siyasi gelece\u011fi ile \u00d6calan\u2019\u0131n \u00f6zg\u00fcrl\u00fc\u011f\u00fcn\u00fcn takas edilece\u011fi bir oyunun par\u00e7as\u0131 olmam - Darka Mazi","og_description":"Cumhuriyet Halk Partisi (CHP) Genel Ba\u015fkan\u0131 \u00d6zg\u00fcr \u00d6zel, &#8220;Erdo\u011fan\u2019\u0131n siyasi gelece\u011fi ile \u00d6calan\u2019\u0131n \u00f6zg\u00fcrl\u00fc\u011f\u00fcn\u00fcn takas edilece\u011fi bir oyunun par\u00e7as\u0131 olmam.&#8221; dedi. CHP lideri \u00d6zel, 10 Ocak \u00c7al\u0131\u015fan Gazeteciler G\u00fcn\u00fc nedeniyle \u0130zmir Konak&#8217;taki Tarihi Havagaz\u0131 Merkezinde gazetecilerle topland\u0131. Toplant\u0131da T\u00fcrkiye&#8217;de yeni bar\u0131\u015f s\u00fcreciyle ilgili a\u00e7\u0131klamalar yapt\u0131. Yeni \u00e7\u00f6z\u00fcm s\u00fcreci hakk\u0131nda de\u011ferlendirmelerde bulunan \u00d6zg\u00fcr \u00d6zel, \u201cBen bir [&hellip;]","og_url":"https:\/\/darkamazi.site\/archives\/1032540","og_site_name":"Darka Mazi","article_publisher":"https:\/\/www.facebook.com\/DarkaMaziturkce","article_published_time":"2025-01-12T13:01:17+00:00","article_modified_time":"2026-03-31T13:17:54+00:00","og_image":[{"width":900,"height":497,"url":"https:\/\/darkamazi.site\/file\/2025\/01\/ozel.jpg","type":"image\/jpeg"}],"author":"darka mazi","twitter_card":"summary_large_image","twitter_creator":"@DarkaMaziTurkce","twitter_site":"@DarkaMaziTurkce","twitter_misc":{"Written by":"darka mazi","Est. reading time":"1 minute"},"schema":{"@context":"https:\/\/schema.org","@graph":[{"@type":"NewsArticle","@id":"https:\/\/darkamazi.site\/archives\/1032540#article","isPartOf":{"@id":"https:\/\/darkamazi.site\/archives\/1032540"},"author":{"name":"darka mazi","@id":"https:\/\/darkamazi.site\/#\/schema\/person\/67986a95ac546c16760365877ef4a9d3"},"headline":"\u00d6zel: Erdo\u011fan\u2019\u0131n siyasi gelece\u011fi ile \u00d6calan\u2019\u0131n \u00f6zg\u00fcrl\u00fc\u011f\u00fcn\u00fcn takas edilece\u011fi bir oyunun par\u00e7as\u0131 olmam","datePublished":"2025-01-12T13:01:17+00:00","dateModified":"2026-03-31T13:17:54+00:00","mainEntityOfPage":{"@id":"https:\/\/darkamazi.site\/archives\/1032540"},"wordCount":257,"publisher":{"@id":"https:\/\/darkamazi.site\/#organization"},"image":{"@id":"https:\/\/darkamazi.site\/archives\/1032540#primaryimage"},"thumbnailUrl":"https:\/\/darkamazi.site\/file\/2025\/01\/ozel.jpg","keywords":["\u00f6nemli"],"articleSection":["Ortado\u011fu"],"inLanguage":"en-US"},{"@type":"WebPage","@id":"https:\/\/darkamazi.site\/archives\/1032540","url":"https:\/\/darkamazi.site\/archives\/1032540","name":"\u00d6zel: Erdo\u011fan\u2019\u0131n siyasi gelece\u011fi ile \u00d6calan\u2019\u0131n \u00f6zg\u00fcrl\u00fc\u011f\u00fcn\u00fcn takas edilece\u011fi bir oyunun par\u00e7as\u0131 olmam - Darka Mazi","isPartOf":{"@id":"https:\/\/darkamazi.site\/#website"},"primaryImageOfPage":{"@id":"https:\/\/darkamazi.site\/archives\/1032540#primaryimage"},"image":{"@id":"https:\/\/darkamazi.site\/archives\/1032540#primaryimage"},"thumbnailUrl":"https:\/\/darkamazi.site\/file\/2025\/01\/ozel.jpg","datePublished":"2025-01-12T13:01:17+00:00","dateModified":"2026-03-31T13:17:54+00:00","breadcrumb":{"@id":"https:\/\/darkamazi.site\/archives\/1032540#breadcrumb"},"inLanguage":"en-US","potentialAction":[{"@type":"ReadAction","target":["https:\/\/darkamazi.site\/archives\/1032540"]}]},{"@type":"ImageObject","inLanguage":"en-US","@id":"https:\/\/darkamazi.site\/archives\/1032540#primaryimage","url":"https:\/\/darkamazi.site\/file\/2025\/01\/ozel.jpg","contentUrl":"https:\/\/darkamazi.site\/file\/2025\/01\/ozel.jpg","width":900,"height":497,"caption":"\u00d6zel: Erdo\u011fan\u2019\u0131n siyasi gelece\u011fi ile \u00d6calan\u2019\u0131n \u00f6zg\u00fcrl\u00fc\u011f\u00fcn\u00fcn takas edilece\u011fi bir oyunun par\u00e7as\u0131 olmam"},{"@type":"BreadcrumbList","@id":"https:\/\/darkamazi.site\/archives\/1032540#breadcrumb","itemListElement":[{"@type":"ListItem","position":1,"name":"Home","item":"https:\/\/darkamazi.site\/"},{"@type":"ListItem","position":2,"name":"\u00d6zel: Erdo\u011fan\u2019\u0131n siyasi gelece\u011fi ile \u00d6calan\u2019\u0131n \u00f6zg\u00fcrl\u00fc\u011f\u00fcn\u00fcn takas edilece\u011fi bir oyunun par\u00e7as\u0131 olmam"}]},{"@type":"WebSite","@id":"https:\/\/darkamazi.site\/#website","url":"https:\/\/darkamazi.site\/","name":"Darka Mazi","description":"Ana Sayfa","publisher":{"@id":"https:\/\/darkamazi.site\/#organization"},"potentialAction":[{"@type":"SearchAction","target":{"@type":"EntryPoint","urlTemplate":"https:\/\/darkamazi.site\/?s={search_term_string}"},"query-input":{"@type":"PropertyValueSpecification","valueRequired":true,"valueName":"search_term_string"}}],"inLanguage":"en-US"},{"@type":"Organization","@id":"https:\/\/darkamazi.site\/#organization","name":"Darka Mazi T\u00fcrk\u00e7e","alternateName":"Darka Mazi","url":"https:\/\/darkamazi.site\/","logo":{"@type":"ImageObject","inLanguage":"en-US","@id":"https:\/\/darkamazi.site\/#\/schema\/logo\/image\/","url":"https:\/\/darkamazi.site\/file\/2017\/12\/darka-mazi-logo.png","contentUrl":"https:\/\/darkamazi.site\/file\/2017\/12\/darka-mazi-logo.png","width":151,"height":75,"caption":"Darka Mazi T\u00fcrk\u00e7e"},"image":{"@id":"https:\/\/darkamazi.site\/#\/schema\/logo\/image\/"},"sameAs":["https:\/\/www.facebook.com\/DarkaMaziturkce","https:\/\/x.com\/DarkaMaziTurkce"]},{"@type":"Person","@id":"https:\/\/darkamazi.site\/#\/schema\/person\/67986a95ac546c16760365877ef4a9d3","name":"darka mazi","sameAs":["https:\/\/darkamazi.site"],"url":"https:\/\/darkamazi.site\/archives\/author\/turkish"}]}},"_links":{"self":[{"href":"https:\/\/darkamazi.site\/funavuv\/wp\/v2\/posts\/1032540","targetHints":{"allow":["GET"]}}],"collection":[{"href":"https:\/\/darkamazi.site\/funavuv\/wp\/v2\/posts"}],"about":[{"href":"https:\/\/darkamazi.site\/funavuv\/wp\/v2\/types\/post"}],"author":[{"embeddable":true,"href":"https:\/\/darkamazi.site\/funavuv\/wp\/v2\/users\/2"}],"replies":[{"embeddable":true,"href":"https:\/\/darkamazi.site\/funavuv\/wp\/v2\/comments?post=1032540"}],"version-history":[{"count":0,"href":"https:\/\/darkamazi.site\/funavuv\/wp\/v2\/posts\/1032540\/revisions"}],"wp:featuredmedia":[{"embeddable":true,"href":"https:\/\/darkamazi.site\/funavuv\/wp\/v2\/media\/1032541"}],"wp:attachment":[{"href":"https:\/\/darkamazi.site\/funavuv\/wp\/v2\/media?parent=1032540"}],"wp:term":[{"taxonomy":"category","embeddable":true,"href":"https:\/\/darkamazi.site\/funavuv\/wp\/v2\/categories?post=1032540"},{"taxonomy":"post_tag","embeddable":true,"href":"https:\/\/darkamazi.site\/funavuv\/wp\/v2\/tags?post=1032540"}],"curies":[{"name":"wp","href":"https:\/\/api.w.org\/{rel}","templated":true}]}}