{"id":1032564,"date":"2025-01-14T09:06:46","date_gmt":"2025-01-14T06:06:46","guid":{"rendered":"https:\/\/darkamazi.site\/?p=1032564"},"modified":"2025-01-14T09:06:46","modified_gmt":"2025-01-14T06:06:46","slug":"kurt-muziginin-onemli-ismi-kerim-kabanin-vefatinin-uzerinden-9-yil-gecti","status":"publish","type":"post","link":"https:\/\/darkamazi.site\/archives\/1032564","title":{"rendered":"K\u00fcrt M\u00fczi\u011fi\u2019nin \u00f6nemli ismi Kerim Kaban\u2019\u0131n vefat\u0131n\u0131n \u00fczerinden 9 y\u0131l ge\u00e7ti"},"content":{"rendered":"<p style=\"text-align: justify\">Sevdan\u0131n sanat\u00e7\u0131s\u0131 olarak bilinen Kerim Kaban K\u00fcrt m\u00fczi\u011finde Sorani eserler s\u00f6yleyen \u00f6nemli bir sanat\u00e7\u0131yd\u0131.<\/p>\n<p style=\"text-align: justify\">Abdulkerim Celal Mahmut Aziz Kaban (Kerim Kaban) 1927 y\u0131l\u0131nda S\u00fcleymaniye\u2019nin \u015eexan mahallesinde orta halli bir ailenin \u00e7ocu\u011fu olarak d\u00fcnyaya geldi. Dini gelenekten gelen bir ailenin \u00e7ocu\u011fu olan Kaban, ilk e\u011fitimini medresede ald\u0131. 7 ya\u015f\u0131nda Faysal ilk\u00f6\u011fretim okulunda \u00f6\u011frenime ba\u015flayan Kerim Kaban, m\u00fczi\u011fe olan b\u00fcy\u00fck ilgisinden sahneye \u00e7ocuk ya\u015fta \u00e7\u0131kar. 1941 y\u0131l\u0131nda S\u00fcleymaniye radyosunda ilk kez \u015fark\u0131 s\u00f6ylemeye ba\u015flar. 1945 y\u0131l\u0131nda Ba\u011fdat\u2019 radyosunun K\u00fcrt\u00e7e b\u00f6l\u00fcm\u00fcn\u00fcn edit\u00f6rl\u00fc\u011f\u00fcn\u00fc yapmaya ba\u015flayan sanat\u00e7\u0131, ilk konserini de ayn\u0131 y\u0131l Ba\u011fdat\u2019ta verir ve 8 eserden olu\u015fan \u2018Reya \u00cav\u00eendara\u2019 isimli ilk kasetini \u00e7\u0131kar\u0131r.<\/p>\n<p style=\"text-align: justify\">D\u00f6nemin Irak Baas rejimi taraf\u0131ndan K\u00fcrt kimli\u011fi y\u00fcz\u00fcnden bir\u00e7ok kez devlet taraf\u0131ndan g\u00f6zalt\u0131na al\u0131nan ve bask\u0131ya maruz kalan sanat\u00e7\u0131, gen\u00e7lik y\u0131llar\u0131nda ailesi rejim taraf\u0131ndan Irak\u2019\u0131n g\u00fcneyine s\u00fcrg\u00fcn edilir. 28 \u015eubat 1981 y\u0131l\u0131nda Irak rejimi taraf\u0131ndan Kadir Kaban isimli erkek karde\u015fi g\u00f6zalt\u0131na al\u0131n\u0131r ve 1 Temmuz 1981 y\u0131l\u0131nda Irak rejimi Kaban\u2019\u0131n ailesine o\u011fullar\u0131n\u0131 idam ettiklerini bildirir. Kerim Kaban\u2019\u0131n karde\u015fi olan Kadir Kaban\u2019\u0131n cenazesini alamamak hem ailede hem de Kerim Kaban\u2019da b\u00fcy\u00fck bir yaraya yol a\u00e7ar.<\/p>\n<p style=\"text-align: justify\">Kerim Kaban\u2019\u0131n eserleri<\/p>\n<p style=\"text-align: justify\">S\u00f6zlerini kendisinin yaz\u0131p s\u00f6yledi\u011fi 20 eseri olan K\u00fcrt sanat\u00e7\u0131 Kerim Kaban\u2019\u0131n en me\u015fhur \u015fark\u0131lar\u0131 ve halktaraf\u0131ndan b\u00fcy\u00fck bir hayranl\u0131kla dinlenip farkl\u0131 sanat\u00e7\u0131lar taraf\u0131ndan da daha sonra s\u00f6ylenen en me\u015fhur \u015fark\u0131lar\u0131 \u2018Yaran Wesyetim, \u015eem\u00ee \u015eevan ve Teman\u2019 isimli \u015fark\u0131lar\u0131d\u0131r.<\/p>\n<p style=\"text-align: justify\">Ya\u015farken heykeli yap\u0131ld\u0131<\/p>\n<p style=\"text-align: justify\">K\u00fcrt sanat\u00e7\u0131 Kerim Kaban, eserleriyle K\u00fcrt m\u00fczi\u011fine ve sanat\u0131na yapm\u0131\u015f oldu\u011fu katk\u0131lar\u0131ndan dolay\u0131 ya\u015farken heykeli yap\u0131ld\u0131. S\u00fcleymaniye\u2019nin Park\u00ea Azad\u00ee park\u0131nda bulunan heykeli, K\u00fcrt m\u00fczi\u011fine ve sanat\u0131na yapm\u0131\u015f oldu\u011fu katk\u0131ya bir te\u015fekk\u00fcr ve vefayen yap\u0131l\u0131r. Yan\u0131 s\u0131ra S\u00fcleymaniye belediyesi taraf\u0131ndan \u2018Kerim Kaban\u2019 isimli bir park in\u015fa edilir.<\/p>\n<p style=\"text-align: justify\">S\u00fcleymaniye m\u00fczik grubu ve K\u00fcrt sanat\u00e7\u0131lar sendikas\u0131 \u00fcyesi olan Kerim Kaban, K\u00fcrt sanat\u0131na m\u00fczi\u011fine yapm\u0131\u015f oldu\u011fu katk\u0131lardan dolay\u0131 Irak ve K\u00fcrdistan b\u00f6lgesi K\u00fclt\u00fcr Sanat bakanl\u0131\u011f\u0131 taraf\u0131ndan bir\u00e7ok \u00f6d\u00fcl al\u0131r.<\/p>\n<p style=\"text-align: justify\">\u00d6mr\u00fcn\u00fc K\u00fcrt m\u00fczi\u011fine ve sanat\u0131na adayan sanat\u00e7\u0131 Kerim Kaban, 14 Ocak 2016 tarihinde 89 ya\u015f\u0131ndayken do\u011fdu\u011fu topraklarda hayata ve sanata veda etti. K\u00fcrt k\u00fclt\u00fcrel miras\u0131na ad\u0131n\u0131 ve \u015fark\u0131lar\u0131n\u0131 b\u0131rakt\u0131.<\/p>\n","protected":false},"excerpt":{"rendered":"<p>Sevdan\u0131n sanat\u00e7\u0131s\u0131 olarak bilinen Kerim Kaban K\u00fcrt m\u00fczi\u011finde Sorani eserler s\u00f6yleyen \u00f6nemli bir sanat\u00e7\u0131yd\u0131. Abdulkerim Celal Mahmut Aziz Kaban (Kerim Kaban) 1927 y\u0131l\u0131nda S\u00fcleymaniye\u2019nin \u015eexan mahallesinde orta halli bir ailenin \u00e7ocu\u011fu olarak d\u00fcnyaya geldi. Dini gelenekten gelen bir ailenin \u00e7ocu\u011fu olan Kaban, ilk e\u011fitimini medresede ald\u0131. 7 ya\u015f\u0131nda Faysal ilk\u00f6\u011fretim okulunda \u00f6\u011frenime ba\u015flayan Kerim Kaban, [&hellip;]<\/p>\n","protected":false},"author":2,"featured_media":1032565,"comment_status":"closed","ping_status":"closed","sticky":false,"template":"","format":"standard","meta":{"footnotes":""},"categories":[33],"tags":[31],"class_list":["post-1032564","post","type-post","status-publish","format-standard","has-post-thumbnail","hentry","category-sanat","tag-onemli"],"blocksy_meta":[],"seo_head":"<!-- This site is optimized with the Yoast SEO plugin v27.5 - https:\/\/yoast.com\/product\/yoast-seo-wordpress\/ -->\n<title>K\u00fcrt M\u00fczi\u011fi\u2019nin \u00f6nemli ismi Kerim Kaban\u2019\u0131n vefat\u0131n\u0131n \u00fczerinden 9 y\u0131l ge\u00e7ti - Darka Mazi<\/title>\n<meta name=\"robots\" content=\"index, follow, max-snippet:-1, max-image-preview:large, max-video-preview:-1\" \/>\n<link rel=\"canonical\" href=\"https:\/\/darkamazi.site\/archives\/1032564\" \/>\n<meta property=\"og:locale\" content=\"en_US\" \/>\n<meta property=\"og:type\" content=\"article\" \/>\n<meta property=\"og:title\" content=\"K\u00fcrt M\u00fczi\u011fi\u2019nin \u00f6nemli ismi Kerim Kaban\u2019\u0131n vefat\u0131n\u0131n \u00fczerinden 9 y\u0131l ge\u00e7ti - Darka Mazi\" \/>\n<meta property=\"og:description\" content=\"Sevdan\u0131n sanat\u00e7\u0131s\u0131 olarak bilinen Kerim Kaban K\u00fcrt m\u00fczi\u011finde Sorani eserler s\u00f6yleyen \u00f6nemli bir sanat\u00e7\u0131yd\u0131. Abdulkerim Celal Mahmut Aziz Kaban (Kerim Kaban) 1927 y\u0131l\u0131nda S\u00fcleymaniye\u2019nin \u015eexan mahallesinde orta halli bir ailenin \u00e7ocu\u011fu olarak d\u00fcnyaya geldi. Dini gelenekten gelen bir ailenin \u00e7ocu\u011fu olan Kaban, ilk e\u011fitimini medresede ald\u0131. 7 ya\u015f\u0131nda Faysal ilk\u00f6\u011fretim okulunda \u00f6\u011frenime ba\u015flayan Kerim Kaban, [&hellip;]\" \/>\n<meta property=\"og:url\" content=\"https:\/\/darkamazi.site\/archives\/1032564\" \/>\n<meta property=\"og:site_name\" content=\"Darka Mazi\" \/>\n<meta property=\"article:publisher\" content=\"https:\/\/www.facebook.com\/DarkaMaziturkce\" \/>\n<meta property=\"article:published_time\" content=\"2025-01-14T06:06:46+00:00\" \/>\n<meta property=\"og:image\" content=\"https:\/\/darkamazi.site\/file\/2025\/01\/Kerim-Kaban.jpg\" \/>\n\t<meta property=\"og:image:width\" content=\"750\" \/>\n\t<meta property=\"og:image:height\" content=\"430\" \/>\n\t<meta property=\"og:image:type\" content=\"image\/jpeg\" \/>\n<meta name=\"author\" content=\"darka mazi\" \/>\n<meta name=\"twitter:card\" content=\"summary_large_image\" \/>\n<meta name=\"twitter:creator\" content=\"@DarkaMaziTurkce\" \/>\n<meta name=\"twitter:site\" content=\"@DarkaMaziTurkce\" \/>\n<meta name=\"twitter:label1\" content=\"Written by\" \/>\n\t<meta name=\"twitter:data1\" content=\"darka mazi\" \/>\n\t<meta name=\"twitter:label2\" content=\"Est. reading time\" \/>\n\t<meta name=\"twitter:data2\" content=\"2 minutes\" \/>\n<script type=\"application\/ld+json\" class=\"seo-schema-graph\">{\"@context\":\"https:\\\/\\\/schema.org\",\"@graph\":[{\"@type\":\"NewsArticle\",\"@id\":\"https:\\\/\\\/darkamazi.site\\\/archives\\\/1032564#article\",\"isPartOf\":{\"@id\":\"https:\\\/\\\/darkamazi.site\\\/archives\\\/1032564\"},\"author\":{\"name\":\"darka mazi\",\"@id\":\"https:\\\/\\\/darkamazi.site\\\/#\\\/schema\\\/person\\\/67986a95ac546c16760365877ef4a9d3\"},\"headline\":\"K\u00fcrt M\u00fczi\u011fi\u2019nin \u00f6nemli ismi Kerim Kaban\u2019\u0131n vefat\u0131n\u0131n \u00fczerinden 9 y\u0131l ge\u00e7ti\",\"datePublished\":\"2025-01-14T06:06:46+00:00\",\"mainEntityOfPage\":{\"@id\":\"https:\\\/\\\/darkamazi.site\\\/archives\\\/1032564\"},\"wordCount\":497,\"publisher\":{\"@id\":\"https:\\\/\\\/darkamazi.site\\\/#organization\"},\"image\":{\"@id\":\"https:\\\/\\\/darkamazi.site\\\/archives\\\/1032564#primaryimage\"},\"thumbnailUrl\":\"https:\\\/\\\/darkamazi.site\\\/darka-content\\\/uploads\\\/2025\\\/01\\\/Kerim-Kaban.jpg\",\"keywords\":[\"\u00f6nemli\"],\"articleSection\":[\"Sanat\"],\"inLanguage\":\"en-US\"},{\"@type\":\"WebPage\",\"@id\":\"https:\\\/\\\/darkamazi.site\\\/archives\\\/1032564\",\"url\":\"https:\\\/\\\/darkamazi.site\\\/archives\\\/1032564\",\"name\":\"K\u00fcrt M\u00fczi\u011fi\u2019nin \u00f6nemli ismi Kerim Kaban\u2019\u0131n vefat\u0131n\u0131n \u00fczerinden 9 y\u0131l ge\u00e7ti - Darka Mazi\",\"isPartOf\":{\"@id\":\"https:\\\/\\\/darkamazi.site\\\/#website\"},\"primaryImageOfPage\":{\"@id\":\"https:\\\/\\\/darkamazi.site\\\/archives\\\/1032564#primaryimage\"},\"image\":{\"@id\":\"https:\\\/\\\/darkamazi.site\\\/archives\\\/1032564#primaryimage\"},\"thumbnailUrl\":\"https:\\\/\\\/darkamazi.site\\\/darka-content\\\/uploads\\\/2025\\\/01\\\/Kerim-Kaban.jpg\",\"datePublished\":\"2025-01-14T06:06:46+00:00\",\"breadcrumb\":{\"@id\":\"https:\\\/\\\/darkamazi.site\\\/archives\\\/1032564#breadcrumb\"},\"inLanguage\":\"en-US\",\"potentialAction\":[{\"@type\":\"ReadAction\",\"target\":[\"https:\\\/\\\/darkamazi.site\\\/archives\\\/1032564\"]}]},{\"@type\":\"ImageObject\",\"inLanguage\":\"en-US\",\"@id\":\"https:\\\/\\\/darkamazi.site\\\/archives\\\/1032564#primaryimage\",\"url\":\"https:\\\/\\\/darkamazi.site\\\/darka-content\\\/uploads\\\/2025\\\/01\\\/Kerim-Kaban.jpg\",\"contentUrl\":\"https:\\\/\\\/darkamazi.site\\\/darka-content\\\/uploads\\\/2025\\\/01\\\/Kerim-Kaban.jpg\",\"width\":750,\"height\":430,\"caption\":\"K\u00fcrt M\u00fczi\u011fi\u2019nin \u00f6nemli ismi Kerim Kaban\u2019\u0131n vefat\u0131n\u0131n \u00fczerinden 9 y\u0131l ge\u00e7ti\"},{\"@type\":\"BreadcrumbList\",\"@id\":\"https:\\\/\\\/darkamazi.site\\\/archives\\\/1032564#breadcrumb\",\"itemListElement\":[{\"@type\":\"ListItem\",\"position\":1,\"name\":\"Home\",\"item\":\"https:\\\/\\\/darkamazi.site\\\/\"},{\"@type\":\"ListItem\",\"position\":2,\"name\":\"K\u00fcrt M\u00fczi\u011fi\u2019nin \u00f6nemli ismi Kerim Kaban\u2019\u0131n vefat\u0131n\u0131n \u00fczerinden 9 y\u0131l ge\u00e7ti\"}]},{\"@type\":\"WebSite\",\"@id\":\"https:\\\/\\\/darkamazi.site\\\/#website\",\"url\":\"https:\\\/\\\/darkamazi.site\\\/\",\"name\":\"Darka Mazi\",\"description\":\"Ana Sayfa\",\"publisher\":{\"@id\":\"https:\\\/\\\/darkamazi.site\\\/#organization\"},\"potentialAction\":[{\"@type\":\"SearchAction\",\"target\":{\"@type\":\"EntryPoint\",\"urlTemplate\":\"https:\\\/\\\/darkamazi.site\\\/?s={search_term_string}\"},\"query-input\":{\"@type\":\"PropertyValueSpecification\",\"valueRequired\":true,\"valueName\":\"search_term_string\"}}],\"inLanguage\":\"en-US\"},{\"@type\":\"Organization\",\"@id\":\"https:\\\/\\\/darkamazi.site\\\/#organization\",\"name\":\"Darka Mazi T\u00fcrk\u00e7e\",\"alternateName\":\"Darka Mazi\",\"url\":\"https:\\\/\\\/darkamazi.site\\\/\",\"logo\":{\"@type\":\"ImageObject\",\"inLanguage\":\"en-US\",\"@id\":\"https:\\\/\\\/darkamazi.site\\\/#\\\/schema\\\/logo\\\/image\\\/\",\"url\":\"https:\\\/\\\/darkamazi.site\\\/darka-content\\\/uploads\\\/2017\\\/12\\\/darka-mazi-logo.png\",\"contentUrl\":\"https:\\\/\\\/darkamazi.site\\\/darka-content\\\/uploads\\\/2017\\\/12\\\/darka-mazi-logo.png\",\"width\":151,\"height\":75,\"caption\":\"Darka Mazi T\u00fcrk\u00e7e\"},\"image\":{\"@id\":\"https:\\\/\\\/darkamazi.site\\\/#\\\/schema\\\/logo\\\/image\\\/\"},\"sameAs\":[\"https:\\\/\\\/www.facebook.com\\\/DarkaMaziturkce\",\"https:\\\/\\\/x.com\\\/DarkaMaziTurkce\"]},{\"@type\":\"Person\",\"@id\":\"https:\\\/\\\/darkamazi.site\\\/#\\\/schema\\\/person\\\/67986a95ac546c16760365877ef4a9d3\",\"name\":\"darka mazi\",\"sameAs\":[\"https:\\\/\\\/darkamazi.site\"],\"url\":\"https:\\\/\\\/darkamazi.site\\\/archives\\\/author\\\/turkish\"}]}<\/script>\n<!-- \/ Yoast SEO plugin. -->","seo_head_json":{"title":"K\u00fcrt M\u00fczi\u011fi\u2019nin \u00f6nemli ismi Kerim Kaban\u2019\u0131n vefat\u0131n\u0131n \u00fczerinden 9 y\u0131l ge\u00e7ti - Darka Mazi","robots":{"index":"index","follow":"follow","max-snippet":"max-snippet:-1","max-image-preview":"max-image-preview:large","max-video-preview":"max-video-preview:-1"},"canonical":"https:\/\/darkamazi.site\/archives\/1032564","og_locale":"en_US","og_type":"article","og_title":"K\u00fcrt M\u00fczi\u011fi\u2019nin \u00f6nemli ismi Kerim Kaban\u2019\u0131n vefat\u0131n\u0131n \u00fczerinden 9 y\u0131l ge\u00e7ti - Darka Mazi","og_description":"Sevdan\u0131n sanat\u00e7\u0131s\u0131 olarak bilinen Kerim Kaban K\u00fcrt m\u00fczi\u011finde Sorani eserler s\u00f6yleyen \u00f6nemli bir sanat\u00e7\u0131yd\u0131. Abdulkerim Celal Mahmut Aziz Kaban (Kerim Kaban) 1927 y\u0131l\u0131nda S\u00fcleymaniye\u2019nin \u015eexan mahallesinde orta halli bir ailenin \u00e7ocu\u011fu olarak d\u00fcnyaya geldi. Dini gelenekten gelen bir ailenin \u00e7ocu\u011fu olan Kaban, ilk e\u011fitimini medresede ald\u0131. 7 ya\u015f\u0131nda Faysal ilk\u00f6\u011fretim okulunda \u00f6\u011frenime ba\u015flayan Kerim Kaban, [&hellip;]","og_url":"https:\/\/darkamazi.site\/archives\/1032564","og_site_name":"Darka Mazi","article_publisher":"https:\/\/www.facebook.com\/DarkaMaziturkce","article_published_time":"2025-01-14T06:06:46+00:00","og_image":[{"width":750,"height":430,"url":"https:\/\/darkamazi.site\/file\/2025\/01\/Kerim-Kaban.jpg","type":"image\/jpeg"}],"author":"darka mazi","twitter_card":"summary_large_image","twitter_creator":"@DarkaMaziTurkce","twitter_site":"@DarkaMaziTurkce","twitter_misc":{"Written by":"darka mazi","Est. reading time":"2 minutes"},"schema":{"@context":"https:\/\/schema.org","@graph":[{"@type":"NewsArticle","@id":"https:\/\/darkamazi.site\/archives\/1032564#article","isPartOf":{"@id":"https:\/\/darkamazi.site\/archives\/1032564"},"author":{"name":"darka mazi","@id":"https:\/\/darkamazi.site\/#\/schema\/person\/67986a95ac546c16760365877ef4a9d3"},"headline":"K\u00fcrt M\u00fczi\u011fi\u2019nin \u00f6nemli ismi Kerim Kaban\u2019\u0131n vefat\u0131n\u0131n \u00fczerinden 9 y\u0131l ge\u00e7ti","datePublished":"2025-01-14T06:06:46+00:00","mainEntityOfPage":{"@id":"https:\/\/darkamazi.site\/archives\/1032564"},"wordCount":497,"publisher":{"@id":"https:\/\/darkamazi.site\/#organization"},"image":{"@id":"https:\/\/darkamazi.site\/archives\/1032564#primaryimage"},"thumbnailUrl":"https:\/\/darkamazi.site\/file\/2025\/01\/Kerim-Kaban.jpg","keywords":["\u00f6nemli"],"articleSection":["Sanat"],"inLanguage":"en-US"},{"@type":"WebPage","@id":"https:\/\/darkamazi.site\/archives\/1032564","url":"https:\/\/darkamazi.site\/archives\/1032564","name":"K\u00fcrt M\u00fczi\u011fi\u2019nin \u00f6nemli ismi Kerim Kaban\u2019\u0131n vefat\u0131n\u0131n \u00fczerinden 9 y\u0131l ge\u00e7ti - Darka Mazi","isPartOf":{"@id":"https:\/\/darkamazi.site\/#website"},"primaryImageOfPage":{"@id":"https:\/\/darkamazi.site\/archives\/1032564#primaryimage"},"image":{"@id":"https:\/\/darkamazi.site\/archives\/1032564#primaryimage"},"thumbnailUrl":"https:\/\/darkamazi.site\/file\/2025\/01\/Kerim-Kaban.jpg","datePublished":"2025-01-14T06:06:46+00:00","breadcrumb":{"@id":"https:\/\/darkamazi.site\/archives\/1032564#breadcrumb"},"inLanguage":"en-US","potentialAction":[{"@type":"ReadAction","target":["https:\/\/darkamazi.site\/archives\/1032564"]}]},{"@type":"ImageObject","inLanguage":"en-US","@id":"https:\/\/darkamazi.site\/archives\/1032564#primaryimage","url":"https:\/\/darkamazi.site\/file\/2025\/01\/Kerim-Kaban.jpg","contentUrl":"https:\/\/darkamazi.site\/file\/2025\/01\/Kerim-Kaban.jpg","width":750,"height":430,"caption":"K\u00fcrt M\u00fczi\u011fi\u2019nin \u00f6nemli ismi Kerim Kaban\u2019\u0131n vefat\u0131n\u0131n \u00fczerinden 9 y\u0131l ge\u00e7ti"},{"@type":"BreadcrumbList","@id":"https:\/\/darkamazi.site\/archives\/1032564#breadcrumb","itemListElement":[{"@type":"ListItem","position":1,"name":"Home","item":"https:\/\/darkamazi.site\/"},{"@type":"ListItem","position":2,"name":"K\u00fcrt M\u00fczi\u011fi\u2019nin \u00f6nemli ismi Kerim Kaban\u2019\u0131n vefat\u0131n\u0131n \u00fczerinden 9 y\u0131l ge\u00e7ti"}]},{"@type":"WebSite","@id":"https:\/\/darkamazi.site\/#website","url":"https:\/\/darkamazi.site\/","name":"Darka Mazi","description":"Ana Sayfa","publisher":{"@id":"https:\/\/darkamazi.site\/#organization"},"potentialAction":[{"@type":"SearchAction","target":{"@type":"EntryPoint","urlTemplate":"https:\/\/darkamazi.site\/?s={search_term_string}"},"query-input":{"@type":"PropertyValueSpecification","valueRequired":true,"valueName":"search_term_string"}}],"inLanguage":"en-US"},{"@type":"Organization","@id":"https:\/\/darkamazi.site\/#organization","name":"Darka Mazi T\u00fcrk\u00e7e","alternateName":"Darka Mazi","url":"https:\/\/darkamazi.site\/","logo":{"@type":"ImageObject","inLanguage":"en-US","@id":"https:\/\/darkamazi.site\/#\/schema\/logo\/image\/","url":"https:\/\/darkamazi.site\/file\/2017\/12\/darka-mazi-logo.png","contentUrl":"https:\/\/darkamazi.site\/file\/2017\/12\/darka-mazi-logo.png","width":151,"height":75,"caption":"Darka Mazi T\u00fcrk\u00e7e"},"image":{"@id":"https:\/\/darkamazi.site\/#\/schema\/logo\/image\/"},"sameAs":["https:\/\/www.facebook.com\/DarkaMaziturkce","https:\/\/x.com\/DarkaMaziTurkce"]},{"@type":"Person","@id":"https:\/\/darkamazi.site\/#\/schema\/person\/67986a95ac546c16760365877ef4a9d3","name":"darka mazi","sameAs":["https:\/\/darkamazi.site"],"url":"https:\/\/darkamazi.site\/archives\/author\/turkish"}]}},"_links":{"self":[{"href":"https:\/\/darkamazi.site\/funavuv\/wp\/v2\/posts\/1032564","targetHints":{"allow":["GET"]}}],"collection":[{"href":"https:\/\/darkamazi.site\/funavuv\/wp\/v2\/posts"}],"about":[{"href":"https:\/\/darkamazi.site\/funavuv\/wp\/v2\/types\/post"}],"author":[{"embeddable":true,"href":"https:\/\/darkamazi.site\/funavuv\/wp\/v2\/users\/2"}],"replies":[{"embeddable":true,"href":"https:\/\/darkamazi.site\/funavuv\/wp\/v2\/comments?post=1032564"}],"version-history":[{"count":0,"href":"https:\/\/darkamazi.site\/funavuv\/wp\/v2\/posts\/1032564\/revisions"}],"wp:featuredmedia":[{"embeddable":true,"href":"https:\/\/darkamazi.site\/funavuv\/wp\/v2\/media\/1032565"}],"wp:attachment":[{"href":"https:\/\/darkamazi.site\/funavuv\/wp\/v2\/media?parent=1032564"}],"wp:term":[{"taxonomy":"category","embeddable":true,"href":"https:\/\/darkamazi.site\/funavuv\/wp\/v2\/categories?post=1032564"},{"taxonomy":"post_tag","embeddable":true,"href":"https:\/\/darkamazi.site\/funavuv\/wp\/v2\/tags?post=1032564"}],"curies":[{"name":"wp","href":"https:\/\/api.w.org\/{rel}","templated":true}]}}