{"id":1032575,"date":"2025-01-15T17:21:35","date_gmt":"2025-01-15T14:21:35","guid":{"rendered":"https:\/\/darkamazi.site\/?p=1032575"},"modified":"2026-03-31T16:17:54","modified_gmt":"2026-03-31T13:17:54","slug":"iddia-erdogandan-milletvekillerine-ocalan-da-cikmak-istemiyor-ev-hapsi-mev-hapsi-yok-dem-heyeti-sureci-iyi-yonetiyor","status":"publish","type":"post","link":"https:\/\/darkamazi.site\/archives\/1032575","title":{"rendered":"\ud83d\udccc\u0130ddia: Erdo\u011fan, AKP milletvekillerine, &#8220;\u00d6calan da \u00e7\u0131kmak istemiyor, ev hapsi, mev hapsi yok&#8221; dedi"},"content":{"rendered":"<p>H\u00fcrriyet yazar\u0131 Abdulkadir Selvi, milletvekilleriyle kahvalt\u0131da bir araya gelen Cumhurba\u015fkan\u0131 ve AKP Genel Ba\u015fkan\u0131 Recep Tayyip Erdo\u011fan\u2019\u0131n, MHP Genel Ba\u015fkan\u0131 Devlet Bah\u00e7eli\u2019nin \u0130mral\u0131 ile ba\u015flatt\u0131\u011f\u0131 s\u00fcre\u00e7le ilgili sorular\u0131n\u0131 yan\u0131tlad\u0131\u011f\u0131n\u0131 s\u00f6yledi.<\/p>\n<p>Abd\u00fclkadir Selvi\u2019nin aktard\u0131\u011f\u0131na g\u00f6re, Erdo\u011fan, MHP liderinin \u201csilahlar\u0131 b\u0131rakacaklar\u0131n\u0131 a\u00e7\u0131klamas\u0131\u201d \u00e7a\u011fr\u0131s\u0131nda bulundu\u011fu PKK lideri Abdullah \u00d6calan\u2019\u0131n \u201cev hapsine \u00e7\u0131kaca\u011f\u0131\u201d s\u00f6ylentileri i\u00e7in \u201cEv hapsi, mev hapsi diye bir \u015fey yok. Adam\u0131n kendisi de \u00e7\u0131kmak istemiyor. Bunlar nereden \u00e7\u0131k\u0131yor? Af diye bir \u015fey yok. Bebek katiline af yok\u201d dedi. Erdo\u011fan ard\u0131ndan Adalet Bakan\u0131 Y\u0131lmaz Tun\u00e7\u2019a d\u00f6nerek \u201cBunlar\u0131 halka anlat\u0131n\u201d talimat\u0131 verdi.<\/p>\n<p>Erdo\u011fan\u2019\u0131n milletvekilleriyle ger\u00e7ekle\u015ftirdi\u011fi g\u00f6r\u00fc\u015fmede s\u00fcre\u00e7le ilgili olumlu de\u011ferlendirmelerin yan\u0131 s\u0131ra kayg\u0131lar\u0131n da dile getirildi\u011fini ifade etti. Selvi, \u201cYeni s\u00fcrece ili\u015fkin olarak milletvekilleri de s\u00f6z alarak g\u00f6r\u00fc\u015flerini a\u00e7\u0131klam\u0131\u015flar, sorular sormu\u015flar. G\u00fcneydo\u011fu milletvekilleri, yeniden bar\u0131\u015f umudunun do\u011fmas\u0131n\u0131n b\u00f6lgede co\u015fkuyla kar\u015f\u0131land\u0131\u011f\u0131n\u0131 aktarm\u0131\u015flar. Yeni s\u00fcrece b\u00f6lge halk\u0131n\u0131n b\u00fcy\u00fck bir destek verdi\u011finin alt\u0131n\u0131 \u00e7izmi\u015fler. S\u00fcrecin aleyhinde bir konu\u015fma olmam\u0131\u015f\u201d diye yazd\u0131.<\/p>\n<p>Erdo\u011fan\u2019\u0131n \u201c2025 y\u0131l\u0131nda ter\u00f6r bitecek. Ter\u00f6r\u00fc t\u00fcm boyutlar\u0131 ve unsurlar\u0131 ile ebediyen tarihe g\u00f6mmek istiyoruz. Ter\u00f6r \u00f6rg\u00fct\u00fcn\u00fcn kendini feshetmesi, sadece T\u00fcrkiye\u2019de de\u011fil, Irak ve Suriye\u2019de de silahlar\u0131n kay\u0131ts\u0131z \u015farts\u0131z teslim edilmesi gerekiyor\u201d dedi\u011fini aktaran Selvi, Cumhurba\u015fkan\u0131\u2019n\u0131n hedefin \u201cTer\u00f6rs\u00fcz T\u00fcrkiye\u201d oldu\u011funun bir kez vurgulad\u0131\u011f\u0131n\u0131 belirtti.<\/p>\n","protected":false},"excerpt":{"rendered":"<p>H\u00fcrriyet yazar\u0131 Abdulkadir Selvi, milletvekilleriyle kahvalt\u0131da bir araya gelen Cumhurba\u015fkan\u0131 ve AKP Genel Ba\u015fkan\u0131 Recep Tayyip Erdo\u011fan\u2019\u0131n, MHP Genel Ba\u015fkan\u0131 Devlet Bah\u00e7eli\u2019nin \u0130mral\u0131 ile ba\u015flatt\u0131\u011f\u0131 s\u00fcre\u00e7le ilgili sorular\u0131n\u0131 yan\u0131tlad\u0131\u011f\u0131n\u0131 s\u00f6yledi. Abd\u00fclkadir Selvi\u2019nin aktard\u0131\u011f\u0131na g\u00f6re, Erdo\u011fan, MHP liderinin \u201csilahlar\u0131 b\u0131rakacaklar\u0131n\u0131 a\u00e7\u0131klamas\u0131\u201d \u00e7a\u011fr\u0131s\u0131nda bulundu\u011fu PKK lideri Abdullah \u00d6calan\u2019\u0131n \u201cev hapsine \u00e7\u0131kaca\u011f\u0131\u201d s\u00f6ylentileri i\u00e7in \u201cEv hapsi, mev hapsi [&hellip;]<\/p>\n","protected":false},"author":2,"featured_media":1032576,"comment_status":"closed","ping_status":"closed","sticky":false,"template":"","format":"standard","meta":{"footnotes":""},"categories":[3],"tags":[31],"class_list":["post-1032575","post","type-post","status-publish","format-standard","has-post-thumbnail","hentry","category-kurdistan","tag-onemli"],"blocksy_meta":[],"seo_head":"<!-- This site is optimized with the Yoast SEO plugin v27.5 - https:\/\/yoast.com\/product\/yoast-seo-wordpress\/ -->\n<title>\ud83d\udccc\u0130ddia: Erdo\u011fan, AKP milletvekillerine, &quot;\u00d6calan da \u00e7\u0131kmak istemiyor, ev hapsi, mev hapsi yok&quot; dedi - Darka Mazi<\/title>\n<meta name=\"robots\" content=\"index, follow, max-snippet:-1, max-image-preview:large, max-video-preview:-1\" \/>\n<link rel=\"canonical\" href=\"https:\/\/darkamazi.site\/archives\/1032575\" \/>\n<meta property=\"og:locale\" content=\"en_US\" \/>\n<meta property=\"og:type\" content=\"article\" \/>\n<meta property=\"og:title\" content=\"\ud83d\udccc\u0130ddia: Erdo\u011fan, AKP milletvekillerine, &quot;\u00d6calan da \u00e7\u0131kmak istemiyor, ev hapsi, mev hapsi yok&quot; dedi - Darka Mazi\" \/>\n<meta property=\"og:description\" content=\"H\u00fcrriyet yazar\u0131 Abdulkadir Selvi, milletvekilleriyle kahvalt\u0131da bir araya gelen Cumhurba\u015fkan\u0131 ve AKP Genel Ba\u015fkan\u0131 Recep Tayyip Erdo\u011fan\u2019\u0131n, MHP Genel Ba\u015fkan\u0131 Devlet Bah\u00e7eli\u2019nin \u0130mral\u0131 ile ba\u015flatt\u0131\u011f\u0131 s\u00fcre\u00e7le ilgili sorular\u0131n\u0131 yan\u0131tlad\u0131\u011f\u0131n\u0131 s\u00f6yledi. Abd\u00fclkadir Selvi\u2019nin aktard\u0131\u011f\u0131na g\u00f6re, Erdo\u011fan, MHP liderinin \u201csilahlar\u0131 b\u0131rakacaklar\u0131n\u0131 a\u00e7\u0131klamas\u0131\u201d \u00e7a\u011fr\u0131s\u0131nda bulundu\u011fu PKK lideri Abdullah \u00d6calan\u2019\u0131n \u201cev hapsine \u00e7\u0131kaca\u011f\u0131\u201d s\u00f6ylentileri i\u00e7in \u201cEv hapsi, mev hapsi [&hellip;]\" \/>\n<meta property=\"og:url\" content=\"https:\/\/darkamazi.site\/archives\/1032575\" \/>\n<meta property=\"og:site_name\" content=\"Darka Mazi\" \/>\n<meta property=\"article:publisher\" content=\"https:\/\/www.facebook.com\/DarkaMaziturkce\" \/>\n<meta property=\"article:published_time\" content=\"2025-01-15T14:21:35+00:00\" \/>\n<meta property=\"article:modified_time\" content=\"2026-03-31T13:17:54+00:00\" \/>\n<meta property=\"og:image\" content=\"https:\/\/darkamazi.site\/file\/2025\/01\/erdogan.jpg\" \/>\n\t<meta property=\"og:image:width\" content=\"900\" \/>\n\t<meta property=\"og:image:height\" content=\"497\" \/>\n\t<meta property=\"og:image:type\" content=\"image\/jpeg\" \/>\n<meta name=\"author\" content=\"darka mazi\" \/>\n<meta name=\"twitter:card\" content=\"summary_large_image\" \/>\n<meta name=\"twitter:creator\" content=\"@DarkaMaziTurkce\" \/>\n<meta name=\"twitter:site\" content=\"@DarkaMaziTurkce\" \/>\n<meta name=\"twitter:label1\" content=\"Written by\" \/>\n\t<meta name=\"twitter:data1\" content=\"darka mazi\" \/>\n\t<meta name=\"twitter:label2\" content=\"Est. reading time\" \/>\n\t<meta name=\"twitter:data2\" content=\"2 minutes\" \/>\n<script type=\"application\/ld+json\" class=\"seo-schema-graph\">{\"@context\":\"https:\\\/\\\/schema.org\",\"@graph\":[{\"@type\":\"NewsArticle\",\"@id\":\"https:\\\/\\\/darkamazi.site\\\/archives\\\/1032575#article\",\"isPartOf\":{\"@id\":\"https:\\\/\\\/darkamazi.site\\\/archives\\\/1032575\"},\"author\":{\"name\":\"darka mazi\",\"@id\":\"https:\\\/\\\/darkamazi.site\\\/#\\\/schema\\\/person\\\/67986a95ac546c16760365877ef4a9d3\"},\"headline\":\"\ud83d\udccc\u0130ddia: Erdo\u011fan, AKP milletvekillerine, &#8220;\u00d6calan da \u00e7\u0131kmak istemiyor, ev hapsi, mev hapsi yok&#8221; dedi\",\"datePublished\":\"2025-01-15T14:21:35+00:00\",\"dateModified\":\"2026-03-31T13:17:54+00:00\",\"mainEntityOfPage\":{\"@id\":\"https:\\\/\\\/darkamazi.site\\\/archives\\\/1032575\"},\"wordCount\":314,\"publisher\":{\"@id\":\"https:\\\/\\\/darkamazi.site\\\/#organization\"},\"image\":{\"@id\":\"https:\\\/\\\/darkamazi.site\\\/archives\\\/1032575#primaryimage\"},\"thumbnailUrl\":\"https:\\\/\\\/darkamazi.site\\\/darka-content\\\/uploads\\\/2025\\\/01\\\/erdogan.jpg\",\"keywords\":[\"\u00f6nemli\"],\"articleSection\":[\"Kurdistan\"],\"inLanguage\":\"en-US\"},{\"@type\":\"WebPage\",\"@id\":\"https:\\\/\\\/darkamazi.site\\\/archives\\\/1032575\",\"url\":\"https:\\\/\\\/darkamazi.site\\\/archives\\\/1032575\",\"name\":\"\ud83d\udccc\u0130ddia: Erdo\u011fan, AKP milletvekillerine, \\\"\u00d6calan da \u00e7\u0131kmak istemiyor, ev hapsi, mev hapsi yok\\\" dedi - Darka Mazi\",\"isPartOf\":{\"@id\":\"https:\\\/\\\/darkamazi.site\\\/#website\"},\"primaryImageOfPage\":{\"@id\":\"https:\\\/\\\/darkamazi.site\\\/archives\\\/1032575#primaryimage\"},\"image\":{\"@id\":\"https:\\\/\\\/darkamazi.site\\\/archives\\\/1032575#primaryimage\"},\"thumbnailUrl\":\"https:\\\/\\\/darkamazi.site\\\/darka-content\\\/uploads\\\/2025\\\/01\\\/erdogan.jpg\",\"datePublished\":\"2025-01-15T14:21:35+00:00\",\"dateModified\":\"2026-03-31T13:17:54+00:00\",\"breadcrumb\":{\"@id\":\"https:\\\/\\\/darkamazi.site\\\/archives\\\/1032575#breadcrumb\"},\"inLanguage\":\"en-US\",\"potentialAction\":[{\"@type\":\"ReadAction\",\"target\":[\"https:\\\/\\\/darkamazi.site\\\/archives\\\/1032575\"]}]},{\"@type\":\"ImageObject\",\"inLanguage\":\"en-US\",\"@id\":\"https:\\\/\\\/darkamazi.site\\\/archives\\\/1032575#primaryimage\",\"url\":\"https:\\\/\\\/darkamazi.site\\\/darka-content\\\/uploads\\\/2025\\\/01\\\/erdogan.jpg\",\"contentUrl\":\"https:\\\/\\\/darkamazi.site\\\/darka-content\\\/uploads\\\/2025\\\/01\\\/erdogan.jpg\",\"width\":900,\"height\":497,\"caption\":\"\u0130DD\u0130A | Erdo\u011fan\u2019dan milletvekillerine: \u00d6calan da \u00e7\u0131kmak istemiyor, ev hapsi, mev hapsi yok. DEM heyeti s\u00fcreci iyi y\u00f6netiyor\"},{\"@type\":\"BreadcrumbList\",\"@id\":\"https:\\\/\\\/darkamazi.site\\\/archives\\\/1032575#breadcrumb\",\"itemListElement\":[{\"@type\":\"ListItem\",\"position\":1,\"name\":\"Home\",\"item\":\"https:\\\/\\\/darkamazi.site\\\/\"},{\"@type\":\"ListItem\",\"position\":2,\"name\":\"\ud83d\udccc\u0130ddia: Erdo\u011fan, AKP milletvekillerine, &#8220;\u00d6calan da \u00e7\u0131kmak istemiyor, ev hapsi, mev hapsi yok&#8221; dedi\"}]},{\"@type\":\"WebSite\",\"@id\":\"https:\\\/\\\/darkamazi.site\\\/#website\",\"url\":\"https:\\\/\\\/darkamazi.site\\\/\",\"name\":\"Darka Mazi\",\"description\":\"Ana Sayfa\",\"publisher\":{\"@id\":\"https:\\\/\\\/darkamazi.site\\\/#organization\"},\"potentialAction\":[{\"@type\":\"SearchAction\",\"target\":{\"@type\":\"EntryPoint\",\"urlTemplate\":\"https:\\\/\\\/darkamazi.site\\\/?s={search_term_string}\"},\"query-input\":{\"@type\":\"PropertyValueSpecification\",\"valueRequired\":true,\"valueName\":\"search_term_string\"}}],\"inLanguage\":\"en-US\"},{\"@type\":\"Organization\",\"@id\":\"https:\\\/\\\/darkamazi.site\\\/#organization\",\"name\":\"Darka Mazi T\u00fcrk\u00e7e\",\"alternateName\":\"Darka Mazi\",\"url\":\"https:\\\/\\\/darkamazi.site\\\/\",\"logo\":{\"@type\":\"ImageObject\",\"inLanguage\":\"en-US\",\"@id\":\"https:\\\/\\\/darkamazi.site\\\/#\\\/schema\\\/logo\\\/image\\\/\",\"url\":\"https:\\\/\\\/darkamazi.site\\\/darka-content\\\/uploads\\\/2017\\\/12\\\/darka-mazi-logo.png\",\"contentUrl\":\"https:\\\/\\\/darkamazi.site\\\/darka-content\\\/uploads\\\/2017\\\/12\\\/darka-mazi-logo.png\",\"width\":151,\"height\":75,\"caption\":\"Darka Mazi T\u00fcrk\u00e7e\"},\"image\":{\"@id\":\"https:\\\/\\\/darkamazi.site\\\/#\\\/schema\\\/logo\\\/image\\\/\"},\"sameAs\":[\"https:\\\/\\\/www.facebook.com\\\/DarkaMaziturkce\",\"https:\\\/\\\/x.com\\\/DarkaMaziTurkce\"]},{\"@type\":\"Person\",\"@id\":\"https:\\\/\\\/darkamazi.site\\\/#\\\/schema\\\/person\\\/67986a95ac546c16760365877ef4a9d3\",\"name\":\"darka mazi\",\"sameAs\":[\"https:\\\/\\\/darkamazi.site\"],\"url\":\"https:\\\/\\\/darkamazi.site\\\/archives\\\/author\\\/turkish\"}]}<\/script>\n<!-- \/ Yoast SEO plugin. -->","seo_head_json":{"title":"\ud83d\udccc\u0130ddia: Erdo\u011fan, AKP milletvekillerine, \"\u00d6calan da \u00e7\u0131kmak istemiyor, ev hapsi, mev hapsi yok\" dedi - Darka Mazi","robots":{"index":"index","follow":"follow","max-snippet":"max-snippet:-1","max-image-preview":"max-image-preview:large","max-video-preview":"max-video-preview:-1"},"canonical":"https:\/\/darkamazi.site\/archives\/1032575","og_locale":"en_US","og_type":"article","og_title":"\ud83d\udccc\u0130ddia: Erdo\u011fan, AKP milletvekillerine, \"\u00d6calan da \u00e7\u0131kmak istemiyor, ev hapsi, mev hapsi yok\" dedi - Darka Mazi","og_description":"H\u00fcrriyet yazar\u0131 Abdulkadir Selvi, milletvekilleriyle kahvalt\u0131da bir araya gelen Cumhurba\u015fkan\u0131 ve AKP Genel Ba\u015fkan\u0131 Recep Tayyip Erdo\u011fan\u2019\u0131n, MHP Genel Ba\u015fkan\u0131 Devlet Bah\u00e7eli\u2019nin \u0130mral\u0131 ile ba\u015flatt\u0131\u011f\u0131 s\u00fcre\u00e7le ilgili sorular\u0131n\u0131 yan\u0131tlad\u0131\u011f\u0131n\u0131 s\u00f6yledi. Abd\u00fclkadir Selvi\u2019nin aktard\u0131\u011f\u0131na g\u00f6re, Erdo\u011fan, MHP liderinin \u201csilahlar\u0131 b\u0131rakacaklar\u0131n\u0131 a\u00e7\u0131klamas\u0131\u201d \u00e7a\u011fr\u0131s\u0131nda bulundu\u011fu PKK lideri Abdullah \u00d6calan\u2019\u0131n \u201cev hapsine \u00e7\u0131kaca\u011f\u0131\u201d s\u00f6ylentileri i\u00e7in \u201cEv hapsi, mev hapsi [&hellip;]","og_url":"https:\/\/darkamazi.site\/archives\/1032575","og_site_name":"Darka Mazi","article_publisher":"https:\/\/www.facebook.com\/DarkaMaziturkce","article_published_time":"2025-01-15T14:21:35+00:00","article_modified_time":"2026-03-31T13:17:54+00:00","og_image":[{"width":900,"height":497,"url":"https:\/\/darkamazi.site\/file\/2025\/01\/erdogan.jpg","type":"image\/jpeg"}],"author":"darka mazi","twitter_card":"summary_large_image","twitter_creator":"@DarkaMaziTurkce","twitter_site":"@DarkaMaziTurkce","twitter_misc":{"Written by":"darka mazi","Est. reading time":"2 minutes"},"schema":{"@context":"https:\/\/schema.org","@graph":[{"@type":"NewsArticle","@id":"https:\/\/darkamazi.site\/archives\/1032575#article","isPartOf":{"@id":"https:\/\/darkamazi.site\/archives\/1032575"},"author":{"name":"darka mazi","@id":"https:\/\/darkamazi.site\/#\/schema\/person\/67986a95ac546c16760365877ef4a9d3"},"headline":"\ud83d\udccc\u0130ddia: Erdo\u011fan, AKP milletvekillerine, &#8220;\u00d6calan da \u00e7\u0131kmak istemiyor, ev hapsi, mev hapsi yok&#8221; dedi","datePublished":"2025-01-15T14:21:35+00:00","dateModified":"2026-03-31T13:17:54+00:00","mainEntityOfPage":{"@id":"https:\/\/darkamazi.site\/archives\/1032575"},"wordCount":314,"publisher":{"@id":"https:\/\/darkamazi.site\/#organization"},"image":{"@id":"https:\/\/darkamazi.site\/archives\/1032575#primaryimage"},"thumbnailUrl":"https:\/\/darkamazi.site\/file\/2025\/01\/erdogan.jpg","keywords":["\u00f6nemli"],"articleSection":["Kurdistan"],"inLanguage":"en-US"},{"@type":"WebPage","@id":"https:\/\/darkamazi.site\/archives\/1032575","url":"https:\/\/darkamazi.site\/archives\/1032575","name":"\ud83d\udccc\u0130ddia: Erdo\u011fan, AKP milletvekillerine, \"\u00d6calan da \u00e7\u0131kmak istemiyor, ev hapsi, mev hapsi yok\" dedi - Darka Mazi","isPartOf":{"@id":"https:\/\/darkamazi.site\/#website"},"primaryImageOfPage":{"@id":"https:\/\/darkamazi.site\/archives\/1032575#primaryimage"},"image":{"@id":"https:\/\/darkamazi.site\/archives\/1032575#primaryimage"},"thumbnailUrl":"https:\/\/darkamazi.site\/file\/2025\/01\/erdogan.jpg","datePublished":"2025-01-15T14:21:35+00:00","dateModified":"2026-03-31T13:17:54+00:00","breadcrumb":{"@id":"https:\/\/darkamazi.site\/archives\/1032575#breadcrumb"},"inLanguage":"en-US","potentialAction":[{"@type":"ReadAction","target":["https:\/\/darkamazi.site\/archives\/1032575"]}]},{"@type":"ImageObject","inLanguage":"en-US","@id":"https:\/\/darkamazi.site\/archives\/1032575#primaryimage","url":"https:\/\/darkamazi.site\/file\/2025\/01\/erdogan.jpg","contentUrl":"https:\/\/darkamazi.site\/file\/2025\/01\/erdogan.jpg","width":900,"height":497,"caption":"\u0130DD\u0130A | Erdo\u011fan\u2019dan milletvekillerine: \u00d6calan da \u00e7\u0131kmak istemiyor, ev hapsi, mev hapsi yok. DEM heyeti s\u00fcreci iyi y\u00f6netiyor"},{"@type":"BreadcrumbList","@id":"https:\/\/darkamazi.site\/archives\/1032575#breadcrumb","itemListElement":[{"@type":"ListItem","position":1,"name":"Home","item":"https:\/\/darkamazi.site\/"},{"@type":"ListItem","position":2,"name":"\ud83d\udccc\u0130ddia: Erdo\u011fan, AKP milletvekillerine, &#8220;\u00d6calan da \u00e7\u0131kmak istemiyor, ev hapsi, mev hapsi yok&#8221; dedi"}]},{"@type":"WebSite","@id":"https:\/\/darkamazi.site\/#website","url":"https:\/\/darkamazi.site\/","name":"Darka Mazi","description":"Ana Sayfa","publisher":{"@id":"https:\/\/darkamazi.site\/#organization"},"potentialAction":[{"@type":"SearchAction","target":{"@type":"EntryPoint","urlTemplate":"https:\/\/darkamazi.site\/?s={search_term_string}"},"query-input":{"@type":"PropertyValueSpecification","valueRequired":true,"valueName":"search_term_string"}}],"inLanguage":"en-US"},{"@type":"Organization","@id":"https:\/\/darkamazi.site\/#organization","name":"Darka Mazi T\u00fcrk\u00e7e","alternateName":"Darka Mazi","url":"https:\/\/darkamazi.site\/","logo":{"@type":"ImageObject","inLanguage":"en-US","@id":"https:\/\/darkamazi.site\/#\/schema\/logo\/image\/","url":"https:\/\/darkamazi.site\/file\/2017\/12\/darka-mazi-logo.png","contentUrl":"https:\/\/darkamazi.site\/file\/2017\/12\/darka-mazi-logo.png","width":151,"height":75,"caption":"Darka Mazi T\u00fcrk\u00e7e"},"image":{"@id":"https:\/\/darkamazi.site\/#\/schema\/logo\/image\/"},"sameAs":["https:\/\/www.facebook.com\/DarkaMaziturkce","https:\/\/x.com\/DarkaMaziTurkce"]},{"@type":"Person","@id":"https:\/\/darkamazi.site\/#\/schema\/person\/67986a95ac546c16760365877ef4a9d3","name":"darka mazi","sameAs":["https:\/\/darkamazi.site"],"url":"https:\/\/darkamazi.site\/archives\/author\/turkish"}]}},"_links":{"self":[{"href":"https:\/\/darkamazi.site\/funavuv\/wp\/v2\/posts\/1032575","targetHints":{"allow":["GET"]}}],"collection":[{"href":"https:\/\/darkamazi.site\/funavuv\/wp\/v2\/posts"}],"about":[{"href":"https:\/\/darkamazi.site\/funavuv\/wp\/v2\/types\/post"}],"author":[{"embeddable":true,"href":"https:\/\/darkamazi.site\/funavuv\/wp\/v2\/users\/2"}],"replies":[{"embeddable":true,"href":"https:\/\/darkamazi.site\/funavuv\/wp\/v2\/comments?post=1032575"}],"version-history":[{"count":0,"href":"https:\/\/darkamazi.site\/funavuv\/wp\/v2\/posts\/1032575\/revisions"}],"wp:featuredmedia":[{"embeddable":true,"href":"https:\/\/darkamazi.site\/funavuv\/wp\/v2\/media\/1032576"}],"wp:attachment":[{"href":"https:\/\/darkamazi.site\/funavuv\/wp\/v2\/media?parent=1032575"}],"wp:term":[{"taxonomy":"category","embeddable":true,"href":"https:\/\/darkamazi.site\/funavuv\/wp\/v2\/categories?post=1032575"},{"taxonomy":"post_tag","embeddable":true,"href":"https:\/\/darkamazi.site\/funavuv\/wp\/v2\/tags?post=1032575"}],"curies":[{"name":"wp","href":"https:\/\/api.w.org\/{rel}","templated":true}]}}