{"id":1032580,"date":"2025-01-15T17:46:52","date_gmt":"2025-01-15T14:46:52","guid":{"rendered":"https:\/\/darkamazi.site\/?p=1032580"},"modified":"2026-03-31T16:17:54","modified_gmt":"2026-03-31T13:17:54","slug":"2012-cozum-surecinin-kilit-adamlarindan-yalcin-akdogan-yeni-sureci-ocalan-ve-pkkye-degerlendirdi-apo-orgut-uzerinde-etkilidir-dinlemezlerse-iyot-gibi-ortada-kalirlar","status":"publish","type":"post","link":"https:\/\/darkamazi.site\/archives\/1032580","title":{"rendered":"2012 \u00e7\u00f6z\u00fcm s\u00fcrecinin kilit adamlar\u0131ndan Yal\u00e7\u0131n Akdo\u011fan yeni s\u00fcreci, \u00d6calan ve PKK\u2019ye de\u011ferlendirdi: Apo \u00f6rg\u00fct \u00fczerinde etkilidir. Dinlemezlerse iyot gibi ortada kal\u0131rlar"},"content":{"rendered":"<p style=\"text-align: justify\">\n<p style=\"text-align: justify\">Devlet-\u0130mral\u0131 ve PKK g\u00f6r\u00fc\u015fmelerinde 2012 y\u0131l\u0131nda rol alan ve d\u00f6nemin Ba\u015fbakan Yard\u0131mc\u0131s\u0131 Yal\u00e7\u0131n Akdo\u011fan yeni s\u00fcrece d\u00f6n\u00fck a\u00e7\u0131klamalar yapt\u0131. Akdo\u011fan, Dolmabah\u00e7e mutabakat\u0131na da AKP ad\u0131na kat\u0131lan \u00f6nemli bir isimdi.\u00a0 Haber T\u00fcrk\u2019e konu\u015fan Akdo\u011fan\u2019\u0131n konu\u015fmas\u0131ndan \u00f6nemli ba\u015fl\u0131klar \u015funlar.<\/p>\n<p style=\"text-align: justify\">\u201cDEVLET BEY\u2019\u0130N YAPTI\u011eI, PARAD\u0130GMA SEV\u0130YES\u0130NDE Y\u00dcKSEK S\u0130YASET\u201d<\/p>\n<p style=\"text-align: justify\">Ben tabii arka aplanda neler yap\u0131ld\u0131\u011f\u0131n\u0131 bilmiyorum tabii. O g\u00fcnlerde \u015f\u00f6yle yorum yapt\u0131m; ya \u00e7ok b\u00fcy\u00fck dalga geliyor, bir risk, tehlike var. Onun i\u00e7in i\u00e7eride b\u00fct\u00fcnl\u00fc\u011f\u00fc muhafaza etmemiz laz\u0131m. Veya Suriye\u2019de yeni bir denklem kuruluyor. Buna \u00f6n haz\u0131rl\u0131k olarak b\u00f6yle bir \u015fey yap\u0131labilir. Veya \u00d6calan ya\u015fland\u0131 devlete hizmet etsin diye d\u00fc\u015f\u00fcn\u00fcld\u00fc diye kafamdan ge\u00e7iriyorum. Bunun devam\u0131 geldi sonra. Bu \u00f6nemli bir inisiyatif. Bu konularla ilgilenen bir ki\u015fi olarak bundan b\u00fcy\u00fck memnuniyet duydum. T\u00fcrkiye a\u00e7\u0131s\u0131ndan bu noktaya gelinmesi \u00f6nemlidir. Devlet Bey\u2019in burada yapt\u0131\u011f\u0131 y\u00fcksek siyasettir. Paradigma seviyesinde y\u00fcksek seviyesindedir. G\u00fcnl\u00fck siyasetin \u00f6tesinde y\u00fcksek siyaset yapmak demektir bu. Kimileri kartlar\u0131 yeniden karar, kimileri kart sallar. G\u00fcnl\u00fck siyaset yaparsan\u0131z kart sallars\u0131n\u0131z. Y\u00fcksek siyaset yaparsan\u0131z kart karars\u0131n\u0131z.<\/p>\n<p style=\"text-align: justify\">\u201cT\u00dcRK\u0130YE B\u00dcY\u00dcK B\u0130R BEKA SORUNU, B\u0130R DARBE G\u0130R\u0130\u015e\u0130M\u0130 YA\u015eADI\u201d<\/p>\n<p style=\"text-align: justify\">Bug\u00fcn bu meseleyi anlamak, Cumhur \u0130ttifak\u0131\u2019n\u0131n ba\u015flang\u0131c\u0131n\u0131 anlamakla m\u00fcmk\u00fcn. T\u00fcrkiye b\u00fcy\u00fck bir beka sorunu ya\u015fad\u0131. Bir darbe giri\u015fimi ya\u015fad\u0131. Bu \u00fclkenin Meclisi bombaland\u0131. B\u00fct\u00fcn bu olaylara kar\u015f\u0131 Devlet Bey, devlet adam\u0131 refleksiyle tav\u0131r tak\u0131nd\u0131 ve o g\u00fcn Cumhur \u0130ttifak\u0131 \u015fekillendi. T\u00fcrkiye\u2019nin kar\u015f\u0131la\u015ft\u0131\u011f\u0131 risk ve tehditlere kar\u015f\u0131 at\u0131lmas\u0131 gereken ad\u0131mlar var. Devlet Bey, o g\u00fcnk\u00fc devletin bekas\u0131 refleksiyle bug\u00fcn ayn\u0131 duyarl\u0131l\u0131\u011f\u0131 sergiledi diye bak\u0131yorum ben. Devlet Bey, o g\u00fcn o konu\u015fmay\u0131 yapt\u0131\u011f\u0131 zaman herkes farkl\u0131 yorumlar yapt\u0131. Devlet Bey\u2019in \u00f6ng\u00f6r\u00fcs\u00fc, o g\u00fcnk\u00fc ta\u015f\u0131d\u0131\u011f\u0131 hassasiyet kayg\u0131 bo\u015f de\u011filmi\u015f. Devlet Bey bu konu\u015fmay\u0131 Ekim\u2019in ba\u015f\u0131nda yapt\u0131. Suriye\u2019de 1 ay sonra rejim y\u0131k\u0131ld\u0131. Bu \u00f6nemli bir g\u00f6sterge. Devlet Bey hem siyasi g\u00fcndem olu\u015fturma a\u00e7\u0131s\u0131ndan veya farkl\u0131 hususlara dikkat \u00e7ekme a\u00e7\u0131s\u0131ndan \u00f6nemli misyon g\u00f6rd\u00fc bence.<\/p>\n<p style=\"text-align: justify\">\u201cA\u00c7ILIM S\u00dcREC\u0130NDE FET\u00d6\u2019N\u00dcN SABOTAJI OLDU\u011eU KANAAT\u0130NDEY\u0130M\u201d<\/p>\n<p style=\"text-align: justify\">Devlet elinden geleni yapt\u0131. Haklar getirdi, yat\u0131r\u0131mlar yapt\u0131. Ama bunlar (ter\u00f6r \u00f6rg\u00fct\u00fc) hendekler kazd\u0131, nank\u00f6rl\u00fck yapt\u0131, sivil polisleri \u00f6ld\u00fcrd\u00fc. S\u00fcrecin zarar g\u00f6rmemesine dair duyarl\u0131l\u0131\u011f\u0131 kamu kurumlar\u0131na s\u00f6ylemek ba\u015fka bir \u015fey, kimilerince k\u00f6t\u00fc niyetli olarak kullan\u0131ld\u0131\u011f\u0131 \u00f6zellikle FET\u00d6\u2019n\u00fcn olmas\u0131. Sen duyarl\u0131l\u0131k g\u00f6ster diyorsun adam kontak kapat\u0131yor. O d\u00f6nemde b\u00f6lge toplant\u0131lar\u0131 yapt\u0131m. Kaymakam, vali, b\u00f6lge komutanlar\u0131, asker, polis. Siyasi s\u00fcreci biz y\u00fcr\u00fct\u00fcyoruz, sizin i\u015finiz m\u00fccadele etmek. \u2018Niye m\u00fcdahale etmiyorsunuz\u2019 dedi\u011fimizde \u2018aman efendim \u00e7at\u0131\u015fma \u00e7\u0131kar\u2019 vs. deniyordu. Ter\u00f6rle m\u00fccadelede yap\u0131lmas\u0131na dair her\u015feyin yap\u0131lmas\u0131na d\u00f6n\u00fck vurgular yap\u0131yordum. Hi\u00e7 kimse bir \u015fey yapmayacak, \u00f6rg\u00fct cirit atacak. B\u00f6yle bir \u015fey de\u011fil. FET\u00d6\u2019n\u00fcn bir sabotaj\u0131 oldu\u011fu kanaatindeyim o d\u00f6nemde. O s\u00fcre\u00e7lerde \u00f6ncesinde vesayet odaklar\u0131 ile ciddi m\u00fccadele. Sonra FET\u00d6\u2019n\u00fcn hamleleri var s\u00fcreci sabotaj etmeye d\u00f6n\u00fck olarak. Devletin \u2018aman, ter\u00f6rle m\u00fccadele etmeyin\u2019 diye bir \u015feyi yoktu. Neticede bug\u00fcn neredeyiz diye bakmam\u0131z laz\u0131m. O g\u00fcn devlet elinden gelen iyi niyeti ortaya koydu. Bundan dolay\u0131 halk bug\u00fcn ter\u00f6rle m\u00fccadeleye daha \u00e7ok destek veriyor. Bu \u00f6nemli bir kazan\u0131md\u0131r. Devletin uyum i\u00e7erisinde m\u00fccadele etmesi bug\u00fcn sa\u011flanm\u0131\u015ft\u0131r. B\u00fct\u00fcn birim, kurum, g\u00fcvenlik te\u015fkilatlar\u0131 ile devletin bir olarak ayn\u0131 hedefe y\u00f6nelmesi, bug\u00fcn bu ba\u015far\u0131lm\u0131\u015ft\u0131r. Hakl\u0131l\u0131\u011f\u0131 ve toplumsal deste\u011fin yan\u0131m\u0131zda olmas\u0131, m\u00fccadele kapasitemizin geni\u015flemesi. \u0130HA\u2019lar, S\u0130HA\u2019lar. Ter\u00f6rle m\u00fccadelede bunlar\u0131n b\u00fcy\u00fck ba\u015far\u0131s\u0131 oldu\u011funu vurgulamak laz\u0131m. En \u00f6nemlisi FET\u00d6\u2019n\u00fcn sabotajlar\u0131n\u0131n ortadan kalkmas\u0131 bug\u00fcn i\u00e7in art\u0131lard\u0131r. Bug\u00fcn daha pozitif bakmak laz\u0131m.<\/p>\n<p style=\"text-align: justify\">\u201cHALKIN \u0130HT\u0130YA\u00c7LARI TER\u00d6RLE PAZARLIK KONUSU YAPILAMAZ\u201d<\/p>\n<p style=\"text-align: justify\">O s\u00fcre\u00e7te bir pazarl\u0131k yoktu. Bir al-ver yoktu. Birtak\u0131m \u015feylerin konu\u015fulmas\u0131 gerekiyordu. Diyelim ki \u00f6rg\u00fct silah b\u0131rakacak. T\u00fcrkiye\u2019den \u00e7ekilmesi, silahlar\u0131n g\u00f6m\u00fclmesi. Bu planlama gerektiren bir \u015fey. Devletin bunu birileriyle konu\u015fup, yapmas\u0131 gerekiyor. \u00d6b\u00fcr t\u00fcrl\u00fc adam \u2018ben g\u00f6md\u00fcm silahlar\u0131\u2019 diyor, nereden bilece\u011fiz g\u00f6m\u00fcp, g\u00f6mmedi\u011fini. Biz bildirimizi okuduk, onlar bildirilerini okudu. O g\u00fcn de al-ver s\u00fcreci yoktu bug\u00fcn de olaca\u011f\u0131n\u0131 d\u00fc\u015f\u00fcnm\u00fcyorum. Bug\u00fcn i\u015fi y\u00fcr\u00fctenler y\u00fcr\u00fct\u00fcyor. Biz \u015fimdi evimizde \u00e7ocuk bak\u0131yoruz. Devlet kendi halk\u0131n\u0131n hi\u00e7bir meselesini ter\u00f6rle pazarl\u0131k etmez. Biz \u00e7ok \u00f6nemli ad\u0131mlar att\u0131k. Bunu \u00f6rg\u00fctle pazarl\u0131k olarak m\u0131 yapt\u0131k? Temel hak ve \u00f6zg\u00fcrl\u00fckler referandum konusu yap\u0131lmazsa, bu halk\u0131n ihtiya\u00e7 ve sorunlar\u0131 herhangi bir \u00f6rg\u00fctle pazarl\u0131k meselesi yap\u0131lamaz.<\/p>\n<p style=\"text-align: justify\">\u201cFET\u00d6\u2019N\u00dcN KEND\u0130NE G\u00d6RE HESABI VARDI, B\u0130R YIL SONRA DARBE OLDU\u201d<\/p>\n<p style=\"text-align: justify\">O g\u00fcn \u00f6nemli olan \u00d6calan\u2019\u0131n o \u00e7a\u011fr\u0131y\u0131 yapmas\u0131yd\u0131. Ama gere\u011fini yapmad\u0131lar. S\u00fcreci sabote ettiler. O zaman Amerika b\u00f6lgesel denklemden PKK\u2019n\u0131n \u00e7\u0131kmas\u0131n\u0131 istemedi. Kullan\u0131\u015fl\u0131 bir enstr\u00fcman olarak g\u00f6rd\u00fc. FET\u00d6 de s\u00fcreci \u00e7ok k\u0131\u015fk\u0131rtt\u0131. FET\u00d6 i\u00e7in bu, sorunu \u00e7\u00f6zm\u00fc\u015f iktidar\u0131n daha muktedir olmas\u0131 demekti. H\u00fck\u00fcmet o sorunu \u00e7\u00f6zseydi art\u0131k s\u00f6z ge\u00e7iremeyiz, bile\u011fini b\u00fckemeyiz diye d\u00fc\u015f\u00fcnd\u00fc. \u00d6rg\u00fct harekete ge\u00e7ti, \u2018Seni ba\u015fkan yapt\u0131rmayaca\u011f\u0131z\u2019 s\u00f6ylemi, hendekler kaz\u0131ld\u0131, cinayetlerle s\u00fcreci sabote ettiler. Bu \u00e7ok a\u00e7\u0131k. FET\u00d6\u2019n\u00fcn de kendine g\u00f6re hesaplar\u0131 vard\u0131. bir y\u0131l sonra darbe oldu. K\u00fcrtlerin bir \u015fekilde h\u00fck\u00fcmetin yan\u0131nda yer almas\u0131, \u00f6rg\u00fct\u00fcn kar\u015f\u0131 cephede durmas\u0131 onlar\u0131n da i\u015fine geliyordu. Gezi olaylar\u0131 oldu. Olay\u0131 k\u0131\u015fk\u0131rt\u0131p, b\u00fcy\u00fcten FET\u00d6\u2019c\u00fclerdi. \u00d6rg\u00fct tam g\u00fcc\u00fcyle Gezi olaylar\u0131na destek vermedi. FET\u00d6 bundan ders \u00e7\u0131kard\u0131. K\u00fcrtler darbeye blok olarak destek vermedi, oyuna gelmedi. FET\u00d6 s\u00fcreci sabote etti. Herkes onlar\u0131n ihanet etti\u011fini g\u00f6rd\u00fc. Bug\u00fcn ter\u00f6rle m\u00fccadeledeki destek onun i\u00e7in arkam\u0131zda vard\u0131.<\/p>\n<p style=\"text-align: justify\">\u201cS\u0130YASET ZEM\u0130N\u0130NDE DEMOKRAS\u0130 ZEM\u0130N\u0130NDE TARTI\u015eAB\u0130L\u0130R\u0130Z\u201d<\/p>\n<p style=\"text-align: justify\">K\u00fcrt sorunu dedi\u011finiz sorun, 100 madde \u00e7\u0131kar\u0131n bunlar\u0131n belki 99\u2019u yap\u0131lm\u0131\u015ft\u0131r, ortadan kalkm\u0131\u015ft\u0131r. B\u00f6lgesel geri b\u0131rak\u0131lm\u0131\u015fl\u0131ktan k\u00f6y yakmalar, cinayetler, bir s\u00fcr\u00fc olumsuzluklar, yay\u0131n, e\u011fitim meselesi. Bunlar\u0131n hepsini devlet yapt\u0131, \u00f6rg\u00fctle pazarl\u0131k yaparak de\u011fil kendi halk\u0131n\u0131n talebi, ihtiyac\u0131 oldu\u011fu i\u00e7in yapt\u0131. D\u00fcn hi\u00e7 olmayan sorunlar var bug\u00fcn elimizde. Sosyal medyada sorunlar var. Yeni yeni meseleler var. Yeni yeni \u00e7\u00f6z\u00fcmlerin bulunmas\u0131 gerekiyor. Burada \u00f6nemli olan \u015fu; demokrasi ve ter\u00f6r. Siyaset ve silah. Bu, karanl\u0131k ve ayd\u0131nl\u0131k gibi de\u011fildir. Birinin varl\u0131\u011f\u0131nda di\u011ferinin olmamas\u0131 gerekir. Silah\u0131n bir \u015fekilde devre d\u0131\u015f\u0131 b\u0131rak\u0131lmas\u0131 ba\u015fl\u0131 ba\u015f\u0131na demokrasiye, siyasete g\u00fc\u00e7 vermektir. Bug\u00fcn DEM Parti vs. yeterince belki demokratik siyasi olarak g\u00fc\u00e7l\u00fc g\u00f6remiyor. Bu devletin tavr\u0131ndan de\u011fil, sen ter\u00f6r \u00f6rg\u00fct\u00fcn\u00fcn vesayetinde olursan nas\u0131l ba\u015fl\u0131 ba\u015f\u0131na akt\u00f6r olacaks\u0131n? Siyaset zemininde, demokrasi zemininde gelin tart\u0131\u015fal\u0131m. Burada devlet gereken ad\u0131mlar\u0131 halk i\u00e7in atm\u0131\u015ft\u0131r. Ter\u00f6r\u00fcn son bulmas\u0131 i\u00e7in \u00f6nemli insiyatif al\u0131nm\u0131\u015ft\u0131r. DEM \u015fu anda ger\u00e7ek akt\u00f6r m\u00fcd\u00fcr? Vekillerini kim tayin etmektedir? Bu s\u00fcre\u00e7te daha g\u00f6r\u00fcn\u00fcr oldular, daha \u00f6n plana \u00e7\u0131k\u0131yor, s\u00f6ylemler ortaya koyuyorlar. Bu bile \u00f6nemli de\u011fil midir?<\/p>\n<p style=\"text-align: justify\">\u201cHAKKAR\u0130\u2019DEN \u00c7IKIP EL\u0130NE S\u0130LAH ALAN ADAMDAN BAHSETM\u0130YORUZ\u201d<\/p>\n<p style=\"text-align: justify\">Bazen b\u00f6lgedeki arkada\u015flarla konu\u015fuyoruz. Baz\u0131lar\u0131 \u00d6calan i\u00e7in \u2018ya\u015fl\u0131 adam, buna m\u0131 kald\u0131\u2019 diyorlard\u0131. \u00c7ok kaba saba adamm\u0131\u015f gibi lanse ediliyor. Bir profil \u00e7\u0131karmak laz\u0131m. Rastgele bir adamdan bahsetmiyoruz. 40-50 y\u0131ll\u0131k bir \u00f6rg\u00fct neticede. Ulusal \u00f6rg\u00fctler vard\u0131r bir de ulus \u00fcst\u00fc \u00f6rg\u00fctler vard\u0131r. Suriye, L\u00fcbnan\u2019da, Beka Vadisi\u2019nde bu \u00f6rg\u00fct\u00fcn, \u00d6calan\u2019\u0131n faaliyetler y\u00fcr\u00fctt\u00fc\u011f\u00fcn\u00fc biliyoruz. Bir\u00e7ok gizli servisle d\u00fc\u015f\u00fcp, kalkm\u0131\u015f, farkl\u0131 devletlerin deste\u011fini g\u00f6rm\u00fc\u015f bir adam\u0131 \u00e7ok k\u00fc\u00e7\u00fcmseyip de hata etmemek laz\u0131m. Kim \u00d6calan? Hakkari\u2019nin k\u00f6y\u00fcnden \u00e7\u0131k\u0131p eline silah alm\u0131\u015f adamdan bahsetmiyoruz. Ankara Siyasal Bilgiler\u2019de okumu\u015f bir adamdan bahsediyoruz. O d\u00f6nemde, 70\u2019li y\u0131llar sol \u00f6rg\u00fctlerin kurulma d\u00f6nemidir. Mahir \u00c7ayan, Dev Yol, Dev Sol, \u00f6\u011frenci federasyonlar\u0131ndan y\u00fcr\u00fcyen \u00f6rg\u00fctlerdir. O d\u00f6nemde bunlar\u0131n i\u00e7inde bulunmu\u015f. Bir derne\u011fin ba\u015fkan\u0131 \u00d6calan. Temel felsefesi devrimci \u015fiddet. Sol \u00f6rg\u00fctlerin i\u00e7inde K\u00fcrt\u00e7\u00fc versiyonunu \u00fcretiyor, Marksist-Leninist. O g\u00fcn \u00c7in-Vietnam denilen uzun s\u00fcreli halk sava\u015f\u0131. Bunun T\u00fcrkiye\u2019de farkl\u0131 evrelerini g\u00f6rd\u00fck. Doktrin ve stratejik planlama \u00fczerinden giden yap\u0131dan bahsediyoruz. \u00c7ok karma\u015f\u0131k ili\u015fki a\u011flar i\u00e7erisinde varl\u0131\u011f\u0131n\u0131 koruyabilen bir \u00f6rg\u00fct. B\u00f6yle bak\u0131l\u0131nca rastgele bir adam de\u011fil.<\/p>\n<p style=\"text-align: justify\">\u201c\u00d6CALAN DEMOKRAT\u0130K S\u0130YASET NOKTASINA GELD\u0130YSE \u00d6NEML\u0130D\u0130R\u201d<\/p>\n<p style=\"text-align: justify\">1999\u2019da \u00d6calan yakaland\u0131. T\u00fcrk bayra\u011f\u0131n\u0131n \u00f6n\u00fcnde \u2018devletin hizmetindeyim\u2019 diyordu. En t\u00fckenmi\u015f aciz haliydi. Ondan sonra yapt\u0131\u011f\u0131 a\u00e7\u0131klamalar var, \u2018yeni bir s\u00fcrece ge\u00e7memiz\u2019 laz\u0131m diyordu. Demokratik konfederalizmden bahsediyordu. Adam\u0131n en t\u00fckendi\u011fi andaki \u00f6nerdi\u011fi \u015fey. Konfederalizm \u00fc\u00e7 d\u00f6rt \u00fclkedeki yap\u0131lar\u0131 birle\u015ftiren bir \u015fey. En \u00e7aresiz g\u00f6r\u00fcnd\u00fc\u011f\u00fc zaman sana yeni bir paketle geliyor. Bug\u00fcnden bakarsak; o g\u00fcn devrimci \u015fiddet daha sonra devrimci halk sava\u015f\u0131yd\u0131. \u0130lk g\u00fcndeki stratejinin yans\u0131mas\u0131yd\u0131. Burada \u00d6calan \u015fu noktaya gelip de \u2018devrimci \u015fiddet yok, silah yok, demokratik siyaset\u2019 noktas\u0131na geldiyse \u00f6nemli noktad\u0131r. PKK\u2019ya silah b\u0131rakt\u0131r\u0131rsa \u00f6nemli noktad\u0131r.<\/p>\n<p style=\"text-align: justify\">\u201cDEMOKRAT\u0130K S\u0130YASET\u0130N \u00d6N\u00dcN\u00dc A\u00c7ACAKSA FIRSAT VERMEK LAZIM\u201d<\/p>\n<p style=\"text-align: justify\">Ya\u015fl\u0131l\u0131k ayr\u0131 bir psikoloji. \u00d6mr\u00fcn\u00fcz\u00fc bir \u015feye adam\u0131\u015fs\u0131n\u0131z, bir s\u00fcr\u00fc plan yapm\u0131\u015fs\u0131n\u0131z. \u00d6mr\u00fcn\u00fcz son d\u00f6neminde bir \u015feye varmak istersiniz. O bir \u015fey demokratik siyasetin \u00f6n\u00fcn\u00fc a\u00e7acaksa buna f\u0131rsat vermek laz\u0131m. Biz demokratik zeminde yapacaklar\u0131m\u0131z yapt\u0131k. Onun d\u0131\u015f\u0131nda g\u00f6r\u00fc\u015fmeler teknik mevzular. T\u00fcrkiye\u2019den unsurlar\u0131n \u00e7ekilmesi, silahlar\u0131n b\u0131rak\u0131lmas\u0131. G\u00f6r\u00fc\u015f\u00fclen bunlard\u0131r. Yoksa oturup da sen ne alacaks\u0131n ben ne verece\u011fim meselesi de\u011fil. Suriye meselesi \u00f6nemli. Suriye\u2019nin gelece\u011fi nas\u0131l \u015fekillenecek, PYD varl\u0131\u011f\u0131 nas\u0131l tasfiye edilecek? Bunun \u00fczerinden bir form\u00fcl \u00fcretiliyordur diye d\u00fc\u015f\u00fcn\u00fcyorum.<\/p>\n<p style=\"text-align: justify\">\u201cKAND\u0130L \u00d6CALAN\u2019I D\u0130NLEMEZSE \u0130YOT G\u0130B\u0130 ORTADA KALIR\u201d<\/p>\n<p style=\"text-align: justify\">Bu Apoculuk hareketidir. Abdullah \u00d6calan herhangi bir ki\u015fi de\u011fil \u00f6rg\u00fct a\u00e7\u0131s\u0131ndan. \u00d6calan vard\u0131r ondan sonra ikinci, \u00fc\u00e7\u00fcnc\u00fc adam yoktur, ellinci adam vard\u0131r. Herkes s\u0131raya girer. \u00d6nce bu Apoculuk hareketidir, \u00d6calan\u2019\u0131n s\u00f6zleri tesir eder. Kararl\u0131 bir \u015fekilde talimat verse \u00e7o\u011fu sabaha uykudan kalkamaz. \u00d6calan ba\u015fka \u00fclkelere ka\u00e7t\u0131, farkl\u0131 yerlere gitti, sakland\u0131, hi\u00e7 g\u00f6r\u00fcnmedi ama onun \u00f6rg\u00fct\u00fc olarak kurdu, \u00f6rg\u00fcte etkisi devam etti. Burada herhangi birinin \u00d6calan\u2019a ra\u011fmen tav\u0131r geli\u015ftirebilece\u011fini sanm\u0131yorum. Ge\u00e7mi\u015f d\u00f6nemde \u00d6calan bir \u015fey s\u00f6yleyince Kandil m\u0131r\u0131n k\u0131r\u0131n etti. \u00d6rg\u00fct, Kandil bilerek ayak diredi, elini y\u00fckseltmek i\u00e7in bu t\u00fcr \u015feyler yapt\u0131 ge\u00e7mi\u015fte. Bug\u00fcn o g\u00fcn de\u011fil. Siyasi oyunlar \u00e7evirme g\u00fcn\u00fc de\u011fil. Bir noktaya gelindi. \u2018Yok \u00d6calan cezaevinde, onu dinlemiyoruz\u2019 laflar\u0131n\u0131 kimse yemez. Amerika\u2019n\u0131n ve birtak\u0131m g\u00fc\u00e7lerin vas\u0131tas\u0131yla birtak\u0131m \u015feyler yapabilirler. Ama g\u00fcn\u00fcn sonunda Apo \u00f6rg\u00fct \u00fczerinde etkilidir. E\u011fer dinlememe gibi durum olursa iyot gibi ortada kal\u0131rlar.<\/p>\n<p style=\"text-align: justify\">\u201c\u00c7OK UZAMAZ, \u00d6RG\u00dcT\u00dcN AYAK D\u0130REYEB\u0130LECE\u011e\u0130N\u0130 SANMIYORUM\u201d<\/p>\n<p style=\"text-align: justify\">Devlet m\u00fccadelede zay\u0131f kald\u0131\u011f\u0131 i\u00e7in bu i\u015fi yapm\u0131yor, devlet ezip ge\u00e7iyor. B\u00f6yle siyasi manevralar\u0131 bu s\u00fcre\u00e7te kimse yutmaz. Devlet Bey de a\u00e7\u0131klama yapt\u0131, bir an \u00f6nce olmas\u0131 gerekir gibi. \u00c7ok uzayaca\u011f\u0131n\u0131 sanm\u0131yorum. \u00c7ok gecikmeden olur diye d\u00fc\u015f\u00fcn\u00fcyorum. \u00d6rg\u00fct\u00fcn ayak direyebilece\u011fini sanm\u0131yorum. D\u00fcnyan\u0131n gidi\u015fat\u0131, b\u00f6lgesel denklemde mesafe kat etmek laz\u0131m.<\/p>\n<p style=\"text-align: justify\">\u201cT\u00dcRK\u0130YE\u2019N\u0130N KEND\u0130 G\u00dcC\u00dcYLE SORUNU \u00c7\u00d6ZMES\u0130N\u0130 \u0130STEMED\u0130LER\u201d<\/p>\n<p style=\"text-align: justify\">\u0130ran\u2019\u0131n kom\u015fulu\u011fu her zaman iyidir ama bu iyilik neyi ifade eder; \u015fartlara ve konuma ba\u011fl\u0131 olarak. Sonu\u00e7ta Kandil\u2019deki \u00f6rg\u00fct eleba\u015flar\u0131n\u0131n farkl\u0131 \u00fclke ve servislerle ili\u015fkileri var. Devletler aras\u0131nda bir \u015feyi beyaz g\u00f6rebilirsiniz ama arka planda ba\u015fka ili\u015fkiler \u00e7\u0131kabilir. Ben kimsenin \u2018T\u00fcrkiye bu sorunu \u00e7\u00f6zs\u00fcn\u2019 diye istedi\u011fi kanaatinde de\u011filim. Oslo\u2019da ba\u015fka bir devlet vard\u0131. Ama \u00e7\u00f6z\u00fcm s\u00fcrecini, demokratik a\u00e7\u0131l\u0131m\u0131 kendimiz yapmad\u0131k. Yabanc\u0131 bir devlet, yabanc\u0131 ak\u0131l yoktu i\u015fin i\u00e7inde. T\u00fcrkiye\u2019nin kendi g\u00fcc\u00fcyle bu sorunu \u00e7\u00f6zmesini istemediler. \u015eimdi biz \u00e7\u00f6z\u00fcyoruz.<\/p>\n<p style=\"text-align: justify\">\u201cB\u0130Z BUNU M\u0130LL\u0130 B\u0130R PROJE OLARAK YAPMAK ZORUNDAYIZ\u201d<\/p>\n<p style=\"text-align: justify\">\u015eimdi Suriye\u2019de yeni denklem. Trump belki PYD\u2019yi g\u00f6zden \u00e7\u0131karabilir ama \u0130srail\u2019i ne kadar \u00e7\u0131karabilecek. T\u00fcrkiye\u2019nin ba\u015f\u0131na bela olabilecek bir \u0130srail dursun ister. Biz hepsine ra\u011fmen, kim ne isterse istesin, T\u00fcrkiye i\u00e7in beka meselesi olarak biz bunu milli bir proje olarak yapmak zorunday\u0131z.<\/p>\n<p style=\"text-align: justify\">\u201c\u00d6RG\u00dcT\u00dcN BLOK OLARAK KAR\u015eI DURAB\u0130LECE\u011e\u0130N\u0130 SANMIYORUM\u201d<\/p>\n<p style=\"text-align: justify\">Gelinen noktada hem b\u00f6lgesel geli\u015fmeler hem \u00f6rg\u00fct\u00fcn gidecek yerinin kalmamas\u0131. Burada devrimci \u015fiddet safsatas\u0131n\u0131 bir kenara b\u0131rak\u0131p herkesin demokratik siyasete \u00f6ncelik vermesi laz\u0131m. Gelir kendini ifade edebilir. \u00d6rg\u00fct\u00fcn blok olarak Apo\u2019ya kar\u015f\u0131 durabilece\u011fini sanm\u0131yorum. Gen\u00e7lik yap\u0131lanmas\u0131 vs. mutlaka \u00e7atlama olabilir, kendi i\u00e7inde infazlar ya\u015fanabilir. \u00c7ok zorlama ile direnebilirler. \u015eu anda zaman\u0131n ruhu ve konjonkt\u00fcr\u00fcn buna \u00e7ok uygun oldu\u011funu d\u00fc\u015f\u00fcnm\u00fcyorum. Birtak\u0131m \u015feyler olacaksa, gizli kapakl\u0131 bir \u015fey oluyor, saman alt\u0131ndan su y\u00fcr\u00fct\u00fcyorlar gibi g\u00f6rmemek laz\u0131m. Birtak\u0131m \u015feyler olacaksa Meclis\u2019te olacak, g\u00f6r\u00fc\u015f\u00fclecek, tart\u0131\u015f\u0131lacak. Kamuoyunun g\u00f6zleri \u00f6n\u00fcnde olacak. Ge\u00e7mi\u015fte de bunu s\u00f6yl\u00fcyorum.<\/p>\n<p style=\"text-align: justify\">\n","protected":false},"excerpt":{"rendered":"<p>Devlet-\u0130mral\u0131 ve PKK g\u00f6r\u00fc\u015fmelerinde 2012 y\u0131l\u0131nda rol alan ve d\u00f6nemin Ba\u015fbakan Yard\u0131mc\u0131s\u0131 Yal\u00e7\u0131n Akdo\u011fan yeni s\u00fcrece d\u00f6n\u00fck a\u00e7\u0131klamalar yapt\u0131. Akdo\u011fan, Dolmabah\u00e7e mutabakat\u0131na da AKP ad\u0131na kat\u0131lan \u00f6nemli bir isimdi.\u00a0 Haber T\u00fcrk\u2019e konu\u015fan Akdo\u011fan\u2019\u0131n konu\u015fmas\u0131ndan \u00f6nemli ba\u015fl\u0131klar \u015funlar. \u201cDEVLET BEY\u2019\u0130N YAPTI\u011eI, PARAD\u0130GMA SEV\u0130YES\u0130NDE Y\u00dcKSEK S\u0130YASET\u201d Ben tabii arka aplanda neler yap\u0131ld\u0131\u011f\u0131n\u0131 bilmiyorum tabii. O g\u00fcnlerde \u015f\u00f6yle [&hellip;]<\/p>\n","protected":false},"author":2,"featured_media":1032581,"comment_status":"closed","ping_status":"closed","sticky":false,"template":"","format":"standard","meta":{"footnotes":""},"categories":[39],"tags":[31],"class_list":["post-1032580","post","type-post","status-publish","format-standard","has-post-thumbnail","hentry","category-ozel-dosya","tag-onemli"],"blocksy_meta":[],"seo_head":"<!-- This site is optimized with the Yoast SEO plugin v27.5 - https:\/\/yoast.com\/product\/yoast-seo-wordpress\/ -->\n<title>2012 \u00e7\u00f6z\u00fcm s\u00fcrecinin kilit adamlar\u0131ndan Yal\u00e7\u0131n Akdo\u011fan yeni s\u00fcreci, \u00d6calan ve PKK\u2019ye de\u011ferlendirdi: Apo \u00f6rg\u00fct \u00fczerinde etkilidir. Dinlemezlerse iyot gibi ortada kal\u0131rlar - Darka Mazi<\/title>\n<meta name=\"robots\" content=\"index, follow, max-snippet:-1, max-image-preview:large, max-video-preview:-1\" \/>\n<link rel=\"canonical\" href=\"https:\/\/darkamazi.site\/archives\/1032580\" \/>\n<meta property=\"og:locale\" content=\"en_US\" \/>\n<meta property=\"og:type\" content=\"article\" \/>\n<meta property=\"og:title\" content=\"2012 \u00e7\u00f6z\u00fcm s\u00fcrecinin kilit adamlar\u0131ndan Yal\u00e7\u0131n Akdo\u011fan yeni s\u00fcreci, \u00d6calan ve PKK\u2019ye de\u011ferlendirdi: Apo \u00f6rg\u00fct \u00fczerinde etkilidir. Dinlemezlerse iyot gibi ortada kal\u0131rlar - Darka Mazi\" \/>\n<meta property=\"og:description\" content=\"Devlet-\u0130mral\u0131 ve PKK g\u00f6r\u00fc\u015fmelerinde 2012 y\u0131l\u0131nda rol alan ve d\u00f6nemin Ba\u015fbakan Yard\u0131mc\u0131s\u0131 Yal\u00e7\u0131n Akdo\u011fan yeni s\u00fcrece d\u00f6n\u00fck a\u00e7\u0131klamalar yapt\u0131. Akdo\u011fan, Dolmabah\u00e7e mutabakat\u0131na da AKP ad\u0131na kat\u0131lan \u00f6nemli bir isimdi.\u00a0 Haber T\u00fcrk\u2019e konu\u015fan Akdo\u011fan\u2019\u0131n konu\u015fmas\u0131ndan \u00f6nemli ba\u015fl\u0131klar \u015funlar. \u201cDEVLET BEY\u2019\u0130N YAPTI\u011eI, PARAD\u0130GMA SEV\u0130YES\u0130NDE Y\u00dcKSEK S\u0130YASET\u201d Ben tabii arka aplanda neler yap\u0131ld\u0131\u011f\u0131n\u0131 bilmiyorum tabii. O g\u00fcnlerde \u015f\u00f6yle [&hellip;]\" \/>\n<meta property=\"og:url\" content=\"https:\/\/darkamazi.site\/archives\/1032580\" \/>\n<meta property=\"og:site_name\" content=\"Darka Mazi\" \/>\n<meta property=\"article:publisher\" content=\"https:\/\/www.facebook.com\/DarkaMaziturkce\" \/>\n<meta property=\"article:published_time\" content=\"2025-01-15T14:46:52+00:00\" \/>\n<meta property=\"article:modified_time\" content=\"2026-03-31T13:17:54+00:00\" \/>\n<meta property=\"og:image\" content=\"https:\/\/darkamazi.site\/file\/2025\/01\/Akdogan-Ocalan.jpg\" \/>\n\t<meta property=\"og:image:width\" content=\"620\" \/>\n\t<meta property=\"og:image:height\" content=\"310\" \/>\n\t<meta property=\"og:image:type\" content=\"image\/jpeg\" \/>\n<meta name=\"author\" content=\"darka mazi\" \/>\n<meta name=\"twitter:card\" content=\"summary_large_image\" \/>\n<meta name=\"twitter:creator\" content=\"@DarkaMaziTurkce\" \/>\n<meta name=\"twitter:site\" content=\"@DarkaMaziTurkce\" \/>\n<meta name=\"twitter:label1\" content=\"Written by\" \/>\n\t<meta name=\"twitter:data1\" content=\"darka mazi\" \/>\n\t<meta name=\"twitter:label2\" content=\"Est. reading time\" \/>\n\t<meta name=\"twitter:data2\" content=\"8 minutes\" \/>\n<script type=\"application\/ld+json\" class=\"seo-schema-graph\">{\"@context\":\"https:\\\/\\\/schema.org\",\"@graph\":[{\"@type\":\"NewsArticle\",\"@id\":\"https:\\\/\\\/darkamazi.site\\\/archives\\\/1032580#article\",\"isPartOf\":{\"@id\":\"https:\\\/\\\/darkamazi.site\\\/archives\\\/1032580\"},\"author\":{\"name\":\"darka mazi\",\"@id\":\"https:\\\/\\\/darkamazi.site\\\/#\\\/schema\\\/person\\\/67986a95ac546c16760365877ef4a9d3\"},\"headline\":\"2012 \u00e7\u00f6z\u00fcm s\u00fcrecinin kilit adamlar\u0131ndan Yal\u00e7\u0131n Akdo\u011fan yeni s\u00fcreci, \u00d6calan ve PKK\u2019ye de\u011ferlendirdi: Apo \u00f6rg\u00fct \u00fczerinde etkilidir. Dinlemezlerse iyot gibi ortada kal\u0131rlar\",\"datePublished\":\"2025-01-15T14:46:52+00:00\",\"dateModified\":\"2026-03-31T13:17:54+00:00\",\"mainEntityOfPage\":{\"@id\":\"https:\\\/\\\/darkamazi.site\\\/archives\\\/1032580\"},\"wordCount\":2554,\"publisher\":{\"@id\":\"https:\\\/\\\/darkamazi.site\\\/#organization\"},\"image\":{\"@id\":\"https:\\\/\\\/darkamazi.site\\\/archives\\\/1032580#primaryimage\"},\"thumbnailUrl\":\"https:\\\/\\\/darkamazi.site\\\/darka-content\\\/uploads\\\/2025\\\/01\\\/Akdogan-Ocalan.jpg\",\"keywords\":[\"\u00f6nemli\"],\"articleSection\":[\"\u00d6zel Dosya\"],\"inLanguage\":\"en-US\"},{\"@type\":\"WebPage\",\"@id\":\"https:\\\/\\\/darkamazi.site\\\/archives\\\/1032580\",\"url\":\"https:\\\/\\\/darkamazi.site\\\/archives\\\/1032580\",\"name\":\"2012 \u00e7\u00f6z\u00fcm s\u00fcrecinin kilit adamlar\u0131ndan Yal\u00e7\u0131n Akdo\u011fan yeni s\u00fcreci, \u00d6calan ve PKK\u2019ye de\u011ferlendirdi: Apo \u00f6rg\u00fct \u00fczerinde etkilidir. Dinlemezlerse iyot gibi ortada kal\u0131rlar - Darka Mazi\",\"isPartOf\":{\"@id\":\"https:\\\/\\\/darkamazi.site\\\/#website\"},\"primaryImageOfPage\":{\"@id\":\"https:\\\/\\\/darkamazi.site\\\/archives\\\/1032580#primaryimage\"},\"image\":{\"@id\":\"https:\\\/\\\/darkamazi.site\\\/archives\\\/1032580#primaryimage\"},\"thumbnailUrl\":\"https:\\\/\\\/darkamazi.site\\\/darka-content\\\/uploads\\\/2025\\\/01\\\/Akdogan-Ocalan.jpg\",\"datePublished\":\"2025-01-15T14:46:52+00:00\",\"dateModified\":\"2026-03-31T13:17:54+00:00\",\"breadcrumb\":{\"@id\":\"https:\\\/\\\/darkamazi.site\\\/archives\\\/1032580#breadcrumb\"},\"inLanguage\":\"en-US\",\"potentialAction\":[{\"@type\":\"ReadAction\",\"target\":[\"https:\\\/\\\/darkamazi.site\\\/archives\\\/1032580\"]}]},{\"@type\":\"ImageObject\",\"inLanguage\":\"en-US\",\"@id\":\"https:\\\/\\\/darkamazi.site\\\/archives\\\/1032580#primaryimage\",\"url\":\"https:\\\/\\\/darkamazi.site\\\/darka-content\\\/uploads\\\/2025\\\/01\\\/Akdogan-Ocalan.jpg\",\"contentUrl\":\"https:\\\/\\\/darkamazi.site\\\/darka-content\\\/uploads\\\/2025\\\/01\\\/Akdogan-Ocalan.jpg\",\"width\":620,\"height\":310,\"caption\":\"2012 \u00e7\u00f6z\u00fcm s\u00fcrecinin kilit adamlar\u0131ndan Yal\u00e7\u0131n Akdo\u011fan yeni s\u00fcreci, \u00d6calan ve PKK\u2019ye de\u011ferlendirdi: Apo \u00f6rg\u00fct \u00fczerinde etkilidir. Dinlemezlerse iyot gibi ortada kal\u0131rlar\"},{\"@type\":\"BreadcrumbList\",\"@id\":\"https:\\\/\\\/darkamazi.site\\\/archives\\\/1032580#breadcrumb\",\"itemListElement\":[{\"@type\":\"ListItem\",\"position\":1,\"name\":\"Home\",\"item\":\"https:\\\/\\\/darkamazi.site\\\/\"},{\"@type\":\"ListItem\",\"position\":2,\"name\":\"2012 \u00e7\u00f6z\u00fcm s\u00fcrecinin kilit adamlar\u0131ndan Yal\u00e7\u0131n Akdo\u011fan yeni s\u00fcreci, \u00d6calan ve PKK\u2019ye de\u011ferlendirdi: Apo \u00f6rg\u00fct \u00fczerinde etkilidir. Dinlemezlerse iyot gibi ortada kal\u0131rlar\"}]},{\"@type\":\"WebSite\",\"@id\":\"https:\\\/\\\/darkamazi.site\\\/#website\",\"url\":\"https:\\\/\\\/darkamazi.site\\\/\",\"name\":\"Darka Mazi\",\"description\":\"Ana Sayfa\",\"publisher\":{\"@id\":\"https:\\\/\\\/darkamazi.site\\\/#organization\"},\"potentialAction\":[{\"@type\":\"SearchAction\",\"target\":{\"@type\":\"EntryPoint\",\"urlTemplate\":\"https:\\\/\\\/darkamazi.site\\\/?s={search_term_string}\"},\"query-input\":{\"@type\":\"PropertyValueSpecification\",\"valueRequired\":true,\"valueName\":\"search_term_string\"}}],\"inLanguage\":\"en-US\"},{\"@type\":\"Organization\",\"@id\":\"https:\\\/\\\/darkamazi.site\\\/#organization\",\"name\":\"Darka Mazi T\u00fcrk\u00e7e\",\"alternateName\":\"Darka Mazi\",\"url\":\"https:\\\/\\\/darkamazi.site\\\/\",\"logo\":{\"@type\":\"ImageObject\",\"inLanguage\":\"en-US\",\"@id\":\"https:\\\/\\\/darkamazi.site\\\/#\\\/schema\\\/logo\\\/image\\\/\",\"url\":\"https:\\\/\\\/darkamazi.site\\\/darka-content\\\/uploads\\\/2017\\\/12\\\/darka-mazi-logo.png\",\"contentUrl\":\"https:\\\/\\\/darkamazi.site\\\/darka-content\\\/uploads\\\/2017\\\/12\\\/darka-mazi-logo.png\",\"width\":151,\"height\":75,\"caption\":\"Darka Mazi T\u00fcrk\u00e7e\"},\"image\":{\"@id\":\"https:\\\/\\\/darkamazi.site\\\/#\\\/schema\\\/logo\\\/image\\\/\"},\"sameAs\":[\"https:\\\/\\\/www.facebook.com\\\/DarkaMaziturkce\",\"https:\\\/\\\/x.com\\\/DarkaMaziTurkce\"]},{\"@type\":\"Person\",\"@id\":\"https:\\\/\\\/darkamazi.site\\\/#\\\/schema\\\/person\\\/67986a95ac546c16760365877ef4a9d3\",\"name\":\"darka mazi\",\"sameAs\":[\"https:\\\/\\\/darkamazi.site\"],\"url\":\"https:\\\/\\\/darkamazi.site\\\/archives\\\/author\\\/turkish\"}]}<\/script>\n<!-- \/ Yoast SEO plugin. -->","seo_head_json":{"title":"2012 \u00e7\u00f6z\u00fcm s\u00fcrecinin kilit adamlar\u0131ndan Yal\u00e7\u0131n Akdo\u011fan yeni s\u00fcreci, \u00d6calan ve PKK\u2019ye de\u011ferlendirdi: Apo \u00f6rg\u00fct \u00fczerinde etkilidir. Dinlemezlerse iyot gibi ortada kal\u0131rlar - Darka Mazi","robots":{"index":"index","follow":"follow","max-snippet":"max-snippet:-1","max-image-preview":"max-image-preview:large","max-video-preview":"max-video-preview:-1"},"canonical":"https:\/\/darkamazi.site\/archives\/1032580","og_locale":"en_US","og_type":"article","og_title":"2012 \u00e7\u00f6z\u00fcm s\u00fcrecinin kilit adamlar\u0131ndan Yal\u00e7\u0131n Akdo\u011fan yeni s\u00fcreci, \u00d6calan ve PKK\u2019ye de\u011ferlendirdi: Apo \u00f6rg\u00fct \u00fczerinde etkilidir. Dinlemezlerse iyot gibi ortada kal\u0131rlar - Darka Mazi","og_description":"Devlet-\u0130mral\u0131 ve PKK g\u00f6r\u00fc\u015fmelerinde 2012 y\u0131l\u0131nda rol alan ve d\u00f6nemin Ba\u015fbakan Yard\u0131mc\u0131s\u0131 Yal\u00e7\u0131n Akdo\u011fan yeni s\u00fcrece d\u00f6n\u00fck a\u00e7\u0131klamalar yapt\u0131. Akdo\u011fan, Dolmabah\u00e7e mutabakat\u0131na da AKP ad\u0131na kat\u0131lan \u00f6nemli bir isimdi.\u00a0 Haber T\u00fcrk\u2019e konu\u015fan Akdo\u011fan\u2019\u0131n konu\u015fmas\u0131ndan \u00f6nemli ba\u015fl\u0131klar \u015funlar. \u201cDEVLET BEY\u2019\u0130N YAPTI\u011eI, PARAD\u0130GMA SEV\u0130YES\u0130NDE Y\u00dcKSEK S\u0130YASET\u201d Ben tabii arka aplanda neler yap\u0131ld\u0131\u011f\u0131n\u0131 bilmiyorum tabii. O g\u00fcnlerde \u015f\u00f6yle [&hellip;]","og_url":"https:\/\/darkamazi.site\/archives\/1032580","og_site_name":"Darka Mazi","article_publisher":"https:\/\/www.facebook.com\/DarkaMaziturkce","article_published_time":"2025-01-15T14:46:52+00:00","article_modified_time":"2026-03-31T13:17:54+00:00","og_image":[{"width":620,"height":310,"url":"https:\/\/darkamazi.site\/file\/2025\/01\/Akdogan-Ocalan.jpg","type":"image\/jpeg"}],"author":"darka mazi","twitter_card":"summary_large_image","twitter_creator":"@DarkaMaziTurkce","twitter_site":"@DarkaMaziTurkce","twitter_misc":{"Written by":"darka mazi","Est. reading time":"8 minutes"},"schema":{"@context":"https:\/\/schema.org","@graph":[{"@type":"NewsArticle","@id":"https:\/\/darkamazi.site\/archives\/1032580#article","isPartOf":{"@id":"https:\/\/darkamazi.site\/archives\/1032580"},"author":{"name":"darka mazi","@id":"https:\/\/darkamazi.site\/#\/schema\/person\/67986a95ac546c16760365877ef4a9d3"},"headline":"2012 \u00e7\u00f6z\u00fcm s\u00fcrecinin kilit adamlar\u0131ndan Yal\u00e7\u0131n Akdo\u011fan yeni s\u00fcreci, \u00d6calan ve PKK\u2019ye de\u011ferlendirdi: Apo \u00f6rg\u00fct \u00fczerinde etkilidir. Dinlemezlerse iyot gibi ortada kal\u0131rlar","datePublished":"2025-01-15T14:46:52+00:00","dateModified":"2026-03-31T13:17:54+00:00","mainEntityOfPage":{"@id":"https:\/\/darkamazi.site\/archives\/1032580"},"wordCount":2554,"publisher":{"@id":"https:\/\/darkamazi.site\/#organization"},"image":{"@id":"https:\/\/darkamazi.site\/archives\/1032580#primaryimage"},"thumbnailUrl":"https:\/\/darkamazi.site\/file\/2025\/01\/Akdogan-Ocalan.jpg","keywords":["\u00f6nemli"],"articleSection":["\u00d6zel Dosya"],"inLanguage":"en-US"},{"@type":"WebPage","@id":"https:\/\/darkamazi.site\/archives\/1032580","url":"https:\/\/darkamazi.site\/archives\/1032580","name":"2012 \u00e7\u00f6z\u00fcm s\u00fcrecinin kilit adamlar\u0131ndan Yal\u00e7\u0131n Akdo\u011fan yeni s\u00fcreci, \u00d6calan ve PKK\u2019ye de\u011ferlendirdi: Apo \u00f6rg\u00fct \u00fczerinde etkilidir. Dinlemezlerse iyot gibi ortada kal\u0131rlar - Darka Mazi","isPartOf":{"@id":"https:\/\/darkamazi.site\/#website"},"primaryImageOfPage":{"@id":"https:\/\/darkamazi.site\/archives\/1032580#primaryimage"},"image":{"@id":"https:\/\/darkamazi.site\/archives\/1032580#primaryimage"},"thumbnailUrl":"https:\/\/darkamazi.site\/file\/2025\/01\/Akdogan-Ocalan.jpg","datePublished":"2025-01-15T14:46:52+00:00","dateModified":"2026-03-31T13:17:54+00:00","breadcrumb":{"@id":"https:\/\/darkamazi.site\/archives\/1032580#breadcrumb"},"inLanguage":"en-US","potentialAction":[{"@type":"ReadAction","target":["https:\/\/darkamazi.site\/archives\/1032580"]}]},{"@type":"ImageObject","inLanguage":"en-US","@id":"https:\/\/darkamazi.site\/archives\/1032580#primaryimage","url":"https:\/\/darkamazi.site\/file\/2025\/01\/Akdogan-Ocalan.jpg","contentUrl":"https:\/\/darkamazi.site\/file\/2025\/01\/Akdogan-Ocalan.jpg","width":620,"height":310,"caption":"2012 \u00e7\u00f6z\u00fcm s\u00fcrecinin kilit adamlar\u0131ndan Yal\u00e7\u0131n Akdo\u011fan yeni s\u00fcreci, \u00d6calan ve PKK\u2019ye de\u011ferlendirdi: Apo \u00f6rg\u00fct \u00fczerinde etkilidir. Dinlemezlerse iyot gibi ortada kal\u0131rlar"},{"@type":"BreadcrumbList","@id":"https:\/\/darkamazi.site\/archives\/1032580#breadcrumb","itemListElement":[{"@type":"ListItem","position":1,"name":"Home","item":"https:\/\/darkamazi.site\/"},{"@type":"ListItem","position":2,"name":"2012 \u00e7\u00f6z\u00fcm s\u00fcrecinin kilit adamlar\u0131ndan Yal\u00e7\u0131n Akdo\u011fan yeni s\u00fcreci, \u00d6calan ve PKK\u2019ye de\u011ferlendirdi: Apo \u00f6rg\u00fct \u00fczerinde etkilidir. Dinlemezlerse iyot gibi ortada kal\u0131rlar"}]},{"@type":"WebSite","@id":"https:\/\/darkamazi.site\/#website","url":"https:\/\/darkamazi.site\/","name":"Darka Mazi","description":"Ana Sayfa","publisher":{"@id":"https:\/\/darkamazi.site\/#organization"},"potentialAction":[{"@type":"SearchAction","target":{"@type":"EntryPoint","urlTemplate":"https:\/\/darkamazi.site\/?s={search_term_string}"},"query-input":{"@type":"PropertyValueSpecification","valueRequired":true,"valueName":"search_term_string"}}],"inLanguage":"en-US"},{"@type":"Organization","@id":"https:\/\/darkamazi.site\/#organization","name":"Darka Mazi T\u00fcrk\u00e7e","alternateName":"Darka Mazi","url":"https:\/\/darkamazi.site\/","logo":{"@type":"ImageObject","inLanguage":"en-US","@id":"https:\/\/darkamazi.site\/#\/schema\/logo\/image\/","url":"https:\/\/darkamazi.site\/file\/2017\/12\/darka-mazi-logo.png","contentUrl":"https:\/\/darkamazi.site\/file\/2017\/12\/darka-mazi-logo.png","width":151,"height":75,"caption":"Darka Mazi T\u00fcrk\u00e7e"},"image":{"@id":"https:\/\/darkamazi.site\/#\/schema\/logo\/image\/"},"sameAs":["https:\/\/www.facebook.com\/DarkaMaziturkce","https:\/\/x.com\/DarkaMaziTurkce"]},{"@type":"Person","@id":"https:\/\/darkamazi.site\/#\/schema\/person\/67986a95ac546c16760365877ef4a9d3","name":"darka mazi","sameAs":["https:\/\/darkamazi.site"],"url":"https:\/\/darkamazi.site\/archives\/author\/turkish"}]}},"_links":{"self":[{"href":"https:\/\/darkamazi.site\/funavuv\/wp\/v2\/posts\/1032580","targetHints":{"allow":["GET"]}}],"collection":[{"href":"https:\/\/darkamazi.site\/funavuv\/wp\/v2\/posts"}],"about":[{"href":"https:\/\/darkamazi.site\/funavuv\/wp\/v2\/types\/post"}],"author":[{"embeddable":true,"href":"https:\/\/darkamazi.site\/funavuv\/wp\/v2\/users\/2"}],"replies":[{"embeddable":true,"href":"https:\/\/darkamazi.site\/funavuv\/wp\/v2\/comments?post=1032580"}],"version-history":[{"count":0,"href":"https:\/\/darkamazi.site\/funavuv\/wp\/v2\/posts\/1032580\/revisions"}],"wp:featuredmedia":[{"embeddable":true,"href":"https:\/\/darkamazi.site\/funavuv\/wp\/v2\/media\/1032581"}],"wp:attachment":[{"href":"https:\/\/darkamazi.site\/funavuv\/wp\/v2\/media?parent=1032580"}],"wp:term":[{"taxonomy":"category","embeddable":true,"href":"https:\/\/darkamazi.site\/funavuv\/wp\/v2\/categories?post=1032580"},{"taxonomy":"post_tag","embeddable":true,"href":"https:\/\/darkamazi.site\/funavuv\/wp\/v2\/tags?post=1032580"}],"curies":[{"name":"wp","href":"https:\/\/api.w.org\/{rel}","templated":true}]}}