{"id":1032588,"date":"2025-01-15T21:08:04","date_gmt":"2025-01-15T18:08:04","guid":{"rendered":"https:\/\/darkamazi.site\/?p=1032588"},"modified":"2026-03-31T16:17:53","modified_gmt":"2026-03-31T13:17:53","slug":"iran-devletinin-hewlerde-jina-bebek-ve-babasini-katlettigi-saldirinin-ustunden-bir-yil-gecti","status":"publish","type":"post","link":"https:\/\/darkamazi.site\/archives\/1032588","title":{"rendered":"\u0130ran devletinin Hewler&#8217;de Jina bebek ve babas\u0131n\u0131 katletti\u011fi sald\u0131r\u0131n\u0131n \u00fcst\u00fcnden bir y\u0131l ge\u00e7ti"},"content":{"rendered":"<p><strong>Bundan bir y\u0131l \u00f6nce 15 Ocak 2024 Pazartesi g\u00fcn\u00fc gece saat 23.30 sular\u0131nda i\u015f insan\u0131 Pe\u015fraw Dizayi\u2019nin Erbil\u2019de bulunan evi \u0130ran Devrim Muhaf\u0131zlar\u0131na ait f\u00fczelerle hedef al\u0131nd\u0131.\u00a0<\/strong><\/p>\n<p>Sald\u0131r\u0131larda aralar\u0131nda K\u00fcrt i\u015f insan\u0131 Dizayi ve bir bu\u00e7uk ya\u015f\u0131ndaki k\u0131z\u0131n da bulundu\u011fu 5 sivil hayat\u0131n\u0131 kaybederken, baz\u0131lar\u0131n\u0131n durumu a\u011f\u0131r olmak \u00fczere bir\u00e7ok sivil de yaraland\u0131.<\/p>\n<p>K\u00fcrdistan B\u00f6lgesi Ba\u015fbakan\u0131 Mesrur Barzani 16 Ocak 2024&#8217;te sald\u0131r\u0131ya ili\u015fkin a\u00e7\u0131klamada bulunarak, Irak H\u00fck\u00fcmeti ile uluslararas\u0131 topluma \u00e7a\u011fr\u0131 yapt\u0131.<\/p>\n<p>\u201cK\u00fcrdistan B\u00f6lgesi halk\u0131na y\u00f6nelik bu al\u00e7ak\u00e7a sald\u0131r\u0131y\u0131 en g\u00fc\u00e7l\u00fc \u015fekilde k\u0131n\u0131yorum. Ba\u011fdat H\u00fck\u00fcmetini, Irak ve K\u00fcrdistan B\u00f6lgesi&#8217;nin egemenli\u011finin a\u00e7\u0131k ihlali olan bu sald\u0131r\u0131ya kar\u015f\u0131 ilkeli bir tav\u0131r sergilemeye \u00e7a\u011f\u0131r\u0131yorum.\u201d diyen Mesrur Barzani, uluslararas\u0131 toplumdaki ortaklara K\u00fcrdistan halk\u0131na y\u00f6nelik art arda yap\u0131lan sald\u0131r\u0131lar kar\u015f\u0131s\u0131nda sessiz kalmamalar\u0131 \u00e7a\u011fr\u0131s\u0131nda bulundu.<\/p>\n<p>Ba\u015fkan Mesud Barzani de 16 Ocak 2024&#8217;te Erbil\u2019e d\u00fczenlenen f\u00fczeli sald\u0131r\u0131lara ili\u015fkin a\u00e7\u0131klamada bulunarak, \u201cBu sald\u0131r\u0131lar K\u00fcrdistan halk\u0131na kar\u015f\u0131 yap\u0131lan a\u00e7\u0131k bir haks\u0131zl\u0131kt\u0131r.\u201d ifadesini kulland\u0131.<\/p>\n<p>Erbil\u2019e d\u00fczenlenen f\u00fczeli sald\u0131r\u0131lar\u0131 ara\u015ft\u0131rmak \u00fczere Irak Ba\u015fbakan\u0131 Muhammed \u015eiya Sudani\u2019nin talimat\u0131yla olu\u015fturulan komite, Irak Ulusal G\u00fcvenlik Dan\u0131\u015fman\u0131 Kas\u0131m el-Araci ba\u015fkanl\u0131\u011f\u0131nda Erbil\u2019e geldi.<\/p>\n<p>\u0130ran\u2019\u0131n sivilleri hedef alan s\u00f6z konusu sald\u0131r\u0131s\u0131na kar\u015f\u0131 Erbil, Soran, Duhok ve Zaho ba\u015fta olmak \u00fczere \u00e7ok say\u0131da kentte protesto g\u00f6sterileri d\u00fczenlendi.<\/p>\n<p>\u00d6te yandan \u015fehit Pe\u015fraw Dizayi\u2019nin e\u015fi Dr. Hana Cutyar, hastanede tedavi g\u00f6rd\u00fc\u011f\u00fc d\u00f6nemde sald\u0131r\u0131 gecesini anlatt\u0131.<\/p>\n<p>Hana Cutyar, sald\u0131r\u0131n\u0131n ya\u015fand\u0131\u011f\u0131 gece Pe\u015fraw Dizayi\u2019nin arkada\u015f\u0131 Irakl\u0131 tan\u0131nan i\u015f insan\u0131 Kerem Mikhail\u2019in evde misafir oldu\u011funu, sald\u0131r\u0131 an\u0131nda Dizayi, b\u00fcy\u00fck o\u011flu Roj ve arkada\u015f\u0131 Mikhail\u2019in salonda, \u00e7ocuklar\u0131n ise bak\u0131c\u0131lar\u0131yla birlikte kendi odalar\u0131nda oldu\u011funu s\u00f6yledi.<\/p>\n<p>Biri k\u0131z, biri erkek olmak \u00fczere iki \u00e7ocu\u011fu oldu\u011funu belirten Hana Cutyar, o gece yukar\u0131 kata 5 ki\u015fi olduklar\u0131n\u0131 aktard\u0131.<\/p>\n<p>Hana Cutyar, \u201c\u00c7al\u0131\u015fanlardan Arly&#8217;ye misafirlerin yan\u0131na gidip hizmet etmesini s\u00f6yledim. Tam o s\u0131rada evin tavan\u0131n\u0131n y\u0131k\u0131ld\u0131\u011f\u0131n\u0131 g\u00f6rd\u00fcm. Sonra Kur\u2019an sesi duydum. Allah\u2019\u0131m bize yard\u0131m et dedim. Kendimden ge\u00e7tim ve sonra birinin, karanl\u0131kta \u2018kim var orada, ben doktorum\u2019 diye seslendi\u011fini duydum. Bana, \u2018bize yard\u0131m et ve aya\u011f\u0131n\u0131 uzat\u2019 dediler, sonra kendimi ambulansta g\u00f6rd\u00fcm.\u201d dedi.<\/p>\n<p>Hana Cutyar, sald\u0131r\u0131n\u0131n ya\u015fand\u0131\u011f\u0131 gece son derece normal bir g\u00fcn ge\u00e7irdiklerini, aile ortam\u0131nda olduklar\u0131n\u0131 ve herhangi bir sorun ya\u015famad\u0131klar\u0131n\u0131 anlatt\u0131.<\/p>\n","protected":false},"excerpt":{"rendered":"<p>Bundan bir y\u0131l \u00f6nce 15 Ocak 2024 Pazartesi g\u00fcn\u00fc gece saat 23.30 sular\u0131nda i\u015f insan\u0131 Pe\u015fraw Dizayi\u2019nin Erbil\u2019de bulunan evi \u0130ran Devrim Muhaf\u0131zlar\u0131na ait f\u00fczelerle hedef al\u0131nd\u0131.\u00a0 Sald\u0131r\u0131larda aralar\u0131nda K\u00fcrt i\u015f insan\u0131 Dizayi ve bir bu\u00e7uk ya\u015f\u0131ndaki k\u0131z\u0131n da bulundu\u011fu 5 sivil hayat\u0131n\u0131 kaybederken, baz\u0131lar\u0131n\u0131n durumu a\u011f\u0131r olmak \u00fczere bir\u00e7ok sivil de yaraland\u0131. K\u00fcrdistan B\u00f6lgesi [&hellip;]<\/p>\n","protected":false},"author":2,"featured_media":1032589,"comment_status":"closed","ping_status":"closed","sticky":false,"template":"","format":"standard","meta":{"footnotes":""},"categories":[3],"tags":[31],"class_list":["post-1032588","post","type-post","status-publish","format-standard","has-post-thumbnail","hentry","category-kurdistan","tag-onemli"],"blocksy_meta":[],"seo_head":"<!-- This site is optimized with the Yoast SEO plugin v27.5 - https:\/\/yoast.com\/product\/yoast-seo-wordpress\/ -->\n<title>\u0130ran devletinin Hewler&#039;de Jina bebek ve babas\u0131n\u0131 katletti\u011fi sald\u0131r\u0131n\u0131n \u00fcst\u00fcnden bir y\u0131l ge\u00e7ti - Darka Mazi<\/title>\n<meta name=\"robots\" content=\"index, follow, max-snippet:-1, max-image-preview:large, max-video-preview:-1\" \/>\n<link rel=\"canonical\" href=\"https:\/\/darkamazi.site\/archives\/1032588\" \/>\n<meta property=\"og:locale\" content=\"en_US\" \/>\n<meta property=\"og:type\" content=\"article\" \/>\n<meta property=\"og:title\" content=\"\u0130ran devletinin Hewler&#039;de Jina bebek ve babas\u0131n\u0131 katletti\u011fi sald\u0131r\u0131n\u0131n \u00fcst\u00fcnden bir y\u0131l ge\u00e7ti - Darka Mazi\" \/>\n<meta property=\"og:description\" content=\"Bundan bir y\u0131l \u00f6nce 15 Ocak 2024 Pazartesi g\u00fcn\u00fc gece saat 23.30 sular\u0131nda i\u015f insan\u0131 Pe\u015fraw Dizayi\u2019nin Erbil\u2019de bulunan evi \u0130ran Devrim Muhaf\u0131zlar\u0131na ait f\u00fczelerle hedef al\u0131nd\u0131.\u00a0 Sald\u0131r\u0131larda aralar\u0131nda K\u00fcrt i\u015f insan\u0131 Dizayi ve bir bu\u00e7uk ya\u015f\u0131ndaki k\u0131z\u0131n da bulundu\u011fu 5 sivil hayat\u0131n\u0131 kaybederken, baz\u0131lar\u0131n\u0131n durumu a\u011f\u0131r olmak \u00fczere bir\u00e7ok sivil de yaraland\u0131. K\u00fcrdistan B\u00f6lgesi [&hellip;]\" \/>\n<meta property=\"og:url\" content=\"https:\/\/darkamazi.site\/archives\/1032588\" \/>\n<meta property=\"og:site_name\" content=\"Darka Mazi\" \/>\n<meta property=\"article:publisher\" content=\"https:\/\/www.facebook.com\/DarkaMaziturkce\" \/>\n<meta property=\"article:published_time\" content=\"2025-01-15T18:08:04+00:00\" \/>\n<meta property=\"article:modified_time\" content=\"2026-03-31T13:17:53+00:00\" \/>\n<meta property=\"og:image\" content=\"https:\/\/darkamazi.site\/file\/2025\/01\/jina.jpg\" \/>\n\t<meta property=\"og:image:width\" content=\"1200\" \/>\n\t<meta property=\"og:image:height\" content=\"581\" \/>\n\t<meta property=\"og:image:type\" content=\"image\/jpeg\" \/>\n<meta name=\"author\" content=\"darka mazi\" \/>\n<meta name=\"twitter:card\" content=\"summary_large_image\" \/>\n<meta name=\"twitter:creator\" content=\"@DarkaMaziTurkce\" \/>\n<meta name=\"twitter:site\" content=\"@DarkaMaziTurkce\" \/>\n<meta name=\"twitter:label1\" content=\"Written by\" \/>\n\t<meta name=\"twitter:data1\" content=\"darka mazi\" \/>\n\t<meta name=\"twitter:label2\" content=\"Est. reading time\" \/>\n\t<meta name=\"twitter:data2\" content=\"2 minutes\" \/>\n<script type=\"application\/ld+json\" class=\"seo-schema-graph\">{\"@context\":\"https:\\\/\\\/schema.org\",\"@graph\":[{\"@type\":\"NewsArticle\",\"@id\":\"https:\\\/\\\/darkamazi.site\\\/archives\\\/1032588#article\",\"isPartOf\":{\"@id\":\"https:\\\/\\\/darkamazi.site\\\/archives\\\/1032588\"},\"author\":{\"name\":\"darka mazi\",\"@id\":\"https:\\\/\\\/darkamazi.site\\\/#\\\/schema\\\/person\\\/67986a95ac546c16760365877ef4a9d3\"},\"headline\":\"\u0130ran devletinin Hewler&#8217;de Jina bebek ve babas\u0131n\u0131 katletti\u011fi sald\u0131r\u0131n\u0131n \u00fcst\u00fcnden bir y\u0131l ge\u00e7ti\",\"datePublished\":\"2025-01-15T18:08:04+00:00\",\"dateModified\":\"2026-03-31T13:17:53+00:00\",\"mainEntityOfPage\":{\"@id\":\"https:\\\/\\\/darkamazi.site\\\/archives\\\/1032588\"},\"wordCount\":527,\"publisher\":{\"@id\":\"https:\\\/\\\/darkamazi.site\\\/#organization\"},\"image\":{\"@id\":\"https:\\\/\\\/darkamazi.site\\\/archives\\\/1032588#primaryimage\"},\"thumbnailUrl\":\"https:\\\/\\\/darkamazi.site\\\/darka-content\\\/uploads\\\/2025\\\/01\\\/jina.jpg\",\"keywords\":[\"\u00f6nemli\"],\"articleSection\":[\"Kurdistan\"],\"inLanguage\":\"en-US\"},{\"@type\":\"WebPage\",\"@id\":\"https:\\\/\\\/darkamazi.site\\\/archives\\\/1032588\",\"url\":\"https:\\\/\\\/darkamazi.site\\\/archives\\\/1032588\",\"name\":\"\u0130ran devletinin Hewler'de Jina bebek ve babas\u0131n\u0131 katletti\u011fi sald\u0131r\u0131n\u0131n \u00fcst\u00fcnden bir y\u0131l ge\u00e7ti - Darka Mazi\",\"isPartOf\":{\"@id\":\"https:\\\/\\\/darkamazi.site\\\/#website\"},\"primaryImageOfPage\":{\"@id\":\"https:\\\/\\\/darkamazi.site\\\/archives\\\/1032588#primaryimage\"},\"image\":{\"@id\":\"https:\\\/\\\/darkamazi.site\\\/archives\\\/1032588#primaryimage\"},\"thumbnailUrl\":\"https:\\\/\\\/darkamazi.site\\\/darka-content\\\/uploads\\\/2025\\\/01\\\/jina.jpg\",\"datePublished\":\"2025-01-15T18:08:04+00:00\",\"dateModified\":\"2026-03-31T13:17:53+00:00\",\"breadcrumb\":{\"@id\":\"https:\\\/\\\/darkamazi.site\\\/archives\\\/1032588#breadcrumb\"},\"inLanguage\":\"en-US\",\"potentialAction\":[{\"@type\":\"ReadAction\",\"target\":[\"https:\\\/\\\/darkamazi.site\\\/archives\\\/1032588\"]}]},{\"@type\":\"ImageObject\",\"inLanguage\":\"en-US\",\"@id\":\"https:\\\/\\\/darkamazi.site\\\/archives\\\/1032588#primaryimage\",\"url\":\"https:\\\/\\\/darkamazi.site\\\/darka-content\\\/uploads\\\/2025\\\/01\\\/jina.jpg\",\"contentUrl\":\"https:\\\/\\\/darkamazi.site\\\/darka-content\\\/uploads\\\/2025\\\/01\\\/jina.jpg\",\"width\":1200,\"height\":581,\"caption\":\"\u0130ran devletinin Hewler'de Jina bebek ve babas\u0131n\u0131 katletti\u011fi sald\u0131r\u0131n\u0131n \u00fcst\u00fcnden bir y\u0131l ge\u00e7ti\"},{\"@type\":\"BreadcrumbList\",\"@id\":\"https:\\\/\\\/darkamazi.site\\\/archives\\\/1032588#breadcrumb\",\"itemListElement\":[{\"@type\":\"ListItem\",\"position\":1,\"name\":\"Home\",\"item\":\"https:\\\/\\\/darkamazi.site\\\/\"},{\"@type\":\"ListItem\",\"position\":2,\"name\":\"\u0130ran devletinin Hewler&#8217;de Jina bebek ve babas\u0131n\u0131 katletti\u011fi sald\u0131r\u0131n\u0131n \u00fcst\u00fcnden bir y\u0131l ge\u00e7ti\"}]},{\"@type\":\"WebSite\",\"@id\":\"https:\\\/\\\/darkamazi.site\\\/#website\",\"url\":\"https:\\\/\\\/darkamazi.site\\\/\",\"name\":\"Darka Mazi\",\"description\":\"Ana Sayfa\",\"publisher\":{\"@id\":\"https:\\\/\\\/darkamazi.site\\\/#organization\"},\"potentialAction\":[{\"@type\":\"SearchAction\",\"target\":{\"@type\":\"EntryPoint\",\"urlTemplate\":\"https:\\\/\\\/darkamazi.site\\\/?s={search_term_string}\"},\"query-input\":{\"@type\":\"PropertyValueSpecification\",\"valueRequired\":true,\"valueName\":\"search_term_string\"}}],\"inLanguage\":\"en-US\"},{\"@type\":\"Organization\",\"@id\":\"https:\\\/\\\/darkamazi.site\\\/#organization\",\"name\":\"Darka Mazi T\u00fcrk\u00e7e\",\"alternateName\":\"Darka Mazi\",\"url\":\"https:\\\/\\\/darkamazi.site\\\/\",\"logo\":{\"@type\":\"ImageObject\",\"inLanguage\":\"en-US\",\"@id\":\"https:\\\/\\\/darkamazi.site\\\/#\\\/schema\\\/logo\\\/image\\\/\",\"url\":\"https:\\\/\\\/darkamazi.site\\\/darka-content\\\/uploads\\\/2017\\\/12\\\/darka-mazi-logo.png\",\"contentUrl\":\"https:\\\/\\\/darkamazi.site\\\/darka-content\\\/uploads\\\/2017\\\/12\\\/darka-mazi-logo.png\",\"width\":151,\"height\":75,\"caption\":\"Darka Mazi T\u00fcrk\u00e7e\"},\"image\":{\"@id\":\"https:\\\/\\\/darkamazi.site\\\/#\\\/schema\\\/logo\\\/image\\\/\"},\"sameAs\":[\"https:\\\/\\\/www.facebook.com\\\/DarkaMaziturkce\",\"https:\\\/\\\/x.com\\\/DarkaMaziTurkce\"]},{\"@type\":\"Person\",\"@id\":\"https:\\\/\\\/darkamazi.site\\\/#\\\/schema\\\/person\\\/67986a95ac546c16760365877ef4a9d3\",\"name\":\"darka mazi\",\"sameAs\":[\"https:\\\/\\\/darkamazi.site\"],\"url\":\"https:\\\/\\\/darkamazi.site\\\/archives\\\/author\\\/turkish\"}]}<\/script>\n<!-- \/ Yoast SEO plugin. -->","seo_head_json":{"title":"\u0130ran devletinin Hewler'de Jina bebek ve babas\u0131n\u0131 katletti\u011fi sald\u0131r\u0131n\u0131n \u00fcst\u00fcnden bir y\u0131l ge\u00e7ti - Darka Mazi","robots":{"index":"index","follow":"follow","max-snippet":"max-snippet:-1","max-image-preview":"max-image-preview:large","max-video-preview":"max-video-preview:-1"},"canonical":"https:\/\/darkamazi.site\/archives\/1032588","og_locale":"en_US","og_type":"article","og_title":"\u0130ran devletinin Hewler'de Jina bebek ve babas\u0131n\u0131 katletti\u011fi sald\u0131r\u0131n\u0131n \u00fcst\u00fcnden bir y\u0131l ge\u00e7ti - Darka Mazi","og_description":"Bundan bir y\u0131l \u00f6nce 15 Ocak 2024 Pazartesi g\u00fcn\u00fc gece saat 23.30 sular\u0131nda i\u015f insan\u0131 Pe\u015fraw Dizayi\u2019nin Erbil\u2019de bulunan evi \u0130ran Devrim Muhaf\u0131zlar\u0131na ait f\u00fczelerle hedef al\u0131nd\u0131.\u00a0 Sald\u0131r\u0131larda aralar\u0131nda K\u00fcrt i\u015f insan\u0131 Dizayi ve bir bu\u00e7uk ya\u015f\u0131ndaki k\u0131z\u0131n da bulundu\u011fu 5 sivil hayat\u0131n\u0131 kaybederken, baz\u0131lar\u0131n\u0131n durumu a\u011f\u0131r olmak \u00fczere bir\u00e7ok sivil de yaraland\u0131. K\u00fcrdistan B\u00f6lgesi [&hellip;]","og_url":"https:\/\/darkamazi.site\/archives\/1032588","og_site_name":"Darka Mazi","article_publisher":"https:\/\/www.facebook.com\/DarkaMaziturkce","article_published_time":"2025-01-15T18:08:04+00:00","article_modified_time":"2026-03-31T13:17:53+00:00","og_image":[{"width":1200,"height":581,"url":"https:\/\/darkamazi.site\/file\/2025\/01\/jina.jpg","type":"image\/jpeg"}],"author":"darka mazi","twitter_card":"summary_large_image","twitter_creator":"@DarkaMaziTurkce","twitter_site":"@DarkaMaziTurkce","twitter_misc":{"Written by":"darka mazi","Est. reading time":"2 minutes"},"schema":{"@context":"https:\/\/schema.org","@graph":[{"@type":"NewsArticle","@id":"https:\/\/darkamazi.site\/archives\/1032588#article","isPartOf":{"@id":"https:\/\/darkamazi.site\/archives\/1032588"},"author":{"name":"darka mazi","@id":"https:\/\/darkamazi.site\/#\/schema\/person\/67986a95ac546c16760365877ef4a9d3"},"headline":"\u0130ran devletinin Hewler&#8217;de Jina bebek ve babas\u0131n\u0131 katletti\u011fi sald\u0131r\u0131n\u0131n \u00fcst\u00fcnden bir y\u0131l ge\u00e7ti","datePublished":"2025-01-15T18:08:04+00:00","dateModified":"2026-03-31T13:17:53+00:00","mainEntityOfPage":{"@id":"https:\/\/darkamazi.site\/archives\/1032588"},"wordCount":527,"publisher":{"@id":"https:\/\/darkamazi.site\/#organization"},"image":{"@id":"https:\/\/darkamazi.site\/archives\/1032588#primaryimage"},"thumbnailUrl":"https:\/\/darkamazi.site\/file\/2025\/01\/jina.jpg","keywords":["\u00f6nemli"],"articleSection":["Kurdistan"],"inLanguage":"en-US"},{"@type":"WebPage","@id":"https:\/\/darkamazi.site\/archives\/1032588","url":"https:\/\/darkamazi.site\/archives\/1032588","name":"\u0130ran devletinin Hewler'de Jina bebek ve babas\u0131n\u0131 katletti\u011fi sald\u0131r\u0131n\u0131n \u00fcst\u00fcnden bir y\u0131l ge\u00e7ti - Darka Mazi","isPartOf":{"@id":"https:\/\/darkamazi.site\/#website"},"primaryImageOfPage":{"@id":"https:\/\/darkamazi.site\/archives\/1032588#primaryimage"},"image":{"@id":"https:\/\/darkamazi.site\/archives\/1032588#primaryimage"},"thumbnailUrl":"https:\/\/darkamazi.site\/file\/2025\/01\/jina.jpg","datePublished":"2025-01-15T18:08:04+00:00","dateModified":"2026-03-31T13:17:53+00:00","breadcrumb":{"@id":"https:\/\/darkamazi.site\/archives\/1032588#breadcrumb"},"inLanguage":"en-US","potentialAction":[{"@type":"ReadAction","target":["https:\/\/darkamazi.site\/archives\/1032588"]}]},{"@type":"ImageObject","inLanguage":"en-US","@id":"https:\/\/darkamazi.site\/archives\/1032588#primaryimage","url":"https:\/\/darkamazi.site\/file\/2025\/01\/jina.jpg","contentUrl":"https:\/\/darkamazi.site\/file\/2025\/01\/jina.jpg","width":1200,"height":581,"caption":"\u0130ran devletinin Hewler'de Jina bebek ve babas\u0131n\u0131 katletti\u011fi sald\u0131r\u0131n\u0131n \u00fcst\u00fcnden bir y\u0131l ge\u00e7ti"},{"@type":"BreadcrumbList","@id":"https:\/\/darkamazi.site\/archives\/1032588#breadcrumb","itemListElement":[{"@type":"ListItem","position":1,"name":"Home","item":"https:\/\/darkamazi.site\/"},{"@type":"ListItem","position":2,"name":"\u0130ran devletinin Hewler&#8217;de Jina bebek ve babas\u0131n\u0131 katletti\u011fi sald\u0131r\u0131n\u0131n \u00fcst\u00fcnden bir y\u0131l ge\u00e7ti"}]},{"@type":"WebSite","@id":"https:\/\/darkamazi.site\/#website","url":"https:\/\/darkamazi.site\/","name":"Darka Mazi","description":"Ana Sayfa","publisher":{"@id":"https:\/\/darkamazi.site\/#organization"},"potentialAction":[{"@type":"SearchAction","target":{"@type":"EntryPoint","urlTemplate":"https:\/\/darkamazi.site\/?s={search_term_string}"},"query-input":{"@type":"PropertyValueSpecification","valueRequired":true,"valueName":"search_term_string"}}],"inLanguage":"en-US"},{"@type":"Organization","@id":"https:\/\/darkamazi.site\/#organization","name":"Darka Mazi T\u00fcrk\u00e7e","alternateName":"Darka Mazi","url":"https:\/\/darkamazi.site\/","logo":{"@type":"ImageObject","inLanguage":"en-US","@id":"https:\/\/darkamazi.site\/#\/schema\/logo\/image\/","url":"https:\/\/darkamazi.site\/file\/2017\/12\/darka-mazi-logo.png","contentUrl":"https:\/\/darkamazi.site\/file\/2017\/12\/darka-mazi-logo.png","width":151,"height":75,"caption":"Darka Mazi T\u00fcrk\u00e7e"},"image":{"@id":"https:\/\/darkamazi.site\/#\/schema\/logo\/image\/"},"sameAs":["https:\/\/www.facebook.com\/DarkaMaziturkce","https:\/\/x.com\/DarkaMaziTurkce"]},{"@type":"Person","@id":"https:\/\/darkamazi.site\/#\/schema\/person\/67986a95ac546c16760365877ef4a9d3","name":"darka mazi","sameAs":["https:\/\/darkamazi.site"],"url":"https:\/\/darkamazi.site\/archives\/author\/turkish"}]}},"_links":{"self":[{"href":"https:\/\/darkamazi.site\/funavuv\/wp\/v2\/posts\/1032588","targetHints":{"allow":["GET"]}}],"collection":[{"href":"https:\/\/darkamazi.site\/funavuv\/wp\/v2\/posts"}],"about":[{"href":"https:\/\/darkamazi.site\/funavuv\/wp\/v2\/types\/post"}],"author":[{"embeddable":true,"href":"https:\/\/darkamazi.site\/funavuv\/wp\/v2\/users\/2"}],"replies":[{"embeddable":true,"href":"https:\/\/darkamazi.site\/funavuv\/wp\/v2\/comments?post=1032588"}],"version-history":[{"count":0,"href":"https:\/\/darkamazi.site\/funavuv\/wp\/v2\/posts\/1032588\/revisions"}],"wp:featuredmedia":[{"embeddable":true,"href":"https:\/\/darkamazi.site\/funavuv\/wp\/v2\/media\/1032589"}],"wp:attachment":[{"href":"https:\/\/darkamazi.site\/funavuv\/wp\/v2\/media?parent=1032588"}],"wp:term":[{"taxonomy":"category","embeddable":true,"href":"https:\/\/darkamazi.site\/funavuv\/wp\/v2\/categories?post=1032588"},{"taxonomy":"post_tag","embeddable":true,"href":"https:\/\/darkamazi.site\/funavuv\/wp\/v2\/tags?post=1032588"}],"curies":[{"name":"wp","href":"https:\/\/api.w.org\/{rel}","templated":true}]}}