{"id":1032599,"date":"2025-01-16T18:23:32","date_gmt":"2025-01-16T15:23:32","guid":{"rendered":"https:\/\/darkamazi.site\/?p=1032599"},"modified":"2025-01-16T18:23:32","modified_gmt":"2025-01-16T15:23:32","slug":"kurtlerin-bekledigi-haber-geldi-baskan-barzani-ve-mazlum-abdi-erbilde-bir-araya-geldi","status":"publish","type":"post","link":"https:\/\/darkamazi.site\/archives\/1032599","title":{"rendered":"K\u00fcrtlerin bekledi\u011fi haber geldi: Ba\u015fkan Barzani ve Mazlum Abdi Erbil&#8217;de bir araya geldi"},"content":{"rendered":"<p style=\"text-align: justify\">Ba\u015fkan Mesud Barzani ile Demokratik Suriye G\u00fc\u00e7leri (DSG) Genel komutan\u0131 Mazlum Abdi Erbil\u2019de bir araya geldi.<\/p>\n<p style=\"text-align: justify\">K\u00fcrdistan Demokrat Partisi (KDP) Siyasi B\u00fcro Y\u00fcr\u00fctme Komitesi \u00fcyesi Ho\u015fyar Zebari sosyal medya hesab\u0131ndan yapt\u0131\u011f\u0131 payla\u015f\u0131mda Ba\u015fkan Mesud Barzani ile DSG Genel komutan\u0131 Mazlum Abdi\u2019nin g\u00f6r\u00fc\u015ft\u00fc\u011f\u00fcn\u00fc duyurdu.<\/p>\n<p style=\"text-align: justify\">Ho\u015fyar Zebari payla\u015f\u0131m\u0131nda \u015fu ifadeleri kulland\u0131:<\/p>\n<p style=\"text-align: justify\">\u201cBug\u00fcn Erbil&#8217;de Ba\u015fkan Mesud Barzani ile Kuzeydo\u011fu Suriye&#8217;deki Demokratik Suriye G\u00fc\u00e7leri Komutan\u0131 (Mazlum Abdi) aras\u0131nda ger\u00e7ekle\u015fen toplant\u0131, K\u00fcrt birli\u011fini g\u00fc\u00e7lendirmek ve \u015eam&#8217;daki yeni Suriye y\u00f6neticilerine kar\u015f\u0131 sorunsuz bir siyasi ge\u00e7i\u015f i\u00e7in \u00f6nemli bir ba\u015far\u0131d\u0131r. T\u00fcm m\u00fcttefiklerimize ve dostlar\u0131m\u0131za te\u015fekk\u00fcr ederiz.\u201d<\/p>\n","protected":false},"excerpt":{"rendered":"<p>Ba\u015fkan Mesud Barzani ile Demokratik Suriye G\u00fc\u00e7leri (DSG) Genel komutan\u0131 Mazlum Abdi Erbil\u2019de bir araya geldi. K\u00fcrdistan Demokrat Partisi (KDP) Siyasi B\u00fcro Y\u00fcr\u00fctme Komitesi \u00fcyesi Ho\u015fyar Zebari sosyal medya hesab\u0131ndan yapt\u0131\u011f\u0131 payla\u015f\u0131mda Ba\u015fkan Mesud Barzani ile DSG Genel komutan\u0131 Mazlum Abdi\u2019nin g\u00f6r\u00fc\u015ft\u00fc\u011f\u00fcn\u00fc duyurdu. Ho\u015fyar Zebari payla\u015f\u0131m\u0131nda \u015fu ifadeleri kulland\u0131: \u201cBug\u00fcn Erbil&#8217;de Ba\u015fkan Mesud Barzani ile [&hellip;]<\/p>\n","protected":false},"author":2,"featured_media":1032600,"comment_status":"closed","ping_status":"closed","sticky":false,"template":"","format":"standard","meta":{"footnotes":""},"categories":[3],"tags":[31],"class_list":["post-1032599","post","type-post","status-publish","format-standard","has-post-thumbnail","hentry","category-kurdistan","tag-onemli"],"blocksy_meta":[],"seo_head":"<!-- This site is optimized with the Yoast SEO plugin v27.5 - https:\/\/yoast.com\/product\/yoast-seo-wordpress\/ -->\n<title>K\u00fcrtlerin bekledi\u011fi haber geldi: Ba\u015fkan Barzani ve Mazlum Abdi Erbil&#039;de bir araya geldi - Darka Mazi<\/title>\n<meta name=\"robots\" content=\"index, follow, max-snippet:-1, max-image-preview:large, max-video-preview:-1\" \/>\n<link rel=\"canonical\" href=\"https:\/\/darkamazi.site\/archives\/1032599\" \/>\n<meta property=\"og:locale\" content=\"en_US\" \/>\n<meta property=\"og:type\" content=\"article\" \/>\n<meta property=\"og:title\" content=\"K\u00fcrtlerin bekledi\u011fi haber geldi: Ba\u015fkan Barzani ve Mazlum Abdi Erbil&#039;de bir araya geldi - Darka Mazi\" \/>\n<meta property=\"og:description\" content=\"Ba\u015fkan Mesud Barzani ile Demokratik Suriye G\u00fc\u00e7leri (DSG) Genel komutan\u0131 Mazlum Abdi Erbil\u2019de bir araya geldi. K\u00fcrdistan Demokrat Partisi (KDP) Siyasi B\u00fcro Y\u00fcr\u00fctme Komitesi \u00fcyesi Ho\u015fyar Zebari sosyal medya hesab\u0131ndan yapt\u0131\u011f\u0131 payla\u015f\u0131mda Ba\u015fkan Mesud Barzani ile DSG Genel komutan\u0131 Mazlum Abdi\u2019nin g\u00f6r\u00fc\u015ft\u00fc\u011f\u00fcn\u00fc duyurdu. Ho\u015fyar Zebari payla\u015f\u0131m\u0131nda \u015fu ifadeleri kulland\u0131: \u201cBug\u00fcn Erbil&#8217;de Ba\u015fkan Mesud Barzani ile [&hellip;]\" \/>\n<meta property=\"og:url\" content=\"https:\/\/darkamazi.site\/archives\/1032599\" \/>\n<meta property=\"og:site_name\" content=\"Darka Mazi\" \/>\n<meta property=\"article:publisher\" content=\"https:\/\/www.facebook.com\/DarkaMaziturkce\" \/>\n<meta property=\"article:published_time\" content=\"2025-01-16T15:23:32+00:00\" \/>\n<meta property=\"og:image\" content=\"https:\/\/darkamazi.site\/file\/2025\/01\/ciwin.jpg\" \/>\n\t<meta property=\"og:image:width\" content=\"900\" \/>\n\t<meta property=\"og:image:height\" content=\"500\" \/>\n\t<meta property=\"og:image:type\" content=\"image\/jpeg\" \/>\n<meta name=\"author\" content=\"darka mazi\" \/>\n<meta name=\"twitter:card\" content=\"summary_large_image\" \/>\n<meta name=\"twitter:creator\" content=\"@DarkaMaziTurkce\" \/>\n<meta name=\"twitter:site\" content=\"@DarkaMaziTurkce\" \/>\n<meta name=\"twitter:label1\" content=\"Written by\" \/>\n\t<meta name=\"twitter:data1\" content=\"darka mazi\" \/>\n\t<meta name=\"twitter:label2\" content=\"Est. reading time\" \/>\n\t<meta name=\"twitter:data2\" content=\"1 minute\" \/>\n<script type=\"application\/ld+json\" class=\"seo-schema-graph\">{\"@context\":\"https:\\\/\\\/schema.org\",\"@graph\":[{\"@type\":\"NewsArticle\",\"@id\":\"https:\\\/\\\/darkamazi.site\\\/archives\\\/1032599#article\",\"isPartOf\":{\"@id\":\"https:\\\/\\\/darkamazi.site\\\/archives\\\/1032599\"},\"author\":{\"name\":\"darka mazi\",\"@id\":\"https:\\\/\\\/darkamazi.site\\\/#\\\/schema\\\/person\\\/67986a95ac546c16760365877ef4a9d3\"},\"headline\":\"K\u00fcrtlerin bekledi\u011fi haber geldi: Ba\u015fkan Barzani ve Mazlum Abdi Erbil&#8217;de bir araya geldi\",\"datePublished\":\"2025-01-16T15:23:32+00:00\",\"mainEntityOfPage\":{\"@id\":\"https:\\\/\\\/darkamazi.site\\\/archives\\\/1032599\"},\"wordCount\":149,\"publisher\":{\"@id\":\"https:\\\/\\\/darkamazi.site\\\/#organization\"},\"image\":{\"@id\":\"https:\\\/\\\/darkamazi.site\\\/archives\\\/1032599#primaryimage\"},\"thumbnailUrl\":\"https:\\\/\\\/darkamazi.site\\\/darka-content\\\/uploads\\\/2025\\\/01\\\/ciwin.jpg\",\"keywords\":[\"\u00f6nemli\"],\"articleSection\":[\"Kurdistan\"],\"inLanguage\":\"en-US\"},{\"@type\":\"WebPage\",\"@id\":\"https:\\\/\\\/darkamazi.site\\\/archives\\\/1032599\",\"url\":\"https:\\\/\\\/darkamazi.site\\\/archives\\\/1032599\",\"name\":\"K\u00fcrtlerin bekledi\u011fi haber geldi: Ba\u015fkan Barzani ve Mazlum Abdi Erbil'de bir araya geldi - Darka Mazi\",\"isPartOf\":{\"@id\":\"https:\\\/\\\/darkamazi.site\\\/#website\"},\"primaryImageOfPage\":{\"@id\":\"https:\\\/\\\/darkamazi.site\\\/archives\\\/1032599#primaryimage\"},\"image\":{\"@id\":\"https:\\\/\\\/darkamazi.site\\\/archives\\\/1032599#primaryimage\"},\"thumbnailUrl\":\"https:\\\/\\\/darkamazi.site\\\/darka-content\\\/uploads\\\/2025\\\/01\\\/ciwin.jpg\",\"datePublished\":\"2025-01-16T15:23:32+00:00\",\"breadcrumb\":{\"@id\":\"https:\\\/\\\/darkamazi.site\\\/archives\\\/1032599#breadcrumb\"},\"inLanguage\":\"en-US\",\"potentialAction\":[{\"@type\":\"ReadAction\",\"target\":[\"https:\\\/\\\/darkamazi.site\\\/archives\\\/1032599\"]}]},{\"@type\":\"ImageObject\",\"inLanguage\":\"en-US\",\"@id\":\"https:\\\/\\\/darkamazi.site\\\/archives\\\/1032599#primaryimage\",\"url\":\"https:\\\/\\\/darkamazi.site\\\/darka-content\\\/uploads\\\/2025\\\/01\\\/ciwin.jpg\",\"contentUrl\":\"https:\\\/\\\/darkamazi.site\\\/darka-content\\\/uploads\\\/2025\\\/01\\\/ciwin.jpg\",\"width\":900,\"height\":500,\"caption\":\"K\u00fcrtlerin bekledi\u011fi haber geldi: Ba\u015fkan Barzani ve Mazlum Abdi Erbil'de bir araya geldi, Ho\u015fyar Zebari\"},{\"@type\":\"BreadcrumbList\",\"@id\":\"https:\\\/\\\/darkamazi.site\\\/archives\\\/1032599#breadcrumb\",\"itemListElement\":[{\"@type\":\"ListItem\",\"position\":1,\"name\":\"Home\",\"item\":\"https:\\\/\\\/darkamazi.site\\\/\"},{\"@type\":\"ListItem\",\"position\":2,\"name\":\"K\u00fcrtlerin bekledi\u011fi haber geldi: Ba\u015fkan Barzani ve Mazlum Abdi Erbil&#8217;de bir araya geldi\"}]},{\"@type\":\"WebSite\",\"@id\":\"https:\\\/\\\/darkamazi.site\\\/#website\",\"url\":\"https:\\\/\\\/darkamazi.site\\\/\",\"name\":\"Darka Mazi\",\"description\":\"Ana Sayfa\",\"publisher\":{\"@id\":\"https:\\\/\\\/darkamazi.site\\\/#organization\"},\"potentialAction\":[{\"@type\":\"SearchAction\",\"target\":{\"@type\":\"EntryPoint\",\"urlTemplate\":\"https:\\\/\\\/darkamazi.site\\\/?s={search_term_string}\"},\"query-input\":{\"@type\":\"PropertyValueSpecification\",\"valueRequired\":true,\"valueName\":\"search_term_string\"}}],\"inLanguage\":\"en-US\"},{\"@type\":\"Organization\",\"@id\":\"https:\\\/\\\/darkamazi.site\\\/#organization\",\"name\":\"Darka Mazi T\u00fcrk\u00e7e\",\"alternateName\":\"Darka Mazi\",\"url\":\"https:\\\/\\\/darkamazi.site\\\/\",\"logo\":{\"@type\":\"ImageObject\",\"inLanguage\":\"en-US\",\"@id\":\"https:\\\/\\\/darkamazi.site\\\/#\\\/schema\\\/logo\\\/image\\\/\",\"url\":\"https:\\\/\\\/darkamazi.site\\\/darka-content\\\/uploads\\\/2017\\\/12\\\/darka-mazi-logo.png\",\"contentUrl\":\"https:\\\/\\\/darkamazi.site\\\/darka-content\\\/uploads\\\/2017\\\/12\\\/darka-mazi-logo.png\",\"width\":151,\"height\":75,\"caption\":\"Darka Mazi T\u00fcrk\u00e7e\"},\"image\":{\"@id\":\"https:\\\/\\\/darkamazi.site\\\/#\\\/schema\\\/logo\\\/image\\\/\"},\"sameAs\":[\"https:\\\/\\\/www.facebook.com\\\/DarkaMaziturkce\",\"https:\\\/\\\/x.com\\\/DarkaMaziTurkce\"]},{\"@type\":\"Person\",\"@id\":\"https:\\\/\\\/darkamazi.site\\\/#\\\/schema\\\/person\\\/67986a95ac546c16760365877ef4a9d3\",\"name\":\"darka mazi\",\"sameAs\":[\"https:\\\/\\\/darkamazi.site\"],\"url\":\"https:\\\/\\\/darkamazi.site\\\/archives\\\/author\\\/turkish\"}]}<\/script>\n<!-- \/ Yoast SEO plugin. -->","seo_head_json":{"title":"K\u00fcrtlerin bekledi\u011fi haber geldi: Ba\u015fkan Barzani ve Mazlum Abdi Erbil'de bir araya geldi - Darka Mazi","robots":{"index":"index","follow":"follow","max-snippet":"max-snippet:-1","max-image-preview":"max-image-preview:large","max-video-preview":"max-video-preview:-1"},"canonical":"https:\/\/darkamazi.site\/archives\/1032599","og_locale":"en_US","og_type":"article","og_title":"K\u00fcrtlerin bekledi\u011fi haber geldi: Ba\u015fkan Barzani ve Mazlum Abdi Erbil'de bir araya geldi - Darka Mazi","og_description":"Ba\u015fkan Mesud Barzani ile Demokratik Suriye G\u00fc\u00e7leri (DSG) Genel komutan\u0131 Mazlum Abdi Erbil\u2019de bir araya geldi. K\u00fcrdistan Demokrat Partisi (KDP) Siyasi B\u00fcro Y\u00fcr\u00fctme Komitesi \u00fcyesi Ho\u015fyar Zebari sosyal medya hesab\u0131ndan yapt\u0131\u011f\u0131 payla\u015f\u0131mda Ba\u015fkan Mesud Barzani ile DSG Genel komutan\u0131 Mazlum Abdi\u2019nin g\u00f6r\u00fc\u015ft\u00fc\u011f\u00fcn\u00fc duyurdu. Ho\u015fyar Zebari payla\u015f\u0131m\u0131nda \u015fu ifadeleri kulland\u0131: \u201cBug\u00fcn Erbil&#8217;de Ba\u015fkan Mesud Barzani ile [&hellip;]","og_url":"https:\/\/darkamazi.site\/archives\/1032599","og_site_name":"Darka Mazi","article_publisher":"https:\/\/www.facebook.com\/DarkaMaziturkce","article_published_time":"2025-01-16T15:23:32+00:00","og_image":[{"width":900,"height":500,"url":"https:\/\/darkamazi.site\/file\/2025\/01\/ciwin.jpg","type":"image\/jpeg"}],"author":"darka mazi","twitter_card":"summary_large_image","twitter_creator":"@DarkaMaziTurkce","twitter_site":"@DarkaMaziTurkce","twitter_misc":{"Written by":"darka mazi","Est. reading time":"1 minute"},"schema":{"@context":"https:\/\/schema.org","@graph":[{"@type":"NewsArticle","@id":"https:\/\/darkamazi.site\/archives\/1032599#article","isPartOf":{"@id":"https:\/\/darkamazi.site\/archives\/1032599"},"author":{"name":"darka mazi","@id":"https:\/\/darkamazi.site\/#\/schema\/person\/67986a95ac546c16760365877ef4a9d3"},"headline":"K\u00fcrtlerin bekledi\u011fi haber geldi: Ba\u015fkan Barzani ve Mazlum Abdi Erbil&#8217;de bir araya geldi","datePublished":"2025-01-16T15:23:32+00:00","mainEntityOfPage":{"@id":"https:\/\/darkamazi.site\/archives\/1032599"},"wordCount":149,"publisher":{"@id":"https:\/\/darkamazi.site\/#organization"},"image":{"@id":"https:\/\/darkamazi.site\/archives\/1032599#primaryimage"},"thumbnailUrl":"https:\/\/darkamazi.site\/file\/2025\/01\/ciwin.jpg","keywords":["\u00f6nemli"],"articleSection":["Kurdistan"],"inLanguage":"en-US"},{"@type":"WebPage","@id":"https:\/\/darkamazi.site\/archives\/1032599","url":"https:\/\/darkamazi.site\/archives\/1032599","name":"K\u00fcrtlerin bekledi\u011fi haber geldi: Ba\u015fkan Barzani ve Mazlum Abdi Erbil'de bir araya geldi - Darka Mazi","isPartOf":{"@id":"https:\/\/darkamazi.site\/#website"},"primaryImageOfPage":{"@id":"https:\/\/darkamazi.site\/archives\/1032599#primaryimage"},"image":{"@id":"https:\/\/darkamazi.site\/archives\/1032599#primaryimage"},"thumbnailUrl":"https:\/\/darkamazi.site\/file\/2025\/01\/ciwin.jpg","datePublished":"2025-01-16T15:23:32+00:00","breadcrumb":{"@id":"https:\/\/darkamazi.site\/archives\/1032599#breadcrumb"},"inLanguage":"en-US","potentialAction":[{"@type":"ReadAction","target":["https:\/\/darkamazi.site\/archives\/1032599"]}]},{"@type":"ImageObject","inLanguage":"en-US","@id":"https:\/\/darkamazi.site\/archives\/1032599#primaryimage","url":"https:\/\/darkamazi.site\/file\/2025\/01\/ciwin.jpg","contentUrl":"https:\/\/darkamazi.site\/file\/2025\/01\/ciwin.jpg","width":900,"height":500,"caption":"K\u00fcrtlerin bekledi\u011fi haber geldi: Ba\u015fkan Barzani ve Mazlum Abdi Erbil'de bir araya geldi, Ho\u015fyar Zebari"},{"@type":"BreadcrumbList","@id":"https:\/\/darkamazi.site\/archives\/1032599#breadcrumb","itemListElement":[{"@type":"ListItem","position":1,"name":"Home","item":"https:\/\/darkamazi.site\/"},{"@type":"ListItem","position":2,"name":"K\u00fcrtlerin bekledi\u011fi haber geldi: Ba\u015fkan Barzani ve Mazlum Abdi Erbil&#8217;de bir araya geldi"}]},{"@type":"WebSite","@id":"https:\/\/darkamazi.site\/#website","url":"https:\/\/darkamazi.site\/","name":"Darka Mazi","description":"Ana Sayfa","publisher":{"@id":"https:\/\/darkamazi.site\/#organization"},"potentialAction":[{"@type":"SearchAction","target":{"@type":"EntryPoint","urlTemplate":"https:\/\/darkamazi.site\/?s={search_term_string}"},"query-input":{"@type":"PropertyValueSpecification","valueRequired":true,"valueName":"search_term_string"}}],"inLanguage":"en-US"},{"@type":"Organization","@id":"https:\/\/darkamazi.site\/#organization","name":"Darka Mazi T\u00fcrk\u00e7e","alternateName":"Darka Mazi","url":"https:\/\/darkamazi.site\/","logo":{"@type":"ImageObject","inLanguage":"en-US","@id":"https:\/\/darkamazi.site\/#\/schema\/logo\/image\/","url":"https:\/\/darkamazi.site\/file\/2017\/12\/darka-mazi-logo.png","contentUrl":"https:\/\/darkamazi.site\/file\/2017\/12\/darka-mazi-logo.png","width":151,"height":75,"caption":"Darka Mazi T\u00fcrk\u00e7e"},"image":{"@id":"https:\/\/darkamazi.site\/#\/schema\/logo\/image\/"},"sameAs":["https:\/\/www.facebook.com\/DarkaMaziturkce","https:\/\/x.com\/DarkaMaziTurkce"]},{"@type":"Person","@id":"https:\/\/darkamazi.site\/#\/schema\/person\/67986a95ac546c16760365877ef4a9d3","name":"darka mazi","sameAs":["https:\/\/darkamazi.site"],"url":"https:\/\/darkamazi.site\/archives\/author\/turkish"}]}},"_links":{"self":[{"href":"https:\/\/darkamazi.site\/funavuv\/wp\/v2\/posts\/1032599","targetHints":{"allow":["GET"]}}],"collection":[{"href":"https:\/\/darkamazi.site\/funavuv\/wp\/v2\/posts"}],"about":[{"href":"https:\/\/darkamazi.site\/funavuv\/wp\/v2\/types\/post"}],"author":[{"embeddable":true,"href":"https:\/\/darkamazi.site\/funavuv\/wp\/v2\/users\/2"}],"replies":[{"embeddable":true,"href":"https:\/\/darkamazi.site\/funavuv\/wp\/v2\/comments?post=1032599"}],"version-history":[{"count":0,"href":"https:\/\/darkamazi.site\/funavuv\/wp\/v2\/posts\/1032599\/revisions"}],"wp:featuredmedia":[{"embeddable":true,"href":"https:\/\/darkamazi.site\/funavuv\/wp\/v2\/media\/1032600"}],"wp:attachment":[{"href":"https:\/\/darkamazi.site\/funavuv\/wp\/v2\/media?parent=1032599"}],"wp:term":[{"taxonomy":"category","embeddable":true,"href":"https:\/\/darkamazi.site\/funavuv\/wp\/v2\/categories?post=1032599"},{"taxonomy":"post_tag","embeddable":true,"href":"https:\/\/darkamazi.site\/funavuv\/wp\/v2\/tags?post=1032599"}],"curies":[{"name":"wp","href":"https:\/\/api.w.org\/{rel}","templated":true}]}}