{"id":1032646,"date":"2025-01-19T18:07:20","date_gmt":"2025-01-19T15:07:20","guid":{"rendered":"https:\/\/darkamazi.site\/?p=1032646"},"modified":"2025-01-19T18:07:20","modified_gmt":"2025-01-19T15:07:20","slug":"kurt-komedyen-bave-teyar-bombardimanda-hayatini-kaybetti","status":"publish","type":"post","link":"https:\/\/darkamazi.site\/archives\/1032646","title":{"rendered":"K\u00fcrt komedyen Bav\u00ea Teyar bombard\u0131manda hayat\u0131n\u0131 kaybetti"},"content":{"rendered":"<p>T\u00fcrkiye\u2019nin Ti\u015frin Baraj\u0131\u2019na y\u00f6nelik sald\u0131r\u0131s\u0131nda a\u011f\u0131r yaralanan K\u00fcrt tiyatro oyuncusu ve komedyen Bav\u00ea Teyar, hayat\u0131n\u0131 kaybetti.<\/p>\n<p>Demokratik Suriye G\u00fc\u00e7leri (DSG), son \u00fc\u00e7 g\u00fcnd\u00fcr T\u00fcrk Silahl\u0131 Kuvvetleri\u2019ne (TSK) ait sava\u015f u\u00e7aklar\u0131 ve insans\u0131z hava ara\u00e7lar\u0131n\u0131n (\u0130HA) Ti\u015frin Baraj\u0131 \u00e7evresinde toplanan sivil g\u00f6stericileri hedef ald\u0131\u011f\u0131n\u0131\u00a0duyurmu\u015ftu.<\/p>\n<p>D\u00fcn d\u00fczenlenen sald\u0131r\u0131larda baraj\u0131n altyap\u0131s\u0131 vurulurken, d\u00f6rt sivilin ya\u015fam\u0131n\u0131 yitirdi\u011fi, 15 ki\u015finin ise yaraland\u0131\u011f\u0131 belirtildi.<\/p>\n<p>Son sald\u0131r\u0131da yaralananlar aras\u0131nda Bav\u00ea Teyar olarak bilinen ve K\u00fcrtler aras\u0131nda olduk\u00e7a sevilen K\u00fcrt komedyen Cuma Xelil \u0130brahim de bulunuyordu.<\/p>\n<p>Bav\u00ea Teyyar\u2019\u0131n bug\u00fcn hayat\u0131n\u0131 kaybetti\u011fi bildirildi.<\/p>\n","protected":false},"excerpt":{"rendered":"<p>T\u00fcrkiye\u2019nin Ti\u015frin Baraj\u0131\u2019na y\u00f6nelik sald\u0131r\u0131s\u0131nda a\u011f\u0131r yaralanan K\u00fcrt tiyatro oyuncusu ve komedyen Bav\u00ea Teyar, hayat\u0131n\u0131 kaybetti. Demokratik Suriye G\u00fc\u00e7leri (DSG), son \u00fc\u00e7 g\u00fcnd\u00fcr T\u00fcrk Silahl\u0131 Kuvvetleri\u2019ne (TSK) ait sava\u015f u\u00e7aklar\u0131 ve insans\u0131z hava ara\u00e7lar\u0131n\u0131n (\u0130HA) Ti\u015frin Baraj\u0131 \u00e7evresinde toplanan sivil g\u00f6stericileri hedef ald\u0131\u011f\u0131n\u0131\u00a0duyurmu\u015ftu. D\u00fcn d\u00fczenlenen sald\u0131r\u0131larda baraj\u0131n altyap\u0131s\u0131 vurulurken, d\u00f6rt sivilin ya\u015fam\u0131n\u0131 yitirdi\u011fi, 15 ki\u015finin [&hellip;]<\/p>\n","protected":false},"author":2,"featured_media":1032647,"comment_status":"closed","ping_status":"closed","sticky":false,"template":"","format":"standard","meta":{"footnotes":""},"categories":[33],"tags":[],"class_list":["post-1032646","post","type-post","status-publish","format-standard","has-post-thumbnail","hentry","category-sanat"],"blocksy_meta":[],"seo_head":"<!-- This site is optimized with the Yoast SEO plugin v27.5 - https:\/\/yoast.com\/product\/yoast-seo-wordpress\/ -->\n<title>K\u00fcrt komedyen Bav\u00ea Teyar bombard\u0131manda hayat\u0131n\u0131 kaybetti - Darka Mazi<\/title>\n<meta name=\"robots\" content=\"index, follow, max-snippet:-1, max-image-preview:large, max-video-preview:-1\" \/>\n<link rel=\"canonical\" href=\"https:\/\/darkamazi.site\/archives\/1032646\" \/>\n<meta property=\"og:locale\" content=\"en_US\" \/>\n<meta property=\"og:type\" content=\"article\" \/>\n<meta property=\"og:title\" content=\"K\u00fcrt komedyen Bav\u00ea Teyar bombard\u0131manda hayat\u0131n\u0131 kaybetti - Darka Mazi\" \/>\n<meta property=\"og:description\" content=\"T\u00fcrkiye\u2019nin Ti\u015frin Baraj\u0131\u2019na y\u00f6nelik sald\u0131r\u0131s\u0131nda a\u011f\u0131r yaralanan K\u00fcrt tiyatro oyuncusu ve komedyen Bav\u00ea Teyar, hayat\u0131n\u0131 kaybetti. Demokratik Suriye G\u00fc\u00e7leri (DSG), son \u00fc\u00e7 g\u00fcnd\u00fcr T\u00fcrk Silahl\u0131 Kuvvetleri\u2019ne (TSK) ait sava\u015f u\u00e7aklar\u0131 ve insans\u0131z hava ara\u00e7lar\u0131n\u0131n (\u0130HA) Ti\u015frin Baraj\u0131 \u00e7evresinde toplanan sivil g\u00f6stericileri hedef ald\u0131\u011f\u0131n\u0131\u00a0duyurmu\u015ftu. D\u00fcn d\u00fczenlenen sald\u0131r\u0131larda baraj\u0131n altyap\u0131s\u0131 vurulurken, d\u00f6rt sivilin ya\u015fam\u0131n\u0131 yitirdi\u011fi, 15 ki\u015finin [&hellip;]\" \/>\n<meta property=\"og:url\" content=\"https:\/\/darkamazi.site\/archives\/1032646\" \/>\n<meta property=\"og:site_name\" content=\"Darka Mazi\" \/>\n<meta property=\"article:publisher\" content=\"https:\/\/www.facebook.com\/DarkaMaziturkce\" \/>\n<meta property=\"article:published_time\" content=\"2025-01-19T15:07:20+00:00\" \/>\n<meta property=\"og:image\" content=\"https:\/\/darkamazi.site\/file\/2025\/01\/bave-teyar-1.jpg\" \/>\n\t<meta property=\"og:image:width\" content=\"1280\" \/>\n\t<meta property=\"og:image:height\" content=\"720\" \/>\n\t<meta property=\"og:image:type\" content=\"image\/jpeg\" \/>\n<meta name=\"author\" content=\"darka mazi\" \/>\n<meta name=\"twitter:card\" content=\"summary_large_image\" \/>\n<meta name=\"twitter:creator\" content=\"@DarkaMaziTurkce\" \/>\n<meta name=\"twitter:site\" content=\"@DarkaMaziTurkce\" \/>\n<meta name=\"twitter:label1\" content=\"Written by\" \/>\n\t<meta name=\"twitter:data1\" content=\"darka mazi\" \/>\n\t<meta name=\"twitter:label2\" content=\"Est. reading time\" \/>\n\t<meta name=\"twitter:data2\" content=\"1 minute\" \/>\n<script type=\"application\/ld+json\" class=\"seo-schema-graph\">{\"@context\":\"https:\\\/\\\/schema.org\",\"@graph\":[{\"@type\":\"NewsArticle\",\"@id\":\"https:\\\/\\\/darkamazi.site\\\/archives\\\/1032646#article\",\"isPartOf\":{\"@id\":\"https:\\\/\\\/darkamazi.site\\\/archives\\\/1032646\"},\"author\":{\"name\":\"darka mazi\",\"@id\":\"https:\\\/\\\/darkamazi.site\\\/#\\\/schema\\\/person\\\/67986a95ac546c16760365877ef4a9d3\"},\"headline\":\"K\u00fcrt komedyen Bav\u00ea Teyar bombard\u0131manda hayat\u0131n\u0131 kaybetti\",\"datePublished\":\"2025-01-19T15:07:20+00:00\",\"mainEntityOfPage\":{\"@id\":\"https:\\\/\\\/darkamazi.site\\\/archives\\\/1032646\"},\"wordCount\":140,\"publisher\":{\"@id\":\"https:\\\/\\\/darkamazi.site\\\/#organization\"},\"image\":{\"@id\":\"https:\\\/\\\/darkamazi.site\\\/archives\\\/1032646#primaryimage\"},\"thumbnailUrl\":\"https:\\\/\\\/darkamazi.site\\\/darka-content\\\/uploads\\\/2025\\\/01\\\/bave-teyar-1.jpg\",\"articleSection\":[\"Sanat\"],\"inLanguage\":\"en-US\"},{\"@type\":\"WebPage\",\"@id\":\"https:\\\/\\\/darkamazi.site\\\/archives\\\/1032646\",\"url\":\"https:\\\/\\\/darkamazi.site\\\/archives\\\/1032646\",\"name\":\"K\u00fcrt komedyen Bav\u00ea Teyar bombard\u0131manda hayat\u0131n\u0131 kaybetti - Darka Mazi\",\"isPartOf\":{\"@id\":\"https:\\\/\\\/darkamazi.site\\\/#website\"},\"primaryImageOfPage\":{\"@id\":\"https:\\\/\\\/darkamazi.site\\\/archives\\\/1032646#primaryimage\"},\"image\":{\"@id\":\"https:\\\/\\\/darkamazi.site\\\/archives\\\/1032646#primaryimage\"},\"thumbnailUrl\":\"https:\\\/\\\/darkamazi.site\\\/darka-content\\\/uploads\\\/2025\\\/01\\\/bave-teyar-1.jpg\",\"datePublished\":\"2025-01-19T15:07:20+00:00\",\"breadcrumb\":{\"@id\":\"https:\\\/\\\/darkamazi.site\\\/archives\\\/1032646#breadcrumb\"},\"inLanguage\":\"en-US\",\"potentialAction\":[{\"@type\":\"ReadAction\",\"target\":[\"https:\\\/\\\/darkamazi.site\\\/archives\\\/1032646\"]}]},{\"@type\":\"ImageObject\",\"inLanguage\":\"en-US\",\"@id\":\"https:\\\/\\\/darkamazi.site\\\/archives\\\/1032646#primaryimage\",\"url\":\"https:\\\/\\\/darkamazi.site\\\/darka-content\\\/uploads\\\/2025\\\/01\\\/bave-teyar-1.jpg\",\"contentUrl\":\"https:\\\/\\\/darkamazi.site\\\/darka-content\\\/uploads\\\/2025\\\/01\\\/bave-teyar-1.jpg\",\"width\":1280,\"height\":720,\"caption\":\"K\u00fcrt komedyen Bav\u00ea Teyar bombard\u0131manda hayat\u0131n\u0131 kaybetti\"},{\"@type\":\"BreadcrumbList\",\"@id\":\"https:\\\/\\\/darkamazi.site\\\/archives\\\/1032646#breadcrumb\",\"itemListElement\":[{\"@type\":\"ListItem\",\"position\":1,\"name\":\"Home\",\"item\":\"https:\\\/\\\/darkamazi.site\\\/\"},{\"@type\":\"ListItem\",\"position\":2,\"name\":\"K\u00fcrt komedyen Bav\u00ea Teyar bombard\u0131manda hayat\u0131n\u0131 kaybetti\"}]},{\"@type\":\"WebSite\",\"@id\":\"https:\\\/\\\/darkamazi.site\\\/#website\",\"url\":\"https:\\\/\\\/darkamazi.site\\\/\",\"name\":\"Darka Mazi\",\"description\":\"Ana Sayfa\",\"publisher\":{\"@id\":\"https:\\\/\\\/darkamazi.site\\\/#organization\"},\"potentialAction\":[{\"@type\":\"SearchAction\",\"target\":{\"@type\":\"EntryPoint\",\"urlTemplate\":\"https:\\\/\\\/darkamazi.site\\\/?s={search_term_string}\"},\"query-input\":{\"@type\":\"PropertyValueSpecification\",\"valueRequired\":true,\"valueName\":\"search_term_string\"}}],\"inLanguage\":\"en-US\"},{\"@type\":\"Organization\",\"@id\":\"https:\\\/\\\/darkamazi.site\\\/#organization\",\"name\":\"Darka Mazi T\u00fcrk\u00e7e\",\"alternateName\":\"Darka Mazi\",\"url\":\"https:\\\/\\\/darkamazi.site\\\/\",\"logo\":{\"@type\":\"ImageObject\",\"inLanguage\":\"en-US\",\"@id\":\"https:\\\/\\\/darkamazi.site\\\/#\\\/schema\\\/logo\\\/image\\\/\",\"url\":\"https:\\\/\\\/darkamazi.site\\\/darka-content\\\/uploads\\\/2017\\\/12\\\/darka-mazi-logo.png\",\"contentUrl\":\"https:\\\/\\\/darkamazi.site\\\/darka-content\\\/uploads\\\/2017\\\/12\\\/darka-mazi-logo.png\",\"width\":151,\"height\":75,\"caption\":\"Darka Mazi T\u00fcrk\u00e7e\"},\"image\":{\"@id\":\"https:\\\/\\\/darkamazi.site\\\/#\\\/schema\\\/logo\\\/image\\\/\"},\"sameAs\":[\"https:\\\/\\\/www.facebook.com\\\/DarkaMaziturkce\",\"https:\\\/\\\/x.com\\\/DarkaMaziTurkce\"]},{\"@type\":\"Person\",\"@id\":\"https:\\\/\\\/darkamazi.site\\\/#\\\/schema\\\/person\\\/67986a95ac546c16760365877ef4a9d3\",\"name\":\"darka mazi\",\"sameAs\":[\"https:\\\/\\\/darkamazi.site\"],\"url\":\"https:\\\/\\\/darkamazi.site\\\/archives\\\/author\\\/turkish\"}]}<\/script>\n<!-- \/ Yoast SEO plugin. -->","seo_head_json":{"title":"K\u00fcrt komedyen Bav\u00ea Teyar bombard\u0131manda hayat\u0131n\u0131 kaybetti - Darka Mazi","robots":{"index":"index","follow":"follow","max-snippet":"max-snippet:-1","max-image-preview":"max-image-preview:large","max-video-preview":"max-video-preview:-1"},"canonical":"https:\/\/darkamazi.site\/archives\/1032646","og_locale":"en_US","og_type":"article","og_title":"K\u00fcrt komedyen Bav\u00ea Teyar bombard\u0131manda hayat\u0131n\u0131 kaybetti - Darka Mazi","og_description":"T\u00fcrkiye\u2019nin Ti\u015frin Baraj\u0131\u2019na y\u00f6nelik sald\u0131r\u0131s\u0131nda a\u011f\u0131r yaralanan K\u00fcrt tiyatro oyuncusu ve komedyen Bav\u00ea Teyar, hayat\u0131n\u0131 kaybetti. Demokratik Suriye G\u00fc\u00e7leri (DSG), son \u00fc\u00e7 g\u00fcnd\u00fcr T\u00fcrk Silahl\u0131 Kuvvetleri\u2019ne (TSK) ait sava\u015f u\u00e7aklar\u0131 ve insans\u0131z hava ara\u00e7lar\u0131n\u0131n (\u0130HA) Ti\u015frin Baraj\u0131 \u00e7evresinde toplanan sivil g\u00f6stericileri hedef ald\u0131\u011f\u0131n\u0131\u00a0duyurmu\u015ftu. D\u00fcn d\u00fczenlenen sald\u0131r\u0131larda baraj\u0131n altyap\u0131s\u0131 vurulurken, d\u00f6rt sivilin ya\u015fam\u0131n\u0131 yitirdi\u011fi, 15 ki\u015finin [&hellip;]","og_url":"https:\/\/darkamazi.site\/archives\/1032646","og_site_name":"Darka Mazi","article_publisher":"https:\/\/www.facebook.com\/DarkaMaziturkce","article_published_time":"2025-01-19T15:07:20+00:00","og_image":[{"width":1280,"height":720,"url":"https:\/\/darkamazi.site\/file\/2025\/01\/bave-teyar-1.jpg","type":"image\/jpeg"}],"author":"darka mazi","twitter_card":"summary_large_image","twitter_creator":"@DarkaMaziTurkce","twitter_site":"@DarkaMaziTurkce","twitter_misc":{"Written by":"darka mazi","Est. reading time":"1 minute"},"schema":{"@context":"https:\/\/schema.org","@graph":[{"@type":"NewsArticle","@id":"https:\/\/darkamazi.site\/archives\/1032646#article","isPartOf":{"@id":"https:\/\/darkamazi.site\/archives\/1032646"},"author":{"name":"darka mazi","@id":"https:\/\/darkamazi.site\/#\/schema\/person\/67986a95ac546c16760365877ef4a9d3"},"headline":"K\u00fcrt komedyen Bav\u00ea Teyar bombard\u0131manda hayat\u0131n\u0131 kaybetti","datePublished":"2025-01-19T15:07:20+00:00","mainEntityOfPage":{"@id":"https:\/\/darkamazi.site\/archives\/1032646"},"wordCount":140,"publisher":{"@id":"https:\/\/darkamazi.site\/#organization"},"image":{"@id":"https:\/\/darkamazi.site\/archives\/1032646#primaryimage"},"thumbnailUrl":"https:\/\/darkamazi.site\/file\/2025\/01\/bave-teyar-1.jpg","articleSection":["Sanat"],"inLanguage":"en-US"},{"@type":"WebPage","@id":"https:\/\/darkamazi.site\/archives\/1032646","url":"https:\/\/darkamazi.site\/archives\/1032646","name":"K\u00fcrt komedyen Bav\u00ea Teyar bombard\u0131manda hayat\u0131n\u0131 kaybetti - Darka Mazi","isPartOf":{"@id":"https:\/\/darkamazi.site\/#website"},"primaryImageOfPage":{"@id":"https:\/\/darkamazi.site\/archives\/1032646#primaryimage"},"image":{"@id":"https:\/\/darkamazi.site\/archives\/1032646#primaryimage"},"thumbnailUrl":"https:\/\/darkamazi.site\/file\/2025\/01\/bave-teyar-1.jpg","datePublished":"2025-01-19T15:07:20+00:00","breadcrumb":{"@id":"https:\/\/darkamazi.site\/archives\/1032646#breadcrumb"},"inLanguage":"en-US","potentialAction":[{"@type":"ReadAction","target":["https:\/\/darkamazi.site\/archives\/1032646"]}]},{"@type":"ImageObject","inLanguage":"en-US","@id":"https:\/\/darkamazi.site\/archives\/1032646#primaryimage","url":"https:\/\/darkamazi.site\/file\/2025\/01\/bave-teyar-1.jpg","contentUrl":"https:\/\/darkamazi.site\/file\/2025\/01\/bave-teyar-1.jpg","width":1280,"height":720,"caption":"K\u00fcrt komedyen Bav\u00ea Teyar bombard\u0131manda hayat\u0131n\u0131 kaybetti"},{"@type":"BreadcrumbList","@id":"https:\/\/darkamazi.site\/archives\/1032646#breadcrumb","itemListElement":[{"@type":"ListItem","position":1,"name":"Home","item":"https:\/\/darkamazi.site\/"},{"@type":"ListItem","position":2,"name":"K\u00fcrt komedyen Bav\u00ea Teyar bombard\u0131manda hayat\u0131n\u0131 kaybetti"}]},{"@type":"WebSite","@id":"https:\/\/darkamazi.site\/#website","url":"https:\/\/darkamazi.site\/","name":"Darka Mazi","description":"Ana Sayfa","publisher":{"@id":"https:\/\/darkamazi.site\/#organization"},"potentialAction":[{"@type":"SearchAction","target":{"@type":"EntryPoint","urlTemplate":"https:\/\/darkamazi.site\/?s={search_term_string}"},"query-input":{"@type":"PropertyValueSpecification","valueRequired":true,"valueName":"search_term_string"}}],"inLanguage":"en-US"},{"@type":"Organization","@id":"https:\/\/darkamazi.site\/#organization","name":"Darka Mazi T\u00fcrk\u00e7e","alternateName":"Darka Mazi","url":"https:\/\/darkamazi.site\/","logo":{"@type":"ImageObject","inLanguage":"en-US","@id":"https:\/\/darkamazi.site\/#\/schema\/logo\/image\/","url":"https:\/\/darkamazi.site\/file\/2017\/12\/darka-mazi-logo.png","contentUrl":"https:\/\/darkamazi.site\/file\/2017\/12\/darka-mazi-logo.png","width":151,"height":75,"caption":"Darka Mazi T\u00fcrk\u00e7e"},"image":{"@id":"https:\/\/darkamazi.site\/#\/schema\/logo\/image\/"},"sameAs":["https:\/\/www.facebook.com\/DarkaMaziturkce","https:\/\/x.com\/DarkaMaziTurkce"]},{"@type":"Person","@id":"https:\/\/darkamazi.site\/#\/schema\/person\/67986a95ac546c16760365877ef4a9d3","name":"darka mazi","sameAs":["https:\/\/darkamazi.site"],"url":"https:\/\/darkamazi.site\/archives\/author\/turkish"}]}},"_links":{"self":[{"href":"https:\/\/darkamazi.site\/funavuv\/wp\/v2\/posts\/1032646","targetHints":{"allow":["GET"]}}],"collection":[{"href":"https:\/\/darkamazi.site\/funavuv\/wp\/v2\/posts"}],"about":[{"href":"https:\/\/darkamazi.site\/funavuv\/wp\/v2\/types\/post"}],"author":[{"embeddable":true,"href":"https:\/\/darkamazi.site\/funavuv\/wp\/v2\/users\/2"}],"replies":[{"embeddable":true,"href":"https:\/\/darkamazi.site\/funavuv\/wp\/v2\/comments?post=1032646"}],"version-history":[{"count":0,"href":"https:\/\/darkamazi.site\/funavuv\/wp\/v2\/posts\/1032646\/revisions"}],"wp:featuredmedia":[{"embeddable":true,"href":"https:\/\/darkamazi.site\/funavuv\/wp\/v2\/media\/1032647"}],"wp:attachment":[{"href":"https:\/\/darkamazi.site\/funavuv\/wp\/v2\/media?parent=1032646"}],"wp:term":[{"taxonomy":"category","embeddable":true,"href":"https:\/\/darkamazi.site\/funavuv\/wp\/v2\/categories?post=1032646"},{"taxonomy":"post_tag","embeddable":true,"href":"https:\/\/darkamazi.site\/funavuv\/wp\/v2\/tags?post=1032646"}],"curies":[{"name":"wp","href":"https:\/\/api.w.org\/{rel}","templated":true}]}}