{"id":1032734,"date":"2025-01-23T19:15:25","date_gmt":"2025-01-23T16:15:25","guid":{"rendered":"https:\/\/darkamazi.site\/?p=1032734"},"modified":"2026-03-31T16:17:53","modified_gmt":"2026-03-31T13:17:53","slug":"ezidilerden-tepki-irakin-cikardigi-af-yasasinda-ezidi-kadinlari-kacirip-pazarda-satan-5-kisi-de-faydalaniyor","status":"publish","type":"post","link":"https:\/\/darkamazi.site\/archives\/1032734","title":{"rendered":"Ezidilerden tepki: Irak&#8217;\u0131n \u00e7\u0131kard\u0131\u011f\u0131 af yasas\u0131nda Ezidi kad\u0131nlar\u0131 ka\u00e7\u0131r\u0131p, pazarda satan 5 ki\u015fi de faydalan\u0131yor"},"content":{"rendered":"<p style=\"text-align: justify\">Ezidi K\u00fcrt siyaset\u00e7i Viyan Dexil, maalesef parlamentoda oylanan af yasas\u0131n\u0131n insan ka\u00e7\u0131r\u0131p \u00f6ld\u00fcrmeyen herkesi kapsayaca\u011f\u0131n\u0131 s\u00f6yledi.<\/p>\n<p style=\"text-align: justify\">Kurdistan24&#8217;e konu\u015fan V\u0130yan Dexil, &#8220;Af, Musul&#8217;da 5 Ezidi kad\u0131n\u0131 ka\u00e7\u0131r\u0131p pazarda satan DA\u0130\u015e&#8217;lileri de kaps\u0131yor. Yasaya g\u00f6re kad\u0131nlar\u0131 \u00f6ld\u00fcrmeyip sadece satanlar maalesef affedilecek.&#8221; dedi.<\/p>\n<p style=\"text-align: justify\">Ge\u00e7ti\u011fimiz hafta Irak Parlamentosunda, 2016 tarihli (27) say\u0131l\u0131 genel af yasa tasar\u0131s\u0131n\u0131n ikinci de\u011fi\u015fiklik teklifi oylanm\u0131\u015ft\u0131.<\/p>\n<p style=\"text-align: justify\">Dexil, daha \u00f6nce sosyal medya platformu X \u00fczerinden yapt\u0131\u011f\u0131 payla\u015f\u0131mda, \u201cIrak Parlamentosundaki baz\u0131 siyasi partiler, elleri Irakl\u0131lar, Araplar, K\u00fcrtler, S\u00fcnniler, \u015eiiler ve di\u011fer topluluklar\u0131n kan\u0131ndan k\u0131rm\u0131z\u0131ya bulanan ter\u00f6ristlerin \u00e7o\u011funlu\u011funu \u00f6zellikle de Ezidi katliam\u0131n\u0131 affedebilecek bir genel af yasas\u0131n\u0131 \u00e7\u0131karmaya \u00e7al\u0131\u015f\u0131yor.\u201d ifadesini kullanm\u0131\u015f<\/p>\n","protected":false},"excerpt":{"rendered":"<p>Ezidi K\u00fcrt siyaset\u00e7i Viyan Dexil, maalesef parlamentoda oylanan af yasas\u0131n\u0131n insan ka\u00e7\u0131r\u0131p \u00f6ld\u00fcrmeyen herkesi kapsayaca\u011f\u0131n\u0131 s\u00f6yledi. Kurdistan24&#8217;e konu\u015fan V\u0130yan Dexil, &#8220;Af, Musul&#8217;da 5 Ezidi kad\u0131n\u0131 ka\u00e7\u0131r\u0131p pazarda satan DA\u0130\u015e&#8217;lileri de kaps\u0131yor. Yasaya g\u00f6re kad\u0131nlar\u0131 \u00f6ld\u00fcrmeyip sadece satanlar maalesef affedilecek.&#8221; dedi. Ge\u00e7ti\u011fimiz hafta Irak Parlamentosunda, 2016 tarihli (27) say\u0131l\u0131 genel af yasa tasar\u0131s\u0131n\u0131n ikinci de\u011fi\u015fiklik teklifi [&hellip;]<\/p>\n","protected":false},"author":2,"featured_media":1032735,"comment_status":"closed","ping_status":"closed","sticky":false,"template":"","format":"standard","meta":{"footnotes":""},"categories":[3],"tags":[31],"class_list":["post-1032734","post","type-post","status-publish","format-standard","has-post-thumbnail","hentry","category-kurdistan","tag-onemli"],"blocksy_meta":[],"seo_head":"<!-- This site is optimized with the Yoast SEO plugin v27.5 - https:\/\/yoast.com\/product\/yoast-seo-wordpress\/ -->\n<title>Ezidilerden tepki: Irak&#039;\u0131n \u00e7\u0131kard\u0131\u011f\u0131 af yasas\u0131nda Ezidi kad\u0131nlar\u0131 ka\u00e7\u0131r\u0131p, pazarda satan 5 ki\u015fi de faydalan\u0131yor - Darka Mazi<\/title>\n<meta name=\"robots\" content=\"index, follow, max-snippet:-1, max-image-preview:large, max-video-preview:-1\" \/>\n<link rel=\"canonical\" href=\"https:\/\/darkamazi.site\/archives\/1032734\" \/>\n<meta property=\"og:locale\" content=\"en_US\" \/>\n<meta property=\"og:type\" content=\"article\" \/>\n<meta property=\"og:title\" content=\"Ezidilerden tepki: Irak&#039;\u0131n \u00e7\u0131kard\u0131\u011f\u0131 af yasas\u0131nda Ezidi kad\u0131nlar\u0131 ka\u00e7\u0131r\u0131p, pazarda satan 5 ki\u015fi de faydalan\u0131yor - Darka Mazi\" \/>\n<meta property=\"og:description\" content=\"Ezidi K\u00fcrt siyaset\u00e7i Viyan Dexil, maalesef parlamentoda oylanan af yasas\u0131n\u0131n insan ka\u00e7\u0131r\u0131p \u00f6ld\u00fcrmeyen herkesi kapsayaca\u011f\u0131n\u0131 s\u00f6yledi. Kurdistan24&#8217;e konu\u015fan V\u0130yan Dexil, &#8220;Af, Musul&#8217;da 5 Ezidi kad\u0131n\u0131 ka\u00e7\u0131r\u0131p pazarda satan DA\u0130\u015e&#8217;lileri de kaps\u0131yor. Yasaya g\u00f6re kad\u0131nlar\u0131 \u00f6ld\u00fcrmeyip sadece satanlar maalesef affedilecek.&#8221; dedi. Ge\u00e7ti\u011fimiz hafta Irak Parlamentosunda, 2016 tarihli (27) say\u0131l\u0131 genel af yasa tasar\u0131s\u0131n\u0131n ikinci de\u011fi\u015fiklik teklifi [&hellip;]\" \/>\n<meta property=\"og:url\" content=\"https:\/\/darkamazi.site\/archives\/1032734\" \/>\n<meta property=\"og:site_name\" content=\"Darka Mazi\" \/>\n<meta property=\"article:publisher\" content=\"https:\/\/www.facebook.com\/DarkaMaziturkce\" \/>\n<meta property=\"article:published_time\" content=\"2025-01-23T16:15:25+00:00\" \/>\n<meta property=\"article:modified_time\" content=\"2026-03-31T13:17:53+00:00\" \/>\n<meta property=\"og:image\" content=\"https:\/\/darkamazi.site\/file\/2025\/01\/Ezidi-kadinar.jpg\" \/>\n\t<meta property=\"og:image:width\" content=\"800\" \/>\n\t<meta property=\"og:image:height\" content=\"448\" \/>\n\t<meta property=\"og:image:type\" content=\"image\/jpeg\" \/>\n<meta name=\"author\" content=\"darka mazi\" \/>\n<meta name=\"twitter:card\" content=\"summary_large_image\" \/>\n<meta name=\"twitter:creator\" content=\"@DarkaMaziTurkce\" \/>\n<meta name=\"twitter:site\" content=\"@DarkaMaziTurkce\" \/>\n<meta name=\"twitter:label1\" content=\"Written by\" \/>\n\t<meta name=\"twitter:data1\" content=\"darka mazi\" \/>\n\t<meta name=\"twitter:label2\" content=\"Est. reading time\" \/>\n\t<meta name=\"twitter:data2\" content=\"1 minute\" \/>\n<script type=\"application\/ld+json\" class=\"seo-schema-graph\">{\"@context\":\"https:\\\/\\\/schema.org\",\"@graph\":[{\"@type\":\"NewsArticle\",\"@id\":\"https:\\\/\\\/darkamazi.site\\\/archives\\\/1032734#article\",\"isPartOf\":{\"@id\":\"https:\\\/\\\/darkamazi.site\\\/archives\\\/1032734\"},\"author\":{\"name\":\"darka mazi\",\"@id\":\"https:\\\/\\\/darkamazi.site\\\/#\\\/schema\\\/person\\\/67986a95ac546c16760365877ef4a9d3\"},\"headline\":\"Ezidilerden tepki: Irak&#8217;\u0131n \u00e7\u0131kard\u0131\u011f\u0131 af yasas\u0131nda Ezidi kad\u0131nlar\u0131 ka\u00e7\u0131r\u0131p, pazarda satan 5 ki\u015fi de faydalan\u0131yor\",\"datePublished\":\"2025-01-23T16:15:25+00:00\",\"dateModified\":\"2026-03-31T13:17:53+00:00\",\"mainEntityOfPage\":{\"@id\":\"https:\\\/\\\/darkamazi.site\\\/archives\\\/1032734\"},\"wordCount\":162,\"publisher\":{\"@id\":\"https:\\\/\\\/darkamazi.site\\\/#organization\"},\"image\":{\"@id\":\"https:\\\/\\\/darkamazi.site\\\/archives\\\/1032734#primaryimage\"},\"thumbnailUrl\":\"https:\\\/\\\/darkamazi.site\\\/darka-content\\\/uploads\\\/2025\\\/01\\\/Ezidi-kadinar.jpg\",\"keywords\":[\"\u00f6nemli\"],\"articleSection\":[\"Kurdistan\"],\"inLanguage\":\"en-US\"},{\"@type\":\"WebPage\",\"@id\":\"https:\\\/\\\/darkamazi.site\\\/archives\\\/1032734\",\"url\":\"https:\\\/\\\/darkamazi.site\\\/archives\\\/1032734\",\"name\":\"Ezidilerden tepki: Irak'\u0131n \u00e7\u0131kard\u0131\u011f\u0131 af yasas\u0131nda Ezidi kad\u0131nlar\u0131 ka\u00e7\u0131r\u0131p, pazarda satan 5 ki\u015fi de faydalan\u0131yor - Darka Mazi\",\"isPartOf\":{\"@id\":\"https:\\\/\\\/darkamazi.site\\\/#website\"},\"primaryImageOfPage\":{\"@id\":\"https:\\\/\\\/darkamazi.site\\\/archives\\\/1032734#primaryimage\"},\"image\":{\"@id\":\"https:\\\/\\\/darkamazi.site\\\/archives\\\/1032734#primaryimage\"},\"thumbnailUrl\":\"https:\\\/\\\/darkamazi.site\\\/darka-content\\\/uploads\\\/2025\\\/01\\\/Ezidi-kadinar.jpg\",\"datePublished\":\"2025-01-23T16:15:25+00:00\",\"dateModified\":\"2026-03-31T13:17:53+00:00\",\"breadcrumb\":{\"@id\":\"https:\\\/\\\/darkamazi.site\\\/archives\\\/1032734#breadcrumb\"},\"inLanguage\":\"en-US\",\"potentialAction\":[{\"@type\":\"ReadAction\",\"target\":[\"https:\\\/\\\/darkamazi.site\\\/archives\\\/1032734\"]}]},{\"@type\":\"ImageObject\",\"inLanguage\":\"en-US\",\"@id\":\"https:\\\/\\\/darkamazi.site\\\/archives\\\/1032734#primaryimage\",\"url\":\"https:\\\/\\\/darkamazi.site\\\/darka-content\\\/uploads\\\/2025\\\/01\\\/Ezidi-kadinar.jpg\",\"contentUrl\":\"https:\\\/\\\/darkamazi.site\\\/darka-content\\\/uploads\\\/2025\\\/01\\\/Ezidi-kadinar.jpg\",\"width\":800,\"height\":448,\"caption\":\"Ezidilerden tepki: Irak'\u0131n \u00e7\u0131kard\u0131\u011f\u0131 af yasas\u0131nda Ezidi kad\u0131nlar\u0131 ka\u00e7\u0131r\u0131p, pazarda satan 5 ki\u015fi de faydalan\u0131yor\"},{\"@type\":\"BreadcrumbList\",\"@id\":\"https:\\\/\\\/darkamazi.site\\\/archives\\\/1032734#breadcrumb\",\"itemListElement\":[{\"@type\":\"ListItem\",\"position\":1,\"name\":\"Home\",\"item\":\"https:\\\/\\\/darkamazi.site\\\/\"},{\"@type\":\"ListItem\",\"position\":2,\"name\":\"Ezidilerden tepki: Irak&#8217;\u0131n \u00e7\u0131kard\u0131\u011f\u0131 af yasas\u0131nda Ezidi kad\u0131nlar\u0131 ka\u00e7\u0131r\u0131p, pazarda satan 5 ki\u015fi de faydalan\u0131yor\"}]},{\"@type\":\"WebSite\",\"@id\":\"https:\\\/\\\/darkamazi.site\\\/#website\",\"url\":\"https:\\\/\\\/darkamazi.site\\\/\",\"name\":\"Darka Mazi\",\"description\":\"Ana Sayfa\",\"publisher\":{\"@id\":\"https:\\\/\\\/darkamazi.site\\\/#organization\"},\"potentialAction\":[{\"@type\":\"SearchAction\",\"target\":{\"@type\":\"EntryPoint\",\"urlTemplate\":\"https:\\\/\\\/darkamazi.site\\\/?s={search_term_string}\"},\"query-input\":{\"@type\":\"PropertyValueSpecification\",\"valueRequired\":true,\"valueName\":\"search_term_string\"}}],\"inLanguage\":\"en-US\"},{\"@type\":\"Organization\",\"@id\":\"https:\\\/\\\/darkamazi.site\\\/#organization\",\"name\":\"Darka Mazi T\u00fcrk\u00e7e\",\"alternateName\":\"Darka Mazi\",\"url\":\"https:\\\/\\\/darkamazi.site\\\/\",\"logo\":{\"@type\":\"ImageObject\",\"inLanguage\":\"en-US\",\"@id\":\"https:\\\/\\\/darkamazi.site\\\/#\\\/schema\\\/logo\\\/image\\\/\",\"url\":\"https:\\\/\\\/darkamazi.site\\\/darka-content\\\/uploads\\\/2017\\\/12\\\/darka-mazi-logo.png\",\"contentUrl\":\"https:\\\/\\\/darkamazi.site\\\/darka-content\\\/uploads\\\/2017\\\/12\\\/darka-mazi-logo.png\",\"width\":151,\"height\":75,\"caption\":\"Darka Mazi T\u00fcrk\u00e7e\"},\"image\":{\"@id\":\"https:\\\/\\\/darkamazi.site\\\/#\\\/schema\\\/logo\\\/image\\\/\"},\"sameAs\":[\"https:\\\/\\\/www.facebook.com\\\/DarkaMaziturkce\",\"https:\\\/\\\/x.com\\\/DarkaMaziTurkce\"]},{\"@type\":\"Person\",\"@id\":\"https:\\\/\\\/darkamazi.site\\\/#\\\/schema\\\/person\\\/67986a95ac546c16760365877ef4a9d3\",\"name\":\"darka mazi\",\"sameAs\":[\"https:\\\/\\\/darkamazi.site\"],\"url\":\"https:\\\/\\\/darkamazi.site\\\/archives\\\/author\\\/turkish\"}]}<\/script>\n<!-- \/ Yoast SEO plugin. -->","seo_head_json":{"title":"Ezidilerden tepki: Irak'\u0131n \u00e7\u0131kard\u0131\u011f\u0131 af yasas\u0131nda Ezidi kad\u0131nlar\u0131 ka\u00e7\u0131r\u0131p, pazarda satan 5 ki\u015fi de faydalan\u0131yor - Darka Mazi","robots":{"index":"index","follow":"follow","max-snippet":"max-snippet:-1","max-image-preview":"max-image-preview:large","max-video-preview":"max-video-preview:-1"},"canonical":"https:\/\/darkamazi.site\/archives\/1032734","og_locale":"en_US","og_type":"article","og_title":"Ezidilerden tepki: Irak'\u0131n \u00e7\u0131kard\u0131\u011f\u0131 af yasas\u0131nda Ezidi kad\u0131nlar\u0131 ka\u00e7\u0131r\u0131p, pazarda satan 5 ki\u015fi de faydalan\u0131yor - Darka Mazi","og_description":"Ezidi K\u00fcrt siyaset\u00e7i Viyan Dexil, maalesef parlamentoda oylanan af yasas\u0131n\u0131n insan ka\u00e7\u0131r\u0131p \u00f6ld\u00fcrmeyen herkesi kapsayaca\u011f\u0131n\u0131 s\u00f6yledi. Kurdistan24&#8217;e konu\u015fan V\u0130yan Dexil, &#8220;Af, Musul&#8217;da 5 Ezidi kad\u0131n\u0131 ka\u00e7\u0131r\u0131p pazarda satan DA\u0130\u015e&#8217;lileri de kaps\u0131yor. Yasaya g\u00f6re kad\u0131nlar\u0131 \u00f6ld\u00fcrmeyip sadece satanlar maalesef affedilecek.&#8221; dedi. Ge\u00e7ti\u011fimiz hafta Irak Parlamentosunda, 2016 tarihli (27) say\u0131l\u0131 genel af yasa tasar\u0131s\u0131n\u0131n ikinci de\u011fi\u015fiklik teklifi [&hellip;]","og_url":"https:\/\/darkamazi.site\/archives\/1032734","og_site_name":"Darka Mazi","article_publisher":"https:\/\/www.facebook.com\/DarkaMaziturkce","article_published_time":"2025-01-23T16:15:25+00:00","article_modified_time":"2026-03-31T13:17:53+00:00","og_image":[{"width":800,"height":448,"url":"https:\/\/darkamazi.site\/file\/2025\/01\/Ezidi-kadinar.jpg","type":"image\/jpeg"}],"author":"darka mazi","twitter_card":"summary_large_image","twitter_creator":"@DarkaMaziTurkce","twitter_site":"@DarkaMaziTurkce","twitter_misc":{"Written by":"darka mazi","Est. reading time":"1 minute"},"schema":{"@context":"https:\/\/schema.org","@graph":[{"@type":"NewsArticle","@id":"https:\/\/darkamazi.site\/archives\/1032734#article","isPartOf":{"@id":"https:\/\/darkamazi.site\/archives\/1032734"},"author":{"name":"darka mazi","@id":"https:\/\/darkamazi.site\/#\/schema\/person\/67986a95ac546c16760365877ef4a9d3"},"headline":"Ezidilerden tepki: Irak&#8217;\u0131n \u00e7\u0131kard\u0131\u011f\u0131 af yasas\u0131nda Ezidi kad\u0131nlar\u0131 ka\u00e7\u0131r\u0131p, pazarda satan 5 ki\u015fi de faydalan\u0131yor","datePublished":"2025-01-23T16:15:25+00:00","dateModified":"2026-03-31T13:17:53+00:00","mainEntityOfPage":{"@id":"https:\/\/darkamazi.site\/archives\/1032734"},"wordCount":162,"publisher":{"@id":"https:\/\/darkamazi.site\/#organization"},"image":{"@id":"https:\/\/darkamazi.site\/archives\/1032734#primaryimage"},"thumbnailUrl":"https:\/\/darkamazi.site\/file\/2025\/01\/Ezidi-kadinar.jpg","keywords":["\u00f6nemli"],"articleSection":["Kurdistan"],"inLanguage":"en-US"},{"@type":"WebPage","@id":"https:\/\/darkamazi.site\/archives\/1032734","url":"https:\/\/darkamazi.site\/archives\/1032734","name":"Ezidilerden tepki: Irak'\u0131n \u00e7\u0131kard\u0131\u011f\u0131 af yasas\u0131nda Ezidi kad\u0131nlar\u0131 ka\u00e7\u0131r\u0131p, pazarda satan 5 ki\u015fi de faydalan\u0131yor - Darka Mazi","isPartOf":{"@id":"https:\/\/darkamazi.site\/#website"},"primaryImageOfPage":{"@id":"https:\/\/darkamazi.site\/archives\/1032734#primaryimage"},"image":{"@id":"https:\/\/darkamazi.site\/archives\/1032734#primaryimage"},"thumbnailUrl":"https:\/\/darkamazi.site\/file\/2025\/01\/Ezidi-kadinar.jpg","datePublished":"2025-01-23T16:15:25+00:00","dateModified":"2026-03-31T13:17:53+00:00","breadcrumb":{"@id":"https:\/\/darkamazi.site\/archives\/1032734#breadcrumb"},"inLanguage":"en-US","potentialAction":[{"@type":"ReadAction","target":["https:\/\/darkamazi.site\/archives\/1032734"]}]},{"@type":"ImageObject","inLanguage":"en-US","@id":"https:\/\/darkamazi.site\/archives\/1032734#primaryimage","url":"https:\/\/darkamazi.site\/file\/2025\/01\/Ezidi-kadinar.jpg","contentUrl":"https:\/\/darkamazi.site\/file\/2025\/01\/Ezidi-kadinar.jpg","width":800,"height":448,"caption":"Ezidilerden tepki: Irak'\u0131n \u00e7\u0131kard\u0131\u011f\u0131 af yasas\u0131nda Ezidi kad\u0131nlar\u0131 ka\u00e7\u0131r\u0131p, pazarda satan 5 ki\u015fi de faydalan\u0131yor"},{"@type":"BreadcrumbList","@id":"https:\/\/darkamazi.site\/archives\/1032734#breadcrumb","itemListElement":[{"@type":"ListItem","position":1,"name":"Home","item":"https:\/\/darkamazi.site\/"},{"@type":"ListItem","position":2,"name":"Ezidilerden tepki: Irak&#8217;\u0131n \u00e7\u0131kard\u0131\u011f\u0131 af yasas\u0131nda Ezidi kad\u0131nlar\u0131 ka\u00e7\u0131r\u0131p, pazarda satan 5 ki\u015fi de faydalan\u0131yor"}]},{"@type":"WebSite","@id":"https:\/\/darkamazi.site\/#website","url":"https:\/\/darkamazi.site\/","name":"Darka Mazi","description":"Ana Sayfa","publisher":{"@id":"https:\/\/darkamazi.site\/#organization"},"potentialAction":[{"@type":"SearchAction","target":{"@type":"EntryPoint","urlTemplate":"https:\/\/darkamazi.site\/?s={search_term_string}"},"query-input":{"@type":"PropertyValueSpecification","valueRequired":true,"valueName":"search_term_string"}}],"inLanguage":"en-US"},{"@type":"Organization","@id":"https:\/\/darkamazi.site\/#organization","name":"Darka Mazi T\u00fcrk\u00e7e","alternateName":"Darka Mazi","url":"https:\/\/darkamazi.site\/","logo":{"@type":"ImageObject","inLanguage":"en-US","@id":"https:\/\/darkamazi.site\/#\/schema\/logo\/image\/","url":"https:\/\/darkamazi.site\/file\/2017\/12\/darka-mazi-logo.png","contentUrl":"https:\/\/darkamazi.site\/file\/2017\/12\/darka-mazi-logo.png","width":151,"height":75,"caption":"Darka Mazi T\u00fcrk\u00e7e"},"image":{"@id":"https:\/\/darkamazi.site\/#\/schema\/logo\/image\/"},"sameAs":["https:\/\/www.facebook.com\/DarkaMaziturkce","https:\/\/x.com\/DarkaMaziTurkce"]},{"@type":"Person","@id":"https:\/\/darkamazi.site\/#\/schema\/person\/67986a95ac546c16760365877ef4a9d3","name":"darka mazi","sameAs":["https:\/\/darkamazi.site"],"url":"https:\/\/darkamazi.site\/archives\/author\/turkish"}]}},"_links":{"self":[{"href":"https:\/\/darkamazi.site\/funavuv\/wp\/v2\/posts\/1032734","targetHints":{"allow":["GET"]}}],"collection":[{"href":"https:\/\/darkamazi.site\/funavuv\/wp\/v2\/posts"}],"about":[{"href":"https:\/\/darkamazi.site\/funavuv\/wp\/v2\/types\/post"}],"author":[{"embeddable":true,"href":"https:\/\/darkamazi.site\/funavuv\/wp\/v2\/users\/2"}],"replies":[{"embeddable":true,"href":"https:\/\/darkamazi.site\/funavuv\/wp\/v2\/comments?post=1032734"}],"version-history":[{"count":0,"href":"https:\/\/darkamazi.site\/funavuv\/wp\/v2\/posts\/1032734\/revisions"}],"wp:featuredmedia":[{"embeddable":true,"href":"https:\/\/darkamazi.site\/funavuv\/wp\/v2\/media\/1032735"}],"wp:attachment":[{"href":"https:\/\/darkamazi.site\/funavuv\/wp\/v2\/media?parent=1032734"}],"wp:term":[{"taxonomy":"category","embeddable":true,"href":"https:\/\/darkamazi.site\/funavuv\/wp\/v2\/categories?post=1032734"},{"taxonomy":"post_tag","embeddable":true,"href":"https:\/\/darkamazi.site\/funavuv\/wp\/v2\/tags?post=1032734"}],"curies":[{"name":"wp","href":"https:\/\/api.w.org\/{rel}","templated":true}]}}