{"id":1032743,"date":"2025-01-24T10:15:12","date_gmt":"2025-01-24T07:15:12","guid":{"rendered":"https:\/\/darkamazi.site\/?p=1032743"},"modified":"2025-01-24T10:15:12","modified_gmt":"2025-01-24T07:15:12","slug":"kurt-amerikan-yatirimcilar-dernegi-kuruldu","status":"publish","type":"post","link":"https:\/\/darkamazi.site\/archives\/1032743","title":{"rendered":"K\u00fcrt -Amerikan Yat\u0131r\u0131mc\u0131lar Derne\u011fi kuruldu"},"content":{"rendered":"<p>K\u00fcrdistan B\u00f6lgesel Y\u00f6netimi ile Amerikal\u0131 yat\u0131r\u0131mc\u0131lar\u0131n ortak giri\u015fimi ile \u00a0K\u00fcrt-Amerikan Yat\u0131r\u0131mc\u0131lar Dere\u011fi kuruldu.<\/p>\n<p>Derne\u011fin ABD&#8217;deki ilk \u00fcyesi olan Cemal Hamare\u015fid, &#8220;Amerikan ve K\u00fcrt Yat\u0131r\u0131mc\u0131lar Derne\u011fi, K\u00fcrdistan B\u00f6lgesi ve ABD&#8217;deki baz\u0131 yat\u0131r\u0131mc\u0131lar\u0131n i\u015f birli\u011fiyle kuruldu.&#8221; dedi.<\/p>\n<p>Hamare\u015fid ayr\u0131ca konuya ili\u015fkin olarak \u015fu bilgileri verdi: &#8220;Bu Dernek, Chicago, Illinois&#8217;de kay\u0131tl\u0131 \u00f6zel, k\u00e2r amac\u0131 g\u00fctmeyen bir kurulu\u015ftur ve resmi bir t\u00fcz\u00fc\u011f\u00fc vard\u0131r. K\u00fcrdistan B\u00f6lgesi&#8217;ndeki yat\u0131r\u0131mc\u0131lar ile Amerika Birle\u015fik Devletleri&#8217;ndeki yat\u0131r\u0131mc\u0131lar aras\u0131nda bir k\u00f6pr\u00fc olmay\u0131, f\u0131rsatlar\u0131 belirlemeyi ve \u00e7\u00f6z\u00fcmler \u00fcretmeyi esas al\u0131yor.\u201d<\/p>\n<p>K\u00fcrdistan B\u00f6lgesi ile ABD aras\u0131nda ekonomik, siyasi, askeri ve k\u00fclt\u00fcrel alanda \u00f6nemli ili\u015fkiler var. Taraflar s\u0131k s\u0131k ortakl\u0131klar\u0131n\u0131n alt\u0131n\u0131 \u00e7iziyorlar.<\/p>\n","protected":false},"excerpt":{"rendered":"<p>K\u00fcrdistan B\u00f6lgesel Y\u00f6netimi ile Amerikal\u0131 yat\u0131r\u0131mc\u0131lar\u0131n ortak giri\u015fimi ile \u00a0K\u00fcrt-Amerikan Yat\u0131r\u0131mc\u0131lar Dere\u011fi kuruldu. Derne\u011fin ABD&#8217;deki ilk \u00fcyesi olan Cemal Hamare\u015fid, &#8220;Amerikan ve K\u00fcrt Yat\u0131r\u0131mc\u0131lar Derne\u011fi, K\u00fcrdistan B\u00f6lgesi ve ABD&#8217;deki baz\u0131 yat\u0131r\u0131mc\u0131lar\u0131n i\u015f birli\u011fiyle kuruldu.&#8221; dedi. Hamare\u015fid ayr\u0131ca konuya ili\u015fkin olarak \u015fu bilgileri verdi: &#8220;Bu Dernek, Chicago, Illinois&#8217;de kay\u0131tl\u0131 \u00f6zel, k\u00e2r amac\u0131 g\u00fctmeyen bir kurulu\u015ftur ve [&hellip;]<\/p>\n","protected":false},"author":2,"featured_media":1032744,"comment_status":"closed","ping_status":"closed","sticky":false,"template":"","format":"standard","meta":{"footnotes":""},"categories":[5],"tags":[31],"class_list":["post-1032743","post","type-post","status-publish","format-standard","has-post-thumbnail","hentry","category-ekonomi","tag-onemli"],"blocksy_meta":[],"seo_head":"<!-- This site is optimized with the Yoast SEO plugin v27.5 - https:\/\/yoast.com\/product\/yoast-seo-wordpress\/ -->\n<title>K\u00fcrt -Amerikan Yat\u0131r\u0131mc\u0131lar Derne\u011fi kuruldu - Darka Mazi<\/title>\n<meta name=\"robots\" content=\"index, follow, max-snippet:-1, max-image-preview:large, max-video-preview:-1\" \/>\n<link rel=\"canonical\" href=\"https:\/\/darkamazi.site\/archives\/1032743\" \/>\n<meta property=\"og:locale\" content=\"en_US\" \/>\n<meta property=\"og:type\" content=\"article\" \/>\n<meta property=\"og:title\" content=\"K\u00fcrt -Amerikan Yat\u0131r\u0131mc\u0131lar Derne\u011fi kuruldu - Darka Mazi\" \/>\n<meta property=\"og:description\" content=\"K\u00fcrdistan B\u00f6lgesel Y\u00f6netimi ile Amerikal\u0131 yat\u0131r\u0131mc\u0131lar\u0131n ortak giri\u015fimi ile \u00a0K\u00fcrt-Amerikan Yat\u0131r\u0131mc\u0131lar Dere\u011fi kuruldu. Derne\u011fin ABD&#8217;deki ilk \u00fcyesi olan Cemal Hamare\u015fid, &#8220;Amerikan ve K\u00fcrt Yat\u0131r\u0131mc\u0131lar Derne\u011fi, K\u00fcrdistan B\u00f6lgesi ve ABD&#8217;deki baz\u0131 yat\u0131r\u0131mc\u0131lar\u0131n i\u015f birli\u011fiyle kuruldu.&#8221; dedi. Hamare\u015fid ayr\u0131ca konuya ili\u015fkin olarak \u015fu bilgileri verdi: &#8220;Bu Dernek, Chicago, Illinois&#8217;de kay\u0131tl\u0131 \u00f6zel, k\u00e2r amac\u0131 g\u00fctmeyen bir kurulu\u015ftur ve [&hellip;]\" \/>\n<meta property=\"og:url\" content=\"https:\/\/darkamazi.site\/archives\/1032743\" \/>\n<meta property=\"og:site_name\" content=\"Darka Mazi\" \/>\n<meta property=\"article:publisher\" content=\"https:\/\/www.facebook.com\/DarkaMaziturkce\" \/>\n<meta property=\"article:published_time\" content=\"2025-01-24T07:15:12+00:00\" \/>\n<meta property=\"og:image\" content=\"https:\/\/darkamazi.site\/file\/2025\/01\/Kurd-and-Usa-komela.jpg\" \/>\n\t<meta property=\"og:image:width\" content=\"710\" \/>\n\t<meta property=\"og:image:height\" content=\"435\" \/>\n\t<meta property=\"og:image:type\" content=\"image\/jpeg\" \/>\n<meta name=\"author\" content=\"darka mazi\" \/>\n<meta name=\"twitter:card\" content=\"summary_large_image\" \/>\n<meta name=\"twitter:creator\" content=\"@DarkaMaziTurkce\" \/>\n<meta name=\"twitter:site\" content=\"@DarkaMaziTurkce\" \/>\n<meta name=\"twitter:label1\" content=\"Written by\" \/>\n\t<meta name=\"twitter:data1\" content=\"darka mazi\" \/>\n\t<meta name=\"twitter:label2\" content=\"Est. reading time\" \/>\n\t<meta name=\"twitter:data2\" content=\"1 minute\" \/>\n<script type=\"application\/ld+json\" class=\"seo-schema-graph\">{\"@context\":\"https:\\\/\\\/schema.org\",\"@graph\":[{\"@type\":\"NewsArticle\",\"@id\":\"https:\\\/\\\/darkamazi.site\\\/archives\\\/1032743#article\",\"isPartOf\":{\"@id\":\"https:\\\/\\\/darkamazi.site\\\/archives\\\/1032743\"},\"author\":{\"name\":\"darka mazi\",\"@id\":\"https:\\\/\\\/darkamazi.site\\\/#\\\/schema\\\/person\\\/67986a95ac546c16760365877ef4a9d3\"},\"headline\":\"K\u00fcrt -Amerikan Yat\u0131r\u0131mc\u0131lar Derne\u011fi kuruldu\",\"datePublished\":\"2025-01-24T07:15:12+00:00\",\"mainEntityOfPage\":{\"@id\":\"https:\\\/\\\/darkamazi.site\\\/archives\\\/1032743\"},\"wordCount\":175,\"publisher\":{\"@id\":\"https:\\\/\\\/darkamazi.site\\\/#organization\"},\"image\":{\"@id\":\"https:\\\/\\\/darkamazi.site\\\/archives\\\/1032743#primaryimage\"},\"thumbnailUrl\":\"https:\\\/\\\/darkamazi.site\\\/darka-content\\\/uploads\\\/2025\\\/01\\\/Kurd-and-Usa-komela.jpg\",\"keywords\":[\"\u00f6nemli\"],\"articleSection\":[\"Ekonomi\"],\"inLanguage\":\"en-US\"},{\"@type\":\"WebPage\",\"@id\":\"https:\\\/\\\/darkamazi.site\\\/archives\\\/1032743\",\"url\":\"https:\\\/\\\/darkamazi.site\\\/archives\\\/1032743\",\"name\":\"K\u00fcrt -Amerikan Yat\u0131r\u0131mc\u0131lar Derne\u011fi kuruldu - Darka Mazi\",\"isPartOf\":{\"@id\":\"https:\\\/\\\/darkamazi.site\\\/#website\"},\"primaryImageOfPage\":{\"@id\":\"https:\\\/\\\/darkamazi.site\\\/archives\\\/1032743#primaryimage\"},\"image\":{\"@id\":\"https:\\\/\\\/darkamazi.site\\\/archives\\\/1032743#primaryimage\"},\"thumbnailUrl\":\"https:\\\/\\\/darkamazi.site\\\/darka-content\\\/uploads\\\/2025\\\/01\\\/Kurd-and-Usa-komela.jpg\",\"datePublished\":\"2025-01-24T07:15:12+00:00\",\"breadcrumb\":{\"@id\":\"https:\\\/\\\/darkamazi.site\\\/archives\\\/1032743#breadcrumb\"},\"inLanguage\":\"en-US\",\"potentialAction\":[{\"@type\":\"ReadAction\",\"target\":[\"https:\\\/\\\/darkamazi.site\\\/archives\\\/1032743\"]}]},{\"@type\":\"ImageObject\",\"inLanguage\":\"en-US\",\"@id\":\"https:\\\/\\\/darkamazi.site\\\/archives\\\/1032743#primaryimage\",\"url\":\"https:\\\/\\\/darkamazi.site\\\/darka-content\\\/uploads\\\/2025\\\/01\\\/Kurd-and-Usa-komela.jpg\",\"contentUrl\":\"https:\\\/\\\/darkamazi.site\\\/darka-content\\\/uploads\\\/2025\\\/01\\\/Kurd-and-Usa-komela.jpg\",\"width\":710,\"height\":435,\"caption\":\"K\u00fcrt -Amerikan Yat\u0131r\u0131mc\u0131lar Derne\u011fi kuruldu\"},{\"@type\":\"BreadcrumbList\",\"@id\":\"https:\\\/\\\/darkamazi.site\\\/archives\\\/1032743#breadcrumb\",\"itemListElement\":[{\"@type\":\"ListItem\",\"position\":1,\"name\":\"Home\",\"item\":\"https:\\\/\\\/darkamazi.site\\\/\"},{\"@type\":\"ListItem\",\"position\":2,\"name\":\"K\u00fcrt -Amerikan Yat\u0131r\u0131mc\u0131lar Derne\u011fi kuruldu\"}]},{\"@type\":\"WebSite\",\"@id\":\"https:\\\/\\\/darkamazi.site\\\/#website\",\"url\":\"https:\\\/\\\/darkamazi.site\\\/\",\"name\":\"Darka Mazi\",\"description\":\"Ana Sayfa\",\"publisher\":{\"@id\":\"https:\\\/\\\/darkamazi.site\\\/#organization\"},\"potentialAction\":[{\"@type\":\"SearchAction\",\"target\":{\"@type\":\"EntryPoint\",\"urlTemplate\":\"https:\\\/\\\/darkamazi.site\\\/?s={search_term_string}\"},\"query-input\":{\"@type\":\"PropertyValueSpecification\",\"valueRequired\":true,\"valueName\":\"search_term_string\"}}],\"inLanguage\":\"en-US\"},{\"@type\":\"Organization\",\"@id\":\"https:\\\/\\\/darkamazi.site\\\/#organization\",\"name\":\"Darka Mazi T\u00fcrk\u00e7e\",\"alternateName\":\"Darka Mazi\",\"url\":\"https:\\\/\\\/darkamazi.site\\\/\",\"logo\":{\"@type\":\"ImageObject\",\"inLanguage\":\"en-US\",\"@id\":\"https:\\\/\\\/darkamazi.site\\\/#\\\/schema\\\/logo\\\/image\\\/\",\"url\":\"https:\\\/\\\/darkamazi.site\\\/darka-content\\\/uploads\\\/2017\\\/12\\\/darka-mazi-logo.png\",\"contentUrl\":\"https:\\\/\\\/darkamazi.site\\\/darka-content\\\/uploads\\\/2017\\\/12\\\/darka-mazi-logo.png\",\"width\":151,\"height\":75,\"caption\":\"Darka Mazi T\u00fcrk\u00e7e\"},\"image\":{\"@id\":\"https:\\\/\\\/darkamazi.site\\\/#\\\/schema\\\/logo\\\/image\\\/\"},\"sameAs\":[\"https:\\\/\\\/www.facebook.com\\\/DarkaMaziturkce\",\"https:\\\/\\\/x.com\\\/DarkaMaziTurkce\"]},{\"@type\":\"Person\",\"@id\":\"https:\\\/\\\/darkamazi.site\\\/#\\\/schema\\\/person\\\/67986a95ac546c16760365877ef4a9d3\",\"name\":\"darka mazi\",\"sameAs\":[\"https:\\\/\\\/darkamazi.site\"],\"url\":\"https:\\\/\\\/darkamazi.site\\\/archives\\\/author\\\/turkish\"}]}<\/script>\n<!-- \/ Yoast SEO plugin. -->","seo_head_json":{"title":"K\u00fcrt -Amerikan Yat\u0131r\u0131mc\u0131lar Derne\u011fi kuruldu - Darka Mazi","robots":{"index":"index","follow":"follow","max-snippet":"max-snippet:-1","max-image-preview":"max-image-preview:large","max-video-preview":"max-video-preview:-1"},"canonical":"https:\/\/darkamazi.site\/archives\/1032743","og_locale":"en_US","og_type":"article","og_title":"K\u00fcrt -Amerikan Yat\u0131r\u0131mc\u0131lar Derne\u011fi kuruldu - Darka Mazi","og_description":"K\u00fcrdistan B\u00f6lgesel Y\u00f6netimi ile Amerikal\u0131 yat\u0131r\u0131mc\u0131lar\u0131n ortak giri\u015fimi ile \u00a0K\u00fcrt-Amerikan Yat\u0131r\u0131mc\u0131lar Dere\u011fi kuruldu. Derne\u011fin ABD&#8217;deki ilk \u00fcyesi olan Cemal Hamare\u015fid, &#8220;Amerikan ve K\u00fcrt Yat\u0131r\u0131mc\u0131lar Derne\u011fi, K\u00fcrdistan B\u00f6lgesi ve ABD&#8217;deki baz\u0131 yat\u0131r\u0131mc\u0131lar\u0131n i\u015f birli\u011fiyle kuruldu.&#8221; dedi. Hamare\u015fid ayr\u0131ca konuya ili\u015fkin olarak \u015fu bilgileri verdi: &#8220;Bu Dernek, Chicago, Illinois&#8217;de kay\u0131tl\u0131 \u00f6zel, k\u00e2r amac\u0131 g\u00fctmeyen bir kurulu\u015ftur ve [&hellip;]","og_url":"https:\/\/darkamazi.site\/archives\/1032743","og_site_name":"Darka Mazi","article_publisher":"https:\/\/www.facebook.com\/DarkaMaziturkce","article_published_time":"2025-01-24T07:15:12+00:00","og_image":[{"width":710,"height":435,"url":"https:\/\/darkamazi.site\/file\/2025\/01\/Kurd-and-Usa-komela.jpg","type":"image\/jpeg"}],"author":"darka mazi","twitter_card":"summary_large_image","twitter_creator":"@DarkaMaziTurkce","twitter_site":"@DarkaMaziTurkce","twitter_misc":{"Written by":"darka mazi","Est. reading time":"1 minute"},"schema":{"@context":"https:\/\/schema.org","@graph":[{"@type":"NewsArticle","@id":"https:\/\/darkamazi.site\/archives\/1032743#article","isPartOf":{"@id":"https:\/\/darkamazi.site\/archives\/1032743"},"author":{"name":"darka mazi","@id":"https:\/\/darkamazi.site\/#\/schema\/person\/67986a95ac546c16760365877ef4a9d3"},"headline":"K\u00fcrt -Amerikan Yat\u0131r\u0131mc\u0131lar Derne\u011fi kuruldu","datePublished":"2025-01-24T07:15:12+00:00","mainEntityOfPage":{"@id":"https:\/\/darkamazi.site\/archives\/1032743"},"wordCount":175,"publisher":{"@id":"https:\/\/darkamazi.site\/#organization"},"image":{"@id":"https:\/\/darkamazi.site\/archives\/1032743#primaryimage"},"thumbnailUrl":"https:\/\/darkamazi.site\/file\/2025\/01\/Kurd-and-Usa-komela.jpg","keywords":["\u00f6nemli"],"articleSection":["Ekonomi"],"inLanguage":"en-US"},{"@type":"WebPage","@id":"https:\/\/darkamazi.site\/archives\/1032743","url":"https:\/\/darkamazi.site\/archives\/1032743","name":"K\u00fcrt -Amerikan Yat\u0131r\u0131mc\u0131lar Derne\u011fi kuruldu - Darka Mazi","isPartOf":{"@id":"https:\/\/darkamazi.site\/#website"},"primaryImageOfPage":{"@id":"https:\/\/darkamazi.site\/archives\/1032743#primaryimage"},"image":{"@id":"https:\/\/darkamazi.site\/archives\/1032743#primaryimage"},"thumbnailUrl":"https:\/\/darkamazi.site\/file\/2025\/01\/Kurd-and-Usa-komela.jpg","datePublished":"2025-01-24T07:15:12+00:00","breadcrumb":{"@id":"https:\/\/darkamazi.site\/archives\/1032743#breadcrumb"},"inLanguage":"en-US","potentialAction":[{"@type":"ReadAction","target":["https:\/\/darkamazi.site\/archives\/1032743"]}]},{"@type":"ImageObject","inLanguage":"en-US","@id":"https:\/\/darkamazi.site\/archives\/1032743#primaryimage","url":"https:\/\/darkamazi.site\/file\/2025\/01\/Kurd-and-Usa-komela.jpg","contentUrl":"https:\/\/darkamazi.site\/file\/2025\/01\/Kurd-and-Usa-komela.jpg","width":710,"height":435,"caption":"K\u00fcrt -Amerikan Yat\u0131r\u0131mc\u0131lar Derne\u011fi kuruldu"},{"@type":"BreadcrumbList","@id":"https:\/\/darkamazi.site\/archives\/1032743#breadcrumb","itemListElement":[{"@type":"ListItem","position":1,"name":"Home","item":"https:\/\/darkamazi.site\/"},{"@type":"ListItem","position":2,"name":"K\u00fcrt -Amerikan Yat\u0131r\u0131mc\u0131lar Derne\u011fi kuruldu"}]},{"@type":"WebSite","@id":"https:\/\/darkamazi.site\/#website","url":"https:\/\/darkamazi.site\/","name":"Darka Mazi","description":"Ana Sayfa","publisher":{"@id":"https:\/\/darkamazi.site\/#organization"},"potentialAction":[{"@type":"SearchAction","target":{"@type":"EntryPoint","urlTemplate":"https:\/\/darkamazi.site\/?s={search_term_string}"},"query-input":{"@type":"PropertyValueSpecification","valueRequired":true,"valueName":"search_term_string"}}],"inLanguage":"en-US"},{"@type":"Organization","@id":"https:\/\/darkamazi.site\/#organization","name":"Darka Mazi T\u00fcrk\u00e7e","alternateName":"Darka Mazi","url":"https:\/\/darkamazi.site\/","logo":{"@type":"ImageObject","inLanguage":"en-US","@id":"https:\/\/darkamazi.site\/#\/schema\/logo\/image\/","url":"https:\/\/darkamazi.site\/file\/2017\/12\/darka-mazi-logo.png","contentUrl":"https:\/\/darkamazi.site\/file\/2017\/12\/darka-mazi-logo.png","width":151,"height":75,"caption":"Darka Mazi T\u00fcrk\u00e7e"},"image":{"@id":"https:\/\/darkamazi.site\/#\/schema\/logo\/image\/"},"sameAs":["https:\/\/www.facebook.com\/DarkaMaziturkce","https:\/\/x.com\/DarkaMaziTurkce"]},{"@type":"Person","@id":"https:\/\/darkamazi.site\/#\/schema\/person\/67986a95ac546c16760365877ef4a9d3","name":"darka mazi","sameAs":["https:\/\/darkamazi.site"],"url":"https:\/\/darkamazi.site\/archives\/author\/turkish"}]}},"_links":{"self":[{"href":"https:\/\/darkamazi.site\/funavuv\/wp\/v2\/posts\/1032743","targetHints":{"allow":["GET"]}}],"collection":[{"href":"https:\/\/darkamazi.site\/funavuv\/wp\/v2\/posts"}],"about":[{"href":"https:\/\/darkamazi.site\/funavuv\/wp\/v2\/types\/post"}],"author":[{"embeddable":true,"href":"https:\/\/darkamazi.site\/funavuv\/wp\/v2\/users\/2"}],"replies":[{"embeddable":true,"href":"https:\/\/darkamazi.site\/funavuv\/wp\/v2\/comments?post=1032743"}],"version-history":[{"count":0,"href":"https:\/\/darkamazi.site\/funavuv\/wp\/v2\/posts\/1032743\/revisions"}],"wp:featuredmedia":[{"embeddable":true,"href":"https:\/\/darkamazi.site\/funavuv\/wp\/v2\/media\/1032744"}],"wp:attachment":[{"href":"https:\/\/darkamazi.site\/funavuv\/wp\/v2\/media?parent=1032743"}],"wp:term":[{"taxonomy":"category","embeddable":true,"href":"https:\/\/darkamazi.site\/funavuv\/wp\/v2\/categories?post=1032743"},{"taxonomy":"post_tag","embeddable":true,"href":"https:\/\/darkamazi.site\/funavuv\/wp\/v2\/tags?post=1032743"}],"curies":[{"name":"wp","href":"https:\/\/api.w.org\/{rel}","templated":true}]}}