{"id":1032756,"date":"2025-01-25T11:15:44","date_gmt":"2025-01-25T08:15:44","guid":{"rendered":"https:\/\/darkamazi.site\/?p=1032756"},"modified":"2025-01-25T11:15:44","modified_gmt":"2025-01-25T08:15:44","slug":"baskan-barzaninin-sems-tvye-verdigi-roportajin-ana-basliklari","status":"publish","type":"post","link":"https:\/\/darkamazi.site\/archives\/1032756","title":{"rendered":"Ba\u015fkan Barzani&#8217;nin \u015eems TV&#8217;ye verdi\u011fi r\u00f6portaj\u0131n ana ba\u015fl\u0131klar\u0131"},"content":{"rendered":"<p>Ba\u015fkan Mesud Barzani, Suriye&#8217;nin yeni lideri Ahmed \u015eera&#8217;n\u0131n s\u00f6ylediklerini uygulamaya d\u00f6kmesini umut ettiklerini belirtti. Barzani ayr\u0131ca DSG Genel Komutan\u0131 Mazlum Abdi ile yapt\u0131klar\u0131 g\u00f6r\u00fc\u015fmede &#8220;\u00fcmitsizli\u011fe kap\u0131lmamas\u0131 ve diyalo\u011fa ba\u011fl\u0131 kalmas\u0131&#8221; tavsiyesinde bulundu\u011funu s\u00f6yledi\u011fini ifade etti.<\/p>\n<p>Ba\u015fkan Mesud Barzani, Cuma ak\u015fam\u0131 Erbil\u2019den Arap\u00e7a yay\u0131n hayat\u0131na ba\u015flayan \u015eems TV&#8217;ye\u00a0 verdi\u011fi r\u00f6portajda K\u00fcrdistan B\u00f6lgesi ve Irak\u2019taki durum, Erbil-Ba\u011fdat ili\u015fkileri, Suriye\u2019deki geli\u015fmeler, Rojava\u2019da K\u00fcrt taraflar\u0131n durumu, kom\u015fularla ili\u015fkiler de dahil geni\u015f bir yelpazede sorular\u0131 yan\u0131tlad\u0131.<\/p>\n<p><strong>Ahmet \u015eera hakk\u0131ndaki g\u00f6r\u00fc\u015f\u00fc<\/strong><\/p>\n<p>Ba\u015fkan Barzani&#8217;ye Suriye\u2019nin yeni lideri Ahmed \u015eera hakk\u0131ndaki g\u00f6r\u00fc\u015f\u00fc soruldu. Barzani, &#8220;\u015eimdiye kadar s\u00f6yledikleri olumlu ve yerinde. Umuyoruz ki gelecekte bunlar uygulamaya ge\u00e7er. Sorunlar\u0131 \u00e7\u00f6zmek ve ge\u00e7mi\u015ften ders \u00e7\u0131karmak i\u00e7in harekete ge\u00e7mek gerekiyor.\u00a0Ahmed \u015eara&#8217;n\u0131n s\u00f6zleri somut ad\u0131mlara d\u00f6n\u00fc\u015ft\u00fcr\u00fclmeli\u201d dedi.<\/p>\n<p>Ba\u015fkan Barzani, &#8220;Duyarl\u0131 olmak bizim hakk\u0131m\u0131z. Sadece s\u00f6zlerle sonu\u00e7 al\u0131namaz. S\u00f6z, eyleme kap\u0131 a\u00e7ar. Gelecekte sorunlar\u0131 \u00e7\u00f6zmek i\u00e7in ad\u0131mlar at\u0131lmas\u0131n\u0131 ve ge\u00e7mi\u015ften dersler \u00e7\u0131kar\u0131lmas\u0131n\u0131 umuyoruz. Beklemeliyiz&#8221; diye ekledi.<\/p>\n<p><strong>Suriye\u2019de K\u00fcrtlerin durumu ve \u015eam\u2019dan beklentiler<\/strong><\/p>\n<p>K\u00fcrtlerin Suriye&#8217;de uzun s\u00fcredir \u201cArapla\u015ft\u0131rma politikalar\u0131na\u201d maruz kald\u0131\u011f\u0131n\u0131 belirten Barzani, \u00f6zellikle 1962 y\u0131l\u0131nda Abdulhamid Sarrac d\u00f6neminden bu yana bu politikan\u0131n devam etti\u011fini hat\u0131rlatt\u0131.<\/p>\n<p>Barzani, &#8220;Yeni \u015eam y\u00f6netiminden en \u00f6nemli beklentimiz, K\u00fcrt halk\u0131 ve Suriye&#8217;deki di\u011fer t\u00fcm topluluklar\u0131n bu ac\u0131lar\u0131n\u0131 sona erdirilmesi ve \u00f6zg\u00fcrl\u00fck, vatanda\u015fl\u0131k ve insan onurunun garanti alt\u0131na al\u0131nmas\u0131d\u0131r. Suriye&#8217;deki K\u00fcrt halk\u0131yla ili\u015fki i\u00e7inde olanlardan diyalog yolunu a\u00e7malar\u0131n\u0131 istiyoruz. Ayr\u0131ca \u015eam y\u00f6netiminden K\u00fcrtlerin b\u00f6lgedeki \u00f6zel stat\u00fcs\u00fcn\u00fc anlamalar\u0131n\u0131 talep ediyoruz\u201d ifadelerini kulland\u0131.<\/p>\n<p><strong>Rojava\u2019n\u0131n stat\u00fcs\u00fc<\/strong><\/p>\n<p>Yeni Suriye&#8217;de K\u00fcrtlerin nas\u0131l bir siyasi \u00e7er\u00e7eveye ve stat\u00fcye sahip olmas\u0131 gerekti\u011fi konusunda Ba\u015fkan Barzani, &#8220;Bu karar K\u00fcrtlerin kendisine (Rojava K\u00fcrtleri) b\u0131rak\u0131lmal\u0131. \u00d6ncelikle kendi i\u00e7lerinde bir uzla\u015fmaya varmal\u0131 ve ard\u0131ndan \u015eam h\u00fck\u00fcmetiyle bir anla\u015fma yapmal\u0131lar. \u00c7\u00f6z\u00fcm \u015fekline ben karar vermek istemiyorum. Bu, onlar\u0131n \u015eam ile nas\u0131l bir ili\u015fki kuracaklar\u0131na ba\u011fl\u0131d\u0131r\u201d \u015feklinde konu\u015ftu.<\/p>\n<p><strong>Mazlum Abdi ile g\u00f6r\u00fc\u015fme<\/strong><\/p>\n<p>Demokratik Suriye G\u00fc\u00e7leri (DSG) Genel Komutan\u0131 Mazlum Abdi ile Erbil\u2019de yapt\u0131\u011f\u0131 g\u00f6r\u00fc\u015fmeye ili\u015fkin bir soruya yan\u0131t veren Barzani, \u015fu ifadeleri kulland\u0131:<\/p>\n<p>&#8220;Durumu de\u011ferlendirdik ve bu g\u00f6r\u00fc\u015fme K\u00fcrtlerin ulusal \u00e7\u0131karlar\u0131 a\u00e7\u0131s\u0131ndan \u00f6nemliydi. Say\u0131n Mazlum Abdi\u2019yi a\u011f\u0131rlad\u0131m ve g\u00f6r\u00fc\u015flerini payla\u015ft\u0131k. Kendisi bana Ahmed \u015eera ile yapt\u0131klar\u0131 g\u00f6r\u00fc\u015fmelerden bahsetti. G\u00f6r\u00fcnen o ki ortak noktalar kadar \u00e7eli\u015fkili noktalar da var. Ona asla umudunu kesmemesini, diyalo\u011fa ba\u015fvurmas\u0131n\u0131 ve d\u0131\u015f bask\u0131lardan uzak durmas\u0131n\u0131, Suriye&#8217;de K\u00fcrt s\u00f6yleminin birle\u015ftirilmesi y\u00f6n\u00fcnde ad\u0131mlar atmas\u0131n\u0131 s\u00f6yledim. Ayr\u0131ca g\u00f6r\u00fc\u015fmede, Abdi&#8217;ye, kendi kaderlerini kendilerinin tayin etme haklar\u0131na kimsenin m\u00fcdahalesine izin vermemesini s\u00f6yledim.&#8221;<\/p>\n<p>Ba\u015fkan Barzani, Rojava K\u00fcrtlerinin gelecekleri ile ilgili iyimser ancak belirsizliklerden dolay\u0131 kayg\u0131l\u0131 olduklar\u0131n\u0131 s\u00f6yledi.<\/p>\n<p>&#8220;Gelecek nas\u0131l olacak bilmiyorlar&#8221; diyen Barzani, &#8220;Ancak sa\u011flam, onurlu ve refah dolu bir gelecek sa\u011flamak i\u00e7in t\u00fcm \u00e7abay\u0131 g\u00f6sterece\u011fiz\u201d \u015feklinde konu\u015ftu.<\/p>\n<p>Mazlum Abdi&#8217;nin ayr\u0131l\u0131k\u00e7\u0131 bir g\u00fcndemi olmad\u0131\u011f\u0131n\u0131 ifade eden Ba\u015fkan Barzani, Abdi&#8217;nin Suriye&#8217;nin bir par\u00e7as\u0131 olarak K\u00fcrt halk\u0131n\u0131n haklar\u0131n\u0131n korunmas\u0131n\u0131 istedi\u011fini belirtti.<\/p>\n<p>Barzani, bu haklar\u0131n, Suriye devletinin kurulu\u015fundan bu yana K\u00fcrtlerden esirgendi\u011fini s\u00f6yledi.<\/p>\n<p><strong>Rojava ve K\u00fcrdistan B\u00f6lgesi deneyimi<\/strong><\/p>\n<p>PKK&#8217;nin Rojava&#8217;daki etkisine de de\u011finen Barzani, &#8220;PKK&#8217;nin K\u00fcrtlerin kendi kaderlerini tayin etmesi i\u00e7in serbest b\u0131rakmas\u0131n\u0131n, i\u00e7 i\u015flerine kar\u0131\u015fmamas\u0131n\u0131n ve b\u00f6lgeden \u00e7ekilmesinin zaman\u0131 geldi. Onlar\u0131n varl\u0131\u011f\u0131 b\u00fcy\u00fck bir sorun ve T\u00fcrkiye\u2019nin m\u00fcdahalesine gerek\u00e7e oluyor\u201d dedi.<\/p>\n<p>Barzani, K\u00fcrdistan B\u00f6lgesi&#8217;nin Suriye&#8217;de b\u00fcy\u00fck bir rol oynayabilece\u011fini ifade ederek bu rol\u00fcn, \u201cK\u00fcrt taraflar\u0131n tutumlar\u0131n\u0131n birle\u015ftirilmesi, \u015eam ile m\u00fczakereler i\u00e7in te\u015fvik edilmesi ve K\u00fcrdistan B\u00f6lgesi&#8217;nin deneyimlerinden faydalan\u0131lmas\u0131 y\u00f6n\u00fcnde olabilece\u011fini\u201d dile getirdi.<\/p>\n<p>Ba\u015fkan Barzani, &#8220;K\u00fcrdistan B\u00f6lgesi&#8217;nin deneyimi Suriye&#8217;de kopyalanmak zorunda de\u011fil, ancak bu deneyimden dersler \u00e7\u0131kar\u0131labilir\u201d yorumunu yapt\u0131.<\/p>\n<p>Ba\u015fkan Barzani, Rojava\u2019da K\u00fcrtlerin kar\u015f\u0131la\u015fabilece\u011fi olas\u0131 bir bask\u0131 durumunda askeri destek sa\u011flay\u0131p sa\u011flamayacaklar\u0131 hakk\u0131nda bir soruya, \u201cUmar\u0131z ne biz ne de onlar askeri g\u00fc\u00e7 kullanmak zorunda kalmaz. Sadece K\u00fcrtler de\u011fil, herhangi bir insan zul\u00fcmle kar\u015f\u0131 kar\u015f\u0131ya kal\u0131rsa ve biz yard\u0131m edebilirsek, hi\u00e7 teredd\u00fct etmeden yard\u0131m ederiz\u201d yan\u0131t\u0131n\u0131 verdi.<\/p>\n<p>K\u00fcrtlerin Suriye\u2019de zul\u00fcmle kar\u015f\u0131 kar\u015f\u0131ya kalabilmesi konusunda hala tehlike oldu\u011funu belirten Barzani,\u00a0 \u201cUmar\u0131z bu ger\u00e7ekle\u015fmez\u201d diye ekledi.<\/p>\n<p>Ba\u015fkan Barzani\u2019ye 1996 y\u0131l\u0131nda Rojava\u2019n\u0131n Kam\u0131\u015flo kentine yapt\u0131\u011f\u0131 ziyaret hat\u0131rlat\u0131ld\u0131. Barzani, Kam\u0131\u015flo i\u00e7in \u201cy\u00fcre\u011fimdir\u201d dedi ve f\u0131rsat olursa bir kez daha gitmeyi d\u00fc\u015f\u00fcnd\u00fc\u011f\u00fcn\u00fc s\u00f6yledi.<\/p>\n<p><strong>K\u00fcrdistan B\u00f6lgesi\u2019nde yeni h\u00fck\u00fcmet<\/strong><\/p>\n<p>Ba\u015fkan Mesud Barzani, K\u00fcrdistan Demokrat Partisi\u2019ni (KDP) zay\u0131flatmak ve K\u00fcrt halk\u0131n\u0131 g\u00fc\u00e7s\u00fcz b\u0131rakmak i\u00e7in her t\u00fcrl\u00fc \u00e7aban\u0131n sarf edildi\u011fini belirterek, \u201cAncak ne mutlu ki KDP 800 binden fazla oy ald\u0131. E\u011fer Kerk\u00fck ve Musul&#8217;daki oylar\u0131 da eklersek, 1 milyon oya ula\u015f\u0131yoruz. Irak&#8217;ta hi\u00e7bir partinin bu kadar oy toplayabilece\u011fine inanm\u0131yorum. Onlar\u0131n KDP\u2019ye y\u00f6nelik planlar\u0131n\u0131n amac\u0131, K\u00fcrdistan\u2019\u0131 zay\u0131flatmakt\u0131 ama ba\u015far\u0131s\u0131z oldular. B\u00f6yle bir atmosferde, se\u00e7imlerin bu kadar d\u00fczenli ve kolay bir \u015fekilde ger\u00e7ekle\u015fece\u011fini beklemiyordum\u201d dedi.<\/p>\n<p>Se\u00e7imlerden sonra yeni h\u00fck\u00fcmeti kurmak i\u00e7in t\u00fcm taraflarla g\u00f6r\u00fc\u015ft\u00fcklerini kaydeden Barzani, \u201cGer\u00e7ekten t\u00fcm karde\u015f partilerin h\u00fck\u00fcmete kat\u0131lmas\u0131n\u0131 isterim \u00e7\u00fcnk\u00fc bu, herkesin i\u00e7inde oldu\u011fu bir h\u00fck\u00fcmet olur ve her kesimin yeri olur. Ancak baz\u0131lar\u0131 erken karar verip muhalefette yer almay\u0131 tercih etti. Biz de herkesin karar\u0131na sayg\u0131 duyuyoruz ve son ana kadar onlar\u0131 h\u00fck\u00fcmete kat\u0131lmaya davet ediyoruz\u201d diye konu\u015ftu.<\/p>\n<p><strong>Irak\u2019taki durum<\/strong><\/p>\n<p>K\u00fcrdistan B\u00f6lgesi ve Irak aras\u0131nda sorunlar\u0131n\u0131n \u00e7\u00f6z\u00fclmesini istemeyen taraflar hakk\u0131nda sorulan bir soruya yan\u0131t olarak Ba\u015fkan Barzani, bu taraflar\u0131n \u015fimdiye kadar bir sokak bile in\u015fa edemedi\u011fini ve K\u00fcrdistan\u2019daki ilerlemeyi \u00e7ekemedi\u011fini s\u00f6yledi.<\/p>\n<p>Ba\u015fkan Barzani, &#8220;Bir\u00e7ok kez Ba\u011fdat\u2019tan \u00e7ekilmeyi d\u00fc\u015f\u00fcnd\u00fck \u00e7\u00fcnk\u00fc biz orada ne makam ne de koltuk talep ettik. Biz halk\u0131m\u0131z\u0131n haklar\u0131n\u0131 talep ettik. E\u011fer bu haklar\u0131 elde edemeyeceksek, tamamen \u00e7ekiliriz&#8221; dedi.<\/p>\n<p>Irak\u2019a y\u00f6nelik \u0130srail tehdidi hakk\u0131nda, Ba\u015fkan Barzani, &#8220;\u015eu anda tehdit azalm\u0131\u015f durumda ama h\u00e2l\u00e2 var. \u00d6zellikle milisler silahlar\u0131n\u0131 h\u00fck\u00fcmete teslim etmeye haz\u0131r olmazsa ve Irak\u2019a y\u00f6nelik hava sald\u0131r\u0131lar\u0131 durmazsa, tehdit devam eder&#8221; dedi.<\/p>\n<p>Ba\u015fkan Barzani, &#8220;Irak\u2019ta, Irak silahl\u0131 kuvvetlerinin ba\u015fkomutan\u0131n\u0131n yetkisi d\u0131\u015f\u0131nda hareket eden bir g\u00fc\u00e7 oldu\u011fu s\u00fcrece, \u0130srail tehdidi devam eder&#8221; \u015feklinde konu\u015ftu.<\/p>\n<p><strong>Gazze konusu<\/strong><\/p>\n<p>Gazze hakk\u0131nda konu\u015fan Ba\u015fkan Barzani, &#8220;Umar\u0131m oradaki felaket sona erer ve bu ate\u015fkes kal\u0131c\u0131 olur. Ancak biz K\u00fcrdistan B\u00f6lgesi olarak bu konuda taraf de\u011filiz ve bu sorunun bir par\u00e7as\u0131 de\u011filiz&#8221; ifadelerini kulland\u0131.<\/p>\n<p><strong>\u0130ran ve ABD meselesi<\/strong><\/p>\n<p>Donald Trump\u2019\u0131n ABD Ba\u015fkanl\u0131\u011f\u0131\u2019na gelmesi ve \u0130ran \u00fczerindeki etkisiyle ilgili olarak Ba\u015fkan Barzani, &#8220;\u0130ranl\u0131lar zekidir ve umar\u0131m aralar\u0131nda bir uzla\u015fma sa\u011flan\u0131r. Ama ger\u00e7ek bir \u00e7\u00f6z\u00fcm olur, ge\u00e7mi\u015fte oldu\u011fu gibi y\u00fczeysel bir anla\u015fma olmaz&#8221; dedi.<\/p>\n<p>Ba\u015fkan Barzani, \u0130ran Cumhurba\u015fkan\u0131 Mesud Peze\u015fkiyan\u2019\u0131n K\u00fcrdistan B\u00f6lgesi\u2019ni ziyaretine de de\u011finerek, &#8220;Biz her ikimiz de Mahabad \u015fehrinde do\u011fduk ve ayn\u0131 ad\u0131 ta\u015f\u0131yoruz. K\u00fcrt\u00e7e \u00e7ok g\u00fczel konu\u015fuyordu ve yumu\u015fak bir insand\u0131. Ziyareti umut vericiydi. Bunun, Rojhilat K\u00fcrtleri ile \u0130ran aras\u0131ndaki ili\u015fkilerin g\u00fc\u00e7lenmesine vesile olaca\u011f\u0131n\u0131 d\u00fc\u015f\u00fcn\u00fcyorum&#8221; ifadelerini kulland\u0131.<\/p>\n<p><strong>T\u00fcrkiye ile ili\u015fkiler<\/strong><\/p>\n<p>T\u00fcrkiye ile ili\u015fkilerimize de\u011finen Ba\u015fkan Mesud Barzani, &#8220;T\u00fcrkiye ile ili\u015fkilerimiz iyi ve umar\u0131m bu, b\u00f6lgede bar\u0131\u015f\u0131n geli\u015fmesine katk\u0131 sa\u011flar. Resmi toplant\u0131lar\u0131m\u0131zda her zaman K\u00fcrtler ile T\u00fcrkler aras\u0131ndaki karde\u015fli\u011fi vurgulad\u0131k. Bu, T\u00fcrkiye\u2019de yeni bir dil ve daha \u00f6nce b\u00f6yle bir dil kabul edilmiyordu&#8221; ifadelerini kulland\u0131.<\/p>\n<p>\u201cT\u00fcrkiye K\u00fcrtlere kar\u015f\u0131 d\u00fc\u015fmanca politikas\u0131n\u0131 nas\u0131l de\u011fi\u015ftirdi\u201d \u015feklinde bir soruya yan\u0131t veren Ba\u015fkan Barzani, &#8220;2009 y\u0131l\u0131nda ilk kez Recep Tayyip Erdo\u011fan\u2019dan K\u00fcrt sorununun T\u00fcrkiye\u2019de \u00e7\u00f6z\u00fclmesini istediklerini duydum&#8221; \u015feklinde konu\u015ftu.<\/p>\n<p>Barzani, &#8220;Bug\u00fcn K\u00fcrtler b\u00f6lgede g\u00fc\u00e7l\u00fc bir n\u00fcfusa sahiptir ve art\u0131k kimse bizi eskisi gibi bast\u0131ramaz. Elbette yolumuz g\u00fcl bah\u00e7esi de de\u011fil&#8221; diye belirtti.<\/p>\n<p>Mesud Barzani, &#8220;Gelecekte K\u00fcrt halk\u0131 mutlaka ba\u011f\u0131ms\u0131zl\u0131\u011f\u0131na kavu\u015facak ama umar\u0131m hi\u00e7bir zaman bu hakka ula\u015fmak i\u00e7in \u015fiddete ba\u015fvurmay\u0131z&#8221; dedi.<\/p>\n<p>I\u015e\u0130D\u2019in yeniden ortaya \u00e7\u0131kmas\u0131 ihtimaline dair, Ba\u015fkan Barzani, &#8220;E\u011fer yeniden gelirlerse, Pe\u015fmerge onlarla daha \u00f6nce oldu\u011fundan daha iyi m\u00fccadele etmeye haz\u0131rd\u0131r. Kendim ayakta oldu\u011fum s\u00fcrece K\u00fcrdistan\u2019\u0131n Pe\u015fmergesiyim&#8221; s\u00f6zlerini sarf etti.<\/p>\n<p>Ba\u015fkan Barzani, t\u00fcm K\u00fcrtlere mesajn\u0131, &#8220;Unutmay\u0131n ki siz kutsal bir davan\u0131n sahibisiniz ve bu davadan asla vazge\u00e7meyin. Ancak bu davaya ula\u015fmak i\u00e7in \u015fiddet yoluna ba\u015fvurmay\u0131n. Ben her \u015feyimi K\u00fcrtlerin birli\u011fi i\u00e7in harc\u0131yorum&#8221; s\u00f6zleri ile dile getirdi.<\/p>\n","protected":false},"excerpt":{"rendered":"<p>Ba\u015fkan Mesud Barzani, Suriye&#8217;nin yeni lideri Ahmed \u015eera&#8217;n\u0131n s\u00f6ylediklerini uygulamaya d\u00f6kmesini umut ettiklerini belirtti. Barzani ayr\u0131ca DSG Genel Komutan\u0131 Mazlum Abdi ile yapt\u0131klar\u0131 g\u00f6r\u00fc\u015fmede &#8220;\u00fcmitsizli\u011fe kap\u0131lmamas\u0131 ve diyalo\u011fa ba\u011fl\u0131 kalmas\u0131&#8221; tavsiyesinde bulundu\u011funu s\u00f6yledi\u011fini ifade etti. Ba\u015fkan Mesud Barzani, Cuma ak\u015fam\u0131 Erbil\u2019den Arap\u00e7a yay\u0131n hayat\u0131na ba\u015flayan \u015eems TV&#8217;ye\u00a0 verdi\u011fi r\u00f6portajda K\u00fcrdistan B\u00f6lgesi ve Irak\u2019taki durum, Erbil-Ba\u011fdat [&hellip;]<\/p>\n","protected":false},"author":2,"featured_media":1032757,"comment_status":"closed","ping_status":"closed","sticky":false,"template":"","format":"standard","meta":{"footnotes":""},"categories":[3],"tags":[31],"class_list":["post-1032756","post","type-post","status-publish","format-standard","has-post-thumbnail","hentry","category-kurdistan","tag-onemli"],"blocksy_meta":[],"seo_head":"<!-- This site is optimized with the Yoast SEO plugin v27.5 - https:\/\/yoast.com\/product\/yoast-seo-wordpress\/ -->\n<title>Ba\u015fkan Barzani&#039;nin \u015eems TV&#039;ye verdi\u011fi r\u00f6portaj\u0131n ana ba\u015fl\u0131klar\u0131 - Darka Mazi<\/title>\n<meta name=\"robots\" content=\"index, follow, max-snippet:-1, max-image-preview:large, max-video-preview:-1\" \/>\n<link rel=\"canonical\" href=\"https:\/\/darkamazi.site\/archives\/1032756\" \/>\n<meta property=\"og:locale\" content=\"en_US\" \/>\n<meta property=\"og:type\" content=\"article\" \/>\n<meta property=\"og:title\" content=\"Ba\u015fkan Barzani&#039;nin \u015eems TV&#039;ye verdi\u011fi r\u00f6portaj\u0131n ana ba\u015fl\u0131klar\u0131 - Darka Mazi\" \/>\n<meta property=\"og:description\" content=\"Ba\u015fkan Mesud Barzani, Suriye&#8217;nin yeni lideri Ahmed \u015eera&#8217;n\u0131n s\u00f6ylediklerini uygulamaya d\u00f6kmesini umut ettiklerini belirtti. Barzani ayr\u0131ca DSG Genel Komutan\u0131 Mazlum Abdi ile yapt\u0131klar\u0131 g\u00f6r\u00fc\u015fmede &#8220;\u00fcmitsizli\u011fe kap\u0131lmamas\u0131 ve diyalo\u011fa ba\u011fl\u0131 kalmas\u0131&#8221; tavsiyesinde bulundu\u011funu s\u00f6yledi\u011fini ifade etti. Ba\u015fkan Mesud Barzani, Cuma ak\u015fam\u0131 Erbil\u2019den Arap\u00e7a yay\u0131n hayat\u0131na ba\u015flayan \u015eems TV&#8217;ye\u00a0 verdi\u011fi r\u00f6portajda K\u00fcrdistan B\u00f6lgesi ve Irak\u2019taki durum, Erbil-Ba\u011fdat [&hellip;]\" \/>\n<meta property=\"og:url\" content=\"https:\/\/darkamazi.site\/archives\/1032756\" \/>\n<meta property=\"og:site_name\" content=\"Darka Mazi\" \/>\n<meta property=\"article:publisher\" content=\"https:\/\/www.facebook.com\/DarkaMaziturkce\" \/>\n<meta property=\"article:published_time\" content=\"2025-01-25T08:15:44+00:00\" \/>\n<meta property=\"og:image\" content=\"https:\/\/darkamazi.site\/file\/2025\/01\/serok-photo.jpeg\" \/>\n\t<meta property=\"og:image:width\" content=\"900\" \/>\n\t<meta property=\"og:image:height\" content=\"497\" \/>\n\t<meta property=\"og:image:type\" content=\"image\/jpeg\" \/>\n<meta name=\"author\" content=\"darka mazi\" \/>\n<meta name=\"twitter:card\" content=\"summary_large_image\" \/>\n<meta name=\"twitter:creator\" content=\"@DarkaMaziTurkce\" \/>\n<meta name=\"twitter:site\" content=\"@DarkaMaziTurkce\" \/>\n<meta name=\"twitter:label1\" content=\"Written by\" \/>\n\t<meta name=\"twitter:data1\" content=\"darka mazi\" \/>\n\t<meta name=\"twitter:label2\" content=\"Est. reading time\" \/>\n\t<meta name=\"twitter:data2\" content=\"6 minutes\" \/>\n<script type=\"application\/ld+json\" class=\"seo-schema-graph\">{\"@context\":\"https:\\\/\\\/schema.org\",\"@graph\":[{\"@type\":\"NewsArticle\",\"@id\":\"https:\\\/\\\/darkamazi.site\\\/archives\\\/1032756#article\",\"isPartOf\":{\"@id\":\"https:\\\/\\\/darkamazi.site\\\/archives\\\/1032756\"},\"author\":{\"name\":\"darka mazi\",\"@id\":\"https:\\\/\\\/darkamazi.site\\\/#\\\/schema\\\/person\\\/67986a95ac546c16760365877ef4a9d3\"},\"headline\":\"Ba\u015fkan Barzani&#8217;nin \u015eems TV&#8217;ye verdi\u011fi r\u00f6portaj\u0131n ana ba\u015fl\u0131klar\u0131\",\"datePublished\":\"2025-01-25T08:15:44+00:00\",\"mainEntityOfPage\":{\"@id\":\"https:\\\/\\\/darkamazi.site\\\/archives\\\/1032756\"},\"wordCount\":1769,\"publisher\":{\"@id\":\"https:\\\/\\\/darkamazi.site\\\/#organization\"},\"image\":{\"@id\":\"https:\\\/\\\/darkamazi.site\\\/archives\\\/1032756#primaryimage\"},\"thumbnailUrl\":\"https:\\\/\\\/darkamazi.site\\\/darka-content\\\/uploads\\\/2025\\\/01\\\/serok-photo.jpeg\",\"keywords\":[\"\u00f6nemli\"],\"articleSection\":[\"Kurdistan\"],\"inLanguage\":\"en-US\"},{\"@type\":\"WebPage\",\"@id\":\"https:\\\/\\\/darkamazi.site\\\/archives\\\/1032756\",\"url\":\"https:\\\/\\\/darkamazi.site\\\/archives\\\/1032756\",\"name\":\"Ba\u015fkan Barzani'nin \u015eems TV'ye verdi\u011fi r\u00f6portaj\u0131n ana ba\u015fl\u0131klar\u0131 - Darka Mazi\",\"isPartOf\":{\"@id\":\"https:\\\/\\\/darkamazi.site\\\/#website\"},\"primaryImageOfPage\":{\"@id\":\"https:\\\/\\\/darkamazi.site\\\/archives\\\/1032756#primaryimage\"},\"image\":{\"@id\":\"https:\\\/\\\/darkamazi.site\\\/archives\\\/1032756#primaryimage\"},\"thumbnailUrl\":\"https:\\\/\\\/darkamazi.site\\\/darka-content\\\/uploads\\\/2025\\\/01\\\/serok-photo.jpeg\",\"datePublished\":\"2025-01-25T08:15:44+00:00\",\"breadcrumb\":{\"@id\":\"https:\\\/\\\/darkamazi.site\\\/archives\\\/1032756#breadcrumb\"},\"inLanguage\":\"en-US\",\"potentialAction\":[{\"@type\":\"ReadAction\",\"target\":[\"https:\\\/\\\/darkamazi.site\\\/archives\\\/1032756\"]}]},{\"@type\":\"ImageObject\",\"inLanguage\":\"en-US\",\"@id\":\"https:\\\/\\\/darkamazi.site\\\/archives\\\/1032756#primaryimage\",\"url\":\"https:\\\/\\\/darkamazi.site\\\/darka-content\\\/uploads\\\/2025\\\/01\\\/serok-photo.jpeg\",\"contentUrl\":\"https:\\\/\\\/darkamazi.site\\\/darka-content\\\/uploads\\\/2025\\\/01\\\/serok-photo.jpeg\",\"width\":900,\"height\":497,\"caption\":\"Ba\u015fkan Barzani'nin \u015eems TV'ye verdi\u011fi r\u00f6portaj\u0131n ana ba\u015fl\u0131klar\u0131\"},{\"@type\":\"BreadcrumbList\",\"@id\":\"https:\\\/\\\/darkamazi.site\\\/archives\\\/1032756#breadcrumb\",\"itemListElement\":[{\"@type\":\"ListItem\",\"position\":1,\"name\":\"Home\",\"item\":\"https:\\\/\\\/darkamazi.site\\\/\"},{\"@type\":\"ListItem\",\"position\":2,\"name\":\"Ba\u015fkan Barzani&#8217;nin \u015eems TV&#8217;ye verdi\u011fi r\u00f6portaj\u0131n ana ba\u015fl\u0131klar\u0131\"}]},{\"@type\":\"WebSite\",\"@id\":\"https:\\\/\\\/darkamazi.site\\\/#website\",\"url\":\"https:\\\/\\\/darkamazi.site\\\/\",\"name\":\"Darka Mazi\",\"description\":\"Ana Sayfa\",\"publisher\":{\"@id\":\"https:\\\/\\\/darkamazi.site\\\/#organization\"},\"potentialAction\":[{\"@type\":\"SearchAction\",\"target\":{\"@type\":\"EntryPoint\",\"urlTemplate\":\"https:\\\/\\\/darkamazi.site\\\/?s={search_term_string}\"},\"query-input\":{\"@type\":\"PropertyValueSpecification\",\"valueRequired\":true,\"valueName\":\"search_term_string\"}}],\"inLanguage\":\"en-US\"},{\"@type\":\"Organization\",\"@id\":\"https:\\\/\\\/darkamazi.site\\\/#organization\",\"name\":\"Darka Mazi T\u00fcrk\u00e7e\",\"alternateName\":\"Darka Mazi\",\"url\":\"https:\\\/\\\/darkamazi.site\\\/\",\"logo\":{\"@type\":\"ImageObject\",\"inLanguage\":\"en-US\",\"@id\":\"https:\\\/\\\/darkamazi.site\\\/#\\\/schema\\\/logo\\\/image\\\/\",\"url\":\"https:\\\/\\\/darkamazi.site\\\/darka-content\\\/uploads\\\/2017\\\/12\\\/darka-mazi-logo.png\",\"contentUrl\":\"https:\\\/\\\/darkamazi.site\\\/darka-content\\\/uploads\\\/2017\\\/12\\\/darka-mazi-logo.png\",\"width\":151,\"height\":75,\"caption\":\"Darka Mazi T\u00fcrk\u00e7e\"},\"image\":{\"@id\":\"https:\\\/\\\/darkamazi.site\\\/#\\\/schema\\\/logo\\\/image\\\/\"},\"sameAs\":[\"https:\\\/\\\/www.facebook.com\\\/DarkaMaziturkce\",\"https:\\\/\\\/x.com\\\/DarkaMaziTurkce\"]},{\"@type\":\"Person\",\"@id\":\"https:\\\/\\\/darkamazi.site\\\/#\\\/schema\\\/person\\\/67986a95ac546c16760365877ef4a9d3\",\"name\":\"darka mazi\",\"sameAs\":[\"https:\\\/\\\/darkamazi.site\"],\"url\":\"https:\\\/\\\/darkamazi.site\\\/archives\\\/author\\\/turkish\"}]}<\/script>\n<!-- \/ Yoast SEO plugin. -->","seo_head_json":{"title":"Ba\u015fkan Barzani'nin \u015eems TV'ye verdi\u011fi r\u00f6portaj\u0131n ana ba\u015fl\u0131klar\u0131 - Darka Mazi","robots":{"index":"index","follow":"follow","max-snippet":"max-snippet:-1","max-image-preview":"max-image-preview:large","max-video-preview":"max-video-preview:-1"},"canonical":"https:\/\/darkamazi.site\/archives\/1032756","og_locale":"en_US","og_type":"article","og_title":"Ba\u015fkan Barzani'nin \u015eems TV'ye verdi\u011fi r\u00f6portaj\u0131n ana ba\u015fl\u0131klar\u0131 - Darka Mazi","og_description":"Ba\u015fkan Mesud Barzani, Suriye&#8217;nin yeni lideri Ahmed \u015eera&#8217;n\u0131n s\u00f6ylediklerini uygulamaya d\u00f6kmesini umut ettiklerini belirtti. Barzani ayr\u0131ca DSG Genel Komutan\u0131 Mazlum Abdi ile yapt\u0131klar\u0131 g\u00f6r\u00fc\u015fmede &#8220;\u00fcmitsizli\u011fe kap\u0131lmamas\u0131 ve diyalo\u011fa ba\u011fl\u0131 kalmas\u0131&#8221; tavsiyesinde bulundu\u011funu s\u00f6yledi\u011fini ifade etti. Ba\u015fkan Mesud Barzani, Cuma ak\u015fam\u0131 Erbil\u2019den Arap\u00e7a yay\u0131n hayat\u0131na ba\u015flayan \u015eems TV&#8217;ye\u00a0 verdi\u011fi r\u00f6portajda K\u00fcrdistan B\u00f6lgesi ve Irak\u2019taki durum, Erbil-Ba\u011fdat [&hellip;]","og_url":"https:\/\/darkamazi.site\/archives\/1032756","og_site_name":"Darka Mazi","article_publisher":"https:\/\/www.facebook.com\/DarkaMaziturkce","article_published_time":"2025-01-25T08:15:44+00:00","og_image":[{"width":900,"height":497,"url":"https:\/\/darkamazi.site\/file\/2025\/01\/serok-photo.jpeg","type":"image\/jpeg"}],"author":"darka mazi","twitter_card":"summary_large_image","twitter_creator":"@DarkaMaziTurkce","twitter_site":"@DarkaMaziTurkce","twitter_misc":{"Written by":"darka mazi","Est. reading time":"6 minutes"},"schema":{"@context":"https:\/\/schema.org","@graph":[{"@type":"NewsArticle","@id":"https:\/\/darkamazi.site\/archives\/1032756#article","isPartOf":{"@id":"https:\/\/darkamazi.site\/archives\/1032756"},"author":{"name":"darka mazi","@id":"https:\/\/darkamazi.site\/#\/schema\/person\/67986a95ac546c16760365877ef4a9d3"},"headline":"Ba\u015fkan Barzani&#8217;nin \u015eems TV&#8217;ye verdi\u011fi r\u00f6portaj\u0131n ana ba\u015fl\u0131klar\u0131","datePublished":"2025-01-25T08:15:44+00:00","mainEntityOfPage":{"@id":"https:\/\/darkamazi.site\/archives\/1032756"},"wordCount":1769,"publisher":{"@id":"https:\/\/darkamazi.site\/#organization"},"image":{"@id":"https:\/\/darkamazi.site\/archives\/1032756#primaryimage"},"thumbnailUrl":"https:\/\/darkamazi.site\/file\/2025\/01\/serok-photo.jpeg","keywords":["\u00f6nemli"],"articleSection":["Kurdistan"],"inLanguage":"en-US"},{"@type":"WebPage","@id":"https:\/\/darkamazi.site\/archives\/1032756","url":"https:\/\/darkamazi.site\/archives\/1032756","name":"Ba\u015fkan Barzani'nin \u015eems TV'ye verdi\u011fi r\u00f6portaj\u0131n ana ba\u015fl\u0131klar\u0131 - Darka Mazi","isPartOf":{"@id":"https:\/\/darkamazi.site\/#website"},"primaryImageOfPage":{"@id":"https:\/\/darkamazi.site\/archives\/1032756#primaryimage"},"image":{"@id":"https:\/\/darkamazi.site\/archives\/1032756#primaryimage"},"thumbnailUrl":"https:\/\/darkamazi.site\/file\/2025\/01\/serok-photo.jpeg","datePublished":"2025-01-25T08:15:44+00:00","breadcrumb":{"@id":"https:\/\/darkamazi.site\/archives\/1032756#breadcrumb"},"inLanguage":"en-US","potentialAction":[{"@type":"ReadAction","target":["https:\/\/darkamazi.site\/archives\/1032756"]}]},{"@type":"ImageObject","inLanguage":"en-US","@id":"https:\/\/darkamazi.site\/archives\/1032756#primaryimage","url":"https:\/\/darkamazi.site\/file\/2025\/01\/serok-photo.jpeg","contentUrl":"https:\/\/darkamazi.site\/file\/2025\/01\/serok-photo.jpeg","width":900,"height":497,"caption":"Ba\u015fkan Barzani'nin \u015eems TV'ye verdi\u011fi r\u00f6portaj\u0131n ana ba\u015fl\u0131klar\u0131"},{"@type":"BreadcrumbList","@id":"https:\/\/darkamazi.site\/archives\/1032756#breadcrumb","itemListElement":[{"@type":"ListItem","position":1,"name":"Home","item":"https:\/\/darkamazi.site\/"},{"@type":"ListItem","position":2,"name":"Ba\u015fkan Barzani&#8217;nin \u015eems TV&#8217;ye verdi\u011fi r\u00f6portaj\u0131n ana ba\u015fl\u0131klar\u0131"}]},{"@type":"WebSite","@id":"https:\/\/darkamazi.site\/#website","url":"https:\/\/darkamazi.site\/","name":"Darka Mazi","description":"Ana Sayfa","publisher":{"@id":"https:\/\/darkamazi.site\/#organization"},"potentialAction":[{"@type":"SearchAction","target":{"@type":"EntryPoint","urlTemplate":"https:\/\/darkamazi.site\/?s={search_term_string}"},"query-input":{"@type":"PropertyValueSpecification","valueRequired":true,"valueName":"search_term_string"}}],"inLanguage":"en-US"},{"@type":"Organization","@id":"https:\/\/darkamazi.site\/#organization","name":"Darka Mazi T\u00fcrk\u00e7e","alternateName":"Darka Mazi","url":"https:\/\/darkamazi.site\/","logo":{"@type":"ImageObject","inLanguage":"en-US","@id":"https:\/\/darkamazi.site\/#\/schema\/logo\/image\/","url":"https:\/\/darkamazi.site\/file\/2017\/12\/darka-mazi-logo.png","contentUrl":"https:\/\/darkamazi.site\/file\/2017\/12\/darka-mazi-logo.png","width":151,"height":75,"caption":"Darka Mazi T\u00fcrk\u00e7e"},"image":{"@id":"https:\/\/darkamazi.site\/#\/schema\/logo\/image\/"},"sameAs":["https:\/\/www.facebook.com\/DarkaMaziturkce","https:\/\/x.com\/DarkaMaziTurkce"]},{"@type":"Person","@id":"https:\/\/darkamazi.site\/#\/schema\/person\/67986a95ac546c16760365877ef4a9d3","name":"darka mazi","sameAs":["https:\/\/darkamazi.site"],"url":"https:\/\/darkamazi.site\/archives\/author\/turkish"}]}},"_links":{"self":[{"href":"https:\/\/darkamazi.site\/funavuv\/wp\/v2\/posts\/1032756","targetHints":{"allow":["GET"]}}],"collection":[{"href":"https:\/\/darkamazi.site\/funavuv\/wp\/v2\/posts"}],"about":[{"href":"https:\/\/darkamazi.site\/funavuv\/wp\/v2\/types\/post"}],"author":[{"embeddable":true,"href":"https:\/\/darkamazi.site\/funavuv\/wp\/v2\/users\/2"}],"replies":[{"embeddable":true,"href":"https:\/\/darkamazi.site\/funavuv\/wp\/v2\/comments?post=1032756"}],"version-history":[{"count":0,"href":"https:\/\/darkamazi.site\/funavuv\/wp\/v2\/posts\/1032756\/revisions"}],"wp:featuredmedia":[{"embeddable":true,"href":"https:\/\/darkamazi.site\/funavuv\/wp\/v2\/media\/1032757"}],"wp:attachment":[{"href":"https:\/\/darkamazi.site\/funavuv\/wp\/v2\/media?parent=1032756"}],"wp:term":[{"taxonomy":"category","embeddable":true,"href":"https:\/\/darkamazi.site\/funavuv\/wp\/v2\/categories?post=1032756"},{"taxonomy":"post_tag","embeddable":true,"href":"https:\/\/darkamazi.site\/funavuv\/wp\/v2\/tags?post=1032756"}],"curies":[{"name":"wp","href":"https:\/\/api.w.org\/{rel}","templated":true}]}}