{"id":1032794,"date":"2025-01-30T10:58:07","date_gmt":"2025-01-30T07:58:07","guid":{"rendered":"https:\/\/darkamazi.site\/?p=1032794"},"modified":"2025-01-30T10:59:46","modified_gmt":"2025-01-30T07:59:46","slug":"idamlarinin-1-yil-donumunde-dort-kurt-icin-adalet-kampanyasindan-aciklama","status":"publish","type":"post","link":"https:\/\/darkamazi.site\/archives\/1032794","title":{"rendered":"\u0130damlar\u0131n\u0131n 1. Y\u0131l d\u00f6n\u00fcm\u00fcnde d\u00f6rt K\u00fcrt i\u00e7in Adalet Kampanyas\u0131ndan a\u00e7\u0131klama"},"content":{"rendered":"<p style=\"text-align: justify\">\u0130damlar\u0131n\u0131n 1. Y\u0131l d\u00f6n\u00fcm\u00fcnde d\u00f6rt K\u00fcrt i\u00e7in Adalet Kampanyas\u0131ndan a\u00e7\u0131klama<\/p>\n<p style=\"text-align: justify\">29 Ocak 2024 tarihinde \u0130ran \u0130slam Cumhuriyeti H\u00fck\u00fcmeti Taraf\u0131ndan \u0130nfaz Edilen D\u00f6rt K\u00fcrt Siyasi Mahkum Vafa Azarbar, Muhsin Mazlum, Pejman Fatehi ve Muhammed Faramarzi idamlar\u0131n\u0131n 1. Y\u0131l d\u00f6n\u00fcm\u00fcnde eylemler yap\u0131ld\u0131. Ayr\u0131ca her d\u00f6rt K\u00fcrt i\u00e7in a\u00e7\u0131lan \u00a0Adalet Kampanyas\u0131&#8217;nda 1. Y\u0131l d\u00f6n\u00fcm vesilesi ile bir a\u00e7\u0131klama yay\u0131nlad\u0131lar.<\/p>\n<p style=\"text-align: justify\">A\u00e7\u0131klamada \u015fu ifadeler yer ald\u0131:<\/p>\n<p style=\"text-align: justify\">Tam bir y\u0131l \u00f6nce, bug\u00fcn 28 Ocak tarihinde Recai \u015eehir Hapishanesi&#8217;nde bir sabah ezan\u0131 vaktinde, \u0130ran \u0130slam Cumhuriyeti korkak\u00e7a ve t\u00fcm uluslararas\u0131 ahlaki ve hukuki ilkelere ayk\u0131r\u0131 bir \u015fekilde, sevdiklerimizi ast\u0131 ve tatl\u0131 canlar\u0131na k\u0131yd\u0131.<\/p>\n<p style=\"text-align: justify\">Sevdiklerimiz, g\u00f6zalt\u0131nda tutulduklar\u0131 s\u00fcre boyunca \u0130stihbarat Bakanl\u0131\u011f\u0131&#8217;n\u0131n en korkulan ve bilinmeyen g\u00f6zalt\u0131 merkezlerinde tutuldular veya do\u011fru hukuki terimle &#8220;zorunlu kaybetme&#8221;ye maruz kald\u0131lar ve bir san\u0131\u011f\u0131n ve hatta bir insan\u0131n sahip olmas\u0131 gereken en temel haklardan bile mahrum b\u0131rak\u0131ld\u0131lar. .Ceza davas\u0131n\u0131n ele al\u0131n\u0131\u015f s\u00fcrecinin tamam\u0131 g\u00fcvenlik g\u00fc\u00e7lerinin uydurdu\u011fu bir senaryodan ibaret olup ger\u00e7eklikle hi\u00e7bir ilgisi yoktur. Her g\u00fcn i\u015fkenceyle \u00f6ld\u00fcr\u00fcld\u00fcler, \u0130slam Cumhuriyeti&#8217;nin kusurlu yasalar\u0131 alt\u0131nda bile san\u0131klar\u0131n sahip oldu\u011fu asgari haklardan mahrum b\u0131rak\u0131ld\u0131lar, kendilerinden zorla itiraflar al\u0131nd\u0131 \u200b\u200bve Almanya&#8217;daki Nazi d\u00f6nemi yarg\u0131lamalar\u0131n\u0131 an\u0131msatan g\u00f6stermelik davalarla yarg\u0131lan\u0131p as\u0131ld\u0131.<\/p>\n<p style=\"text-align: justify\">Bu h\u00fck\u00fcmet cinayetinin ertesi g\u00fcn\u00fc, benzeri g\u00f6r\u00fclmemi\u015f bir tepkiyle ve siyasi partilerin, sivil toplumun ve insan haklar\u0131 \u00f6rg\u00fctlerinin \u00e7a\u011fr\u0131s\u0131 \u00fczerine, K\u00fcrdistan \u015fehirleri bu insanl\u0131k d\u0131\u015f\u0131 karar\u0131n uygulanmas\u0131na kar\u015f\u0131 yayg\u0131n, birle\u015fik ve tutarl\u0131 bir grevle protestolar\u0131n\u0131 g\u00f6sterdiler.<\/p>\n<p style=\"text-align: justify\">\u0130ran \u0130slam Cumhuriyeti yetkilileri taraf\u0131ndan ger\u00e7ekle\u015ftirildi\u011fi iddia edilen infaz g\u00fcn\u00fcnden bu yana sevdiklerimizin durumu hakk\u0131nda hi\u00e7bir bilgi alamad\u0131k. Ne cenazeleri teslim ediyorlar, ne kendi yasalar\u0131na g\u00f6re \u00f6l\u00fcm belgesi veriyorlar, ne de defin yerlerini duyuruyorlar<\/p>\n<p style=\"text-align: justify\">Bu i\u011fren\u00e7 eylem, su\u00e7 kast\u0131yla devam eden uluslararas\u0131 bir su\u00e7tur. Bu ac\u0131 ve bitmek bilmeyen bekleyi\u015fin, \u0130ran&#8217;da adalet arayan binlerce ba\u015fka aile taraf\u0131ndan da ya\u015fand\u0131\u011f\u0131n\u0131 biliyoruz ve sevdi\u011finizin, hayat\u0131n\u0131 cellatlar taraf\u0131ndan al\u0131nan sevgilinizin nerede oldu\u011funu bilememekten daha b\u00fcy\u00fck bir ac\u0131 ne olabilir? \u0130slam Cumhuriyeti topra\u011fa verildi<\/p>\n<p style=\"text-align: justify\">Bu ba\u011flamda, Hezhir Faramarzi, Pejman Fatehi, Mohsen Mazloum ve Vafa Azarbar ma\u011fdurlar\u0131n\u0131n aileleri olarak, ilk hukuki giri\u015fimimizde BM Zorla Kaybetmeler \u00c7al\u0131\u015fma Grubu&#8217;na \u015fikayette bulunduk. Ayr\u0131ca ailelerin avukatlar\u0131n\u0131n da yard\u0131m\u0131yla uluslararas\u0131 davalar i\u00e7in mevcut t\u00fcm hukuki mekanizmalar\u0131n uygulanabilirli\u011fini ara\u015ft\u0131r\u0131yoruz. Bu vesileyle 1 \u015eubat&#8217;ta Almanya&#8217;n\u0131n K\u00f6ln kentinde, zorla kaybedilmelerle m\u00fccadele konusunu ve bu konuda itiraz mekanizmalar\u0131n\u0131 uzmanlar\u0131n huzurunda ele alaca\u011f\u0131z<\/p>\n<p style=\"text-align: justify\">Adalet arayanlar\u0131n b\u00fcy\u00fck ailesinin bir par\u00e7as\u0131 olarak, sadece kendi sevdiklerimiz i\u00e7in de\u011fil adalet arayan t\u00fcm ailelerin ve ayn\u0131 zamanda bu insanl\u0131k d\u0131\u015f\u0131 rejimin t\u00fcm ma\u011fdurlar\u0131n\u0131n sesi olmay\u0131 da g\u00f6revimiz olarak g\u00f6r\u00fcyoruz ve adalet sa\u011flanana kadar durmayaca\u011f\u0131z.<\/p>\n<p style=\"text-align: justify\">Son birka\u00e7 g\u00fcnd\u00fcr, \u00f6l\u00fcm cezalar\u0131n\u0131n u\u011fursuz g\u00f6lgesi bir kez daha siyasi ve sivil aktivistlerin \u00fczerinde a\u011f\u0131r bir \u015fekilde dururken, K\u00fcrdistan halk\u0131 Pah\u015fan Azizive Vari\u015fe Muradi\u2019ye \u00a0verilen haks\u0131z \u00f6l\u00fcm cezalar\u0131n\u0131 protesto etmek i\u00e7in bir kez daha g\u00fc\u00e7l\u00fc bir grev ba\u015flatt\u0131.<\/p>\n<p style=\"text-align: justify\">Bu grev, yaln\u0131zca bu insanl\u0131k d\u0131\u015f\u0131 cezaya kar\u015f\u0131 dayan\u0131\u015fma ve muhalefetin bir tezah\u00fcr\u00fc de\u011fil, ayn\u0131 zamanda K\u00fcrdistan halk\u0131n\u0131n kolektif anlay\u0131\u015f\u0131nda insan onuruna, \u00f6zg\u00fcrl\u00fc\u011fe ve insan haklar\u0131na olan inanc\u0131n g\u00fc\u00e7l\u00fc k\u00f6klerini de yans\u0131t\u0131yordu.<\/p>\n<p style=\"text-align: justify\">Bu kolektif ve tutarl\u0131 tepkiye ra\u011fmen, h\u00fck\u00fcmetin tepkisi artan bask\u0131, keyfi tutuklamalar ve sivil aktivistlerin ka\u00e7\u0131r\u0131lmas\u0131ndan ba\u015fka bir \u015fey olmad\u0131. \u0130\u015fadamlar\u0131 ve grev kat\u0131l\u0131mc\u0131lar\u0131na y\u00f6nelik yayg\u0131n \u00e7a\u011fr\u0131lar ve tutuklamalar, toplumu sindirme ve adalet \u00e7a\u011fr\u0131s\u0131n\u0131 susturma giri\u015fiminin a\u00e7\u0131k bir \u00f6rne\u011fidir.<\/p>\n<p style=\"text-align: justify\">\u0130nsani ilkelere ve adalet aray\u0131\u015f\u0131na olan ba\u011fl\u0131l\u0131\u011f\u0131m\u0131z\u0131 vurgulayarak, bu sivil grevde g\u00f6zalt\u0131na al\u0131nan herkesin derhal ve ko\u015fulsuz serbest b\u0131rak\u0131lmas\u0131n\u0131 talep ediyoruz. Protesto ve grev hakk\u0131, \u0130ran h\u00fck\u00fcmetinin Medeni ve Siyasi Haklara \u0130li\u015fkin Uluslararas\u0131 S\u00f6zle\u015fme&#8217;ye taraf bir devlet olarak, \u00f6zellikle bu S\u00f6zle\u015fme&#8217;nin 21. maddesine sayg\u0131 g\u00f6stermek ve g\u00fcvence alt\u0131na almakla y\u00fck\u00fcml\u00fc oldu\u011fu temel bir insan hakk\u0131d\u0131r.<\/p>\n<p style=\"text-align: justify\">D\u00fcnya \u00f6zg\u00fcrl\u00fck sava\u015f\u00e7\u0131lar\u0131, insan haklar\u0131 kurulu\u015flar\u0131 ve aktivistleri, bug\u00fcn adalet talep etmek i\u00e7in aya\u011fa kalk\u0131yoruz ve \u0130ran \u0130slam Cumhuriyeti&#8217;nin hesap vermesini ve uluslararas\u0131 mahkemeye \u00e7\u0131kar\u0131lmas\u0131n\u0131 sa\u011flamak i\u00e7in bu m\u00fccadelede deste\u011finizi istiyoruz.<\/p>\n<p style=\"text-align: justify\">Devlet cinayetlerinin \u00f6n\u00fcne ge\u00e7ebilmek ad\u0131na daha adil ve insani bir gelecek in\u015fa etmek i\u00e7in deste\u011finizi istiyoruz. Ya\u015fama hakk\u0131, di\u011fer insan haklar\u0131ndan yararlanman\u0131n temelini olu\u015fturur. \u0130slam Cumhuriyeti&#8217;nin halk\u0131m\u0131z\u0131n can\u0131n\u0131 almaya devam etmesini engellemek istiyoruz.<\/p>\n<p style=\"text-align: justify\">\u0130slam Cumhuriyeti&#8217;nin insanl\u0131k d\u0131\u015f\u0131 y\u00f6netimine kar\u015f\u0131 uluslararas\u0131 savunuculuk hareketinde yeni bir sayfa a\u00e7mak istiyoruz.<\/p>\n<p style=\"text-align: justify\">\u00d6l\u00fcm cezas\u0131na \u00e7arpt\u0131r\u0131lan d\u00f6rt K\u00fcrt siyasi tutuklu i\u00e7in adalet kampanyas\u0131<\/p>\n<p style=\"text-align: justify\">9 Bahman 1403 (28 Ocak 2025)<\/p>\n<p style=\"text-align: justify\">K\u00f6ln &#8211; Almanya<\/p>\n","protected":false},"excerpt":{"rendered":"<p>\u0130damlar\u0131n\u0131n 1. Y\u0131l d\u00f6n\u00fcm\u00fcnde d\u00f6rt K\u00fcrt i\u00e7in Adalet Kampanyas\u0131ndan a\u00e7\u0131klama 29 Ocak 2024 tarihinde \u0130ran \u0130slam Cumhuriyeti H\u00fck\u00fcmeti Taraf\u0131ndan \u0130nfaz Edilen D\u00f6rt K\u00fcrt Siyasi Mahkum Vafa Azarbar, Muhsin Mazlum, Pejman Fatehi ve Muhammed Faramarzi idamlar\u0131n\u0131n 1. Y\u0131l d\u00f6n\u00fcm\u00fcnde eylemler yap\u0131ld\u0131. Ayr\u0131ca her d\u00f6rt K\u00fcrt i\u00e7in a\u00e7\u0131lan \u00a0Adalet Kampanyas\u0131&#8217;nda 1. Y\u0131l d\u00f6n\u00fcm vesilesi ile bir a\u00e7\u0131klama [&hellip;]<\/p>\n","protected":false},"author":2,"featured_media":1032795,"comment_status":"closed","ping_status":"closed","sticky":false,"template":"","format":"standard","meta":{"footnotes":""},"categories":[3],"tags":[31],"class_list":["post-1032794","post","type-post","status-publish","format-standard","has-post-thumbnail","hentry","category-kurdistan","tag-onemli"],"blocksy_meta":[],"seo_head":"<!-- This site is optimized with the Yoast SEO plugin v27.5 - https:\/\/yoast.com\/product\/yoast-seo-wordpress\/ -->\n<title>\u0130damlar\u0131n\u0131n 1. Y\u0131l d\u00f6n\u00fcm\u00fcnde d\u00f6rt K\u00fcrt i\u00e7in Adalet Kampanyas\u0131ndan a\u00e7\u0131klama - Darka Mazi<\/title>\n<meta name=\"robots\" content=\"index, follow, max-snippet:-1, max-image-preview:large, max-video-preview:-1\" \/>\n<link rel=\"canonical\" href=\"https:\/\/darkamazi.site\/archives\/1032794\" \/>\n<meta property=\"og:locale\" content=\"en_US\" \/>\n<meta property=\"og:type\" content=\"article\" \/>\n<meta property=\"og:title\" content=\"\u0130damlar\u0131n\u0131n 1. Y\u0131l d\u00f6n\u00fcm\u00fcnde d\u00f6rt K\u00fcrt i\u00e7in Adalet Kampanyas\u0131ndan a\u00e7\u0131klama - Darka Mazi\" \/>\n<meta property=\"og:description\" content=\"\u0130damlar\u0131n\u0131n 1. Y\u0131l d\u00f6n\u00fcm\u00fcnde d\u00f6rt K\u00fcrt i\u00e7in Adalet Kampanyas\u0131ndan a\u00e7\u0131klama 29 Ocak 2024 tarihinde \u0130ran \u0130slam Cumhuriyeti H\u00fck\u00fcmeti Taraf\u0131ndan \u0130nfaz Edilen D\u00f6rt K\u00fcrt Siyasi Mahkum Vafa Azarbar, Muhsin Mazlum, Pejman Fatehi ve Muhammed Faramarzi idamlar\u0131n\u0131n 1. Y\u0131l d\u00f6n\u00fcm\u00fcnde eylemler yap\u0131ld\u0131. Ayr\u0131ca her d\u00f6rt K\u00fcrt i\u00e7in a\u00e7\u0131lan \u00a0Adalet Kampanyas\u0131&#8217;nda 1. Y\u0131l d\u00f6n\u00fcm vesilesi ile bir a\u00e7\u0131klama [&hellip;]\" \/>\n<meta property=\"og:url\" content=\"https:\/\/darkamazi.site\/archives\/1032794\" \/>\n<meta property=\"og:site_name\" content=\"Darka Mazi\" \/>\n<meta property=\"article:publisher\" content=\"https:\/\/www.facebook.com\/DarkaMaziturkce\" \/>\n<meta property=\"article:published_time\" content=\"2025-01-30T07:58:07+00:00\" \/>\n<meta property=\"article:modified_time\" content=\"2025-01-30T07:59:46+00:00\" \/>\n<meta property=\"og:image\" content=\"https:\/\/darkamazi.site\/file\/2025\/01\/dort-kurt.jpeg\" \/>\n\t<meta property=\"og:image:width\" content=\"900\" \/>\n\t<meta property=\"og:image:height\" content=\"497\" \/>\n\t<meta property=\"og:image:type\" content=\"image\/jpeg\" \/>\n<meta name=\"author\" content=\"darka mazi\" \/>\n<meta name=\"twitter:card\" content=\"summary_large_image\" \/>\n<meta name=\"twitter:creator\" content=\"@DarkaMaziTurkce\" \/>\n<meta name=\"twitter:site\" content=\"@DarkaMaziTurkce\" \/>\n<meta name=\"twitter:label1\" content=\"Written by\" \/>\n\t<meta name=\"twitter:data1\" content=\"darka mazi\" \/>\n\t<meta name=\"twitter:label2\" content=\"Est. reading time\" \/>\n\t<meta name=\"twitter:data2\" content=\"4 minutes\" \/>\n<script type=\"application\/ld+json\" class=\"seo-schema-graph\">{\"@context\":\"https:\\\/\\\/schema.org\",\"@graph\":[{\"@type\":\"NewsArticle\",\"@id\":\"https:\\\/\\\/darkamazi.site\\\/archives\\\/1032794#article\",\"isPartOf\":{\"@id\":\"https:\\\/\\\/darkamazi.site\\\/archives\\\/1032794\"},\"author\":{\"name\":\"darka mazi\",\"@id\":\"https:\\\/\\\/darkamazi.site\\\/#\\\/schema\\\/person\\\/67986a95ac546c16760365877ef4a9d3\"},\"headline\":\"\u0130damlar\u0131n\u0131n 1. Y\u0131l d\u00f6n\u00fcm\u00fcnde d\u00f6rt K\u00fcrt i\u00e7in Adalet Kampanyas\u0131ndan a\u00e7\u0131klama\",\"datePublished\":\"2025-01-30T07:58:07+00:00\",\"dateModified\":\"2025-01-30T07:59:46+00:00\",\"mainEntityOfPage\":{\"@id\":\"https:\\\/\\\/darkamazi.site\\\/archives\\\/1032794\"},\"wordCount\":970,\"publisher\":{\"@id\":\"https:\\\/\\\/darkamazi.site\\\/#organization\"},\"image\":{\"@id\":\"https:\\\/\\\/darkamazi.site\\\/archives\\\/1032794#primaryimage\"},\"thumbnailUrl\":\"https:\\\/\\\/darkamazi.site\\\/darka-content\\\/uploads\\\/2025\\\/01\\\/dort-kurt.jpeg\",\"keywords\":[\"\u00f6nemli\"],\"articleSection\":[\"Kurdistan\"],\"inLanguage\":\"en-US\"},{\"@type\":\"WebPage\",\"@id\":\"https:\\\/\\\/darkamazi.site\\\/archives\\\/1032794\",\"url\":\"https:\\\/\\\/darkamazi.site\\\/archives\\\/1032794\",\"name\":\"\u0130damlar\u0131n\u0131n 1. Y\u0131l d\u00f6n\u00fcm\u00fcnde d\u00f6rt K\u00fcrt i\u00e7in Adalet Kampanyas\u0131ndan a\u00e7\u0131klama - Darka Mazi\",\"isPartOf\":{\"@id\":\"https:\\\/\\\/darkamazi.site\\\/#website\"},\"primaryImageOfPage\":{\"@id\":\"https:\\\/\\\/darkamazi.site\\\/archives\\\/1032794#primaryimage\"},\"image\":{\"@id\":\"https:\\\/\\\/darkamazi.site\\\/archives\\\/1032794#primaryimage\"},\"thumbnailUrl\":\"https:\\\/\\\/darkamazi.site\\\/darka-content\\\/uploads\\\/2025\\\/01\\\/dort-kurt.jpeg\",\"datePublished\":\"2025-01-30T07:58:07+00:00\",\"dateModified\":\"2025-01-30T07:59:46+00:00\",\"breadcrumb\":{\"@id\":\"https:\\\/\\\/darkamazi.site\\\/archives\\\/1032794#breadcrumb\"},\"inLanguage\":\"en-US\",\"potentialAction\":[{\"@type\":\"ReadAction\",\"target\":[\"https:\\\/\\\/darkamazi.site\\\/archives\\\/1032794\"]}]},{\"@type\":\"ImageObject\",\"inLanguage\":\"en-US\",\"@id\":\"https:\\\/\\\/darkamazi.site\\\/archives\\\/1032794#primaryimage\",\"url\":\"https:\\\/\\\/darkamazi.site\\\/darka-content\\\/uploads\\\/2025\\\/01\\\/dort-kurt.jpeg\",\"contentUrl\":\"https:\\\/\\\/darkamazi.site\\\/darka-content\\\/uploads\\\/2025\\\/01\\\/dort-kurt.jpeg\",\"width\":900,\"height\":497,\"caption\":\"\u0130damlar\u0131n\u0131n 1. Y\u0131l d\u00f6n\u00fcm\u00fcnde d\u00f6rt K\u00fcrt i\u00e7in Adalet Kampanyas\u0131ndan a\u00e7\u0131klama\"},{\"@type\":\"BreadcrumbList\",\"@id\":\"https:\\\/\\\/darkamazi.site\\\/archives\\\/1032794#breadcrumb\",\"itemListElement\":[{\"@type\":\"ListItem\",\"position\":1,\"name\":\"Home\",\"item\":\"https:\\\/\\\/darkamazi.site\\\/\"},{\"@type\":\"ListItem\",\"position\":2,\"name\":\"\u0130damlar\u0131n\u0131n 1. Y\u0131l d\u00f6n\u00fcm\u00fcnde d\u00f6rt K\u00fcrt i\u00e7in Adalet Kampanyas\u0131ndan a\u00e7\u0131klama\"}]},{\"@type\":\"WebSite\",\"@id\":\"https:\\\/\\\/darkamazi.site\\\/#website\",\"url\":\"https:\\\/\\\/darkamazi.site\\\/\",\"name\":\"Darka Mazi\",\"description\":\"Ana Sayfa\",\"publisher\":{\"@id\":\"https:\\\/\\\/darkamazi.site\\\/#organization\"},\"potentialAction\":[{\"@type\":\"SearchAction\",\"target\":{\"@type\":\"EntryPoint\",\"urlTemplate\":\"https:\\\/\\\/darkamazi.site\\\/?s={search_term_string}\"},\"query-input\":{\"@type\":\"PropertyValueSpecification\",\"valueRequired\":true,\"valueName\":\"search_term_string\"}}],\"inLanguage\":\"en-US\"},{\"@type\":\"Organization\",\"@id\":\"https:\\\/\\\/darkamazi.site\\\/#organization\",\"name\":\"Darka Mazi T\u00fcrk\u00e7e\",\"alternateName\":\"Darka Mazi\",\"url\":\"https:\\\/\\\/darkamazi.site\\\/\",\"logo\":{\"@type\":\"ImageObject\",\"inLanguage\":\"en-US\",\"@id\":\"https:\\\/\\\/darkamazi.site\\\/#\\\/schema\\\/logo\\\/image\\\/\",\"url\":\"https:\\\/\\\/darkamazi.site\\\/darka-content\\\/uploads\\\/2017\\\/12\\\/darka-mazi-logo.png\",\"contentUrl\":\"https:\\\/\\\/darkamazi.site\\\/darka-content\\\/uploads\\\/2017\\\/12\\\/darka-mazi-logo.png\",\"width\":151,\"height\":75,\"caption\":\"Darka Mazi T\u00fcrk\u00e7e\"},\"image\":{\"@id\":\"https:\\\/\\\/darkamazi.site\\\/#\\\/schema\\\/logo\\\/image\\\/\"},\"sameAs\":[\"https:\\\/\\\/www.facebook.com\\\/DarkaMaziturkce\",\"https:\\\/\\\/x.com\\\/DarkaMaziTurkce\"]},{\"@type\":\"Person\",\"@id\":\"https:\\\/\\\/darkamazi.site\\\/#\\\/schema\\\/person\\\/67986a95ac546c16760365877ef4a9d3\",\"name\":\"darka mazi\",\"sameAs\":[\"https:\\\/\\\/darkamazi.site\"],\"url\":\"https:\\\/\\\/darkamazi.site\\\/archives\\\/author\\\/turkish\"}]}<\/script>\n<!-- \/ Yoast SEO plugin. -->","seo_head_json":{"title":"\u0130damlar\u0131n\u0131n 1. Y\u0131l d\u00f6n\u00fcm\u00fcnde d\u00f6rt K\u00fcrt i\u00e7in Adalet Kampanyas\u0131ndan a\u00e7\u0131klama - Darka Mazi","robots":{"index":"index","follow":"follow","max-snippet":"max-snippet:-1","max-image-preview":"max-image-preview:large","max-video-preview":"max-video-preview:-1"},"canonical":"https:\/\/darkamazi.site\/archives\/1032794","og_locale":"en_US","og_type":"article","og_title":"\u0130damlar\u0131n\u0131n 1. Y\u0131l d\u00f6n\u00fcm\u00fcnde d\u00f6rt K\u00fcrt i\u00e7in Adalet Kampanyas\u0131ndan a\u00e7\u0131klama - Darka Mazi","og_description":"\u0130damlar\u0131n\u0131n 1. Y\u0131l d\u00f6n\u00fcm\u00fcnde d\u00f6rt K\u00fcrt i\u00e7in Adalet Kampanyas\u0131ndan a\u00e7\u0131klama 29 Ocak 2024 tarihinde \u0130ran \u0130slam Cumhuriyeti H\u00fck\u00fcmeti Taraf\u0131ndan \u0130nfaz Edilen D\u00f6rt K\u00fcrt Siyasi Mahkum Vafa Azarbar, Muhsin Mazlum, Pejman Fatehi ve Muhammed Faramarzi idamlar\u0131n\u0131n 1. Y\u0131l d\u00f6n\u00fcm\u00fcnde eylemler yap\u0131ld\u0131. Ayr\u0131ca her d\u00f6rt K\u00fcrt i\u00e7in a\u00e7\u0131lan \u00a0Adalet Kampanyas\u0131&#8217;nda 1. Y\u0131l d\u00f6n\u00fcm vesilesi ile bir a\u00e7\u0131klama [&hellip;]","og_url":"https:\/\/darkamazi.site\/archives\/1032794","og_site_name":"Darka Mazi","article_publisher":"https:\/\/www.facebook.com\/DarkaMaziturkce","article_published_time":"2025-01-30T07:58:07+00:00","article_modified_time":"2025-01-30T07:59:46+00:00","og_image":[{"width":900,"height":497,"url":"https:\/\/darkamazi.site\/file\/2025\/01\/dort-kurt.jpeg","type":"image\/jpeg"}],"author":"darka mazi","twitter_card":"summary_large_image","twitter_creator":"@DarkaMaziTurkce","twitter_site":"@DarkaMaziTurkce","twitter_misc":{"Written by":"darka mazi","Est. reading time":"4 minutes"},"schema":{"@context":"https:\/\/schema.org","@graph":[{"@type":"NewsArticle","@id":"https:\/\/darkamazi.site\/archives\/1032794#article","isPartOf":{"@id":"https:\/\/darkamazi.site\/archives\/1032794"},"author":{"name":"darka mazi","@id":"https:\/\/darkamazi.site\/#\/schema\/person\/67986a95ac546c16760365877ef4a9d3"},"headline":"\u0130damlar\u0131n\u0131n 1. Y\u0131l d\u00f6n\u00fcm\u00fcnde d\u00f6rt K\u00fcrt i\u00e7in Adalet Kampanyas\u0131ndan a\u00e7\u0131klama","datePublished":"2025-01-30T07:58:07+00:00","dateModified":"2025-01-30T07:59:46+00:00","mainEntityOfPage":{"@id":"https:\/\/darkamazi.site\/archives\/1032794"},"wordCount":970,"publisher":{"@id":"https:\/\/darkamazi.site\/#organization"},"image":{"@id":"https:\/\/darkamazi.site\/archives\/1032794#primaryimage"},"thumbnailUrl":"https:\/\/darkamazi.site\/file\/2025\/01\/dort-kurt.jpeg","keywords":["\u00f6nemli"],"articleSection":["Kurdistan"],"inLanguage":"en-US"},{"@type":"WebPage","@id":"https:\/\/darkamazi.site\/archives\/1032794","url":"https:\/\/darkamazi.site\/archives\/1032794","name":"\u0130damlar\u0131n\u0131n 1. Y\u0131l d\u00f6n\u00fcm\u00fcnde d\u00f6rt K\u00fcrt i\u00e7in Adalet Kampanyas\u0131ndan a\u00e7\u0131klama - Darka Mazi","isPartOf":{"@id":"https:\/\/darkamazi.site\/#website"},"primaryImageOfPage":{"@id":"https:\/\/darkamazi.site\/archives\/1032794#primaryimage"},"image":{"@id":"https:\/\/darkamazi.site\/archives\/1032794#primaryimage"},"thumbnailUrl":"https:\/\/darkamazi.site\/file\/2025\/01\/dort-kurt.jpeg","datePublished":"2025-01-30T07:58:07+00:00","dateModified":"2025-01-30T07:59:46+00:00","breadcrumb":{"@id":"https:\/\/darkamazi.site\/archives\/1032794#breadcrumb"},"inLanguage":"en-US","potentialAction":[{"@type":"ReadAction","target":["https:\/\/darkamazi.site\/archives\/1032794"]}]},{"@type":"ImageObject","inLanguage":"en-US","@id":"https:\/\/darkamazi.site\/archives\/1032794#primaryimage","url":"https:\/\/darkamazi.site\/file\/2025\/01\/dort-kurt.jpeg","contentUrl":"https:\/\/darkamazi.site\/file\/2025\/01\/dort-kurt.jpeg","width":900,"height":497,"caption":"\u0130damlar\u0131n\u0131n 1. Y\u0131l d\u00f6n\u00fcm\u00fcnde d\u00f6rt K\u00fcrt i\u00e7in Adalet Kampanyas\u0131ndan a\u00e7\u0131klama"},{"@type":"BreadcrumbList","@id":"https:\/\/darkamazi.site\/archives\/1032794#breadcrumb","itemListElement":[{"@type":"ListItem","position":1,"name":"Home","item":"https:\/\/darkamazi.site\/"},{"@type":"ListItem","position":2,"name":"\u0130damlar\u0131n\u0131n 1. Y\u0131l d\u00f6n\u00fcm\u00fcnde d\u00f6rt K\u00fcrt i\u00e7in Adalet Kampanyas\u0131ndan a\u00e7\u0131klama"}]},{"@type":"WebSite","@id":"https:\/\/darkamazi.site\/#website","url":"https:\/\/darkamazi.site\/","name":"Darka Mazi","description":"Ana Sayfa","publisher":{"@id":"https:\/\/darkamazi.site\/#organization"},"potentialAction":[{"@type":"SearchAction","target":{"@type":"EntryPoint","urlTemplate":"https:\/\/darkamazi.site\/?s={search_term_string}"},"query-input":{"@type":"PropertyValueSpecification","valueRequired":true,"valueName":"search_term_string"}}],"inLanguage":"en-US"},{"@type":"Organization","@id":"https:\/\/darkamazi.site\/#organization","name":"Darka Mazi T\u00fcrk\u00e7e","alternateName":"Darka Mazi","url":"https:\/\/darkamazi.site\/","logo":{"@type":"ImageObject","inLanguage":"en-US","@id":"https:\/\/darkamazi.site\/#\/schema\/logo\/image\/","url":"https:\/\/darkamazi.site\/file\/2017\/12\/darka-mazi-logo.png","contentUrl":"https:\/\/darkamazi.site\/file\/2017\/12\/darka-mazi-logo.png","width":151,"height":75,"caption":"Darka Mazi T\u00fcrk\u00e7e"},"image":{"@id":"https:\/\/darkamazi.site\/#\/schema\/logo\/image\/"},"sameAs":["https:\/\/www.facebook.com\/DarkaMaziturkce","https:\/\/x.com\/DarkaMaziTurkce"]},{"@type":"Person","@id":"https:\/\/darkamazi.site\/#\/schema\/person\/67986a95ac546c16760365877ef4a9d3","name":"darka mazi","sameAs":["https:\/\/darkamazi.site"],"url":"https:\/\/darkamazi.site\/archives\/author\/turkish"}]}},"_links":{"self":[{"href":"https:\/\/darkamazi.site\/funavuv\/wp\/v2\/posts\/1032794","targetHints":{"allow":["GET"]}}],"collection":[{"href":"https:\/\/darkamazi.site\/funavuv\/wp\/v2\/posts"}],"about":[{"href":"https:\/\/darkamazi.site\/funavuv\/wp\/v2\/types\/post"}],"author":[{"embeddable":true,"href":"https:\/\/darkamazi.site\/funavuv\/wp\/v2\/users\/2"}],"replies":[{"embeddable":true,"href":"https:\/\/darkamazi.site\/funavuv\/wp\/v2\/comments?post=1032794"}],"version-history":[{"count":0,"href":"https:\/\/darkamazi.site\/funavuv\/wp\/v2\/posts\/1032794\/revisions"}],"wp:featuredmedia":[{"embeddable":true,"href":"https:\/\/darkamazi.site\/funavuv\/wp\/v2\/media\/1032795"}],"wp:attachment":[{"href":"https:\/\/darkamazi.site\/funavuv\/wp\/v2\/media?parent=1032794"}],"wp:term":[{"taxonomy":"category","embeddable":true,"href":"https:\/\/darkamazi.site\/funavuv\/wp\/v2\/categories?post=1032794"},{"taxonomy":"post_tag","embeddable":true,"href":"https:\/\/darkamazi.site\/funavuv\/wp\/v2\/tags?post=1032794"}],"curies":[{"name":"wp","href":"https:\/\/api.w.org\/{rel}","templated":true}]}}