{"id":1032851,"date":"2025-02-04T10:58:52","date_gmt":"2025-02-04T07:58:52","guid":{"rendered":"https:\/\/darkamazi.site\/?p=1032851"},"modified":"2025-02-04T10:58:52","modified_gmt":"2025-02-04T07:58:52","slug":"candar-ocalan-silahli-mucadelenin-artik-gerekmedigini-soyluyor","status":"publish","type":"post","link":"https:\/\/darkamazi.site\/archives\/1032851","title":{"rendered":"\u00c7andar: \u00d6calan silahl\u0131 m\u00fccadelenin art\u0131k gerekmedi\u011fini s\u00f6yl\u00fcyor"},"content":{"rendered":"<p style=\"text-align: justify\">DEM Parti Diyarbak\u0131r Milletvekili Cengiz \u00c7andar, 15 \u015eubat&#8217;ta, \u00d6calan&#8217;\u0131n T\u00fcrkiye&#8217;ye getirili\u015finin 25. y\u0131ld\u00f6n\u00fcm\u00fcnde yap\u0131lmas\u0131 beklendi\u011fini ifade edilen \u00e7a\u011fr\u0131n\u0131n \u00e7a\u011fr\u0131n\u0131n Suriye&#8217;deki silahs\u0131zlanmay\u0131 kapsay\u0131p kapsamayaca\u011f\u0131n\u0131n hen\u00fcz net olmad\u0131\u011f\u0131n\u0131 s\u00f6yledi.<\/p>\n<p style=\"font-weight: 400;text-align: justify\">DEM Parti Diyarbak\u0131r Milletvekili, gazeteci ve yazar Cengiz \u00c7andar, R\u00fbdaw&#8217;a verdi\u011fi r\u00f6portajda T\u00fcrkiye&#8217;deki yeni s\u00fcrece ili\u015fkin de\u011ferlendirmelerde bulundu. R\u00f6portaj \u015f\u00f6yle:<\/p>\n<p style=\"font-weight: 400;text-align: justify\"><b><strong>Say\u0131n \u00c7andar, T\u00fcrkiye\u2019de yeni bir s\u00fcre\u00e7 konu\u015fuluyor, bu s\u00fcre\u00e7 \u015fu anda hangi a\u015famada?<\/strong><\/b><\/p>\n<p style=\"font-weight: 400;text-align: justify\">B\u00fcy\u00fck bir belirsizlik a\u015famas\u0131nda \u015fimdi, bir de K\u00fcrt sorununun \u00e7\u00f6z\u00fcm\u00fc diye bu zaten nitelenmedi. \u0130\u015fin en ba\u015f\u0131ndan beri bu bar\u0131\u015f projesidir. Bin y\u0131l devam eden T\u00fcrk-K\u00fcrt karde\u015fli\u011fini tekrar yeniden T\u00fcrkiye&#8217;nin b\u00fct\u00fcnl\u00fc\u011f\u00fcn\u00fc, birli\u011fini daha da g\u00fc\u00e7lendirmek i\u00e7in canland\u0131rma projesidir dendi. K\u00fcrt sorununun \u00e7\u00f6z\u00fcm\u00fcnden ne anla\u015f\u0131l\u0131yorsa \u00f6nce bu bar\u0131\u015f projesi ger\u00e7ekle\u015fecek, ondan sonra o konular\u0131 konu\u015fmaya ba\u015flayaca\u011f\u0131z gibi anla\u015f\u0131l\u0131yor. Bar\u0131\u015ftan da kas\u0131t, T\u00fcrkiye&#8217;de art\u0131k PKK&#8217;nin silahl\u0131 m\u00fccadelesinin sona erdi\u011finin ve silahl\u0131 m\u00fccadeleye gerek olmad\u0131\u011f\u0131n\u0131n Abdullah \u00d6calan taraf\u0131ndan yap\u0131lacak bir \u00e7a\u011fr\u0131yla ortaya konmas\u0131. Bu ger\u00e7ekle\u015fecek. Ger\u00e7ekle\u015ftikten sonra bar\u0131\u015f gelmi\u015f varsay\u0131lacak. Ondan sonra da K\u00fcrt sorunu \u00e7\u0131kacak i\u00e7in ne gerekliyse \u00e7\u00f6z\u00fcm\u00fc i\u00e7in o ad\u0131mlara ondan sonra s\u0131ra gelecek diye \u00f6yle bir beklenti, \u00f6yle bir anlay\u0131\u015f var.<\/p>\n<p style=\"font-weight: 400;text-align: justify\"><b><strong>Peki, Abdullah \u00d6calan\u2019\u0131n silah b\u0131rakma konusunda \u00e7a\u011fr\u0131 yapaca\u011f\u0131n\u0131 d\u00fc\u015f\u00fcn\u00fcyor musunuz?<\/strong><\/b><\/p>\n<p style=\"font-weight: 400;text-align: justify\">Yapar yani Abdullah \u00d6calan 2013 y\u0131l\u0131n\u0131n Nevruz mesaj\u0131nda bundan 12 y\u0131l \u00f6nce gayet a\u00e7\u0131k ve net bir \u015fekilde bu \u00e7a\u011fr\u0131y\u0131 zaten yapm\u0131\u015ft\u0131. Abdullah \u00d6calan&#8217;\u0131 T\u00fcrk kamuoyu fazla yak\u0131ndan izlemiyor ama Abdullah \u00d6calan&#8217;\u0131n fikirlerini, d\u00fc\u015f\u00fcncelerini, neler s\u00f6yledi\u011fini yak\u0131ndan izleyenler Abdullah \u00d6calan&#8217;\u0131n zaten T\u00fcrkiye&#8217;de K\u00fcrtlerin haklar\u0131n\u0131 elde etmesi i\u00e7in art\u0131k silahl\u0131 m\u00fccadele y\u00fcr\u00fctmesinin gerekmedi\u011fini, s\u00f6yledi\u011fini biliyorlar. Yani 2025 y\u0131l\u0131nda ya\u015f\u0131yoruz. PKK&#8217;nin bir anlamda K\u00fcrt silahl\u0131 isyan\u0131 diye anlayaca\u011f\u0131m\u0131z, \u00f6yle g\u00f6rece\u011fimiz PKK&#8217;nin silahl\u0131 m\u00fccadelesi 1984 y\u0131l\u0131nda ba\u015flad\u0131. Yakla\u015f\u0131k 40 y\u0131l ge\u00e7ti. Bug\u00fcn K\u00fcrt meselesi T\u00fcrkiye&#8217;nin her d\u00fczeyinde tart\u0131\u015f\u0131l\u0131yor.<\/p>\n<p style=\"font-weight: 400;text-align: justify\"><b><strong>Peki, Rojava\u2019ya da ayn\u0131 \u00e7a\u011fr\u0131y\u0131 yapaca\u011f\u0131n\u0131 d\u00fc\u015f\u00fcn\u00fcyor musunuz?<\/strong><\/b><\/p>\n<p style=\"font-weight: 400;text-align: justify\">Rojava i\u00e7in ne yapaca\u011f\u0131n\u0131 biz de merakla bekliyoruz \u00f6yle diyelim. Zaten \u015fu anda siz en ba\u015f\u0131nda daha \u00f6nceki soruda hangi a\u015famaday\u0131z dediniz \u015funu s\u00f6ylemem gerekirdi. \u015eu an Abdullah \u00d6calan&#8217;\u0131n \u00e7a\u011fr\u0131s\u0131n\u0131 bekleme a\u015famas\u0131nday\u0131z daha o a\u015famaday\u0131z. Bu \u00e7a\u011fr\u0131n\u0131n 15 \u015eubat tarihinde Abdullah \u00d6calan&#8217;\u0131n T\u00fcrkiye&#8217;ye getirili\u015finin de 25. y\u0131l d\u00f6n\u00fcm\u00fc olmu\u015f olacak. 15 \u015eubat&#8217;ta yap\u0131lmas\u0131 bekleniyor zaten. Bu \u00e7a\u011fr\u0131n\u0131n bu tarihte yap\u0131laca\u011f\u0131n\u0131 Mazlum Abdi\u2019de, Demokratik Suriye G\u00fc\u00e7lerinin ba\u015fkomutan\u0131 olan Mazlum Abdi\u2019de, bir gazeteci toplulu\u011funa tarih olarak a\u00e7\u0131klad\u0131. Dolay\u0131s\u0131yla yakla\u015f\u0131k bir on g\u00fcn sonra ya da iki hafta sonra, bu \u00e7a\u011fr\u0131n\u0131n yap\u0131lmas\u0131n\u0131 \u00d6calan taraf\u0131ndan bekliyoruz. Ama bu \u00e7a\u011fr\u0131 Suriye&#8217;deki silahs\u0131zlanmay\u0131 da kapsayacak m\u0131? O \u00e7ok a\u00e7\u0131k de\u011fil do\u011frusu. \u015eunun i\u00e7in de\u011fil. Suriye&#8217;de her \u015fey daha \u00e7ok yeni, \u00e7ok taze. Suriye&#8217;nin nereye, nas\u0131l, kimle hangi \u015fekilde, y\u00f6netimde, hangi kurallarla, nas\u0131l bir anayasayla, nas\u0131l bir \u00f6rg\u00fctlenmeyle gidece\u011fi daha hi\u00e7bir \u015fey belli de\u011filken, K\u00fcrt silahlar\u0131n\u0131n topunu gidip \u015eam&#8217;a buyurun al\u0131n silahlar\u0131, bizi de tek tek asker olarak, Kaydedin Suriye ordusuna diye bir \u015feyi hi\u00e7 kimseden beklemek mant\u0131kl\u0131 olmaz. Abdullah \u00d6calan&#8217;\u0131n da b\u00f6yle bir \u00e7a\u011fr\u0131 yapmas\u0131n\u0131 beklemek mant\u0131kl\u0131 olmaz. Nas\u0131l bir \u00e7a\u011fr\u0131 yapacak o anda \u015fu an itibariyle o bir soru i\u015fareti a\u00e7\u0131k\u00e7as\u0131. Ama herhalde Suriye&#8217;ye d\u00f6n\u00fck bir \u00e7a\u011fr\u0131 da bekleniyor ve Suriye&#8217;ye bir \u00e7a\u011fr\u0131 yap\u0131ld\u0131\u011f\u0131 zaman \u00e7a\u011fr\u0131s\u0131n\u0131 esas olarak yapm\u0131\u015f olacak. Onun ne olaca\u011f\u0131n\u0131 \u015fu andan tam olarak kestiremiyoruz.<\/p>\n<p style=\"font-weight: 400;text-align: justify\"><b><strong>Abdullah \u00d6calan\u2019\u0131n Ba\u015fkan Mesud Barzani ile General Mazlum Abdi\u2019ye mektup g\u00f6nderece\u011fi y\u00f6n\u00fcnde bilgiler var, bu konuda bilginiz var m\u0131?<\/strong><\/b><\/p>\n<p style=\"font-weight: 400;text-align: justify\">O konudaki bilgim, Abdullah \u00d6calan&#8217;\u0131n Mazlum Abdi&#8217;ye bir mektup g\u00f6nderece\u011fine ili\u015fkin s\u00f6ylentiler bizim de kula\u011f\u0131m\u0131za, benim de kula\u011f\u0131ma geldi. Bunun kan\u0131t\u0131 yok. Muhtemeldir bunun b\u00f6yle olacak olmas\u0131. Bir de \u015funu unutmayal\u0131m. Suriye sahas\u0131nda sadece T\u00fcrkiye Devleti, Mazlum Abdi ve heyet Tahrir \u015eam, Ahmet El \u015eara bulunmuyor. \u00dc\u00e7 akt\u00f6rl\u00fc bir sahne yok orada yani bir taraf\u0131nda Ankara&#8217;da Tayyip Erdo\u011fan ya da Hakan Fidan, \u00f6b\u00fcr taraf\u0131nda Mazlum Abdi, \u015eam&#8217;da da Ahmet El \u015eara. B\u00f6yle bir \u00fc\u00e7gen yok orada. Orada \u00e7ok akt\u00f6r var ve en \u00f6nemlisi unutmayal\u0131m ki Amerikal\u0131lar var gerek T\u00fcrkiye ile Mazlum Abdi aras\u0131nda gerek Mazlum Abdi ile Ahmet El \u015eara aras\u0131nda temas sa\u011fl\u0131yorlar. Bu bak\u0131mdan sadece Abdullah \u00d6calan&#8217;\u0131n Mazlum Abdi&#8217;ye g\u00f6nderdi\u011fi ya da g\u00f6nderece\u011fi mektup de\u011fil mesaj de\u011fil ayn\u0131 zamanda da Amerikal\u0131lar\u0131n ve di\u011fer ba\u015fka baz\u0131 taraflar\u0131nda oradaki akt\u00f6rlere ta\u015f\u0131yaca\u011f\u0131 mesajlar s\u00f6z konusudur. Bu arada Say\u0131n Mesut Barzani&#8217;nin de bu konularda rol alm\u0131\u015f oldu\u011funu ve olabilece\u011fini de akl\u0131m\u0131zda tutmam\u0131z gerekiyor. O nedenle \u015f\u00f6yle birka\u00e7 g\u00fcn en fazla ya da ortalama bir hafta beklersek bu sorular\u0131n cevab\u0131 biraz daha net bir \u015fekilde ortaya \u00e7\u0131kar.<\/p>\n<p style=\"font-weight: 400;text-align: justify\"><b><strong>Say\u0131n \u00c7andar 30 y\u0131la yak\u0131n bir s\u00fcredir K\u00fcrdistan B\u00f6lgesi\u2019yle bir dirsek temas\u0131n\u0131z\u0131n oldu\u011funu biliyoruz, bu minvalde \u015funu sormak istiyorum; Erbil y\u00f6netimi T\u00fcrkiye\u2019deki s\u00fcre\u00e7te nas\u0131l bir rol alabilir?<\/strong><\/b><\/p>\n<p style=\"font-weight: 400;text-align: justify\">K\u00fcrdistan B\u00f6lgesi\u2019nin bu noktada, geldi\u011fimiz bu a\u015famada oynayaca\u011f\u0131 iki b\u00fcy\u00fck rol var, iki temel rol var. Bug\u00fcn Irak, K\u00fcrdistan b\u00f6lge y\u00f6netimi, K\u00fcrdistan kelimesinin kullan\u0131ld\u0131\u011f\u0131 K\u00fcrtlerin tek siyasi merkezi halinde. Bir y\u00f6netim yap\u0131s\u0131 olarak, bir idari yap\u0131 olarak ve \u00fcstelik anayasal bir \u015fekilde, Irak Anayasas\u0131&#8217;na yeri olacak bir \u015fekilde sadece Birle\u015fmi\u015f Milletler&#8217;de koltu\u011fu yok, onun d\u0131\u015f\u0131nda herhangi bir ba\u011f\u0131ms\u0131z devletin sahip oldu\u011fu, s\u0131n\u0131r kontrol\u00fcnden bayra\u011fa kadar, \u00fcniversiteye kadar, ana dilin resmi kimli\u011fine kadar hemen hemen Irak K\u00fcrdistan B\u00f6lgesi\u2019nin her \u015feyi var. Dolay\u0131s\u0131yla Irak K\u00fcrdistan B\u00f6lgesi K\u00fcrt aleminin, K\u00fcrt d\u00fcnyas\u0131n\u0131n her t\u00fcrl\u00fc geli\u015fmesinden birinci derecede sorumlu. Oraya katk\u0131da bulunmak durumunda olan bir siyasi merkez. Hem idari merkez hem siyasi merkez. Dolay\u0131s\u0131yla Suriye&#8217;de birdenbire bir 60 k\u00fcsur y\u0131l s\u00fcrm\u00fc\u015f bir rejimin ortadan kalkm\u0131\u015f olmas\u0131 ve yepyeni bir manzaran\u0131n ortaya \u00e7\u0131kmas\u0131yla birlikte Suriye K\u00fcrtleri i\u00e7in ortaya \u00e7\u0131km\u0131\u015f olan yeni tabloda K\u00fcrdistan y\u00f6netimine \u00e7ok b\u00fcy\u00fck sorumluluk d\u00fc\u015f\u00fcyor. Oradaki K\u00fcrtler nas\u0131l ya\u015famal\u0131, nas\u0131l bir y\u00f6netim alt\u0131nda bulunmal\u0131 ve bunun i\u00e7in de Suriye zemininde K\u00fcrt ulusal birli\u011finin sa\u011flanmas\u0131nda, K\u00fcrtler aras\u0131 birli\u011finin sa\u011flanmas\u0131nda K\u00fcrdistan B\u00f6lgesi \u00e7ok b\u00fcy\u00fck sorumluluk ve rol d\u00fc\u015f\u00fcyor.<\/p>\n<p style=\"font-weight: 400;text-align: justify\">Birinci rol\u00fc budur. \u0130kinci rol\u00fc de K\u00fcrdistan B\u00f6lge Y\u00f6netimi&#8217;nin T\u00fcrkiye ile Ankara ile \u00e7ok yak\u0131n dostane s\u0131k\u0131 ili\u015fkileri var. Dolay\u0131s\u0131yla Suriye&#8217;de de K\u00fcrtlerin esenli\u011fi i\u00e7in Suriye&#8217;deki K\u00fcrtlerin gelece\u011finin g\u00fcvence alt\u0131na al\u0131nmas\u0131 i\u00e7in K\u00fcrdistan B\u00f6lge Y\u00f6netimi T\u00fcrkiye \u00fczerinde bu yak\u0131n ili\u015fkilerinden yararlanarak \u00e7ok olumlu ve de\u011ferli bir rol oynayabilir. Dolay\u0131s\u0131yla nereden baksan\u0131z Suriye ve K\u00fcrtler dedi\u011fimiz zaman Irak, K\u00fcrdistan B\u00f6lgesi y\u00f6netimine \u00e7ok b\u00fcy\u00fck, herkesten daha b\u00fcy\u00fck roller \u015fimdiden d\u00fc\u015fm\u00fc\u015f durumda.<\/p>\n<p style=\"font-weight: 400;text-align: justify\"><b><strong>\u0130mral\u0131 heyetinin ilerleyen g\u00fcnlerde hem K\u00fcrdistan B\u00f6lgesi hem de Rojava\u2019y\u0131 ziyaret edece\u011fi ifade ediliyor, bu konuda varsa bir bilgi bizimle payla\u015fabilir misiniz?<\/strong><\/b><\/p>\n<p style=\"font-weight: 400;text-align: justify\">S\u00f6ylentisi var, daha kendisinin ger\u00e7ekle\u015fti\u011fine dair bende somut bir bilgi yok ama bu s\u00f6ylenti benim de kula\u011f\u0131ma geldi. Ama ayn\u0131 heyet mi olur, ba\u015fka ki\u015filerin de kat\u0131laca\u011f\u0131 bir heyet mi olur o da m\u00fcmk\u00fcn, o da olabilir.<\/p>\n<p style=\"font-weight: 400;text-align: justify\"><b><strong>Peki, Abdullah \u00d6calan\u2019\u0131n yakaland\u0131\u011f\u0131 g\u00fcn\u00fcn y\u0131ld\u00f6n\u00fcm\u00fcmden bir video mesaj yay\u0131nlanaca\u011f\u0131 iddia ediliyor? Bu konuda sizin bilginiz var m\u0131?<\/strong><\/b><\/p>\n<p style=\"font-weight: 400;text-align: justify\">Olabilir. Bana da ayn\u0131 bilgi bir s\u00fcre \u00f6nce geldi. Abdullah \u00d6calan&#8217;\u0131n yan\u0131na \u0130mral\u0131 Adas\u0131&#8217;nda tutuklu bulunan di\u011fer \u00fc\u00e7 PKK&#8217;li ve ayn\u0131 zamanda da kendisini ziyaret etmi\u015f heyetle birlikte topluca bir g\u00f6r\u00fcnt\u00fc vererek g\u00f6r\u00fcnt\u00fcl\u00fc bir a\u00e7\u0131klama yapaca\u011f\u0131 \u015feklinde bende de bilgi var.\u00a0\u00a0\u00a0Ama bu bilgi ger\u00e7ek olacak m\u0131, ger\u00e7ekle\u015fecek mi bunu \u00f6n\u00fcm\u00fczdeki g\u00fcnlerde g\u00f6rece\u011fiz. \u015eimdi Suriye \u00fczerinde hen\u00fcz Abdullah \u00d6calan&#8217;\u0131n yapmas\u0131 beklenen a\u00e7\u0131klamada Suriye&#8217;ye ili\u015fkin hen\u00fcz T\u00fcrkiye ile Abdullah \u00d6calan aras\u0131nda, a\u015f\u0131lmam\u0131\u015f gibi g\u00f6z\u00fcken birka\u00e7 nokta var galiba. Onlar a\u015f\u0131ld\u0131\u011f\u0131 vakit muhtemelen Abdullah \u00d6calan g\u00f6r\u00fcnt\u00fcl\u00fc bir a\u00e7\u0131klama yapacak. Yani yaz\u0131l\u0131 bir a\u00e7\u0131klama medyaya da\u011f\u0131t\u0131lacak yaz\u0131l\u0131 bir a\u00e7\u0131klama yerine g\u00f6r\u00fcnt\u00fcl\u00fc bir a\u00e7\u0131klama yapaca\u011f\u0131 bilgisi bizde de var.<\/p>\n<p style=\"font-weight: 400;text-align: justify\"><b><strong>\u0130mral\u0131 ziyaretleri bitti mi yoksa devam edecek mi?<\/strong><\/b><\/p>\n<p style=\"font-weight: 400;text-align: justify\">Yani bundan sonra s\u0131ran\u0131n a\u00e7\u0131klamaya gelece\u011fi ve \u0130mral\u0131 heyeti denilen meslekta\u015flar\u0131m\u0131z\u0131n bu s\u00f6z konusu az \u00f6nce s\u00f6z\u00fcn\u00fc etti\u011fimiz a\u00e7\u0131klama i\u00e7in. \u0130mral\u0131&#8217;ya gitmesi bekleniyor. Fakat bu \u00f6yle bir s\u00fcre\u00e7 ki her an her daha \u00f6nceden kararla\u015ft\u0131r\u0131lmam\u0131\u015f olan, daha \u00f6nceden kestirilmemi\u015f olan yeni bir durum ortaya \u00e7\u0131kar. Heyetin daha \u00f6nce gitmesi beklenmezken bakars\u0131n\u0131z tekrar gider olabilir. Ama bug\u00fcne kadar kararla\u015ft\u0131r\u0131lan heyetin gidece\u011fi, geldikten sonra partilerle g\u00f6r\u00fc\u015f\u00fcp o g\u00f6r\u00fc\u015fmeler hakk\u0131nda Abdullah \u00d6calan&#8217;a bilgi verece\u011fi ve bundan bir s\u00fcre sonra da Abdullah \u00d6calan&#8217;\u0131n a\u00e7\u0131klama yapaca\u011f\u0131 ve yeni bir s\u00fcrece do\u011fru yol alaca\u011f\u0131m\u0131z idi. \u015eimdi o a\u015famas\u0131nda i\u015fin duruyoruz.<\/p>\n<p style=\"font-weight: 400;text-align: justify\"><b><strong>Yeni s\u00fcre\u00e7ten bahsettiniz a\u00e7\u0131k\u00e7as\u0131 herkes gibi ben de merak ediyorum. Devlet K\u00fcrt meselesinin \u00e7\u00f6z\u00fcm\u00fc konusunda ciddi bir ad\u0131m ataca\u011f\u0131n\u0131 d\u00fc\u015f\u00fcn\u00fcyor musunuz?<\/strong><\/b><\/p>\n<p style=\"font-weight: 400;text-align: justify\">\u00d6yle varsay\u0131yoruz. Yani Abdullah \u00d6calan \u015fayet \u015fartlar\u0131 de\u011fi\u015fik bir \u015fekilde sahnede yer almaya ba\u015flarsa o zaman yani o ne demek? Abdullah \u00d6calan&#8217;\u0131n \u0130leti\u015fim kanallar\u0131n\u0131n a\u00e7\u0131lm\u0131\u015f olmas\u0131, Abdullah \u00d6calan&#8217;\u0131n \u00e7e\u015fitli g\u00f6r\u00fc\u015fmeler yapaca\u011f\u0131 bir konumda bulunmas\u0131 anlam\u0131na gelir. Herhalde K\u00fcrt sorunuyla ilgili daha ileri \u00e7\u00f6z\u00fcm giri\u015fimleri de K\u00fcrt sorunu i\u00e7ine ne giriyorsa onlara ili\u015fkin olarak da bir tak\u0131m \u00e7abalar olacak demektir. Ama b\u00fct\u00fcn bunlar\u0131n olabilmesi i\u00e7in 22 Ekim&#8217;de Devlet Bah\u00e7eli&#8217;nin ifade etti\u011fi \u015fekilde Abdullah \u00d6calan&#8217;\u0131n baz\u0131 hukuki haklardan ki Abdullah \u00d6calan da bunlar\u0131 s\u00f6yledi, bana benim \u015fartlar\u0131m kolayla\u015ft\u0131r\u0131ls\u0131n, hukuki ve siyasi zemine bu meseleyi \u00e7ekerim. Buna g\u00fcc\u00fcm vard\u0131r dedi. \u015eimdi i\u015fin daha ba\u015flang\u0131\u00e7 a\u015famas\u0131nday\u0131z, yani Abdullah \u00d6calan \u015fayet istenilen, kendisinden beklenilen \u00e7a\u011fr\u0131y\u0131 yaparsa yani devletin bekledi\u011fi \u00e7a\u011fr\u0131y\u0131 yaparsa ondan sonra ne olacak? Tamam, art\u0131k seni unuttuk. \u0130mral\u0131&#8217;da bir daha da senden hi\u00e7 haber almayaca\u011f\u0131z, duymayaca\u011f\u0131z. Bunlar\u0131n d\u00f6rt y\u0131l \u00f6nce nas\u0131l olduysa \u00f6yle olacak denmeyecek herhalde de\u011fil mi? Yani bir s\u00f6z verilmi\u015f durumda Abdullah \u00d6calan&#8217;a sen b\u00f6yle bir \u00e7a\u011fr\u0131 yaparsan senin \u015fartlar\u0131n de\u011fi\u015fecektir, hukuki durumun de\u011fi\u015fecektir denmi\u015f ve e\u011fer bu yerine getirilse bu kendili\u011finden yeni bir s\u00fcrece do\u011fru konunun ta\u015f\u0131naca\u011f\u0131 anlam\u0131na zaten geliyor. Mant\u0131kl\u0131 olarak \u00f6yle olmas\u0131 gerekiyor.<\/p>\n<p style=\"font-weight: 400;text-align: justify\"><b><strong>Ad\u0131n\u0131n tam olarak konulmad\u0131\u011f\u0131 bu yeni s\u00fcrece \u00fc\u00e7\u00fcnc\u00fc \u00fclkeler g\u00f6zlemci olarak kat\u0131l\u0131m sa\u011fl\u0131yor mu?<\/strong><\/b><\/p>\n<p style=\"font-weight: 400;text-align: justify\">Bunu duymad\u0131k. Yani bilmedi\u011fim bir \u015fey hakk\u0131nda yok diyemem ama oldu\u011funu duymad\u0131k. Bir de T\u00fcrkiye&#8217;nin karar vericileri, yani ittifak unsurlar\u0131 bir tarafta Cumhurba\u015fkan\u0131 ve AK Parti Genel Ba\u015fkan\u0131 Tayyip Erdo\u011fan, \u00f6b\u00fcr tarafta Milliyet\u00e7i Hareket Partisi Genel Ba\u015fkan\u0131 Devlet Bah\u00e7eli ki bu s\u00fcrecin \u00f6n\u00fcn\u00fc a\u00e7t\u0131, o \u00e7ekti bu s\u00fcrecin. Her ikisi de d\u0131\u015f d\u00fcnyadan \u00e7ok hazzeden, bundan ho\u015flanan tipler de\u011filler. O y\u00fczden \u00fc\u00e7\u00fcnc\u00fc taraf olma ihtimali, y\u00fcksek ama F\u0131s\u0131lt\u0131 Gazetesi, T\u00fcrkiye&#8217;deki F\u0131s\u0131lt\u0131 Gazetesi bu i\u015flerin i\u00e7inde Amerikal\u0131lar\u0131n da oldu\u011funu s\u00f6yl\u00fcyor. Ama buna dair hi\u00e7bir kan\u0131t en az\u0131ndan benim elimde yok. Onun i\u00e7in bir \u015fey diyemem bilmiyorum.<\/p>\n","protected":false},"excerpt":{"rendered":"<p>DEM Parti Diyarbak\u0131r Milletvekili Cengiz \u00c7andar, 15 \u015eubat&#8217;ta, \u00d6calan&#8217;\u0131n T\u00fcrkiye&#8217;ye getirili\u015finin 25. y\u0131ld\u00f6n\u00fcm\u00fcnde yap\u0131lmas\u0131 beklendi\u011fini ifade edilen \u00e7a\u011fr\u0131n\u0131n \u00e7a\u011fr\u0131n\u0131n Suriye&#8217;deki silahs\u0131zlanmay\u0131 kapsay\u0131p kapsamayaca\u011f\u0131n\u0131n hen\u00fcz net olmad\u0131\u011f\u0131n\u0131 s\u00f6yledi. DEM Parti Diyarbak\u0131r Milletvekili, gazeteci ve yazar Cengiz \u00c7andar, R\u00fbdaw&#8217;a verdi\u011fi r\u00f6portajda T\u00fcrkiye&#8217;deki yeni s\u00fcrece ili\u015fkin de\u011ferlendirmelerde bulundu. R\u00f6portaj \u015f\u00f6yle: Say\u0131n \u00c7andar, T\u00fcrkiye\u2019de yeni bir s\u00fcre\u00e7 konu\u015fuluyor, bu [&hellip;]<\/p>\n","protected":false},"author":2,"featured_media":1032852,"comment_status":"closed","ping_status":"closed","sticky":false,"template":"","format":"standard","meta":{"footnotes":""},"categories":[3],"tags":[31],"class_list":["post-1032851","post","type-post","status-publish","format-standard","has-post-thumbnail","hentry","category-kurdistan","tag-onemli"],"blocksy_meta":[],"seo_head":"<!-- This site is optimized with the Yoast SEO plugin v27.5 - https:\/\/yoast.com\/product\/yoast-seo-wordpress\/ -->\n<title>\u00c7andar: \u00d6calan silahl\u0131 m\u00fccadelenin art\u0131k gerekmedi\u011fini s\u00f6yl\u00fcyor - Darka Mazi<\/title>\n<meta name=\"robots\" content=\"index, follow, max-snippet:-1, max-image-preview:large, max-video-preview:-1\" \/>\n<link rel=\"canonical\" href=\"https:\/\/darkamazi.site\/archives\/1032851\" \/>\n<meta property=\"og:locale\" content=\"en_US\" \/>\n<meta property=\"og:type\" content=\"article\" \/>\n<meta property=\"og:title\" content=\"\u00c7andar: \u00d6calan silahl\u0131 m\u00fccadelenin art\u0131k gerekmedi\u011fini s\u00f6yl\u00fcyor - Darka Mazi\" \/>\n<meta property=\"og:description\" content=\"DEM Parti Diyarbak\u0131r Milletvekili Cengiz \u00c7andar, 15 \u015eubat&#8217;ta, \u00d6calan&#8217;\u0131n T\u00fcrkiye&#8217;ye getirili\u015finin 25. y\u0131ld\u00f6n\u00fcm\u00fcnde yap\u0131lmas\u0131 beklendi\u011fini ifade edilen \u00e7a\u011fr\u0131n\u0131n \u00e7a\u011fr\u0131n\u0131n Suriye&#8217;deki silahs\u0131zlanmay\u0131 kapsay\u0131p kapsamayaca\u011f\u0131n\u0131n hen\u00fcz net olmad\u0131\u011f\u0131n\u0131 s\u00f6yledi. DEM Parti Diyarbak\u0131r Milletvekili, gazeteci ve yazar Cengiz \u00c7andar, R\u00fbdaw&#8217;a verdi\u011fi r\u00f6portajda T\u00fcrkiye&#8217;deki yeni s\u00fcrece ili\u015fkin de\u011ferlendirmelerde bulundu. R\u00f6portaj \u015f\u00f6yle: Say\u0131n \u00c7andar, T\u00fcrkiye\u2019de yeni bir s\u00fcre\u00e7 konu\u015fuluyor, bu [&hellip;]\" \/>\n<meta property=\"og:url\" content=\"https:\/\/darkamazi.site\/archives\/1032851\" \/>\n<meta property=\"og:site_name\" content=\"Darka Mazi\" \/>\n<meta property=\"article:publisher\" content=\"https:\/\/www.facebook.com\/DarkaMaziturkce\" \/>\n<meta property=\"article:published_time\" content=\"2025-02-04T07:58:52+00:00\" \/>\n<meta property=\"og:image\" content=\"https:\/\/darkamazi.site\/file\/2025\/02\/candar.jpg\" \/>\n\t<meta property=\"og:image:width\" content=\"750\" \/>\n\t<meta property=\"og:image:height\" content=\"422\" \/>\n\t<meta property=\"og:image:type\" content=\"image\/jpeg\" \/>\n<meta name=\"author\" content=\"darka mazi\" \/>\n<meta name=\"twitter:card\" content=\"summary_large_image\" \/>\n<meta name=\"twitter:creator\" content=\"@DarkaMaziTurkce\" \/>\n<meta name=\"twitter:site\" content=\"@DarkaMaziTurkce\" \/>\n<meta name=\"twitter:label1\" content=\"Written by\" \/>\n\t<meta name=\"twitter:data1\" content=\"darka mazi\" \/>\n\t<meta name=\"twitter:label2\" content=\"Est. reading time\" \/>\n\t<meta name=\"twitter:data2\" content=\"7 minutes\" \/>\n<script type=\"application\/ld+json\" class=\"seo-schema-graph\">{\"@context\":\"https:\\\/\\\/schema.org\",\"@graph\":[{\"@type\":\"NewsArticle\",\"@id\":\"https:\\\/\\\/darkamazi.site\\\/archives\\\/1032851#article\",\"isPartOf\":{\"@id\":\"https:\\\/\\\/darkamazi.site\\\/archives\\\/1032851\"},\"author\":{\"name\":\"darka mazi\",\"@id\":\"https:\\\/\\\/darkamazi.site\\\/#\\\/schema\\\/person\\\/67986a95ac546c16760365877ef4a9d3\"},\"headline\":\"\u00c7andar: \u00d6calan silahl\u0131 m\u00fccadelenin art\u0131k gerekmedi\u011fini s\u00f6yl\u00fcyor\",\"datePublished\":\"2025-02-04T07:58:52+00:00\",\"mainEntityOfPage\":{\"@id\":\"https:\\\/\\\/darkamazi.site\\\/archives\\\/1032851\"},\"wordCount\":2252,\"publisher\":{\"@id\":\"https:\\\/\\\/darkamazi.site\\\/#organization\"},\"image\":{\"@id\":\"https:\\\/\\\/darkamazi.site\\\/archives\\\/1032851#primaryimage\"},\"thumbnailUrl\":\"https:\\\/\\\/darkamazi.site\\\/darka-content\\\/uploads\\\/2025\\\/02\\\/candar.jpg\",\"keywords\":[\"\u00f6nemli\"],\"articleSection\":[\"Kurdistan\"],\"inLanguage\":\"en-US\"},{\"@type\":\"WebPage\",\"@id\":\"https:\\\/\\\/darkamazi.site\\\/archives\\\/1032851\",\"url\":\"https:\\\/\\\/darkamazi.site\\\/archives\\\/1032851\",\"name\":\"\u00c7andar: \u00d6calan silahl\u0131 m\u00fccadelenin art\u0131k gerekmedi\u011fini s\u00f6yl\u00fcyor - Darka Mazi\",\"isPartOf\":{\"@id\":\"https:\\\/\\\/darkamazi.site\\\/#website\"},\"primaryImageOfPage\":{\"@id\":\"https:\\\/\\\/darkamazi.site\\\/archives\\\/1032851#primaryimage\"},\"image\":{\"@id\":\"https:\\\/\\\/darkamazi.site\\\/archives\\\/1032851#primaryimage\"},\"thumbnailUrl\":\"https:\\\/\\\/darkamazi.site\\\/darka-content\\\/uploads\\\/2025\\\/02\\\/candar.jpg\",\"datePublished\":\"2025-02-04T07:58:52+00:00\",\"breadcrumb\":{\"@id\":\"https:\\\/\\\/darkamazi.site\\\/archives\\\/1032851#breadcrumb\"},\"inLanguage\":\"en-US\",\"potentialAction\":[{\"@type\":\"ReadAction\",\"target\":[\"https:\\\/\\\/darkamazi.site\\\/archives\\\/1032851\"]}]},{\"@type\":\"ImageObject\",\"inLanguage\":\"en-US\",\"@id\":\"https:\\\/\\\/darkamazi.site\\\/archives\\\/1032851#primaryimage\",\"url\":\"https:\\\/\\\/darkamazi.site\\\/darka-content\\\/uploads\\\/2025\\\/02\\\/candar.jpg\",\"contentUrl\":\"https:\\\/\\\/darkamazi.site\\\/darka-content\\\/uploads\\\/2025\\\/02\\\/candar.jpg\",\"width\":750,\"height\":422,\"caption\":\"\u00c7andar: \u00d6calan silahl\u0131 m\u00fccadelenin art\u0131k gerekmedi\u011fini s\u00f6yl\u00fcyor\"},{\"@type\":\"BreadcrumbList\",\"@id\":\"https:\\\/\\\/darkamazi.site\\\/archives\\\/1032851#breadcrumb\",\"itemListElement\":[{\"@type\":\"ListItem\",\"position\":1,\"name\":\"Home\",\"item\":\"https:\\\/\\\/darkamazi.site\\\/\"},{\"@type\":\"ListItem\",\"position\":2,\"name\":\"\u00c7andar: \u00d6calan silahl\u0131 m\u00fccadelenin art\u0131k gerekmedi\u011fini s\u00f6yl\u00fcyor\"}]},{\"@type\":\"WebSite\",\"@id\":\"https:\\\/\\\/darkamazi.site\\\/#website\",\"url\":\"https:\\\/\\\/darkamazi.site\\\/\",\"name\":\"Darka Mazi\",\"description\":\"Ana Sayfa\",\"publisher\":{\"@id\":\"https:\\\/\\\/darkamazi.site\\\/#organization\"},\"potentialAction\":[{\"@type\":\"SearchAction\",\"target\":{\"@type\":\"EntryPoint\",\"urlTemplate\":\"https:\\\/\\\/darkamazi.site\\\/?s={search_term_string}\"},\"query-input\":{\"@type\":\"PropertyValueSpecification\",\"valueRequired\":true,\"valueName\":\"search_term_string\"}}],\"inLanguage\":\"en-US\"},{\"@type\":\"Organization\",\"@id\":\"https:\\\/\\\/darkamazi.site\\\/#organization\",\"name\":\"Darka Mazi T\u00fcrk\u00e7e\",\"alternateName\":\"Darka Mazi\",\"url\":\"https:\\\/\\\/darkamazi.site\\\/\",\"logo\":{\"@type\":\"ImageObject\",\"inLanguage\":\"en-US\",\"@id\":\"https:\\\/\\\/darkamazi.site\\\/#\\\/schema\\\/logo\\\/image\\\/\",\"url\":\"https:\\\/\\\/darkamazi.site\\\/darka-content\\\/uploads\\\/2017\\\/12\\\/darka-mazi-logo.png\",\"contentUrl\":\"https:\\\/\\\/darkamazi.site\\\/darka-content\\\/uploads\\\/2017\\\/12\\\/darka-mazi-logo.png\",\"width\":151,\"height\":75,\"caption\":\"Darka Mazi T\u00fcrk\u00e7e\"},\"image\":{\"@id\":\"https:\\\/\\\/darkamazi.site\\\/#\\\/schema\\\/logo\\\/image\\\/\"},\"sameAs\":[\"https:\\\/\\\/www.facebook.com\\\/DarkaMaziturkce\",\"https:\\\/\\\/x.com\\\/DarkaMaziTurkce\"]},{\"@type\":\"Person\",\"@id\":\"https:\\\/\\\/darkamazi.site\\\/#\\\/schema\\\/person\\\/67986a95ac546c16760365877ef4a9d3\",\"name\":\"darka mazi\",\"sameAs\":[\"https:\\\/\\\/darkamazi.site\"],\"url\":\"https:\\\/\\\/darkamazi.site\\\/archives\\\/author\\\/turkish\"}]}<\/script>\n<!-- \/ Yoast SEO plugin. -->","seo_head_json":{"title":"\u00c7andar: \u00d6calan silahl\u0131 m\u00fccadelenin art\u0131k gerekmedi\u011fini s\u00f6yl\u00fcyor - Darka Mazi","robots":{"index":"index","follow":"follow","max-snippet":"max-snippet:-1","max-image-preview":"max-image-preview:large","max-video-preview":"max-video-preview:-1"},"canonical":"https:\/\/darkamazi.site\/archives\/1032851","og_locale":"en_US","og_type":"article","og_title":"\u00c7andar: \u00d6calan silahl\u0131 m\u00fccadelenin art\u0131k gerekmedi\u011fini s\u00f6yl\u00fcyor - Darka Mazi","og_description":"DEM Parti Diyarbak\u0131r Milletvekili Cengiz \u00c7andar, 15 \u015eubat&#8217;ta, \u00d6calan&#8217;\u0131n T\u00fcrkiye&#8217;ye getirili\u015finin 25. y\u0131ld\u00f6n\u00fcm\u00fcnde yap\u0131lmas\u0131 beklendi\u011fini ifade edilen \u00e7a\u011fr\u0131n\u0131n \u00e7a\u011fr\u0131n\u0131n Suriye&#8217;deki silahs\u0131zlanmay\u0131 kapsay\u0131p kapsamayaca\u011f\u0131n\u0131n hen\u00fcz net olmad\u0131\u011f\u0131n\u0131 s\u00f6yledi. DEM Parti Diyarbak\u0131r Milletvekili, gazeteci ve yazar Cengiz \u00c7andar, R\u00fbdaw&#8217;a verdi\u011fi r\u00f6portajda T\u00fcrkiye&#8217;deki yeni s\u00fcrece ili\u015fkin de\u011ferlendirmelerde bulundu. R\u00f6portaj \u015f\u00f6yle: Say\u0131n \u00c7andar, T\u00fcrkiye\u2019de yeni bir s\u00fcre\u00e7 konu\u015fuluyor, bu [&hellip;]","og_url":"https:\/\/darkamazi.site\/archives\/1032851","og_site_name":"Darka Mazi","article_publisher":"https:\/\/www.facebook.com\/DarkaMaziturkce","article_published_time":"2025-02-04T07:58:52+00:00","og_image":[{"width":750,"height":422,"url":"https:\/\/darkamazi.site\/file\/2025\/02\/candar.jpg","type":"image\/jpeg"}],"author":"darka mazi","twitter_card":"summary_large_image","twitter_creator":"@DarkaMaziTurkce","twitter_site":"@DarkaMaziTurkce","twitter_misc":{"Written by":"darka mazi","Est. reading time":"7 minutes"},"schema":{"@context":"https:\/\/schema.org","@graph":[{"@type":"NewsArticle","@id":"https:\/\/darkamazi.site\/archives\/1032851#article","isPartOf":{"@id":"https:\/\/darkamazi.site\/archives\/1032851"},"author":{"name":"darka mazi","@id":"https:\/\/darkamazi.site\/#\/schema\/person\/67986a95ac546c16760365877ef4a9d3"},"headline":"\u00c7andar: \u00d6calan silahl\u0131 m\u00fccadelenin art\u0131k gerekmedi\u011fini s\u00f6yl\u00fcyor","datePublished":"2025-02-04T07:58:52+00:00","mainEntityOfPage":{"@id":"https:\/\/darkamazi.site\/archives\/1032851"},"wordCount":2252,"publisher":{"@id":"https:\/\/darkamazi.site\/#organization"},"image":{"@id":"https:\/\/darkamazi.site\/archives\/1032851#primaryimage"},"thumbnailUrl":"https:\/\/darkamazi.site\/file\/2025\/02\/candar.jpg","keywords":["\u00f6nemli"],"articleSection":["Kurdistan"],"inLanguage":"en-US"},{"@type":"WebPage","@id":"https:\/\/darkamazi.site\/archives\/1032851","url":"https:\/\/darkamazi.site\/archives\/1032851","name":"\u00c7andar: \u00d6calan silahl\u0131 m\u00fccadelenin art\u0131k gerekmedi\u011fini s\u00f6yl\u00fcyor - Darka Mazi","isPartOf":{"@id":"https:\/\/darkamazi.site\/#website"},"primaryImageOfPage":{"@id":"https:\/\/darkamazi.site\/archives\/1032851#primaryimage"},"image":{"@id":"https:\/\/darkamazi.site\/archives\/1032851#primaryimage"},"thumbnailUrl":"https:\/\/darkamazi.site\/file\/2025\/02\/candar.jpg","datePublished":"2025-02-04T07:58:52+00:00","breadcrumb":{"@id":"https:\/\/darkamazi.site\/archives\/1032851#breadcrumb"},"inLanguage":"en-US","potentialAction":[{"@type":"ReadAction","target":["https:\/\/darkamazi.site\/archives\/1032851"]}]},{"@type":"ImageObject","inLanguage":"en-US","@id":"https:\/\/darkamazi.site\/archives\/1032851#primaryimage","url":"https:\/\/darkamazi.site\/file\/2025\/02\/candar.jpg","contentUrl":"https:\/\/darkamazi.site\/file\/2025\/02\/candar.jpg","width":750,"height":422,"caption":"\u00c7andar: \u00d6calan silahl\u0131 m\u00fccadelenin art\u0131k gerekmedi\u011fini s\u00f6yl\u00fcyor"},{"@type":"BreadcrumbList","@id":"https:\/\/darkamazi.site\/archives\/1032851#breadcrumb","itemListElement":[{"@type":"ListItem","position":1,"name":"Home","item":"https:\/\/darkamazi.site\/"},{"@type":"ListItem","position":2,"name":"\u00c7andar: \u00d6calan silahl\u0131 m\u00fccadelenin art\u0131k gerekmedi\u011fini s\u00f6yl\u00fcyor"}]},{"@type":"WebSite","@id":"https:\/\/darkamazi.site\/#website","url":"https:\/\/darkamazi.site\/","name":"Darka Mazi","description":"Ana Sayfa","publisher":{"@id":"https:\/\/darkamazi.site\/#organization"},"potentialAction":[{"@type":"SearchAction","target":{"@type":"EntryPoint","urlTemplate":"https:\/\/darkamazi.site\/?s={search_term_string}"},"query-input":{"@type":"PropertyValueSpecification","valueRequired":true,"valueName":"search_term_string"}}],"inLanguage":"en-US"},{"@type":"Organization","@id":"https:\/\/darkamazi.site\/#organization","name":"Darka Mazi T\u00fcrk\u00e7e","alternateName":"Darka Mazi","url":"https:\/\/darkamazi.site\/","logo":{"@type":"ImageObject","inLanguage":"en-US","@id":"https:\/\/darkamazi.site\/#\/schema\/logo\/image\/","url":"https:\/\/darkamazi.site\/file\/2017\/12\/darka-mazi-logo.png","contentUrl":"https:\/\/darkamazi.site\/file\/2017\/12\/darka-mazi-logo.png","width":151,"height":75,"caption":"Darka Mazi T\u00fcrk\u00e7e"},"image":{"@id":"https:\/\/darkamazi.site\/#\/schema\/logo\/image\/"},"sameAs":["https:\/\/www.facebook.com\/DarkaMaziturkce","https:\/\/x.com\/DarkaMaziTurkce"]},{"@type":"Person","@id":"https:\/\/darkamazi.site\/#\/schema\/person\/67986a95ac546c16760365877ef4a9d3","name":"darka mazi","sameAs":["https:\/\/darkamazi.site"],"url":"https:\/\/darkamazi.site\/archives\/author\/turkish"}]}},"_links":{"self":[{"href":"https:\/\/darkamazi.site\/funavuv\/wp\/v2\/posts\/1032851","targetHints":{"allow":["GET"]}}],"collection":[{"href":"https:\/\/darkamazi.site\/funavuv\/wp\/v2\/posts"}],"about":[{"href":"https:\/\/darkamazi.site\/funavuv\/wp\/v2\/types\/post"}],"author":[{"embeddable":true,"href":"https:\/\/darkamazi.site\/funavuv\/wp\/v2\/users\/2"}],"replies":[{"embeddable":true,"href":"https:\/\/darkamazi.site\/funavuv\/wp\/v2\/comments?post=1032851"}],"version-history":[{"count":0,"href":"https:\/\/darkamazi.site\/funavuv\/wp\/v2\/posts\/1032851\/revisions"}],"wp:featuredmedia":[{"embeddable":true,"href":"https:\/\/darkamazi.site\/funavuv\/wp\/v2\/media\/1032852"}],"wp:attachment":[{"href":"https:\/\/darkamazi.site\/funavuv\/wp\/v2\/media?parent=1032851"}],"wp:term":[{"taxonomy":"category","embeddable":true,"href":"https:\/\/darkamazi.site\/funavuv\/wp\/v2\/categories?post=1032851"},{"taxonomy":"post_tag","embeddable":true,"href":"https:\/\/darkamazi.site\/funavuv\/wp\/v2\/tags?post=1032851"}],"curies":[{"name":"wp","href":"https:\/\/api.w.org\/{rel}","templated":true}]}}