{"id":1033064,"date":"2025-02-20T22:28:57","date_gmt":"2025-02-20T19:28:57","guid":{"rendered":"https:\/\/darkamazi.site\/?p=1033064"},"modified":"2025-02-20T22:28:57","modified_gmt":"2025-02-20T19:28:57","slug":"hasan-nasrallahin-cenaze-toreni-icin-bagdatta-resmi-tatil-ilan-edildi","status":"publish","type":"post","link":"https:\/\/darkamazi.site\/archives\/1033064","title":{"rendered":"Hasan Nasrallah&#8217;\u0131n cenaze t\u00f6reni i\u00e7in Ba\u011fdat&#8217;ta resmi tatil ilan edildi"},"content":{"rendered":"<p>Bug\u00fcn, 20.02.2025, Ba\u011fdat Valisi Abdulmuttalib Allavi yaz\u0131l\u0131 bir a\u00e7\u0131klama yaparak 23 \u015eubat Pazartesi g\u00fcn\u00fc tatil ilan edildi\u011fini duyurdu. Resmi tatilin nedeni ise L\u00fcbnan Hizbullah\u0131&#8217;n\u0131n eski Genel Sekreteri Hasan Nasrallah&#8217;\u0131n cenaze t\u00f6reni.\u00a0 Irak y\u00f6netimi t\u00fcm \u00fclkede tatil ilan ederek tepkileri \u00fcst\u00fcne \u00e7ekmek istemedi\u011fi i\u00e7in b\u00f6lge b\u00f6lge tatil ilan ediyor.<\/p>\n<p>Shafaq Haber Ajans\u0131, Ba\u011fdat Vilayet Meclisi&#8217;nin karar\u0131yla \u00f6n\u00fcm\u00fczdeki pazar g\u00fcn\u00fc Ba\u011fdat&#8217;taki valilik mahkemesi ve di\u011fer merkezlerdeki resmi i\u015flemlerin yap\u0131lmayaca\u011f\u0131n\u0131 duyurdu.<\/p>\n<p>A\u00e7\u0131klamaya g\u00f6re resmi tatilin nedeni , Hasan Nasrallah&#8217;\u0131n an\u0131s\u0131na sayg\u0131s\u0131n\u0131 g\u00f6stermek isteyen\u00a0 daha fazla insan\u0131n t\u00f6rene kat\u0131lmas\u0131n\u0131 sa\u011flamak ve seyahati kolayla\u015ft\u0131rmak amac\u0131yla d\u00fczenleniyor.<\/p>\n<p>Hizbullah lideri Nasim Kas\u0131m, 3 \u015eubat&#8217;ta yay\u0131mlad\u0131\u011f\u0131 video mesajda, \u0130srail&#8217;in L\u00fcbnan&#8217;\u0131n g\u00fcneyindeki i\u015fgali ile Hizbullah&#8217;\u0131n \u00f6nceki liderlerinin cenaze t\u00f6renlerine ili\u015fkin a\u00e7\u0131klama yapt\u0131. A\u00e7\u0131klamaya g\u00f6re Nasrallah&#8217;\u0131n cenaze t\u00f6reni 23 \u015eubat g\u00fcn\u00fc yap\u0131lacak.<\/p>\n<p>Kas\u0131m, Hamas&#8217;\u0131n 32 y\u0131l liderli\u011fini y\u00fcr\u00fcten Nasrallah&#8217;\u0131n cenaze t\u00f6reninin 23 \u015eubat&#8217;ta yap\u0131laca\u011f\u0131n\u0131, ayn\u0131 cenaze t\u00f6reninde 4 g\u00fcn sonra yine \u0130srail taraf\u0131ndan \u00f6ld\u00fcr\u00fclen Ha\u015fim Safiyyuddin&#8217;in de Hizbullah Genel Sekreteri s\u0131fat\u0131yla defnedilece\u011fini ifade etmi\u015fti.<\/p>\n<p>&nbsp;<\/p>\n","protected":false},"excerpt":{"rendered":"<p>Bug\u00fcn, 20.02.2025, Ba\u011fdat Valisi Abdulmuttalib Allavi yaz\u0131l\u0131 bir a\u00e7\u0131klama yaparak 23 \u015eubat Pazartesi g\u00fcn\u00fc tatil ilan edildi\u011fini duyurdu. Resmi tatilin nedeni ise L\u00fcbnan Hizbullah\u0131&#8217;n\u0131n eski Genel Sekreteri Hasan Nasrallah&#8217;\u0131n cenaze t\u00f6reni.\u00a0 Irak y\u00f6netimi t\u00fcm \u00fclkede tatil ilan ederek tepkileri \u00fcst\u00fcne \u00e7ekmek istemedi\u011fi i\u00e7in b\u00f6lge b\u00f6lge tatil ilan ediyor. Shafaq Haber Ajans\u0131, Ba\u011fdat Vilayet Meclisi&#8217;nin karar\u0131yla [&hellip;]<\/p>\n","protected":false},"author":2,"featured_media":1033066,"comment_status":"closed","ping_status":"closed","sticky":false,"template":"","format":"standard","meta":{"footnotes":""},"categories":[29],"tags":[],"class_list":["post-1033064","post","type-post","status-publish","format-standard","has-post-thumbnail","hentry","category-ortadogu"],"blocksy_meta":[],"seo_head":"<!-- This site is optimized with the Yoast SEO plugin v27.5 - https:\/\/yoast.com\/product\/yoast-seo-wordpress\/ -->\n<title>Hasan Nasrallah&#039;\u0131n cenaze t\u00f6reni i\u00e7in Ba\u011fdat&#039;ta resmi tatil ilan edildi - Darka Mazi<\/title>\n<meta name=\"robots\" content=\"index, follow, max-snippet:-1, max-image-preview:large, max-video-preview:-1\" \/>\n<link rel=\"canonical\" href=\"https:\/\/darkamazi.site\/archives\/1033064\" \/>\n<meta property=\"og:locale\" content=\"en_US\" \/>\n<meta property=\"og:type\" content=\"article\" \/>\n<meta property=\"og:title\" content=\"Hasan Nasrallah&#039;\u0131n cenaze t\u00f6reni i\u00e7in Ba\u011fdat&#039;ta resmi tatil ilan edildi - Darka Mazi\" \/>\n<meta property=\"og:description\" content=\"Bug\u00fcn, 20.02.2025, Ba\u011fdat Valisi Abdulmuttalib Allavi yaz\u0131l\u0131 bir a\u00e7\u0131klama yaparak 23 \u015eubat Pazartesi g\u00fcn\u00fc tatil ilan edildi\u011fini duyurdu. Resmi tatilin nedeni ise L\u00fcbnan Hizbullah\u0131&#8217;n\u0131n eski Genel Sekreteri Hasan Nasrallah&#8217;\u0131n cenaze t\u00f6reni.\u00a0 Irak y\u00f6netimi t\u00fcm \u00fclkede tatil ilan ederek tepkileri \u00fcst\u00fcne \u00e7ekmek istemedi\u011fi i\u00e7in b\u00f6lge b\u00f6lge tatil ilan ediyor. Shafaq Haber Ajans\u0131, Ba\u011fdat Vilayet Meclisi&#8217;nin karar\u0131yla [&hellip;]\" \/>\n<meta property=\"og:url\" content=\"https:\/\/darkamazi.site\/archives\/1033064\" \/>\n<meta property=\"og:site_name\" content=\"Darka Mazi\" \/>\n<meta property=\"article:publisher\" content=\"https:\/\/www.facebook.com\/DarkaMaziturkce\" \/>\n<meta property=\"article:published_time\" content=\"2025-02-20T19:28:57+00:00\" \/>\n<meta property=\"og:image\" content=\"https:\/\/darkamazi.site\/file\/2025\/02\/Nasrallah.jpg\" \/>\n\t<meta property=\"og:image:width\" content=\"710\" \/>\n\t<meta property=\"og:image:height\" content=\"399\" \/>\n\t<meta property=\"og:image:type\" content=\"image\/jpeg\" \/>\n<meta name=\"author\" content=\"darka mazi\" \/>\n<meta name=\"twitter:card\" content=\"summary_large_image\" \/>\n<meta name=\"twitter:creator\" content=\"@DarkaMaziTurkce\" \/>\n<meta name=\"twitter:site\" content=\"@DarkaMaziTurkce\" \/>\n<meta name=\"twitter:label1\" content=\"Written by\" \/>\n\t<meta name=\"twitter:data1\" content=\"darka mazi\" \/>\n\t<meta name=\"twitter:label2\" content=\"Est. reading time\" \/>\n\t<meta name=\"twitter:data2\" content=\"1 minute\" \/>\n<script type=\"application\/ld+json\" class=\"seo-schema-graph\">{\"@context\":\"https:\\\/\\\/schema.org\",\"@graph\":[{\"@type\":\"NewsArticle\",\"@id\":\"https:\\\/\\\/darkamazi.site\\\/archives\\\/1033064#article\",\"isPartOf\":{\"@id\":\"https:\\\/\\\/darkamazi.site\\\/archives\\\/1033064\"},\"author\":{\"name\":\"darka mazi\",\"@id\":\"https:\\\/\\\/darkamazi.site\\\/#\\\/schema\\\/person\\\/67986a95ac546c16760365877ef4a9d3\"},\"headline\":\"Hasan Nasrallah&#8217;\u0131n cenaze t\u00f6reni i\u00e7in Ba\u011fdat&#8217;ta resmi tatil ilan edildi\",\"datePublished\":\"2025-02-20T19:28:57+00:00\",\"mainEntityOfPage\":{\"@id\":\"https:\\\/\\\/darkamazi.site\\\/archives\\\/1033064\"},\"wordCount\":249,\"publisher\":{\"@id\":\"https:\\\/\\\/darkamazi.site\\\/#organization\"},\"image\":{\"@id\":\"https:\\\/\\\/darkamazi.site\\\/archives\\\/1033064#primaryimage\"},\"thumbnailUrl\":\"https:\\\/\\\/darkamazi.site\\\/darka-content\\\/uploads\\\/2025\\\/02\\\/Nasrallah.jpg\",\"articleSection\":[\"Ortado\u011fu\"],\"inLanguage\":\"en-US\"},{\"@type\":\"WebPage\",\"@id\":\"https:\\\/\\\/darkamazi.site\\\/archives\\\/1033064\",\"url\":\"https:\\\/\\\/darkamazi.site\\\/archives\\\/1033064\",\"name\":\"Hasan Nasrallah'\u0131n cenaze t\u00f6reni i\u00e7in Ba\u011fdat'ta resmi tatil ilan edildi - Darka Mazi\",\"isPartOf\":{\"@id\":\"https:\\\/\\\/darkamazi.site\\\/#website\"},\"primaryImageOfPage\":{\"@id\":\"https:\\\/\\\/darkamazi.site\\\/archives\\\/1033064#primaryimage\"},\"image\":{\"@id\":\"https:\\\/\\\/darkamazi.site\\\/archives\\\/1033064#primaryimage\"},\"thumbnailUrl\":\"https:\\\/\\\/darkamazi.site\\\/darka-content\\\/uploads\\\/2025\\\/02\\\/Nasrallah.jpg\",\"datePublished\":\"2025-02-20T19:28:57+00:00\",\"breadcrumb\":{\"@id\":\"https:\\\/\\\/darkamazi.site\\\/archives\\\/1033064#breadcrumb\"},\"inLanguage\":\"en-US\",\"potentialAction\":[{\"@type\":\"ReadAction\",\"target\":[\"https:\\\/\\\/darkamazi.site\\\/archives\\\/1033064\"]}]},{\"@type\":\"ImageObject\",\"inLanguage\":\"en-US\",\"@id\":\"https:\\\/\\\/darkamazi.site\\\/archives\\\/1033064#primaryimage\",\"url\":\"https:\\\/\\\/darkamazi.site\\\/darka-content\\\/uploads\\\/2025\\\/02\\\/Nasrallah.jpg\",\"contentUrl\":\"https:\\\/\\\/darkamazi.site\\\/darka-content\\\/uploads\\\/2025\\\/02\\\/Nasrallah.jpg\",\"width\":710,\"height\":399,\"caption\":\"Hasan Nasrallah'\u0131n cenaze t\u00f6reni i\u00e7in Ba\u011fdat'ta resmi tatil ilan edildi\"},{\"@type\":\"BreadcrumbList\",\"@id\":\"https:\\\/\\\/darkamazi.site\\\/archives\\\/1033064#breadcrumb\",\"itemListElement\":[{\"@type\":\"ListItem\",\"position\":1,\"name\":\"Home\",\"item\":\"https:\\\/\\\/darkamazi.site\\\/\"},{\"@type\":\"ListItem\",\"position\":2,\"name\":\"Hasan Nasrallah&#8217;\u0131n cenaze t\u00f6reni i\u00e7in Ba\u011fdat&#8217;ta resmi tatil ilan edildi\"}]},{\"@type\":\"WebSite\",\"@id\":\"https:\\\/\\\/darkamazi.site\\\/#website\",\"url\":\"https:\\\/\\\/darkamazi.site\\\/\",\"name\":\"Darka Mazi\",\"description\":\"Ana Sayfa\",\"publisher\":{\"@id\":\"https:\\\/\\\/darkamazi.site\\\/#organization\"},\"potentialAction\":[{\"@type\":\"SearchAction\",\"target\":{\"@type\":\"EntryPoint\",\"urlTemplate\":\"https:\\\/\\\/darkamazi.site\\\/?s={search_term_string}\"},\"query-input\":{\"@type\":\"PropertyValueSpecification\",\"valueRequired\":true,\"valueName\":\"search_term_string\"}}],\"inLanguage\":\"en-US\"},{\"@type\":\"Organization\",\"@id\":\"https:\\\/\\\/darkamazi.site\\\/#organization\",\"name\":\"Darka Mazi T\u00fcrk\u00e7e\",\"alternateName\":\"Darka Mazi\",\"url\":\"https:\\\/\\\/darkamazi.site\\\/\",\"logo\":{\"@type\":\"ImageObject\",\"inLanguage\":\"en-US\",\"@id\":\"https:\\\/\\\/darkamazi.site\\\/#\\\/schema\\\/logo\\\/image\\\/\",\"url\":\"https:\\\/\\\/darkamazi.site\\\/darka-content\\\/uploads\\\/2017\\\/12\\\/darka-mazi-logo.png\",\"contentUrl\":\"https:\\\/\\\/darkamazi.site\\\/darka-content\\\/uploads\\\/2017\\\/12\\\/darka-mazi-logo.png\",\"width\":151,\"height\":75,\"caption\":\"Darka Mazi T\u00fcrk\u00e7e\"},\"image\":{\"@id\":\"https:\\\/\\\/darkamazi.site\\\/#\\\/schema\\\/logo\\\/image\\\/\"},\"sameAs\":[\"https:\\\/\\\/www.facebook.com\\\/DarkaMaziturkce\",\"https:\\\/\\\/x.com\\\/DarkaMaziTurkce\"]},{\"@type\":\"Person\",\"@id\":\"https:\\\/\\\/darkamazi.site\\\/#\\\/schema\\\/person\\\/67986a95ac546c16760365877ef4a9d3\",\"name\":\"darka mazi\",\"sameAs\":[\"https:\\\/\\\/darkamazi.site\"],\"url\":\"https:\\\/\\\/darkamazi.site\\\/archives\\\/author\\\/turkish\"}]}<\/script>\n<!-- \/ Yoast SEO plugin. -->","seo_head_json":{"title":"Hasan Nasrallah'\u0131n cenaze t\u00f6reni i\u00e7in Ba\u011fdat'ta resmi tatil ilan edildi - Darka Mazi","robots":{"index":"index","follow":"follow","max-snippet":"max-snippet:-1","max-image-preview":"max-image-preview:large","max-video-preview":"max-video-preview:-1"},"canonical":"https:\/\/darkamazi.site\/archives\/1033064","og_locale":"en_US","og_type":"article","og_title":"Hasan Nasrallah'\u0131n cenaze t\u00f6reni i\u00e7in Ba\u011fdat'ta resmi tatil ilan edildi - Darka Mazi","og_description":"Bug\u00fcn, 20.02.2025, Ba\u011fdat Valisi Abdulmuttalib Allavi yaz\u0131l\u0131 bir a\u00e7\u0131klama yaparak 23 \u015eubat Pazartesi g\u00fcn\u00fc tatil ilan edildi\u011fini duyurdu. Resmi tatilin nedeni ise L\u00fcbnan Hizbullah\u0131&#8217;n\u0131n eski Genel Sekreteri Hasan Nasrallah&#8217;\u0131n cenaze t\u00f6reni.\u00a0 Irak y\u00f6netimi t\u00fcm \u00fclkede tatil ilan ederek tepkileri \u00fcst\u00fcne \u00e7ekmek istemedi\u011fi i\u00e7in b\u00f6lge b\u00f6lge tatil ilan ediyor. Shafaq Haber Ajans\u0131, Ba\u011fdat Vilayet Meclisi&#8217;nin karar\u0131yla [&hellip;]","og_url":"https:\/\/darkamazi.site\/archives\/1033064","og_site_name":"Darka Mazi","article_publisher":"https:\/\/www.facebook.com\/DarkaMaziturkce","article_published_time":"2025-02-20T19:28:57+00:00","og_image":[{"width":710,"height":399,"url":"https:\/\/darkamazi.site\/file\/2025\/02\/Nasrallah.jpg","type":"image\/jpeg"}],"author":"darka mazi","twitter_card":"summary_large_image","twitter_creator":"@DarkaMaziTurkce","twitter_site":"@DarkaMaziTurkce","twitter_misc":{"Written by":"darka mazi","Est. reading time":"1 minute"},"schema":{"@context":"https:\/\/schema.org","@graph":[{"@type":"NewsArticle","@id":"https:\/\/darkamazi.site\/archives\/1033064#article","isPartOf":{"@id":"https:\/\/darkamazi.site\/archives\/1033064"},"author":{"name":"darka mazi","@id":"https:\/\/darkamazi.site\/#\/schema\/person\/67986a95ac546c16760365877ef4a9d3"},"headline":"Hasan Nasrallah&#8217;\u0131n cenaze t\u00f6reni i\u00e7in Ba\u011fdat&#8217;ta resmi tatil ilan edildi","datePublished":"2025-02-20T19:28:57+00:00","mainEntityOfPage":{"@id":"https:\/\/darkamazi.site\/archives\/1033064"},"wordCount":249,"publisher":{"@id":"https:\/\/darkamazi.site\/#organization"},"image":{"@id":"https:\/\/darkamazi.site\/archives\/1033064#primaryimage"},"thumbnailUrl":"https:\/\/darkamazi.site\/file\/2025\/02\/Nasrallah.jpg","articleSection":["Ortado\u011fu"],"inLanguage":"en-US"},{"@type":"WebPage","@id":"https:\/\/darkamazi.site\/archives\/1033064","url":"https:\/\/darkamazi.site\/archives\/1033064","name":"Hasan Nasrallah'\u0131n cenaze t\u00f6reni i\u00e7in Ba\u011fdat'ta resmi tatil ilan edildi - Darka Mazi","isPartOf":{"@id":"https:\/\/darkamazi.site\/#website"},"primaryImageOfPage":{"@id":"https:\/\/darkamazi.site\/archives\/1033064#primaryimage"},"image":{"@id":"https:\/\/darkamazi.site\/archives\/1033064#primaryimage"},"thumbnailUrl":"https:\/\/darkamazi.site\/file\/2025\/02\/Nasrallah.jpg","datePublished":"2025-02-20T19:28:57+00:00","breadcrumb":{"@id":"https:\/\/darkamazi.site\/archives\/1033064#breadcrumb"},"inLanguage":"en-US","potentialAction":[{"@type":"ReadAction","target":["https:\/\/darkamazi.site\/archives\/1033064"]}]},{"@type":"ImageObject","inLanguage":"en-US","@id":"https:\/\/darkamazi.site\/archives\/1033064#primaryimage","url":"https:\/\/darkamazi.site\/file\/2025\/02\/Nasrallah.jpg","contentUrl":"https:\/\/darkamazi.site\/file\/2025\/02\/Nasrallah.jpg","width":710,"height":399,"caption":"Hasan Nasrallah'\u0131n cenaze t\u00f6reni i\u00e7in Ba\u011fdat'ta resmi tatil ilan edildi"},{"@type":"BreadcrumbList","@id":"https:\/\/darkamazi.site\/archives\/1033064#breadcrumb","itemListElement":[{"@type":"ListItem","position":1,"name":"Home","item":"https:\/\/darkamazi.site\/"},{"@type":"ListItem","position":2,"name":"Hasan Nasrallah&#8217;\u0131n cenaze t\u00f6reni i\u00e7in Ba\u011fdat&#8217;ta resmi tatil ilan edildi"}]},{"@type":"WebSite","@id":"https:\/\/darkamazi.site\/#website","url":"https:\/\/darkamazi.site\/","name":"Darka Mazi","description":"Ana Sayfa","publisher":{"@id":"https:\/\/darkamazi.site\/#organization"},"potentialAction":[{"@type":"SearchAction","target":{"@type":"EntryPoint","urlTemplate":"https:\/\/darkamazi.site\/?s={search_term_string}"},"query-input":{"@type":"PropertyValueSpecification","valueRequired":true,"valueName":"search_term_string"}}],"inLanguage":"en-US"},{"@type":"Organization","@id":"https:\/\/darkamazi.site\/#organization","name":"Darka Mazi T\u00fcrk\u00e7e","alternateName":"Darka Mazi","url":"https:\/\/darkamazi.site\/","logo":{"@type":"ImageObject","inLanguage":"en-US","@id":"https:\/\/darkamazi.site\/#\/schema\/logo\/image\/","url":"https:\/\/darkamazi.site\/file\/2017\/12\/darka-mazi-logo.png","contentUrl":"https:\/\/darkamazi.site\/file\/2017\/12\/darka-mazi-logo.png","width":151,"height":75,"caption":"Darka Mazi T\u00fcrk\u00e7e"},"image":{"@id":"https:\/\/darkamazi.site\/#\/schema\/logo\/image\/"},"sameAs":["https:\/\/www.facebook.com\/DarkaMaziturkce","https:\/\/x.com\/DarkaMaziTurkce"]},{"@type":"Person","@id":"https:\/\/darkamazi.site\/#\/schema\/person\/67986a95ac546c16760365877ef4a9d3","name":"darka mazi","sameAs":["https:\/\/darkamazi.site"],"url":"https:\/\/darkamazi.site\/archives\/author\/turkish"}]}},"_links":{"self":[{"href":"https:\/\/darkamazi.site\/funavuv\/wp\/v2\/posts\/1033064","targetHints":{"allow":["GET"]}}],"collection":[{"href":"https:\/\/darkamazi.site\/funavuv\/wp\/v2\/posts"}],"about":[{"href":"https:\/\/darkamazi.site\/funavuv\/wp\/v2\/types\/post"}],"author":[{"embeddable":true,"href":"https:\/\/darkamazi.site\/funavuv\/wp\/v2\/users\/2"}],"replies":[{"embeddable":true,"href":"https:\/\/darkamazi.site\/funavuv\/wp\/v2\/comments?post=1033064"}],"version-history":[{"count":0,"href":"https:\/\/darkamazi.site\/funavuv\/wp\/v2\/posts\/1033064\/revisions"}],"wp:featuredmedia":[{"embeddable":true,"href":"https:\/\/darkamazi.site\/funavuv\/wp\/v2\/media\/1033066"}],"wp:attachment":[{"href":"https:\/\/darkamazi.site\/funavuv\/wp\/v2\/media?parent=1033064"}],"wp:term":[{"taxonomy":"category","embeddable":true,"href":"https:\/\/darkamazi.site\/funavuv\/wp\/v2\/categories?post=1033064"},{"taxonomy":"post_tag","embeddable":true,"href":"https:\/\/darkamazi.site\/funavuv\/wp\/v2\/tags?post=1033064"}],"curies":[{"name":"wp","href":"https:\/\/api.w.org\/{rel}","templated":true}]}}