{"id":1033355,"date":"2025-03-16T02:16:02","date_gmt":"2025-03-15T23:16:02","guid":{"rendered":"https:\/\/darkamazi.site\/?p=1033355"},"modified":"2025-03-16T02:32:43","modified_gmt":"2025-03-15T23:32:43","slug":"ordu-genclik-elele-turk-milli-cepheye","status":"publish","type":"post","link":"https:\/\/darkamazi.site\/archives\/1033355","title":{"rendered":"Ordu Gen\u00e7lik Elele, T\u00fcrk Milli Cepheye"},"content":{"rendered":"<p style=\"text-align: justify\">Bir grup DEM Partilinin \u0130marl\u0131ya gidip \u201eyeni paradigma\u201cnin yol ve ama\u00e7 haritas\u0131n\u0131 getirdikten sonra, \u00a0<strong><em>Apo-PKK paradigmas\u0131<\/em><\/strong>\u2018n\u0131n m\u00fcritleri, siyaset\u00e7i, yazar, sanat\u00e7\u0131, rant\u00e7\u0131 bir a\u011f\u0131zdan methiyeler dizmeye ba\u015flad\u0131lar. Bu paradigman\u0131n i\u00e7eri\u011finde ne oldu\u011fu yerine ne istediklerini ve ne anlad\u0131klar\u0131n\u0131 Kurdlere anlatmaya ba\u015flad\u0131lar. Kimisi \u015feyhini \u201c<strong><em>25 y\u0131ll\u0131k tecrit alt\u0131nda<\/em><\/strong> <strong><em>m\u00fcthi\u015f direnen<\/em><\/strong>\u201ckimi, kanat tak\u0131p g\u00f6\u011fe <strong>\u201cu\u00e7uran\u201c, <\/strong>kimisi, \u201c<strong><em>global d\u00fcnyan\u0131n yeni lideri ve a\u00e7\u0131l\u0131m\u0131\u201c<\/em><\/strong> diye kafay\u0131 s\u0131y\u0131ranlar oldu ve olmaya da devam ediyor. Ama hi\u00e7birinin akl\u0131na -bu i\u015fin arkas\u0131nda T\u00fcrk devleti var- diye ak\u0131l etmedi, \u00e7\u00fcnk\u00fc sihir bozulurdu o zaman.<\/p>\n<p style=\"text-align: justify\">Oysa her \u015fey \u00e7ok net ve Kurdler i\u00e7in sisli-puslu bir hava yaratarak, K\u00fcrdleri u\u00e7uruma do\u011fru g\u00f6t\u00fcrmenin sihirbazl\u0131\u011f\u0131na b\u00fcr\u00fcnm\u00fc\u015flerdi hep birlikte. \u201c<strong><em>Yeni Paradigma\u201c<\/em><\/strong>nin sahib(ler)i T\u00fcrk derin devlet kozmik oda \u00fcr\u00fcn\u00fcyd\u00fcler ve yine bu odan\u0131n \u00e7\u00f6mezleri ile <em>\u201eyeni paradigma\u201c<\/em> a\u00e7\u0131l\u0131yordu. Devlet Bah\u00e7eli \u00e7a\u011fr\u0131y\u0131 yap\u0131yordu ve \u00e7a\u011fr\u0131ya kat\u0131lanlar \u00e7o\u011falarak, ad\u0131m ad\u0131m destek\u00e7ileri kalabal\u0131kla\u015f\u0131yordu. G\u00f6z\u00fc ya\u015fl\u0131 gariban K\u00fcrd anas\u0131n\u0131n eline de pankartlar tutturarak, y\u00fcr\u00fcy\u00fc\u015f kortejleri, \u201c<strong><em>Yeni Paradigma\u201c<\/em><\/strong>yi anlatmak i\u00e7in konferanslar haz\u0131rlam\u0131yordu.<\/p>\n<p style=\"text-align: justify\">A\u00e7\u0131l\u0131m\u0131 Yapan Devlet Bah\u00e7eli, Edirne Cezaevinde kuzu kuzu yatan <strong>Salattin Demirta\u015f\u2019\u0131<\/strong> da telefonla arayarak;\u201d Apo<em>-PKK padigmas\u0131n\u0131n de\u011fi\u015fti\u011fini, yeni paradigman\u0131n olu\u015fturuldu\u011funu, kat\u0131l\u0131p destek vermesi gerekti\u011fi\u201cnin <\/em>emrini verdi.<\/p>\n<p style=\"text-align: justify\">Salahattin Demirta\u015f\u2019ta 13 Mart 2025 tarihinde \u201eT24 sitesine \u201e<strong><em>Yeni paradigma; T\u00fcrkiye Cumhuriyeti Devleti K\u00fcrtlerin de devletidir<\/em><\/strong>\u201c ba\u015fl\u0131\u011f\u0131 ile bir destek makalesi yay\u0131nlad\u0131. Kurdlere kurulan tezg\u00e2h\u0131n, oynanan oyunun, i\u015fbirlik\u00e7ili\u011fin ve ihanete d\u00f6n\u00fc\u015fen olgunun anla\u015f\u0131lmas\u0131 a\u00e7\u0131s\u0131ndan irdelenmeye de\u011fer.<\/p>\n<p style=\"text-align: justify\"><strong>Salahattin Demirta\u015f i\u015fbirlik\u00e7ili\u011fe \u015fu s\u00f6zlerle i\u015ftirak ediyordu:<\/strong><\/p>\n<p style=\"text-align: justify\"><strong><em>\u201eT\u00fcrkiye Cumhuriyeti Devleti hepimizin devletidir, nokta. Bu anlamda Cumhuriyeti demokratikle\u015ftirme g\u00f6revi de hepimizindir, nokta. \u201c<\/em><\/strong><\/p>\n<p style=\"text-align: justify\">T\u00fcrkler, s\u00f6m\u00fcrgeci, ink\u00e2rc\u0131, katil, jenosid\u00e7i ve i\u015fgalci bir devlete sahipler. Bu devlet hi\u00e7bir zaman K\u00fcrdlerin de devleti olmad\u0131. Ad\u0131 \u00fcst\u00fcnde T\u00fcrk Devleti\u2019dir!<\/p>\n<p style=\"text-align: justify\">T\u00fcrk devletin b\u00fcnyesinde kalan (Kurdler d\u0131\u015f\u0131nda) di\u011fer uluslar ya yok edildi ya g\u00f6\u00e7e zorland\u0131 ya da dinlerini de\u011fi\u015ftirip, zorla asimile edilerek T\u00fcrkle\u015ftirildiler.<\/p>\n<p style=\"text-align: justify\">Bu zulme ve zorbal\u0131\u011fa kar\u015f\u0131 s\u00fcrekli ba\u015fkald\u0131r\u0131 halinde, K\u00fcrdler kald\u0131. K\u00fcrdler ulus olarak, tarihin hi\u00e7bir d\u00f6neminde T\u00fcrk egemenli\u011fini kabul etmediler. S\u00fcrekli bir \u00e7at\u0131\u015fma, s\u00fcrekli ba\u015fkald\u0131r\u0131larla bug\u00fcne geldiler. \u00c7\u00fcnk\u00fc K\u00fcrdler bir milletti ve g\u00fc\u00e7l\u00fc dil, k\u00fclt\u00fcr, tarih ve di\u011fer milli de\u011ferleriyle kendi topraklar\u0131 Kurdistan\u2019da ya\u015f\u0131yorlard\u0131. Tarih boyunca sald\u0131r\u0131lara maruz kalm\u0131\u015f, ama katliamlara, ya\u011fmaya ve talana pabu\u00e7 b\u0131rakmam\u0131\u015ft\u0131.<\/p>\n<p style=\"text-align: justify\">Tarih boyunca direnen bu soylu milleti tezg\u00e2ha getirmek i\u00e7in, hep bu milletin i\u00e7inden i\u015fbirlik\u00e7iler \u00f6rg\u00fctlenerek kullan\u0131ld\u0131. Apo-PKK paradigmas\u0131 40 y\u0131l boyunca K\u00fcrd gen\u00e7lerin kan\u0131 ile, K\u00fcrdlerin mali ile yaratt\u0131\u011f\u0131 bir kitle deste\u011fi olu\u015ftu. \u015eimdi paradigma de\u011fi\u015fiyor. Yeni bir paradigma olu\u015fuyor ve bu kitle, bu paradigma i\u00e7in kullan\u0131lacak. Devlet akl\u0131 b\u00f6yle emretmi\u015f.<\/p>\n<p style=\"text-align: justify\">Bu yeni bir tezgaht\u0131r ve bu yeni tezgah\u0131n g\u00f6n\u00fcll\u00fc g\u00f6revlilerinden biri de Salahattin Demirta\u015f\u2019t\u0131r.<\/p>\n<p style=\"text-align: justify\"><strong>Sahneye \u00e7\u0131karak<em>; <\/em><\/strong><\/p>\n<p style=\"text-align: justify\"><em>&#8220;K\u00fcrd-T\u00fcrk ayn\u0131 anda kazanaca\u011f\u0131z, birlikte daha g\u00fc\u00e7l\u00fc olaca\u011f\u0131z. Belki \u201ctek millet\u201d de\u011fil ama \u201cbir millet olaca\u011f\u0131z<\/em>. \u201cDiyerek koroya i\u015ftirak dilek\u00e7esini verdi. Dilek\u00e7esinin kapsam\u0131 sadece Kuzey Kurdistan Kurdlerini kapsam\u0131yor, bir de;<\/p>\n<p style=\"text-align: justify\"><em>&#8220;T\u00fcrk-K\u00fcrt ittifak\u0131 \u015fekillenip geli\u015fecek ve bu yeni durum Suriye-Irak-\u0130ran K\u00fcrtlerini de olumlu etkileyecek. Art\u0131k hi\u00e7bir K\u00fcrt, bulundu\u011fu devletin de T\u00fcrkiye\u2019nin de kar\u015f\u0131t\u0131, d\u00fc\u015fman\u0131, tehdidi olmayacak. T\u00fcrkiye gibi b\u00fcy\u00fck, g\u00fc\u00e7l\u00fc bir devlet de esas\u0131nda b\u00fct\u00fcn K\u00fcrtlerin devleti olacak.&#8221; <\/em>Ne g\u00fczel de\u011fil mi? kuzu kuzu T\u00fcrk cephesine Kurdleri de kat\u0131yorlar!<\/p>\n<p style=\"text-align: justify\">Abdullah \u00d6calan, y\u0131llar \u00f6nce T\u00fcrkiye\u2019ye gelirken, u\u00e7akta mahmur g\u00f6zlerle <strong><em>\u201edevletim bana bir g\u00f6rev verirse, ben hizmete haz\u0131r\u0131m\u201c<\/em><\/strong> dedi\u011finde, \u015feyhin m\u00fcridleri \u00a0<em>\u201er\u00eaberimize, serokumuza ila\u00e7 vermi\u015fler\u201c<\/em> diye durumu hayra yorumlam\u0131\u015flard\u0131! Biz de\u015fifre etmeye \u00e7al\u0131\u015ft\u0131\u011f\u0131m\u0131zda da \u201c<strong><em>hainler\u201c <\/em><\/strong>diye damgalanmi\u015ftik.<\/p>\n<p style=\"text-align: justify\">Hani do\u011fruyu g\u00f6rme yerine, s\u00f6yledikleri yalan\u0131 b\u00fcy\u00fcterek inanmak m\u00fcritleri i\u00e7in daha kolay bir yol ya, i\u015fte kad\u0131nl\u0131 erkekli kalabal\u0131klar 25 y\u0131l boyunca bu yolu se\u00e7tiler. 25 y\u0131lda Ka\u00e7 K\u00fcrd k\u00f6y\u00fc yak\u0131ld\u0131 bo\u015falt\u0131ld\u0131, ka\u00e7 Kurd gencini yitirdik, ka\u00e7 milyon Kurd g\u00f6\u00e7 etti, ka\u00e7 K\u00fcrd \u00f6mr\u00fcn\u00fc zindanlarda ge\u00e7irdi. Ka\u00e7 k\u00f6rpe Kurd k\u0131z\u0131, gelini sokaklara d\u00fc\u015ft\u00fc, ka\u00e7 Kurd \u00e7ocu\u011fu sokaklarda sahipsiz uyu\u015fturucu tacirlerin eline d\u00fc\u015ft\u00fc bilinmez!<\/p>\n<p style=\"text-align: justify\">Bak hele bak\u0131n; bir karde\u015fi da\u011fda, bir tanesi Avrupa\u2019da, kendisi Edirne kamp\u0131nda S. Demirta\u015f\u2019\u0131n s\u00f6ylediklerine:<\/p>\n<p style=\"text-align: justify\"><em>&#8220;\u00d6calan kesin ve kararl\u0131 bir tav\u0131rla PKK\u2019ye kendini feshetme \u00e7a\u011fr\u0131s\u0131 yapmaktan \u00e7ekinmedi. \u00c7\u00fcnk\u00fc insan kendi devletine silah s\u0131kmaz, s\u0131kmamal\u0131. \u201c<\/em><\/p>\n<ol>\n<li>Demirta\u015f, madem bu devlet senin devletindi, senin karde\u015fin niye silahl\u0131 \u00f6rg\u00fct\u00fcn komutan\u0131? Yoksa o, oraya Kurd \u00e7ocuklar\u0131n\u0131 k\u0131r\u0131ma u\u011fratmak i\u00e7in g\u00f6revli m\u0131 g\u00f6nderildi? O da\u011flarda, a\u00e7, susuz, yaman so\u011fuk-kar ve zorlu do\u011fa ile kar\u015f\u0131 kar\u015f\u0131ya imhaya mahkum edilen Kurd \u00e7ocuklar\u0131n\u0131 ben mi da\u011fa g\u00f6nderdim. \u201e<strong><em>insan kendi devletine silah s\u0131kmaz, s\u0131kmamal\u0131<\/em><\/strong><em>. \u201c <\/em>Diyorsun!<\/li>\n<\/ol>\n<p style=\"text-align: justify\">Samimi bir \u015fekilde cevap ver, eline silah verip, da\u011fa \u00f6l\u00fcme g\u00f6nderdi\u011fin ka\u00e7 Kurd \u00e7ocu\u011fu oldu? Sokak sokak arkandan gezdirdi\u011finiz o g\u00f6z\u00fc ya\u015fl\u0131 \u201c<strong><em>\u015fehid anneleri\u201c<\/em><\/strong>neyin nesi? Onlar sokakta tazyikli sulara, T\u00fcrk polis copuna maruz kal\u0131rken, o ac\u0131 dolu g\u00f6zlerle y\u00fcz y\u00fcze gelirken utanmad\u0131n m\u0131?<\/p>\n<p style=\"text-align: justify\"><strong><em>&#8220;T\u00fcrkiye Cumhuriyeti Devleti, K\u00fcrtlerin de devletidir&#8221;<\/em><\/strong> derken, T\u00fcrk polisi \u00e7izmesi alt\u0131nda sana bakan o g\u00f6zler vicdan\u0131na seslenmedi mi?<\/p>\n<p style=\"text-align: justify\"><strong><em>Salahattin Demirta\u015f; \u201eOrdu millet el ele, T\u00fcrk milli cepheye\u201c<\/em><\/strong>tasla\u011f\u0131n\u0131 haz\u0131rlam\u0131\u015f ve bu tasla\u011f\u0131n sahiplerini say\u0131yor:<\/p>\n<p style=\"text-align: justify\">\u0130\u015fte \u00d6calan ve Bah\u00e7eli, bu cesareti ortaya koyarken b\u00fcy\u00fck risk almaktan da \u00e7ekinmiyorlar. Cumhurba\u015fkan\u0131 Erdo\u011fan da bu iradenin arkas\u0131nda durarak risk al\u0131yor ve \u00e7\u00f6z\u00fcme \u00f6nc\u00fcl\u00fck etmekten geri durmuyor. Ayn\u0131 \u015fekilde, Cumhuriyetin kurucu partisi CHP\u2019nin Genel Ba\u015fkan\u0131 \u00d6zel de t\u00fcm \u015ferhleriyle birlikte \u00e7\u00f6z\u00fcm\u00fcn par\u00e7as\u0131 olmaktan \u00e7ekinmiyor.\u201c<\/p>\n<p style=\"text-align: justify\">T\u00fcrkle\u015fmek i\u00e7in cesaret mi gerekiyor S. Demirta\u015f? Do\u011frusu ben bunu bilmiyordum. Demek ki sen de bu sayd\u0131klar\u0131n gibi <em>\u201e<strong>\u00e7ok y\u00fcce cesarete\u201c<\/strong><\/em> sahipsin \u00f6yle mi?<\/p>\n<p style=\"text-align: justify\">Oysa teslimiyet ve i\u015fbirlik\u00e7ilik yolunu se\u00e7enler, milletine ihanet edenler, cephede \u00f6l\u00fclerini bile toplamadan ka\u00e7anlar, korkakt\u0131rlar. Bunu da ben size s\u00f6yleyeyim.<\/p>\n","protected":false},"excerpt":{"rendered":"<p>Bir grup DEM Partilinin \u0130marl\u0131ya gidip \u201eyeni paradigma\u201cnin yol ve ama\u00e7 haritas\u0131n\u0131 getirdikten sonra, \u00a0Apo-PKK paradigmas\u0131\u2018n\u0131n m\u00fcritleri, siyaset\u00e7i, yazar, sanat\u00e7\u0131, rant\u00e7\u0131 bir a\u011f\u0131zdan methiyeler dizmeye ba\u015flad\u0131lar. Bu paradigman\u0131n i\u00e7eri\u011finde ne oldu\u011fu yerine ne istediklerini ve ne anlad\u0131klar\u0131n\u0131 Kurdlere anlatmaya ba\u015flad\u0131lar. Kimisi \u015feyhini \u201c25 y\u0131ll\u0131k tecrit alt\u0131nda m\u00fcthi\u015f direnen\u201ckimi, kanat tak\u0131p g\u00f6\u011fe \u201cu\u00e7uran\u201c, kimisi, \u201cglobal d\u00fcnyan\u0131n [&hellip;]<\/p>\n","protected":false},"author":2,"featured_media":1033356,"comment_status":"closed","ping_status":"closed","sticky":false,"template":"","format":"standard","meta":{"footnotes":""},"categories":[26],"tags":[31],"class_list":["post-1033355","post","type-post","status-publish","format-standard","has-post-thumbnail","hentry","category-forum","tag-onemli"],"blocksy_meta":[],"seo_head":"<!-- This site is optimized with the Yoast SEO plugin v27.5 - https:\/\/yoast.com\/product\/yoast-seo-wordpress\/ -->\n<title>Ordu Gen\u00e7lik Elele, T\u00fcrk Milli Cepheye - Darka Mazi<\/title>\n<meta name=\"robots\" content=\"index, follow, max-snippet:-1, max-image-preview:large, max-video-preview:-1\" \/>\n<link rel=\"canonical\" href=\"https:\/\/darkamazi.site\/archives\/1033355\" \/>\n<meta property=\"og:locale\" content=\"en_US\" \/>\n<meta property=\"og:type\" content=\"article\" \/>\n<meta property=\"og:title\" content=\"Ordu Gen\u00e7lik Elele, T\u00fcrk Milli Cepheye - Darka Mazi\" \/>\n<meta property=\"og:description\" content=\"Bir grup DEM Partilinin \u0130marl\u0131ya gidip \u201eyeni paradigma\u201cnin yol ve ama\u00e7 haritas\u0131n\u0131 getirdikten sonra, \u00a0Apo-PKK paradigmas\u0131\u2018n\u0131n m\u00fcritleri, siyaset\u00e7i, yazar, sanat\u00e7\u0131, rant\u00e7\u0131 bir a\u011f\u0131zdan methiyeler dizmeye ba\u015flad\u0131lar. Bu paradigman\u0131n i\u00e7eri\u011finde ne oldu\u011fu yerine ne istediklerini ve ne anlad\u0131klar\u0131n\u0131 Kurdlere anlatmaya ba\u015flad\u0131lar. Kimisi \u015feyhini \u201c25 y\u0131ll\u0131k tecrit alt\u0131nda m\u00fcthi\u015f direnen\u201ckimi, kanat tak\u0131p g\u00f6\u011fe \u201cu\u00e7uran\u201c, kimisi, \u201cglobal d\u00fcnyan\u0131n [&hellip;]\" \/>\n<meta property=\"og:url\" content=\"https:\/\/darkamazi.site\/archives\/1033355\" \/>\n<meta property=\"og:site_name\" content=\"Darka Mazi\" \/>\n<meta property=\"article:publisher\" content=\"https:\/\/www.facebook.com\/DarkaMaziturkce\" \/>\n<meta property=\"article:published_time\" content=\"2025-03-15T23:16:02+00:00\" \/>\n<meta property=\"article:modified_time\" content=\"2025-03-15T23:32:43+00:00\" \/>\n<meta property=\"og:image\" content=\"https:\/\/darkamazi.site\/file\/2025\/03\/sheyhmus.jpg\" \/>\n\t<meta property=\"og:image:width\" content=\"900\" \/>\n\t<meta property=\"og:image:height\" content=\"475\" \/>\n\t<meta property=\"og:image:type\" content=\"image\/jpeg\" \/>\n<meta name=\"author\" content=\"darka mazi\" \/>\n<meta name=\"twitter:card\" content=\"summary_large_image\" \/>\n<meta name=\"twitter:creator\" content=\"@DarkaMaziTurkce\" \/>\n<meta name=\"twitter:site\" content=\"@DarkaMaziTurkce\" \/>\n<meta name=\"twitter:label1\" content=\"Written by\" \/>\n\t<meta name=\"twitter:data1\" content=\"darka mazi\" \/>\n\t<meta name=\"twitter:label2\" content=\"Est. reading time\" \/>\n\t<meta name=\"twitter:data2\" content=\"4 minutes\" \/>\n<script type=\"application\/ld+json\" class=\"seo-schema-graph\">{\"@context\":\"https:\\\/\\\/schema.org\",\"@graph\":[{\"@type\":\"NewsArticle\",\"@id\":\"https:\\\/\\\/darkamazi.site\\\/archives\\\/1033355#article\",\"isPartOf\":{\"@id\":\"https:\\\/\\\/darkamazi.site\\\/archives\\\/1033355\"},\"author\":{\"name\":\"darka mazi\",\"@id\":\"https:\\\/\\\/darkamazi.site\\\/#\\\/schema\\\/person\\\/67986a95ac546c16760365877ef4a9d3\"},\"headline\":\"Ordu Gen\u00e7lik Elele, T\u00fcrk Milli Cepheye\",\"datePublished\":\"2025-03-15T23:16:02+00:00\",\"dateModified\":\"2025-03-15T23:32:43+00:00\",\"mainEntityOfPage\":{\"@id\":\"https:\\\/\\\/darkamazi.site\\\/archives\\\/1033355\"},\"wordCount\":1198,\"publisher\":{\"@id\":\"https:\\\/\\\/darkamazi.site\\\/#organization\"},\"image\":{\"@id\":\"https:\\\/\\\/darkamazi.site\\\/archives\\\/1033355#primaryimage\"},\"thumbnailUrl\":\"https:\\\/\\\/darkamazi.site\\\/darka-content\\\/uploads\\\/2025\\\/03\\\/sheyhmus.jpg\",\"keywords\":[\"\u00f6nemli\"],\"articleSection\":[\"Forum\"],\"inLanguage\":\"en-US\"},{\"@type\":\"WebPage\",\"@id\":\"https:\\\/\\\/darkamazi.site\\\/archives\\\/1033355\",\"url\":\"https:\\\/\\\/darkamazi.site\\\/archives\\\/1033355\",\"name\":\"Ordu Gen\u00e7lik Elele, T\u00fcrk Milli Cepheye - Darka Mazi\",\"isPartOf\":{\"@id\":\"https:\\\/\\\/darkamazi.site\\\/#website\"},\"primaryImageOfPage\":{\"@id\":\"https:\\\/\\\/darkamazi.site\\\/archives\\\/1033355#primaryimage\"},\"image\":{\"@id\":\"https:\\\/\\\/darkamazi.site\\\/archives\\\/1033355#primaryimage\"},\"thumbnailUrl\":\"https:\\\/\\\/darkamazi.site\\\/darka-content\\\/uploads\\\/2025\\\/03\\\/sheyhmus.jpg\",\"datePublished\":\"2025-03-15T23:16:02+00:00\",\"dateModified\":\"2025-03-15T23:32:43+00:00\",\"breadcrumb\":{\"@id\":\"https:\\\/\\\/darkamazi.site\\\/archives\\\/1033355#breadcrumb\"},\"inLanguage\":\"en-US\",\"potentialAction\":[{\"@type\":\"ReadAction\",\"target\":[\"https:\\\/\\\/darkamazi.site\\\/archives\\\/1033355\"]}]},{\"@type\":\"ImageObject\",\"inLanguage\":\"en-US\",\"@id\":\"https:\\\/\\\/darkamazi.site\\\/archives\\\/1033355#primaryimage\",\"url\":\"https:\\\/\\\/darkamazi.site\\\/darka-content\\\/uploads\\\/2025\\\/03\\\/sheyhmus.jpg\",\"contentUrl\":\"https:\\\/\\\/darkamazi.site\\\/darka-content\\\/uploads\\\/2025\\\/03\\\/sheyhmus.jpg\",\"width\":900,\"height\":475,\"caption\":\"\u201eOrdu Genclik Elele, T\u00fcrk Milli Cepheye\u201c\"},{\"@type\":\"BreadcrumbList\",\"@id\":\"https:\\\/\\\/darkamazi.site\\\/archives\\\/1033355#breadcrumb\",\"itemListElement\":[{\"@type\":\"ListItem\",\"position\":1,\"name\":\"Home\",\"item\":\"https:\\\/\\\/darkamazi.site\\\/\"},{\"@type\":\"ListItem\",\"position\":2,\"name\":\"Ordu Gen\u00e7lik Elele, T\u00fcrk Milli Cepheye\"}]},{\"@type\":\"WebSite\",\"@id\":\"https:\\\/\\\/darkamazi.site\\\/#website\",\"url\":\"https:\\\/\\\/darkamazi.site\\\/\",\"name\":\"Darka Mazi\",\"description\":\"Ana Sayfa\",\"publisher\":{\"@id\":\"https:\\\/\\\/darkamazi.site\\\/#organization\"},\"potentialAction\":[{\"@type\":\"SearchAction\",\"target\":{\"@type\":\"EntryPoint\",\"urlTemplate\":\"https:\\\/\\\/darkamazi.site\\\/?s={search_term_string}\"},\"query-input\":{\"@type\":\"PropertyValueSpecification\",\"valueRequired\":true,\"valueName\":\"search_term_string\"}}],\"inLanguage\":\"en-US\"},{\"@type\":\"Organization\",\"@id\":\"https:\\\/\\\/darkamazi.site\\\/#organization\",\"name\":\"Darka Mazi T\u00fcrk\u00e7e\",\"alternateName\":\"Darka Mazi\",\"url\":\"https:\\\/\\\/darkamazi.site\\\/\",\"logo\":{\"@type\":\"ImageObject\",\"inLanguage\":\"en-US\",\"@id\":\"https:\\\/\\\/darkamazi.site\\\/#\\\/schema\\\/logo\\\/image\\\/\",\"url\":\"https:\\\/\\\/darkamazi.site\\\/darka-content\\\/uploads\\\/2017\\\/12\\\/darka-mazi-logo.png\",\"contentUrl\":\"https:\\\/\\\/darkamazi.site\\\/darka-content\\\/uploads\\\/2017\\\/12\\\/darka-mazi-logo.png\",\"width\":151,\"height\":75,\"caption\":\"Darka Mazi T\u00fcrk\u00e7e\"},\"image\":{\"@id\":\"https:\\\/\\\/darkamazi.site\\\/#\\\/schema\\\/logo\\\/image\\\/\"},\"sameAs\":[\"https:\\\/\\\/www.facebook.com\\\/DarkaMaziturkce\",\"https:\\\/\\\/x.com\\\/DarkaMaziTurkce\"]},{\"@type\":\"Person\",\"@id\":\"https:\\\/\\\/darkamazi.site\\\/#\\\/schema\\\/person\\\/67986a95ac546c16760365877ef4a9d3\",\"name\":\"darka mazi\",\"sameAs\":[\"https:\\\/\\\/darkamazi.site\"],\"url\":\"https:\\\/\\\/darkamazi.site\\\/archives\\\/author\\\/turkish\"}]}<\/script>\n<!-- \/ Yoast SEO plugin. -->","seo_head_json":{"title":"Ordu Gen\u00e7lik Elele, T\u00fcrk Milli Cepheye - Darka Mazi","robots":{"index":"index","follow":"follow","max-snippet":"max-snippet:-1","max-image-preview":"max-image-preview:large","max-video-preview":"max-video-preview:-1"},"canonical":"https:\/\/darkamazi.site\/archives\/1033355","og_locale":"en_US","og_type":"article","og_title":"Ordu Gen\u00e7lik Elele, T\u00fcrk Milli Cepheye - Darka Mazi","og_description":"Bir grup DEM Partilinin \u0130marl\u0131ya gidip \u201eyeni paradigma\u201cnin yol ve ama\u00e7 haritas\u0131n\u0131 getirdikten sonra, \u00a0Apo-PKK paradigmas\u0131\u2018n\u0131n m\u00fcritleri, siyaset\u00e7i, yazar, sanat\u00e7\u0131, rant\u00e7\u0131 bir a\u011f\u0131zdan methiyeler dizmeye ba\u015flad\u0131lar. Bu paradigman\u0131n i\u00e7eri\u011finde ne oldu\u011fu yerine ne istediklerini ve ne anlad\u0131klar\u0131n\u0131 Kurdlere anlatmaya ba\u015flad\u0131lar. Kimisi \u015feyhini \u201c25 y\u0131ll\u0131k tecrit alt\u0131nda m\u00fcthi\u015f direnen\u201ckimi, kanat tak\u0131p g\u00f6\u011fe \u201cu\u00e7uran\u201c, kimisi, \u201cglobal d\u00fcnyan\u0131n [&hellip;]","og_url":"https:\/\/darkamazi.site\/archives\/1033355","og_site_name":"Darka Mazi","article_publisher":"https:\/\/www.facebook.com\/DarkaMaziturkce","article_published_time":"2025-03-15T23:16:02+00:00","article_modified_time":"2025-03-15T23:32:43+00:00","og_image":[{"width":900,"height":475,"url":"https:\/\/darkamazi.site\/file\/2025\/03\/sheyhmus.jpg","type":"image\/jpeg"}],"author":"darka mazi","twitter_card":"summary_large_image","twitter_creator":"@DarkaMaziTurkce","twitter_site":"@DarkaMaziTurkce","twitter_misc":{"Written by":"darka mazi","Est. reading time":"4 minutes"},"schema":{"@context":"https:\/\/schema.org","@graph":[{"@type":"NewsArticle","@id":"https:\/\/darkamazi.site\/archives\/1033355#article","isPartOf":{"@id":"https:\/\/darkamazi.site\/archives\/1033355"},"author":{"name":"darka mazi","@id":"https:\/\/darkamazi.site\/#\/schema\/person\/67986a95ac546c16760365877ef4a9d3"},"headline":"Ordu Gen\u00e7lik Elele, T\u00fcrk Milli Cepheye","datePublished":"2025-03-15T23:16:02+00:00","dateModified":"2025-03-15T23:32:43+00:00","mainEntityOfPage":{"@id":"https:\/\/darkamazi.site\/archives\/1033355"},"wordCount":1198,"publisher":{"@id":"https:\/\/darkamazi.site\/#organization"},"image":{"@id":"https:\/\/darkamazi.site\/archives\/1033355#primaryimage"},"thumbnailUrl":"https:\/\/darkamazi.site\/file\/2025\/03\/sheyhmus.jpg","keywords":["\u00f6nemli"],"articleSection":["Forum"],"inLanguage":"en-US"},{"@type":"WebPage","@id":"https:\/\/darkamazi.site\/archives\/1033355","url":"https:\/\/darkamazi.site\/archives\/1033355","name":"Ordu Gen\u00e7lik Elele, T\u00fcrk Milli Cepheye - Darka Mazi","isPartOf":{"@id":"https:\/\/darkamazi.site\/#website"},"primaryImageOfPage":{"@id":"https:\/\/darkamazi.site\/archives\/1033355#primaryimage"},"image":{"@id":"https:\/\/darkamazi.site\/archives\/1033355#primaryimage"},"thumbnailUrl":"https:\/\/darkamazi.site\/file\/2025\/03\/sheyhmus.jpg","datePublished":"2025-03-15T23:16:02+00:00","dateModified":"2025-03-15T23:32:43+00:00","breadcrumb":{"@id":"https:\/\/darkamazi.site\/archives\/1033355#breadcrumb"},"inLanguage":"en-US","potentialAction":[{"@type":"ReadAction","target":["https:\/\/darkamazi.site\/archives\/1033355"]}]},{"@type":"ImageObject","inLanguage":"en-US","@id":"https:\/\/darkamazi.site\/archives\/1033355#primaryimage","url":"https:\/\/darkamazi.site\/file\/2025\/03\/sheyhmus.jpg","contentUrl":"https:\/\/darkamazi.site\/file\/2025\/03\/sheyhmus.jpg","width":900,"height":475,"caption":"\u201eOrdu Genclik Elele, T\u00fcrk Milli Cepheye\u201c"},{"@type":"BreadcrumbList","@id":"https:\/\/darkamazi.site\/archives\/1033355#breadcrumb","itemListElement":[{"@type":"ListItem","position":1,"name":"Home","item":"https:\/\/darkamazi.site\/"},{"@type":"ListItem","position":2,"name":"Ordu Gen\u00e7lik Elele, T\u00fcrk Milli Cepheye"}]},{"@type":"WebSite","@id":"https:\/\/darkamazi.site\/#website","url":"https:\/\/darkamazi.site\/","name":"Darka Mazi","description":"Ana Sayfa","publisher":{"@id":"https:\/\/darkamazi.site\/#organization"},"potentialAction":[{"@type":"SearchAction","target":{"@type":"EntryPoint","urlTemplate":"https:\/\/darkamazi.site\/?s={search_term_string}"},"query-input":{"@type":"PropertyValueSpecification","valueRequired":true,"valueName":"search_term_string"}}],"inLanguage":"en-US"},{"@type":"Organization","@id":"https:\/\/darkamazi.site\/#organization","name":"Darka Mazi T\u00fcrk\u00e7e","alternateName":"Darka Mazi","url":"https:\/\/darkamazi.site\/","logo":{"@type":"ImageObject","inLanguage":"en-US","@id":"https:\/\/darkamazi.site\/#\/schema\/logo\/image\/","url":"https:\/\/darkamazi.site\/file\/2017\/12\/darka-mazi-logo.png","contentUrl":"https:\/\/darkamazi.site\/file\/2017\/12\/darka-mazi-logo.png","width":151,"height":75,"caption":"Darka Mazi T\u00fcrk\u00e7e"},"image":{"@id":"https:\/\/darkamazi.site\/#\/schema\/logo\/image\/"},"sameAs":["https:\/\/www.facebook.com\/DarkaMaziturkce","https:\/\/x.com\/DarkaMaziTurkce"]},{"@type":"Person","@id":"https:\/\/darkamazi.site\/#\/schema\/person\/67986a95ac546c16760365877ef4a9d3","name":"darka mazi","sameAs":["https:\/\/darkamazi.site"],"url":"https:\/\/darkamazi.site\/archives\/author\/turkish"}]}},"_links":{"self":[{"href":"https:\/\/darkamazi.site\/funavuv\/wp\/v2\/posts\/1033355","targetHints":{"allow":["GET"]}}],"collection":[{"href":"https:\/\/darkamazi.site\/funavuv\/wp\/v2\/posts"}],"about":[{"href":"https:\/\/darkamazi.site\/funavuv\/wp\/v2\/types\/post"}],"author":[{"embeddable":true,"href":"https:\/\/darkamazi.site\/funavuv\/wp\/v2\/users\/2"}],"replies":[{"embeddable":true,"href":"https:\/\/darkamazi.site\/funavuv\/wp\/v2\/comments?post=1033355"}],"version-history":[{"count":0,"href":"https:\/\/darkamazi.site\/funavuv\/wp\/v2\/posts\/1033355\/revisions"}],"wp:featuredmedia":[{"embeddable":true,"href":"https:\/\/darkamazi.site\/funavuv\/wp\/v2\/media\/1033356"}],"wp:attachment":[{"href":"https:\/\/darkamazi.site\/funavuv\/wp\/v2\/media?parent=1033355"}],"wp:term":[{"taxonomy":"category","embeddable":true,"href":"https:\/\/darkamazi.site\/funavuv\/wp\/v2\/categories?post=1033355"},{"taxonomy":"post_tag","embeddable":true,"href":"https:\/\/darkamazi.site\/funavuv\/wp\/v2\/tags?post=1033355"}],"curies":[{"name":"wp","href":"https:\/\/api.w.org\/{rel}","templated":true}]}}