{"id":1033411,"date":"2025-03-23T13:35:01","date_gmt":"2025-03-23T10:35:01","guid":{"rendered":"https:\/\/darkamazi.site\/?p=1033411"},"modified":"2025-03-23T13:35:01","modified_gmt":"2025-03-23T10:35:01","slug":"gerilla-neden-41-yil-savasti","status":"publish","type":"post","link":"https:\/\/darkamazi.site\/archives\/1033411","title":{"rendered":"Gerilla Neden 41 Y\u0131l Sava\u015ft\u0131?"},"content":{"rendered":"<p style=\"text-align: justify\">Ku\u015fkusuz ki sava\u015fanlar\u0131n\/direnenlerin belli ve \u00e7ok a\u00e7\u0131k bir amac\u0131 vard\u0131r. Bu ama\u00e7 da \u00f6zg\u00fcrl\u00fckt\u00fcr. S\u00f6m\u00fcrge bir halk\u0131n \u00f6zg\u00fcrl\u00fc\u011f\u00fcn\u00fc devletle\u015fmesinden koparamazs\u0131n\u0131z. Bu nedenle sava\u015fanlar\/direnenler teorisini yapmasalar da, uygun kavramlar\u0131 kullanmasalar da \u00f6zg\u00fcrl\u00fck ve \u00f6zg\u00fcrl\u00fc\u011f\u00fcn zorunlu \u015fart\u0131 olan devletle\u015fme amac\u0131na sahiptirler.<\/p>\n<p style=\"text-align: justify\">PKK saflar\u0131nda yer alan ve hayatlar\u0131n\u0131 ortaya koyan her sava\u015f\u00e7\u0131 K\u00fcrdistan i\u00e7in \u00f6l\u00fcme gitti. Ve hepsinin kafas\u0131nda ba\u011f\u0131ms\u0131z K\u00fcrdistan ile gelecek \u00f6zg\u00fcrl\u00fck umudu vard\u0131. Dillendirdikleri &#8220;Demokratik \u00d6zerklik&#8221; ve &#8220;Kanton&#8221; gibi kavramlar onlar i\u00e7in ba\u011f\u0131ms\u0131zl\u0131k ve \u00f6zg\u00fcrl\u00fck anlam\u0131na geliyordu. PKK y\u00f6netimi ve onu \u015fekillendiren efendileri K\u00fcrd gen\u00e7lerine \u00f6l\u00fcm\u00fc dayat\u0131rken, sava\u015fanlar\u0131n ger\u00e7ek amac\u0131na ters d\u00fc\u015fen politikalar\u0131 hayata ge\u00e7iriyorlard\u0131. \u00d6len sava\u015f\u00e7\u0131lar\u0131n amac\u0131 ile PKK&#8217;nin amac\u0131 taban tabana z\u0131tt\u0131. Bu z\u0131tl\u0131\u011f\u0131n g\u00f6r\u00fclmemesi i\u00e7in ise siyasi t\u00fcccarlar muazzam bir yan\u0131lsama yaratt\u0131.<\/p>\n<p style=\"text-align: justify\">41 y\u0131ll\u0131k sava\u015fta on binlerce gen\u00e7 hayat\u0131n\u0131 kaybetti. Neredeyse K\u00fcrdistan\u2019da politikle\u015fmi\u015f gen\u00e7 b\u0131rak\u0131lmad\u0131 ve buna ra\u011fmen &#8220;biz devlet istemiyoruz; biz milliyet\u00e7i bir hareket de\u011filiz&#8221; denilebiliyor. PKK&#8217;de tavan ile taban aras\u0131ndaki kar\u015f\u0131tl\u0131k te\u015fhir edilmeden K\u00fcrd gen\u00e7leri s\u00f6m\u00fcrgecilere yem\/ara\u00e7 yap\u0131lmaya devam edilecektir.<\/p>\n<p style=\"text-align: justify\">Zaman\u0131nda \u00e7at\u0131\u015fanlar\u0131n\/kar\u015f\u0131tlar\u0131n \u00f6z\u00fcnde birlik olu\u015fturdu\u011funu ve uzun vadede ayn\u0131 amaca hizmet ettiklerini g\u00f6rebilseydik; dan\u0131\u015f\u0131kl\u0131\/kirli sava\u015f\u0131n tahribatlar\u0131 bu a\u011f\u0131r olmayabilirdi. Her ne kadar bu y\u0131k\u0131m\u0131n mimarlar\u0131\/katk\u0131 sunanlar\u0131 bizler olmasak ta buraya ta\u015f\u0131nmas\u0131nda az veya \u00e7ok hepimizin pay\u0131 olmu\u015ftur!<\/p>\n<p style=\"text-align: justify\">Ger\u00e7ek\u00e7i olal\u0131m ve duygusal s\u00f6ylemlerden ka\u00e7\u0131nal\u0131m art\u0131k!<\/p>\n<p style=\"text-align: justify\">Hi\u00e7bir Gerilla;<\/p>\n<p style=\"text-align: justify\">Gerillan\u0131n \u00f6l\u00fcs\u00fcne bile i\u015fkence edecek kadar barbar olan i\u015fgalci bir devletin i\u00e7 hesapla\u015fmas\u0131nda piyon olmak; Bu devletin &#8220;birlik-beraberli\u011fini korumak&#8221; ve &#8220;Misak-\u0131 Milli&#8221; savunmak i\u00e7in da\u011fa \u00e7\u0131kmad\u0131; \u00f6l\u00fcme gitmedi.<\/p>\n<p style=\"text-align: justify\">Hi\u00e7bir Gerilla;<\/p>\n<p style=\"text-align: justify\">Dedelerine kar\u015f\u0131 soyk\u0131r\u0131m\/katliam uygulayan Kemalist sistemin ideologlar\u0131n\u0131 Meclise ta\u015f\u0131mak\/onure etmek i\u00e7in da\u011fa \u00e7\u0131kmad\u0131; \u00f6l\u00fcme gitmedi.<\/p>\n<p style=\"text-align: justify\">Hi\u00e7bir Gerilla;<\/p>\n<p style=\"text-align: justify\">Kendisini katleden ve cesedine i\u015fkence edip kuyulara atan J\u0130TEMcilerin HDP listesinden meclis \u00fcyeli\u011fine se\u00e7ilmesi i\u00e7in da\u011fa \u00e7\u0131kmad\u0131; \u00f6l\u00fcme gitmedi.<\/p>\n<p style=\"text-align: justify\">Hi\u00e7bir Gerilla;<\/p>\n<p style=\"text-align: justify\">Duran Kalkan ve benzerlerinin fantezi alanlar\u0131n\u0131 geni\u015fletmek i\u00e7in da\u011fa \u00e7\u0131kmad\u0131; \u00f6l\u00fcme gitmedi.<\/p>\n<p style=\"text-align: justify\">Hi\u00e7bir Gerilla;<\/p>\n<p style=\"text-align: justify\">\u0130\u015fgalci devletlerin bir numaral\u0131 eleman\u0131 olan Abdullah efendinin M\u0130T ile ortak projeler \u00fcretip K\u00fcrdlerin ulusal haklar\u0131n\u0131 pazarlamas\u0131 i\u00e7in da\u011fa \u00e7\u0131kmad\u0131; \u00f6l\u00fcme gitmedi.<\/p>\n<p style=\"text-align: justify\">Hi\u00e7bir Gerilla;<\/p>\n<p style=\"text-align: justify\">HDP &#8220;f\u0131nd\u0131kk\u0131ran balesi&#8221; i\u00e7in festivaller d\u00fczenlemeleri a\u015fk\u0131na da\u011fa \u00e7\u0131kmad\u0131; \u00f6l\u00fcme gitmedi.<\/p>\n<p style=\"text-align: justify\">Hi\u00e7bir Gerilla;<\/p>\n<p style=\"text-align: justify\">Metropollerde b\u00fcy\u00fcm\u00fc\u015f ve ge\u00e7mi\u015fleri bilinmeyen ithal &#8220;s\u00fcs bebeklerinin&#8221; &#8216;E\u015fba\u015fkanl\u0131k&#8217; ad\u0131 alt\u0131nda K\u00fcrdleri y\u00f6netmesi i\u00e7in da\u011fa \u00e7\u0131kmad\u0131; \u00f6l\u00fcme gitmedi.<\/p>\n<p style=\"text-align: justify\">Hi\u00e7bir Gerilla;<\/p>\n<p style=\"text-align: justify\">Ailesini, akrabalar\u0131n\u0131 ve halk\u0131n\u0131 s\u00f6m\u00fcrgeci devletin kap\u0131s\u0131nda hizmet\u00e7i etmek; &#8220;demokratik \u00f6zerklik&#8221; safsatalar\u0131yla &#8220;a\u015f\u0131r\u0131 milliyet\u00e7i savrulu\u015funun zorunlu sonucu olan; ayr\u0131 ulus-devlet, federasyon, idari \u00f6zerklik ve k\u00fclt\u00fcralist \u00e7\u00f6z\u00fcmler, tarihsel toplum sosyolojisine cevap olmamaktad\u0131r&#8221; ile son noktan\u0131n konuldu\u011fu K\u00fcrdistan&#8217;\u0131n i\u015fgalcilere sat\u0131lmas\u0131n\u0131 sa\u011flamak i\u00e7in da\u011fa \u00e7\u0131kmad\u0131; \u00f6l\u00fcme gitmedi.<\/p>\n<p style=\"text-align: justify\">Sonu\u00e7 olarak;<\/p>\n<p style=\"text-align: justify\">Gerillaya sahip \u00e7\u0131kma ad\u0131 alt\u0131nda PKK\/HDP politikalar\u0131n\u0131 desteklemek, duygu s\u00f6m\u00fcr\u00fcs\u00fcyle gerilla yak\u0131nlar\u0131n\u0131 pisli\u011fin savunucusu yapmak ve &#8220;\u015fehit edebiyat\u0131yla&#8221; kan t\u00fcccarlar\u0131n\u0131n sorgulanmas\u0131n\u0131 engellemek gerillaya yap\u0131lan en b\u00fcy\u00fck hakarettir&#8230;<\/p>\n<p style=\"text-align: justify\">Yap\u0131lmas\u0131 gereken \u015fey, PKK&#8217;nin kurumsal kimli\u011fini mahk\u00fbm edip, PKK\u2019lilere sahip \u00e7\u0131kmakt\u0131r. Ku\u015fkusuz ki karma\u015f\u0131k ve zor bir i\u015ftir bu. Ama siyaset de zor olan\u0131 \u00e7\u00f6zemedi\u011fi s\u00fcrece siyaset olmaz.<\/p>\n<p style=\"text-align: justify\">D\u00fcnyada, devletsiz oldu\u011fu halde \u00f6zg\u00fcr ya\u015fayan bir ulus g\u00f6sterilemez! Hele hele Ortado\u011fu gibi bir cehennemde &#8216;devletsiz ya\u015fayarak \u00f6zg\u00fcrce ya\u015fanabilece\u011fini&#8217; savunmak i\u00e7in; ya aptal ya da \u00f6zg\u00fcrl\u00fck d\u00fc\u015fman\u0131 olmay\u0131 gerektirir.<\/p>\n<p style=\"text-align: justify\">T\u00fcm d\u00fcnya devletleri ile birlikte yerel s\u00f6m\u00fcrgeci devletlerin hesapla\u015fma alan\u0131na d\u00f6n\u00fc\u015fen K\u00fcrdistan tarihi bir d\u00f6nemden ge\u00e7iyor. Ya zor olan\u0131 yap\u0131p yeni ve kal\u0131c\u0131 kazan\u0131mlar elde edece\u011fiz ya da 2. Bir Lozan ile gelece\u011fimizi egemenlerin insaf\u0131na terk edece\u011fiz\u2026<\/p>\n<p style=\"text-align: justify\">S\u00fcleyman Akkoyun<\/p>\n<p style=\"text-align: justify\">\n","protected":false},"excerpt":{"rendered":"<p>Ku\u015fkusuz ki sava\u015fanlar\u0131n\/direnenlerin belli ve \u00e7ok a\u00e7\u0131k bir amac\u0131 vard\u0131r. Bu ama\u00e7 da \u00f6zg\u00fcrl\u00fckt\u00fcr. S\u00f6m\u00fcrge bir halk\u0131n \u00f6zg\u00fcrl\u00fc\u011f\u00fcn\u00fc devletle\u015fmesinden koparamazs\u0131n\u0131z. Bu nedenle sava\u015fanlar\/direnenler teorisini yapmasalar da, uygun kavramlar\u0131 kullanmasalar da \u00f6zg\u00fcrl\u00fck ve \u00f6zg\u00fcrl\u00fc\u011f\u00fcn zorunlu \u015fart\u0131 olan devletle\u015fme amac\u0131na sahiptirler. PKK saflar\u0131nda yer alan ve hayatlar\u0131n\u0131 ortaya koyan her sava\u015f\u00e7\u0131 K\u00fcrdistan i\u00e7in \u00f6l\u00fcme gitti. Ve hepsinin [&hellip;]<\/p>\n","protected":false},"author":2,"featured_media":1033412,"comment_status":"closed","ping_status":"closed","sticky":false,"template":"","format":"standard","meta":{"footnotes":""},"categories":[30],"tags":[31],"class_list":["post-1033411","post","type-post","status-publish","format-standard","has-post-thumbnail","hentry","category-foto-galeri","tag-onemli"],"blocksy_meta":[],"seo_head":"<!-- This site is optimized with the Yoast SEO plugin v27.5 - https:\/\/yoast.com\/product\/yoast-seo-wordpress\/ -->\n<title>Gerilla Neden 41 Y\u0131l Sava\u015ft\u0131? - Darka Mazi<\/title>\n<meta name=\"robots\" content=\"index, follow, max-snippet:-1, max-image-preview:large, max-video-preview:-1\" \/>\n<link rel=\"canonical\" href=\"https:\/\/darkamazi.site\/archives\/1033411\" \/>\n<meta property=\"og:locale\" content=\"en_US\" \/>\n<meta property=\"og:type\" content=\"article\" \/>\n<meta property=\"og:title\" content=\"Gerilla Neden 41 Y\u0131l Sava\u015ft\u0131? - Darka Mazi\" \/>\n<meta property=\"og:description\" content=\"Ku\u015fkusuz ki sava\u015fanlar\u0131n\/direnenlerin belli ve \u00e7ok a\u00e7\u0131k bir amac\u0131 vard\u0131r. Bu ama\u00e7 da \u00f6zg\u00fcrl\u00fckt\u00fcr. S\u00f6m\u00fcrge bir halk\u0131n \u00f6zg\u00fcrl\u00fc\u011f\u00fcn\u00fc devletle\u015fmesinden koparamazs\u0131n\u0131z. Bu nedenle sava\u015fanlar\/direnenler teorisini yapmasalar da, uygun kavramlar\u0131 kullanmasalar da \u00f6zg\u00fcrl\u00fck ve \u00f6zg\u00fcrl\u00fc\u011f\u00fcn zorunlu \u015fart\u0131 olan devletle\u015fme amac\u0131na sahiptirler. PKK saflar\u0131nda yer alan ve hayatlar\u0131n\u0131 ortaya koyan her sava\u015f\u00e7\u0131 K\u00fcrdistan i\u00e7in \u00f6l\u00fcme gitti. Ve hepsinin [&hellip;]\" \/>\n<meta property=\"og:url\" content=\"https:\/\/darkamazi.site\/archives\/1033411\" \/>\n<meta property=\"og:site_name\" content=\"Darka Mazi\" \/>\n<meta property=\"article:publisher\" content=\"https:\/\/www.facebook.com\/DarkaMaziturkce\" \/>\n<meta property=\"article:published_time\" content=\"2025-03-23T10:35:01+00:00\" \/>\n<meta property=\"og:image\" content=\"https:\/\/darkamazi.site\/file\/2025\/03\/Suleyman-Akkoyun-3.jpg\" \/>\n\t<meta property=\"og:image:width\" content=\"900\" \/>\n\t<meta property=\"og:image:height\" content=\"497\" \/>\n\t<meta property=\"og:image:type\" content=\"image\/jpeg\" \/>\n<meta name=\"author\" content=\"darka mazi\" \/>\n<meta name=\"twitter:card\" content=\"summary_large_image\" \/>\n<meta name=\"twitter:creator\" content=\"@DarkaMaziTurkce\" \/>\n<meta name=\"twitter:site\" content=\"@DarkaMaziTurkce\" \/>\n<meta name=\"twitter:label1\" content=\"Written by\" \/>\n\t<meta name=\"twitter:data1\" content=\"darka mazi\" \/>\n\t<meta name=\"twitter:label2\" content=\"Est. reading time\" \/>\n\t<meta name=\"twitter:data2\" content=\"3 minutes\" \/>\n<script type=\"application\/ld+json\" class=\"seo-schema-graph\">{\"@context\":\"https:\\\/\\\/schema.org\",\"@graph\":[{\"@type\":\"NewsArticle\",\"@id\":\"https:\\\/\\\/darkamazi.site\\\/archives\\\/1033411#article\",\"isPartOf\":{\"@id\":\"https:\\\/\\\/darkamazi.site\\\/archives\\\/1033411\"},\"author\":{\"name\":\"darka mazi\",\"@id\":\"https:\\\/\\\/darkamazi.site\\\/#\\\/schema\\\/person\\\/67986a95ac546c16760365877ef4a9d3\"},\"headline\":\"Gerilla Neden 41 Y\u0131l Sava\u015ft\u0131?\",\"datePublished\":\"2025-03-23T10:35:01+00:00\",\"mainEntityOfPage\":{\"@id\":\"https:\\\/\\\/darkamazi.site\\\/archives\\\/1033411\"},\"wordCount\":786,\"publisher\":{\"@id\":\"https:\\\/\\\/darkamazi.site\\\/#organization\"},\"image\":{\"@id\":\"https:\\\/\\\/darkamazi.site\\\/archives\\\/1033411#primaryimage\"},\"thumbnailUrl\":\"https:\\\/\\\/darkamazi.site\\\/darka-content\\\/uploads\\\/2025\\\/03\\\/Suleyman-Akkoyun-3.jpg\",\"keywords\":[\"\u00f6nemli\"],\"articleSection\":[\"Foto Galeri\"],\"inLanguage\":\"en-US\"},{\"@type\":\"WebPage\",\"@id\":\"https:\\\/\\\/darkamazi.site\\\/archives\\\/1033411\",\"url\":\"https:\\\/\\\/darkamazi.site\\\/archives\\\/1033411\",\"name\":\"Gerilla Neden 41 Y\u0131l Sava\u015ft\u0131? - Darka Mazi\",\"isPartOf\":{\"@id\":\"https:\\\/\\\/darkamazi.site\\\/#website\"},\"primaryImageOfPage\":{\"@id\":\"https:\\\/\\\/darkamazi.site\\\/archives\\\/1033411#primaryimage\"},\"image\":{\"@id\":\"https:\\\/\\\/darkamazi.site\\\/archives\\\/1033411#primaryimage\"},\"thumbnailUrl\":\"https:\\\/\\\/darkamazi.site\\\/darka-content\\\/uploads\\\/2025\\\/03\\\/Suleyman-Akkoyun-3.jpg\",\"datePublished\":\"2025-03-23T10:35:01+00:00\",\"breadcrumb\":{\"@id\":\"https:\\\/\\\/darkamazi.site\\\/archives\\\/1033411#breadcrumb\"},\"inLanguage\":\"en-US\",\"potentialAction\":[{\"@type\":\"ReadAction\",\"target\":[\"https:\\\/\\\/darkamazi.site\\\/archives\\\/1033411\"]}]},{\"@type\":\"ImageObject\",\"inLanguage\":\"en-US\",\"@id\":\"https:\\\/\\\/darkamazi.site\\\/archives\\\/1033411#primaryimage\",\"url\":\"https:\\\/\\\/darkamazi.site\\\/darka-content\\\/uploads\\\/2025\\\/03\\\/Suleyman-Akkoyun-3.jpg\",\"contentUrl\":\"https:\\\/\\\/darkamazi.site\\\/darka-content\\\/uploads\\\/2025\\\/03\\\/Suleyman-Akkoyun-3.jpg\",\"width\":900,\"height\":497,\"caption\":\"Gerilla Neden 41 Y\u0131l Sava\u015ft\u0131?\"},{\"@type\":\"BreadcrumbList\",\"@id\":\"https:\\\/\\\/darkamazi.site\\\/archives\\\/1033411#breadcrumb\",\"itemListElement\":[{\"@type\":\"ListItem\",\"position\":1,\"name\":\"Home\",\"item\":\"https:\\\/\\\/darkamazi.site\\\/\"},{\"@type\":\"ListItem\",\"position\":2,\"name\":\"Gerilla Neden 41 Y\u0131l Sava\u015ft\u0131?\"}]},{\"@type\":\"WebSite\",\"@id\":\"https:\\\/\\\/darkamazi.site\\\/#website\",\"url\":\"https:\\\/\\\/darkamazi.site\\\/\",\"name\":\"Darka Mazi\",\"description\":\"Ana Sayfa\",\"publisher\":{\"@id\":\"https:\\\/\\\/darkamazi.site\\\/#organization\"},\"potentialAction\":[{\"@type\":\"SearchAction\",\"target\":{\"@type\":\"EntryPoint\",\"urlTemplate\":\"https:\\\/\\\/darkamazi.site\\\/?s={search_term_string}\"},\"query-input\":{\"@type\":\"PropertyValueSpecification\",\"valueRequired\":true,\"valueName\":\"search_term_string\"}}],\"inLanguage\":\"en-US\"},{\"@type\":\"Organization\",\"@id\":\"https:\\\/\\\/darkamazi.site\\\/#organization\",\"name\":\"Darka Mazi T\u00fcrk\u00e7e\",\"alternateName\":\"Darka Mazi\",\"url\":\"https:\\\/\\\/darkamazi.site\\\/\",\"logo\":{\"@type\":\"ImageObject\",\"inLanguage\":\"en-US\",\"@id\":\"https:\\\/\\\/darkamazi.site\\\/#\\\/schema\\\/logo\\\/image\\\/\",\"url\":\"https:\\\/\\\/darkamazi.site\\\/darka-content\\\/uploads\\\/2017\\\/12\\\/darka-mazi-logo.png\",\"contentUrl\":\"https:\\\/\\\/darkamazi.site\\\/darka-content\\\/uploads\\\/2017\\\/12\\\/darka-mazi-logo.png\",\"width\":151,\"height\":75,\"caption\":\"Darka Mazi T\u00fcrk\u00e7e\"},\"image\":{\"@id\":\"https:\\\/\\\/darkamazi.site\\\/#\\\/schema\\\/logo\\\/image\\\/\"},\"sameAs\":[\"https:\\\/\\\/www.facebook.com\\\/DarkaMaziturkce\",\"https:\\\/\\\/x.com\\\/DarkaMaziTurkce\"]},{\"@type\":\"Person\",\"@id\":\"https:\\\/\\\/darkamazi.site\\\/#\\\/schema\\\/person\\\/67986a95ac546c16760365877ef4a9d3\",\"name\":\"darka mazi\",\"sameAs\":[\"https:\\\/\\\/darkamazi.site\"],\"url\":\"https:\\\/\\\/darkamazi.site\\\/archives\\\/author\\\/turkish\"}]}<\/script>\n<!-- \/ Yoast SEO plugin. -->","seo_head_json":{"title":"Gerilla Neden 41 Y\u0131l Sava\u015ft\u0131? - Darka Mazi","robots":{"index":"index","follow":"follow","max-snippet":"max-snippet:-1","max-image-preview":"max-image-preview:large","max-video-preview":"max-video-preview:-1"},"canonical":"https:\/\/darkamazi.site\/archives\/1033411","og_locale":"en_US","og_type":"article","og_title":"Gerilla Neden 41 Y\u0131l Sava\u015ft\u0131? - Darka Mazi","og_description":"Ku\u015fkusuz ki sava\u015fanlar\u0131n\/direnenlerin belli ve \u00e7ok a\u00e7\u0131k bir amac\u0131 vard\u0131r. Bu ama\u00e7 da \u00f6zg\u00fcrl\u00fckt\u00fcr. S\u00f6m\u00fcrge bir halk\u0131n \u00f6zg\u00fcrl\u00fc\u011f\u00fcn\u00fc devletle\u015fmesinden koparamazs\u0131n\u0131z. Bu nedenle sava\u015fanlar\/direnenler teorisini yapmasalar da, uygun kavramlar\u0131 kullanmasalar da \u00f6zg\u00fcrl\u00fck ve \u00f6zg\u00fcrl\u00fc\u011f\u00fcn zorunlu \u015fart\u0131 olan devletle\u015fme amac\u0131na sahiptirler. PKK saflar\u0131nda yer alan ve hayatlar\u0131n\u0131 ortaya koyan her sava\u015f\u00e7\u0131 K\u00fcrdistan i\u00e7in \u00f6l\u00fcme gitti. Ve hepsinin [&hellip;]","og_url":"https:\/\/darkamazi.site\/archives\/1033411","og_site_name":"Darka Mazi","article_publisher":"https:\/\/www.facebook.com\/DarkaMaziturkce","article_published_time":"2025-03-23T10:35:01+00:00","og_image":[{"width":900,"height":497,"url":"https:\/\/darkamazi.site\/file\/2025\/03\/Suleyman-Akkoyun-3.jpg","type":"image\/jpeg"}],"author":"darka mazi","twitter_card":"summary_large_image","twitter_creator":"@DarkaMaziTurkce","twitter_site":"@DarkaMaziTurkce","twitter_misc":{"Written by":"darka mazi","Est. reading time":"3 minutes"},"schema":{"@context":"https:\/\/schema.org","@graph":[{"@type":"NewsArticle","@id":"https:\/\/darkamazi.site\/archives\/1033411#article","isPartOf":{"@id":"https:\/\/darkamazi.site\/archives\/1033411"},"author":{"name":"darka mazi","@id":"https:\/\/darkamazi.site\/#\/schema\/person\/67986a95ac546c16760365877ef4a9d3"},"headline":"Gerilla Neden 41 Y\u0131l Sava\u015ft\u0131?","datePublished":"2025-03-23T10:35:01+00:00","mainEntityOfPage":{"@id":"https:\/\/darkamazi.site\/archives\/1033411"},"wordCount":786,"publisher":{"@id":"https:\/\/darkamazi.site\/#organization"},"image":{"@id":"https:\/\/darkamazi.site\/archives\/1033411#primaryimage"},"thumbnailUrl":"https:\/\/darkamazi.site\/file\/2025\/03\/Suleyman-Akkoyun-3.jpg","keywords":["\u00f6nemli"],"articleSection":["Foto Galeri"],"inLanguage":"en-US"},{"@type":"WebPage","@id":"https:\/\/darkamazi.site\/archives\/1033411","url":"https:\/\/darkamazi.site\/archives\/1033411","name":"Gerilla Neden 41 Y\u0131l Sava\u015ft\u0131? - Darka Mazi","isPartOf":{"@id":"https:\/\/darkamazi.site\/#website"},"primaryImageOfPage":{"@id":"https:\/\/darkamazi.site\/archives\/1033411#primaryimage"},"image":{"@id":"https:\/\/darkamazi.site\/archives\/1033411#primaryimage"},"thumbnailUrl":"https:\/\/darkamazi.site\/file\/2025\/03\/Suleyman-Akkoyun-3.jpg","datePublished":"2025-03-23T10:35:01+00:00","breadcrumb":{"@id":"https:\/\/darkamazi.site\/archives\/1033411#breadcrumb"},"inLanguage":"en-US","potentialAction":[{"@type":"ReadAction","target":["https:\/\/darkamazi.site\/archives\/1033411"]}]},{"@type":"ImageObject","inLanguage":"en-US","@id":"https:\/\/darkamazi.site\/archives\/1033411#primaryimage","url":"https:\/\/darkamazi.site\/file\/2025\/03\/Suleyman-Akkoyun-3.jpg","contentUrl":"https:\/\/darkamazi.site\/file\/2025\/03\/Suleyman-Akkoyun-3.jpg","width":900,"height":497,"caption":"Gerilla Neden 41 Y\u0131l Sava\u015ft\u0131?"},{"@type":"BreadcrumbList","@id":"https:\/\/darkamazi.site\/archives\/1033411#breadcrumb","itemListElement":[{"@type":"ListItem","position":1,"name":"Home","item":"https:\/\/darkamazi.site\/"},{"@type":"ListItem","position":2,"name":"Gerilla Neden 41 Y\u0131l Sava\u015ft\u0131?"}]},{"@type":"WebSite","@id":"https:\/\/darkamazi.site\/#website","url":"https:\/\/darkamazi.site\/","name":"Darka Mazi","description":"Ana Sayfa","publisher":{"@id":"https:\/\/darkamazi.site\/#organization"},"potentialAction":[{"@type":"SearchAction","target":{"@type":"EntryPoint","urlTemplate":"https:\/\/darkamazi.site\/?s={search_term_string}"},"query-input":{"@type":"PropertyValueSpecification","valueRequired":true,"valueName":"search_term_string"}}],"inLanguage":"en-US"},{"@type":"Organization","@id":"https:\/\/darkamazi.site\/#organization","name":"Darka Mazi T\u00fcrk\u00e7e","alternateName":"Darka Mazi","url":"https:\/\/darkamazi.site\/","logo":{"@type":"ImageObject","inLanguage":"en-US","@id":"https:\/\/darkamazi.site\/#\/schema\/logo\/image\/","url":"https:\/\/darkamazi.site\/file\/2017\/12\/darka-mazi-logo.png","contentUrl":"https:\/\/darkamazi.site\/file\/2017\/12\/darka-mazi-logo.png","width":151,"height":75,"caption":"Darka Mazi T\u00fcrk\u00e7e"},"image":{"@id":"https:\/\/darkamazi.site\/#\/schema\/logo\/image\/"},"sameAs":["https:\/\/www.facebook.com\/DarkaMaziturkce","https:\/\/x.com\/DarkaMaziTurkce"]},{"@type":"Person","@id":"https:\/\/darkamazi.site\/#\/schema\/person\/67986a95ac546c16760365877ef4a9d3","name":"darka mazi","sameAs":["https:\/\/darkamazi.site"],"url":"https:\/\/darkamazi.site\/archives\/author\/turkish"}]}},"_links":{"self":[{"href":"https:\/\/darkamazi.site\/funavuv\/wp\/v2\/posts\/1033411","targetHints":{"allow":["GET"]}}],"collection":[{"href":"https:\/\/darkamazi.site\/funavuv\/wp\/v2\/posts"}],"about":[{"href":"https:\/\/darkamazi.site\/funavuv\/wp\/v2\/types\/post"}],"author":[{"embeddable":true,"href":"https:\/\/darkamazi.site\/funavuv\/wp\/v2\/users\/2"}],"replies":[{"embeddable":true,"href":"https:\/\/darkamazi.site\/funavuv\/wp\/v2\/comments?post=1033411"}],"version-history":[{"count":0,"href":"https:\/\/darkamazi.site\/funavuv\/wp\/v2\/posts\/1033411\/revisions"}],"wp:featuredmedia":[{"embeddable":true,"href":"https:\/\/darkamazi.site\/funavuv\/wp\/v2\/media\/1033412"}],"wp:attachment":[{"href":"https:\/\/darkamazi.site\/funavuv\/wp\/v2\/media?parent=1033411"}],"wp:term":[{"taxonomy":"category","embeddable":true,"href":"https:\/\/darkamazi.site\/funavuv\/wp\/v2\/categories?post=1033411"},{"taxonomy":"post_tag","embeddable":true,"href":"https:\/\/darkamazi.site\/funavuv\/wp\/v2\/tags?post=1033411"}],"curies":[{"name":"wp","href":"https:\/\/api.w.org\/{rel}","templated":true}]}}