{"id":1033440,"date":"2025-03-24T13:50:16","date_gmt":"2025-03-24T10:50:16","guid":{"rendered":"https:\/\/darkamazi.site\/?p=1033440"},"modified":"2025-03-24T13:50:16","modified_gmt":"2025-03-24T10:50:16","slug":"mansur-yavas-anlasilir-ama-kurt-cahslari-da-kurdistan-bayragina-dusmanlik-yapiyor","status":"publish","type":"post","link":"https:\/\/darkamazi.site\/archives\/1033440","title":{"rendered":"Mansur Yava\u015f anla\u015f\u0131l\u0131r ama  K\u00fcrt cah\u015flar\u0131 da  K\u00fcrdistan bayra\u011f\u0131na d\u00fc\u015fmanl\u0131k yap\u0131yor"},"content":{"rendered":"<p style=\"text-align: justify\">Ankara B\u00fcy\u00fck\u015fehir Belediye Ba\u015fkan\u0131 Mansur Yava\u015f\u2019\u0131n \u00a0K\u00fcrdistan bayra\u011f\u0131na hakaret etmesi sonras\u0131 tart\u0131\u015fmalar devam ediyor. K\u00fcrt ara\u015ft\u0131rmac\u0131 \u201cMansur Yava\u015f\u2019\u0131n hakareti anla\u015f\u0131l\u0131rd\u0131r, K\u00fcrt d\u00fc\u015fmanl\u0131\u011f\u0131d\u0131r. Esas sorun K\u00fcrt olup bu bayra\u011fa d\u00fc\u015fmanl\u0131k yapanlard\u0131r\u201d dedi.<\/p>\n<p style=\"text-align: justify\">Ankara Belediye Ba\u015fkan\u0131 Mansur Yava\u015f, 22 Mart g\u00fcn\u00fc Ekrem \u0130mamo\u011flu\u2019na destek istedi\u011fi konu\u015fmas\u0131nda Kuzey K\u00fcrdistan\u2019daki Newroz kutlamalar\u0131 hakk\u0131ndada \u00a0konu\u015ftu ve K\u00fcrdistan bayra\u011f\u0131n\u0131 kast ederek \u00a0\u201cBana g\u00f6re pa\u00e7avra\u201d dedi. \u00a0Yava\u015f\u2019\u0131n konu\u015fmas\u0131na K\u00fcrtlerden tepki geldi ve Van Barosu Yava\u015f hakk\u0131nda \u0130stanbul Cumhuriyet Ba\u015fsavc\u0131l\u0131\u011f\u0131na su\u00e7 duyurusunda bulundu. K\u00fcrtler Yava\u015f\u2019\u0131n K\u00fcrdistan bayra\u011f\u0131na hakaretine tepki g\u00f6sterdi fakat hala K\u00fcrtler i\u00e7inde K\u00fcrdistan Bayra\u011f\u0131n\u0131 kabul etmeyen bir \u00e7evre de var.<\/p>\n<p style=\"text-align: justify\">Ara\u015ft\u0131rmac\u0131 ve gazeteci Soran Sevkani konuya ili\u015fkin olarak \u00a0Facebook sayfas\u0131ndan yapt\u0131\u011f\u0131 a\u00e7\u0131klamada, &#8220;K\u00fcrdistan bayra\u011f\u0131na bez par\u00e7as\u0131 diyen bir T\u00fcrk&#8217;ten \u015fikayet\u00e7i olmak tuhaf! \u00c7\u00fcnk\u00fc K\u00fcrtler i\u00e7inde de K\u00fcrdistan bayra\u011f\u0131n\u0131 de\u011fersizle\u015ftirenler var. E\u011fer onlar bu bayra\u011fa \u201cK\u00fcrdistan bayra\u011f\u0131 de\u011fil\u201d diyerek hakaret ettiklerinde iki cah\u015f\u0131 yarg\u0131lam\u0131\u015f olsayd\u0131k \u015fimdi Mansur Yava\u015f\u2019\u0131 yarg\u0131lama hakk\u0131m\u0131z olurdu. \u00d6nce K\u00fcrtlerin i\u00e7inde K\u00fcrt de\u011ferlerine hakaret edenlere kar\u015f\u0131 sert tutum g\u00f6sterelim. Yoksa d\u00fc\u015fman her d\u00fc\u015fmand\u0131r\u201d yorumundu bulundu.<\/p>\n<p style=\"text-align: justify\">Bu Newroz\u2019da K\u00fcrdistan Bayra\u011f\u0131 d\u00f6rt par\u00e7a K\u00fcrdistan\u2019da b\u00fcy\u00fck bir \u00e7o\u015fku ile sahiplenildi. \u00d6zellikle de PKK\u2019nin y\u0131llard\u0131r engellemesi ile kar\u015f\u0131la\u015fan Ala Rengin Kuzey K\u00fcrdistan\u2019da neredeyse her Newroz meydan\u0131nda vard\u0131. <a href=\"https:\/\/darkamazi.site\/archives\/1012134\">Y\u0131llard\u0131r PKK y\u00f6netimi Ala Rengin\u2019i \u201cKDP bayra\u011f\u0131, Barzani bayra\u011f\u0131\u201d diyerek ret ediyor.<\/a> Hatta Do\u011fu K\u00fcrdistan\u2019daki Jina Amini isyanlar\u0131nda da K\u00fcrdistan Bayra\u011f\u0131 halk taraf\u0131ndan kullan\u0131lm\u0131\u015f PKK\u2019ye ba\u011fl\u0131 PJAK \u201cbiz onu kabul etmiyoruz\u201d a\u00e7\u0131klamas\u0131 yapm\u0131\u015ft\u0131. <a href=\"https:\/\/darkamazi.site\/archives\/1022514\">Oysa ki Ala Rengin tarihi olarak Kuzey K\u00fcrdistan\u2019daki K\u00fcrt vatansevrelerin \u00f6nc\u00fcl\u00fc\u011f\u00fcnde ilk halini alm\u0131\u015f ve \u015eeyh Said isyan\u0131ndan g\u00fcn\u00fcm\u00fcze de\u011fin PKK d\u0131\u015f\u0131nda \u00a0t\u00fcm K\u00fcrt hareketlerinin kabul etti\u011fi bayrak olmu\u015ftur.<\/a><\/p>\n","protected":false},"excerpt":{"rendered":"<p>Ankara B\u00fcy\u00fck\u015fehir Belediye Ba\u015fkan\u0131 Mansur Yava\u015f\u2019\u0131n \u00a0K\u00fcrdistan bayra\u011f\u0131na hakaret etmesi sonras\u0131 tart\u0131\u015fmalar devam ediyor. K\u00fcrt ara\u015ft\u0131rmac\u0131 \u201cMansur Yava\u015f\u2019\u0131n hakareti anla\u015f\u0131l\u0131rd\u0131r, K\u00fcrt d\u00fc\u015fmanl\u0131\u011f\u0131d\u0131r. Esas sorun K\u00fcrt olup bu bayra\u011fa d\u00fc\u015fmanl\u0131k yapanlard\u0131r\u201d dedi. Ankara Belediye Ba\u015fkan\u0131 Mansur Yava\u015f, 22 Mart g\u00fcn\u00fc Ekrem \u0130mamo\u011flu\u2019na destek istedi\u011fi konu\u015fmas\u0131nda Kuzey K\u00fcrdistan\u2019daki Newroz kutlamalar\u0131 hakk\u0131ndada \u00a0konu\u015ftu ve K\u00fcrdistan bayra\u011f\u0131n\u0131 kast ederek [&hellip;]<\/p>\n","protected":false},"author":2,"featured_media":1033442,"comment_status":"closed","ping_status":"closed","sticky":false,"template":"","format":"standard","meta":{"footnotes":""},"categories":[3],"tags":[31],"class_list":["post-1033440","post","type-post","status-publish","format-standard","has-post-thumbnail","hentry","category-kurdistan","tag-onemli"],"blocksy_meta":[],"seo_head":"<!-- This site is optimized with the Yoast SEO plugin v27.5 - https:\/\/yoast.com\/product\/yoast-seo-wordpress\/ -->\n<title>Mansur Yava\u015f anla\u015f\u0131l\u0131r ama K\u00fcrt cah\u015flar\u0131 da K\u00fcrdistan bayra\u011f\u0131na d\u00fc\u015fmanl\u0131k yap\u0131yor - Darka Mazi<\/title>\n<meta name=\"robots\" content=\"index, follow, max-snippet:-1, max-image-preview:large, max-video-preview:-1\" \/>\n<link rel=\"canonical\" href=\"https:\/\/darkamazi.site\/archives\/1033440\" \/>\n<meta property=\"og:locale\" content=\"en_US\" \/>\n<meta property=\"og:type\" content=\"article\" \/>\n<meta property=\"og:title\" content=\"Mansur Yava\u015f anla\u015f\u0131l\u0131r ama K\u00fcrt cah\u015flar\u0131 da K\u00fcrdistan bayra\u011f\u0131na d\u00fc\u015fmanl\u0131k yap\u0131yor - Darka Mazi\" \/>\n<meta property=\"og:description\" content=\"Ankara B\u00fcy\u00fck\u015fehir Belediye Ba\u015fkan\u0131 Mansur Yava\u015f\u2019\u0131n \u00a0K\u00fcrdistan bayra\u011f\u0131na hakaret etmesi sonras\u0131 tart\u0131\u015fmalar devam ediyor. K\u00fcrt ara\u015ft\u0131rmac\u0131 \u201cMansur Yava\u015f\u2019\u0131n hakareti anla\u015f\u0131l\u0131rd\u0131r, K\u00fcrt d\u00fc\u015fmanl\u0131\u011f\u0131d\u0131r. Esas sorun K\u00fcrt olup bu bayra\u011fa d\u00fc\u015fmanl\u0131k yapanlard\u0131r\u201d dedi. Ankara Belediye Ba\u015fkan\u0131 Mansur Yava\u015f, 22 Mart g\u00fcn\u00fc Ekrem \u0130mamo\u011flu\u2019na destek istedi\u011fi konu\u015fmas\u0131nda Kuzey K\u00fcrdistan\u2019daki Newroz kutlamalar\u0131 hakk\u0131ndada \u00a0konu\u015ftu ve K\u00fcrdistan bayra\u011f\u0131n\u0131 kast ederek [&hellip;]\" \/>\n<meta property=\"og:url\" content=\"https:\/\/darkamazi.site\/archives\/1033440\" \/>\n<meta property=\"og:site_name\" content=\"Darka Mazi\" \/>\n<meta property=\"article:publisher\" content=\"https:\/\/www.facebook.com\/DarkaMaziturkce\" \/>\n<meta property=\"article:published_time\" content=\"2025-03-24T10:50:16+00:00\" \/>\n<meta property=\"og:image\" content=\"https:\/\/darkamazi.site\/file\/2025\/03\/Guzel-Foto.jpg\" \/>\n\t<meta property=\"og:image:width\" content=\"680\" \/>\n\t<meta property=\"og:image:height\" content=\"647\" \/>\n\t<meta property=\"og:image:type\" content=\"image\/jpeg\" \/>\n<meta name=\"author\" content=\"darka mazi\" \/>\n<meta name=\"twitter:card\" content=\"summary_large_image\" \/>\n<meta name=\"twitter:creator\" content=\"@DarkaMaziTurkce\" \/>\n<meta name=\"twitter:site\" content=\"@DarkaMaziTurkce\" \/>\n<meta name=\"twitter:label1\" content=\"Written by\" \/>\n\t<meta name=\"twitter:data1\" content=\"darka mazi\" \/>\n\t<meta name=\"twitter:label2\" content=\"Est. reading time\" \/>\n\t<meta name=\"twitter:data2\" content=\"2 minutes\" \/>\n<script type=\"application\/ld+json\" class=\"seo-schema-graph\">{\"@context\":\"https:\\\/\\\/schema.org\",\"@graph\":[{\"@type\":\"NewsArticle\",\"@id\":\"https:\\\/\\\/darkamazi.site\\\/archives\\\/1033440#article\",\"isPartOf\":{\"@id\":\"https:\\\/\\\/darkamazi.site\\\/archives\\\/1033440\"},\"author\":{\"name\":\"darka mazi\",\"@id\":\"https:\\\/\\\/darkamazi.site\\\/#\\\/schema\\\/person\\\/67986a95ac546c16760365877ef4a9d3\"},\"headline\":\"Mansur Yava\u015f anla\u015f\u0131l\u0131r ama K\u00fcrt cah\u015flar\u0131 da K\u00fcrdistan bayra\u011f\u0131na d\u00fc\u015fmanl\u0131k yap\u0131yor\",\"datePublished\":\"2025-03-24T10:50:16+00:00\",\"mainEntityOfPage\":{\"@id\":\"https:\\\/\\\/darkamazi.site\\\/archives\\\/1033440\"},\"wordCount\":407,\"publisher\":{\"@id\":\"https:\\\/\\\/darkamazi.site\\\/#organization\"},\"image\":{\"@id\":\"https:\\\/\\\/darkamazi.site\\\/archives\\\/1033440#primaryimage\"},\"thumbnailUrl\":\"https:\\\/\\\/darkamazi.site\\\/darka-content\\\/uploads\\\/2025\\\/03\\\/Guzel-Foto.jpg\",\"keywords\":[\"\u00f6nemli\"],\"articleSection\":[\"Kurdistan\"],\"inLanguage\":\"en-US\"},{\"@type\":\"WebPage\",\"@id\":\"https:\\\/\\\/darkamazi.site\\\/archives\\\/1033440\",\"url\":\"https:\\\/\\\/darkamazi.site\\\/archives\\\/1033440\",\"name\":\"Mansur Yava\u015f anla\u015f\u0131l\u0131r ama K\u00fcrt cah\u015flar\u0131 da K\u00fcrdistan bayra\u011f\u0131na d\u00fc\u015fmanl\u0131k yap\u0131yor - Darka Mazi\",\"isPartOf\":{\"@id\":\"https:\\\/\\\/darkamazi.site\\\/#website\"},\"primaryImageOfPage\":{\"@id\":\"https:\\\/\\\/darkamazi.site\\\/archives\\\/1033440#primaryimage\"},\"image\":{\"@id\":\"https:\\\/\\\/darkamazi.site\\\/archives\\\/1033440#primaryimage\"},\"thumbnailUrl\":\"https:\\\/\\\/darkamazi.site\\\/darka-content\\\/uploads\\\/2025\\\/03\\\/Guzel-Foto.jpg\",\"datePublished\":\"2025-03-24T10:50:16+00:00\",\"breadcrumb\":{\"@id\":\"https:\\\/\\\/darkamazi.site\\\/archives\\\/1033440#breadcrumb\"},\"inLanguage\":\"en-US\",\"potentialAction\":[{\"@type\":\"ReadAction\",\"target\":[\"https:\\\/\\\/darkamazi.site\\\/archives\\\/1033440\"]}]},{\"@type\":\"ImageObject\",\"inLanguage\":\"en-US\",\"@id\":\"https:\\\/\\\/darkamazi.site\\\/archives\\\/1033440#primaryimage\",\"url\":\"https:\\\/\\\/darkamazi.site\\\/darka-content\\\/uploads\\\/2025\\\/03\\\/Guzel-Foto.jpg\",\"contentUrl\":\"https:\\\/\\\/darkamazi.site\\\/darka-content\\\/uploads\\\/2025\\\/03\\\/Guzel-Foto.jpg\",\"width\":680,\"height\":647,\"caption\":\"Mansur Yava\u015f\u2019tan \u00f6nce K\u00fcrt cah\u015flar\u0131 K\u00fcrdistan bayra\u011f\u0131na d\u00fc\u015fmanl\u0131k yapt\u0131\"},{\"@type\":\"BreadcrumbList\",\"@id\":\"https:\\\/\\\/darkamazi.site\\\/archives\\\/1033440#breadcrumb\",\"itemListElement\":[{\"@type\":\"ListItem\",\"position\":1,\"name\":\"Home\",\"item\":\"https:\\\/\\\/darkamazi.site\\\/\"},{\"@type\":\"ListItem\",\"position\":2,\"name\":\"Mansur Yava\u015f anla\u015f\u0131l\u0131r ama K\u00fcrt cah\u015flar\u0131 da K\u00fcrdistan bayra\u011f\u0131na d\u00fc\u015fmanl\u0131k yap\u0131yor\"}]},{\"@type\":\"WebSite\",\"@id\":\"https:\\\/\\\/darkamazi.site\\\/#website\",\"url\":\"https:\\\/\\\/darkamazi.site\\\/\",\"name\":\"Darka Mazi\",\"description\":\"Ana Sayfa\",\"publisher\":{\"@id\":\"https:\\\/\\\/darkamazi.site\\\/#organization\"},\"potentialAction\":[{\"@type\":\"SearchAction\",\"target\":{\"@type\":\"EntryPoint\",\"urlTemplate\":\"https:\\\/\\\/darkamazi.site\\\/?s={search_term_string}\"},\"query-input\":{\"@type\":\"PropertyValueSpecification\",\"valueRequired\":true,\"valueName\":\"search_term_string\"}}],\"inLanguage\":\"en-US\"},{\"@type\":\"Organization\",\"@id\":\"https:\\\/\\\/darkamazi.site\\\/#organization\",\"name\":\"Darka Mazi T\u00fcrk\u00e7e\",\"alternateName\":\"Darka Mazi\",\"url\":\"https:\\\/\\\/darkamazi.site\\\/\",\"logo\":{\"@type\":\"ImageObject\",\"inLanguage\":\"en-US\",\"@id\":\"https:\\\/\\\/darkamazi.site\\\/#\\\/schema\\\/logo\\\/image\\\/\",\"url\":\"https:\\\/\\\/darkamazi.site\\\/darka-content\\\/uploads\\\/2017\\\/12\\\/darka-mazi-logo.png\",\"contentUrl\":\"https:\\\/\\\/darkamazi.site\\\/darka-content\\\/uploads\\\/2017\\\/12\\\/darka-mazi-logo.png\",\"width\":151,\"height\":75,\"caption\":\"Darka Mazi T\u00fcrk\u00e7e\"},\"image\":{\"@id\":\"https:\\\/\\\/darkamazi.site\\\/#\\\/schema\\\/logo\\\/image\\\/\"},\"sameAs\":[\"https:\\\/\\\/www.facebook.com\\\/DarkaMaziturkce\",\"https:\\\/\\\/x.com\\\/DarkaMaziTurkce\"]},{\"@type\":\"Person\",\"@id\":\"https:\\\/\\\/darkamazi.site\\\/#\\\/schema\\\/person\\\/67986a95ac546c16760365877ef4a9d3\",\"name\":\"darka mazi\",\"sameAs\":[\"https:\\\/\\\/darkamazi.site\"],\"url\":\"https:\\\/\\\/darkamazi.site\\\/archives\\\/author\\\/turkish\"}]}<\/script>\n<!-- \/ Yoast SEO plugin. -->","seo_head_json":{"title":"Mansur Yava\u015f anla\u015f\u0131l\u0131r ama K\u00fcrt cah\u015flar\u0131 da K\u00fcrdistan bayra\u011f\u0131na d\u00fc\u015fmanl\u0131k yap\u0131yor - Darka Mazi","robots":{"index":"index","follow":"follow","max-snippet":"max-snippet:-1","max-image-preview":"max-image-preview:large","max-video-preview":"max-video-preview:-1"},"canonical":"https:\/\/darkamazi.site\/archives\/1033440","og_locale":"en_US","og_type":"article","og_title":"Mansur Yava\u015f anla\u015f\u0131l\u0131r ama K\u00fcrt cah\u015flar\u0131 da K\u00fcrdistan bayra\u011f\u0131na d\u00fc\u015fmanl\u0131k yap\u0131yor - Darka Mazi","og_description":"Ankara B\u00fcy\u00fck\u015fehir Belediye Ba\u015fkan\u0131 Mansur Yava\u015f\u2019\u0131n \u00a0K\u00fcrdistan bayra\u011f\u0131na hakaret etmesi sonras\u0131 tart\u0131\u015fmalar devam ediyor. K\u00fcrt ara\u015ft\u0131rmac\u0131 \u201cMansur Yava\u015f\u2019\u0131n hakareti anla\u015f\u0131l\u0131rd\u0131r, K\u00fcrt d\u00fc\u015fmanl\u0131\u011f\u0131d\u0131r. Esas sorun K\u00fcrt olup bu bayra\u011fa d\u00fc\u015fmanl\u0131k yapanlard\u0131r\u201d dedi. Ankara Belediye Ba\u015fkan\u0131 Mansur Yava\u015f, 22 Mart g\u00fcn\u00fc Ekrem \u0130mamo\u011flu\u2019na destek istedi\u011fi konu\u015fmas\u0131nda Kuzey K\u00fcrdistan\u2019daki Newroz kutlamalar\u0131 hakk\u0131ndada \u00a0konu\u015ftu ve K\u00fcrdistan bayra\u011f\u0131n\u0131 kast ederek [&hellip;]","og_url":"https:\/\/darkamazi.site\/archives\/1033440","og_site_name":"Darka Mazi","article_publisher":"https:\/\/www.facebook.com\/DarkaMaziturkce","article_published_time":"2025-03-24T10:50:16+00:00","og_image":[{"width":680,"height":647,"url":"https:\/\/darkamazi.site\/file\/2025\/03\/Guzel-Foto.jpg","type":"image\/jpeg"}],"author":"darka mazi","twitter_card":"summary_large_image","twitter_creator":"@DarkaMaziTurkce","twitter_site":"@DarkaMaziTurkce","twitter_misc":{"Written by":"darka mazi","Est. reading time":"2 minutes"},"schema":{"@context":"https:\/\/schema.org","@graph":[{"@type":"NewsArticle","@id":"https:\/\/darkamazi.site\/archives\/1033440#article","isPartOf":{"@id":"https:\/\/darkamazi.site\/archives\/1033440"},"author":{"name":"darka mazi","@id":"https:\/\/darkamazi.site\/#\/schema\/person\/67986a95ac546c16760365877ef4a9d3"},"headline":"Mansur Yava\u015f anla\u015f\u0131l\u0131r ama K\u00fcrt cah\u015flar\u0131 da K\u00fcrdistan bayra\u011f\u0131na d\u00fc\u015fmanl\u0131k yap\u0131yor","datePublished":"2025-03-24T10:50:16+00:00","mainEntityOfPage":{"@id":"https:\/\/darkamazi.site\/archives\/1033440"},"wordCount":407,"publisher":{"@id":"https:\/\/darkamazi.site\/#organization"},"image":{"@id":"https:\/\/darkamazi.site\/archives\/1033440#primaryimage"},"thumbnailUrl":"https:\/\/darkamazi.site\/file\/2025\/03\/Guzel-Foto.jpg","keywords":["\u00f6nemli"],"articleSection":["Kurdistan"],"inLanguage":"en-US"},{"@type":"WebPage","@id":"https:\/\/darkamazi.site\/archives\/1033440","url":"https:\/\/darkamazi.site\/archives\/1033440","name":"Mansur Yava\u015f anla\u015f\u0131l\u0131r ama K\u00fcrt cah\u015flar\u0131 da K\u00fcrdistan bayra\u011f\u0131na d\u00fc\u015fmanl\u0131k yap\u0131yor - Darka Mazi","isPartOf":{"@id":"https:\/\/darkamazi.site\/#website"},"primaryImageOfPage":{"@id":"https:\/\/darkamazi.site\/archives\/1033440#primaryimage"},"image":{"@id":"https:\/\/darkamazi.site\/archives\/1033440#primaryimage"},"thumbnailUrl":"https:\/\/darkamazi.site\/file\/2025\/03\/Guzel-Foto.jpg","datePublished":"2025-03-24T10:50:16+00:00","breadcrumb":{"@id":"https:\/\/darkamazi.site\/archives\/1033440#breadcrumb"},"inLanguage":"en-US","potentialAction":[{"@type":"ReadAction","target":["https:\/\/darkamazi.site\/archives\/1033440"]}]},{"@type":"ImageObject","inLanguage":"en-US","@id":"https:\/\/darkamazi.site\/archives\/1033440#primaryimage","url":"https:\/\/darkamazi.site\/file\/2025\/03\/Guzel-Foto.jpg","contentUrl":"https:\/\/darkamazi.site\/file\/2025\/03\/Guzel-Foto.jpg","width":680,"height":647,"caption":"Mansur Yava\u015f\u2019tan \u00f6nce K\u00fcrt cah\u015flar\u0131 K\u00fcrdistan bayra\u011f\u0131na d\u00fc\u015fmanl\u0131k yapt\u0131"},{"@type":"BreadcrumbList","@id":"https:\/\/darkamazi.site\/archives\/1033440#breadcrumb","itemListElement":[{"@type":"ListItem","position":1,"name":"Home","item":"https:\/\/darkamazi.site\/"},{"@type":"ListItem","position":2,"name":"Mansur Yava\u015f anla\u015f\u0131l\u0131r ama K\u00fcrt cah\u015flar\u0131 da K\u00fcrdistan bayra\u011f\u0131na d\u00fc\u015fmanl\u0131k yap\u0131yor"}]},{"@type":"WebSite","@id":"https:\/\/darkamazi.site\/#website","url":"https:\/\/darkamazi.site\/","name":"Darka Mazi","description":"Ana Sayfa","publisher":{"@id":"https:\/\/darkamazi.site\/#organization"},"potentialAction":[{"@type":"SearchAction","target":{"@type":"EntryPoint","urlTemplate":"https:\/\/darkamazi.site\/?s={search_term_string}"},"query-input":{"@type":"PropertyValueSpecification","valueRequired":true,"valueName":"search_term_string"}}],"inLanguage":"en-US"},{"@type":"Organization","@id":"https:\/\/darkamazi.site\/#organization","name":"Darka Mazi T\u00fcrk\u00e7e","alternateName":"Darka Mazi","url":"https:\/\/darkamazi.site\/","logo":{"@type":"ImageObject","inLanguage":"en-US","@id":"https:\/\/darkamazi.site\/#\/schema\/logo\/image\/","url":"https:\/\/darkamazi.site\/file\/2017\/12\/darka-mazi-logo.png","contentUrl":"https:\/\/darkamazi.site\/file\/2017\/12\/darka-mazi-logo.png","width":151,"height":75,"caption":"Darka Mazi T\u00fcrk\u00e7e"},"image":{"@id":"https:\/\/darkamazi.site\/#\/schema\/logo\/image\/"},"sameAs":["https:\/\/www.facebook.com\/DarkaMaziturkce","https:\/\/x.com\/DarkaMaziTurkce"]},{"@type":"Person","@id":"https:\/\/darkamazi.site\/#\/schema\/person\/67986a95ac546c16760365877ef4a9d3","name":"darka mazi","sameAs":["https:\/\/darkamazi.site"],"url":"https:\/\/darkamazi.site\/archives\/author\/turkish"}]}},"_links":{"self":[{"href":"https:\/\/darkamazi.site\/funavuv\/wp\/v2\/posts\/1033440","targetHints":{"allow":["GET"]}}],"collection":[{"href":"https:\/\/darkamazi.site\/funavuv\/wp\/v2\/posts"}],"about":[{"href":"https:\/\/darkamazi.site\/funavuv\/wp\/v2\/types\/post"}],"author":[{"embeddable":true,"href":"https:\/\/darkamazi.site\/funavuv\/wp\/v2\/users\/2"}],"replies":[{"embeddable":true,"href":"https:\/\/darkamazi.site\/funavuv\/wp\/v2\/comments?post=1033440"}],"version-history":[{"count":0,"href":"https:\/\/darkamazi.site\/funavuv\/wp\/v2\/posts\/1033440\/revisions"}],"wp:featuredmedia":[{"embeddable":true,"href":"https:\/\/darkamazi.site\/funavuv\/wp\/v2\/media\/1033442"}],"wp:attachment":[{"href":"https:\/\/darkamazi.site\/funavuv\/wp\/v2\/media?parent=1033440"}],"wp:term":[{"taxonomy":"category","embeddable":true,"href":"https:\/\/darkamazi.site\/funavuv\/wp\/v2\/categories?post=1033440"},{"taxonomy":"post_tag","embeddable":true,"href":"https:\/\/darkamazi.site\/funavuv\/wp\/v2\/tags?post=1033440"}],"curies":[{"name":"wp","href":"https:\/\/api.w.org\/{rel}","templated":true}]}}