{"id":1033504,"date":"2025-04-02T10:36:05","date_gmt":"2025-04-02T07:36:05","guid":{"rendered":"https:\/\/darkamazi.site\/?p=1033504"},"modified":"2025-04-02T10:36:05","modified_gmt":"2025-04-02T07:36:05","slug":"kurdistan-bolgesi-guvenlik-konseyi-akitu-bayrami-saldirgani-suriyeli-bir-isid-yanlisi","status":"publish","type":"post","link":"https:\/\/darkamazi.site\/archives\/1033504","title":{"rendered":"K\u00fcrdistan B\u00f6lgesi G\u00fcvenlik Konseyi: Akitu Bayram\u0131 sald\u0131rgan\u0131 Suriyeli bir  I\u015e\u0130D yanl\u0131s\u0131"},"content":{"rendered":"<p style=\"text-align: justify\">K\u00fcrdistan B\u00f6lgesi G\u00fcvenlik Konseyi, Duhok\u2019ta Akitu Bayram\u0131 etkinli\u011fine sald\u0131ran ki\u015finin Suriyeli ve I\u015e\u0130D yanl\u0131s\u0131 oldu\u011funu duyurdu.<\/p>\n<p style=\"text-align: justify\">D\u00fcn Duhok\u2019ta kutlanan Akitu Bayram\u0131 s\u0131ras\u0131nda bir ki\u015fi, sat\u0131rla iki ki\u015fiye sald\u0131rarak yaralad\u0131.<\/p>\n<p style=\"text-align: justify\">K\u00fcrdistan B\u00f6lgesi G\u00fcvenlik Konseyi, sald\u0131r\u0131n\u0131n faili hakk\u0131nda a\u00e7\u0131klama yapt\u0131.<\/p>\n<p style=\"text-align: justify\">Olay\u0131n ard\u0131ndan g\u00fcvenlik g\u00fc\u00e7lerinin sald\u0131rgan\u0131 yakalayarak g\u00f6zalt\u0131na ald\u0131\u011f\u0131 bilgisine yer verilen a\u00e7\u0131klamada, sald\u0131rgan\u0131n Suriyeli oldu\u011fu ve I\u015e\u0130D yanl\u0131s\u0131 bir ideolojiye sahip oldu\u011funu duyurdu.<\/p>\n<p style=\"text-align: justify\">A\u00e7\u0131klamada, &#8220;Konuyla ilgili soru\u015fturma devam ediyor ve tamamland\u0131ktan sonra elde edilen sonu\u00e7lar kamuoyuyla payla\u015f\u0131lacakt\u0131r&#8221; denildi.<\/p>\n<p style=\"text-align: justify\"><strong>Sald\u0131r\u0131ya sert tepki<\/strong><\/p>\n<p style=\"text-align: justify\">Duhok Valisi Dr. Ali Teter, sald\u0131r\u0131y\u0131 k\u0131nayarak \u015fu ifadeleri kulland\u0131:<\/p>\n<p style=\"text-align: justify\">&#8220;Bu insanl\u0131k d\u0131\u015f\u0131 sald\u0131r\u0131y\u0131 \u015fiddetle k\u0131n\u0131yoruz. Bir su\u00e7lunun, K\u00fcrdistan&#8217;da bir arada ya\u015fam k\u00fclt\u00fcr\u00fcn\u00fc hedef almas\u0131na izin vermeyece\u011fiz. Kimse bu konuda ba\u015far\u0131l\u0131 olamaz, \u00e7\u00fcnk\u00fc t\u00fcm Hristiyanlar, Ezid\u00eeler, Ermeniler ve Araplar bizim karde\u015flerimizdir. Onlar\u0131n g\u00fcvenli\u011fi bizim g\u00f6z\u00fcm\u00fcz gibi koruyaca\u011f\u0131m\u0131z bir emanettir.&#8221;<\/p>\n<p style=\"text-align: justify\"><strong>Akitu Bayram\u0131<\/strong><\/p>\n<p style=\"text-align: justify\">Ge\u00e7mi\u015fi 5 bin y\u0131l \u00f6ncesine dayanan Akitu Bayram\u0131, Asuri ve S\u00fcryani halklar\u0131 taraf\u0131ndan kutlan\u0131yor.<\/p>\n<p style=\"text-align: justify\">K\u00fcrdistan B\u00f6lgesi&#8217;nde 1992 y\u0131l\u0131ndan itibaren Asuri\/S\u00fcryani Hristiyanlar bu bayram\u0131 kutluyor. Bayram, 12 g\u00fcn s\u00fcrer ve t\u0131pk\u0131 Newroz gibi geleneksel bir kutlama havas\u0131 ta\u015f\u0131r.<\/p>\n","protected":false},"excerpt":{"rendered":"<p>K\u00fcrdistan B\u00f6lgesi G\u00fcvenlik Konseyi, Duhok\u2019ta Akitu Bayram\u0131 etkinli\u011fine sald\u0131ran ki\u015finin Suriyeli ve I\u015e\u0130D yanl\u0131s\u0131 oldu\u011funu duyurdu. D\u00fcn Duhok\u2019ta kutlanan Akitu Bayram\u0131 s\u0131ras\u0131nda bir ki\u015fi, sat\u0131rla iki ki\u015fiye sald\u0131rarak yaralad\u0131. K\u00fcrdistan B\u00f6lgesi G\u00fcvenlik Konseyi, sald\u0131r\u0131n\u0131n faili hakk\u0131nda a\u00e7\u0131klama yapt\u0131. Olay\u0131n ard\u0131ndan g\u00fcvenlik g\u00fc\u00e7lerinin sald\u0131rgan\u0131 yakalayarak g\u00f6zalt\u0131na ald\u0131\u011f\u0131 bilgisine yer verilen a\u00e7\u0131klamada, sald\u0131rgan\u0131n Suriyeli oldu\u011fu ve I\u015e\u0130D [&hellip;]<\/p>\n","protected":false},"author":2,"featured_media":1033505,"comment_status":"closed","ping_status":"closed","sticky":false,"template":"","format":"standard","meta":{"footnotes":""},"categories":[3],"tags":[31],"class_list":["post-1033504","post","type-post","status-publish","format-standard","has-post-thumbnail","hentry","category-kurdistan","tag-onemli"],"blocksy_meta":[],"seo_head":"<!-- This site is optimized with the Yoast SEO plugin v27.5 - https:\/\/yoast.com\/product\/yoast-seo-wordpress\/ -->\n<title>K\u00fcrdistan B\u00f6lgesi G\u00fcvenlik Konseyi: Akitu Bayram\u0131 sald\u0131rgan\u0131 Suriyeli bir I\u015e\u0130D yanl\u0131s\u0131 - Darka Mazi<\/title>\n<meta name=\"robots\" content=\"index, follow, max-snippet:-1, max-image-preview:large, max-video-preview:-1\" \/>\n<link rel=\"canonical\" href=\"https:\/\/darkamazi.site\/archives\/1033504\" \/>\n<meta property=\"og:locale\" content=\"en_US\" \/>\n<meta property=\"og:type\" content=\"article\" \/>\n<meta property=\"og:title\" content=\"K\u00fcrdistan B\u00f6lgesi G\u00fcvenlik Konseyi: Akitu Bayram\u0131 sald\u0131rgan\u0131 Suriyeli bir I\u015e\u0130D yanl\u0131s\u0131 - Darka Mazi\" \/>\n<meta property=\"og:description\" content=\"K\u00fcrdistan B\u00f6lgesi G\u00fcvenlik Konseyi, Duhok\u2019ta Akitu Bayram\u0131 etkinli\u011fine sald\u0131ran ki\u015finin Suriyeli ve I\u015e\u0130D yanl\u0131s\u0131 oldu\u011funu duyurdu. D\u00fcn Duhok\u2019ta kutlanan Akitu Bayram\u0131 s\u0131ras\u0131nda bir ki\u015fi, sat\u0131rla iki ki\u015fiye sald\u0131rarak yaralad\u0131. K\u00fcrdistan B\u00f6lgesi G\u00fcvenlik Konseyi, sald\u0131r\u0131n\u0131n faili hakk\u0131nda a\u00e7\u0131klama yapt\u0131. Olay\u0131n ard\u0131ndan g\u00fcvenlik g\u00fc\u00e7lerinin sald\u0131rgan\u0131 yakalayarak g\u00f6zalt\u0131na ald\u0131\u011f\u0131 bilgisine yer verilen a\u00e7\u0131klamada, sald\u0131rgan\u0131n Suriyeli oldu\u011fu ve I\u015e\u0130D [&hellip;]\" \/>\n<meta property=\"og:url\" content=\"https:\/\/darkamazi.site\/archives\/1033504\" \/>\n<meta property=\"og:site_name\" content=\"Darka Mazi\" \/>\n<meta property=\"article:publisher\" content=\"https:\/\/www.facebook.com\/DarkaMaziturkce\" \/>\n<meta property=\"article:published_time\" content=\"2025-04-02T07:36:05+00:00\" \/>\n<meta property=\"og:image\" content=\"https:\/\/darkamazi.site\/file\/2025\/04\/Asayis-4.gif\" \/>\n\t<meta property=\"og:image:width\" content=\"781\" \/>\n\t<meta property=\"og:image:height\" content=\"439\" \/>\n\t<meta property=\"og:image:type\" content=\"image\/gif\" \/>\n<meta name=\"author\" content=\"darka mazi\" \/>\n<meta name=\"twitter:card\" content=\"summary_large_image\" \/>\n<meta name=\"twitter:creator\" content=\"@DarkaMaziTurkce\" \/>\n<meta name=\"twitter:site\" content=\"@DarkaMaziTurkce\" \/>\n<meta name=\"twitter:label1\" content=\"Written by\" \/>\n\t<meta name=\"twitter:data1\" content=\"darka mazi\" \/>\n\t<meta name=\"twitter:label2\" content=\"Est. reading time\" \/>\n\t<meta name=\"twitter:data2\" content=\"1 minute\" \/>\n<script type=\"application\/ld+json\" class=\"seo-schema-graph\">{\"@context\":\"https:\\\/\\\/schema.org\",\"@graph\":[{\"@type\":\"NewsArticle\",\"@id\":\"https:\\\/\\\/darkamazi.site\\\/archives\\\/1033504#article\",\"isPartOf\":{\"@id\":\"https:\\\/\\\/darkamazi.site\\\/archives\\\/1033504\"},\"author\":{\"name\":\"darka mazi\",\"@id\":\"https:\\\/\\\/darkamazi.site\\\/#\\\/schema\\\/person\\\/67986a95ac546c16760365877ef4a9d3\"},\"headline\":\"K\u00fcrdistan B\u00f6lgesi G\u00fcvenlik Konseyi: Akitu Bayram\u0131 sald\u0131rgan\u0131 Suriyeli bir I\u015e\u0130D yanl\u0131s\u0131\",\"datePublished\":\"2025-04-02T07:36:05+00:00\",\"mainEntityOfPage\":{\"@id\":\"https:\\\/\\\/darkamazi.site\\\/archives\\\/1033504\"},\"wordCount\":276,\"publisher\":{\"@id\":\"https:\\\/\\\/darkamazi.site\\\/#organization\"},\"image\":{\"@id\":\"https:\\\/\\\/darkamazi.site\\\/archives\\\/1033504#primaryimage\"},\"thumbnailUrl\":\"https:\\\/\\\/darkamazi.site\\\/darka-content\\\/uploads\\\/2025\\\/04\\\/Asayis-4.gif\",\"keywords\":[\"\u00f6nemli\"],\"articleSection\":[\"Kurdistan\"],\"inLanguage\":\"en-US\"},{\"@type\":\"WebPage\",\"@id\":\"https:\\\/\\\/darkamazi.site\\\/archives\\\/1033504\",\"url\":\"https:\\\/\\\/darkamazi.site\\\/archives\\\/1033504\",\"name\":\"K\u00fcrdistan B\u00f6lgesi G\u00fcvenlik Konseyi: Akitu Bayram\u0131 sald\u0131rgan\u0131 Suriyeli bir I\u015e\u0130D yanl\u0131s\u0131 - Darka Mazi\",\"isPartOf\":{\"@id\":\"https:\\\/\\\/darkamazi.site\\\/#website\"},\"primaryImageOfPage\":{\"@id\":\"https:\\\/\\\/darkamazi.site\\\/archives\\\/1033504#primaryimage\"},\"image\":{\"@id\":\"https:\\\/\\\/darkamazi.site\\\/archives\\\/1033504#primaryimage\"},\"thumbnailUrl\":\"https:\\\/\\\/darkamazi.site\\\/darka-content\\\/uploads\\\/2025\\\/04\\\/Asayis-4.gif\",\"datePublished\":\"2025-04-02T07:36:05+00:00\",\"breadcrumb\":{\"@id\":\"https:\\\/\\\/darkamazi.site\\\/archives\\\/1033504#breadcrumb\"},\"inLanguage\":\"en-US\",\"potentialAction\":[{\"@type\":\"ReadAction\",\"target\":[\"https:\\\/\\\/darkamazi.site\\\/archives\\\/1033504\"]}]},{\"@type\":\"ImageObject\",\"inLanguage\":\"en-US\",\"@id\":\"https:\\\/\\\/darkamazi.site\\\/archives\\\/1033504#primaryimage\",\"url\":\"https:\\\/\\\/darkamazi.site\\\/darka-content\\\/uploads\\\/2025\\\/04\\\/Asayis-4.gif\",\"contentUrl\":\"https:\\\/\\\/darkamazi.site\\\/darka-content\\\/uploads\\\/2025\\\/04\\\/Asayis-4.gif\",\"width\":781,\"height\":439,\"caption\":\"K\u00fcrdistan B\u00f6lgesi G\u00fcvenlik Konseyi: Akitu Bayram\u0131 sald\u0131rgan\u0131 Suriyeli bir I\u015e\u0130D yanl\u0131s\u0131\"},{\"@type\":\"BreadcrumbList\",\"@id\":\"https:\\\/\\\/darkamazi.site\\\/archives\\\/1033504#breadcrumb\",\"itemListElement\":[{\"@type\":\"ListItem\",\"position\":1,\"name\":\"Home\",\"item\":\"https:\\\/\\\/darkamazi.site\\\/\"},{\"@type\":\"ListItem\",\"position\":2,\"name\":\"K\u00fcrdistan B\u00f6lgesi G\u00fcvenlik Konseyi: Akitu Bayram\u0131 sald\u0131rgan\u0131 Suriyeli bir I\u015e\u0130D yanl\u0131s\u0131\"}]},{\"@type\":\"WebSite\",\"@id\":\"https:\\\/\\\/darkamazi.site\\\/#website\",\"url\":\"https:\\\/\\\/darkamazi.site\\\/\",\"name\":\"Darka Mazi\",\"description\":\"Ana Sayfa\",\"publisher\":{\"@id\":\"https:\\\/\\\/darkamazi.site\\\/#organization\"},\"potentialAction\":[{\"@type\":\"SearchAction\",\"target\":{\"@type\":\"EntryPoint\",\"urlTemplate\":\"https:\\\/\\\/darkamazi.site\\\/?s={search_term_string}\"},\"query-input\":{\"@type\":\"PropertyValueSpecification\",\"valueRequired\":true,\"valueName\":\"search_term_string\"}}],\"inLanguage\":\"en-US\"},{\"@type\":\"Organization\",\"@id\":\"https:\\\/\\\/darkamazi.site\\\/#organization\",\"name\":\"Darka Mazi T\u00fcrk\u00e7e\",\"alternateName\":\"Darka Mazi\",\"url\":\"https:\\\/\\\/darkamazi.site\\\/\",\"logo\":{\"@type\":\"ImageObject\",\"inLanguage\":\"en-US\",\"@id\":\"https:\\\/\\\/darkamazi.site\\\/#\\\/schema\\\/logo\\\/image\\\/\",\"url\":\"https:\\\/\\\/darkamazi.site\\\/darka-content\\\/uploads\\\/2017\\\/12\\\/darka-mazi-logo.png\",\"contentUrl\":\"https:\\\/\\\/darkamazi.site\\\/darka-content\\\/uploads\\\/2017\\\/12\\\/darka-mazi-logo.png\",\"width\":151,\"height\":75,\"caption\":\"Darka Mazi T\u00fcrk\u00e7e\"},\"image\":{\"@id\":\"https:\\\/\\\/darkamazi.site\\\/#\\\/schema\\\/logo\\\/image\\\/\"},\"sameAs\":[\"https:\\\/\\\/www.facebook.com\\\/DarkaMaziturkce\",\"https:\\\/\\\/x.com\\\/DarkaMaziTurkce\"]},{\"@type\":\"Person\",\"@id\":\"https:\\\/\\\/darkamazi.site\\\/#\\\/schema\\\/person\\\/67986a95ac546c16760365877ef4a9d3\",\"name\":\"darka mazi\",\"sameAs\":[\"https:\\\/\\\/darkamazi.site\"],\"url\":\"https:\\\/\\\/darkamazi.site\\\/archives\\\/author\\\/turkish\"}]}<\/script>\n<!-- \/ Yoast SEO plugin. -->","seo_head_json":{"title":"K\u00fcrdistan B\u00f6lgesi G\u00fcvenlik Konseyi: Akitu Bayram\u0131 sald\u0131rgan\u0131 Suriyeli bir I\u015e\u0130D yanl\u0131s\u0131 - Darka Mazi","robots":{"index":"index","follow":"follow","max-snippet":"max-snippet:-1","max-image-preview":"max-image-preview:large","max-video-preview":"max-video-preview:-1"},"canonical":"https:\/\/darkamazi.site\/archives\/1033504","og_locale":"en_US","og_type":"article","og_title":"K\u00fcrdistan B\u00f6lgesi G\u00fcvenlik Konseyi: Akitu Bayram\u0131 sald\u0131rgan\u0131 Suriyeli bir I\u015e\u0130D yanl\u0131s\u0131 - Darka Mazi","og_description":"K\u00fcrdistan B\u00f6lgesi G\u00fcvenlik Konseyi, Duhok\u2019ta Akitu Bayram\u0131 etkinli\u011fine sald\u0131ran ki\u015finin Suriyeli ve I\u015e\u0130D yanl\u0131s\u0131 oldu\u011funu duyurdu. D\u00fcn Duhok\u2019ta kutlanan Akitu Bayram\u0131 s\u0131ras\u0131nda bir ki\u015fi, sat\u0131rla iki ki\u015fiye sald\u0131rarak yaralad\u0131. K\u00fcrdistan B\u00f6lgesi G\u00fcvenlik Konseyi, sald\u0131r\u0131n\u0131n faili hakk\u0131nda a\u00e7\u0131klama yapt\u0131. Olay\u0131n ard\u0131ndan g\u00fcvenlik g\u00fc\u00e7lerinin sald\u0131rgan\u0131 yakalayarak g\u00f6zalt\u0131na ald\u0131\u011f\u0131 bilgisine yer verilen a\u00e7\u0131klamada, sald\u0131rgan\u0131n Suriyeli oldu\u011fu ve I\u015e\u0130D [&hellip;]","og_url":"https:\/\/darkamazi.site\/archives\/1033504","og_site_name":"Darka Mazi","article_publisher":"https:\/\/www.facebook.com\/DarkaMaziturkce","article_published_time":"2025-04-02T07:36:05+00:00","og_image":[{"width":781,"height":439,"url":"https:\/\/darkamazi.site\/file\/2025\/04\/Asayis-4.gif","type":"image\/gif"}],"author":"darka mazi","twitter_card":"summary_large_image","twitter_creator":"@DarkaMaziTurkce","twitter_site":"@DarkaMaziTurkce","twitter_misc":{"Written by":"darka mazi","Est. reading time":"1 minute"},"schema":{"@context":"https:\/\/schema.org","@graph":[{"@type":"NewsArticle","@id":"https:\/\/darkamazi.site\/archives\/1033504#article","isPartOf":{"@id":"https:\/\/darkamazi.site\/archives\/1033504"},"author":{"name":"darka mazi","@id":"https:\/\/darkamazi.site\/#\/schema\/person\/67986a95ac546c16760365877ef4a9d3"},"headline":"K\u00fcrdistan B\u00f6lgesi G\u00fcvenlik Konseyi: Akitu Bayram\u0131 sald\u0131rgan\u0131 Suriyeli bir I\u015e\u0130D yanl\u0131s\u0131","datePublished":"2025-04-02T07:36:05+00:00","mainEntityOfPage":{"@id":"https:\/\/darkamazi.site\/archives\/1033504"},"wordCount":276,"publisher":{"@id":"https:\/\/darkamazi.site\/#organization"},"image":{"@id":"https:\/\/darkamazi.site\/archives\/1033504#primaryimage"},"thumbnailUrl":"https:\/\/darkamazi.site\/file\/2025\/04\/Asayis-4.gif","keywords":["\u00f6nemli"],"articleSection":["Kurdistan"],"inLanguage":"en-US"},{"@type":"WebPage","@id":"https:\/\/darkamazi.site\/archives\/1033504","url":"https:\/\/darkamazi.site\/archives\/1033504","name":"K\u00fcrdistan B\u00f6lgesi G\u00fcvenlik Konseyi: Akitu Bayram\u0131 sald\u0131rgan\u0131 Suriyeli bir I\u015e\u0130D yanl\u0131s\u0131 - Darka Mazi","isPartOf":{"@id":"https:\/\/darkamazi.site\/#website"},"primaryImageOfPage":{"@id":"https:\/\/darkamazi.site\/archives\/1033504#primaryimage"},"image":{"@id":"https:\/\/darkamazi.site\/archives\/1033504#primaryimage"},"thumbnailUrl":"https:\/\/darkamazi.site\/file\/2025\/04\/Asayis-4.gif","datePublished":"2025-04-02T07:36:05+00:00","breadcrumb":{"@id":"https:\/\/darkamazi.site\/archives\/1033504#breadcrumb"},"inLanguage":"en-US","potentialAction":[{"@type":"ReadAction","target":["https:\/\/darkamazi.site\/archives\/1033504"]}]},{"@type":"ImageObject","inLanguage":"en-US","@id":"https:\/\/darkamazi.site\/archives\/1033504#primaryimage","url":"https:\/\/darkamazi.site\/file\/2025\/04\/Asayis-4.gif","contentUrl":"https:\/\/darkamazi.site\/file\/2025\/04\/Asayis-4.gif","width":781,"height":439,"caption":"K\u00fcrdistan B\u00f6lgesi G\u00fcvenlik Konseyi: Akitu Bayram\u0131 sald\u0131rgan\u0131 Suriyeli bir I\u015e\u0130D yanl\u0131s\u0131"},{"@type":"BreadcrumbList","@id":"https:\/\/darkamazi.site\/archives\/1033504#breadcrumb","itemListElement":[{"@type":"ListItem","position":1,"name":"Home","item":"https:\/\/darkamazi.site\/"},{"@type":"ListItem","position":2,"name":"K\u00fcrdistan B\u00f6lgesi G\u00fcvenlik Konseyi: Akitu Bayram\u0131 sald\u0131rgan\u0131 Suriyeli bir I\u015e\u0130D yanl\u0131s\u0131"}]},{"@type":"WebSite","@id":"https:\/\/darkamazi.site\/#website","url":"https:\/\/darkamazi.site\/","name":"Darka Mazi","description":"Ana Sayfa","publisher":{"@id":"https:\/\/darkamazi.site\/#organization"},"potentialAction":[{"@type":"SearchAction","target":{"@type":"EntryPoint","urlTemplate":"https:\/\/darkamazi.site\/?s={search_term_string}"},"query-input":{"@type":"PropertyValueSpecification","valueRequired":true,"valueName":"search_term_string"}}],"inLanguage":"en-US"},{"@type":"Organization","@id":"https:\/\/darkamazi.site\/#organization","name":"Darka Mazi T\u00fcrk\u00e7e","alternateName":"Darka Mazi","url":"https:\/\/darkamazi.site\/","logo":{"@type":"ImageObject","inLanguage":"en-US","@id":"https:\/\/darkamazi.site\/#\/schema\/logo\/image\/","url":"https:\/\/darkamazi.site\/file\/2017\/12\/darka-mazi-logo.png","contentUrl":"https:\/\/darkamazi.site\/file\/2017\/12\/darka-mazi-logo.png","width":151,"height":75,"caption":"Darka Mazi T\u00fcrk\u00e7e"},"image":{"@id":"https:\/\/darkamazi.site\/#\/schema\/logo\/image\/"},"sameAs":["https:\/\/www.facebook.com\/DarkaMaziturkce","https:\/\/x.com\/DarkaMaziTurkce"]},{"@type":"Person","@id":"https:\/\/darkamazi.site\/#\/schema\/person\/67986a95ac546c16760365877ef4a9d3","name":"darka mazi","sameAs":["https:\/\/darkamazi.site"],"url":"https:\/\/darkamazi.site\/archives\/author\/turkish"}]}},"_links":{"self":[{"href":"https:\/\/darkamazi.site\/funavuv\/wp\/v2\/posts\/1033504","targetHints":{"allow":["GET"]}}],"collection":[{"href":"https:\/\/darkamazi.site\/funavuv\/wp\/v2\/posts"}],"about":[{"href":"https:\/\/darkamazi.site\/funavuv\/wp\/v2\/types\/post"}],"author":[{"embeddable":true,"href":"https:\/\/darkamazi.site\/funavuv\/wp\/v2\/users\/2"}],"replies":[{"embeddable":true,"href":"https:\/\/darkamazi.site\/funavuv\/wp\/v2\/comments?post=1033504"}],"version-history":[{"count":0,"href":"https:\/\/darkamazi.site\/funavuv\/wp\/v2\/posts\/1033504\/revisions"}],"wp:featuredmedia":[{"embeddable":true,"href":"https:\/\/darkamazi.site\/funavuv\/wp\/v2\/media\/1033505"}],"wp:attachment":[{"href":"https:\/\/darkamazi.site\/funavuv\/wp\/v2\/media?parent=1033504"}],"wp:term":[{"taxonomy":"category","embeddable":true,"href":"https:\/\/darkamazi.site\/funavuv\/wp\/v2\/categories?post=1033504"},{"taxonomy":"post_tag","embeddable":true,"href":"https:\/\/darkamazi.site\/funavuv\/wp\/v2\/tags?post=1033504"}],"curies":[{"name":"wp","href":"https:\/\/api.w.org\/{rel}","templated":true}]}}