{"id":1033693,"date":"2025-04-19T15:44:05","date_gmt":"2025-04-19T12:44:05","guid":{"rendered":"https:\/\/darkamazi.site\/?p=1033693"},"modified":"2025-04-19T15:44:05","modified_gmt":"2025-04-19T12:44:05","slug":"iran-devleti-gonullu-kurtce-ogretmeni-5-yil-hapis-cezasina-carptirildi","status":"publish","type":"post","link":"https:\/\/darkamazi.site\/archives\/1033693","title":{"rendered":"\u0130ran devleti, g\u00f6n\u00fcll\u00fc K\u00fcrt\u00e7e \u00f6\u011fretmeni 5 y\u0131l hapis cezas\u0131na \u00e7arpt\u0131r\u0131ld\u0131"},"content":{"rendered":"<p style=\"text-align: justify\">Hengaw, g\u00f6n\u00fcll\u00fc K\u00fcrt\u00e7e \u00f6\u011fretmeni ve sivil aktivist Sirwe Pur Mihemedi\u2019nin \u0130ran rejimi taraf\u0131ndan hapis cezas\u0131na mahkum edildi\u011fini duyurdu.<\/p>\n<p style=\"text-align: justify\">Hengaw \u0130nsan Haklar\u0131 A\u011f\u0131\u2019n\u0131n yay\u0131nlad\u0131\u011f\u0131 habere g\u00f6re K\u00fcrt dili \u00f6\u011fretmeni Sirwe Pur Mihemedi, \u0130ran rejimi taraf\u0131ndan 5 y\u0131l hapis cezas\u0131na \u00e7arpt\u0131r\u0131ld\u0131. Sirwe, Sine Devrim Mahkemesi taraf\u0131ndan teslim olmas\u0131 y\u00f6n\u00fcnde bilgilendirildi.<\/p>\n<p style=\"text-align: justify\">Sirwe Mihemedi\u2019nin, \u201ckamu g\u00fcvenli\u011fini bozmak amac\u0131yla \u00f6rg\u00fct kurmak\u201d su\u00e7lamas\u0131yla Sine Devrim Mahkemesi ve Temyiz Mahkemesi taraf\u0131ndan 5 y\u0131l hapis cezas\u0131na \u00e7arpt\u0131r\u0131ld\u0131\u011f\u0131 bildirildi.<\/p>\n<p style=\"text-align: justify\">K\u00fcrt dili \u00f6\u011fretmeni, sivil aktivist ve Nuj\u00een Ayd\u0131nlar Derne\u011fi \u00fcyesi Sirwe Pur Mihemedi, 29 Ocak 2023 tarihinde, Sine kentinin \u0130stihbarat Birimleri taraf\u0131ndan yarg\u0131 karar\u0131 olmadan g\u00f6zalt\u0131na al\u0131nm\u0131\u015ft\u0131. Sirwe, 16 g\u00fcn boyunca ge\u00e7ici olarak g\u00f6zalt\u0131nda tutulduktan sonra serbest b\u0131rak\u0131lm\u0131\u015ft\u0131. 2024 Aral\u0131k ay\u0131nda g\u00f6r\u00fclen duru\u015fmada ise 5 y\u0131l hapis cezas\u0131na mahk\u00fbm edildi.<\/p>\n","protected":false},"excerpt":{"rendered":"<p>Hengaw, g\u00f6n\u00fcll\u00fc K\u00fcrt\u00e7e \u00f6\u011fretmeni ve sivil aktivist Sirwe Pur Mihemedi\u2019nin \u0130ran rejimi taraf\u0131ndan hapis cezas\u0131na mahkum edildi\u011fini duyurdu. Hengaw \u0130nsan Haklar\u0131 A\u011f\u0131\u2019n\u0131n yay\u0131nlad\u0131\u011f\u0131 habere g\u00f6re K\u00fcrt dili \u00f6\u011fretmeni Sirwe Pur Mihemedi, \u0130ran rejimi taraf\u0131ndan 5 y\u0131l hapis cezas\u0131na \u00e7arpt\u0131r\u0131ld\u0131. Sirwe, Sine Devrim Mahkemesi taraf\u0131ndan teslim olmas\u0131 y\u00f6n\u00fcnde bilgilendirildi. Sirwe Mihemedi\u2019nin, \u201ckamu g\u00fcvenli\u011fini bozmak amac\u0131yla \u00f6rg\u00fct [&hellip;]<\/p>\n","protected":false},"author":2,"featured_media":1033695,"comment_status":"closed","ping_status":"closed","sticky":false,"template":"","format":"standard","meta":{"footnotes":""},"categories":[3],"tags":[31],"class_list":["post-1033693","post","type-post","status-publish","format-standard","has-post-thumbnail","hentry","category-kurdistan","tag-onemli"],"blocksy_meta":[],"seo_head":"<!-- This site is optimized with the Yoast SEO plugin v27.5 - https:\/\/yoast.com\/product\/yoast-seo-wordpress\/ -->\n<title>\u0130ran devleti, g\u00f6n\u00fcll\u00fc K\u00fcrt\u00e7e \u00f6\u011fretmeni 5 y\u0131l hapis cezas\u0131na \u00e7arpt\u0131r\u0131ld\u0131 - Darka Mazi<\/title>\n<meta name=\"robots\" content=\"index, follow, max-snippet:-1, max-image-preview:large, max-video-preview:-1\" \/>\n<link rel=\"canonical\" href=\"https:\/\/darkamazi.site\/archives\/1033693\" \/>\n<meta property=\"og:locale\" content=\"en_US\" \/>\n<meta property=\"og:type\" content=\"article\" \/>\n<meta property=\"og:title\" content=\"\u0130ran devleti, g\u00f6n\u00fcll\u00fc K\u00fcrt\u00e7e \u00f6\u011fretmeni 5 y\u0131l hapis cezas\u0131na \u00e7arpt\u0131r\u0131ld\u0131 - Darka Mazi\" \/>\n<meta property=\"og:description\" content=\"Hengaw, g\u00f6n\u00fcll\u00fc K\u00fcrt\u00e7e \u00f6\u011fretmeni ve sivil aktivist Sirwe Pur Mihemedi\u2019nin \u0130ran rejimi taraf\u0131ndan hapis cezas\u0131na mahkum edildi\u011fini duyurdu. Hengaw \u0130nsan Haklar\u0131 A\u011f\u0131\u2019n\u0131n yay\u0131nlad\u0131\u011f\u0131 habere g\u00f6re K\u00fcrt dili \u00f6\u011fretmeni Sirwe Pur Mihemedi, \u0130ran rejimi taraf\u0131ndan 5 y\u0131l hapis cezas\u0131na \u00e7arpt\u0131r\u0131ld\u0131. Sirwe, Sine Devrim Mahkemesi taraf\u0131ndan teslim olmas\u0131 y\u00f6n\u00fcnde bilgilendirildi. Sirwe Mihemedi\u2019nin, \u201ckamu g\u00fcvenli\u011fini bozmak amac\u0131yla \u00f6rg\u00fct [&hellip;]\" \/>\n<meta property=\"og:url\" content=\"https:\/\/darkamazi.site\/archives\/1033693\" \/>\n<meta property=\"og:site_name\" content=\"Darka Mazi\" \/>\n<meta property=\"article:publisher\" content=\"https:\/\/www.facebook.com\/DarkaMaziturkce\" \/>\n<meta property=\"article:published_time\" content=\"2025-04-19T12:44:05+00:00\" \/>\n<meta property=\"og:image\" content=\"https:\/\/darkamazi.site\/file\/2025\/04\/Hengaw-1.jpg\" \/>\n\t<meta property=\"og:image:width\" content=\"1200\" \/>\n\t<meta property=\"og:image:height\" content=\"675\" \/>\n\t<meta property=\"og:image:type\" content=\"image\/jpeg\" \/>\n<meta name=\"author\" content=\"darka mazi\" \/>\n<meta name=\"twitter:card\" content=\"summary_large_image\" \/>\n<meta name=\"twitter:creator\" content=\"@DarkaMaziTurkce\" \/>\n<meta name=\"twitter:site\" content=\"@DarkaMaziTurkce\" \/>\n<meta name=\"twitter:label1\" content=\"Written by\" \/>\n\t<meta name=\"twitter:data1\" content=\"darka mazi\" \/>\n\t<meta name=\"twitter:label2\" content=\"Est. reading time\" \/>\n\t<meta name=\"twitter:data2\" content=\"1 minute\" \/>\n<script type=\"application\/ld+json\" class=\"seo-schema-graph\">{\"@context\":\"https:\\\/\\\/schema.org\",\"@graph\":[{\"@type\":\"NewsArticle\",\"@id\":\"https:\\\/\\\/darkamazi.site\\\/archives\\\/1033693#article\",\"isPartOf\":{\"@id\":\"https:\\\/\\\/darkamazi.site\\\/archives\\\/1033693\"},\"author\":{\"name\":\"darka mazi\",\"@id\":\"https:\\\/\\\/darkamazi.site\\\/#\\\/schema\\\/person\\\/67986a95ac546c16760365877ef4a9d3\"},\"headline\":\"\u0130ran devleti, g\u00f6n\u00fcll\u00fc K\u00fcrt\u00e7e \u00f6\u011fretmeni 5 y\u0131l hapis cezas\u0131na \u00e7arpt\u0131r\u0131ld\u0131\",\"datePublished\":\"2025-04-19T12:44:05+00:00\",\"mainEntityOfPage\":{\"@id\":\"https:\\\/\\\/darkamazi.site\\\/archives\\\/1033693\"},\"wordCount\":187,\"publisher\":{\"@id\":\"https:\\\/\\\/darkamazi.site\\\/#organization\"},\"image\":{\"@id\":\"https:\\\/\\\/darkamazi.site\\\/archives\\\/1033693#primaryimage\"},\"thumbnailUrl\":\"https:\\\/\\\/darkamazi.site\\\/darka-content\\\/uploads\\\/2025\\\/04\\\/Hengaw-1.jpg\",\"keywords\":[\"\u00f6nemli\"],\"articleSection\":[\"Kurdistan\"],\"inLanguage\":\"en-US\"},{\"@type\":\"WebPage\",\"@id\":\"https:\\\/\\\/darkamazi.site\\\/archives\\\/1033693\",\"url\":\"https:\\\/\\\/darkamazi.site\\\/archives\\\/1033693\",\"name\":\"\u0130ran devleti, g\u00f6n\u00fcll\u00fc K\u00fcrt\u00e7e \u00f6\u011fretmeni 5 y\u0131l hapis cezas\u0131na \u00e7arpt\u0131r\u0131ld\u0131 - Darka Mazi\",\"isPartOf\":{\"@id\":\"https:\\\/\\\/darkamazi.site\\\/#website\"},\"primaryImageOfPage\":{\"@id\":\"https:\\\/\\\/darkamazi.site\\\/archives\\\/1033693#primaryimage\"},\"image\":{\"@id\":\"https:\\\/\\\/darkamazi.site\\\/archives\\\/1033693#primaryimage\"},\"thumbnailUrl\":\"https:\\\/\\\/darkamazi.site\\\/darka-content\\\/uploads\\\/2025\\\/04\\\/Hengaw-1.jpg\",\"datePublished\":\"2025-04-19T12:44:05+00:00\",\"breadcrumb\":{\"@id\":\"https:\\\/\\\/darkamazi.site\\\/archives\\\/1033693#breadcrumb\"},\"inLanguage\":\"en-US\",\"potentialAction\":[{\"@type\":\"ReadAction\",\"target\":[\"https:\\\/\\\/darkamazi.site\\\/archives\\\/1033693\"]}]},{\"@type\":\"ImageObject\",\"inLanguage\":\"en-US\",\"@id\":\"https:\\\/\\\/darkamazi.site\\\/archives\\\/1033693#primaryimage\",\"url\":\"https:\\\/\\\/darkamazi.site\\\/darka-content\\\/uploads\\\/2025\\\/04\\\/Hengaw-1.jpg\",\"contentUrl\":\"https:\\\/\\\/darkamazi.site\\\/darka-content\\\/uploads\\\/2025\\\/04\\\/Hengaw-1.jpg\",\"width\":1200,\"height\":675,\"caption\":\"\u0130ran devleti, g\u00f6n\u00fcll\u00fc K\u00fcrt\u00e7e \u00f6\u011fretmeni 5 y\u0131l hapis cezas\u0131na \u00e7arpt\u0131r\u0131ld\u0131\"},{\"@type\":\"BreadcrumbList\",\"@id\":\"https:\\\/\\\/darkamazi.site\\\/archives\\\/1033693#breadcrumb\",\"itemListElement\":[{\"@type\":\"ListItem\",\"position\":1,\"name\":\"Home\",\"item\":\"https:\\\/\\\/darkamazi.site\\\/\"},{\"@type\":\"ListItem\",\"position\":2,\"name\":\"\u0130ran devleti, g\u00f6n\u00fcll\u00fc K\u00fcrt\u00e7e \u00f6\u011fretmeni 5 y\u0131l hapis cezas\u0131na \u00e7arpt\u0131r\u0131ld\u0131\"}]},{\"@type\":\"WebSite\",\"@id\":\"https:\\\/\\\/darkamazi.site\\\/#website\",\"url\":\"https:\\\/\\\/darkamazi.site\\\/\",\"name\":\"Darka Mazi\",\"description\":\"Ana Sayfa\",\"publisher\":{\"@id\":\"https:\\\/\\\/darkamazi.site\\\/#organization\"},\"potentialAction\":[{\"@type\":\"SearchAction\",\"target\":{\"@type\":\"EntryPoint\",\"urlTemplate\":\"https:\\\/\\\/darkamazi.site\\\/?s={search_term_string}\"},\"query-input\":{\"@type\":\"PropertyValueSpecification\",\"valueRequired\":true,\"valueName\":\"search_term_string\"}}],\"inLanguage\":\"en-US\"},{\"@type\":\"Organization\",\"@id\":\"https:\\\/\\\/darkamazi.site\\\/#organization\",\"name\":\"Darka Mazi T\u00fcrk\u00e7e\",\"alternateName\":\"Darka Mazi\",\"url\":\"https:\\\/\\\/darkamazi.site\\\/\",\"logo\":{\"@type\":\"ImageObject\",\"inLanguage\":\"en-US\",\"@id\":\"https:\\\/\\\/darkamazi.site\\\/#\\\/schema\\\/logo\\\/image\\\/\",\"url\":\"https:\\\/\\\/darkamazi.site\\\/darka-content\\\/uploads\\\/2017\\\/12\\\/darka-mazi-logo.png\",\"contentUrl\":\"https:\\\/\\\/darkamazi.site\\\/darka-content\\\/uploads\\\/2017\\\/12\\\/darka-mazi-logo.png\",\"width\":151,\"height\":75,\"caption\":\"Darka Mazi T\u00fcrk\u00e7e\"},\"image\":{\"@id\":\"https:\\\/\\\/darkamazi.site\\\/#\\\/schema\\\/logo\\\/image\\\/\"},\"sameAs\":[\"https:\\\/\\\/www.facebook.com\\\/DarkaMaziturkce\",\"https:\\\/\\\/x.com\\\/DarkaMaziTurkce\"]},{\"@type\":\"Person\",\"@id\":\"https:\\\/\\\/darkamazi.site\\\/#\\\/schema\\\/person\\\/67986a95ac546c16760365877ef4a9d3\",\"name\":\"darka mazi\",\"sameAs\":[\"https:\\\/\\\/darkamazi.site\"],\"url\":\"https:\\\/\\\/darkamazi.site\\\/archives\\\/author\\\/turkish\"}]}<\/script>\n<!-- \/ Yoast SEO plugin. -->","seo_head_json":{"title":"\u0130ran devleti, g\u00f6n\u00fcll\u00fc K\u00fcrt\u00e7e \u00f6\u011fretmeni 5 y\u0131l hapis cezas\u0131na \u00e7arpt\u0131r\u0131ld\u0131 - Darka Mazi","robots":{"index":"index","follow":"follow","max-snippet":"max-snippet:-1","max-image-preview":"max-image-preview:large","max-video-preview":"max-video-preview:-1"},"canonical":"https:\/\/darkamazi.site\/archives\/1033693","og_locale":"en_US","og_type":"article","og_title":"\u0130ran devleti, g\u00f6n\u00fcll\u00fc K\u00fcrt\u00e7e \u00f6\u011fretmeni 5 y\u0131l hapis cezas\u0131na \u00e7arpt\u0131r\u0131ld\u0131 - Darka Mazi","og_description":"Hengaw, g\u00f6n\u00fcll\u00fc K\u00fcrt\u00e7e \u00f6\u011fretmeni ve sivil aktivist Sirwe Pur Mihemedi\u2019nin \u0130ran rejimi taraf\u0131ndan hapis cezas\u0131na mahkum edildi\u011fini duyurdu. Hengaw \u0130nsan Haklar\u0131 A\u011f\u0131\u2019n\u0131n yay\u0131nlad\u0131\u011f\u0131 habere g\u00f6re K\u00fcrt dili \u00f6\u011fretmeni Sirwe Pur Mihemedi, \u0130ran rejimi taraf\u0131ndan 5 y\u0131l hapis cezas\u0131na \u00e7arpt\u0131r\u0131ld\u0131. Sirwe, Sine Devrim Mahkemesi taraf\u0131ndan teslim olmas\u0131 y\u00f6n\u00fcnde bilgilendirildi. Sirwe Mihemedi\u2019nin, \u201ckamu g\u00fcvenli\u011fini bozmak amac\u0131yla \u00f6rg\u00fct [&hellip;]","og_url":"https:\/\/darkamazi.site\/archives\/1033693","og_site_name":"Darka Mazi","article_publisher":"https:\/\/www.facebook.com\/DarkaMaziturkce","article_published_time":"2025-04-19T12:44:05+00:00","og_image":[{"width":1200,"height":675,"url":"https:\/\/darkamazi.site\/file\/2025\/04\/Hengaw-1.jpg","type":"image\/jpeg"}],"author":"darka mazi","twitter_card":"summary_large_image","twitter_creator":"@DarkaMaziTurkce","twitter_site":"@DarkaMaziTurkce","twitter_misc":{"Written by":"darka mazi","Est. reading time":"1 minute"},"schema":{"@context":"https:\/\/schema.org","@graph":[{"@type":"NewsArticle","@id":"https:\/\/darkamazi.site\/archives\/1033693#article","isPartOf":{"@id":"https:\/\/darkamazi.site\/archives\/1033693"},"author":{"name":"darka mazi","@id":"https:\/\/darkamazi.site\/#\/schema\/person\/67986a95ac546c16760365877ef4a9d3"},"headline":"\u0130ran devleti, g\u00f6n\u00fcll\u00fc K\u00fcrt\u00e7e \u00f6\u011fretmeni 5 y\u0131l hapis cezas\u0131na \u00e7arpt\u0131r\u0131ld\u0131","datePublished":"2025-04-19T12:44:05+00:00","mainEntityOfPage":{"@id":"https:\/\/darkamazi.site\/archives\/1033693"},"wordCount":187,"publisher":{"@id":"https:\/\/darkamazi.site\/#organization"},"image":{"@id":"https:\/\/darkamazi.site\/archives\/1033693#primaryimage"},"thumbnailUrl":"https:\/\/darkamazi.site\/file\/2025\/04\/Hengaw-1.jpg","keywords":["\u00f6nemli"],"articleSection":["Kurdistan"],"inLanguage":"en-US"},{"@type":"WebPage","@id":"https:\/\/darkamazi.site\/archives\/1033693","url":"https:\/\/darkamazi.site\/archives\/1033693","name":"\u0130ran devleti, g\u00f6n\u00fcll\u00fc K\u00fcrt\u00e7e \u00f6\u011fretmeni 5 y\u0131l hapis cezas\u0131na \u00e7arpt\u0131r\u0131ld\u0131 - Darka Mazi","isPartOf":{"@id":"https:\/\/darkamazi.site\/#website"},"primaryImageOfPage":{"@id":"https:\/\/darkamazi.site\/archives\/1033693#primaryimage"},"image":{"@id":"https:\/\/darkamazi.site\/archives\/1033693#primaryimage"},"thumbnailUrl":"https:\/\/darkamazi.site\/file\/2025\/04\/Hengaw-1.jpg","datePublished":"2025-04-19T12:44:05+00:00","breadcrumb":{"@id":"https:\/\/darkamazi.site\/archives\/1033693#breadcrumb"},"inLanguage":"en-US","potentialAction":[{"@type":"ReadAction","target":["https:\/\/darkamazi.site\/archives\/1033693"]}]},{"@type":"ImageObject","inLanguage":"en-US","@id":"https:\/\/darkamazi.site\/archives\/1033693#primaryimage","url":"https:\/\/darkamazi.site\/file\/2025\/04\/Hengaw-1.jpg","contentUrl":"https:\/\/darkamazi.site\/file\/2025\/04\/Hengaw-1.jpg","width":1200,"height":675,"caption":"\u0130ran devleti, g\u00f6n\u00fcll\u00fc K\u00fcrt\u00e7e \u00f6\u011fretmeni 5 y\u0131l hapis cezas\u0131na \u00e7arpt\u0131r\u0131ld\u0131"},{"@type":"BreadcrumbList","@id":"https:\/\/darkamazi.site\/archives\/1033693#breadcrumb","itemListElement":[{"@type":"ListItem","position":1,"name":"Home","item":"https:\/\/darkamazi.site\/"},{"@type":"ListItem","position":2,"name":"\u0130ran devleti, g\u00f6n\u00fcll\u00fc K\u00fcrt\u00e7e \u00f6\u011fretmeni 5 y\u0131l hapis cezas\u0131na \u00e7arpt\u0131r\u0131ld\u0131"}]},{"@type":"WebSite","@id":"https:\/\/darkamazi.site\/#website","url":"https:\/\/darkamazi.site\/","name":"Darka Mazi","description":"Ana Sayfa","publisher":{"@id":"https:\/\/darkamazi.site\/#organization"},"potentialAction":[{"@type":"SearchAction","target":{"@type":"EntryPoint","urlTemplate":"https:\/\/darkamazi.site\/?s={search_term_string}"},"query-input":{"@type":"PropertyValueSpecification","valueRequired":true,"valueName":"search_term_string"}}],"inLanguage":"en-US"},{"@type":"Organization","@id":"https:\/\/darkamazi.site\/#organization","name":"Darka Mazi T\u00fcrk\u00e7e","alternateName":"Darka Mazi","url":"https:\/\/darkamazi.site\/","logo":{"@type":"ImageObject","inLanguage":"en-US","@id":"https:\/\/darkamazi.site\/#\/schema\/logo\/image\/","url":"https:\/\/darkamazi.site\/file\/2017\/12\/darka-mazi-logo.png","contentUrl":"https:\/\/darkamazi.site\/file\/2017\/12\/darka-mazi-logo.png","width":151,"height":75,"caption":"Darka Mazi T\u00fcrk\u00e7e"},"image":{"@id":"https:\/\/darkamazi.site\/#\/schema\/logo\/image\/"},"sameAs":["https:\/\/www.facebook.com\/DarkaMaziturkce","https:\/\/x.com\/DarkaMaziTurkce"]},{"@type":"Person","@id":"https:\/\/darkamazi.site\/#\/schema\/person\/67986a95ac546c16760365877ef4a9d3","name":"darka mazi","sameAs":["https:\/\/darkamazi.site"],"url":"https:\/\/darkamazi.site\/archives\/author\/turkish"}]}},"_links":{"self":[{"href":"https:\/\/darkamazi.site\/funavuv\/wp\/v2\/posts\/1033693","targetHints":{"allow":["GET"]}}],"collection":[{"href":"https:\/\/darkamazi.site\/funavuv\/wp\/v2\/posts"}],"about":[{"href":"https:\/\/darkamazi.site\/funavuv\/wp\/v2\/types\/post"}],"author":[{"embeddable":true,"href":"https:\/\/darkamazi.site\/funavuv\/wp\/v2\/users\/2"}],"replies":[{"embeddable":true,"href":"https:\/\/darkamazi.site\/funavuv\/wp\/v2\/comments?post=1033693"}],"version-history":[{"count":0,"href":"https:\/\/darkamazi.site\/funavuv\/wp\/v2\/posts\/1033693\/revisions"}],"wp:featuredmedia":[{"embeddable":true,"href":"https:\/\/darkamazi.site\/funavuv\/wp\/v2\/media\/1033695"}],"wp:attachment":[{"href":"https:\/\/darkamazi.site\/funavuv\/wp\/v2\/media?parent=1033693"}],"wp:term":[{"taxonomy":"category","embeddable":true,"href":"https:\/\/darkamazi.site\/funavuv\/wp\/v2\/categories?post=1033693"},{"taxonomy":"post_tag","embeddable":true,"href":"https:\/\/darkamazi.site\/funavuv\/wp\/v2\/tags?post=1033693"}],"curies":[{"name":"wp","href":"https:\/\/api.w.org\/{rel}","templated":true}]}}