{"id":1033738,"date":"2025-05-01T17:57:23","date_gmt":"2025-05-01T14:57:23","guid":{"rendered":"https:\/\/darkamazi.site\/?p=1033738"},"modified":"2025-05-01T17:57:23","modified_gmt":"2025-05-01T14:57:23","slug":"mustafa-karasudan-provakatif-enks-aciklamasi-mecbur-kaldiklari-icin-birlige-geldiler","status":"publish","type":"post","link":"https:\/\/darkamazi.site\/archives\/1033738","title":{"rendered":"Mustafa Karasu\u2019dan provakatif ENKS \u00a0a\u00e7\u0131klamas\u0131: Mecbur kald\u0131klar\u0131 i\u00e7in birli\u011fe geldiler"},"content":{"rendered":"<p style=\"text-align: justify\">\n<p style=\"text-align: justify\">KCK Y\u00fcr\u00fctme Konseyi \u00dcyesi Mustafa Karasu PKK\u2019nin Avrupa\u2019da yay\u0131n yapan Medya Haber televizyonuna bir r\u00f6portaj verdi. Karasu konu\u015fmas\u0131nda PKK\u2019nin silah b\u0131rakma meselesi de dahil olmak \u00fczere bir\u00e7ok konuda g\u00f6r\u00fc\u015f belirtti. Karasu a\u00e7\u0131klamas\u0131nda Rojava\u2019da yap\u0131lan K\u00fcrt Birli\u011fi Konferans\u0131n\u0131 da de\u011ferlendirdi ve ENKS hakk\u0131nda provakatif a\u00e7\u0131klamalarda bulundu.<\/p>\n<p style=\"text-align: justify\">Medya Haber TV adl\u0131 yay\u0131n Karasu\u2019nun a\u00e7\u0131klamalar\u0131n\u0131 ilgin\u00e7 bir bi\u00e7imde kendi sosyal medya hesab\u0131ndan s\u0131n\u0131rl\u0131 verdi. Normal yay\u0131n ak\u0131\u015f\u0131nda KCK Y\u00f6neticilerinin a\u00e7\u0131klamalar\u0131n\u0131 k\u0131sa videolar halinde duyuran Medya Haber bu kez a\u00e7\u0131klamay\u0131 X hesab\u0131ndan k\u0131sa videolar olarak vermedi. Ayr\u0131ca PKK medyas\u0131 da Karasu\u2019nun konu\u015fmas\u0131nda ki baz\u0131 ibareleri yaz\u0131ya d\u00f6kmedi.<\/p>\n<p style=\"text-align: justify\">\n<p style=\"text-align: justify\"><strong>Karasu: ENKS\u2019nin ba\u015fka \u00e7aresi kalmad\u0131\u011f\u0131 i\u00e7in birlik g\u00f6r\u00fc\u015fmelerine geldi <\/strong><\/p>\n<p style=\"text-align: justify\">Karasu konu\u015fmas\u0131nda S\u0131rr\u0131 S\u00fcreyya \u00d6nder\u2019in sa\u011fl\u0131k meselesi, \u00d6calan i\u00e7in Roma\u2019da yap\u0131lan konferans gibi bir \u00e7ok noktay\u0131 de\u011ferlendirdikten sonra sonlara do\u011fru \u00f6nemsiz ve tali bir g\u00fcndem gibi ele\u00a0 ald\u0131. Karasu konu\u015fmas\u0131nda ayr\u0131ca ENKS\u2019yi itham eden ve k\u00fc\u00e7\u00fcmseyen s\u00f6zler kulland\u0131.<\/p>\n<p style=\"text-align: justify\">Karasu ENKS\u2019ye ili\u015fkin \u015funlar\u0131 s\u00f6yledi: \u201c\u00d6nce de ENKS \u00e7etelerle birdi, T\u00fcrk devletinin i\u015fgal sald\u0131r\u0131lar\u0131yla birdi. Bir nevi Rojava Devrimi kar\u015f\u0131tl\u0131\u011f\u0131 yap\u0131yorlard\u0131. Ama Colani \u015eam\u2019a gidince, ittifaklar\u0131 da\u011f\u0131ld\u0131, ba\u015fka \u00e7areleri kalmad\u0131, geldiler Kuzey Do\u011fu Suriye\u2019deki \u00f6zerk y\u00f6netimle uzla\u015f\u0131 i\u00e7ine girmeye \u00e7al\u0131\u015ft\u0131lar. PYD ve di\u011fer partilerle uzla\u015fma aray\u0131\u015f\u0131 i\u00e7ine girdiler. \u00a0Bu y\u00f6n\u00fcyle PYD\u2019de Kuzey Do\u011fu Suriye halklar\u0131 da olgun yakla\u015f\u0131m g\u00f6sterdiler. D\u00fcne kadar kar\u015f\u0131tl\u0131k yap\u0131yorlard\u0131, i\u015fgalcileri destekliyorlard\u0131. Efrin i\u015fgalinde desteklediler, Sere Kaniye i\u015fgalinde desteklediler. \u00a0T\u00fcrk devletinden, \u00e7etelerden yana oldular. Efrin i\u015fgalinde desteklediler Koalisyon i\u00e7indeydiler \u00e7etelerle ama o s\u00fcre\u00e7 bitince bakt\u0131lar ki olmuyor, Kuzey Do\u011fu Suriye\u2019de di\u011fer partilerle PYD\u2019deyle uzla\u015f\u0131 i\u00e7ine girmek zorunda kald\u0131lar. Kuzey Do\u011fu Suriye halklar\u0131 da bunlara yok demedi. Madem ittifaktan \u00e7\u0131kt\u0131lar, maden eski tutumlar\u0131n\u0131 s\u00fcrd\u00fcrmeyecekler, T\u00fcrkiye sald\u0131r\u0131lar\u0131n\u0131n, \u00e7etelerinin i\u00e7inde yer almayacaklar dediler, kucak a\u00e7t\u0131lar. Bu konferans\u0131 b\u00f6yle g\u00f6rmek gerekiyor.<\/p>\n<p style=\"text-align: justify\"><strong>Mustafa Karasu: K\u00fcrt birli\u011finin amac\u0131 K\u00fcrtlerin haklar\u0131n\u0131 talep etmek de\u011fildir<\/strong><\/p>\n<p style=\"text-align: justify\">Mustafa Karasu konu\u015fmas\u0131n\u0131n devam\u0131nda Konferans\u0131n \u00d6calan\u2019\u0131n perspektifi ile yap\u0131ld\u0131\u011f\u0131n\u0131 iddia ederek Ba\u015fkan Barzani\u2019nin K\u00fcrt birli\u011fi i\u00e7in g\u00f6sterdi\u011fi \u00e7abalara hi\u00e7 de\u011finmedi. Karasu ayr\u0131ca Konferans\u0131n \u00a0K\u00fcrtlerin haklar\u0131na odaklanmamas\u0131 gerekti\u011fini belirterek \u015funlar\u0131 s\u00f6yledi: \u00d6nderli\u011fin b\u00f6yle bir \u00e7a\u011fr\u0131s\u0131, T\u00fcrk devleti ile ili\u015fkileri yumu\u015fatmas\u0131 \u00a0konferans\u0131n yap\u0131lmas\u0131n\u0131 kolayla\u015ft\u0131rd\u0131. Bizde bu bak\u0131mdan b\u00f6yle bir Konferans\u0131 onaylad\u0131k. Ortak bir heyet olu\u015fturmu\u015flar, tabii olumludur. B\u00fct\u00fcn Suriye\u2019nin demokratikle\u015fmesini savunmalar\u0131 gerekiyor. K\u00fcrtler sadece benim haklar\u0131m derse olmaz. \u00a0K\u00fcrtlerin Suriye\u2019nin demokratikle\u015fmesinde rol\u00fcn\u00fc oynamas\u0131 gerek. Suriye demokratikle\u015fmezse yine anlam\u0131 olmaz. Suriye\u2019nin demokratikle\u015fme a\u00e7\u0131s\u0131ndan bu konferansla kat\u0131lanlar rol\u00fcn\u00fc oynamal\u0131d\u0131r\u201d ifadelerini kulland\u0131.<\/p>\n<p style=\"text-align: justify\"><strong>PKK\u2019nin \u00e7izgisi Suriye\u2019de kaybetmi\u015fti<\/strong><\/p>\n<p style=\"text-align: justify\">Mustafa Karasu\u2019nun Rojava\u2019y\u0131 PKK\u2019nin m\u00fclk\u00fc gibi g\u00f6ren ve birlik g\u00f6r\u00fc\u015fmelerini k\u00fc\u00e7\u00fcmseyen tutumunun PKK\u2019nin hem ge\u00e7mi\u015f prati\u011fini \u00f6rtmek hem de gelecekte birlik g\u00f6r\u00fc\u015fmelerinin ete kemi\u011fe b\u00fcr\u00fcnmesinde p\u00fcr\u00fcz \u00e7\u0131karmak i\u00e7in yap\u0131ld\u0131\u011f\u0131n\u0131 s\u00f6ylemek do\u011fru olacakt\u0131r. Ayr\u0131ca Karasu\u2019nun Ba\u015fkan Barzani\u2019nin Esad rejiminin y\u0131k\u0131lmas\u0131ndan sonra Rojava i\u00e7in g\u00f6sterdi\u011fi emek ve \u00e7abaya hi\u00e7 de\u011finmemesi de PKK\u2019nin rahats\u0131z oldu\u011funu ortaya koymu\u015ftur.<\/p>\n<p style=\"text-align: justify\">Arap Bahar\u2019\u0131 denen s\u00fcre\u00e7teki Suriye krizinin ba\u015flamas\u0131 ile beraber PKK, \u0130ran\u2019\u0131n \u015eii hilali projesinin bir par\u00e7as\u0131 olmu\u015f Irak\u2019ta Ha\u015fdi \u015eabi, Suriye\u2019de Esad rejimi ile ittifak yapm\u0131\u015ft\u0131r. Suriye\u2019deki muhaliflerle hareket etmek yerine Esad rejimi ile i\u015f birli\u011fi halinde olmu\u015f ve 13 y\u0131l boyunca Esad rejiminin \u00f6mr\u00fcn\u00fc uzatm\u0131\u015ft\u0131. Bahoz Erdal, Mustafa Karasu ve Cemil Bay\u0131k gibi PKK y\u00f6neticileri de s\u0131k s\u0131k \u201cBiz olmazsak Esad rejimi ayakta kalamazd\u0131, \u0130ran\u2019a operasyon yap\u0131l\u0131rd\u0131\u201d gibi a\u00e7\u0131klamalar yaparak taraflar\u0131n\u0131 a\u00e7\u0131k etmi\u015flerdi. \u00a0Esad rejiminin d\u00fc\u015fmesi ile beraber b\u00fcy\u00fck bir gerileme ya\u015fan \u0130ran devleti ile PKK\u2019nin de Rojava\u2019daki siyaseti iflas etmi\u015ftir.<\/p>\n<p style=\"text-align: justify\">Ayr\u0131ca ENKS Suriye muhaliflerinin bir orta\u011f\u0131 olmak ile beraber Efrin ve Sere Kaniye i\u015fgallerine destek vermemi\u015ftir.<\/p>\n<p style=\"text-align: justify\">PKK s\u00fcrecin ba\u015f\u0131ndan itibaren ABD ve Fransa gibi devletlerin K\u00fcrtleri bir araya getirmek isteyen tutumlar\u0131na kar\u0131\u015f s\u00fcrekli provokasyon yapm\u0131\u015f ve birlik g\u00f6r\u00fc\u015fmelerini baltalam\u0131\u015ft\u0131r.<\/p>\n<p><strong>Karasu \u201c\u00d6nderlik gelmeden kongre olmaz\u201d:<\/strong><\/p>\n<p style=\"text-align: justify\">Mustafa Karasu ayr\u0131ca a\u00e7\u0131klamas\u0131nda \u00d6calan\u2019\u0131n Kongreye fiziki kat\u0131l\u0131m\u0131 ger\u00e7ekle\u015fmeden Kongre yapmayacaklar\u0131n\u0131 s\u00f6yledi.<\/p>\n<p style=\"text-align: justify\">\n","protected":false},"excerpt":{"rendered":"<p>KCK Y\u00fcr\u00fctme Konseyi \u00dcyesi Mustafa Karasu PKK\u2019nin Avrupa\u2019da yay\u0131n yapan Medya Haber televizyonuna bir r\u00f6portaj verdi. Karasu konu\u015fmas\u0131nda PKK\u2019nin silah b\u0131rakma meselesi de dahil olmak \u00fczere bir\u00e7ok konuda g\u00f6r\u00fc\u015f belirtti. Karasu a\u00e7\u0131klamas\u0131nda Rojava\u2019da yap\u0131lan K\u00fcrt Birli\u011fi Konferans\u0131n\u0131 da de\u011ferlendirdi ve ENKS hakk\u0131nda provakatif a\u00e7\u0131klamalarda bulundu. Medya Haber TV adl\u0131 yay\u0131n Karasu\u2019nun a\u00e7\u0131klamalar\u0131n\u0131 ilgin\u00e7 bir bi\u00e7imde [&hellip;]<\/p>\n","protected":false},"author":2,"featured_media":1033739,"comment_status":"closed","ping_status":"closed","sticky":false,"template":"","format":"standard","meta":{"footnotes":""},"categories":[3],"tags":[31],"class_list":["post-1033738","post","type-post","status-publish","format-standard","has-post-thumbnail","hentry","category-kurdistan","tag-onemli"],"blocksy_meta":[],"seo_head":"<!-- This site is optimized with the Yoast SEO plugin v27.5 - https:\/\/yoast.com\/product\/yoast-seo-wordpress\/ -->\n<title>Mustafa Karasu\u2019dan provakatif ENKS \u00a0a\u00e7\u0131klamas\u0131: Mecbur kald\u0131klar\u0131 i\u00e7in birli\u011fe geldiler - Darka Mazi<\/title>\n<meta name=\"robots\" content=\"index, follow, max-snippet:-1, max-image-preview:large, max-video-preview:-1\" \/>\n<link rel=\"canonical\" href=\"https:\/\/darkamazi.site\/archives\/1033738\" \/>\n<meta property=\"og:locale\" content=\"en_US\" \/>\n<meta property=\"og:type\" content=\"article\" \/>\n<meta property=\"og:title\" content=\"Mustafa Karasu\u2019dan provakatif ENKS \u00a0a\u00e7\u0131klamas\u0131: Mecbur kald\u0131klar\u0131 i\u00e7in birli\u011fe geldiler - Darka Mazi\" \/>\n<meta property=\"og:description\" content=\"KCK Y\u00fcr\u00fctme Konseyi \u00dcyesi Mustafa Karasu PKK\u2019nin Avrupa\u2019da yay\u0131n yapan Medya Haber televizyonuna bir r\u00f6portaj verdi. Karasu konu\u015fmas\u0131nda PKK\u2019nin silah b\u0131rakma meselesi de dahil olmak \u00fczere bir\u00e7ok konuda g\u00f6r\u00fc\u015f belirtti. Karasu a\u00e7\u0131klamas\u0131nda Rojava\u2019da yap\u0131lan K\u00fcrt Birli\u011fi Konferans\u0131n\u0131 da de\u011ferlendirdi ve ENKS hakk\u0131nda provakatif a\u00e7\u0131klamalarda bulundu. Medya Haber TV adl\u0131 yay\u0131n Karasu\u2019nun a\u00e7\u0131klamalar\u0131n\u0131 ilgin\u00e7 bir bi\u00e7imde [&hellip;]\" \/>\n<meta property=\"og:url\" content=\"https:\/\/darkamazi.site\/archives\/1033738\" \/>\n<meta property=\"og:site_name\" content=\"Darka Mazi\" \/>\n<meta property=\"article:publisher\" content=\"https:\/\/www.facebook.com\/DarkaMaziturkce\" \/>\n<meta property=\"article:published_time\" content=\"2025-05-01T14:57:23+00:00\" \/>\n<meta property=\"og:image\" content=\"https:\/\/darkamazi.site\/file\/2025\/05\/Karasu.jpg\" \/>\n\t<meta property=\"og:image:width\" content=\"900\" \/>\n\t<meta property=\"og:image:height\" content=\"497\" \/>\n\t<meta property=\"og:image:type\" content=\"image\/jpeg\" \/>\n<meta name=\"author\" content=\"darka mazi\" \/>\n<meta name=\"twitter:card\" content=\"summary_large_image\" \/>\n<meta name=\"twitter:creator\" content=\"@DarkaMaziTurkce\" \/>\n<meta name=\"twitter:site\" content=\"@DarkaMaziTurkce\" \/>\n<meta name=\"twitter:label1\" content=\"Written by\" \/>\n\t<meta name=\"twitter:data1\" content=\"darka mazi\" \/>\n\t<meta name=\"twitter:label2\" content=\"Est. reading time\" \/>\n\t<meta name=\"twitter:data2\" content=\"3 minutes\" \/>\n<script type=\"application\/ld+json\" class=\"seo-schema-graph\">{\"@context\":\"https:\\\/\\\/schema.org\",\"@graph\":[{\"@type\":\"NewsArticle\",\"@id\":\"https:\\\/\\\/darkamazi.site\\\/archives\\\/1033738#article\",\"isPartOf\":{\"@id\":\"https:\\\/\\\/darkamazi.site\\\/archives\\\/1033738\"},\"author\":{\"name\":\"darka mazi\",\"@id\":\"https:\\\/\\\/darkamazi.site\\\/#\\\/schema\\\/person\\\/67986a95ac546c16760365877ef4a9d3\"},\"headline\":\"Mustafa Karasu\u2019dan provakatif ENKS \u00a0a\u00e7\u0131klamas\u0131: Mecbur kald\u0131klar\u0131 i\u00e7in birli\u011fe geldiler\",\"datePublished\":\"2025-05-01T14:57:23+00:00\",\"mainEntityOfPage\":{\"@id\":\"https:\\\/\\\/darkamazi.site\\\/archives\\\/1033738\"},\"wordCount\":877,\"publisher\":{\"@id\":\"https:\\\/\\\/darkamazi.site\\\/#organization\"},\"image\":{\"@id\":\"https:\\\/\\\/darkamazi.site\\\/archives\\\/1033738#primaryimage\"},\"thumbnailUrl\":\"https:\\\/\\\/darkamazi.site\\\/darka-content\\\/uploads\\\/2025\\\/05\\\/Karasu.jpg\",\"keywords\":[\"\u00f6nemli\"],\"articleSection\":[\"Kurdistan\"],\"inLanguage\":\"en-US\"},{\"@type\":\"WebPage\",\"@id\":\"https:\\\/\\\/darkamazi.site\\\/archives\\\/1033738\",\"url\":\"https:\\\/\\\/darkamazi.site\\\/archives\\\/1033738\",\"name\":\"Mustafa Karasu\u2019dan provakatif ENKS \u00a0a\u00e7\u0131klamas\u0131: Mecbur kald\u0131klar\u0131 i\u00e7in birli\u011fe geldiler - Darka Mazi\",\"isPartOf\":{\"@id\":\"https:\\\/\\\/darkamazi.site\\\/#website\"},\"primaryImageOfPage\":{\"@id\":\"https:\\\/\\\/darkamazi.site\\\/archives\\\/1033738#primaryimage\"},\"image\":{\"@id\":\"https:\\\/\\\/darkamazi.site\\\/archives\\\/1033738#primaryimage\"},\"thumbnailUrl\":\"https:\\\/\\\/darkamazi.site\\\/darka-content\\\/uploads\\\/2025\\\/05\\\/Karasu.jpg\",\"datePublished\":\"2025-05-01T14:57:23+00:00\",\"breadcrumb\":{\"@id\":\"https:\\\/\\\/darkamazi.site\\\/archives\\\/1033738#breadcrumb\"},\"inLanguage\":\"en-US\",\"potentialAction\":[{\"@type\":\"ReadAction\",\"target\":[\"https:\\\/\\\/darkamazi.site\\\/archives\\\/1033738\"]}]},{\"@type\":\"ImageObject\",\"inLanguage\":\"en-US\",\"@id\":\"https:\\\/\\\/darkamazi.site\\\/archives\\\/1033738#primaryimage\",\"url\":\"https:\\\/\\\/darkamazi.site\\\/darka-content\\\/uploads\\\/2025\\\/05\\\/Karasu.jpg\",\"contentUrl\":\"https:\\\/\\\/darkamazi.site\\\/darka-content\\\/uploads\\\/2025\\\/05\\\/Karasu.jpg\",\"width\":900,\"height\":497,\"caption\":\"Mustafa Karasu\u2019dan provakatif ENKS \u00a0a\u00e7\u0131klamas\u0131: Mecbur kald\u0131klar\u0131 i\u00e7in birli\u011fe geldiler\"},{\"@type\":\"BreadcrumbList\",\"@id\":\"https:\\\/\\\/darkamazi.site\\\/archives\\\/1033738#breadcrumb\",\"itemListElement\":[{\"@type\":\"ListItem\",\"position\":1,\"name\":\"Home\",\"item\":\"https:\\\/\\\/darkamazi.site\\\/\"},{\"@type\":\"ListItem\",\"position\":2,\"name\":\"Mustafa Karasu\u2019dan provakatif ENKS \u00a0a\u00e7\u0131klamas\u0131: Mecbur kald\u0131klar\u0131 i\u00e7in birli\u011fe geldiler\"}]},{\"@type\":\"WebSite\",\"@id\":\"https:\\\/\\\/darkamazi.site\\\/#website\",\"url\":\"https:\\\/\\\/darkamazi.site\\\/\",\"name\":\"Darka Mazi\",\"description\":\"Ana Sayfa\",\"publisher\":{\"@id\":\"https:\\\/\\\/darkamazi.site\\\/#organization\"},\"potentialAction\":[{\"@type\":\"SearchAction\",\"target\":{\"@type\":\"EntryPoint\",\"urlTemplate\":\"https:\\\/\\\/darkamazi.site\\\/?s={search_term_string}\"},\"query-input\":{\"@type\":\"PropertyValueSpecification\",\"valueRequired\":true,\"valueName\":\"search_term_string\"}}],\"inLanguage\":\"en-US\"},{\"@type\":\"Organization\",\"@id\":\"https:\\\/\\\/darkamazi.site\\\/#organization\",\"name\":\"Darka Mazi T\u00fcrk\u00e7e\",\"alternateName\":\"Darka Mazi\",\"url\":\"https:\\\/\\\/darkamazi.site\\\/\",\"logo\":{\"@type\":\"ImageObject\",\"inLanguage\":\"en-US\",\"@id\":\"https:\\\/\\\/darkamazi.site\\\/#\\\/schema\\\/logo\\\/image\\\/\",\"url\":\"https:\\\/\\\/darkamazi.site\\\/darka-content\\\/uploads\\\/2017\\\/12\\\/darka-mazi-logo.png\",\"contentUrl\":\"https:\\\/\\\/darkamazi.site\\\/darka-content\\\/uploads\\\/2017\\\/12\\\/darka-mazi-logo.png\",\"width\":151,\"height\":75,\"caption\":\"Darka Mazi T\u00fcrk\u00e7e\"},\"image\":{\"@id\":\"https:\\\/\\\/darkamazi.site\\\/#\\\/schema\\\/logo\\\/image\\\/\"},\"sameAs\":[\"https:\\\/\\\/www.facebook.com\\\/DarkaMaziturkce\",\"https:\\\/\\\/x.com\\\/DarkaMaziTurkce\"]},{\"@type\":\"Person\",\"@id\":\"https:\\\/\\\/darkamazi.site\\\/#\\\/schema\\\/person\\\/67986a95ac546c16760365877ef4a9d3\",\"name\":\"darka mazi\",\"sameAs\":[\"https:\\\/\\\/darkamazi.site\"],\"url\":\"https:\\\/\\\/darkamazi.site\\\/archives\\\/author\\\/turkish\"}]}<\/script>\n<!-- \/ Yoast SEO plugin. -->","seo_head_json":{"title":"Mustafa Karasu\u2019dan provakatif ENKS \u00a0a\u00e7\u0131klamas\u0131: Mecbur kald\u0131klar\u0131 i\u00e7in birli\u011fe geldiler - Darka Mazi","robots":{"index":"index","follow":"follow","max-snippet":"max-snippet:-1","max-image-preview":"max-image-preview:large","max-video-preview":"max-video-preview:-1"},"canonical":"https:\/\/darkamazi.site\/archives\/1033738","og_locale":"en_US","og_type":"article","og_title":"Mustafa Karasu\u2019dan provakatif ENKS \u00a0a\u00e7\u0131klamas\u0131: Mecbur kald\u0131klar\u0131 i\u00e7in birli\u011fe geldiler - Darka Mazi","og_description":"KCK Y\u00fcr\u00fctme Konseyi \u00dcyesi Mustafa Karasu PKK\u2019nin Avrupa\u2019da yay\u0131n yapan Medya Haber televizyonuna bir r\u00f6portaj verdi. Karasu konu\u015fmas\u0131nda PKK\u2019nin silah b\u0131rakma meselesi de dahil olmak \u00fczere bir\u00e7ok konuda g\u00f6r\u00fc\u015f belirtti. Karasu a\u00e7\u0131klamas\u0131nda Rojava\u2019da yap\u0131lan K\u00fcrt Birli\u011fi Konferans\u0131n\u0131 da de\u011ferlendirdi ve ENKS hakk\u0131nda provakatif a\u00e7\u0131klamalarda bulundu. Medya Haber TV adl\u0131 yay\u0131n Karasu\u2019nun a\u00e7\u0131klamalar\u0131n\u0131 ilgin\u00e7 bir bi\u00e7imde [&hellip;]","og_url":"https:\/\/darkamazi.site\/archives\/1033738","og_site_name":"Darka Mazi","article_publisher":"https:\/\/www.facebook.com\/DarkaMaziturkce","article_published_time":"2025-05-01T14:57:23+00:00","og_image":[{"width":900,"height":497,"url":"https:\/\/darkamazi.site\/file\/2025\/05\/Karasu.jpg","type":"image\/jpeg"}],"author":"darka mazi","twitter_card":"summary_large_image","twitter_creator":"@DarkaMaziTurkce","twitter_site":"@DarkaMaziTurkce","twitter_misc":{"Written by":"darka mazi","Est. reading time":"3 minutes"},"schema":{"@context":"https:\/\/schema.org","@graph":[{"@type":"NewsArticle","@id":"https:\/\/darkamazi.site\/archives\/1033738#article","isPartOf":{"@id":"https:\/\/darkamazi.site\/archives\/1033738"},"author":{"name":"darka mazi","@id":"https:\/\/darkamazi.site\/#\/schema\/person\/67986a95ac546c16760365877ef4a9d3"},"headline":"Mustafa Karasu\u2019dan provakatif ENKS \u00a0a\u00e7\u0131klamas\u0131: Mecbur kald\u0131klar\u0131 i\u00e7in birli\u011fe geldiler","datePublished":"2025-05-01T14:57:23+00:00","mainEntityOfPage":{"@id":"https:\/\/darkamazi.site\/archives\/1033738"},"wordCount":877,"publisher":{"@id":"https:\/\/darkamazi.site\/#organization"},"image":{"@id":"https:\/\/darkamazi.site\/archives\/1033738#primaryimage"},"thumbnailUrl":"https:\/\/darkamazi.site\/file\/2025\/05\/Karasu.jpg","keywords":["\u00f6nemli"],"articleSection":["Kurdistan"],"inLanguage":"en-US"},{"@type":"WebPage","@id":"https:\/\/darkamazi.site\/archives\/1033738","url":"https:\/\/darkamazi.site\/archives\/1033738","name":"Mustafa Karasu\u2019dan provakatif ENKS \u00a0a\u00e7\u0131klamas\u0131: Mecbur kald\u0131klar\u0131 i\u00e7in birli\u011fe geldiler - Darka Mazi","isPartOf":{"@id":"https:\/\/darkamazi.site\/#website"},"primaryImageOfPage":{"@id":"https:\/\/darkamazi.site\/archives\/1033738#primaryimage"},"image":{"@id":"https:\/\/darkamazi.site\/archives\/1033738#primaryimage"},"thumbnailUrl":"https:\/\/darkamazi.site\/file\/2025\/05\/Karasu.jpg","datePublished":"2025-05-01T14:57:23+00:00","breadcrumb":{"@id":"https:\/\/darkamazi.site\/archives\/1033738#breadcrumb"},"inLanguage":"en-US","potentialAction":[{"@type":"ReadAction","target":["https:\/\/darkamazi.site\/archives\/1033738"]}]},{"@type":"ImageObject","inLanguage":"en-US","@id":"https:\/\/darkamazi.site\/archives\/1033738#primaryimage","url":"https:\/\/darkamazi.site\/file\/2025\/05\/Karasu.jpg","contentUrl":"https:\/\/darkamazi.site\/file\/2025\/05\/Karasu.jpg","width":900,"height":497,"caption":"Mustafa Karasu\u2019dan provakatif ENKS \u00a0a\u00e7\u0131klamas\u0131: Mecbur kald\u0131klar\u0131 i\u00e7in birli\u011fe geldiler"},{"@type":"BreadcrumbList","@id":"https:\/\/darkamazi.site\/archives\/1033738#breadcrumb","itemListElement":[{"@type":"ListItem","position":1,"name":"Home","item":"https:\/\/darkamazi.site\/"},{"@type":"ListItem","position":2,"name":"Mustafa Karasu\u2019dan provakatif ENKS \u00a0a\u00e7\u0131klamas\u0131: Mecbur kald\u0131klar\u0131 i\u00e7in birli\u011fe geldiler"}]},{"@type":"WebSite","@id":"https:\/\/darkamazi.site\/#website","url":"https:\/\/darkamazi.site\/","name":"Darka Mazi","description":"Ana Sayfa","publisher":{"@id":"https:\/\/darkamazi.site\/#organization"},"potentialAction":[{"@type":"SearchAction","target":{"@type":"EntryPoint","urlTemplate":"https:\/\/darkamazi.site\/?s={search_term_string}"},"query-input":{"@type":"PropertyValueSpecification","valueRequired":true,"valueName":"search_term_string"}}],"inLanguage":"en-US"},{"@type":"Organization","@id":"https:\/\/darkamazi.site\/#organization","name":"Darka Mazi T\u00fcrk\u00e7e","alternateName":"Darka Mazi","url":"https:\/\/darkamazi.site\/","logo":{"@type":"ImageObject","inLanguage":"en-US","@id":"https:\/\/darkamazi.site\/#\/schema\/logo\/image\/","url":"https:\/\/darkamazi.site\/file\/2017\/12\/darka-mazi-logo.png","contentUrl":"https:\/\/darkamazi.site\/file\/2017\/12\/darka-mazi-logo.png","width":151,"height":75,"caption":"Darka Mazi T\u00fcrk\u00e7e"},"image":{"@id":"https:\/\/darkamazi.site\/#\/schema\/logo\/image\/"},"sameAs":["https:\/\/www.facebook.com\/DarkaMaziturkce","https:\/\/x.com\/DarkaMaziTurkce"]},{"@type":"Person","@id":"https:\/\/darkamazi.site\/#\/schema\/person\/67986a95ac546c16760365877ef4a9d3","name":"darka mazi","sameAs":["https:\/\/darkamazi.site"],"url":"https:\/\/darkamazi.site\/archives\/author\/turkish"}]}},"_links":{"self":[{"href":"https:\/\/darkamazi.site\/funavuv\/wp\/v2\/posts\/1033738","targetHints":{"allow":["GET"]}}],"collection":[{"href":"https:\/\/darkamazi.site\/funavuv\/wp\/v2\/posts"}],"about":[{"href":"https:\/\/darkamazi.site\/funavuv\/wp\/v2\/types\/post"}],"author":[{"embeddable":true,"href":"https:\/\/darkamazi.site\/funavuv\/wp\/v2\/users\/2"}],"replies":[{"embeddable":true,"href":"https:\/\/darkamazi.site\/funavuv\/wp\/v2\/comments?post=1033738"}],"version-history":[{"count":0,"href":"https:\/\/darkamazi.site\/funavuv\/wp\/v2\/posts\/1033738\/revisions"}],"wp:featuredmedia":[{"embeddable":true,"href":"https:\/\/darkamazi.site\/funavuv\/wp\/v2\/media\/1033739"}],"wp:attachment":[{"href":"https:\/\/darkamazi.site\/funavuv\/wp\/v2\/media?parent=1033738"}],"wp:term":[{"taxonomy":"category","embeddable":true,"href":"https:\/\/darkamazi.site\/funavuv\/wp\/v2\/categories?post=1033738"},{"taxonomy":"post_tag","embeddable":true,"href":"https:\/\/darkamazi.site\/funavuv\/wp\/v2\/tags?post=1033738"}],"curies":[{"name":"wp","href":"https:\/\/api.w.org\/{rel}","templated":true}]}}