{"id":1033745,"date":"2025-05-02T13:00:02","date_gmt":"2025-05-02T10:00:02","guid":{"rendered":"https:\/\/darkamazi.site\/?p=1033745"},"modified":"2025-05-02T13:00:02","modified_gmt":"2025-05-02T10:00:02","slug":"kurt-ronesansi-kulturel-canlanma-mi-siyasal-direnis-mi","status":"publish","type":"post","link":"https:\/\/darkamazi.site\/archives\/1033745","title":{"rendered":"K\u00fcrt R\u00f6nesans\u0131: K\u00fclt\u00fcrel Canlanma m\u0131, Siyasal Direni\u015f mi?"},"content":{"rendered":"<p style=\"text-align: justify\">K\u00fcrt halk\u0131n\u0131n \u00f6zg\u00fcrle\u015fme ve stat\u00fc kazanma m\u00fccadelesi, yaln\u0131zca bir etnik grubun kendi haklar\u0131na ula\u015fma \u00e7abas\u0131 de\u011fil, ayn\u0131 zamanda Ortado\u011fu\u2019nun yeniden \u015fekilleni\u015fine y\u00f6n verebilecek bir halk hareketidir. Bu m\u00fccadele, b\u00f6lge halklar\u0131n\u0131n ya\u015fam kalitesinin y\u00fckseltilmesine, demokratikle\u015fmenin derinle\u015fmesine ve k\u00fcresel \u00f6l\u00e7ekte bar\u0131\u015f ve istikrara katk\u0131 sunabilecek evrensel potansiyeller bar\u0131nd\u0131rmaktad\u0131r.<\/p>\n<p style=\"text-align: justify\">K\u00fcrt halk\u0131, d\u00f6rt par\u00e7aya b\u00f6l\u00fcnm\u00fc\u015f bir ulus olman\u0131n y\u00fck\u00fcn\u00fc ta\u015f\u0131rken, ortak bir gelecek bilinciyle hareket etmeye y\u00f6nelmi\u015ftir. Bu y\u00f6nelim, \u201cK\u00fcrt R\u00f6nesans\u0131\u201d olarak adland\u0131r\u0131labilecek \u00e7ok boyutlu bir uyan\u0131\u015f\u0131 beraberinde getirmi\u015ftir. Ancak bu r\u00f6nesans yaln\u0131zca k\u00fclt\u00fcrel bir dirili\u015f midir, yoksa siyasal bir direni\u015fin ifadesi midir? Bu sorunun yan\u0131t\u0131, K\u00fcrt toplumunun tarihsel deneyimleri, kolektif haf\u0131zas\u0131 ve g\u00fcn\u00fcm\u00fczdeki sosyo-politik dinamikleri \u00fczerinden anla\u015f\u0131labilir.<\/p>\n<p style=\"text-align: justify\">K\u00fcrt halk\u0131, sek\u00fcler bir ya\u015famdan yana duru\u015f sergileyerek y\u00fcz\u00fcn\u00fc Bat\u0131&#8217;n\u0131n ayd\u0131nlanma de\u011ferlerine d\u00f6nm\u00fc\u015ft\u00fcr. Bu tercih, modernle\u015fme, bireysel hak ve \u00f6zg\u00fcrl\u00fcklere duyulan g\u00fc\u00e7l\u00fc bir inan\u00e7la temellenmektedir. Ger\u00e7ek bir laiklik anlay\u0131\u015f\u0131n\u0131 benimseyen K\u00fcrt toplumu, dinsel kurallar\u0131n de\u011fil, toplumsal s\u00f6zle\u015fmenin belirleyici oldu\u011fu bir ya\u015fam bi\u00e7imini savunmaktad\u0131r. Bu anlamda K\u00fcrt R\u00f6nesans\u0131, sadece ge\u00e7mi\u015fe d\u00f6n\u00fck nostaljik bir k\u00fclt\u00fcrel aray\u0131\u015f de\u011fil; \u00e7a\u011fda\u015f, evrensel de\u011ferlere yaslanan bir toplumsal d\u00f6n\u00fc\u015f\u00fcm hareketidir.<\/p>\n<p style=\"text-align: justify\">Bu d\u00f6n\u00fc\u015f\u00fcm, edebiyat, m\u00fczik, sanat, tarih yaz\u0131m\u0131 ve dil gibi alanlarda yo\u011fun bir \u00fcretkenlik \u015feklinde tezah\u00fcr etmekte; K\u00fcrt kimli\u011finin bast\u0131r\u0131lm\u0131\u015f boyutlar\u0131n\u0131 yeniden g\u00f6r\u00fcn\u00fcr k\u0131lmaktad\u0131r. Ancak bu k\u00fclt\u00fcrel yeniden do\u011fu\u015f, bask\u0131c\u0131 devlet politikalar\u0131 ve ulus-devletlerin ink\u00e2r rejimleri kar\u015f\u0131s\u0131nda do\u011fal olarak siyasal bir direni\u015f niteli\u011fi de ta\u015f\u0131maktad\u0131r. \u00d6zellikle Irak, T\u00fcrkiye, \u0130ran ve Suriye&#8217;deki K\u00fcrt topluluklar\u0131n\u0131n birbirleriyle kurduklar\u0131 organik ba\u011flar, K\u00fcrt meselesini yerelden k\u00fcresele ta\u015f\u0131yan bir etki yaratmaktad\u0131r.<\/p>\n<p style=\"text-align: justify\">K\u00fcrt ulusal birli\u011finin sa\u011flanmas\u0131, par\u00e7alar aras\u0131 \u00e7at\u0131\u015fmas\u0131zl\u0131k ve i\u015fbirli\u011finin art\u0131r\u0131lmas\u0131, K\u00fcrt R\u00f6nesans\u0131\u2019n\u0131n s\u00fcrd\u00fcr\u00fclebilirli\u011fi a\u00e7\u0131s\u0131ndan temel bir gerekliliktir. Bu birlik, sadece d\u0131\u015fsal tehditlere kar\u015f\u0131 ortak savunma mekanizmalar\u0131 de\u011fil, ayn\u0131 zamanda i\u00e7sel demokratikle\u015fme ve \u00e7o\u011fulculuk a\u00e7\u0131s\u0131ndan da elzemdir. K\u00fcrt halk\u0131n\u0131n ulusalla\u015fma s\u00fcreci gecikmi\u015f olsa da, bu s\u00fcre\u00e7 h\u00e2l\u00e2 b\u00f6lgesel bir demokratikle\u015fmenin \u00f6nc\u00fcs\u00fc olabilecek niteliktedir.<\/p>\n<p style=\"text-align: justify\">Sonu\u00e7 olarak K\u00fcrt R\u00f6nesans\u0131, yaln\u0131zca k\u00fclt\u00fcrel bir uyan\u0131\u015f de\u011fil, ayn\u0131 zamanda g\u00fc\u00e7l\u00fc bir siyasal bilin\u00e7lenme ve \u00f6zg\u00fcrl\u00fck iradesidir. Ge\u00e7mi\u015fin miras\u0131yla bug\u00fcn\u00fcn direni\u015fini birle\u015ftiren bu hareket, K\u00fcrt halk\u0131n\u0131 sadece kimli\u011fini tan\u0131tmaya de\u011fil, ayn\u0131 zamanda kendi gelece\u011fini tayin etmeye y\u00f6neltmektedir. Bu s\u00fcre\u00e7te K\u00fcrtlerin ta\u015f\u0131d\u0131\u011f\u0131 bar\u0131\u015f\u00e7\u0131l, laik ve demokratik de\u011ferler, sadece K\u00fcrdistan co\u011frafyas\u0131na de\u011fil, Ortado\u011fu\u2019nun t\u00fcm\u00fcne umut olabilecek bir modelin in\u015fas\u0131n\u0131 m\u00fcmk\u00fcn k\u0131lmaktad\u0131r.<\/p>\n<p style=\"text-align: justify\">Kaynak\u00e7a<\/p>\n<p style=\"text-align: justify\">\n<ol>\n<li>Anderson, Benedict. Hayali Cemaatler: Milliyet\u00e7ili\u011fin K\u00f6kenleri ve Yay\u0131lmas\u0131, \u00e7ev. \u0130skender Sava\u015f\u0131r, Metis Yay\u0131nlar\u0131, 1993.<\/li>\n<\/ol>\n<p style=\"text-align: justify\">\n<ol>\n<li>G\u00fcndo\u011fan, Azad Bar\u0131\u015f. &#8220;K\u00fcrt Hareketinde Laiklik Tart\u0131\u015fmalar\u0131&#8221;, Toplum ve Kuram, 2016<\/li>\n<\/ol>\n<p style=\"text-align: justify\">\n<ol>\n<li>Natali, Denise. K\u00fcrdistan\u2019\u0131n Yeniden \u0130n\u015fas\u0131: Sava\u015f Sonras\u0131 Irak\u2019ta Devlet ve Toplum, \u00e7ev. Zeynep Akt\u00fcrk, \u0130leti\u015fim Yay\u0131nlar\u0131, 2012.<\/li>\n<\/ol>\n<p style=\"text-align: justify\">\n<p style=\"text-align: justify\">\n<ol>\n<li>Bozarslan, Hamit. Modern K\u00fcrt Tarihi: Ulus, Devlet ve Direni\u015f, \u0130leti\u015fim Yay\u0131nlar\u0131, 2021.<\/li>\n<li>Spivak, Gayatri Chakravorty. \u201cAltk\u00fclt\u00fcr Konu\u015fabilir mi?\u201d, S\u00f6ylem ve S\u00f6m\u00fcrgecilik, \u00e7ev. Bar\u0131\u015f Y\u0131ld\u0131r\u0131m, Ayr\u0131nt\u0131 Yay\u0131nlar\u0131, 2006.<\/li>\n<\/ol>\n<p style=\"text-align: justify\">\n<p style=\"text-align: justify\">\n<ol>\n<li>Said, Edward. Oryantalizm, \u00e7ev. Berna \u00dclner, Metis Yay\u0131nlar\u0131, 1998<\/li>\n<li>\u00dcstel, F\u00fcsun. &#8220;Laiklik, Modernle\u015fme ve Ulusal Kimlik&#8221;, Modern T\u00fcrkiye\u2019de Siyasi D\u00fc\u015f\u00fcnce Cilt 3: Modernle\u015fme ve Bat\u0131c\u0131l\u0131k, \u0130leti\u015fim Yay\u0131nlar\u0131, 2002.<\/li>\n<li>Jongerden, Joost &amp; Akkaya, Ahmet Hamdi. \u201cK\u00fcrt Hareketinde Radikal Demokrasi ve Yeni \u00d6znellik\u201d, Alternatif Politika, 2013.<\/li>\n<\/ol>\n<p style=\"text-align: justify\">\n<ol>\n<li>Y\u0131ld\u0131z, Kerem. K\u00fcrtler: Siyasi Bir Rehber, \u00e7ev. Ahmet Do\u011fan, Avesta Yay\u0131nlar\u0131, 2006.<\/li>\n<\/ol>\n<p style=\"text-align: justify\">\n<ol>\n<li>Bay\u0131r, Derya. T\u00fcrkiye\u2019de Az\u0131nl\u0131k Haklar\u0131 ve Hukuk, \u0130stanbul Bilgi \u00dcniversitesi Yay\u0131nlar\u0131, 2017.<\/li>\n<\/ol>\n","protected":false},"excerpt":{"rendered":"<p>K\u00fcrt halk\u0131n\u0131n \u00f6zg\u00fcrle\u015fme ve stat\u00fc kazanma m\u00fccadelesi, yaln\u0131zca bir etnik grubun kendi haklar\u0131na ula\u015fma \u00e7abas\u0131 de\u011fil, ayn\u0131 zamanda Ortado\u011fu\u2019nun yeniden \u015fekilleni\u015fine y\u00f6n verebilecek bir halk hareketidir. Bu m\u00fccadele, b\u00f6lge halklar\u0131n\u0131n ya\u015fam kalitesinin y\u00fckseltilmesine, demokratikle\u015fmenin derinle\u015fmesine ve k\u00fcresel \u00f6l\u00e7ekte bar\u0131\u015f ve istikrara katk\u0131 sunabilecek evrensel potansiyeller bar\u0131nd\u0131rmaktad\u0131r. K\u00fcrt halk\u0131, d\u00f6rt par\u00e7aya b\u00f6l\u00fcnm\u00fc\u015f bir ulus olman\u0131n y\u00fck\u00fcn\u00fc [&hellip;]<\/p>\n","protected":false},"author":2,"featured_media":1033747,"comment_status":"closed","ping_status":"closed","sticky":false,"template":"","format":"standard","meta":{"footnotes":""},"categories":[26],"tags":[31],"class_list":["post-1033745","post","type-post","status-publish","format-standard","has-post-thumbnail","hentry","category-forum","tag-onemli"],"blocksy_meta":[],"seo_head":"<!-- This site is optimized with the Yoast SEO plugin v27.5 - https:\/\/yoast.com\/product\/yoast-seo-wordpress\/ -->\n<title>K\u00fcrt R\u00f6nesans\u0131: K\u00fclt\u00fcrel Canlanma m\u0131, Siyasal Direni\u015f mi? - Darka Mazi<\/title>\n<meta name=\"robots\" content=\"index, follow, max-snippet:-1, max-image-preview:large, max-video-preview:-1\" \/>\n<link rel=\"canonical\" href=\"https:\/\/darkamazi.site\/archives\/1033745\" \/>\n<meta property=\"og:locale\" content=\"en_US\" \/>\n<meta property=\"og:type\" content=\"article\" \/>\n<meta property=\"og:title\" content=\"K\u00fcrt R\u00f6nesans\u0131: K\u00fclt\u00fcrel Canlanma m\u0131, Siyasal Direni\u015f mi? - Darka Mazi\" \/>\n<meta property=\"og:description\" content=\"K\u00fcrt halk\u0131n\u0131n \u00f6zg\u00fcrle\u015fme ve stat\u00fc kazanma m\u00fccadelesi, yaln\u0131zca bir etnik grubun kendi haklar\u0131na ula\u015fma \u00e7abas\u0131 de\u011fil, ayn\u0131 zamanda Ortado\u011fu\u2019nun yeniden \u015fekilleni\u015fine y\u00f6n verebilecek bir halk hareketidir. Bu m\u00fccadele, b\u00f6lge halklar\u0131n\u0131n ya\u015fam kalitesinin y\u00fckseltilmesine, demokratikle\u015fmenin derinle\u015fmesine ve k\u00fcresel \u00f6l\u00e7ekte bar\u0131\u015f ve istikrara katk\u0131 sunabilecek evrensel potansiyeller bar\u0131nd\u0131rmaktad\u0131r. K\u00fcrt halk\u0131, d\u00f6rt par\u00e7aya b\u00f6l\u00fcnm\u00fc\u015f bir ulus olman\u0131n y\u00fck\u00fcn\u00fc [&hellip;]\" \/>\n<meta property=\"og:url\" content=\"https:\/\/darkamazi.site\/archives\/1033745\" \/>\n<meta property=\"og:site_name\" content=\"Darka Mazi\" \/>\n<meta property=\"article:publisher\" content=\"https:\/\/www.facebook.com\/DarkaMaziturkce\" \/>\n<meta property=\"article:published_time\" content=\"2025-05-02T10:00:02+00:00\" \/>\n<meta property=\"og:image\" content=\"https:\/\/darkamazi.site\/file\/2025\/05\/Husamettinpsd.jpg\" \/>\n\t<meta property=\"og:image:width\" content=\"900\" \/>\n\t<meta property=\"og:image:height\" content=\"497\" \/>\n\t<meta property=\"og:image:type\" content=\"image\/jpeg\" \/>\n<meta name=\"author\" content=\"darka mazi\" \/>\n<meta name=\"twitter:card\" content=\"summary_large_image\" \/>\n<meta name=\"twitter:creator\" content=\"@DarkaMaziTurkce\" \/>\n<meta name=\"twitter:site\" content=\"@DarkaMaziTurkce\" \/>\n<meta name=\"twitter:label1\" content=\"Written by\" \/>\n\t<meta name=\"twitter:data1\" content=\"darka mazi\" \/>\n\t<meta name=\"twitter:label2\" content=\"Est. reading time\" \/>\n\t<meta name=\"twitter:data2\" content=\"3 minutes\" \/>\n<script type=\"application\/ld+json\" class=\"seo-schema-graph\">{\"@context\":\"https:\\\/\\\/schema.org\",\"@graph\":[{\"@type\":\"NewsArticle\",\"@id\":\"https:\\\/\\\/darkamazi.site\\\/archives\\\/1033745#article\",\"isPartOf\":{\"@id\":\"https:\\\/\\\/darkamazi.site\\\/archives\\\/1033745\"},\"author\":{\"name\":\"darka mazi\",\"@id\":\"https:\\\/\\\/darkamazi.site\\\/#\\\/schema\\\/person\\\/67986a95ac546c16760365877ef4a9d3\"},\"headline\":\"K\u00fcrt R\u00f6nesans\u0131: K\u00fclt\u00fcrel Canlanma m\u0131, Siyasal Direni\u015f mi?\",\"datePublished\":\"2025-05-02T10:00:02+00:00\",\"mainEntityOfPage\":{\"@id\":\"https:\\\/\\\/darkamazi.site\\\/archives\\\/1033745\"},\"wordCount\":755,\"publisher\":{\"@id\":\"https:\\\/\\\/darkamazi.site\\\/#organization\"},\"image\":{\"@id\":\"https:\\\/\\\/darkamazi.site\\\/archives\\\/1033745#primaryimage\"},\"thumbnailUrl\":\"https:\\\/\\\/darkamazi.site\\\/darka-content\\\/uploads\\\/2025\\\/05\\\/Husamettinpsd.jpg\",\"keywords\":[\"\u00f6nemli\"],\"articleSection\":[\"Forum\"],\"inLanguage\":\"en-US\"},{\"@type\":\"WebPage\",\"@id\":\"https:\\\/\\\/darkamazi.site\\\/archives\\\/1033745\",\"url\":\"https:\\\/\\\/darkamazi.site\\\/archives\\\/1033745\",\"name\":\"K\u00fcrt R\u00f6nesans\u0131: K\u00fclt\u00fcrel Canlanma m\u0131, Siyasal Direni\u015f mi? - Darka Mazi\",\"isPartOf\":{\"@id\":\"https:\\\/\\\/darkamazi.site\\\/#website\"},\"primaryImageOfPage\":{\"@id\":\"https:\\\/\\\/darkamazi.site\\\/archives\\\/1033745#primaryimage\"},\"image\":{\"@id\":\"https:\\\/\\\/darkamazi.site\\\/archives\\\/1033745#primaryimage\"},\"thumbnailUrl\":\"https:\\\/\\\/darkamazi.site\\\/darka-content\\\/uploads\\\/2025\\\/05\\\/Husamettinpsd.jpg\",\"datePublished\":\"2025-05-02T10:00:02+00:00\",\"breadcrumb\":{\"@id\":\"https:\\\/\\\/darkamazi.site\\\/archives\\\/1033745#breadcrumb\"},\"inLanguage\":\"en-US\",\"potentialAction\":[{\"@type\":\"ReadAction\",\"target\":[\"https:\\\/\\\/darkamazi.site\\\/archives\\\/1033745\"]}]},{\"@type\":\"ImageObject\",\"inLanguage\":\"en-US\",\"@id\":\"https:\\\/\\\/darkamazi.site\\\/archives\\\/1033745#primaryimage\",\"url\":\"https:\\\/\\\/darkamazi.site\\\/darka-content\\\/uploads\\\/2025\\\/05\\\/Husamettinpsd.jpg\",\"contentUrl\":\"https:\\\/\\\/darkamazi.site\\\/darka-content\\\/uploads\\\/2025\\\/05\\\/Husamettinpsd.jpg\",\"width\":900,\"height\":497,\"caption\":\"S\u00fcrg\u00fcn\u00fcn Sesi, Direni\u015fin Ritimleri: Xatar\u2019\u0131n Ya\u015fam\u0131nda K\u00fcrt Kimli\u011fi ve K\u00fclt\u00fcrel M\u00fccadele H\u00fcsamettin Turan\"},{\"@type\":\"BreadcrumbList\",\"@id\":\"https:\\\/\\\/darkamazi.site\\\/archives\\\/1033745#breadcrumb\",\"itemListElement\":[{\"@type\":\"ListItem\",\"position\":1,\"name\":\"Home\",\"item\":\"https:\\\/\\\/darkamazi.site\\\/\"},{\"@type\":\"ListItem\",\"position\":2,\"name\":\"K\u00fcrt R\u00f6nesans\u0131: K\u00fclt\u00fcrel Canlanma m\u0131, Siyasal Direni\u015f mi?\"}]},{\"@type\":\"WebSite\",\"@id\":\"https:\\\/\\\/darkamazi.site\\\/#website\",\"url\":\"https:\\\/\\\/darkamazi.site\\\/\",\"name\":\"Darka Mazi\",\"description\":\"Ana Sayfa\",\"publisher\":{\"@id\":\"https:\\\/\\\/darkamazi.site\\\/#organization\"},\"potentialAction\":[{\"@type\":\"SearchAction\",\"target\":{\"@type\":\"EntryPoint\",\"urlTemplate\":\"https:\\\/\\\/darkamazi.site\\\/?s={search_term_string}\"},\"query-input\":{\"@type\":\"PropertyValueSpecification\",\"valueRequired\":true,\"valueName\":\"search_term_string\"}}],\"inLanguage\":\"en-US\"},{\"@type\":\"Organization\",\"@id\":\"https:\\\/\\\/darkamazi.site\\\/#organization\",\"name\":\"Darka Mazi T\u00fcrk\u00e7e\",\"alternateName\":\"Darka Mazi\",\"url\":\"https:\\\/\\\/darkamazi.site\\\/\",\"logo\":{\"@type\":\"ImageObject\",\"inLanguage\":\"en-US\",\"@id\":\"https:\\\/\\\/darkamazi.site\\\/#\\\/schema\\\/logo\\\/image\\\/\",\"url\":\"https:\\\/\\\/darkamazi.site\\\/darka-content\\\/uploads\\\/2017\\\/12\\\/darka-mazi-logo.png\",\"contentUrl\":\"https:\\\/\\\/darkamazi.site\\\/darka-content\\\/uploads\\\/2017\\\/12\\\/darka-mazi-logo.png\",\"width\":151,\"height\":75,\"caption\":\"Darka Mazi T\u00fcrk\u00e7e\"},\"image\":{\"@id\":\"https:\\\/\\\/darkamazi.site\\\/#\\\/schema\\\/logo\\\/image\\\/\"},\"sameAs\":[\"https:\\\/\\\/www.facebook.com\\\/DarkaMaziturkce\",\"https:\\\/\\\/x.com\\\/DarkaMaziTurkce\"]},{\"@type\":\"Person\",\"@id\":\"https:\\\/\\\/darkamazi.site\\\/#\\\/schema\\\/person\\\/67986a95ac546c16760365877ef4a9d3\",\"name\":\"darka mazi\",\"sameAs\":[\"https:\\\/\\\/darkamazi.site\"],\"url\":\"https:\\\/\\\/darkamazi.site\\\/archives\\\/author\\\/turkish\"}]}<\/script>\n<!-- \/ Yoast SEO plugin. -->","seo_head_json":{"title":"K\u00fcrt R\u00f6nesans\u0131: K\u00fclt\u00fcrel Canlanma m\u0131, Siyasal Direni\u015f mi? - Darka Mazi","robots":{"index":"index","follow":"follow","max-snippet":"max-snippet:-1","max-image-preview":"max-image-preview:large","max-video-preview":"max-video-preview:-1"},"canonical":"https:\/\/darkamazi.site\/archives\/1033745","og_locale":"en_US","og_type":"article","og_title":"K\u00fcrt R\u00f6nesans\u0131: K\u00fclt\u00fcrel Canlanma m\u0131, Siyasal Direni\u015f mi? - Darka Mazi","og_description":"K\u00fcrt halk\u0131n\u0131n \u00f6zg\u00fcrle\u015fme ve stat\u00fc kazanma m\u00fccadelesi, yaln\u0131zca bir etnik grubun kendi haklar\u0131na ula\u015fma \u00e7abas\u0131 de\u011fil, ayn\u0131 zamanda Ortado\u011fu\u2019nun yeniden \u015fekilleni\u015fine y\u00f6n verebilecek bir halk hareketidir. Bu m\u00fccadele, b\u00f6lge halklar\u0131n\u0131n ya\u015fam kalitesinin y\u00fckseltilmesine, demokratikle\u015fmenin derinle\u015fmesine ve k\u00fcresel \u00f6l\u00e7ekte bar\u0131\u015f ve istikrara katk\u0131 sunabilecek evrensel potansiyeller bar\u0131nd\u0131rmaktad\u0131r. K\u00fcrt halk\u0131, d\u00f6rt par\u00e7aya b\u00f6l\u00fcnm\u00fc\u015f bir ulus olman\u0131n y\u00fck\u00fcn\u00fc [&hellip;]","og_url":"https:\/\/darkamazi.site\/archives\/1033745","og_site_name":"Darka Mazi","article_publisher":"https:\/\/www.facebook.com\/DarkaMaziturkce","article_published_time":"2025-05-02T10:00:02+00:00","og_image":[{"width":900,"height":497,"url":"https:\/\/darkamazi.site\/file\/2025\/05\/Husamettinpsd.jpg","type":"image\/jpeg"}],"author":"darka mazi","twitter_card":"summary_large_image","twitter_creator":"@DarkaMaziTurkce","twitter_site":"@DarkaMaziTurkce","twitter_misc":{"Written by":"darka mazi","Est. reading time":"3 minutes"},"schema":{"@context":"https:\/\/schema.org","@graph":[{"@type":"NewsArticle","@id":"https:\/\/darkamazi.site\/archives\/1033745#article","isPartOf":{"@id":"https:\/\/darkamazi.site\/archives\/1033745"},"author":{"name":"darka mazi","@id":"https:\/\/darkamazi.site\/#\/schema\/person\/67986a95ac546c16760365877ef4a9d3"},"headline":"K\u00fcrt R\u00f6nesans\u0131: K\u00fclt\u00fcrel Canlanma m\u0131, Siyasal Direni\u015f mi?","datePublished":"2025-05-02T10:00:02+00:00","mainEntityOfPage":{"@id":"https:\/\/darkamazi.site\/archives\/1033745"},"wordCount":755,"publisher":{"@id":"https:\/\/darkamazi.site\/#organization"},"image":{"@id":"https:\/\/darkamazi.site\/archives\/1033745#primaryimage"},"thumbnailUrl":"https:\/\/darkamazi.site\/file\/2025\/05\/Husamettinpsd.jpg","keywords":["\u00f6nemli"],"articleSection":["Forum"],"inLanguage":"en-US"},{"@type":"WebPage","@id":"https:\/\/darkamazi.site\/archives\/1033745","url":"https:\/\/darkamazi.site\/archives\/1033745","name":"K\u00fcrt R\u00f6nesans\u0131: K\u00fclt\u00fcrel Canlanma m\u0131, Siyasal Direni\u015f mi? - Darka Mazi","isPartOf":{"@id":"https:\/\/darkamazi.site\/#website"},"primaryImageOfPage":{"@id":"https:\/\/darkamazi.site\/archives\/1033745#primaryimage"},"image":{"@id":"https:\/\/darkamazi.site\/archives\/1033745#primaryimage"},"thumbnailUrl":"https:\/\/darkamazi.site\/file\/2025\/05\/Husamettinpsd.jpg","datePublished":"2025-05-02T10:00:02+00:00","breadcrumb":{"@id":"https:\/\/darkamazi.site\/archives\/1033745#breadcrumb"},"inLanguage":"en-US","potentialAction":[{"@type":"ReadAction","target":["https:\/\/darkamazi.site\/archives\/1033745"]}]},{"@type":"ImageObject","inLanguage":"en-US","@id":"https:\/\/darkamazi.site\/archives\/1033745#primaryimage","url":"https:\/\/darkamazi.site\/file\/2025\/05\/Husamettinpsd.jpg","contentUrl":"https:\/\/darkamazi.site\/file\/2025\/05\/Husamettinpsd.jpg","width":900,"height":497,"caption":"S\u00fcrg\u00fcn\u00fcn Sesi, Direni\u015fin Ritimleri: Xatar\u2019\u0131n Ya\u015fam\u0131nda K\u00fcrt Kimli\u011fi ve K\u00fclt\u00fcrel M\u00fccadele H\u00fcsamettin Turan"},{"@type":"BreadcrumbList","@id":"https:\/\/darkamazi.site\/archives\/1033745#breadcrumb","itemListElement":[{"@type":"ListItem","position":1,"name":"Home","item":"https:\/\/darkamazi.site\/"},{"@type":"ListItem","position":2,"name":"K\u00fcrt R\u00f6nesans\u0131: K\u00fclt\u00fcrel Canlanma m\u0131, Siyasal Direni\u015f mi?"}]},{"@type":"WebSite","@id":"https:\/\/darkamazi.site\/#website","url":"https:\/\/darkamazi.site\/","name":"Darka Mazi","description":"Ana Sayfa","publisher":{"@id":"https:\/\/darkamazi.site\/#organization"},"potentialAction":[{"@type":"SearchAction","target":{"@type":"EntryPoint","urlTemplate":"https:\/\/darkamazi.site\/?s={search_term_string}"},"query-input":{"@type":"PropertyValueSpecification","valueRequired":true,"valueName":"search_term_string"}}],"inLanguage":"en-US"},{"@type":"Organization","@id":"https:\/\/darkamazi.site\/#organization","name":"Darka Mazi T\u00fcrk\u00e7e","alternateName":"Darka Mazi","url":"https:\/\/darkamazi.site\/","logo":{"@type":"ImageObject","inLanguage":"en-US","@id":"https:\/\/darkamazi.site\/#\/schema\/logo\/image\/","url":"https:\/\/darkamazi.site\/file\/2017\/12\/darka-mazi-logo.png","contentUrl":"https:\/\/darkamazi.site\/file\/2017\/12\/darka-mazi-logo.png","width":151,"height":75,"caption":"Darka Mazi T\u00fcrk\u00e7e"},"image":{"@id":"https:\/\/darkamazi.site\/#\/schema\/logo\/image\/"},"sameAs":["https:\/\/www.facebook.com\/DarkaMaziturkce","https:\/\/x.com\/DarkaMaziTurkce"]},{"@type":"Person","@id":"https:\/\/darkamazi.site\/#\/schema\/person\/67986a95ac546c16760365877ef4a9d3","name":"darka mazi","sameAs":["https:\/\/darkamazi.site"],"url":"https:\/\/darkamazi.site\/archives\/author\/turkish"}]}},"_links":{"self":[{"href":"https:\/\/darkamazi.site\/funavuv\/wp\/v2\/posts\/1033745","targetHints":{"allow":["GET"]}}],"collection":[{"href":"https:\/\/darkamazi.site\/funavuv\/wp\/v2\/posts"}],"about":[{"href":"https:\/\/darkamazi.site\/funavuv\/wp\/v2\/types\/post"}],"author":[{"embeddable":true,"href":"https:\/\/darkamazi.site\/funavuv\/wp\/v2\/users\/2"}],"replies":[{"embeddable":true,"href":"https:\/\/darkamazi.site\/funavuv\/wp\/v2\/comments?post=1033745"}],"version-history":[{"count":0,"href":"https:\/\/darkamazi.site\/funavuv\/wp\/v2\/posts\/1033745\/revisions"}],"wp:featuredmedia":[{"embeddable":true,"href":"https:\/\/darkamazi.site\/funavuv\/wp\/v2\/media\/1033747"}],"wp:attachment":[{"href":"https:\/\/darkamazi.site\/funavuv\/wp\/v2\/media?parent=1033745"}],"wp:term":[{"taxonomy":"category","embeddable":true,"href":"https:\/\/darkamazi.site\/funavuv\/wp\/v2\/categories?post=1033745"},{"taxonomy":"post_tag","embeddable":true,"href":"https:\/\/darkamazi.site\/funavuv\/wp\/v2\/tags?post=1033745"}],"curies":[{"name":"wp","href":"https:\/\/api.w.org\/{rel}","templated":true}]}}