{"id":1033825,"date":"2025-05-10T19:52:44","date_gmt":"2025-05-10T16:52:44","guid":{"rendered":"https:\/\/darkamazi.site\/?p=1033825"},"modified":"2025-05-10T19:52:44","modified_gmt":"2025-05-10T16:52:44","slug":"kurt-alman-rap-efsanesi-xatar-almanyada-hayatini-kaybetti","status":"publish","type":"post","link":"https:\/\/darkamazi.site\/archives\/1033825","title":{"rendered":"K\u00fcrt-Alman \u2018Rap Efsanesi\u2019 Xatar Almanya\u2019da hayat\u0131n\u0131 kaybetti"},"content":{"rendered":"<p style=\"text-align: justify\">\u00a0K\u00fcrt-Alman rap sanat\u00e7\u0131s\u0131, prod\u00fckt\u00f6r ve yap\u0131mc\u0131 Jiwar Hajabi, bilinen ad\u0131yla\u00a0<strong>Xatar<\/strong>, 43 ya\u015f\u0131nda Almanya\u2019n\u0131n K\u00f6ln kentinde hayat\u0131n\u0131 kaybetti.<\/p>\n<p style=\"text-align: justify\">\u00d6l\u00fcm nedeni hen\u00fcz a\u00e7\u0131klanmazken, yak\u0131n \u00e7evresi ve dostlar\u0131 haberi do\u011frulad\u0131. \u00dcnl\u00fc sanat\u00e7\u0131n\u0131n Per\u015fembe gecesi (8 May\u0131s 2025) ya\u015fam\u0131n\u0131 yitirdi\u011fi bildirildi.<\/p>\n<p style=\"text-align: justify\"><strong>G\u00f6\u00e7le ba\u015flayan bir yolculuk<\/strong><\/p>\n<p style=\"text-align: justify\">24 Aral\u0131k 1981&#8217;de Rojh\u0131lat\u2019\u0131n Sine kentinde do\u011fan Jiwar Hajabi, \u00e7ocuk ya\u015fta ailesiyle birlikte Almanya\u2019ya g\u00f6\u00e7 etti. Zorlu bir \u00e7ocukluk d\u00f6nemi ge\u00e7irdikten sonra m\u00fczi\u011fe y\u00f6nelen Hajabi, k\u0131sa s\u00fcrede Almanya&#8217;n\u0131n en dikkat \u00e7eken rap sanat\u00e7\u0131lar\u0131ndan biri h\u00e2line geldi.<\/p>\n<p style=\"text-align: justify\">1990\u2019l\u0131 y\u0131llar\u0131n ba\u015f\u0131nda &#8220;Xatar&#8221; sahne ad\u0131n\u0131 benimsedi. Bu ismi, tehlikeli oldu\u011fu i\u00e7in de\u011fil, Almanca\u2019da g\u00fc\u00e7l\u00fc ve dikkat \u00e7ekici \u015feyler i\u00e7in kullan\u0131lan \u201cBu Xatar\u2019d\u0131r\u201d deyiminden esinlenerek se\u00e7ti\u011fini s\u00f6ylemi\u015fti.<\/p>\n<p style=\"text-align: justify\"><strong>\u00d6l\u00fcm nedeni bilinmiyor<\/strong><\/p>\n<p style=\"text-align: justify\">Xatar\u2019\u0131n \u00f6l\u00fcm haberi, 8 May\u0131s 2025 Per\u015fembe gecesi geldi. \u00d6l\u00fcm nedeni \u015fu ana kadar a\u00e7\u0131klanmad\u0131. Ancak Alman gazetesi\u00a0<em>Bild<\/em>\u2019in haberine g\u00f6re, K\u00f6ln&#8217;deki evinde hayat\u0131n\u0131 kaybetti. Sanat\u00e7\u0131n\u0131n ailesi hen\u00fcz resmi bir a\u00e7\u0131klama yapmad\u0131, ancak yak\u0131n dostlar\u0131 ve \u00e7evresi, hem\u00a0<em>Rudaw<\/em>\u00a0hem de sosyal medya \u00fczerinden haberi do\u011frulad\u0131.<\/p>\n<p style=\"text-align: justify\"><strong>Sanat hayat\u0131nda derin izler b\u0131rakt\u0131<\/strong><\/p>\n<p style=\"text-align: justify\">Xatar, kariyeri boyunca\u00a0alt\u0131 alb\u00fcm, 17 single, d\u00f6rt film ve bir otobiyografi\u00a0yay\u0131mlad\u0131. 2022 y\u0131l\u0131nda \u00e7\u0131kan ve kendi hayat\u0131n\u0131 konu alan\u00a0<strong>\u201cRheingold\u201d<\/strong>\u00a0adl\u0131 film, Alman sinemas\u0131nda b\u00fcy\u00fck bir ilgi g\u00f6rd\u00fc ve gi\u015fe rekorlar\u0131 k\u0131rd\u0131. Sanat\u00e7\u0131n\u0131n ya\u015fam\u0131 ve m\u00fccadelesi, Almanya ve Avrupa medyas\u0131nda bir\u00e7ok belgesele ve \u00f6zel r\u00f6portaja konu oldu. \u00d6zellikle cezaevinde ge\u00e7irdi\u011fi d\u00f6nem ve sonras\u0131nda g\u00f6sterdi\u011fi d\u00f6n\u00fc\u015f\u00fcm, kamuoyunun ilgisini \u00e7ekti.<\/p>\n<p style=\"text-align: justify\"><strong>M\u00fczik d\u0131\u015f\u0131nda da etkili bir fig\u00fcrd\u00fc<\/strong><\/p>\n<p style=\"text-align: justify\">Xatar yaln\u0131zca bir m\u00fczisyen de\u011fil, ayn\u0131 zamanda\u00a0<strong>ba\u015far\u0131l\u0131 bir i\u015f insan\u0131yd\u0131<\/strong>. Almanya\u2019n\u0131n b\u00fcy\u00fck \u015fehirlerinde kurdu\u011fu restoran zinciriyle tan\u0131nd\u0131. Evliydi ve iki \u00e7ocuk babas\u0131yd\u0131. Ya\u015fam\u0131 boyunca hem K\u00fcrt hem Alman kimli\u011fini g\u00fc\u00e7l\u00fc \u015fekilde ta\u015f\u0131yan Xatar, diasporada ya\u015fayan bir\u00e7ok K\u00fcrt gencine ilham kayna\u011f\u0131 oldu.<\/p>\n<p style=\"text-align: justify\"><strong>Almanya&#8217;da Yas: &#8220;Bir rap efsanesi gitti&#8221;<\/strong><\/p>\n<p style=\"text-align: justify\">Alman bas\u0131n\u0131, Xatar&#8217;\u0131n \u00f6l\u00fcm\u00fcn\u00fc \u201cBir rap efsanesi aram\u0131zdan ayr\u0131ld\u0131\u201d ba\u015fl\u0131klar\u0131yla duyurdu. \u00dclkenin tan\u0131nm\u0131\u015f sanat\u00e7\u0131lar\u0131 ve k\u00fclt\u00fcr-sanat \u00e7evreleri, onun ard\u0131ndan taziye mesajlar\u0131 payla\u015ft\u0131. Xatar\u2019\u0131n hem m\u00fczikteki etkisi hem de hayat hikayesi, K\u00fcrt ve Alman toplumlar\u0131 aras\u0131nda bir k\u00f6pr\u00fc olarak de\u011ferlendiriliyor.<\/p>\n<p style=\"text-align: justify\">kaynak: Rudaw<\/p>\n","protected":false},"excerpt":{"rendered":"<p>\u00a0K\u00fcrt-Alman rap sanat\u00e7\u0131s\u0131, prod\u00fckt\u00f6r ve yap\u0131mc\u0131 Jiwar Hajabi, bilinen ad\u0131yla\u00a0Xatar, 43 ya\u015f\u0131nda Almanya\u2019n\u0131n K\u00f6ln kentinde hayat\u0131n\u0131 kaybetti. \u00d6l\u00fcm nedeni hen\u00fcz a\u00e7\u0131klanmazken, yak\u0131n \u00e7evresi ve dostlar\u0131 haberi do\u011frulad\u0131. \u00dcnl\u00fc sanat\u00e7\u0131n\u0131n Per\u015fembe gecesi (8 May\u0131s 2025) ya\u015fam\u0131n\u0131 yitirdi\u011fi bildirildi. G\u00f6\u00e7le ba\u015flayan bir yolculuk 24 Aral\u0131k 1981&#8217;de Rojh\u0131lat\u2019\u0131n Sine kentinde do\u011fan Jiwar Hajabi, \u00e7ocuk ya\u015fta ailesiyle birlikte Almanya\u2019ya [&hellip;]<\/p>\n","protected":false},"author":2,"featured_media":1033826,"comment_status":"closed","ping_status":"closed","sticky":false,"template":"","format":"standard","meta":{"footnotes":""},"categories":[33],"tags":[31],"class_list":["post-1033825","post","type-post","status-publish","format-standard","has-post-thumbnail","hentry","category-sanat","tag-onemli"],"blocksy_meta":[],"seo_head":"<!-- This site is optimized with the Yoast SEO plugin v27.5 - https:\/\/yoast.com\/product\/yoast-seo-wordpress\/ -->\n<title>K\u00fcrt-Alman \u2018Rap Efsanesi\u2019 Xatar Almanya\u2019da hayat\u0131n\u0131 kaybetti - Darka Mazi<\/title>\n<meta name=\"robots\" content=\"index, follow, max-snippet:-1, max-image-preview:large, max-video-preview:-1\" \/>\n<link rel=\"canonical\" href=\"https:\/\/darkamazi.site\/archives\/1033825\" \/>\n<meta property=\"og:locale\" content=\"en_US\" \/>\n<meta property=\"og:type\" content=\"article\" \/>\n<meta property=\"og:title\" content=\"K\u00fcrt-Alman \u2018Rap Efsanesi\u2019 Xatar Almanya\u2019da hayat\u0131n\u0131 kaybetti - Darka Mazi\" \/>\n<meta property=\"og:description\" content=\"\u00a0K\u00fcrt-Alman rap sanat\u00e7\u0131s\u0131, prod\u00fckt\u00f6r ve yap\u0131mc\u0131 Jiwar Hajabi, bilinen ad\u0131yla\u00a0Xatar, 43 ya\u015f\u0131nda Almanya\u2019n\u0131n K\u00f6ln kentinde hayat\u0131n\u0131 kaybetti. \u00d6l\u00fcm nedeni hen\u00fcz a\u00e7\u0131klanmazken, yak\u0131n \u00e7evresi ve dostlar\u0131 haberi do\u011frulad\u0131. \u00dcnl\u00fc sanat\u00e7\u0131n\u0131n Per\u015fembe gecesi (8 May\u0131s 2025) ya\u015fam\u0131n\u0131 yitirdi\u011fi bildirildi. G\u00f6\u00e7le ba\u015flayan bir yolculuk 24 Aral\u0131k 1981&#8217;de Rojh\u0131lat\u2019\u0131n Sine kentinde do\u011fan Jiwar Hajabi, \u00e7ocuk ya\u015fta ailesiyle birlikte Almanya\u2019ya [&hellip;]\" \/>\n<meta property=\"og:url\" content=\"https:\/\/darkamazi.site\/archives\/1033825\" \/>\n<meta property=\"og:site_name\" content=\"Darka Mazi\" \/>\n<meta property=\"article:publisher\" content=\"https:\/\/www.facebook.com\/DarkaMaziturkce\" \/>\n<meta property=\"article:published_time\" content=\"2025-05-10T16:52:44+00:00\" \/>\n<meta property=\"og:image\" content=\"https:\/\/darkamazi.site\/file\/2025\/05\/Xatar.jpg\" \/>\n\t<meta property=\"og:image:width\" content=\"1562\" \/>\n\t<meta property=\"og:image:height\" content=\"878\" \/>\n\t<meta property=\"og:image:type\" content=\"image\/jpeg\" \/>\n<meta name=\"author\" content=\"darka mazi\" \/>\n<meta name=\"twitter:card\" content=\"summary_large_image\" \/>\n<meta name=\"twitter:creator\" content=\"@DarkaMaziTurkce\" \/>\n<meta name=\"twitter:site\" content=\"@DarkaMaziTurkce\" \/>\n<meta name=\"twitter:label1\" content=\"Written by\" \/>\n\t<meta name=\"twitter:data1\" content=\"darka mazi\" \/>\n\t<meta name=\"twitter:label2\" content=\"Est. reading time\" \/>\n\t<meta name=\"twitter:data2\" content=\"2 minutes\" \/>\n<script type=\"application\/ld+json\" class=\"seo-schema-graph\">{\"@context\":\"https:\\\/\\\/schema.org\",\"@graph\":[{\"@type\":\"NewsArticle\",\"@id\":\"https:\\\/\\\/darkamazi.site\\\/archives\\\/1033825#article\",\"isPartOf\":{\"@id\":\"https:\\\/\\\/darkamazi.site\\\/archives\\\/1033825\"},\"author\":{\"name\":\"darka mazi\",\"@id\":\"https:\\\/\\\/darkamazi.site\\\/#\\\/schema\\\/person\\\/67986a95ac546c16760365877ef4a9d3\"},\"headline\":\"K\u00fcrt-Alman \u2018Rap Efsanesi\u2019 Xatar Almanya\u2019da hayat\u0131n\u0131 kaybetti\",\"datePublished\":\"2025-05-10T16:52:44+00:00\",\"mainEntityOfPage\":{\"@id\":\"https:\\\/\\\/darkamazi.site\\\/archives\\\/1033825\"},\"wordCount\":469,\"publisher\":{\"@id\":\"https:\\\/\\\/darkamazi.site\\\/#organization\"},\"image\":{\"@id\":\"https:\\\/\\\/darkamazi.site\\\/archives\\\/1033825#primaryimage\"},\"thumbnailUrl\":\"https:\\\/\\\/darkamazi.site\\\/darka-content\\\/uploads\\\/2025\\\/05\\\/Xatar.jpg\",\"keywords\":[\"\u00f6nemli\"],\"articleSection\":[\"Sanat\"],\"inLanguage\":\"en-US\"},{\"@type\":\"WebPage\",\"@id\":\"https:\\\/\\\/darkamazi.site\\\/archives\\\/1033825\",\"url\":\"https:\\\/\\\/darkamazi.site\\\/archives\\\/1033825\",\"name\":\"K\u00fcrt-Alman \u2018Rap Efsanesi\u2019 Xatar Almanya\u2019da hayat\u0131n\u0131 kaybetti - Darka Mazi\",\"isPartOf\":{\"@id\":\"https:\\\/\\\/darkamazi.site\\\/#website\"},\"primaryImageOfPage\":{\"@id\":\"https:\\\/\\\/darkamazi.site\\\/archives\\\/1033825#primaryimage\"},\"image\":{\"@id\":\"https:\\\/\\\/darkamazi.site\\\/archives\\\/1033825#primaryimage\"},\"thumbnailUrl\":\"https:\\\/\\\/darkamazi.site\\\/darka-content\\\/uploads\\\/2025\\\/05\\\/Xatar.jpg\",\"datePublished\":\"2025-05-10T16:52:44+00:00\",\"breadcrumb\":{\"@id\":\"https:\\\/\\\/darkamazi.site\\\/archives\\\/1033825#breadcrumb\"},\"inLanguage\":\"en-US\",\"potentialAction\":[{\"@type\":\"ReadAction\",\"target\":[\"https:\\\/\\\/darkamazi.site\\\/archives\\\/1033825\"]}]},{\"@type\":\"ImageObject\",\"inLanguage\":\"en-US\",\"@id\":\"https:\\\/\\\/darkamazi.site\\\/archives\\\/1033825#primaryimage\",\"url\":\"https:\\\/\\\/darkamazi.site\\\/darka-content\\\/uploads\\\/2025\\\/05\\\/Xatar.jpg\",\"contentUrl\":\"https:\\\/\\\/darkamazi.site\\\/darka-content\\\/uploads\\\/2025\\\/05\\\/Xatar.jpg\",\"width\":1562,\"height\":878,\"caption\":\"K\u00fcrt-Alman \u2018Rap Efsanesi\u2019 Xatar Almanya\u2019da hayat\u0131n\u0131 kaybetti\"},{\"@type\":\"BreadcrumbList\",\"@id\":\"https:\\\/\\\/darkamazi.site\\\/archives\\\/1033825#breadcrumb\",\"itemListElement\":[{\"@type\":\"ListItem\",\"position\":1,\"name\":\"Home\",\"item\":\"https:\\\/\\\/darkamazi.site\\\/\"},{\"@type\":\"ListItem\",\"position\":2,\"name\":\"K\u00fcrt-Alman \u2018Rap Efsanesi\u2019 Xatar Almanya\u2019da hayat\u0131n\u0131 kaybetti\"}]},{\"@type\":\"WebSite\",\"@id\":\"https:\\\/\\\/darkamazi.site\\\/#website\",\"url\":\"https:\\\/\\\/darkamazi.site\\\/\",\"name\":\"Darka Mazi\",\"description\":\"Ana Sayfa\",\"publisher\":{\"@id\":\"https:\\\/\\\/darkamazi.site\\\/#organization\"},\"potentialAction\":[{\"@type\":\"SearchAction\",\"target\":{\"@type\":\"EntryPoint\",\"urlTemplate\":\"https:\\\/\\\/darkamazi.site\\\/?s={search_term_string}\"},\"query-input\":{\"@type\":\"PropertyValueSpecification\",\"valueRequired\":true,\"valueName\":\"search_term_string\"}}],\"inLanguage\":\"en-US\"},{\"@type\":\"Organization\",\"@id\":\"https:\\\/\\\/darkamazi.site\\\/#organization\",\"name\":\"Darka Mazi T\u00fcrk\u00e7e\",\"alternateName\":\"Darka Mazi\",\"url\":\"https:\\\/\\\/darkamazi.site\\\/\",\"logo\":{\"@type\":\"ImageObject\",\"inLanguage\":\"en-US\",\"@id\":\"https:\\\/\\\/darkamazi.site\\\/#\\\/schema\\\/logo\\\/image\\\/\",\"url\":\"https:\\\/\\\/darkamazi.site\\\/darka-content\\\/uploads\\\/2017\\\/12\\\/darka-mazi-logo.png\",\"contentUrl\":\"https:\\\/\\\/darkamazi.site\\\/darka-content\\\/uploads\\\/2017\\\/12\\\/darka-mazi-logo.png\",\"width\":151,\"height\":75,\"caption\":\"Darka Mazi T\u00fcrk\u00e7e\"},\"image\":{\"@id\":\"https:\\\/\\\/darkamazi.site\\\/#\\\/schema\\\/logo\\\/image\\\/\"},\"sameAs\":[\"https:\\\/\\\/www.facebook.com\\\/DarkaMaziturkce\",\"https:\\\/\\\/x.com\\\/DarkaMaziTurkce\"]},{\"@type\":\"Person\",\"@id\":\"https:\\\/\\\/darkamazi.site\\\/#\\\/schema\\\/person\\\/67986a95ac546c16760365877ef4a9d3\",\"name\":\"darka mazi\",\"sameAs\":[\"https:\\\/\\\/darkamazi.site\"],\"url\":\"https:\\\/\\\/darkamazi.site\\\/archives\\\/author\\\/turkish\"}]}<\/script>\n<!-- \/ Yoast SEO plugin. -->","seo_head_json":{"title":"K\u00fcrt-Alman \u2018Rap Efsanesi\u2019 Xatar Almanya\u2019da hayat\u0131n\u0131 kaybetti - Darka Mazi","robots":{"index":"index","follow":"follow","max-snippet":"max-snippet:-1","max-image-preview":"max-image-preview:large","max-video-preview":"max-video-preview:-1"},"canonical":"https:\/\/darkamazi.site\/archives\/1033825","og_locale":"en_US","og_type":"article","og_title":"K\u00fcrt-Alman \u2018Rap Efsanesi\u2019 Xatar Almanya\u2019da hayat\u0131n\u0131 kaybetti - Darka Mazi","og_description":"\u00a0K\u00fcrt-Alman rap sanat\u00e7\u0131s\u0131, prod\u00fckt\u00f6r ve yap\u0131mc\u0131 Jiwar Hajabi, bilinen ad\u0131yla\u00a0Xatar, 43 ya\u015f\u0131nda Almanya\u2019n\u0131n K\u00f6ln kentinde hayat\u0131n\u0131 kaybetti. \u00d6l\u00fcm nedeni hen\u00fcz a\u00e7\u0131klanmazken, yak\u0131n \u00e7evresi ve dostlar\u0131 haberi do\u011frulad\u0131. \u00dcnl\u00fc sanat\u00e7\u0131n\u0131n Per\u015fembe gecesi (8 May\u0131s 2025) ya\u015fam\u0131n\u0131 yitirdi\u011fi bildirildi. G\u00f6\u00e7le ba\u015flayan bir yolculuk 24 Aral\u0131k 1981&#8217;de Rojh\u0131lat\u2019\u0131n Sine kentinde do\u011fan Jiwar Hajabi, \u00e7ocuk ya\u015fta ailesiyle birlikte Almanya\u2019ya [&hellip;]","og_url":"https:\/\/darkamazi.site\/archives\/1033825","og_site_name":"Darka Mazi","article_publisher":"https:\/\/www.facebook.com\/DarkaMaziturkce","article_published_time":"2025-05-10T16:52:44+00:00","og_image":[{"width":1562,"height":878,"url":"https:\/\/darkamazi.site\/file\/2025\/05\/Xatar.jpg","type":"image\/jpeg"}],"author":"darka mazi","twitter_card":"summary_large_image","twitter_creator":"@DarkaMaziTurkce","twitter_site":"@DarkaMaziTurkce","twitter_misc":{"Written by":"darka mazi","Est. reading time":"2 minutes"},"schema":{"@context":"https:\/\/schema.org","@graph":[{"@type":"NewsArticle","@id":"https:\/\/darkamazi.site\/archives\/1033825#article","isPartOf":{"@id":"https:\/\/darkamazi.site\/archives\/1033825"},"author":{"name":"darka mazi","@id":"https:\/\/darkamazi.site\/#\/schema\/person\/67986a95ac546c16760365877ef4a9d3"},"headline":"K\u00fcrt-Alman \u2018Rap Efsanesi\u2019 Xatar Almanya\u2019da hayat\u0131n\u0131 kaybetti","datePublished":"2025-05-10T16:52:44+00:00","mainEntityOfPage":{"@id":"https:\/\/darkamazi.site\/archives\/1033825"},"wordCount":469,"publisher":{"@id":"https:\/\/darkamazi.site\/#organization"},"image":{"@id":"https:\/\/darkamazi.site\/archives\/1033825#primaryimage"},"thumbnailUrl":"https:\/\/darkamazi.site\/file\/2025\/05\/Xatar.jpg","keywords":["\u00f6nemli"],"articleSection":["Sanat"],"inLanguage":"en-US"},{"@type":"WebPage","@id":"https:\/\/darkamazi.site\/archives\/1033825","url":"https:\/\/darkamazi.site\/archives\/1033825","name":"K\u00fcrt-Alman \u2018Rap Efsanesi\u2019 Xatar Almanya\u2019da hayat\u0131n\u0131 kaybetti - Darka Mazi","isPartOf":{"@id":"https:\/\/darkamazi.site\/#website"},"primaryImageOfPage":{"@id":"https:\/\/darkamazi.site\/archives\/1033825#primaryimage"},"image":{"@id":"https:\/\/darkamazi.site\/archives\/1033825#primaryimage"},"thumbnailUrl":"https:\/\/darkamazi.site\/file\/2025\/05\/Xatar.jpg","datePublished":"2025-05-10T16:52:44+00:00","breadcrumb":{"@id":"https:\/\/darkamazi.site\/archives\/1033825#breadcrumb"},"inLanguage":"en-US","potentialAction":[{"@type":"ReadAction","target":["https:\/\/darkamazi.site\/archives\/1033825"]}]},{"@type":"ImageObject","inLanguage":"en-US","@id":"https:\/\/darkamazi.site\/archives\/1033825#primaryimage","url":"https:\/\/darkamazi.site\/file\/2025\/05\/Xatar.jpg","contentUrl":"https:\/\/darkamazi.site\/file\/2025\/05\/Xatar.jpg","width":1562,"height":878,"caption":"K\u00fcrt-Alman \u2018Rap Efsanesi\u2019 Xatar Almanya\u2019da hayat\u0131n\u0131 kaybetti"},{"@type":"BreadcrumbList","@id":"https:\/\/darkamazi.site\/archives\/1033825#breadcrumb","itemListElement":[{"@type":"ListItem","position":1,"name":"Home","item":"https:\/\/darkamazi.site\/"},{"@type":"ListItem","position":2,"name":"K\u00fcrt-Alman \u2018Rap Efsanesi\u2019 Xatar Almanya\u2019da hayat\u0131n\u0131 kaybetti"}]},{"@type":"WebSite","@id":"https:\/\/darkamazi.site\/#website","url":"https:\/\/darkamazi.site\/","name":"Darka Mazi","description":"Ana Sayfa","publisher":{"@id":"https:\/\/darkamazi.site\/#organization"},"potentialAction":[{"@type":"SearchAction","target":{"@type":"EntryPoint","urlTemplate":"https:\/\/darkamazi.site\/?s={search_term_string}"},"query-input":{"@type":"PropertyValueSpecification","valueRequired":true,"valueName":"search_term_string"}}],"inLanguage":"en-US"},{"@type":"Organization","@id":"https:\/\/darkamazi.site\/#organization","name":"Darka Mazi T\u00fcrk\u00e7e","alternateName":"Darka Mazi","url":"https:\/\/darkamazi.site\/","logo":{"@type":"ImageObject","inLanguage":"en-US","@id":"https:\/\/darkamazi.site\/#\/schema\/logo\/image\/","url":"https:\/\/darkamazi.site\/file\/2017\/12\/darka-mazi-logo.png","contentUrl":"https:\/\/darkamazi.site\/file\/2017\/12\/darka-mazi-logo.png","width":151,"height":75,"caption":"Darka Mazi T\u00fcrk\u00e7e"},"image":{"@id":"https:\/\/darkamazi.site\/#\/schema\/logo\/image\/"},"sameAs":["https:\/\/www.facebook.com\/DarkaMaziturkce","https:\/\/x.com\/DarkaMaziTurkce"]},{"@type":"Person","@id":"https:\/\/darkamazi.site\/#\/schema\/person\/67986a95ac546c16760365877ef4a9d3","name":"darka mazi","sameAs":["https:\/\/darkamazi.site"],"url":"https:\/\/darkamazi.site\/archives\/author\/turkish"}]}},"_links":{"self":[{"href":"https:\/\/darkamazi.site\/funavuv\/wp\/v2\/posts\/1033825","targetHints":{"allow":["GET"]}}],"collection":[{"href":"https:\/\/darkamazi.site\/funavuv\/wp\/v2\/posts"}],"about":[{"href":"https:\/\/darkamazi.site\/funavuv\/wp\/v2\/types\/post"}],"author":[{"embeddable":true,"href":"https:\/\/darkamazi.site\/funavuv\/wp\/v2\/users\/2"}],"replies":[{"embeddable":true,"href":"https:\/\/darkamazi.site\/funavuv\/wp\/v2\/comments?post=1033825"}],"version-history":[{"count":0,"href":"https:\/\/darkamazi.site\/funavuv\/wp\/v2\/posts\/1033825\/revisions"}],"wp:featuredmedia":[{"embeddable":true,"href":"https:\/\/darkamazi.site\/funavuv\/wp\/v2\/media\/1033826"}],"wp:attachment":[{"href":"https:\/\/darkamazi.site\/funavuv\/wp\/v2\/media?parent=1033825"}],"wp:term":[{"taxonomy":"category","embeddable":true,"href":"https:\/\/darkamazi.site\/funavuv\/wp\/v2\/categories?post=1033825"},{"taxonomy":"post_tag","embeddable":true,"href":"https:\/\/darkamazi.site\/funavuv\/wp\/v2\/tags?post=1033825"}],"curies":[{"name":"wp","href":"https:\/\/api.w.org\/{rel}","templated":true}]}}