{"id":1034014,"date":"2025-06-03T20:32:35","date_gmt":"2025-06-03T17:32:35","guid":{"rendered":"https:\/\/darkamazi.site\/?p=1034014"},"modified":"2025-06-03T20:32:35","modified_gmt":"2025-06-03T17:32:35","slug":"unlu-kurt-ressam-karani-cemil-hayatini-kaybetti","status":"publish","type":"post","link":"https:\/\/darkamazi.site\/archives\/1034014","title":{"rendered":"\u00dcnl\u00fc K\u00fcrt ressam Karani Cemil hayat\u0131n\u0131 kaybetti"},"content":{"rendered":"<p style=\"text-align: justify\">\u00dcnl\u00fc K\u00fcrt ressam Karani Cemil bu g\u00fcn Hewler\u2019de, 71 ya\u015f\u0131nda \u00a0hayat\u0131n\u0131 kaybetti. K\u00fcrt sanat\u0131na \u00f6nemli katk\u0131lar\u0131 olan Karani uzun zamand\u0131r tedavi g\u00f6r\u00fcyordu.<\/p>\n<p style=\"text-align: justify\"><strong>Karani Cemil kimdir?<\/strong><\/p>\n<p style=\"text-align: justify\">Karani Cemil 1954 y\u0131l\u0131nda Erbil&#8217;de do\u011fdu. \u0130lk sergisini 1977 y\u0131l\u0131nda Erbil&#8217;deki Eyyubiye Okulunda salonunda a\u00e7t\u0131.<\/p>\n<p style=\"text-align: justify\">Ba\u011fdat, Erbil, Barselona, \u200b\u200b\u200b\u200bValensiya, Br\u00fcksel, Kopenhag ve d\u00fcnyan\u0131n bir\u00e7ok \u015fehrinde onlarca ortak ve \u00f6zel sergiye kat\u0131ld\u0131.<\/p>\n<p style=\"text-align: justify\">Merhum sanat\u00e7\u0131 sevilen ve sayg\u0131 duyulan bir ki\u015fiydi. Eserleri K\u00fcrdistan&#8217;\u0131n tarihini, k\u00fclt\u00fcr\u00fcn\u00fc ve do\u011fas\u0131n\u0131 yans\u0131t\u0131yor.<\/p>\n<p style=\"text-align: justify\">Uzun s\u00fcredir kanserle m\u00fccadele eden sanat\u00e7\u0131 Karani Cemil, 3 Haziran 2025 Sal\u0131 g\u00fcn\u00fc Erbil&#8217;de vefat etti.<\/p>\n<p style=\"text-align: justify\">Karani Cemil\u2019in vefat\u0131ndan sonra K\u00fcrdistan B\u00f6lgesindeki siyaset\u00e7i ve ayd\u0131nlar taziye mesaj\u0131 yay\u0131nlad\u0131. Ba\u015fbakan Barzani\u2019de bir mesaj yay\u0131nlayarak Karani Cemil\u2019in duydu\u011fu \u00fcz\u00fcnt\u00fcy\u00fc dile getirdi.<\/p>\n<p style=\"text-align: justify\">Ba\u015fbakan Barzani, mesaj\u0131nda, \u00fcnl\u00fc K\u00fcrt ressam Karani Cemil&#8217;in ailesine ve yak\u0131nlar\u0131na en derin taziyelerini iletti\u011fini belirterek, \u015funlar\u0131 kaydetti:<\/p>\n<p style=\"text-align: justify\">&#8220;Karani Cemil yenilik\u00e7i ve deneyimli bir K\u00fcrt ressamd\u0131. Vefat\u0131 K\u00fcrt sanat\u0131 i\u00e7in b\u00fcy\u00fck bir kay\u0131pt\u0131.&#8221;<\/p>\n<p style=\"text-align: justify\">Mesrur Barzani, mesaj\u0131n\u0131n sonunda, &#8220;Allah rahmet eylesin, mekan\u0131 cennet olsun, ailesine, yak\u0131nlar\u0131na, dostlar\u0131na ve tan\u0131d\u0131klar\u0131na sab\u0131r versin.&#8221; dedi.<\/p>\n","protected":false},"excerpt":{"rendered":"<p>\u00dcnl\u00fc K\u00fcrt ressam Karani Cemil bu g\u00fcn Hewler\u2019de, 71 ya\u015f\u0131nda \u00a0hayat\u0131n\u0131 kaybetti. K\u00fcrt sanat\u0131na \u00f6nemli katk\u0131lar\u0131 olan Karani uzun zamand\u0131r tedavi g\u00f6r\u00fcyordu. Karani Cemil kimdir? Karani Cemil 1954 y\u0131l\u0131nda Erbil&#8217;de do\u011fdu. \u0130lk sergisini 1977 y\u0131l\u0131nda Erbil&#8217;deki Eyyubiye Okulunda salonunda a\u00e7t\u0131. Ba\u011fdat, Erbil, Barselona, \u200b\u200b\u200b\u200bValensiya, Br\u00fcksel, Kopenhag ve d\u00fcnyan\u0131n bir\u00e7ok \u015fehrinde onlarca ortak ve \u00f6zel sergiye [&hellip;]<\/p>\n","protected":false},"author":2,"featured_media":1034015,"comment_status":"closed","ping_status":"closed","sticky":false,"template":"","format":"standard","meta":{"footnotes":""},"categories":[33],"tags":[31],"class_list":["post-1034014","post","type-post","status-publish","format-standard","has-post-thumbnail","hentry","category-sanat","tag-onemli"],"blocksy_meta":[],"seo_head":"<!-- This site is optimized with the Yoast SEO plugin v27.5 - https:\/\/yoast.com\/product\/yoast-seo-wordpress\/ -->\n<title>\u00dcnl\u00fc K\u00fcrt ressam Karani Cemil hayat\u0131n\u0131 kaybetti - Darka Mazi<\/title>\n<meta name=\"robots\" content=\"index, follow, max-snippet:-1, max-image-preview:large, max-video-preview:-1\" \/>\n<link rel=\"canonical\" href=\"https:\/\/darkamazi.site\/archives\/1034014\" \/>\n<meta property=\"og:locale\" content=\"en_US\" \/>\n<meta property=\"og:type\" content=\"article\" \/>\n<meta property=\"og:title\" content=\"\u00dcnl\u00fc K\u00fcrt ressam Karani Cemil hayat\u0131n\u0131 kaybetti - Darka Mazi\" \/>\n<meta property=\"og:description\" content=\"\u00dcnl\u00fc K\u00fcrt ressam Karani Cemil bu g\u00fcn Hewler\u2019de, 71 ya\u015f\u0131nda \u00a0hayat\u0131n\u0131 kaybetti. K\u00fcrt sanat\u0131na \u00f6nemli katk\u0131lar\u0131 olan Karani uzun zamand\u0131r tedavi g\u00f6r\u00fcyordu. Karani Cemil kimdir? Karani Cemil 1954 y\u0131l\u0131nda Erbil&#8217;de do\u011fdu. \u0130lk sergisini 1977 y\u0131l\u0131nda Erbil&#8217;deki Eyyubiye Okulunda salonunda a\u00e7t\u0131. Ba\u011fdat, Erbil, Barselona, \u200b\u200b\u200b\u200bValensiya, Br\u00fcksel, Kopenhag ve d\u00fcnyan\u0131n bir\u00e7ok \u015fehrinde onlarca ortak ve \u00f6zel sergiye [&hellip;]\" \/>\n<meta property=\"og:url\" content=\"https:\/\/darkamazi.site\/archives\/1034014\" \/>\n<meta property=\"og:site_name\" content=\"Darka Mazi\" \/>\n<meta property=\"article:publisher\" content=\"https:\/\/www.facebook.com\/DarkaMaziturkce\" \/>\n<meta property=\"article:published_time\" content=\"2025-06-03T17:32:35+00:00\" \/>\n<meta property=\"og:image\" content=\"https:\/\/darkamazi.site\/file\/2025\/06\/Karani-cemil.jpg\" \/>\n\t<meta property=\"og:image:width\" content=\"900\" \/>\n\t<meta property=\"og:image:height\" content=\"500\" \/>\n\t<meta property=\"og:image:type\" content=\"image\/jpeg\" \/>\n<meta name=\"author\" content=\"darka mazi\" \/>\n<meta name=\"twitter:card\" content=\"summary_large_image\" \/>\n<meta name=\"twitter:creator\" content=\"@DarkaMaziTurkce\" \/>\n<meta name=\"twitter:site\" content=\"@DarkaMaziTurkce\" \/>\n<meta name=\"twitter:label1\" content=\"Written by\" \/>\n\t<meta name=\"twitter:data1\" content=\"darka mazi\" \/>\n\t<meta name=\"twitter:label2\" content=\"Est. reading time\" \/>\n\t<meta name=\"twitter:data2\" content=\"1 minute\" \/>\n<script type=\"application\/ld+json\" class=\"seo-schema-graph\">{\"@context\":\"https:\\\/\\\/schema.org\",\"@graph\":[{\"@type\":\"NewsArticle\",\"@id\":\"https:\\\/\\\/darkamazi.site\\\/archives\\\/1034014#article\",\"isPartOf\":{\"@id\":\"https:\\\/\\\/darkamazi.site\\\/archives\\\/1034014\"},\"author\":{\"name\":\"darka mazi\",\"@id\":\"https:\\\/\\\/darkamazi.site\\\/#\\\/schema\\\/person\\\/67986a95ac546c16760365877ef4a9d3\"},\"headline\":\"\u00dcnl\u00fc K\u00fcrt ressam Karani Cemil hayat\u0131n\u0131 kaybetti\",\"datePublished\":\"2025-06-03T17:32:35+00:00\",\"mainEntityOfPage\":{\"@id\":\"https:\\\/\\\/darkamazi.site\\\/archives\\\/1034014\"},\"wordCount\":241,\"publisher\":{\"@id\":\"https:\\\/\\\/darkamazi.site\\\/#organization\"},\"image\":{\"@id\":\"https:\\\/\\\/darkamazi.site\\\/archives\\\/1034014#primaryimage\"},\"thumbnailUrl\":\"https:\\\/\\\/darkamazi.site\\\/darka-content\\\/uploads\\\/2025\\\/06\\\/Karani-cemil.jpg\",\"keywords\":[\"\u00f6nemli\"],\"articleSection\":[\"Sanat\"],\"inLanguage\":\"en-US\"},{\"@type\":\"WebPage\",\"@id\":\"https:\\\/\\\/darkamazi.site\\\/archives\\\/1034014\",\"url\":\"https:\\\/\\\/darkamazi.site\\\/archives\\\/1034014\",\"name\":\"\u00dcnl\u00fc K\u00fcrt ressam Karani Cemil hayat\u0131n\u0131 kaybetti - Darka Mazi\",\"isPartOf\":{\"@id\":\"https:\\\/\\\/darkamazi.site\\\/#website\"},\"primaryImageOfPage\":{\"@id\":\"https:\\\/\\\/darkamazi.site\\\/archives\\\/1034014#primaryimage\"},\"image\":{\"@id\":\"https:\\\/\\\/darkamazi.site\\\/archives\\\/1034014#primaryimage\"},\"thumbnailUrl\":\"https:\\\/\\\/darkamazi.site\\\/darka-content\\\/uploads\\\/2025\\\/06\\\/Karani-cemil.jpg\",\"datePublished\":\"2025-06-03T17:32:35+00:00\",\"breadcrumb\":{\"@id\":\"https:\\\/\\\/darkamazi.site\\\/archives\\\/1034014#breadcrumb\"},\"inLanguage\":\"en-US\",\"potentialAction\":[{\"@type\":\"ReadAction\",\"target\":[\"https:\\\/\\\/darkamazi.site\\\/archives\\\/1034014\"]}]},{\"@type\":\"ImageObject\",\"inLanguage\":\"en-US\",\"@id\":\"https:\\\/\\\/darkamazi.site\\\/archives\\\/1034014#primaryimage\",\"url\":\"https:\\\/\\\/darkamazi.site\\\/darka-content\\\/uploads\\\/2025\\\/06\\\/Karani-cemil.jpg\",\"contentUrl\":\"https:\\\/\\\/darkamazi.site\\\/darka-content\\\/uploads\\\/2025\\\/06\\\/Karani-cemil.jpg\",\"width\":900,\"height\":500,\"caption\":\"\u00dcnl\u00fc K\u00fcrt ressam Karani Cemil hayat\u0131n\u0131 kaybetti\"},{\"@type\":\"BreadcrumbList\",\"@id\":\"https:\\\/\\\/darkamazi.site\\\/archives\\\/1034014#breadcrumb\",\"itemListElement\":[{\"@type\":\"ListItem\",\"position\":1,\"name\":\"Home\",\"item\":\"https:\\\/\\\/darkamazi.site\\\/\"},{\"@type\":\"ListItem\",\"position\":2,\"name\":\"\u00dcnl\u00fc K\u00fcrt ressam Karani Cemil hayat\u0131n\u0131 kaybetti\"}]},{\"@type\":\"WebSite\",\"@id\":\"https:\\\/\\\/darkamazi.site\\\/#website\",\"url\":\"https:\\\/\\\/darkamazi.site\\\/\",\"name\":\"Darka Mazi\",\"description\":\"Ana Sayfa\",\"publisher\":{\"@id\":\"https:\\\/\\\/darkamazi.site\\\/#organization\"},\"potentialAction\":[{\"@type\":\"SearchAction\",\"target\":{\"@type\":\"EntryPoint\",\"urlTemplate\":\"https:\\\/\\\/darkamazi.site\\\/?s={search_term_string}\"},\"query-input\":{\"@type\":\"PropertyValueSpecification\",\"valueRequired\":true,\"valueName\":\"search_term_string\"}}],\"inLanguage\":\"en-US\"},{\"@type\":\"Organization\",\"@id\":\"https:\\\/\\\/darkamazi.site\\\/#organization\",\"name\":\"Darka Mazi T\u00fcrk\u00e7e\",\"alternateName\":\"Darka Mazi\",\"url\":\"https:\\\/\\\/darkamazi.site\\\/\",\"logo\":{\"@type\":\"ImageObject\",\"inLanguage\":\"en-US\",\"@id\":\"https:\\\/\\\/darkamazi.site\\\/#\\\/schema\\\/logo\\\/image\\\/\",\"url\":\"https:\\\/\\\/darkamazi.site\\\/darka-content\\\/uploads\\\/2017\\\/12\\\/darka-mazi-logo.png\",\"contentUrl\":\"https:\\\/\\\/darkamazi.site\\\/darka-content\\\/uploads\\\/2017\\\/12\\\/darka-mazi-logo.png\",\"width\":151,\"height\":75,\"caption\":\"Darka Mazi T\u00fcrk\u00e7e\"},\"image\":{\"@id\":\"https:\\\/\\\/darkamazi.site\\\/#\\\/schema\\\/logo\\\/image\\\/\"},\"sameAs\":[\"https:\\\/\\\/www.facebook.com\\\/DarkaMaziturkce\",\"https:\\\/\\\/x.com\\\/DarkaMaziTurkce\"]},{\"@type\":\"Person\",\"@id\":\"https:\\\/\\\/darkamazi.site\\\/#\\\/schema\\\/person\\\/67986a95ac546c16760365877ef4a9d3\",\"name\":\"darka mazi\",\"sameAs\":[\"https:\\\/\\\/darkamazi.site\"],\"url\":\"https:\\\/\\\/darkamazi.site\\\/archives\\\/author\\\/turkish\"}]}<\/script>\n<!-- \/ Yoast SEO plugin. -->","seo_head_json":{"title":"\u00dcnl\u00fc K\u00fcrt ressam Karani Cemil hayat\u0131n\u0131 kaybetti - Darka Mazi","robots":{"index":"index","follow":"follow","max-snippet":"max-snippet:-1","max-image-preview":"max-image-preview:large","max-video-preview":"max-video-preview:-1"},"canonical":"https:\/\/darkamazi.site\/archives\/1034014","og_locale":"en_US","og_type":"article","og_title":"\u00dcnl\u00fc K\u00fcrt ressam Karani Cemil hayat\u0131n\u0131 kaybetti - Darka Mazi","og_description":"\u00dcnl\u00fc K\u00fcrt ressam Karani Cemil bu g\u00fcn Hewler\u2019de, 71 ya\u015f\u0131nda \u00a0hayat\u0131n\u0131 kaybetti. K\u00fcrt sanat\u0131na \u00f6nemli katk\u0131lar\u0131 olan Karani uzun zamand\u0131r tedavi g\u00f6r\u00fcyordu. Karani Cemil kimdir? Karani Cemil 1954 y\u0131l\u0131nda Erbil&#8217;de do\u011fdu. \u0130lk sergisini 1977 y\u0131l\u0131nda Erbil&#8217;deki Eyyubiye Okulunda salonunda a\u00e7t\u0131. Ba\u011fdat, Erbil, Barselona, \u200b\u200b\u200b\u200bValensiya, Br\u00fcksel, Kopenhag ve d\u00fcnyan\u0131n bir\u00e7ok \u015fehrinde onlarca ortak ve \u00f6zel sergiye [&hellip;]","og_url":"https:\/\/darkamazi.site\/archives\/1034014","og_site_name":"Darka Mazi","article_publisher":"https:\/\/www.facebook.com\/DarkaMaziturkce","article_published_time":"2025-06-03T17:32:35+00:00","og_image":[{"width":900,"height":500,"url":"https:\/\/darkamazi.site\/file\/2025\/06\/Karani-cemil.jpg","type":"image\/jpeg"}],"author":"darka mazi","twitter_card":"summary_large_image","twitter_creator":"@DarkaMaziTurkce","twitter_site":"@DarkaMaziTurkce","twitter_misc":{"Written by":"darka mazi","Est. reading time":"1 minute"},"schema":{"@context":"https:\/\/schema.org","@graph":[{"@type":"NewsArticle","@id":"https:\/\/darkamazi.site\/archives\/1034014#article","isPartOf":{"@id":"https:\/\/darkamazi.site\/archives\/1034014"},"author":{"name":"darka mazi","@id":"https:\/\/darkamazi.site\/#\/schema\/person\/67986a95ac546c16760365877ef4a9d3"},"headline":"\u00dcnl\u00fc K\u00fcrt ressam Karani Cemil hayat\u0131n\u0131 kaybetti","datePublished":"2025-06-03T17:32:35+00:00","mainEntityOfPage":{"@id":"https:\/\/darkamazi.site\/archives\/1034014"},"wordCount":241,"publisher":{"@id":"https:\/\/darkamazi.site\/#organization"},"image":{"@id":"https:\/\/darkamazi.site\/archives\/1034014#primaryimage"},"thumbnailUrl":"https:\/\/darkamazi.site\/file\/2025\/06\/Karani-cemil.jpg","keywords":["\u00f6nemli"],"articleSection":["Sanat"],"inLanguage":"en-US"},{"@type":"WebPage","@id":"https:\/\/darkamazi.site\/archives\/1034014","url":"https:\/\/darkamazi.site\/archives\/1034014","name":"\u00dcnl\u00fc K\u00fcrt ressam Karani Cemil hayat\u0131n\u0131 kaybetti - Darka Mazi","isPartOf":{"@id":"https:\/\/darkamazi.site\/#website"},"primaryImageOfPage":{"@id":"https:\/\/darkamazi.site\/archives\/1034014#primaryimage"},"image":{"@id":"https:\/\/darkamazi.site\/archives\/1034014#primaryimage"},"thumbnailUrl":"https:\/\/darkamazi.site\/file\/2025\/06\/Karani-cemil.jpg","datePublished":"2025-06-03T17:32:35+00:00","breadcrumb":{"@id":"https:\/\/darkamazi.site\/archives\/1034014#breadcrumb"},"inLanguage":"en-US","potentialAction":[{"@type":"ReadAction","target":["https:\/\/darkamazi.site\/archives\/1034014"]}]},{"@type":"ImageObject","inLanguage":"en-US","@id":"https:\/\/darkamazi.site\/archives\/1034014#primaryimage","url":"https:\/\/darkamazi.site\/file\/2025\/06\/Karani-cemil.jpg","contentUrl":"https:\/\/darkamazi.site\/file\/2025\/06\/Karani-cemil.jpg","width":900,"height":500,"caption":"\u00dcnl\u00fc K\u00fcrt ressam Karani Cemil hayat\u0131n\u0131 kaybetti"},{"@type":"BreadcrumbList","@id":"https:\/\/darkamazi.site\/archives\/1034014#breadcrumb","itemListElement":[{"@type":"ListItem","position":1,"name":"Home","item":"https:\/\/darkamazi.site\/"},{"@type":"ListItem","position":2,"name":"\u00dcnl\u00fc K\u00fcrt ressam Karani Cemil hayat\u0131n\u0131 kaybetti"}]},{"@type":"WebSite","@id":"https:\/\/darkamazi.site\/#website","url":"https:\/\/darkamazi.site\/","name":"Darka Mazi","description":"Ana Sayfa","publisher":{"@id":"https:\/\/darkamazi.site\/#organization"},"potentialAction":[{"@type":"SearchAction","target":{"@type":"EntryPoint","urlTemplate":"https:\/\/darkamazi.site\/?s={search_term_string}"},"query-input":{"@type":"PropertyValueSpecification","valueRequired":true,"valueName":"search_term_string"}}],"inLanguage":"en-US"},{"@type":"Organization","@id":"https:\/\/darkamazi.site\/#organization","name":"Darka Mazi T\u00fcrk\u00e7e","alternateName":"Darka Mazi","url":"https:\/\/darkamazi.site\/","logo":{"@type":"ImageObject","inLanguage":"en-US","@id":"https:\/\/darkamazi.site\/#\/schema\/logo\/image\/","url":"https:\/\/darkamazi.site\/file\/2017\/12\/darka-mazi-logo.png","contentUrl":"https:\/\/darkamazi.site\/file\/2017\/12\/darka-mazi-logo.png","width":151,"height":75,"caption":"Darka Mazi T\u00fcrk\u00e7e"},"image":{"@id":"https:\/\/darkamazi.site\/#\/schema\/logo\/image\/"},"sameAs":["https:\/\/www.facebook.com\/DarkaMaziturkce","https:\/\/x.com\/DarkaMaziTurkce"]},{"@type":"Person","@id":"https:\/\/darkamazi.site\/#\/schema\/person\/67986a95ac546c16760365877ef4a9d3","name":"darka mazi","sameAs":["https:\/\/darkamazi.site"],"url":"https:\/\/darkamazi.site\/archives\/author\/turkish"}]}},"_links":{"self":[{"href":"https:\/\/darkamazi.site\/funavuv\/wp\/v2\/posts\/1034014","targetHints":{"allow":["GET"]}}],"collection":[{"href":"https:\/\/darkamazi.site\/funavuv\/wp\/v2\/posts"}],"about":[{"href":"https:\/\/darkamazi.site\/funavuv\/wp\/v2\/types\/post"}],"author":[{"embeddable":true,"href":"https:\/\/darkamazi.site\/funavuv\/wp\/v2\/users\/2"}],"replies":[{"embeddable":true,"href":"https:\/\/darkamazi.site\/funavuv\/wp\/v2\/comments?post=1034014"}],"version-history":[{"count":0,"href":"https:\/\/darkamazi.site\/funavuv\/wp\/v2\/posts\/1034014\/revisions"}],"wp:featuredmedia":[{"embeddable":true,"href":"https:\/\/darkamazi.site\/funavuv\/wp\/v2\/media\/1034015"}],"wp:attachment":[{"href":"https:\/\/darkamazi.site\/funavuv\/wp\/v2\/media?parent=1034014"}],"wp:term":[{"taxonomy":"category","embeddable":true,"href":"https:\/\/darkamazi.site\/funavuv\/wp\/v2\/categories?post=1034014"},{"taxonomy":"post_tag","embeddable":true,"href":"https:\/\/darkamazi.site\/funavuv\/wp\/v2\/tags?post=1034014"}],"curies":[{"name":"wp","href":"https:\/\/api.w.org\/{rel}","templated":true}]}}