{"id":1034227,"date":"2025-06-27T16:31:57","date_gmt":"2025-06-27T13:31:57","guid":{"rendered":"https:\/\/darkamazi.site\/?p=1034227"},"modified":"2025-06-27T16:32:18","modified_gmt":"2025-06-27T13:32:18","slug":"zilan-akademi-bube-eserin-enfal-katliami-uzerine-yapilan-tiyatro-metnini-yayinladi-kara-tarih-enfal","status":"publish","type":"post","link":"https:\/\/darkamazi.site\/archives\/1034227","title":{"rendered":"Z\u00eelan Akadem\u00ee, Bube Eser&#8217;in  Enfal Katliam\u0131 \u00fczerine yaz\u0131lm\u0131\u015f tiyatro metnini yay\u0131nlad\u0131: &#8220;Kara Tarih: Enfal&#8221;"},"content":{"rendered":"<p style=\"text-align: justify\">K\u00fcrt yay\u0131nc\u0131l\u0131\u011f\u0131n\u0131n \u00f6nemli adreslerinden Z\u00eelan Akadem\u00ee Yay\u0131nlar\u0131, ara\u015ft\u0131rmac\u0131-yazar B\u00fbb\u00ea Eser imzas\u0131n\u0131 ta\u015f\u0131yan \u201cKara Tarih: Enfal\u201d adl\u0131 tiyatro metninin T\u00fcrk\u00e7esini yay\u0131mlad\u0131. Enfal Katliam\u0131\u2019n\u0131 sahne diliyle anlatan eser, K\u00fcrt edebiyat\u0131nda bu alanda yaz\u0131lm\u0131\u015f ilk tiyatro oyunu olma \u00f6zelli\u011fini ta\u015f\u0131yor.<\/p>\n<p style=\"text-align: justify\">B\u00fbb\u00ea Eser\u2019in kaleminden \u201cKara Tarih: Enfal\u201d, K\u00fcrt halk\u0131na y\u00f6nelik en a\u011f\u0131r trajedilerden biri olan Enfal\u2019in, ilk kez tiyatro formunda ele al\u0131narak edebi alanda \u00f6nemli bir bo\u015flu\u011fu dolduruyor.<\/p>\n<p style=\"text-align: justify\">Kitap, Cano Amed\u00ee taraf\u0131ndan T\u00fcrk\u00e7e&#8217;ye \u00e7evrildi.<\/p>\n<p style=\"text-align: justify\"><strong>Sahada birebir tan\u0131kl\u0131klarla yaz\u0131ld\u0131<\/strong><\/p>\n<p style=\"text-align: justify\">Yazar B\u00fbb\u00ea Eser, \u00e7al\u0131\u015fmas\u0131na ba\u015flamadan \u00f6nce, ya\u015fam\u0131n\u0131 yitiren Mele Mustafa Barzani ve \u0130dris Barzani\u2019nin mezarlar\u0131n\u0131 ziyaret etti ve ard\u0131ndan Enfal\u2019e maruz kalan ailelerle bir araya geldi.<\/p>\n<p style=\"text-align: justify\">B\u00f6lgedeki \u00e7al\u0131\u015fmalar\u0131 boyunca g\u00fcnde en az \u00fc\u00e7 aileyi ziyaret eden Eser, \u00f6zellikle anneler, e\u015fler ve \u00e7ocuklarla birebir g\u00f6r\u00fc\u015fmeler yapt\u0131.<\/p>\n<p style=\"text-align: justify\">Bu g\u00f6r\u00fc\u015fmelerde toplad\u0131\u011f\u0131 tan\u0131kl\u0131klar, yazar\u0131n metne duygusal ve ger\u00e7ek\u00e7i bir derinlik katmas\u0131n\u0131 sa\u011flad\u0131.<\/p>\n<p style=\"text-align: justify\">B\u00fbb\u00ea Eser, ya\u015fananlar\u0131 roman ve tiyatro diliyle daha canl\u0131 bir \u015fekilde aktarmay\u0131 ama\u00e7layarak, bu k\u0131ymetli \u00e7al\u0131\u015fmay\u0131 kaleme ald\u0131.<\/p>\n<p style=\"text-align: justify\"><strong>Haf\u0131zay\u0131 diri tutan bir tiyatro eseri<\/strong><\/p>\n<p style=\"text-align: justify\">\u00a0\u201cKara Tarih: Enfal\u201d yaln\u0131zca bir edebi eser de\u011fil, ayn\u0131 zamanda K\u00fcrt halk\u0131n\u0131n tarihsel haf\u0131zas\u0131n\u0131 canl\u0131 tutmaya y\u00f6nelik \u00f6nemli bir \u00e7al\u0131\u015fma.<\/p>\n<p style=\"text-align: justify\">Trajediyi sahneye ta\u015f\u0131yan metin, hem bir sanat formu olarak tiyatronun imk\u00e2nlar\u0131n\u0131 kullan\u0131yor hem de K\u00fcrt edebiyat\u0131nda yeni bir kap\u0131 aral\u0131yor.<\/p>\n<p style=\"text-align: justify\">Eserin T\u00fcrk\u00e7esi, se\u00e7kin kitap\u00e7\u0131larda ve Z\u00eelan Akadem\u00ee Yay\u0131nlar\u0131\u2019n\u0131n da\u011f\u0131t\u0131m kanallar\u0131nda okuyucuyla bulu\u015fuyor.<\/p>\n","protected":false},"excerpt":{"rendered":"<p>K\u00fcrt yay\u0131nc\u0131l\u0131\u011f\u0131n\u0131n \u00f6nemli adreslerinden Z\u00eelan Akadem\u00ee Yay\u0131nlar\u0131, ara\u015ft\u0131rmac\u0131-yazar B\u00fbb\u00ea Eser imzas\u0131n\u0131 ta\u015f\u0131yan \u201cKara Tarih: Enfal\u201d adl\u0131 tiyatro metninin T\u00fcrk\u00e7esini yay\u0131mlad\u0131. Enfal Katliam\u0131\u2019n\u0131 sahne diliyle anlatan eser, K\u00fcrt edebiyat\u0131nda bu alanda yaz\u0131lm\u0131\u015f ilk tiyatro oyunu olma \u00f6zelli\u011fini ta\u015f\u0131yor. B\u00fbb\u00ea Eser\u2019in kaleminden \u201cKara Tarih: Enfal\u201d, K\u00fcrt halk\u0131na y\u00f6nelik en a\u011f\u0131r trajedilerden biri olan Enfal\u2019in, ilk kez tiyatro [&hellip;]<\/p>\n","protected":false},"author":2,"featured_media":1034228,"comment_status":"closed","ping_status":"closed","sticky":false,"template":"","format":"standard","meta":{"footnotes":""},"categories":[33],"tags":[31],"class_list":["post-1034227","post","type-post","status-publish","format-standard","has-post-thumbnail","hentry","category-sanat","tag-onemli"],"blocksy_meta":[],"seo_head":"<!-- This site is optimized with the Yoast SEO plugin v27.5 - https:\/\/yoast.com\/product\/yoast-seo-wordpress\/ -->\n<title>Z\u00eelan Akadem\u00ee, Bube Eser&#039;in Enfal Katliam\u0131 \u00fczerine yaz\u0131lm\u0131\u015f tiyatro metnini yay\u0131nlad\u0131: &quot;Kara Tarih: Enfal&quot; - Darka Mazi<\/title>\n<meta name=\"robots\" content=\"index, follow, max-snippet:-1, max-image-preview:large, max-video-preview:-1\" \/>\n<link rel=\"canonical\" href=\"https:\/\/darkamazi.site\/archives\/1034227\" \/>\n<meta property=\"og:locale\" content=\"en_US\" \/>\n<meta property=\"og:type\" content=\"article\" \/>\n<meta property=\"og:title\" content=\"Z\u00eelan Akadem\u00ee, Bube Eser&#039;in Enfal Katliam\u0131 \u00fczerine yaz\u0131lm\u0131\u015f tiyatro metnini yay\u0131nlad\u0131: &quot;Kara Tarih: Enfal&quot; - Darka Mazi\" \/>\n<meta property=\"og:description\" content=\"K\u00fcrt yay\u0131nc\u0131l\u0131\u011f\u0131n\u0131n \u00f6nemli adreslerinden Z\u00eelan Akadem\u00ee Yay\u0131nlar\u0131, ara\u015ft\u0131rmac\u0131-yazar B\u00fbb\u00ea Eser imzas\u0131n\u0131 ta\u015f\u0131yan \u201cKara Tarih: Enfal\u201d adl\u0131 tiyatro metninin T\u00fcrk\u00e7esini yay\u0131mlad\u0131. Enfal Katliam\u0131\u2019n\u0131 sahne diliyle anlatan eser, K\u00fcrt edebiyat\u0131nda bu alanda yaz\u0131lm\u0131\u015f ilk tiyatro oyunu olma \u00f6zelli\u011fini ta\u015f\u0131yor. B\u00fbb\u00ea Eser\u2019in kaleminden \u201cKara Tarih: Enfal\u201d, K\u00fcrt halk\u0131na y\u00f6nelik en a\u011f\u0131r trajedilerden biri olan Enfal\u2019in, ilk kez tiyatro [&hellip;]\" \/>\n<meta property=\"og:url\" content=\"https:\/\/darkamazi.site\/archives\/1034227\" \/>\n<meta property=\"og:site_name\" content=\"Darka Mazi\" \/>\n<meta property=\"article:publisher\" content=\"https:\/\/www.facebook.com\/DarkaMaziturkce\" \/>\n<meta property=\"article:published_time\" content=\"2025-06-27T13:31:57+00:00\" \/>\n<meta property=\"article:modified_time\" content=\"2025-06-27T13:32:18+00:00\" \/>\n<meta property=\"og:image\" content=\"https:\/\/darkamazi.site\/file\/2025\/06\/Bube-Eser.jpg\" \/>\n\t<meta property=\"og:image:width\" content=\"752\" \/>\n\t<meta property=\"og:image:height\" content=\"472\" \/>\n\t<meta property=\"og:image:type\" content=\"image\/jpeg\" \/>\n<meta name=\"author\" content=\"darka mazi\" \/>\n<meta name=\"twitter:card\" content=\"summary_large_image\" \/>\n<meta name=\"twitter:creator\" content=\"@DarkaMaziTurkce\" \/>\n<meta name=\"twitter:site\" content=\"@DarkaMaziTurkce\" \/>\n<meta name=\"twitter:label1\" content=\"Written by\" \/>\n\t<meta name=\"twitter:data1\" content=\"darka mazi\" \/>\n\t<meta name=\"twitter:label2\" content=\"Est. reading time\" \/>\n\t<meta name=\"twitter:data2\" content=\"2 minutes\" \/>\n<script type=\"application\/ld+json\" class=\"seo-schema-graph\">{\"@context\":\"https:\\\/\\\/schema.org\",\"@graph\":[{\"@type\":\"NewsArticle\",\"@id\":\"https:\\\/\\\/darkamazi.site\\\/archives\\\/1034227#article\",\"isPartOf\":{\"@id\":\"https:\\\/\\\/darkamazi.site\\\/archives\\\/1034227\"},\"author\":{\"name\":\"darka mazi\",\"@id\":\"https:\\\/\\\/darkamazi.site\\\/#\\\/schema\\\/person\\\/67986a95ac546c16760365877ef4a9d3\"},\"headline\":\"Z\u00eelan Akadem\u00ee, Bube Eser&#8217;in Enfal Katliam\u0131 \u00fczerine yaz\u0131lm\u0131\u015f tiyatro metnini yay\u0131nlad\u0131: &#8220;Kara Tarih: Enfal&#8221;\",\"datePublished\":\"2025-06-27T13:31:57+00:00\",\"dateModified\":\"2025-06-27T13:32:18+00:00\",\"mainEntityOfPage\":{\"@id\":\"https:\\\/\\\/darkamazi.site\\\/archives\\\/1034227\"},\"wordCount\":323,\"publisher\":{\"@id\":\"https:\\\/\\\/darkamazi.site\\\/#organization\"},\"image\":{\"@id\":\"https:\\\/\\\/darkamazi.site\\\/archives\\\/1034227#primaryimage\"},\"thumbnailUrl\":\"https:\\\/\\\/darkamazi.site\\\/darka-content\\\/uploads\\\/2025\\\/06\\\/Bube-Eser.jpg\",\"keywords\":[\"\u00f6nemli\"],\"articleSection\":[\"Sanat\"],\"inLanguage\":\"en-US\"},{\"@type\":\"WebPage\",\"@id\":\"https:\\\/\\\/darkamazi.site\\\/archives\\\/1034227\",\"url\":\"https:\\\/\\\/darkamazi.site\\\/archives\\\/1034227\",\"name\":\"Z\u00eelan Akadem\u00ee, Bube Eser'in Enfal Katliam\u0131 \u00fczerine yaz\u0131lm\u0131\u015f tiyatro metnini yay\u0131nlad\u0131: \\\"Kara Tarih: Enfal\\\" - Darka Mazi\",\"isPartOf\":{\"@id\":\"https:\\\/\\\/darkamazi.site\\\/#website\"},\"primaryImageOfPage\":{\"@id\":\"https:\\\/\\\/darkamazi.site\\\/archives\\\/1034227#primaryimage\"},\"image\":{\"@id\":\"https:\\\/\\\/darkamazi.site\\\/archives\\\/1034227#primaryimage\"},\"thumbnailUrl\":\"https:\\\/\\\/darkamazi.site\\\/darka-content\\\/uploads\\\/2025\\\/06\\\/Bube-Eser.jpg\",\"datePublished\":\"2025-06-27T13:31:57+00:00\",\"dateModified\":\"2025-06-27T13:32:18+00:00\",\"breadcrumb\":{\"@id\":\"https:\\\/\\\/darkamazi.site\\\/archives\\\/1034227#breadcrumb\"},\"inLanguage\":\"en-US\",\"potentialAction\":[{\"@type\":\"ReadAction\",\"target\":[\"https:\\\/\\\/darkamazi.site\\\/archives\\\/1034227\"]}]},{\"@type\":\"ImageObject\",\"inLanguage\":\"en-US\",\"@id\":\"https:\\\/\\\/darkamazi.site\\\/archives\\\/1034227#primaryimage\",\"url\":\"https:\\\/\\\/darkamazi.site\\\/darka-content\\\/uploads\\\/2025\\\/06\\\/Bube-Eser.jpg\",\"contentUrl\":\"https:\\\/\\\/darkamazi.site\\\/darka-content\\\/uploads\\\/2025\\\/06\\\/Bube-Eser.jpg\",\"width\":752,\"height\":472,\"caption\":\"Z\u00eelan Akadem\u00ee, Bube Eser'in Enfal Katliam\u0131 \u00fczerine yap\u0131lan tiyatro metnini yay\u0131nlad\u0131: \\\"Kara Tarih: Enfal\\\"\"},{\"@type\":\"BreadcrumbList\",\"@id\":\"https:\\\/\\\/darkamazi.site\\\/archives\\\/1034227#breadcrumb\",\"itemListElement\":[{\"@type\":\"ListItem\",\"position\":1,\"name\":\"Home\",\"item\":\"https:\\\/\\\/darkamazi.site\\\/\"},{\"@type\":\"ListItem\",\"position\":2,\"name\":\"Z\u00eelan Akadem\u00ee, Bube Eser&#8217;in Enfal Katliam\u0131 \u00fczerine yaz\u0131lm\u0131\u015f tiyatro metnini yay\u0131nlad\u0131: &#8220;Kara Tarih: Enfal&#8221;\"}]},{\"@type\":\"WebSite\",\"@id\":\"https:\\\/\\\/darkamazi.site\\\/#website\",\"url\":\"https:\\\/\\\/darkamazi.site\\\/\",\"name\":\"Darka Mazi\",\"description\":\"Ana Sayfa\",\"publisher\":{\"@id\":\"https:\\\/\\\/darkamazi.site\\\/#organization\"},\"potentialAction\":[{\"@type\":\"SearchAction\",\"target\":{\"@type\":\"EntryPoint\",\"urlTemplate\":\"https:\\\/\\\/darkamazi.site\\\/?s={search_term_string}\"},\"query-input\":{\"@type\":\"PropertyValueSpecification\",\"valueRequired\":true,\"valueName\":\"search_term_string\"}}],\"inLanguage\":\"en-US\"},{\"@type\":\"Organization\",\"@id\":\"https:\\\/\\\/darkamazi.site\\\/#organization\",\"name\":\"Darka Mazi T\u00fcrk\u00e7e\",\"alternateName\":\"Darka Mazi\",\"url\":\"https:\\\/\\\/darkamazi.site\\\/\",\"logo\":{\"@type\":\"ImageObject\",\"inLanguage\":\"en-US\",\"@id\":\"https:\\\/\\\/darkamazi.site\\\/#\\\/schema\\\/logo\\\/image\\\/\",\"url\":\"https:\\\/\\\/darkamazi.site\\\/darka-content\\\/uploads\\\/2017\\\/12\\\/darka-mazi-logo.png\",\"contentUrl\":\"https:\\\/\\\/darkamazi.site\\\/darka-content\\\/uploads\\\/2017\\\/12\\\/darka-mazi-logo.png\",\"width\":151,\"height\":75,\"caption\":\"Darka Mazi T\u00fcrk\u00e7e\"},\"image\":{\"@id\":\"https:\\\/\\\/darkamazi.site\\\/#\\\/schema\\\/logo\\\/image\\\/\"},\"sameAs\":[\"https:\\\/\\\/www.facebook.com\\\/DarkaMaziturkce\",\"https:\\\/\\\/x.com\\\/DarkaMaziTurkce\"]},{\"@type\":\"Person\",\"@id\":\"https:\\\/\\\/darkamazi.site\\\/#\\\/schema\\\/person\\\/67986a95ac546c16760365877ef4a9d3\",\"name\":\"darka mazi\",\"sameAs\":[\"https:\\\/\\\/darkamazi.site\"],\"url\":\"https:\\\/\\\/darkamazi.site\\\/archives\\\/author\\\/turkish\"}]}<\/script>\n<!-- \/ Yoast SEO plugin. -->","seo_head_json":{"title":"Z\u00eelan Akadem\u00ee, Bube Eser'in Enfal Katliam\u0131 \u00fczerine yaz\u0131lm\u0131\u015f tiyatro metnini yay\u0131nlad\u0131: \"Kara Tarih: Enfal\" - Darka Mazi","robots":{"index":"index","follow":"follow","max-snippet":"max-snippet:-1","max-image-preview":"max-image-preview:large","max-video-preview":"max-video-preview:-1"},"canonical":"https:\/\/darkamazi.site\/archives\/1034227","og_locale":"en_US","og_type":"article","og_title":"Z\u00eelan Akadem\u00ee, Bube Eser'in Enfal Katliam\u0131 \u00fczerine yaz\u0131lm\u0131\u015f tiyatro metnini yay\u0131nlad\u0131: \"Kara Tarih: Enfal\" - Darka Mazi","og_description":"K\u00fcrt yay\u0131nc\u0131l\u0131\u011f\u0131n\u0131n \u00f6nemli adreslerinden Z\u00eelan Akadem\u00ee Yay\u0131nlar\u0131, ara\u015ft\u0131rmac\u0131-yazar B\u00fbb\u00ea Eser imzas\u0131n\u0131 ta\u015f\u0131yan \u201cKara Tarih: Enfal\u201d adl\u0131 tiyatro metninin T\u00fcrk\u00e7esini yay\u0131mlad\u0131. Enfal Katliam\u0131\u2019n\u0131 sahne diliyle anlatan eser, K\u00fcrt edebiyat\u0131nda bu alanda yaz\u0131lm\u0131\u015f ilk tiyatro oyunu olma \u00f6zelli\u011fini ta\u015f\u0131yor. B\u00fbb\u00ea Eser\u2019in kaleminden \u201cKara Tarih: Enfal\u201d, K\u00fcrt halk\u0131na y\u00f6nelik en a\u011f\u0131r trajedilerden biri olan Enfal\u2019in, ilk kez tiyatro [&hellip;]","og_url":"https:\/\/darkamazi.site\/archives\/1034227","og_site_name":"Darka Mazi","article_publisher":"https:\/\/www.facebook.com\/DarkaMaziturkce","article_published_time":"2025-06-27T13:31:57+00:00","article_modified_time":"2025-06-27T13:32:18+00:00","og_image":[{"width":752,"height":472,"url":"https:\/\/darkamazi.site\/file\/2025\/06\/Bube-Eser.jpg","type":"image\/jpeg"}],"author":"darka mazi","twitter_card":"summary_large_image","twitter_creator":"@DarkaMaziTurkce","twitter_site":"@DarkaMaziTurkce","twitter_misc":{"Written by":"darka mazi","Est. reading time":"2 minutes"},"schema":{"@context":"https:\/\/schema.org","@graph":[{"@type":"NewsArticle","@id":"https:\/\/darkamazi.site\/archives\/1034227#article","isPartOf":{"@id":"https:\/\/darkamazi.site\/archives\/1034227"},"author":{"name":"darka mazi","@id":"https:\/\/darkamazi.site\/#\/schema\/person\/67986a95ac546c16760365877ef4a9d3"},"headline":"Z\u00eelan Akadem\u00ee, Bube Eser&#8217;in Enfal Katliam\u0131 \u00fczerine yaz\u0131lm\u0131\u015f tiyatro metnini yay\u0131nlad\u0131: &#8220;Kara Tarih: Enfal&#8221;","datePublished":"2025-06-27T13:31:57+00:00","dateModified":"2025-06-27T13:32:18+00:00","mainEntityOfPage":{"@id":"https:\/\/darkamazi.site\/archives\/1034227"},"wordCount":323,"publisher":{"@id":"https:\/\/darkamazi.site\/#organization"},"image":{"@id":"https:\/\/darkamazi.site\/archives\/1034227#primaryimage"},"thumbnailUrl":"https:\/\/darkamazi.site\/file\/2025\/06\/Bube-Eser.jpg","keywords":["\u00f6nemli"],"articleSection":["Sanat"],"inLanguage":"en-US"},{"@type":"WebPage","@id":"https:\/\/darkamazi.site\/archives\/1034227","url":"https:\/\/darkamazi.site\/archives\/1034227","name":"Z\u00eelan Akadem\u00ee, Bube Eser'in Enfal Katliam\u0131 \u00fczerine yaz\u0131lm\u0131\u015f tiyatro metnini yay\u0131nlad\u0131: \"Kara Tarih: Enfal\" - Darka Mazi","isPartOf":{"@id":"https:\/\/darkamazi.site\/#website"},"primaryImageOfPage":{"@id":"https:\/\/darkamazi.site\/archives\/1034227#primaryimage"},"image":{"@id":"https:\/\/darkamazi.site\/archives\/1034227#primaryimage"},"thumbnailUrl":"https:\/\/darkamazi.site\/file\/2025\/06\/Bube-Eser.jpg","datePublished":"2025-06-27T13:31:57+00:00","dateModified":"2025-06-27T13:32:18+00:00","breadcrumb":{"@id":"https:\/\/darkamazi.site\/archives\/1034227#breadcrumb"},"inLanguage":"en-US","potentialAction":[{"@type":"ReadAction","target":["https:\/\/darkamazi.site\/archives\/1034227"]}]},{"@type":"ImageObject","inLanguage":"en-US","@id":"https:\/\/darkamazi.site\/archives\/1034227#primaryimage","url":"https:\/\/darkamazi.site\/file\/2025\/06\/Bube-Eser.jpg","contentUrl":"https:\/\/darkamazi.site\/file\/2025\/06\/Bube-Eser.jpg","width":752,"height":472,"caption":"Z\u00eelan Akadem\u00ee, Bube Eser'in Enfal Katliam\u0131 \u00fczerine yap\u0131lan tiyatro metnini yay\u0131nlad\u0131: \"Kara Tarih: Enfal\""},{"@type":"BreadcrumbList","@id":"https:\/\/darkamazi.site\/archives\/1034227#breadcrumb","itemListElement":[{"@type":"ListItem","position":1,"name":"Home","item":"https:\/\/darkamazi.site\/"},{"@type":"ListItem","position":2,"name":"Z\u00eelan Akadem\u00ee, Bube Eser&#8217;in Enfal Katliam\u0131 \u00fczerine yaz\u0131lm\u0131\u015f tiyatro metnini yay\u0131nlad\u0131: &#8220;Kara Tarih: Enfal&#8221;"}]},{"@type":"WebSite","@id":"https:\/\/darkamazi.site\/#website","url":"https:\/\/darkamazi.site\/","name":"Darka Mazi","description":"Ana Sayfa","publisher":{"@id":"https:\/\/darkamazi.site\/#organization"},"potentialAction":[{"@type":"SearchAction","target":{"@type":"EntryPoint","urlTemplate":"https:\/\/darkamazi.site\/?s={search_term_string}"},"query-input":{"@type":"PropertyValueSpecification","valueRequired":true,"valueName":"search_term_string"}}],"inLanguage":"en-US"},{"@type":"Organization","@id":"https:\/\/darkamazi.site\/#organization","name":"Darka Mazi T\u00fcrk\u00e7e","alternateName":"Darka Mazi","url":"https:\/\/darkamazi.site\/","logo":{"@type":"ImageObject","inLanguage":"en-US","@id":"https:\/\/darkamazi.site\/#\/schema\/logo\/image\/","url":"https:\/\/darkamazi.site\/file\/2017\/12\/darka-mazi-logo.png","contentUrl":"https:\/\/darkamazi.site\/file\/2017\/12\/darka-mazi-logo.png","width":151,"height":75,"caption":"Darka Mazi T\u00fcrk\u00e7e"},"image":{"@id":"https:\/\/darkamazi.site\/#\/schema\/logo\/image\/"},"sameAs":["https:\/\/www.facebook.com\/DarkaMaziturkce","https:\/\/x.com\/DarkaMaziTurkce"]},{"@type":"Person","@id":"https:\/\/darkamazi.site\/#\/schema\/person\/67986a95ac546c16760365877ef4a9d3","name":"darka mazi","sameAs":["https:\/\/darkamazi.site"],"url":"https:\/\/darkamazi.site\/archives\/author\/turkish"}]}},"_links":{"self":[{"href":"https:\/\/darkamazi.site\/funavuv\/wp\/v2\/posts\/1034227","targetHints":{"allow":["GET"]}}],"collection":[{"href":"https:\/\/darkamazi.site\/funavuv\/wp\/v2\/posts"}],"about":[{"href":"https:\/\/darkamazi.site\/funavuv\/wp\/v2\/types\/post"}],"author":[{"embeddable":true,"href":"https:\/\/darkamazi.site\/funavuv\/wp\/v2\/users\/2"}],"replies":[{"embeddable":true,"href":"https:\/\/darkamazi.site\/funavuv\/wp\/v2\/comments?post=1034227"}],"version-history":[{"count":0,"href":"https:\/\/darkamazi.site\/funavuv\/wp\/v2\/posts\/1034227\/revisions"}],"wp:featuredmedia":[{"embeddable":true,"href":"https:\/\/darkamazi.site\/funavuv\/wp\/v2\/media\/1034228"}],"wp:attachment":[{"href":"https:\/\/darkamazi.site\/funavuv\/wp\/v2\/media?parent=1034227"}],"wp:term":[{"taxonomy":"category","embeddable":true,"href":"https:\/\/darkamazi.site\/funavuv\/wp\/v2\/categories?post=1034227"},{"taxonomy":"post_tag","embeddable":true,"href":"https:\/\/darkamazi.site\/funavuv\/wp\/v2\/tags?post=1034227"}],"curies":[{"name":"wp","href":"https:\/\/api.w.org\/{rel}","templated":true}]}}