{"id":1034785,"date":"2025-08-16T14:08:07","date_gmt":"2025-08-16T11:08:07","guid":{"rendered":"https:\/\/darkamazi.site\/?p=1034785"},"modified":"2026-03-31T16:17:39","modified_gmt":"2026-03-31T13:17:39","slug":"baskan-barzani-kdp-kurdistan-halkinin-en-yuce-dava-ve-degerlerinin-partisidir","status":"publish","type":"post","link":"https:\/\/darkamazi.site\/archives\/1034785","title":{"rendered":"Ba\u015fkan Barzani: KDP, K\u00fcrdistan halk\u0131n\u0131n en y\u00fcce dava ve de\u011ferlerinin partisidir"},"content":{"rendered":"<p><strong>Ba\u015fkan Mesud Barzani, K\u00fcrdistan Demokrat Partisi\u2019nin (KDP) kurulu\u015funu &#8220;tarihi bir zorunluluk&#8221; olarak nitelendirirken, KDP\u2019nin Barzani \u00e7izgisinin partisi ve K\u00fcrdistan halk\u0131n\u0131n umut kayna\u011f\u0131 oldu\u011funu s\u00f6yledi.<\/strong><\/p>\n<p>Ba\u015fkan Barzani, 16 A\u011fustos 2025 Cumartesi g\u00fcn\u00fc, KDP\u2019nin kurulu\u015funun 79\u2019uncu y\u0131l d\u00f6n\u00fcm\u00fc vesilesiyle bir mesaj yay\u0131nlad\u0131.<\/p>\n<p>KDP\u2019nin t\u00fcm kadrolar\u0131n\u0131, mensuplar\u0131n\u0131 ve taraftarlar\u0131n\u0131 kutlayan Ba\u015fkan Barzani, \u015fehitlerin gururlu ailelerini, kahraman Pe\u015fmergeleri ve K\u00fcrdistan&#8217;daki t\u00fcm topluluklar\u0131 tebrik ederek, bar\u0131\u015f ve esenlik diledi.<\/p>\n<p>KDP\u2019nin her zaman bar\u0131\u015f ve birlikte ya\u015fama mesaj\u0131 ta\u015f\u0131d\u0131\u011f\u0131n\u0131 vurgulayan Ba\u015fkan Barzani, KDP \u00fcyelerine iradelerini ve umutlar\u0131n\u0131 her daim diri tutmalar\u0131 \u00e7a\u011fr\u0131s\u0131nda bulundu.<\/p>\n<p>Ba\u015fkan Barzani, 16 A\u011fustos 1946&#8217;da KDP\u2019nin kurulmas\u0131n\u0131, muhaliflerin komplolar\u0131na kar\u015f\u0131 K\u00fcrdistan halk\u0131n\u0131n m\u00fccadelesini s\u00fcrd\u00fcrmek i\u00e7in &#8220;tarihi bir zorunluluk&#8221; olarak nitelendirdi.<\/p>\n<p>Mesaj\u0131nda, \u201cKDP kurulu\u015fundan bu yana K\u00fcrdistan halk\u0131n\u0131n haklar\u0131n\u0131, kimli\u011fini ve varl\u0131\u011f\u0131n\u0131 savunman\u0131n bir arac\u0131 olmu\u015ftur. Ayn\u0131 zamanda, K\u00fcrdistan halk\u0131n\u0131n demokratik, ulusal ve etnik hedeflerine ula\u015fmas\u0131n\u0131n da bir arac\u0131 olmu\u015ftur.\u201d ifadelerine yer veren Ba\u015fkan Barzani, &#8220;KDP, K\u00fcrdistan halk\u0131n\u0131n en y\u00fcce dava ve de\u011ferlerinin partisidir. Parti, Barzani \u00e7izgisinin partisidir ve K\u00fcrdistan halk\u0131n\u0131n umut kayna\u011f\u0131d\u0131r.&#8221; dedi.<\/p>\n","protected":false},"excerpt":{"rendered":"<p>Ba\u015fkan Mesud Barzani, K\u00fcrdistan Demokrat Partisi\u2019nin (KDP) kurulu\u015funu &#8220;tarihi bir zorunluluk&#8221; olarak nitelendirirken, KDP\u2019nin Barzani \u00e7izgisinin partisi ve K\u00fcrdistan halk\u0131n\u0131n umut kayna\u011f\u0131 oldu\u011funu s\u00f6yledi. Ba\u015fkan Barzani, 16 A\u011fustos 2025 Cumartesi g\u00fcn\u00fc, KDP\u2019nin kurulu\u015funun 79\u2019uncu y\u0131l d\u00f6n\u00fcm\u00fc vesilesiyle bir mesaj yay\u0131nlad\u0131. KDP\u2019nin t\u00fcm kadrolar\u0131n\u0131, mensuplar\u0131n\u0131 ve taraftarlar\u0131n\u0131 kutlayan Ba\u015fkan Barzani, \u015fehitlerin gururlu ailelerini, kahraman Pe\u015fmergeleri ve [&hellip;]<\/p>\n","protected":false},"author":2,"featured_media":1034786,"comment_status":"closed","ping_status":"closed","sticky":false,"template":"","format":"standard","meta":{"footnotes":""},"categories":[3],"tags":[31],"class_list":["post-1034785","post","type-post","status-publish","format-standard","has-post-thumbnail","hentry","category-kurdistan","tag-onemli"],"blocksy_meta":[],"seo_head":"<!-- This site is optimized with the Yoast SEO plugin v27.5 - https:\/\/yoast.com\/product\/yoast-seo-wordpress\/ -->\n<title>Ba\u015fkan Barzani: KDP, K\u00fcrdistan halk\u0131n\u0131n en y\u00fcce dava ve de\u011ferlerinin partisidir - Darka Mazi<\/title>\n<meta name=\"robots\" content=\"index, follow, max-snippet:-1, max-image-preview:large, max-video-preview:-1\" \/>\n<link rel=\"canonical\" href=\"https:\/\/darkamazi.site\/archives\/1034785\" \/>\n<meta property=\"og:locale\" content=\"en_US\" \/>\n<meta property=\"og:type\" content=\"article\" \/>\n<meta property=\"og:title\" content=\"Ba\u015fkan Barzani: KDP, K\u00fcrdistan halk\u0131n\u0131n en y\u00fcce dava ve de\u011ferlerinin partisidir - Darka Mazi\" \/>\n<meta property=\"og:description\" content=\"Ba\u015fkan Mesud Barzani, K\u00fcrdistan Demokrat Partisi\u2019nin (KDP) kurulu\u015funu &#8220;tarihi bir zorunluluk&#8221; olarak nitelendirirken, KDP\u2019nin Barzani \u00e7izgisinin partisi ve K\u00fcrdistan halk\u0131n\u0131n umut kayna\u011f\u0131 oldu\u011funu s\u00f6yledi. Ba\u015fkan Barzani, 16 A\u011fustos 2025 Cumartesi g\u00fcn\u00fc, KDP\u2019nin kurulu\u015funun 79\u2019uncu y\u0131l d\u00f6n\u00fcm\u00fc vesilesiyle bir mesaj yay\u0131nlad\u0131. KDP\u2019nin t\u00fcm kadrolar\u0131n\u0131, mensuplar\u0131n\u0131 ve taraftarlar\u0131n\u0131 kutlayan Ba\u015fkan Barzani, \u015fehitlerin gururlu ailelerini, kahraman Pe\u015fmergeleri ve [&hellip;]\" \/>\n<meta property=\"og:url\" content=\"https:\/\/darkamazi.site\/archives\/1034785\" \/>\n<meta property=\"og:site_name\" content=\"Darka Mazi\" \/>\n<meta property=\"article:publisher\" content=\"https:\/\/www.facebook.com\/DarkaMaziturkce\" \/>\n<meta property=\"article:published_time\" content=\"2025-08-16T11:08:07+00:00\" \/>\n<meta property=\"article:modified_time\" content=\"2026-03-31T13:17:39+00:00\" \/>\n<meta property=\"og:image\" content=\"https:\/\/darkamazi.site\/file\/2025\/08\/images.jpeg\" \/>\n\t<meta property=\"og:image:width\" content=\"264\" \/>\n\t<meta property=\"og:image:height\" content=\"191\" \/>\n\t<meta property=\"og:image:type\" content=\"image\/jpeg\" \/>\n<meta name=\"author\" content=\"darka mazi\" \/>\n<meta name=\"twitter:card\" content=\"summary_large_image\" \/>\n<meta name=\"twitter:creator\" content=\"@DarkaMaziTurkce\" \/>\n<meta name=\"twitter:site\" content=\"@DarkaMaziTurkce\" \/>\n<meta name=\"twitter:label1\" content=\"Written by\" \/>\n\t<meta name=\"twitter:data1\" content=\"darka mazi\" \/>\n\t<meta name=\"twitter:label2\" content=\"Est. reading time\" \/>\n\t<meta name=\"twitter:data2\" content=\"1 minute\" \/>\n<script type=\"application\/ld+json\" class=\"seo-schema-graph\">{\"@context\":\"https:\\\/\\\/schema.org\",\"@graph\":[{\"@type\":\"NewsArticle\",\"@id\":\"https:\\\/\\\/darkamazi.site\\\/archives\\\/1034785#article\",\"isPartOf\":{\"@id\":\"https:\\\/\\\/darkamazi.site\\\/archives\\\/1034785\"},\"author\":{\"name\":\"darka mazi\",\"@id\":\"https:\\\/\\\/darkamazi.site\\\/#\\\/schema\\\/person\\\/67986a95ac546c16760365877ef4a9d3\"},\"headline\":\"Ba\u015fkan Barzani: KDP, K\u00fcrdistan halk\u0131n\u0131n en y\u00fcce dava ve de\u011ferlerinin partisidir\",\"datePublished\":\"2025-08-16T11:08:07+00:00\",\"dateModified\":\"2026-03-31T13:17:39+00:00\",\"mainEntityOfPage\":{\"@id\":\"https:\\\/\\\/darkamazi.site\\\/archives\\\/1034785\"},\"wordCount\":252,\"publisher\":{\"@id\":\"https:\\\/\\\/darkamazi.site\\\/#organization\"},\"image\":{\"@id\":\"https:\\\/\\\/darkamazi.site\\\/archives\\\/1034785#primaryimage\"},\"thumbnailUrl\":\"https:\\\/\\\/darkamazi.site\\\/darka-content\\\/uploads\\\/2025\\\/08\\\/images.jpeg\",\"keywords\":[\"\u00f6nemli\"],\"articleSection\":[\"Kurdistan\"],\"inLanguage\":\"en-US\"},{\"@type\":\"WebPage\",\"@id\":\"https:\\\/\\\/darkamazi.site\\\/archives\\\/1034785\",\"url\":\"https:\\\/\\\/darkamazi.site\\\/archives\\\/1034785\",\"name\":\"Ba\u015fkan Barzani: KDP, K\u00fcrdistan halk\u0131n\u0131n en y\u00fcce dava ve de\u011ferlerinin partisidir - Darka Mazi\",\"isPartOf\":{\"@id\":\"https:\\\/\\\/darkamazi.site\\\/#website\"},\"primaryImageOfPage\":{\"@id\":\"https:\\\/\\\/darkamazi.site\\\/archives\\\/1034785#primaryimage\"},\"image\":{\"@id\":\"https:\\\/\\\/darkamazi.site\\\/archives\\\/1034785#primaryimage\"},\"thumbnailUrl\":\"https:\\\/\\\/darkamazi.site\\\/darka-content\\\/uploads\\\/2025\\\/08\\\/images.jpeg\",\"datePublished\":\"2025-08-16T11:08:07+00:00\",\"dateModified\":\"2026-03-31T13:17:39+00:00\",\"breadcrumb\":{\"@id\":\"https:\\\/\\\/darkamazi.site\\\/archives\\\/1034785#breadcrumb\"},\"inLanguage\":\"en-US\",\"potentialAction\":[{\"@type\":\"ReadAction\",\"target\":[\"https:\\\/\\\/darkamazi.site\\\/archives\\\/1034785\"]}]},{\"@type\":\"ImageObject\",\"inLanguage\":\"en-US\",\"@id\":\"https:\\\/\\\/darkamazi.site\\\/archives\\\/1034785#primaryimage\",\"url\":\"https:\\\/\\\/darkamazi.site\\\/darka-content\\\/uploads\\\/2025\\\/08\\\/images.jpeg\",\"contentUrl\":\"https:\\\/\\\/darkamazi.site\\\/darka-content\\\/uploads\\\/2025\\\/08\\\/images.jpeg\",\"width\":264,\"height\":191,\"caption\":\"Ba\u015fkan Barzani: KDP, K\u00fcrdistan halk\u0131n\u0131n en y\u00fcce dava ve de\u011ferlerinin partisidir\"},{\"@type\":\"BreadcrumbList\",\"@id\":\"https:\\\/\\\/darkamazi.site\\\/archives\\\/1034785#breadcrumb\",\"itemListElement\":[{\"@type\":\"ListItem\",\"position\":1,\"name\":\"Home\",\"item\":\"https:\\\/\\\/darkamazi.site\\\/\"},{\"@type\":\"ListItem\",\"position\":2,\"name\":\"Ba\u015fkan Barzani: KDP, K\u00fcrdistan halk\u0131n\u0131n en y\u00fcce dava ve de\u011ferlerinin partisidir\"}]},{\"@type\":\"WebSite\",\"@id\":\"https:\\\/\\\/darkamazi.site\\\/#website\",\"url\":\"https:\\\/\\\/darkamazi.site\\\/\",\"name\":\"Darka Mazi\",\"description\":\"Ana Sayfa\",\"publisher\":{\"@id\":\"https:\\\/\\\/darkamazi.site\\\/#organization\"},\"potentialAction\":[{\"@type\":\"SearchAction\",\"target\":{\"@type\":\"EntryPoint\",\"urlTemplate\":\"https:\\\/\\\/darkamazi.site\\\/?s={search_term_string}\"},\"query-input\":{\"@type\":\"PropertyValueSpecification\",\"valueRequired\":true,\"valueName\":\"search_term_string\"}}],\"inLanguage\":\"en-US\"},{\"@type\":\"Organization\",\"@id\":\"https:\\\/\\\/darkamazi.site\\\/#organization\",\"name\":\"Darka Mazi T\u00fcrk\u00e7e\",\"alternateName\":\"Darka Mazi\",\"url\":\"https:\\\/\\\/darkamazi.site\\\/\",\"logo\":{\"@type\":\"ImageObject\",\"inLanguage\":\"en-US\",\"@id\":\"https:\\\/\\\/darkamazi.site\\\/#\\\/schema\\\/logo\\\/image\\\/\",\"url\":\"https:\\\/\\\/darkamazi.site\\\/darka-content\\\/uploads\\\/2017\\\/12\\\/darka-mazi-logo.png\",\"contentUrl\":\"https:\\\/\\\/darkamazi.site\\\/darka-content\\\/uploads\\\/2017\\\/12\\\/darka-mazi-logo.png\",\"width\":151,\"height\":75,\"caption\":\"Darka Mazi T\u00fcrk\u00e7e\"},\"image\":{\"@id\":\"https:\\\/\\\/darkamazi.site\\\/#\\\/schema\\\/logo\\\/image\\\/\"},\"sameAs\":[\"https:\\\/\\\/www.facebook.com\\\/DarkaMaziturkce\",\"https:\\\/\\\/x.com\\\/DarkaMaziTurkce\"]},{\"@type\":\"Person\",\"@id\":\"https:\\\/\\\/darkamazi.site\\\/#\\\/schema\\\/person\\\/67986a95ac546c16760365877ef4a9d3\",\"name\":\"darka mazi\",\"sameAs\":[\"https:\\\/\\\/darkamazi.site\"],\"url\":\"https:\\\/\\\/darkamazi.site\\\/archives\\\/author\\\/turkish\"}]}<\/script>\n<!-- \/ Yoast SEO plugin. -->","seo_head_json":{"title":"Ba\u015fkan Barzani: KDP, K\u00fcrdistan halk\u0131n\u0131n en y\u00fcce dava ve de\u011ferlerinin partisidir - Darka Mazi","robots":{"index":"index","follow":"follow","max-snippet":"max-snippet:-1","max-image-preview":"max-image-preview:large","max-video-preview":"max-video-preview:-1"},"canonical":"https:\/\/darkamazi.site\/archives\/1034785","og_locale":"en_US","og_type":"article","og_title":"Ba\u015fkan Barzani: KDP, K\u00fcrdistan halk\u0131n\u0131n en y\u00fcce dava ve de\u011ferlerinin partisidir - Darka Mazi","og_description":"Ba\u015fkan Mesud Barzani, K\u00fcrdistan Demokrat Partisi\u2019nin (KDP) kurulu\u015funu &#8220;tarihi bir zorunluluk&#8221; olarak nitelendirirken, KDP\u2019nin Barzani \u00e7izgisinin partisi ve K\u00fcrdistan halk\u0131n\u0131n umut kayna\u011f\u0131 oldu\u011funu s\u00f6yledi. Ba\u015fkan Barzani, 16 A\u011fustos 2025 Cumartesi g\u00fcn\u00fc, KDP\u2019nin kurulu\u015funun 79\u2019uncu y\u0131l d\u00f6n\u00fcm\u00fc vesilesiyle bir mesaj yay\u0131nlad\u0131. KDP\u2019nin t\u00fcm kadrolar\u0131n\u0131, mensuplar\u0131n\u0131 ve taraftarlar\u0131n\u0131 kutlayan Ba\u015fkan Barzani, \u015fehitlerin gururlu ailelerini, kahraman Pe\u015fmergeleri ve [&hellip;]","og_url":"https:\/\/darkamazi.site\/archives\/1034785","og_site_name":"Darka Mazi","article_publisher":"https:\/\/www.facebook.com\/DarkaMaziturkce","article_published_time":"2025-08-16T11:08:07+00:00","article_modified_time":"2026-03-31T13:17:39+00:00","og_image":[{"width":264,"height":191,"url":"https:\/\/darkamazi.site\/file\/2025\/08\/images.jpeg","type":"image\/jpeg"}],"author":"darka mazi","twitter_card":"summary_large_image","twitter_creator":"@DarkaMaziTurkce","twitter_site":"@DarkaMaziTurkce","twitter_misc":{"Written by":"darka mazi","Est. reading time":"1 minute"},"schema":{"@context":"https:\/\/schema.org","@graph":[{"@type":"NewsArticle","@id":"https:\/\/darkamazi.site\/archives\/1034785#article","isPartOf":{"@id":"https:\/\/darkamazi.site\/archives\/1034785"},"author":{"name":"darka mazi","@id":"https:\/\/darkamazi.site\/#\/schema\/person\/67986a95ac546c16760365877ef4a9d3"},"headline":"Ba\u015fkan Barzani: KDP, K\u00fcrdistan halk\u0131n\u0131n en y\u00fcce dava ve de\u011ferlerinin partisidir","datePublished":"2025-08-16T11:08:07+00:00","dateModified":"2026-03-31T13:17:39+00:00","mainEntityOfPage":{"@id":"https:\/\/darkamazi.site\/archives\/1034785"},"wordCount":252,"publisher":{"@id":"https:\/\/darkamazi.site\/#organization"},"image":{"@id":"https:\/\/darkamazi.site\/archives\/1034785#primaryimage"},"thumbnailUrl":"https:\/\/darkamazi.site\/file\/2025\/08\/images.jpeg","keywords":["\u00f6nemli"],"articleSection":["Kurdistan"],"inLanguage":"en-US"},{"@type":"WebPage","@id":"https:\/\/darkamazi.site\/archives\/1034785","url":"https:\/\/darkamazi.site\/archives\/1034785","name":"Ba\u015fkan Barzani: KDP, K\u00fcrdistan halk\u0131n\u0131n en y\u00fcce dava ve de\u011ferlerinin partisidir - Darka Mazi","isPartOf":{"@id":"https:\/\/darkamazi.site\/#website"},"primaryImageOfPage":{"@id":"https:\/\/darkamazi.site\/archives\/1034785#primaryimage"},"image":{"@id":"https:\/\/darkamazi.site\/archives\/1034785#primaryimage"},"thumbnailUrl":"https:\/\/darkamazi.site\/file\/2025\/08\/images.jpeg","datePublished":"2025-08-16T11:08:07+00:00","dateModified":"2026-03-31T13:17:39+00:00","breadcrumb":{"@id":"https:\/\/darkamazi.site\/archives\/1034785#breadcrumb"},"inLanguage":"en-US","potentialAction":[{"@type":"ReadAction","target":["https:\/\/darkamazi.site\/archives\/1034785"]}]},{"@type":"ImageObject","inLanguage":"en-US","@id":"https:\/\/darkamazi.site\/archives\/1034785#primaryimage","url":"https:\/\/darkamazi.site\/file\/2025\/08\/images.jpeg","contentUrl":"https:\/\/darkamazi.site\/file\/2025\/08\/images.jpeg","width":264,"height":191,"caption":"Ba\u015fkan Barzani: KDP, K\u00fcrdistan halk\u0131n\u0131n en y\u00fcce dava ve de\u011ferlerinin partisidir"},{"@type":"BreadcrumbList","@id":"https:\/\/darkamazi.site\/archives\/1034785#breadcrumb","itemListElement":[{"@type":"ListItem","position":1,"name":"Home","item":"https:\/\/darkamazi.site\/"},{"@type":"ListItem","position":2,"name":"Ba\u015fkan Barzani: KDP, K\u00fcrdistan halk\u0131n\u0131n en y\u00fcce dava ve de\u011ferlerinin partisidir"}]},{"@type":"WebSite","@id":"https:\/\/darkamazi.site\/#website","url":"https:\/\/darkamazi.site\/","name":"Darka Mazi","description":"Ana Sayfa","publisher":{"@id":"https:\/\/darkamazi.site\/#organization"},"potentialAction":[{"@type":"SearchAction","target":{"@type":"EntryPoint","urlTemplate":"https:\/\/darkamazi.site\/?s={search_term_string}"},"query-input":{"@type":"PropertyValueSpecification","valueRequired":true,"valueName":"search_term_string"}}],"inLanguage":"en-US"},{"@type":"Organization","@id":"https:\/\/darkamazi.site\/#organization","name":"Darka Mazi T\u00fcrk\u00e7e","alternateName":"Darka Mazi","url":"https:\/\/darkamazi.site\/","logo":{"@type":"ImageObject","inLanguage":"en-US","@id":"https:\/\/darkamazi.site\/#\/schema\/logo\/image\/","url":"https:\/\/darkamazi.site\/file\/2017\/12\/darka-mazi-logo.png","contentUrl":"https:\/\/darkamazi.site\/file\/2017\/12\/darka-mazi-logo.png","width":151,"height":75,"caption":"Darka Mazi T\u00fcrk\u00e7e"},"image":{"@id":"https:\/\/darkamazi.site\/#\/schema\/logo\/image\/"},"sameAs":["https:\/\/www.facebook.com\/DarkaMaziturkce","https:\/\/x.com\/DarkaMaziTurkce"]},{"@type":"Person","@id":"https:\/\/darkamazi.site\/#\/schema\/person\/67986a95ac546c16760365877ef4a9d3","name":"darka mazi","sameAs":["https:\/\/darkamazi.site"],"url":"https:\/\/darkamazi.site\/archives\/author\/turkish"}]}},"_links":{"self":[{"href":"https:\/\/darkamazi.site\/funavuv\/wp\/v2\/posts\/1034785","targetHints":{"allow":["GET"]}}],"collection":[{"href":"https:\/\/darkamazi.site\/funavuv\/wp\/v2\/posts"}],"about":[{"href":"https:\/\/darkamazi.site\/funavuv\/wp\/v2\/types\/post"}],"author":[{"embeddable":true,"href":"https:\/\/darkamazi.site\/funavuv\/wp\/v2\/users\/2"}],"replies":[{"embeddable":true,"href":"https:\/\/darkamazi.site\/funavuv\/wp\/v2\/comments?post=1034785"}],"version-history":[{"count":0,"href":"https:\/\/darkamazi.site\/funavuv\/wp\/v2\/posts\/1034785\/revisions"}],"wp:featuredmedia":[{"embeddable":true,"href":"https:\/\/darkamazi.site\/funavuv\/wp\/v2\/media\/1034786"}],"wp:attachment":[{"href":"https:\/\/darkamazi.site\/funavuv\/wp\/v2\/media?parent=1034785"}],"wp:term":[{"taxonomy":"category","embeddable":true,"href":"https:\/\/darkamazi.site\/funavuv\/wp\/v2\/categories?post=1034785"},{"taxonomy":"post_tag","embeddable":true,"href":"https:\/\/darkamazi.site\/funavuv\/wp\/v2\/tags?post=1034785"}],"curies":[{"name":"wp","href":"https:\/\/api.w.org\/{rel}","templated":true}]}}