{"id":1034789,"date":"2025-08-16T14:22:25","date_gmt":"2025-08-16T11:22:25","guid":{"rendered":"https:\/\/darkamazi.site\/?p=1034789"},"modified":"2026-03-31T16:17:39","modified_gmt":"2026-03-31T13:17:39","slug":"necirvan-barzani-kurdistan-halkini-guvenli-bir-limana-ulastirma-sorumlulugu-kdpnin-omuzlarinda","status":"publish","type":"post","link":"https:\/\/darkamazi.site\/archives\/1034789","title":{"rendered":"Ne\u00e7irvan Barzani: K\u00fcrdistan halk\u0131n\u0131 g\u00fcvenli bir limana ula\u015ft\u0131rma sorumlulu\u011fu KDP&#8217;nin omuzlar\u0131nda"},"content":{"rendered":"<p><strong>K\u00fcrdistan Demokrat Partisi (KDP) Genel Ba\u015fkan Yard\u0131mc\u0131s\u0131 Ne\u00e7irvan Barzani, \u201cBug\u00fcn de tarihine, sahadaki varl\u0131\u011f\u0131na, rol\u00fcne ve konumuna dayanarak K\u00fcrdistan halk\u0131n\u0131 g\u00fcvenli bir limana ula\u015ft\u0131rma konusunda en b\u00fcy\u00fck sorumluluk KDP&#8217;nin omuzlar\u0131ndad\u0131r.\u201d dedi.<\/strong><\/p>\n<p>KDP Genel Ba\u015fkan Yard\u0131mc\u0131s\u0131 Ne\u00e7irvan Barzani, 16 A\u011fustos 2025 Cumartesi g\u00fcn\u00fc, partinin 79. kurulu\u015f y\u0131l d\u00f6n\u00fcm\u00fc m\u00fcnasebetiyle bir mesaj yay\u0131mlad\u0131.<\/p>\n<p>KDP\u2019nin kurulu\u015f y\u0131l d\u00f6n\u00fcm\u00fc vesilesiyle \u015fehit ailelerini, t\u00fcm K\u00fcrdistan halk\u0131n\u0131, Ba\u015fkan Mesud Barzani&#8217;yi, parti y\u00f6netimini, \u00fcyelerini, destek\u00e7ilerini ve dostlar\u0131n\u0131 tebrik eden Ne\u00e7irvan Barzani, umut ve inan\u00e7la, KDP\u2019nin y\u00fcce hedefleri ve K\u00fcrdistan halk\u0131n\u0131n haklar\u0131n\u0131n elde edilmesi yolundaki \u00e7al\u0131\u015fma ve \u00e7abalar\u0131n\u0131 s\u00fcrd\u00fcrme s\u00f6z\u00fcm\u00fcz\u00fc yineledi.<\/p>\n<p>Partinin kurulu\u015f s\u00fcrecine de\u011finen Ne\u00e7irvan Barzani, &#8220;KDP, 79 y\u0131l \u00f6nce, o d\u00f6nemin karma\u015f\u0131k ve zorlu ko\u015fullar\u0131nda hayati bir gereklilik olarak, K\u00fcrdistan halk\u0131na \u00f6zg\u00fcrl\u00fck yolunda onurlu bir \u015fekilde \u00f6nderlik ve liderlik etmek amac\u0131yla kuruldu. Bug\u00fcn de tarihine, sahadaki varl\u0131\u011f\u0131na, rol\u00fcne ve konumuna dayanarak K\u00fcrdistan halk\u0131n\u0131 g\u00fcvenli bir limana ula\u015ft\u0131rma konusunda en b\u00fcy\u00fck sorumluluk KDP&#8217;nin omuzlar\u0131ndad\u0131r.&#8221; ifadelerini kulland\u0131.<\/p>\n<p>KDP&#8217;nin tarihsel ve ulusal sorumlulu\u011funun, K\u00fcrdistan&#8217;daki siyasi partiler ve taraflar aras\u0131nda birli\u011fi, beraberli\u011fi ve uyumu g\u00fc\u00e7lendirmeyi gerektirdi\u011finin alt\u0131n\u0131 \u00e7izen Ne\u00e7irvan Barzani, sorunlar\u0131n ve anla\u015fmazl\u0131klar\u0131n a\u015f\u0131lmas\u0131 i\u00e7in \u00f6nc\u00fc olma misyonunu vurgulad\u0131.<\/p>\n<p>\u201cTarih boyunca t\u00fcm zorluklara ve f\u0131rt\u0131nalara ra\u011fmen KDP nas\u0131l ba\u015far\u0131l\u0131 ve onurlu kald\u0131ysa, bundan sonra da bilgelik ve g\u00fc\u00e7l\u00fc iradeyle devam edecek, K\u00fcrdistan halk\u0131n\u0131n umut ve hayallerini ger\u00e7e\u011fe d\u00f6n\u00fc\u015ft\u00fcrmeye \u00e7al\u0131\u015facakt\u0131r.\u201d diyen Ne\u00e7irvan Barzani, \u201cBunun i\u00e7in kendimizi s\u00fcrekli olarak \u00e7a\u011f\u0131n gereksinimleriyle, ilerlemelerle ve toplumun ihtiya\u00e7lar\u0131yla yenilemeli ve parti her zaman oldu\u011fu gibi K\u00fcrdistan halk\u0131 i\u00e7in umut, g\u00fcvence, hayat ve ilerlemenin dinamosu olmal\u0131d\u0131r.\u201d s\u00f6zlerini sarf etti.<\/p>\n","protected":false},"excerpt":{"rendered":"<p>K\u00fcrdistan Demokrat Partisi (KDP) Genel Ba\u015fkan Yard\u0131mc\u0131s\u0131 Ne\u00e7irvan Barzani, \u201cBug\u00fcn de tarihine, sahadaki varl\u0131\u011f\u0131na, rol\u00fcne ve konumuna dayanarak K\u00fcrdistan halk\u0131n\u0131 g\u00fcvenli bir limana ula\u015ft\u0131rma konusunda en b\u00fcy\u00fck sorumluluk KDP&#8217;nin omuzlar\u0131ndad\u0131r.\u201d dedi. KDP Genel Ba\u015fkan Yard\u0131mc\u0131s\u0131 Ne\u00e7irvan Barzani, 16 A\u011fustos 2025 Cumartesi g\u00fcn\u00fc, partinin 79. kurulu\u015f y\u0131l d\u00f6n\u00fcm\u00fc m\u00fcnasebetiyle bir mesaj yay\u0131mlad\u0131. KDP\u2019nin kurulu\u015f y\u0131l d\u00f6n\u00fcm\u00fc [&hellip;]<\/p>\n","protected":false},"author":2,"featured_media":1034790,"comment_status":"closed","ping_status":"closed","sticky":false,"template":"","format":"standard","meta":{"footnotes":""},"categories":[3],"tags":[31],"class_list":["post-1034789","post","type-post","status-publish","format-standard","has-post-thumbnail","hentry","category-kurdistan","tag-onemli"],"blocksy_meta":[],"seo_head":"<!-- This site is optimized with the Yoast SEO plugin v27.5 - https:\/\/yoast.com\/product\/yoast-seo-wordpress\/ -->\n<title>Ne\u00e7irvan Barzani: K\u00fcrdistan halk\u0131n\u0131 g\u00fcvenli bir limana ula\u015ft\u0131rma sorumlulu\u011fu KDP&#039;nin omuzlar\u0131nda - Darka Mazi<\/title>\n<meta name=\"robots\" content=\"index, follow, max-snippet:-1, max-image-preview:large, max-video-preview:-1\" \/>\n<link rel=\"canonical\" href=\"https:\/\/darkamazi.site\/archives\/1034789\" \/>\n<meta property=\"og:locale\" content=\"en_US\" \/>\n<meta property=\"og:type\" content=\"article\" \/>\n<meta property=\"og:title\" content=\"Ne\u00e7irvan Barzani: K\u00fcrdistan halk\u0131n\u0131 g\u00fcvenli bir limana ula\u015ft\u0131rma sorumlulu\u011fu KDP&#039;nin omuzlar\u0131nda - Darka Mazi\" \/>\n<meta property=\"og:description\" content=\"K\u00fcrdistan Demokrat Partisi (KDP) Genel Ba\u015fkan Yard\u0131mc\u0131s\u0131 Ne\u00e7irvan Barzani, \u201cBug\u00fcn de tarihine, sahadaki varl\u0131\u011f\u0131na, rol\u00fcne ve konumuna dayanarak K\u00fcrdistan halk\u0131n\u0131 g\u00fcvenli bir limana ula\u015ft\u0131rma konusunda en b\u00fcy\u00fck sorumluluk KDP&#8217;nin omuzlar\u0131ndad\u0131r.\u201d dedi. KDP Genel Ba\u015fkan Yard\u0131mc\u0131s\u0131 Ne\u00e7irvan Barzani, 16 A\u011fustos 2025 Cumartesi g\u00fcn\u00fc, partinin 79. kurulu\u015f y\u0131l d\u00f6n\u00fcm\u00fc m\u00fcnasebetiyle bir mesaj yay\u0131mlad\u0131. KDP\u2019nin kurulu\u015f y\u0131l d\u00f6n\u00fcm\u00fc [&hellip;]\" \/>\n<meta property=\"og:url\" content=\"https:\/\/darkamazi.site\/archives\/1034789\" \/>\n<meta property=\"og:site_name\" content=\"Darka Mazi\" \/>\n<meta property=\"article:publisher\" content=\"https:\/\/www.facebook.com\/DarkaMaziturkce\" \/>\n<meta property=\"article:published_time\" content=\"2025-08-16T11:22:25+00:00\" \/>\n<meta property=\"article:modified_time\" content=\"2026-03-31T13:17:39+00:00\" \/>\n<meta property=\"og:image\" content=\"https:\/\/darkamazi.site\/file\/2025\/08\/1755332848_kurdistan24.jpg\" \/>\n\t<meta property=\"og:image:width\" content=\"1562\" \/>\n\t<meta property=\"og:image:height\" content=\"878\" \/>\n\t<meta property=\"og:image:type\" content=\"image\/jpeg\" \/>\n<meta name=\"author\" content=\"darka mazi\" \/>\n<meta name=\"twitter:card\" content=\"summary_large_image\" \/>\n<meta name=\"twitter:creator\" content=\"@DarkaMaziTurkce\" \/>\n<meta name=\"twitter:site\" content=\"@DarkaMaziTurkce\" \/>\n<meta name=\"twitter:label1\" content=\"Written by\" \/>\n\t<meta name=\"twitter:data1\" content=\"darka mazi\" \/>\n\t<meta name=\"twitter:label2\" content=\"Est. reading time\" \/>\n\t<meta name=\"twitter:data2\" content=\"2 minutes\" \/>\n<script type=\"application\/ld+json\" class=\"seo-schema-graph\">{\"@context\":\"https:\\\/\\\/schema.org\",\"@graph\":[{\"@type\":\"NewsArticle\",\"@id\":\"https:\\\/\\\/darkamazi.site\\\/archives\\\/1034789#article\",\"isPartOf\":{\"@id\":\"https:\\\/\\\/darkamazi.site\\\/archives\\\/1034789\"},\"author\":{\"name\":\"darka mazi\",\"@id\":\"https:\\\/\\\/darkamazi.site\\\/#\\\/schema\\\/person\\\/67986a95ac546c16760365877ef4a9d3\"},\"headline\":\"Ne\u00e7irvan Barzani: K\u00fcrdistan halk\u0131n\u0131 g\u00fcvenli bir limana ula\u015ft\u0131rma sorumlulu\u011fu KDP&#8217;nin omuzlar\u0131nda\",\"datePublished\":\"2025-08-16T11:22:25+00:00\",\"dateModified\":\"2026-03-31T13:17:39+00:00\",\"mainEntityOfPage\":{\"@id\":\"https:\\\/\\\/darkamazi.site\\\/archives\\\/1034789\"},\"wordCount\":391,\"publisher\":{\"@id\":\"https:\\\/\\\/darkamazi.site\\\/#organization\"},\"image\":{\"@id\":\"https:\\\/\\\/darkamazi.site\\\/archives\\\/1034789#primaryimage\"},\"thumbnailUrl\":\"https:\\\/\\\/darkamazi.site\\\/darka-content\\\/uploads\\\/2025\\\/08\\\/1755332848_kurdistan24.jpg\",\"keywords\":[\"\u00f6nemli\"],\"articleSection\":[\"Kurdistan\"],\"inLanguage\":\"en-US\"},{\"@type\":\"WebPage\",\"@id\":\"https:\\\/\\\/darkamazi.site\\\/archives\\\/1034789\",\"url\":\"https:\\\/\\\/darkamazi.site\\\/archives\\\/1034789\",\"name\":\"Ne\u00e7irvan Barzani: K\u00fcrdistan halk\u0131n\u0131 g\u00fcvenli bir limana ula\u015ft\u0131rma sorumlulu\u011fu KDP'nin omuzlar\u0131nda - Darka Mazi\",\"isPartOf\":{\"@id\":\"https:\\\/\\\/darkamazi.site\\\/#website\"},\"primaryImageOfPage\":{\"@id\":\"https:\\\/\\\/darkamazi.site\\\/archives\\\/1034789#primaryimage\"},\"image\":{\"@id\":\"https:\\\/\\\/darkamazi.site\\\/archives\\\/1034789#primaryimage\"},\"thumbnailUrl\":\"https:\\\/\\\/darkamazi.site\\\/darka-content\\\/uploads\\\/2025\\\/08\\\/1755332848_kurdistan24.jpg\",\"datePublished\":\"2025-08-16T11:22:25+00:00\",\"dateModified\":\"2026-03-31T13:17:39+00:00\",\"breadcrumb\":{\"@id\":\"https:\\\/\\\/darkamazi.site\\\/archives\\\/1034789#breadcrumb\"},\"inLanguage\":\"en-US\",\"potentialAction\":[{\"@type\":\"ReadAction\",\"target\":[\"https:\\\/\\\/darkamazi.site\\\/archives\\\/1034789\"]}]},{\"@type\":\"ImageObject\",\"inLanguage\":\"en-US\",\"@id\":\"https:\\\/\\\/darkamazi.site\\\/archives\\\/1034789#primaryimage\",\"url\":\"https:\\\/\\\/darkamazi.site\\\/darka-content\\\/uploads\\\/2025\\\/08\\\/1755332848_kurdistan24.jpg\",\"contentUrl\":\"https:\\\/\\\/darkamazi.site\\\/darka-content\\\/uploads\\\/2025\\\/08\\\/1755332848_kurdistan24.jpg\",\"width\":1562,\"height\":878,\"caption\":\"Ne\u00e7irvan Barzani: K\u00fcrdistan halk\u0131n\u0131 g\u00fcvenli bir limana ula\u015ft\u0131rma sorumlulu\u011fu KDP'nin omuzlar\u0131nda\"},{\"@type\":\"BreadcrumbList\",\"@id\":\"https:\\\/\\\/darkamazi.site\\\/archives\\\/1034789#breadcrumb\",\"itemListElement\":[{\"@type\":\"ListItem\",\"position\":1,\"name\":\"Home\",\"item\":\"https:\\\/\\\/darkamazi.site\\\/\"},{\"@type\":\"ListItem\",\"position\":2,\"name\":\"Ne\u00e7irvan Barzani: K\u00fcrdistan halk\u0131n\u0131 g\u00fcvenli bir limana ula\u015ft\u0131rma sorumlulu\u011fu KDP&#8217;nin omuzlar\u0131nda\"}]},{\"@type\":\"WebSite\",\"@id\":\"https:\\\/\\\/darkamazi.site\\\/#website\",\"url\":\"https:\\\/\\\/darkamazi.site\\\/\",\"name\":\"Darka Mazi\",\"description\":\"Ana Sayfa\",\"publisher\":{\"@id\":\"https:\\\/\\\/darkamazi.site\\\/#organization\"},\"potentialAction\":[{\"@type\":\"SearchAction\",\"target\":{\"@type\":\"EntryPoint\",\"urlTemplate\":\"https:\\\/\\\/darkamazi.site\\\/?s={search_term_string}\"},\"query-input\":{\"@type\":\"PropertyValueSpecification\",\"valueRequired\":true,\"valueName\":\"search_term_string\"}}],\"inLanguage\":\"en-US\"},{\"@type\":\"Organization\",\"@id\":\"https:\\\/\\\/darkamazi.site\\\/#organization\",\"name\":\"Darka Mazi T\u00fcrk\u00e7e\",\"alternateName\":\"Darka Mazi\",\"url\":\"https:\\\/\\\/darkamazi.site\\\/\",\"logo\":{\"@type\":\"ImageObject\",\"inLanguage\":\"en-US\",\"@id\":\"https:\\\/\\\/darkamazi.site\\\/#\\\/schema\\\/logo\\\/image\\\/\",\"url\":\"https:\\\/\\\/darkamazi.site\\\/darka-content\\\/uploads\\\/2017\\\/12\\\/darka-mazi-logo.png\",\"contentUrl\":\"https:\\\/\\\/darkamazi.site\\\/darka-content\\\/uploads\\\/2017\\\/12\\\/darka-mazi-logo.png\",\"width\":151,\"height\":75,\"caption\":\"Darka Mazi T\u00fcrk\u00e7e\"},\"image\":{\"@id\":\"https:\\\/\\\/darkamazi.site\\\/#\\\/schema\\\/logo\\\/image\\\/\"},\"sameAs\":[\"https:\\\/\\\/www.facebook.com\\\/DarkaMaziturkce\",\"https:\\\/\\\/x.com\\\/DarkaMaziTurkce\"]},{\"@type\":\"Person\",\"@id\":\"https:\\\/\\\/darkamazi.site\\\/#\\\/schema\\\/person\\\/67986a95ac546c16760365877ef4a9d3\",\"name\":\"darka mazi\",\"sameAs\":[\"https:\\\/\\\/darkamazi.site\"],\"url\":\"https:\\\/\\\/darkamazi.site\\\/archives\\\/author\\\/turkish\"}]}<\/script>\n<!-- \/ Yoast SEO plugin. -->","seo_head_json":{"title":"Ne\u00e7irvan Barzani: K\u00fcrdistan halk\u0131n\u0131 g\u00fcvenli bir limana ula\u015ft\u0131rma sorumlulu\u011fu KDP'nin omuzlar\u0131nda - Darka Mazi","robots":{"index":"index","follow":"follow","max-snippet":"max-snippet:-1","max-image-preview":"max-image-preview:large","max-video-preview":"max-video-preview:-1"},"canonical":"https:\/\/darkamazi.site\/archives\/1034789","og_locale":"en_US","og_type":"article","og_title":"Ne\u00e7irvan Barzani: K\u00fcrdistan halk\u0131n\u0131 g\u00fcvenli bir limana ula\u015ft\u0131rma sorumlulu\u011fu KDP'nin omuzlar\u0131nda - Darka Mazi","og_description":"K\u00fcrdistan Demokrat Partisi (KDP) Genel Ba\u015fkan Yard\u0131mc\u0131s\u0131 Ne\u00e7irvan Barzani, \u201cBug\u00fcn de tarihine, sahadaki varl\u0131\u011f\u0131na, rol\u00fcne ve konumuna dayanarak K\u00fcrdistan halk\u0131n\u0131 g\u00fcvenli bir limana ula\u015ft\u0131rma konusunda en b\u00fcy\u00fck sorumluluk KDP&#8217;nin omuzlar\u0131ndad\u0131r.\u201d dedi. KDP Genel Ba\u015fkan Yard\u0131mc\u0131s\u0131 Ne\u00e7irvan Barzani, 16 A\u011fustos 2025 Cumartesi g\u00fcn\u00fc, partinin 79. kurulu\u015f y\u0131l d\u00f6n\u00fcm\u00fc m\u00fcnasebetiyle bir mesaj yay\u0131mlad\u0131. KDP\u2019nin kurulu\u015f y\u0131l d\u00f6n\u00fcm\u00fc [&hellip;]","og_url":"https:\/\/darkamazi.site\/archives\/1034789","og_site_name":"Darka Mazi","article_publisher":"https:\/\/www.facebook.com\/DarkaMaziturkce","article_published_time":"2025-08-16T11:22:25+00:00","article_modified_time":"2026-03-31T13:17:39+00:00","og_image":[{"width":1562,"height":878,"url":"https:\/\/darkamazi.site\/file\/2025\/08\/1755332848_kurdistan24.jpg","type":"image\/jpeg"}],"author":"darka mazi","twitter_card":"summary_large_image","twitter_creator":"@DarkaMaziTurkce","twitter_site":"@DarkaMaziTurkce","twitter_misc":{"Written by":"darka mazi","Est. reading time":"2 minutes"},"schema":{"@context":"https:\/\/schema.org","@graph":[{"@type":"NewsArticle","@id":"https:\/\/darkamazi.site\/archives\/1034789#article","isPartOf":{"@id":"https:\/\/darkamazi.site\/archives\/1034789"},"author":{"name":"darka mazi","@id":"https:\/\/darkamazi.site\/#\/schema\/person\/67986a95ac546c16760365877ef4a9d3"},"headline":"Ne\u00e7irvan Barzani: K\u00fcrdistan halk\u0131n\u0131 g\u00fcvenli bir limana ula\u015ft\u0131rma sorumlulu\u011fu KDP&#8217;nin omuzlar\u0131nda","datePublished":"2025-08-16T11:22:25+00:00","dateModified":"2026-03-31T13:17:39+00:00","mainEntityOfPage":{"@id":"https:\/\/darkamazi.site\/archives\/1034789"},"wordCount":391,"publisher":{"@id":"https:\/\/darkamazi.site\/#organization"},"image":{"@id":"https:\/\/darkamazi.site\/archives\/1034789#primaryimage"},"thumbnailUrl":"https:\/\/darkamazi.site\/file\/2025\/08\/1755332848_kurdistan24.jpg","keywords":["\u00f6nemli"],"articleSection":["Kurdistan"],"inLanguage":"en-US"},{"@type":"WebPage","@id":"https:\/\/darkamazi.site\/archives\/1034789","url":"https:\/\/darkamazi.site\/archives\/1034789","name":"Ne\u00e7irvan Barzani: K\u00fcrdistan halk\u0131n\u0131 g\u00fcvenli bir limana ula\u015ft\u0131rma sorumlulu\u011fu KDP'nin omuzlar\u0131nda - Darka Mazi","isPartOf":{"@id":"https:\/\/darkamazi.site\/#website"},"primaryImageOfPage":{"@id":"https:\/\/darkamazi.site\/archives\/1034789#primaryimage"},"image":{"@id":"https:\/\/darkamazi.site\/archives\/1034789#primaryimage"},"thumbnailUrl":"https:\/\/darkamazi.site\/file\/2025\/08\/1755332848_kurdistan24.jpg","datePublished":"2025-08-16T11:22:25+00:00","dateModified":"2026-03-31T13:17:39+00:00","breadcrumb":{"@id":"https:\/\/darkamazi.site\/archives\/1034789#breadcrumb"},"inLanguage":"en-US","potentialAction":[{"@type":"ReadAction","target":["https:\/\/darkamazi.site\/archives\/1034789"]}]},{"@type":"ImageObject","inLanguage":"en-US","@id":"https:\/\/darkamazi.site\/archives\/1034789#primaryimage","url":"https:\/\/darkamazi.site\/file\/2025\/08\/1755332848_kurdistan24.jpg","contentUrl":"https:\/\/darkamazi.site\/file\/2025\/08\/1755332848_kurdistan24.jpg","width":1562,"height":878,"caption":"Ne\u00e7irvan Barzani: K\u00fcrdistan halk\u0131n\u0131 g\u00fcvenli bir limana ula\u015ft\u0131rma sorumlulu\u011fu KDP'nin omuzlar\u0131nda"},{"@type":"BreadcrumbList","@id":"https:\/\/darkamazi.site\/archives\/1034789#breadcrumb","itemListElement":[{"@type":"ListItem","position":1,"name":"Home","item":"https:\/\/darkamazi.site\/"},{"@type":"ListItem","position":2,"name":"Ne\u00e7irvan Barzani: K\u00fcrdistan halk\u0131n\u0131 g\u00fcvenli bir limana ula\u015ft\u0131rma sorumlulu\u011fu KDP&#8217;nin omuzlar\u0131nda"}]},{"@type":"WebSite","@id":"https:\/\/darkamazi.site\/#website","url":"https:\/\/darkamazi.site\/","name":"Darka Mazi","description":"Ana Sayfa","publisher":{"@id":"https:\/\/darkamazi.site\/#organization"},"potentialAction":[{"@type":"SearchAction","target":{"@type":"EntryPoint","urlTemplate":"https:\/\/darkamazi.site\/?s={search_term_string}"},"query-input":{"@type":"PropertyValueSpecification","valueRequired":true,"valueName":"search_term_string"}}],"inLanguage":"en-US"},{"@type":"Organization","@id":"https:\/\/darkamazi.site\/#organization","name":"Darka Mazi T\u00fcrk\u00e7e","alternateName":"Darka Mazi","url":"https:\/\/darkamazi.site\/","logo":{"@type":"ImageObject","inLanguage":"en-US","@id":"https:\/\/darkamazi.site\/#\/schema\/logo\/image\/","url":"https:\/\/darkamazi.site\/file\/2017\/12\/darka-mazi-logo.png","contentUrl":"https:\/\/darkamazi.site\/file\/2017\/12\/darka-mazi-logo.png","width":151,"height":75,"caption":"Darka Mazi T\u00fcrk\u00e7e"},"image":{"@id":"https:\/\/darkamazi.site\/#\/schema\/logo\/image\/"},"sameAs":["https:\/\/www.facebook.com\/DarkaMaziturkce","https:\/\/x.com\/DarkaMaziTurkce"]},{"@type":"Person","@id":"https:\/\/darkamazi.site\/#\/schema\/person\/67986a95ac546c16760365877ef4a9d3","name":"darka mazi","sameAs":["https:\/\/darkamazi.site"],"url":"https:\/\/darkamazi.site\/archives\/author\/turkish"}]}},"_links":{"self":[{"href":"https:\/\/darkamazi.site\/funavuv\/wp\/v2\/posts\/1034789","targetHints":{"allow":["GET"]}}],"collection":[{"href":"https:\/\/darkamazi.site\/funavuv\/wp\/v2\/posts"}],"about":[{"href":"https:\/\/darkamazi.site\/funavuv\/wp\/v2\/types\/post"}],"author":[{"embeddable":true,"href":"https:\/\/darkamazi.site\/funavuv\/wp\/v2\/users\/2"}],"replies":[{"embeddable":true,"href":"https:\/\/darkamazi.site\/funavuv\/wp\/v2\/comments?post=1034789"}],"version-history":[{"count":0,"href":"https:\/\/darkamazi.site\/funavuv\/wp\/v2\/posts\/1034789\/revisions"}],"wp:featuredmedia":[{"embeddable":true,"href":"https:\/\/darkamazi.site\/funavuv\/wp\/v2\/media\/1034790"}],"wp:attachment":[{"href":"https:\/\/darkamazi.site\/funavuv\/wp\/v2\/media?parent=1034789"}],"wp:term":[{"taxonomy":"category","embeddable":true,"href":"https:\/\/darkamazi.site\/funavuv\/wp\/v2\/categories?post=1034789"},{"taxonomy":"post_tag","embeddable":true,"href":"https:\/\/darkamazi.site\/funavuv\/wp\/v2\/tags?post=1034789"}],"curies":[{"name":"wp","href":"https:\/\/api.w.org\/{rel}","templated":true}]}}