{"id":1034820,"date":"2025-08-20T14:23:05","date_gmt":"2025-08-20T11:23:05","guid":{"rendered":"https:\/\/darkamazi.site\/?p=1034820"},"modified":"2026-03-31T16:17:39","modified_gmt":"2026-03-31T13:17:39","slug":"pariste-suriye-ile-israil-arasinda-resmi-temas-saglandi","status":"publish","type":"post","link":"https:\/\/darkamazi.site\/archives\/1034820","title":{"rendered":"Paris&#8217;te, Suriye ile \u0130srail aras\u0131nda resmi temas sa\u011fland\u0131"},"content":{"rendered":"<p>Fransa&#8217;n\u0131n ba\u015fkenti Paris&#8217;te, Suriye ile \u0130srail aras\u0131nda resmi temas sa\u011fland\u0131. Suriye D\u0131\u015fi\u015fleri Bakan\u0131 Esad \u015eeybani, b\u00f6lgesel istikrar ve Suriye\u2019nin g\u00fcneyine y\u00f6nelik konular\u0131 g\u00f6r\u00fc\u015fmek \u00fczere \u0130srail heyetiyle bir araya geldi.<\/p>\n<p>Suriye resmi haber ajans\u0131 SANA\u2019n\u0131n aktard\u0131\u011f\u0131 bilgilere g\u00f6re Bakan \u015eeybani, Paris&#8217;te Suriye istikrar\u0131na ili\u015fkin konular\u0131 g\u00f6r\u00fc\u015fmek \u00fczere \u0130srail heyetiyle g\u00f6r\u00fc\u015ft\u00fc. G\u00f6r\u00fc\u015fme, ABD arabuluculu\u011funda ger\u00e7ekle\u015ftirildi.<\/p>\n<p>G\u00f6r\u00fc\u015fmede, gerginli\u011fin azalt\u0131lmas\u0131, Suriye&#8217;nin i\u00e7i\u015flerine m\u00fcdahale edilmemesi, b\u00f6lgesel istikrar\u0131 destekleyen bir mutabakat sa\u011flanmas\u0131, S\u00fcveyda ilindeki ate\u015fkesin izlenmesi ve 1974 mutabakat\u0131&#8217;n\u0131n yeniden y\u00fcr\u00fcrl\u00fc\u011fe konulmas\u0131 konular\u0131n\u0131n ele al\u0131nd\u0131\u011f\u0131 bildirildi.<\/p>\n<p>Haberde, ABD arabuluculu\u011funda y\u00fcr\u00fct\u00fclen g\u00f6r\u00fc\u015fmelerin, Suriye&#8217;de g\u00fcvenlik ve istikrar\u0131n g\u00fc\u00e7lendirilmesi ve Suriye topraklar\u0131n\u0131n korunmas\u0131n\u0131 ama\u00e7layan diplomatik \u00e7abalar\u0131n bir par\u00e7as\u0131 oldu\u011fu belirtildi.<\/p>\n<p>\u0130srailli heyete \u0130srail Stratejik \u0130\u015fler Bakan\u0131 Ron Dermer ba\u015fkanl\u0131k etti.<\/p>\n<p>\u00d6te yandan ABD&#8217;nin Suriye \u00d6zel Temsilcisi Tom Barrack, sosyal medya platformu X \u00fczerinden yapt\u0131\u011f\u0131 payla\u015f\u0131mda, \u0130srail&#8217;deki D\u00fcrzi toplulu\u011funun lideri \u015eeyh Muvaffak Tarif ve ekibiyle s\u0131cak bir g\u00f6r\u00fc\u015fme ger\u00e7ekle\u015ftirdi\u011fini ifade etti.<\/p>\n<p>Tom Barrack, S\u00fcveyda&#8217;daki durumu, t\u00fcm taraflar\u0131n \u00e7\u0131karlar\u0131n\u0131 nas\u0131l bir araya getirebileceklerini, gerginli\u011fi nas\u0131l azaltabileceklerini ve uzla\u015f\u0131y\u0131 nas\u0131l in\u015fa edebileceklerini g\u00f6r\u00fc\u015ft\u00fcklerini aktard\u0131.<\/p>\n<p>Esad \u015eeybani, \u00dcrd\u00fcn D\u0131\u015fi\u015fleri Bakan\u0131 Ayman Safadi ve Tom Barrack\u2019la 12 A\u011fustos\u2019ta Amman&#8217;da bir araya gelmi\u015fti.<\/p>\n<p>G\u00f6r\u00fc\u015fmede, Suriye&#8217;nin istikrar\u0131, egemenli\u011fi ve g\u00fcvenli\u011fine hizmet edecek \u015fekilde \u00fc\u00e7 taraf aras\u0131ndaki i\u015f birli\u011fi ve koordinasyonun art\u0131r\u0131lmas\u0131n\u0131n yollar\u0131 ele al\u0131nm\u0131\u015ft\u0131.<\/p>\n<p>Ayr\u0131ca, Suriye H\u00fck\u00fcmetinin S\u00fcveyda ilinde ate\u015fkesi g\u00fc\u00e7lendirme ve krize kapsaml\u0131 bir \u00e7\u00f6z\u00fcm bulma \u00e7abalar\u0131n\u0131 desteklemek \u00fczere Suriye-\u00dcrd\u00fcn-ABD \u00e7al\u0131\u015fma grubu kurulmas\u0131 konusunda mutabakata var\u0131lm\u0131\u015ft\u0131.<\/p>\n","protected":false},"excerpt":{"rendered":"<p>Fransa&#8217;n\u0131n ba\u015fkenti Paris&#8217;te, Suriye ile \u0130srail aras\u0131nda resmi temas sa\u011fland\u0131. Suriye D\u0131\u015fi\u015fleri Bakan\u0131 Esad \u015eeybani, b\u00f6lgesel istikrar ve Suriye\u2019nin g\u00fcneyine y\u00f6nelik konular\u0131 g\u00f6r\u00fc\u015fmek \u00fczere \u0130srail heyetiyle bir araya geldi. Suriye resmi haber ajans\u0131 SANA\u2019n\u0131n aktard\u0131\u011f\u0131 bilgilere g\u00f6re Bakan \u015eeybani, Paris&#8217;te Suriye istikrar\u0131na ili\u015fkin konular\u0131 g\u00f6r\u00fc\u015fmek \u00fczere \u0130srail heyetiyle g\u00f6r\u00fc\u015ft\u00fc. G\u00f6r\u00fc\u015fme, ABD arabuluculu\u011funda ger\u00e7ekle\u015ftirildi. G\u00f6r\u00fc\u015fmede, gerginli\u011fin [&hellip;]<\/p>\n","protected":false},"author":2,"featured_media":1034821,"comment_status":"closed","ping_status":"closed","sticky":false,"template":"","format":"standard","meta":{"footnotes":""},"categories":[29],"tags":[],"class_list":["post-1034820","post","type-post","status-publish","format-standard","has-post-thumbnail","hentry","category-ortadogu"],"blocksy_meta":[],"seo_head":"<!-- This site is optimized with the Yoast SEO plugin v27.5 - https:\/\/yoast.com\/product\/yoast-seo-wordpress\/ -->\n<title>Paris&#039;te, Suriye ile \u0130srail aras\u0131nda resmi temas sa\u011fland\u0131 - Darka Mazi<\/title>\n<meta name=\"robots\" content=\"index, follow, max-snippet:-1, max-image-preview:large, max-video-preview:-1\" \/>\n<link rel=\"canonical\" href=\"https:\/\/darkamazi.site\/archives\/1034820\" \/>\n<meta property=\"og:locale\" content=\"en_US\" \/>\n<meta property=\"og:type\" content=\"article\" \/>\n<meta property=\"og:title\" content=\"Paris&#039;te, Suriye ile \u0130srail aras\u0131nda resmi temas sa\u011fland\u0131 - Darka Mazi\" \/>\n<meta property=\"og:description\" content=\"Fransa&#8217;n\u0131n ba\u015fkenti Paris&#8217;te, Suriye ile \u0130srail aras\u0131nda resmi temas sa\u011fland\u0131. Suriye D\u0131\u015fi\u015fleri Bakan\u0131 Esad \u015eeybani, b\u00f6lgesel istikrar ve Suriye\u2019nin g\u00fcneyine y\u00f6nelik konular\u0131 g\u00f6r\u00fc\u015fmek \u00fczere \u0130srail heyetiyle bir araya geldi. Suriye resmi haber ajans\u0131 SANA\u2019n\u0131n aktard\u0131\u011f\u0131 bilgilere g\u00f6re Bakan \u015eeybani, Paris&#8217;te Suriye istikrar\u0131na ili\u015fkin konular\u0131 g\u00f6r\u00fc\u015fmek \u00fczere \u0130srail heyetiyle g\u00f6r\u00fc\u015ft\u00fc. G\u00f6r\u00fc\u015fme, ABD arabuluculu\u011funda ger\u00e7ekle\u015ftirildi. G\u00f6r\u00fc\u015fmede, gerginli\u011fin [&hellip;]\" \/>\n<meta property=\"og:url\" content=\"https:\/\/darkamazi.site\/archives\/1034820\" \/>\n<meta property=\"og:site_name\" content=\"Darka Mazi\" \/>\n<meta property=\"article:publisher\" content=\"https:\/\/www.facebook.com\/DarkaMaziturkce\" \/>\n<meta property=\"article:published_time\" content=\"2025-08-20T11:23:05+00:00\" \/>\n<meta property=\"article:modified_time\" content=\"2026-03-31T13:17:39+00:00\" \/>\n<meta property=\"og:image\" content=\"https:\/\/darkamazi.site\/file\/2025\/08\/indir.jpeg\" \/>\n\t<meta property=\"og:image:width\" content=\"300\" \/>\n\t<meta property=\"og:image:height\" content=\"168\" \/>\n\t<meta property=\"og:image:type\" content=\"image\/jpeg\" \/>\n<meta name=\"author\" content=\"darka mazi\" \/>\n<meta name=\"twitter:card\" content=\"summary_large_image\" \/>\n<meta name=\"twitter:creator\" content=\"@DarkaMaziTurkce\" \/>\n<meta name=\"twitter:site\" content=\"@DarkaMaziTurkce\" \/>\n<meta name=\"twitter:label1\" content=\"Written by\" \/>\n\t<meta name=\"twitter:data1\" content=\"darka mazi\" \/>\n\t<meta name=\"twitter:label2\" content=\"Est. reading time\" \/>\n\t<meta name=\"twitter:data2\" content=\"2 minutes\" \/>\n<script type=\"application\/ld+json\" class=\"seo-schema-graph\">{\"@context\":\"https:\\\/\\\/schema.org\",\"@graph\":[{\"@type\":\"NewsArticle\",\"@id\":\"https:\\\/\\\/darkamazi.site\\\/archives\\\/1034820#article\",\"isPartOf\":{\"@id\":\"https:\\\/\\\/darkamazi.site\\\/archives\\\/1034820\"},\"author\":{\"name\":\"darka mazi\",\"@id\":\"https:\\\/\\\/darkamazi.site\\\/#\\\/schema\\\/person\\\/67986a95ac546c16760365877ef4a9d3\"},\"headline\":\"Paris&#8217;te, Suriye ile \u0130srail aras\u0131nda resmi temas sa\u011fland\u0131\",\"datePublished\":\"2025-08-20T11:23:05+00:00\",\"dateModified\":\"2026-03-31T13:17:39+00:00\",\"mainEntityOfPage\":{\"@id\":\"https:\\\/\\\/darkamazi.site\\\/archives\\\/1034820\"},\"wordCount\":357,\"publisher\":{\"@id\":\"https:\\\/\\\/darkamazi.site\\\/#organization\"},\"image\":{\"@id\":\"https:\\\/\\\/darkamazi.site\\\/archives\\\/1034820#primaryimage\"},\"thumbnailUrl\":\"https:\\\/\\\/darkamazi.site\\\/darka-content\\\/uploads\\\/2025\\\/08\\\/indir.jpeg\",\"articleSection\":[\"Ortado\u011fu\"],\"inLanguage\":\"en-US\"},{\"@type\":\"WebPage\",\"@id\":\"https:\\\/\\\/darkamazi.site\\\/archives\\\/1034820\",\"url\":\"https:\\\/\\\/darkamazi.site\\\/archives\\\/1034820\",\"name\":\"Paris'te, Suriye ile \u0130srail aras\u0131nda resmi temas sa\u011fland\u0131 - Darka Mazi\",\"isPartOf\":{\"@id\":\"https:\\\/\\\/darkamazi.site\\\/#website\"},\"primaryImageOfPage\":{\"@id\":\"https:\\\/\\\/darkamazi.site\\\/archives\\\/1034820#primaryimage\"},\"image\":{\"@id\":\"https:\\\/\\\/darkamazi.site\\\/archives\\\/1034820#primaryimage\"},\"thumbnailUrl\":\"https:\\\/\\\/darkamazi.site\\\/darka-content\\\/uploads\\\/2025\\\/08\\\/indir.jpeg\",\"datePublished\":\"2025-08-20T11:23:05+00:00\",\"dateModified\":\"2026-03-31T13:17:39+00:00\",\"breadcrumb\":{\"@id\":\"https:\\\/\\\/darkamazi.site\\\/archives\\\/1034820#breadcrumb\"},\"inLanguage\":\"en-US\",\"potentialAction\":[{\"@type\":\"ReadAction\",\"target\":[\"https:\\\/\\\/darkamazi.site\\\/archives\\\/1034820\"]}]},{\"@type\":\"ImageObject\",\"inLanguage\":\"en-US\",\"@id\":\"https:\\\/\\\/darkamazi.site\\\/archives\\\/1034820#primaryimage\",\"url\":\"https:\\\/\\\/darkamazi.site\\\/darka-content\\\/uploads\\\/2025\\\/08\\\/indir.jpeg\",\"contentUrl\":\"https:\\\/\\\/darkamazi.site\\\/darka-content\\\/uploads\\\/2025\\\/08\\\/indir.jpeg\",\"width\":300,\"height\":168,\"caption\":\"Paris'te, Suriye ile \u0130srail aras\u0131nda resmi temas sa\u011fland\u0131\"},{\"@type\":\"BreadcrumbList\",\"@id\":\"https:\\\/\\\/darkamazi.site\\\/archives\\\/1034820#breadcrumb\",\"itemListElement\":[{\"@type\":\"ListItem\",\"position\":1,\"name\":\"Home\",\"item\":\"https:\\\/\\\/darkamazi.site\\\/\"},{\"@type\":\"ListItem\",\"position\":2,\"name\":\"Paris&#8217;te, Suriye ile \u0130srail aras\u0131nda resmi temas sa\u011fland\u0131\"}]},{\"@type\":\"WebSite\",\"@id\":\"https:\\\/\\\/darkamazi.site\\\/#website\",\"url\":\"https:\\\/\\\/darkamazi.site\\\/\",\"name\":\"Darka Mazi\",\"description\":\"Ana Sayfa\",\"publisher\":{\"@id\":\"https:\\\/\\\/darkamazi.site\\\/#organization\"},\"potentialAction\":[{\"@type\":\"SearchAction\",\"target\":{\"@type\":\"EntryPoint\",\"urlTemplate\":\"https:\\\/\\\/darkamazi.site\\\/?s={search_term_string}\"},\"query-input\":{\"@type\":\"PropertyValueSpecification\",\"valueRequired\":true,\"valueName\":\"search_term_string\"}}],\"inLanguage\":\"en-US\"},{\"@type\":\"Organization\",\"@id\":\"https:\\\/\\\/darkamazi.site\\\/#organization\",\"name\":\"Darka Mazi T\u00fcrk\u00e7e\",\"alternateName\":\"Darka Mazi\",\"url\":\"https:\\\/\\\/darkamazi.site\\\/\",\"logo\":{\"@type\":\"ImageObject\",\"inLanguage\":\"en-US\",\"@id\":\"https:\\\/\\\/darkamazi.site\\\/#\\\/schema\\\/logo\\\/image\\\/\",\"url\":\"https:\\\/\\\/darkamazi.site\\\/darka-content\\\/uploads\\\/2017\\\/12\\\/darka-mazi-logo.png\",\"contentUrl\":\"https:\\\/\\\/darkamazi.site\\\/darka-content\\\/uploads\\\/2017\\\/12\\\/darka-mazi-logo.png\",\"width\":151,\"height\":75,\"caption\":\"Darka Mazi T\u00fcrk\u00e7e\"},\"image\":{\"@id\":\"https:\\\/\\\/darkamazi.site\\\/#\\\/schema\\\/logo\\\/image\\\/\"},\"sameAs\":[\"https:\\\/\\\/www.facebook.com\\\/DarkaMaziturkce\",\"https:\\\/\\\/x.com\\\/DarkaMaziTurkce\"]},{\"@type\":\"Person\",\"@id\":\"https:\\\/\\\/darkamazi.site\\\/#\\\/schema\\\/person\\\/67986a95ac546c16760365877ef4a9d3\",\"name\":\"darka mazi\",\"sameAs\":[\"https:\\\/\\\/darkamazi.site\"],\"url\":\"https:\\\/\\\/darkamazi.site\\\/archives\\\/author\\\/turkish\"}]}<\/script>\n<!-- \/ Yoast SEO plugin. -->","seo_head_json":{"title":"Paris'te, Suriye ile \u0130srail aras\u0131nda resmi temas sa\u011fland\u0131 - Darka Mazi","robots":{"index":"index","follow":"follow","max-snippet":"max-snippet:-1","max-image-preview":"max-image-preview:large","max-video-preview":"max-video-preview:-1"},"canonical":"https:\/\/darkamazi.site\/archives\/1034820","og_locale":"en_US","og_type":"article","og_title":"Paris'te, Suriye ile \u0130srail aras\u0131nda resmi temas sa\u011fland\u0131 - Darka Mazi","og_description":"Fransa&#8217;n\u0131n ba\u015fkenti Paris&#8217;te, Suriye ile \u0130srail aras\u0131nda resmi temas sa\u011fland\u0131. Suriye D\u0131\u015fi\u015fleri Bakan\u0131 Esad \u015eeybani, b\u00f6lgesel istikrar ve Suriye\u2019nin g\u00fcneyine y\u00f6nelik konular\u0131 g\u00f6r\u00fc\u015fmek \u00fczere \u0130srail heyetiyle bir araya geldi. Suriye resmi haber ajans\u0131 SANA\u2019n\u0131n aktard\u0131\u011f\u0131 bilgilere g\u00f6re Bakan \u015eeybani, Paris&#8217;te Suriye istikrar\u0131na ili\u015fkin konular\u0131 g\u00f6r\u00fc\u015fmek \u00fczere \u0130srail heyetiyle g\u00f6r\u00fc\u015ft\u00fc. G\u00f6r\u00fc\u015fme, ABD arabuluculu\u011funda ger\u00e7ekle\u015ftirildi. G\u00f6r\u00fc\u015fmede, gerginli\u011fin [&hellip;]","og_url":"https:\/\/darkamazi.site\/archives\/1034820","og_site_name":"Darka Mazi","article_publisher":"https:\/\/www.facebook.com\/DarkaMaziturkce","article_published_time":"2025-08-20T11:23:05+00:00","article_modified_time":"2026-03-31T13:17:39+00:00","og_image":[{"width":300,"height":168,"url":"https:\/\/darkamazi.site\/file\/2025\/08\/indir.jpeg","type":"image\/jpeg"}],"author":"darka mazi","twitter_card":"summary_large_image","twitter_creator":"@DarkaMaziTurkce","twitter_site":"@DarkaMaziTurkce","twitter_misc":{"Written by":"darka mazi","Est. reading time":"2 minutes"},"schema":{"@context":"https:\/\/schema.org","@graph":[{"@type":"NewsArticle","@id":"https:\/\/darkamazi.site\/archives\/1034820#article","isPartOf":{"@id":"https:\/\/darkamazi.site\/archives\/1034820"},"author":{"name":"darka mazi","@id":"https:\/\/darkamazi.site\/#\/schema\/person\/67986a95ac546c16760365877ef4a9d3"},"headline":"Paris&#8217;te, Suriye ile \u0130srail aras\u0131nda resmi temas sa\u011fland\u0131","datePublished":"2025-08-20T11:23:05+00:00","dateModified":"2026-03-31T13:17:39+00:00","mainEntityOfPage":{"@id":"https:\/\/darkamazi.site\/archives\/1034820"},"wordCount":357,"publisher":{"@id":"https:\/\/darkamazi.site\/#organization"},"image":{"@id":"https:\/\/darkamazi.site\/archives\/1034820#primaryimage"},"thumbnailUrl":"https:\/\/darkamazi.site\/file\/2025\/08\/indir.jpeg","articleSection":["Ortado\u011fu"],"inLanguage":"en-US"},{"@type":"WebPage","@id":"https:\/\/darkamazi.site\/archives\/1034820","url":"https:\/\/darkamazi.site\/archives\/1034820","name":"Paris'te, Suriye ile \u0130srail aras\u0131nda resmi temas sa\u011fland\u0131 - Darka Mazi","isPartOf":{"@id":"https:\/\/darkamazi.site\/#website"},"primaryImageOfPage":{"@id":"https:\/\/darkamazi.site\/archives\/1034820#primaryimage"},"image":{"@id":"https:\/\/darkamazi.site\/archives\/1034820#primaryimage"},"thumbnailUrl":"https:\/\/darkamazi.site\/file\/2025\/08\/indir.jpeg","datePublished":"2025-08-20T11:23:05+00:00","dateModified":"2026-03-31T13:17:39+00:00","breadcrumb":{"@id":"https:\/\/darkamazi.site\/archives\/1034820#breadcrumb"},"inLanguage":"en-US","potentialAction":[{"@type":"ReadAction","target":["https:\/\/darkamazi.site\/archives\/1034820"]}]},{"@type":"ImageObject","inLanguage":"en-US","@id":"https:\/\/darkamazi.site\/archives\/1034820#primaryimage","url":"https:\/\/darkamazi.site\/file\/2025\/08\/indir.jpeg","contentUrl":"https:\/\/darkamazi.site\/file\/2025\/08\/indir.jpeg","width":300,"height":168,"caption":"Paris'te, Suriye ile \u0130srail aras\u0131nda resmi temas sa\u011fland\u0131"},{"@type":"BreadcrumbList","@id":"https:\/\/darkamazi.site\/archives\/1034820#breadcrumb","itemListElement":[{"@type":"ListItem","position":1,"name":"Home","item":"https:\/\/darkamazi.site\/"},{"@type":"ListItem","position":2,"name":"Paris&#8217;te, Suriye ile \u0130srail aras\u0131nda resmi temas sa\u011fland\u0131"}]},{"@type":"WebSite","@id":"https:\/\/darkamazi.site\/#website","url":"https:\/\/darkamazi.site\/","name":"Darka Mazi","description":"Ana Sayfa","publisher":{"@id":"https:\/\/darkamazi.site\/#organization"},"potentialAction":[{"@type":"SearchAction","target":{"@type":"EntryPoint","urlTemplate":"https:\/\/darkamazi.site\/?s={search_term_string}"},"query-input":{"@type":"PropertyValueSpecification","valueRequired":true,"valueName":"search_term_string"}}],"inLanguage":"en-US"},{"@type":"Organization","@id":"https:\/\/darkamazi.site\/#organization","name":"Darka Mazi T\u00fcrk\u00e7e","alternateName":"Darka Mazi","url":"https:\/\/darkamazi.site\/","logo":{"@type":"ImageObject","inLanguage":"en-US","@id":"https:\/\/darkamazi.site\/#\/schema\/logo\/image\/","url":"https:\/\/darkamazi.site\/file\/2017\/12\/darka-mazi-logo.png","contentUrl":"https:\/\/darkamazi.site\/file\/2017\/12\/darka-mazi-logo.png","width":151,"height":75,"caption":"Darka Mazi T\u00fcrk\u00e7e"},"image":{"@id":"https:\/\/darkamazi.site\/#\/schema\/logo\/image\/"},"sameAs":["https:\/\/www.facebook.com\/DarkaMaziturkce","https:\/\/x.com\/DarkaMaziTurkce"]},{"@type":"Person","@id":"https:\/\/darkamazi.site\/#\/schema\/person\/67986a95ac546c16760365877ef4a9d3","name":"darka mazi","sameAs":["https:\/\/darkamazi.site"],"url":"https:\/\/darkamazi.site\/archives\/author\/turkish"}]}},"_links":{"self":[{"href":"https:\/\/darkamazi.site\/funavuv\/wp\/v2\/posts\/1034820","targetHints":{"allow":["GET"]}}],"collection":[{"href":"https:\/\/darkamazi.site\/funavuv\/wp\/v2\/posts"}],"about":[{"href":"https:\/\/darkamazi.site\/funavuv\/wp\/v2\/types\/post"}],"author":[{"embeddable":true,"href":"https:\/\/darkamazi.site\/funavuv\/wp\/v2\/users\/2"}],"replies":[{"embeddable":true,"href":"https:\/\/darkamazi.site\/funavuv\/wp\/v2\/comments?post=1034820"}],"version-history":[{"count":0,"href":"https:\/\/darkamazi.site\/funavuv\/wp\/v2\/posts\/1034820\/revisions"}],"wp:featuredmedia":[{"embeddable":true,"href":"https:\/\/darkamazi.site\/funavuv\/wp\/v2\/media\/1034821"}],"wp:attachment":[{"href":"https:\/\/darkamazi.site\/funavuv\/wp\/v2\/media?parent=1034820"}],"wp:term":[{"taxonomy":"category","embeddable":true,"href":"https:\/\/darkamazi.site\/funavuv\/wp\/v2\/categories?post=1034820"},{"taxonomy":"post_tag","embeddable":true,"href":"https:\/\/darkamazi.site\/funavuv\/wp\/v2\/tags?post=1034820"}],"curies":[{"name":"wp","href":"https:\/\/api.w.org\/{rel}","templated":true}]}}