{"id":1034824,"date":"2025-08-20T14:44:08","date_gmt":"2025-08-20T11:44:08","guid":{"rendered":"https:\/\/darkamazi.site\/?p=1034824"},"modified":"2026-03-31T16:17:38","modified_gmt":"2026-03-31T13:17:38","slug":"baskan-barzani-abdnin-irak-buyukelciligi-maslahatguzari-steven-fagini-kabul-etti","status":"publish","type":"post","link":"https:\/\/darkamazi.site\/archives\/1034824","title":{"rendered":"Ba\u015fkan Barzani ABD\u2019nin Irak B\u00fcy\u00fckel\u00e7ili\u011fi Maslahatg\u00fczar\u0131 Steven Fagin\u2019i kabul etti."},"content":{"rendered":"<p><span style=\"font-family: 'arial black', sans-serif\">Ba\u015fkan Mesud Barzani, ABD Ba\u011fdat B\u00fcy\u00fckel\u00e7ili\u011fi Maslahatg\u00fczar\u0131 Steven Fagin\u2019i kabul etti. G\u00f6r\u00fc\u015fmede, K\u00fcrdistan B\u00f6lgesi\u2019ndeki maa\u015f ve mali haklar sorunlar\u0131n\u0131n \u00e7\u00f6z\u00fclmesi gerekti\u011fi vurguland\u0131.<\/span><\/p>\n<p>Ba\u015fkan Mesud Barzani, Selahaddin\u2019de ABD\u2019nin Irak B\u00fcy\u00fckel\u00e7ili\u011fi Maslahatg\u00fczar\u0131 Steven Fagin\u2019i kabul etti.<\/p>\n<p>Barzani Ofisi taraf\u0131ndan yap\u0131lan a\u00e7\u0131klamaya g\u00f6re, g\u00f6r\u00fc\u015fmede, ABD\u2019nin Erbil Ba\u015fkonsolosu\u00a0Wendy Green\u00a0de haz\u0131r bulundu. G\u00f6r\u00fc\u015fmede Erbil-Ba\u011fdat ili\u015fkileri ve petrol ihracat\u0131 konular\u0131 ele al\u0131nd\u0131.<\/p>\n<p>Barzani Ofisi, g\u00f6r\u00fc\u015fmeye dair yapt\u0131\u011f\u0131 a\u00e7\u0131klamada, her iki taraf\u0131n \u201cK\u00fcrdistan B\u00f6lgesi\u2019ndeki maa\u015f ve mali haklar sorunlar\u0131n\u0131n \u00e7\u00f6z\u00fclmesi gerekti\u011fi ve vatanda\u015flar\u0131n maa\u015flar\u0131n\u0131n siyasi anla\u015fmazl\u0131k ve \u00e7at\u0131\u015fmalara alet edilmemesi gerekti\u011fi\u201d konusunda hemfikir oldu\u011funu belirtti.<\/p>\n<p>Ayn\u0131 zamanda, g\u00f6r\u00fc\u015fmede ABD\u2019nin, K\u00fcrdistan B\u00f6lgesi h\u00fck\u00fcmetiyle yasaya uygun olarak s\u00f6zle\u015fmeleri bulunan petrol \u015firketlerine verdi\u011fi deste\u011fin de bir kez daha vurguland\u0131\u011f\u0131 kaydedildi.<\/p>\n<p>Di\u011fer yandan g\u00f6r\u00fc\u015fmede, K\u00fcrdistan B\u00f6lgesi ile ABD aras\u0131ndaki ili\u015fkilerin geli\u015ftirilmesi, Irak Parlamentosu\u2019nun yeni \u00fcyelerinin se\u00e7imi, Suriye\u2019deki durum ve Pe\u015fmerge Bakanl\u0131\u011f\u0131\u2019ndaki reform ad\u0131mlar\u0131 ele al\u0131nd\u0131. Ayr\u0131ca K\u00fcrdistan B\u00f6lgesi h\u00fck\u00fcmetinin yeni kabinesinin olu\u015fturulmas\u0131na ili\u015fkin geli\u015fmeler de de\u011ferlendirildi.<\/p>\n","protected":false},"excerpt":{"rendered":"<p>Ba\u015fkan Mesud Barzani, ABD Ba\u011fdat B\u00fcy\u00fckel\u00e7ili\u011fi Maslahatg\u00fczar\u0131 Steven Fagin\u2019i kabul etti. G\u00f6r\u00fc\u015fmede, K\u00fcrdistan B\u00f6lgesi\u2019ndeki maa\u015f ve mali haklar sorunlar\u0131n\u0131n \u00e7\u00f6z\u00fclmesi gerekti\u011fi vurguland\u0131. Ba\u015fkan Mesud Barzani, Selahaddin\u2019de ABD\u2019nin Irak B\u00fcy\u00fckel\u00e7ili\u011fi Maslahatg\u00fczar\u0131 Steven Fagin\u2019i kabul etti. Barzani Ofisi taraf\u0131ndan yap\u0131lan a\u00e7\u0131klamaya g\u00f6re, g\u00f6r\u00fc\u015fmede, ABD\u2019nin Erbil Ba\u015fkonsolosu\u00a0Wendy Green\u00a0de haz\u0131r bulundu. G\u00f6r\u00fc\u015fmede Erbil-Ba\u011fdat ili\u015fkileri ve petrol ihracat\u0131 konular\u0131 ele [&hellip;]<\/p>\n","protected":false},"author":2,"featured_media":1034825,"comment_status":"closed","ping_status":"closed","sticky":false,"template":"","format":"standard","meta":{"footnotes":""},"categories":[3],"tags":[31],"class_list":["post-1034824","post","type-post","status-publish","format-standard","has-post-thumbnail","hentry","category-kurdistan","tag-onemli"],"blocksy_meta":[],"seo_head":"<!-- This site is optimized with the Yoast SEO plugin v27.5 - https:\/\/yoast.com\/product\/yoast-seo-wordpress\/ -->\n<title>Ba\u015fkan Barzani ABD\u2019nin Irak B\u00fcy\u00fckel\u00e7ili\u011fi Maslahatg\u00fczar\u0131 Steven Fagin\u2019i kabul etti. - Darka Mazi<\/title>\n<meta name=\"robots\" content=\"index, follow, max-snippet:-1, max-image-preview:large, max-video-preview:-1\" \/>\n<link rel=\"canonical\" href=\"https:\/\/darkamazi.site\/archives\/1034824\" \/>\n<meta property=\"og:locale\" content=\"en_US\" \/>\n<meta property=\"og:type\" content=\"article\" \/>\n<meta property=\"og:title\" content=\"Ba\u015fkan Barzani ABD\u2019nin Irak B\u00fcy\u00fckel\u00e7ili\u011fi Maslahatg\u00fczar\u0131 Steven Fagin\u2019i kabul etti. - Darka Mazi\" \/>\n<meta property=\"og:description\" content=\"Ba\u015fkan Mesud Barzani, ABD Ba\u011fdat B\u00fcy\u00fckel\u00e7ili\u011fi Maslahatg\u00fczar\u0131 Steven Fagin\u2019i kabul etti. G\u00f6r\u00fc\u015fmede, K\u00fcrdistan B\u00f6lgesi\u2019ndeki maa\u015f ve mali haklar sorunlar\u0131n\u0131n \u00e7\u00f6z\u00fclmesi gerekti\u011fi vurguland\u0131. Ba\u015fkan Mesud Barzani, Selahaddin\u2019de ABD\u2019nin Irak B\u00fcy\u00fckel\u00e7ili\u011fi Maslahatg\u00fczar\u0131 Steven Fagin\u2019i kabul etti. Barzani Ofisi taraf\u0131ndan yap\u0131lan a\u00e7\u0131klamaya g\u00f6re, g\u00f6r\u00fc\u015fmede, ABD\u2019nin Erbil Ba\u015fkonsolosu\u00a0Wendy Green\u00a0de haz\u0131r bulundu. G\u00f6r\u00fc\u015fmede Erbil-Ba\u011fdat ili\u015fkileri ve petrol ihracat\u0131 konular\u0131 ele [&hellip;]\" \/>\n<meta property=\"og:url\" content=\"https:\/\/darkamazi.site\/archives\/1034824\" \/>\n<meta property=\"og:site_name\" content=\"Darka Mazi\" \/>\n<meta property=\"article:publisher\" content=\"https:\/\/www.facebook.com\/DarkaMaziturkce\" \/>\n<meta property=\"article:published_time\" content=\"2025-08-20T11:44:08+00:00\" \/>\n<meta property=\"article:modified_time\" content=\"2026-03-31T13:17:38+00:00\" \/>\n<meta property=\"og:image\" content=\"https:\/\/darkamazi.site\/file\/2025\/08\/892538Image1.jpg\" \/>\n\t<meta property=\"og:image:width\" content=\"752\" \/>\n\t<meta property=\"og:image:height\" content=\"472\" \/>\n\t<meta property=\"og:image:type\" content=\"image\/jpeg\" \/>\n<meta name=\"author\" content=\"darka mazi\" \/>\n<meta name=\"twitter:card\" content=\"summary_large_image\" \/>\n<meta name=\"twitter:creator\" content=\"@DarkaMaziTurkce\" \/>\n<meta name=\"twitter:site\" content=\"@DarkaMaziTurkce\" \/>\n<meta name=\"twitter:label1\" content=\"Written by\" \/>\n\t<meta name=\"twitter:data1\" content=\"darka mazi\" \/>\n\t<meta name=\"twitter:label2\" content=\"Est. reading time\" \/>\n\t<meta name=\"twitter:data2\" content=\"1 minute\" \/>\n<script type=\"application\/ld+json\" class=\"seo-schema-graph\">{\"@context\":\"https:\\\/\\\/schema.org\",\"@graph\":[{\"@type\":\"NewsArticle\",\"@id\":\"https:\\\/\\\/darkamazi.site\\\/archives\\\/1034824#article\",\"isPartOf\":{\"@id\":\"https:\\\/\\\/darkamazi.site\\\/archives\\\/1034824\"},\"author\":{\"name\":\"darka mazi\",\"@id\":\"https:\\\/\\\/darkamazi.site\\\/#\\\/schema\\\/person\\\/67986a95ac546c16760365877ef4a9d3\"},\"headline\":\"Ba\u015fkan Barzani ABD\u2019nin Irak B\u00fcy\u00fckel\u00e7ili\u011fi Maslahatg\u00fczar\u0131 Steven Fagin\u2019i kabul etti.\",\"datePublished\":\"2025-08-20T11:44:08+00:00\",\"dateModified\":\"2026-03-31T13:17:38+00:00\",\"mainEntityOfPage\":{\"@id\":\"https:\\\/\\\/darkamazi.site\\\/archives\\\/1034824\"},\"wordCount\":262,\"publisher\":{\"@id\":\"https:\\\/\\\/darkamazi.site\\\/#organization\"},\"image\":{\"@id\":\"https:\\\/\\\/darkamazi.site\\\/archives\\\/1034824#primaryimage\"},\"thumbnailUrl\":\"https:\\\/\\\/darkamazi.site\\\/darka-content\\\/uploads\\\/2025\\\/08\\\/892538Image1.jpg\",\"keywords\":[\"\u00f6nemli\"],\"articleSection\":[\"Kurdistan\"],\"inLanguage\":\"en-US\"},{\"@type\":\"WebPage\",\"@id\":\"https:\\\/\\\/darkamazi.site\\\/archives\\\/1034824\",\"url\":\"https:\\\/\\\/darkamazi.site\\\/archives\\\/1034824\",\"name\":\"Ba\u015fkan Barzani ABD\u2019nin Irak B\u00fcy\u00fckel\u00e7ili\u011fi Maslahatg\u00fczar\u0131 Steven Fagin\u2019i kabul etti. - Darka Mazi\",\"isPartOf\":{\"@id\":\"https:\\\/\\\/darkamazi.site\\\/#website\"},\"primaryImageOfPage\":{\"@id\":\"https:\\\/\\\/darkamazi.site\\\/archives\\\/1034824#primaryimage\"},\"image\":{\"@id\":\"https:\\\/\\\/darkamazi.site\\\/archives\\\/1034824#primaryimage\"},\"thumbnailUrl\":\"https:\\\/\\\/darkamazi.site\\\/darka-content\\\/uploads\\\/2025\\\/08\\\/892538Image1.jpg\",\"datePublished\":\"2025-08-20T11:44:08+00:00\",\"dateModified\":\"2026-03-31T13:17:38+00:00\",\"breadcrumb\":{\"@id\":\"https:\\\/\\\/darkamazi.site\\\/archives\\\/1034824#breadcrumb\"},\"inLanguage\":\"en-US\",\"potentialAction\":[{\"@type\":\"ReadAction\",\"target\":[\"https:\\\/\\\/darkamazi.site\\\/archives\\\/1034824\"]}]},{\"@type\":\"ImageObject\",\"inLanguage\":\"en-US\",\"@id\":\"https:\\\/\\\/darkamazi.site\\\/archives\\\/1034824#primaryimage\",\"url\":\"https:\\\/\\\/darkamazi.site\\\/darka-content\\\/uploads\\\/2025\\\/08\\\/892538Image1.jpg\",\"contentUrl\":\"https:\\\/\\\/darkamazi.site\\\/darka-content\\\/uploads\\\/2025\\\/08\\\/892538Image1.jpg\",\"width\":752,\"height\":472,\"caption\":\"Ba\u015fkan Barzani ABD\u2019nin Irak B\u00fcy\u00fckel\u00e7ili\u011fi Maslahatg\u00fczar\u0131 Steven Fagin\u2019i kabul etti.\"},{\"@type\":\"BreadcrumbList\",\"@id\":\"https:\\\/\\\/darkamazi.site\\\/archives\\\/1034824#breadcrumb\",\"itemListElement\":[{\"@type\":\"ListItem\",\"position\":1,\"name\":\"Home\",\"item\":\"https:\\\/\\\/darkamazi.site\\\/\"},{\"@type\":\"ListItem\",\"position\":2,\"name\":\"Ba\u015fkan Barzani ABD\u2019nin Irak B\u00fcy\u00fckel\u00e7ili\u011fi Maslahatg\u00fczar\u0131 Steven Fagin\u2019i kabul etti.\"}]},{\"@type\":\"WebSite\",\"@id\":\"https:\\\/\\\/darkamazi.site\\\/#website\",\"url\":\"https:\\\/\\\/darkamazi.site\\\/\",\"name\":\"Darka Mazi\",\"description\":\"Ana Sayfa\",\"publisher\":{\"@id\":\"https:\\\/\\\/darkamazi.site\\\/#organization\"},\"potentialAction\":[{\"@type\":\"SearchAction\",\"target\":{\"@type\":\"EntryPoint\",\"urlTemplate\":\"https:\\\/\\\/darkamazi.site\\\/?s={search_term_string}\"},\"query-input\":{\"@type\":\"PropertyValueSpecification\",\"valueRequired\":true,\"valueName\":\"search_term_string\"}}],\"inLanguage\":\"en-US\"},{\"@type\":\"Organization\",\"@id\":\"https:\\\/\\\/darkamazi.site\\\/#organization\",\"name\":\"Darka Mazi T\u00fcrk\u00e7e\",\"alternateName\":\"Darka Mazi\",\"url\":\"https:\\\/\\\/darkamazi.site\\\/\",\"logo\":{\"@type\":\"ImageObject\",\"inLanguage\":\"en-US\",\"@id\":\"https:\\\/\\\/darkamazi.site\\\/#\\\/schema\\\/logo\\\/image\\\/\",\"url\":\"https:\\\/\\\/darkamazi.site\\\/darka-content\\\/uploads\\\/2017\\\/12\\\/darka-mazi-logo.png\",\"contentUrl\":\"https:\\\/\\\/darkamazi.site\\\/darka-content\\\/uploads\\\/2017\\\/12\\\/darka-mazi-logo.png\",\"width\":151,\"height\":75,\"caption\":\"Darka Mazi T\u00fcrk\u00e7e\"},\"image\":{\"@id\":\"https:\\\/\\\/darkamazi.site\\\/#\\\/schema\\\/logo\\\/image\\\/\"},\"sameAs\":[\"https:\\\/\\\/www.facebook.com\\\/DarkaMaziturkce\",\"https:\\\/\\\/x.com\\\/DarkaMaziTurkce\"]},{\"@type\":\"Person\",\"@id\":\"https:\\\/\\\/darkamazi.site\\\/#\\\/schema\\\/person\\\/67986a95ac546c16760365877ef4a9d3\",\"name\":\"darka mazi\",\"sameAs\":[\"https:\\\/\\\/darkamazi.site\"],\"url\":\"https:\\\/\\\/darkamazi.site\\\/archives\\\/author\\\/turkish\"}]}<\/script>\n<!-- \/ Yoast SEO plugin. -->","seo_head_json":{"title":"Ba\u015fkan Barzani ABD\u2019nin Irak B\u00fcy\u00fckel\u00e7ili\u011fi Maslahatg\u00fczar\u0131 Steven Fagin\u2019i kabul etti. - Darka Mazi","robots":{"index":"index","follow":"follow","max-snippet":"max-snippet:-1","max-image-preview":"max-image-preview:large","max-video-preview":"max-video-preview:-1"},"canonical":"https:\/\/darkamazi.site\/archives\/1034824","og_locale":"en_US","og_type":"article","og_title":"Ba\u015fkan Barzani ABD\u2019nin Irak B\u00fcy\u00fckel\u00e7ili\u011fi Maslahatg\u00fczar\u0131 Steven Fagin\u2019i kabul etti. - Darka Mazi","og_description":"Ba\u015fkan Mesud Barzani, ABD Ba\u011fdat B\u00fcy\u00fckel\u00e7ili\u011fi Maslahatg\u00fczar\u0131 Steven Fagin\u2019i kabul etti. G\u00f6r\u00fc\u015fmede, K\u00fcrdistan B\u00f6lgesi\u2019ndeki maa\u015f ve mali haklar sorunlar\u0131n\u0131n \u00e7\u00f6z\u00fclmesi gerekti\u011fi vurguland\u0131. Ba\u015fkan Mesud Barzani, Selahaddin\u2019de ABD\u2019nin Irak B\u00fcy\u00fckel\u00e7ili\u011fi Maslahatg\u00fczar\u0131 Steven Fagin\u2019i kabul etti. Barzani Ofisi taraf\u0131ndan yap\u0131lan a\u00e7\u0131klamaya g\u00f6re, g\u00f6r\u00fc\u015fmede, ABD\u2019nin Erbil Ba\u015fkonsolosu\u00a0Wendy Green\u00a0de haz\u0131r bulundu. G\u00f6r\u00fc\u015fmede Erbil-Ba\u011fdat ili\u015fkileri ve petrol ihracat\u0131 konular\u0131 ele [&hellip;]","og_url":"https:\/\/darkamazi.site\/archives\/1034824","og_site_name":"Darka Mazi","article_publisher":"https:\/\/www.facebook.com\/DarkaMaziturkce","article_published_time":"2025-08-20T11:44:08+00:00","article_modified_time":"2026-03-31T13:17:38+00:00","og_image":[{"width":752,"height":472,"url":"https:\/\/darkamazi.site\/file\/2025\/08\/892538Image1.jpg","type":"image\/jpeg"}],"author":"darka mazi","twitter_card":"summary_large_image","twitter_creator":"@DarkaMaziTurkce","twitter_site":"@DarkaMaziTurkce","twitter_misc":{"Written by":"darka mazi","Est. reading time":"1 minute"},"schema":{"@context":"https:\/\/schema.org","@graph":[{"@type":"NewsArticle","@id":"https:\/\/darkamazi.site\/archives\/1034824#article","isPartOf":{"@id":"https:\/\/darkamazi.site\/archives\/1034824"},"author":{"name":"darka mazi","@id":"https:\/\/darkamazi.site\/#\/schema\/person\/67986a95ac546c16760365877ef4a9d3"},"headline":"Ba\u015fkan Barzani ABD\u2019nin Irak B\u00fcy\u00fckel\u00e7ili\u011fi Maslahatg\u00fczar\u0131 Steven Fagin\u2019i kabul etti.","datePublished":"2025-08-20T11:44:08+00:00","dateModified":"2026-03-31T13:17:38+00:00","mainEntityOfPage":{"@id":"https:\/\/darkamazi.site\/archives\/1034824"},"wordCount":262,"publisher":{"@id":"https:\/\/darkamazi.site\/#organization"},"image":{"@id":"https:\/\/darkamazi.site\/archives\/1034824#primaryimage"},"thumbnailUrl":"https:\/\/darkamazi.site\/file\/2025\/08\/892538Image1.jpg","keywords":["\u00f6nemli"],"articleSection":["Kurdistan"],"inLanguage":"en-US"},{"@type":"WebPage","@id":"https:\/\/darkamazi.site\/archives\/1034824","url":"https:\/\/darkamazi.site\/archives\/1034824","name":"Ba\u015fkan Barzani ABD\u2019nin Irak B\u00fcy\u00fckel\u00e7ili\u011fi Maslahatg\u00fczar\u0131 Steven Fagin\u2019i kabul etti. - Darka Mazi","isPartOf":{"@id":"https:\/\/darkamazi.site\/#website"},"primaryImageOfPage":{"@id":"https:\/\/darkamazi.site\/archives\/1034824#primaryimage"},"image":{"@id":"https:\/\/darkamazi.site\/archives\/1034824#primaryimage"},"thumbnailUrl":"https:\/\/darkamazi.site\/file\/2025\/08\/892538Image1.jpg","datePublished":"2025-08-20T11:44:08+00:00","dateModified":"2026-03-31T13:17:38+00:00","breadcrumb":{"@id":"https:\/\/darkamazi.site\/archives\/1034824#breadcrumb"},"inLanguage":"en-US","potentialAction":[{"@type":"ReadAction","target":["https:\/\/darkamazi.site\/archives\/1034824"]}]},{"@type":"ImageObject","inLanguage":"en-US","@id":"https:\/\/darkamazi.site\/archives\/1034824#primaryimage","url":"https:\/\/darkamazi.site\/file\/2025\/08\/892538Image1.jpg","contentUrl":"https:\/\/darkamazi.site\/file\/2025\/08\/892538Image1.jpg","width":752,"height":472,"caption":"Ba\u015fkan Barzani ABD\u2019nin Irak B\u00fcy\u00fckel\u00e7ili\u011fi Maslahatg\u00fczar\u0131 Steven Fagin\u2019i kabul etti."},{"@type":"BreadcrumbList","@id":"https:\/\/darkamazi.site\/archives\/1034824#breadcrumb","itemListElement":[{"@type":"ListItem","position":1,"name":"Home","item":"https:\/\/darkamazi.site\/"},{"@type":"ListItem","position":2,"name":"Ba\u015fkan Barzani ABD\u2019nin Irak B\u00fcy\u00fckel\u00e7ili\u011fi Maslahatg\u00fczar\u0131 Steven Fagin\u2019i kabul etti."}]},{"@type":"WebSite","@id":"https:\/\/darkamazi.site\/#website","url":"https:\/\/darkamazi.site\/","name":"Darka Mazi","description":"Ana Sayfa","publisher":{"@id":"https:\/\/darkamazi.site\/#organization"},"potentialAction":[{"@type":"SearchAction","target":{"@type":"EntryPoint","urlTemplate":"https:\/\/darkamazi.site\/?s={search_term_string}"},"query-input":{"@type":"PropertyValueSpecification","valueRequired":true,"valueName":"search_term_string"}}],"inLanguage":"en-US"},{"@type":"Organization","@id":"https:\/\/darkamazi.site\/#organization","name":"Darka Mazi T\u00fcrk\u00e7e","alternateName":"Darka Mazi","url":"https:\/\/darkamazi.site\/","logo":{"@type":"ImageObject","inLanguage":"en-US","@id":"https:\/\/darkamazi.site\/#\/schema\/logo\/image\/","url":"https:\/\/darkamazi.site\/file\/2017\/12\/darka-mazi-logo.png","contentUrl":"https:\/\/darkamazi.site\/file\/2017\/12\/darka-mazi-logo.png","width":151,"height":75,"caption":"Darka Mazi T\u00fcrk\u00e7e"},"image":{"@id":"https:\/\/darkamazi.site\/#\/schema\/logo\/image\/"},"sameAs":["https:\/\/www.facebook.com\/DarkaMaziturkce","https:\/\/x.com\/DarkaMaziTurkce"]},{"@type":"Person","@id":"https:\/\/darkamazi.site\/#\/schema\/person\/67986a95ac546c16760365877ef4a9d3","name":"darka mazi","sameAs":["https:\/\/darkamazi.site"],"url":"https:\/\/darkamazi.site\/archives\/author\/turkish"}]}},"_links":{"self":[{"href":"https:\/\/darkamazi.site\/funavuv\/wp\/v2\/posts\/1034824","targetHints":{"allow":["GET"]}}],"collection":[{"href":"https:\/\/darkamazi.site\/funavuv\/wp\/v2\/posts"}],"about":[{"href":"https:\/\/darkamazi.site\/funavuv\/wp\/v2\/types\/post"}],"author":[{"embeddable":true,"href":"https:\/\/darkamazi.site\/funavuv\/wp\/v2\/users\/2"}],"replies":[{"embeddable":true,"href":"https:\/\/darkamazi.site\/funavuv\/wp\/v2\/comments?post=1034824"}],"version-history":[{"count":0,"href":"https:\/\/darkamazi.site\/funavuv\/wp\/v2\/posts\/1034824\/revisions"}],"wp:featuredmedia":[{"embeddable":true,"href":"https:\/\/darkamazi.site\/funavuv\/wp\/v2\/media\/1034825"}],"wp:attachment":[{"href":"https:\/\/darkamazi.site\/funavuv\/wp\/v2\/media?parent=1034824"}],"wp:term":[{"taxonomy":"category","embeddable":true,"href":"https:\/\/darkamazi.site\/funavuv\/wp\/v2\/categories?post=1034824"},{"taxonomy":"post_tag","embeddable":true,"href":"https:\/\/darkamazi.site\/funavuv\/wp\/v2\/tags?post=1034824"}],"curies":[{"name":"wp","href":"https:\/\/api.w.org\/{rel}","templated":true}]}}