{"id":1034827,"date":"2025-08-20T15:38:42","date_gmt":"2025-08-20T12:38:42","guid":{"rendered":"https:\/\/darkamazi.site\/?p=1034827"},"modified":"2026-03-31T16:17:38","modified_gmt":"2026-03-31T13:17:38","slug":"isvecte-113-yillik-kilise-tekerlekler-uzerinde-5-km-tasindi","status":"publish","type":"post","link":"https:\/\/darkamazi.site\/archives\/1034827","title":{"rendered":"\u0130sve\u00e7\u2019te 113 y\u0131ll\u0131k kilise tekerlekler \u00fczerinde 5 Km ta\u015f\u0131nd\u0131"},"content":{"rendered":"<p><strong>\u0130sve\u00e7\u2019te toprak kaymas\u0131 tehlikesiyle kar\u015f\u0131 kar\u015f\u0131ya olan 113 y\u0131ll\u0131k tarihi Kiruna Kilisesi, in\u015fa edildi\u011fi yerden yakla\u015f\u0131k 5 kilometre (3 mil) uza\u011fa ta\u015f\u0131n\u0131yor.<\/strong><\/p>\n<p>Aralar\u0131nda \u0130sve\u00e7 Kral\u0131 Carl XVI Gustaf&#8217;\u0131n da bulundu\u011fu yakla\u015f\u0131k 10 bin ki\u015fi, kilisenin yolculu\u011funu izlemek i\u00e7in sokaklarda topland\u0131.<\/p>\n<p>Mimar Gustaf Wickman\u2019\u0131n tasarlad\u0131\u011f\u0131 k\u0131rm\u0131z\u0131 ah\u015fap yap\u0131, Sami halk\u0131n\u0131n kulland\u0131\u011f\u0131 geleneksel \u201clavvu\u201d \u00e7ad\u0131r\u0131na benzer mimarisiyle \u0130sve\u00e7\u2019in en sevilen tarihi yap\u0131lar\u0131ndan biri kabul ediliyor.<\/p>\n<p>Sekiz y\u0131ll\u0131k planlama, yakla\u015f\u0131k 500 milyon kron (45 milyon euro) maliyet ve sabah\u0131n erken saatlerinde yap\u0131lan bir kutsaman\u0131n ard\u0131ndan, \u0130sve\u00e7\u2019in kuzeyindeki Kiruna kentinde bulunan tarihi bir kilise sal\u0131 g\u00fcn\u00fc yola \u00e7\u0131kt\u0131.<\/p>\n<p>Avrupa\u2019n\u0131n en b\u00fcy\u00fck yer alt\u0131 madeninin geni\u015flemesi i\u00e7in ta\u015f\u0131nan 672 tonluk Kiruna Kilisesi, iki g\u00fcn s\u00fcrecek 5 kilometrelik yolculu\u011funu saatte yar\u0131m kilometre h\u0131zla tamamlayacak. Ge\u00e7i\u015fi kolayla\u015ft\u0131rmak i\u00e7in sokaklar 9 metreden 24 metreye geni\u015fletildi.<\/p>\n<p>Kilisenin, eski yerinden yakla\u015f\u0131k 5 kilometre uzakl\u0131ktaki yeni yerine bir hafta i\u00e7inde ula\u015ft\u0131r\u0131lmas\u0131 bekleniyor.<\/p>\n<p>Ta\u015f\u0131ma s\u00fcreci, devlet televizyonu SVT taraf\u0131ndan \u201cDen stora kyrkflytten\u201d (B\u00fcy\u00fck Kilise Ta\u015f\u0131nmas\u0131) ad\u0131yla canl\u0131 yay\u0131nlan\u0131yor. \u00c7ok say\u0131da kamera kilisenin g\u00fczerg\u00e2h\u0131na yerle\u015ftirildi.<\/p>\n","protected":false},"excerpt":{"rendered":"<p>\u0130sve\u00e7\u2019te toprak kaymas\u0131 tehlikesiyle kar\u015f\u0131 kar\u015f\u0131ya olan 113 y\u0131ll\u0131k tarihi Kiruna Kilisesi, in\u015fa edildi\u011fi yerden yakla\u015f\u0131k 5 kilometre (3 mil) uza\u011fa ta\u015f\u0131n\u0131yor. Aralar\u0131nda \u0130sve\u00e7 Kral\u0131 Carl XVI Gustaf&#8217;\u0131n da bulundu\u011fu yakla\u015f\u0131k 10 bin ki\u015fi, kilisenin yolculu\u011funu izlemek i\u00e7in sokaklarda topland\u0131. Mimar Gustaf Wickman\u2019\u0131n tasarlad\u0131\u011f\u0131 k\u0131rm\u0131z\u0131 ah\u015fap yap\u0131, Sami halk\u0131n\u0131n kulland\u0131\u011f\u0131 geleneksel \u201clavvu\u201d \u00e7ad\u0131r\u0131na benzer mimarisiyle [&hellip;]<\/p>\n","protected":false},"author":2,"featured_media":1034828,"comment_status":"closed","ping_status":"closed","sticky":false,"template":"","format":"standard","meta":{"footnotes":""},"categories":[6],"tags":[],"class_list":["post-1034827","post","type-post","status-publish","format-standard","has-post-thumbnail","hentry","category-dunya"],"blocksy_meta":[],"seo_head":"<!-- This site is optimized with the Yoast SEO plugin v27.5 - https:\/\/yoast.com\/product\/yoast-seo-wordpress\/ -->\n<title>\u0130sve\u00e7\u2019te 113 y\u0131ll\u0131k kilise tekerlekler \u00fczerinde 5 Km ta\u015f\u0131nd\u0131 - Darka Mazi<\/title>\n<meta name=\"robots\" content=\"index, follow, max-snippet:-1, max-image-preview:large, max-video-preview:-1\" \/>\n<link rel=\"canonical\" href=\"https:\/\/darkamazi.site\/archives\/1034827\" \/>\n<meta property=\"og:locale\" content=\"en_US\" \/>\n<meta property=\"og:type\" content=\"article\" \/>\n<meta property=\"og:title\" content=\"\u0130sve\u00e7\u2019te 113 y\u0131ll\u0131k kilise tekerlekler \u00fczerinde 5 Km ta\u015f\u0131nd\u0131 - Darka Mazi\" \/>\n<meta property=\"og:description\" content=\"\u0130sve\u00e7\u2019te toprak kaymas\u0131 tehlikesiyle kar\u015f\u0131 kar\u015f\u0131ya olan 113 y\u0131ll\u0131k tarihi Kiruna Kilisesi, in\u015fa edildi\u011fi yerden yakla\u015f\u0131k 5 kilometre (3 mil) uza\u011fa ta\u015f\u0131n\u0131yor. Aralar\u0131nda \u0130sve\u00e7 Kral\u0131 Carl XVI Gustaf&#8217;\u0131n da bulundu\u011fu yakla\u015f\u0131k 10 bin ki\u015fi, kilisenin yolculu\u011funu izlemek i\u00e7in sokaklarda topland\u0131. Mimar Gustaf Wickman\u2019\u0131n tasarlad\u0131\u011f\u0131 k\u0131rm\u0131z\u0131 ah\u015fap yap\u0131, Sami halk\u0131n\u0131n kulland\u0131\u011f\u0131 geleneksel \u201clavvu\u201d \u00e7ad\u0131r\u0131na benzer mimarisiyle [&hellip;]\" \/>\n<meta property=\"og:url\" content=\"https:\/\/darkamazi.site\/archives\/1034827\" \/>\n<meta property=\"og:site_name\" content=\"Darka Mazi\" \/>\n<meta property=\"article:publisher\" content=\"https:\/\/www.facebook.com\/DarkaMaziturkce\" \/>\n<meta property=\"article:published_time\" content=\"2025-08-20T12:38:42+00:00\" \/>\n<meta property=\"article:modified_time\" content=\"2026-03-31T13:17:38+00:00\" \/>\n<meta property=\"og:image\" content=\"https:\/\/darkamazi.site\/file\/2025\/08\/1755682475_kurdistan24.jpg\" \/>\n\t<meta property=\"og:image:width\" content=\"1562\" \/>\n\t<meta property=\"og:image:height\" content=\"878\" \/>\n\t<meta property=\"og:image:type\" content=\"image\/jpeg\" \/>\n<meta name=\"author\" content=\"darka mazi\" \/>\n<meta name=\"twitter:card\" content=\"summary_large_image\" \/>\n<meta name=\"twitter:creator\" content=\"@DarkaMaziTurkce\" \/>\n<meta name=\"twitter:site\" content=\"@DarkaMaziTurkce\" \/>\n<meta name=\"twitter:label1\" content=\"Written by\" \/>\n\t<meta name=\"twitter:data1\" content=\"darka mazi\" \/>\n\t<meta name=\"twitter:label2\" content=\"Est. reading time\" \/>\n\t<meta name=\"twitter:data2\" content=\"1 minute\" \/>\n<script type=\"application\/ld+json\" class=\"seo-schema-graph\">{\"@context\":\"https:\\\/\\\/schema.org\",\"@graph\":[{\"@type\":\"NewsArticle\",\"@id\":\"https:\\\/\\\/darkamazi.site\\\/archives\\\/1034827#article\",\"isPartOf\":{\"@id\":\"https:\\\/\\\/darkamazi.site\\\/archives\\\/1034827\"},\"author\":{\"name\":\"darka mazi\",\"@id\":\"https:\\\/\\\/darkamazi.site\\\/#\\\/schema\\\/person\\\/67986a95ac546c16760365877ef4a9d3\"},\"headline\":\"\u0130sve\u00e7\u2019te 113 y\u0131ll\u0131k kilise tekerlekler \u00fczerinde 5 Km ta\u015f\u0131nd\u0131\",\"datePublished\":\"2025-08-20T12:38:42+00:00\",\"dateModified\":\"2026-03-31T13:17:38+00:00\",\"mainEntityOfPage\":{\"@id\":\"https:\\\/\\\/darkamazi.site\\\/archives\\\/1034827\"},\"wordCount\":237,\"publisher\":{\"@id\":\"https:\\\/\\\/darkamazi.site\\\/#organization\"},\"image\":{\"@id\":\"https:\\\/\\\/darkamazi.site\\\/archives\\\/1034827#primaryimage\"},\"thumbnailUrl\":\"https:\\\/\\\/darkamazi.site\\\/darka-content\\\/uploads\\\/2025\\\/08\\\/1755682475_kurdistan24.jpg\",\"articleSection\":[\"D\u00fcnya\"],\"inLanguage\":\"en-US\"},{\"@type\":\"WebPage\",\"@id\":\"https:\\\/\\\/darkamazi.site\\\/archives\\\/1034827\",\"url\":\"https:\\\/\\\/darkamazi.site\\\/archives\\\/1034827\",\"name\":\"\u0130sve\u00e7\u2019te 113 y\u0131ll\u0131k kilise tekerlekler \u00fczerinde 5 Km ta\u015f\u0131nd\u0131 - Darka Mazi\",\"isPartOf\":{\"@id\":\"https:\\\/\\\/darkamazi.site\\\/#website\"},\"primaryImageOfPage\":{\"@id\":\"https:\\\/\\\/darkamazi.site\\\/archives\\\/1034827#primaryimage\"},\"image\":{\"@id\":\"https:\\\/\\\/darkamazi.site\\\/archives\\\/1034827#primaryimage\"},\"thumbnailUrl\":\"https:\\\/\\\/darkamazi.site\\\/darka-content\\\/uploads\\\/2025\\\/08\\\/1755682475_kurdistan24.jpg\",\"datePublished\":\"2025-08-20T12:38:42+00:00\",\"dateModified\":\"2026-03-31T13:17:38+00:00\",\"breadcrumb\":{\"@id\":\"https:\\\/\\\/darkamazi.site\\\/archives\\\/1034827#breadcrumb\"},\"inLanguage\":\"en-US\",\"potentialAction\":[{\"@type\":\"ReadAction\",\"target\":[\"https:\\\/\\\/darkamazi.site\\\/archives\\\/1034827\"]}]},{\"@type\":\"ImageObject\",\"inLanguage\":\"en-US\",\"@id\":\"https:\\\/\\\/darkamazi.site\\\/archives\\\/1034827#primaryimage\",\"url\":\"https:\\\/\\\/darkamazi.site\\\/darka-content\\\/uploads\\\/2025\\\/08\\\/1755682475_kurdistan24.jpg\",\"contentUrl\":\"https:\\\/\\\/darkamazi.site\\\/darka-content\\\/uploads\\\/2025\\\/08\\\/1755682475_kurdistan24.jpg\",\"width\":1562,\"height\":878,\"caption\":\"\u0130sve\u00e7\u2019te 113 y\u0131ll\u0131k kilise tekerlekler \u00fczerinde 5 Km ta\u015f\u0131nd\u0131\"},{\"@type\":\"BreadcrumbList\",\"@id\":\"https:\\\/\\\/darkamazi.site\\\/archives\\\/1034827#breadcrumb\",\"itemListElement\":[{\"@type\":\"ListItem\",\"position\":1,\"name\":\"Home\",\"item\":\"https:\\\/\\\/darkamazi.site\\\/\"},{\"@type\":\"ListItem\",\"position\":2,\"name\":\"\u0130sve\u00e7\u2019te 113 y\u0131ll\u0131k kilise tekerlekler \u00fczerinde 5 Km ta\u015f\u0131nd\u0131\"}]},{\"@type\":\"WebSite\",\"@id\":\"https:\\\/\\\/darkamazi.site\\\/#website\",\"url\":\"https:\\\/\\\/darkamazi.site\\\/\",\"name\":\"Darka Mazi\",\"description\":\"Ana Sayfa\",\"publisher\":{\"@id\":\"https:\\\/\\\/darkamazi.site\\\/#organization\"},\"potentialAction\":[{\"@type\":\"SearchAction\",\"target\":{\"@type\":\"EntryPoint\",\"urlTemplate\":\"https:\\\/\\\/darkamazi.site\\\/?s={search_term_string}\"},\"query-input\":{\"@type\":\"PropertyValueSpecification\",\"valueRequired\":true,\"valueName\":\"search_term_string\"}}],\"inLanguage\":\"en-US\"},{\"@type\":\"Organization\",\"@id\":\"https:\\\/\\\/darkamazi.site\\\/#organization\",\"name\":\"Darka Mazi T\u00fcrk\u00e7e\",\"alternateName\":\"Darka Mazi\",\"url\":\"https:\\\/\\\/darkamazi.site\\\/\",\"logo\":{\"@type\":\"ImageObject\",\"inLanguage\":\"en-US\",\"@id\":\"https:\\\/\\\/darkamazi.site\\\/#\\\/schema\\\/logo\\\/image\\\/\",\"url\":\"https:\\\/\\\/darkamazi.site\\\/darka-content\\\/uploads\\\/2017\\\/12\\\/darka-mazi-logo.png\",\"contentUrl\":\"https:\\\/\\\/darkamazi.site\\\/darka-content\\\/uploads\\\/2017\\\/12\\\/darka-mazi-logo.png\",\"width\":151,\"height\":75,\"caption\":\"Darka Mazi T\u00fcrk\u00e7e\"},\"image\":{\"@id\":\"https:\\\/\\\/darkamazi.site\\\/#\\\/schema\\\/logo\\\/image\\\/\"},\"sameAs\":[\"https:\\\/\\\/www.facebook.com\\\/DarkaMaziturkce\",\"https:\\\/\\\/x.com\\\/DarkaMaziTurkce\"]},{\"@type\":\"Person\",\"@id\":\"https:\\\/\\\/darkamazi.site\\\/#\\\/schema\\\/person\\\/67986a95ac546c16760365877ef4a9d3\",\"name\":\"darka mazi\",\"sameAs\":[\"https:\\\/\\\/darkamazi.site\"],\"url\":\"https:\\\/\\\/darkamazi.site\\\/archives\\\/author\\\/turkish\"}]}<\/script>\n<!-- \/ Yoast SEO plugin. -->","seo_head_json":{"title":"\u0130sve\u00e7\u2019te 113 y\u0131ll\u0131k kilise tekerlekler \u00fczerinde 5 Km ta\u015f\u0131nd\u0131 - Darka Mazi","robots":{"index":"index","follow":"follow","max-snippet":"max-snippet:-1","max-image-preview":"max-image-preview:large","max-video-preview":"max-video-preview:-1"},"canonical":"https:\/\/darkamazi.site\/archives\/1034827","og_locale":"en_US","og_type":"article","og_title":"\u0130sve\u00e7\u2019te 113 y\u0131ll\u0131k kilise tekerlekler \u00fczerinde 5 Km ta\u015f\u0131nd\u0131 - Darka Mazi","og_description":"\u0130sve\u00e7\u2019te toprak kaymas\u0131 tehlikesiyle kar\u015f\u0131 kar\u015f\u0131ya olan 113 y\u0131ll\u0131k tarihi Kiruna Kilisesi, in\u015fa edildi\u011fi yerden yakla\u015f\u0131k 5 kilometre (3 mil) uza\u011fa ta\u015f\u0131n\u0131yor. Aralar\u0131nda \u0130sve\u00e7 Kral\u0131 Carl XVI Gustaf&#8217;\u0131n da bulundu\u011fu yakla\u015f\u0131k 10 bin ki\u015fi, kilisenin yolculu\u011funu izlemek i\u00e7in sokaklarda topland\u0131. Mimar Gustaf Wickman\u2019\u0131n tasarlad\u0131\u011f\u0131 k\u0131rm\u0131z\u0131 ah\u015fap yap\u0131, Sami halk\u0131n\u0131n kulland\u0131\u011f\u0131 geleneksel \u201clavvu\u201d \u00e7ad\u0131r\u0131na benzer mimarisiyle [&hellip;]","og_url":"https:\/\/darkamazi.site\/archives\/1034827","og_site_name":"Darka Mazi","article_publisher":"https:\/\/www.facebook.com\/DarkaMaziturkce","article_published_time":"2025-08-20T12:38:42+00:00","article_modified_time":"2026-03-31T13:17:38+00:00","og_image":[{"width":1562,"height":878,"url":"https:\/\/darkamazi.site\/file\/2025\/08\/1755682475_kurdistan24.jpg","type":"image\/jpeg"}],"author":"darka mazi","twitter_card":"summary_large_image","twitter_creator":"@DarkaMaziTurkce","twitter_site":"@DarkaMaziTurkce","twitter_misc":{"Written by":"darka mazi","Est. reading time":"1 minute"},"schema":{"@context":"https:\/\/schema.org","@graph":[{"@type":"NewsArticle","@id":"https:\/\/darkamazi.site\/archives\/1034827#article","isPartOf":{"@id":"https:\/\/darkamazi.site\/archives\/1034827"},"author":{"name":"darka mazi","@id":"https:\/\/darkamazi.site\/#\/schema\/person\/67986a95ac546c16760365877ef4a9d3"},"headline":"\u0130sve\u00e7\u2019te 113 y\u0131ll\u0131k kilise tekerlekler \u00fczerinde 5 Km ta\u015f\u0131nd\u0131","datePublished":"2025-08-20T12:38:42+00:00","dateModified":"2026-03-31T13:17:38+00:00","mainEntityOfPage":{"@id":"https:\/\/darkamazi.site\/archives\/1034827"},"wordCount":237,"publisher":{"@id":"https:\/\/darkamazi.site\/#organization"},"image":{"@id":"https:\/\/darkamazi.site\/archives\/1034827#primaryimage"},"thumbnailUrl":"https:\/\/darkamazi.site\/file\/2025\/08\/1755682475_kurdistan24.jpg","articleSection":["D\u00fcnya"],"inLanguage":"en-US"},{"@type":"WebPage","@id":"https:\/\/darkamazi.site\/archives\/1034827","url":"https:\/\/darkamazi.site\/archives\/1034827","name":"\u0130sve\u00e7\u2019te 113 y\u0131ll\u0131k kilise tekerlekler \u00fczerinde 5 Km ta\u015f\u0131nd\u0131 - Darka Mazi","isPartOf":{"@id":"https:\/\/darkamazi.site\/#website"},"primaryImageOfPage":{"@id":"https:\/\/darkamazi.site\/archives\/1034827#primaryimage"},"image":{"@id":"https:\/\/darkamazi.site\/archives\/1034827#primaryimage"},"thumbnailUrl":"https:\/\/darkamazi.site\/file\/2025\/08\/1755682475_kurdistan24.jpg","datePublished":"2025-08-20T12:38:42+00:00","dateModified":"2026-03-31T13:17:38+00:00","breadcrumb":{"@id":"https:\/\/darkamazi.site\/archives\/1034827#breadcrumb"},"inLanguage":"en-US","potentialAction":[{"@type":"ReadAction","target":["https:\/\/darkamazi.site\/archives\/1034827"]}]},{"@type":"ImageObject","inLanguage":"en-US","@id":"https:\/\/darkamazi.site\/archives\/1034827#primaryimage","url":"https:\/\/darkamazi.site\/file\/2025\/08\/1755682475_kurdistan24.jpg","contentUrl":"https:\/\/darkamazi.site\/file\/2025\/08\/1755682475_kurdistan24.jpg","width":1562,"height":878,"caption":"\u0130sve\u00e7\u2019te 113 y\u0131ll\u0131k kilise tekerlekler \u00fczerinde 5 Km ta\u015f\u0131nd\u0131"},{"@type":"BreadcrumbList","@id":"https:\/\/darkamazi.site\/archives\/1034827#breadcrumb","itemListElement":[{"@type":"ListItem","position":1,"name":"Home","item":"https:\/\/darkamazi.site\/"},{"@type":"ListItem","position":2,"name":"\u0130sve\u00e7\u2019te 113 y\u0131ll\u0131k kilise tekerlekler \u00fczerinde 5 Km ta\u015f\u0131nd\u0131"}]},{"@type":"WebSite","@id":"https:\/\/darkamazi.site\/#website","url":"https:\/\/darkamazi.site\/","name":"Darka Mazi","description":"Ana Sayfa","publisher":{"@id":"https:\/\/darkamazi.site\/#organization"},"potentialAction":[{"@type":"SearchAction","target":{"@type":"EntryPoint","urlTemplate":"https:\/\/darkamazi.site\/?s={search_term_string}"},"query-input":{"@type":"PropertyValueSpecification","valueRequired":true,"valueName":"search_term_string"}}],"inLanguage":"en-US"},{"@type":"Organization","@id":"https:\/\/darkamazi.site\/#organization","name":"Darka Mazi T\u00fcrk\u00e7e","alternateName":"Darka Mazi","url":"https:\/\/darkamazi.site\/","logo":{"@type":"ImageObject","inLanguage":"en-US","@id":"https:\/\/darkamazi.site\/#\/schema\/logo\/image\/","url":"https:\/\/darkamazi.site\/file\/2017\/12\/darka-mazi-logo.png","contentUrl":"https:\/\/darkamazi.site\/file\/2017\/12\/darka-mazi-logo.png","width":151,"height":75,"caption":"Darka Mazi T\u00fcrk\u00e7e"},"image":{"@id":"https:\/\/darkamazi.site\/#\/schema\/logo\/image\/"},"sameAs":["https:\/\/www.facebook.com\/DarkaMaziturkce","https:\/\/x.com\/DarkaMaziTurkce"]},{"@type":"Person","@id":"https:\/\/darkamazi.site\/#\/schema\/person\/67986a95ac546c16760365877ef4a9d3","name":"darka mazi","sameAs":["https:\/\/darkamazi.site"],"url":"https:\/\/darkamazi.site\/archives\/author\/turkish"}]}},"_links":{"self":[{"href":"https:\/\/darkamazi.site\/funavuv\/wp\/v2\/posts\/1034827","targetHints":{"allow":["GET"]}}],"collection":[{"href":"https:\/\/darkamazi.site\/funavuv\/wp\/v2\/posts"}],"about":[{"href":"https:\/\/darkamazi.site\/funavuv\/wp\/v2\/types\/post"}],"author":[{"embeddable":true,"href":"https:\/\/darkamazi.site\/funavuv\/wp\/v2\/users\/2"}],"replies":[{"embeddable":true,"href":"https:\/\/darkamazi.site\/funavuv\/wp\/v2\/comments?post=1034827"}],"version-history":[{"count":0,"href":"https:\/\/darkamazi.site\/funavuv\/wp\/v2\/posts\/1034827\/revisions"}],"wp:featuredmedia":[{"embeddable":true,"href":"https:\/\/darkamazi.site\/funavuv\/wp\/v2\/media\/1034828"}],"wp:attachment":[{"href":"https:\/\/darkamazi.site\/funavuv\/wp\/v2\/media?parent=1034827"}],"wp:term":[{"taxonomy":"category","embeddable":true,"href":"https:\/\/darkamazi.site\/funavuv\/wp\/v2\/categories?post=1034827"},{"taxonomy":"post_tag","embeddable":true,"href":"https:\/\/darkamazi.site\/funavuv\/wp\/v2\/tags?post=1034827"}],"curies":[{"name":"wp","href":"https:\/\/api.w.org\/{rel}","templated":true}]}}