{"id":1034830,"date":"2025-08-20T15:45:05","date_gmt":"2025-08-20T12:45:05","guid":{"rendered":"https:\/\/darkamazi.site\/?p=1034830"},"modified":"2026-03-31T16:17:38","modified_gmt":"2026-03-31T13:17:38","slug":"sarbajer-unesco-tarafindan-dunya-mirasi-listesine-dahil-edilecek","status":"publish","type":"post","link":"https:\/\/darkamazi.site\/archives\/1034830","title":{"rendered":"\u015earbajer, UNESCO taraf\u0131ndan D\u00fcnya Miras\u0131 Listesi&#8217;ne dahil edilecek"},"content":{"rendered":"<p><strong>S\u00fcleymaniye \u00dcniversitesinden yetkililerin, UNESCO\u2019nun talebi \u00fczerine \u015earbajer&#8217;in park olarak tan\u0131nmas\u0131 ve ard\u0131ndan jeopark olmas\u0131 i\u00e7in \u00e7al\u0131\u015fmalar\u0131n\u0131 s\u00fcrd\u00fcrd\u00fc\u011f\u00fc bildirildi.\u00a0<\/strong><\/p>\n<p>S\u00fcleymaniye Valisi Haval Ebubekir, 20 A\u011fustos 2025 \u00c7ar\u015famba g\u00fcn\u00fc Kurdistan24\u2019e yapt\u0131\u011f\u0131 a\u00e7\u0131klamada, \u015earbajer Jeopark\u0131 ile ilgili olarak S\u00fcleymaniye \u00dcniversitesi b\u00fcnyesinde ilgili t\u00fcm uzmanlar\u0131n yer ald\u0131\u011f\u0131 bir \u00fcst kurul olu\u015fturuldu\u011funu belirterek, proje i\u00e7in S\u00fcleymaniye Valili\u011fi ba\u015fkanl\u0131\u011f\u0131nda, \u015earbajer ve Mawat kaymakaml\u0131\u011f\u0131 ilee S\u00fcleymaniye \u0130li Turizm Genel M\u00fcd\u00fcrl\u00fc\u011f\u00fcnden yetkililerin yer ald\u0131\u011f\u0131 bir kurul olu\u015fturuldu\u011funu s\u00f6yledi.<\/p>\n<p>S\u00fcleymaniye \u00dcniversitesi y\u00fcksek komitesi taraf\u0131ndan \u015earbajer b\u00f6lgesinde 100 noktan\u0131n belirledi\u011fini, ba\u011flamda UNESCO ile \u00e7e\u015fitli g\u00f6r\u00fc\u015fmeler yap\u0131l\u0131p, ekiplerin b\u00f6lgeyi ziyaret etti\u011fini kaydeden Vali Ebubekir, \u00e7al\u0131\u015fmalar\u0131 S\u00fcleymaniye \u00dcniversitesinden Dr. Faz\u0131l Lawa taraf\u0131ndan y\u00f6netildi\u011fini aktard\u0131.<\/p>\n<p>\u201cAlan\u0131n d\u00fcnya jeoparklar\u0131ndan biri olarak korunmas\u0131 ve tan\u0131nmas\u0131 i\u00e7in UNESCO taraf\u0131ndan talep edilen belge ve prosed\u00fcrlerin haz\u0131rlanmas\u0131 \u00e7al\u0131\u015fmalar\u0131 halen devam etmektedir.\u201d diyen S\u00fcleymaniye Valisi, proje i\u00e7in d\u00f6rt y\u0131ll\u0131k \u00f6zel bir b\u00fct\u00e7e gerekti\u011fini dile getirdi.<\/p>\n<p>Haval Ebubekir\u2019e g\u00f6re projenin hayata ge\u00e7irilmesiyle \u00e7evrenin korunmas\u0131 ba\u015fta olmak \u00fczere bir\u00e7ok olumlu ve \u00f6nemli de\u011fi\u015fiklik meydana gelecek. B\u00f6lge, \u00e7evre ve do\u011fa koruma alan\u0131 haline gelecek ve \u00e7evre ilkeleri uygulanacakt\u0131r. Ayr\u0131ca b\u00f6lge, \u00f6nemli bir k\u00fcresel turizm alan\u0131 ve jeoloji, tar\u0131m, turizm, hayvanc\u0131l\u0131k ve ku\u015flar alanlar\u0131nda \u00e7al\u0131\u015fan ara\u015ft\u0131rmac\u0131lar i\u00e7in k\u00fcresel bir merkez haline gelecek.<\/p>\n<p>\u0130nsanl\u0131\u011f\u0131n ilk \u00e7a\u011flar\u0131ndan kalma kaya t\u00fcrlerinin \u00fc\u00e7te biri bu b\u00f6lgede bulundu\u011funu ifade eden Vali Ebubekir, bunu b\u00f6lgeyi d\u00fcnya \u00e7ap\u0131nda b\u00fcy\u00fck \u00f6neme sahip k\u0131ld\u0131\u011f\u0131n\u0131 ve \u00e7ok \u00f6nemli bir b\u00f6lge haline getirdi\u011fini savundu.<\/p>\n<p>Kaynak: K24<\/p>\n","protected":false},"excerpt":{"rendered":"<p>S\u00fcleymaniye \u00dcniversitesinden yetkililerin, UNESCO\u2019nun talebi \u00fczerine \u015earbajer&#8217;in park olarak tan\u0131nmas\u0131 ve ard\u0131ndan jeopark olmas\u0131 i\u00e7in \u00e7al\u0131\u015fmalar\u0131n\u0131 s\u00fcrd\u00fcrd\u00fc\u011f\u00fc bildirildi.\u00a0 S\u00fcleymaniye Valisi Haval Ebubekir, 20 A\u011fustos 2025 \u00c7ar\u015famba g\u00fcn\u00fc Kurdistan24\u2019e yapt\u0131\u011f\u0131 a\u00e7\u0131klamada, \u015earbajer Jeopark\u0131 ile ilgili olarak S\u00fcleymaniye \u00dcniversitesi b\u00fcnyesinde ilgili t\u00fcm uzmanlar\u0131n yer ald\u0131\u011f\u0131 bir \u00fcst kurul olu\u015fturuldu\u011funu belirterek, proje i\u00e7in S\u00fcleymaniye Valili\u011fi ba\u015fkanl\u0131\u011f\u0131nda, \u015earbajer ve [&hellip;]<\/p>\n","protected":false},"author":2,"featured_media":1034831,"comment_status":"closed","ping_status":"closed","sticky":false,"template":"","format":"standard","meta":{"footnotes":""},"categories":[3],"tags":[],"class_list":["post-1034830","post","type-post","status-publish","format-standard","has-post-thumbnail","hentry","category-kurdistan"],"blocksy_meta":[],"seo_head":"<!-- This site is optimized with the Yoast SEO plugin v27.5 - https:\/\/yoast.com\/product\/yoast-seo-wordpress\/ -->\n<title>\u015earbajer, UNESCO taraf\u0131ndan D\u00fcnya Miras\u0131 Listesi&#039;ne dahil edilecek - Darka Mazi<\/title>\n<meta name=\"robots\" content=\"index, follow, max-snippet:-1, max-image-preview:large, max-video-preview:-1\" \/>\n<link rel=\"canonical\" href=\"https:\/\/darkamazi.site\/archives\/1034830\" \/>\n<meta property=\"og:locale\" content=\"en_US\" \/>\n<meta property=\"og:type\" content=\"article\" \/>\n<meta property=\"og:title\" content=\"\u015earbajer, UNESCO taraf\u0131ndan D\u00fcnya Miras\u0131 Listesi&#039;ne dahil edilecek - Darka Mazi\" \/>\n<meta property=\"og:description\" content=\"S\u00fcleymaniye \u00dcniversitesinden yetkililerin, UNESCO\u2019nun talebi \u00fczerine \u015earbajer&#8217;in park olarak tan\u0131nmas\u0131 ve ard\u0131ndan jeopark olmas\u0131 i\u00e7in \u00e7al\u0131\u015fmalar\u0131n\u0131 s\u00fcrd\u00fcrd\u00fc\u011f\u00fc bildirildi.\u00a0 S\u00fcleymaniye Valisi Haval Ebubekir, 20 A\u011fustos 2025 \u00c7ar\u015famba g\u00fcn\u00fc Kurdistan24\u2019e yapt\u0131\u011f\u0131 a\u00e7\u0131klamada, \u015earbajer Jeopark\u0131 ile ilgili olarak S\u00fcleymaniye \u00dcniversitesi b\u00fcnyesinde ilgili t\u00fcm uzmanlar\u0131n yer ald\u0131\u011f\u0131 bir \u00fcst kurul olu\u015fturuldu\u011funu belirterek, proje i\u00e7in S\u00fcleymaniye Valili\u011fi ba\u015fkanl\u0131\u011f\u0131nda, \u015earbajer ve [&hellip;]\" \/>\n<meta property=\"og:url\" content=\"https:\/\/darkamazi.site\/archives\/1034830\" \/>\n<meta property=\"og:site_name\" content=\"Darka Mazi\" \/>\n<meta property=\"article:publisher\" content=\"https:\/\/www.facebook.com\/DarkaMaziturkce\" \/>\n<meta property=\"article:published_time\" content=\"2025-08-20T12:45:05+00:00\" \/>\n<meta property=\"article:modified_time\" content=\"2026-03-31T13:17:38+00:00\" \/>\n<meta property=\"og:image\" content=\"https:\/\/darkamazi.site\/file\/2025\/08\/1755692493_kurdistan24.jpg\" \/>\n\t<meta property=\"og:image:width\" content=\"1920\" \/>\n\t<meta property=\"og:image:height\" content=\"1080\" \/>\n\t<meta property=\"og:image:type\" content=\"image\/jpeg\" \/>\n<meta name=\"author\" content=\"darka mazi\" \/>\n<meta name=\"twitter:card\" content=\"summary_large_image\" \/>\n<meta name=\"twitter:creator\" content=\"@DarkaMaziTurkce\" \/>\n<meta name=\"twitter:site\" content=\"@DarkaMaziTurkce\" \/>\n<meta name=\"twitter:label1\" content=\"Written by\" \/>\n\t<meta name=\"twitter:data1\" content=\"darka mazi\" \/>\n\t<meta name=\"twitter:label2\" content=\"Est. reading time\" \/>\n\t<meta name=\"twitter:data2\" content=\"2 minutes\" \/>\n<script type=\"application\/ld+json\" class=\"seo-schema-graph\">{\"@context\":\"https:\\\/\\\/schema.org\",\"@graph\":[{\"@type\":\"NewsArticle\",\"@id\":\"https:\\\/\\\/darkamazi.site\\\/archives\\\/1034830#article\",\"isPartOf\":{\"@id\":\"https:\\\/\\\/darkamazi.site\\\/archives\\\/1034830\"},\"author\":{\"name\":\"darka mazi\",\"@id\":\"https:\\\/\\\/darkamazi.site\\\/#\\\/schema\\\/person\\\/67986a95ac546c16760365877ef4a9d3\"},\"headline\":\"\u015earbajer, UNESCO taraf\u0131ndan D\u00fcnya Miras\u0131 Listesi&#8217;ne dahil edilecek\",\"datePublished\":\"2025-08-20T12:45:05+00:00\",\"dateModified\":\"2026-03-31T13:17:38+00:00\",\"mainEntityOfPage\":{\"@id\":\"https:\\\/\\\/darkamazi.site\\\/archives\\\/1034830\"},\"wordCount\":340,\"publisher\":{\"@id\":\"https:\\\/\\\/darkamazi.site\\\/#organization\"},\"image\":{\"@id\":\"https:\\\/\\\/darkamazi.site\\\/archives\\\/1034830#primaryimage\"},\"thumbnailUrl\":\"https:\\\/\\\/darkamazi.site\\\/darka-content\\\/uploads\\\/2025\\\/08\\\/1755692493_kurdistan24.jpg\",\"articleSection\":[\"Kurdistan\"],\"inLanguage\":\"en-US\"},{\"@type\":\"WebPage\",\"@id\":\"https:\\\/\\\/darkamazi.site\\\/archives\\\/1034830\",\"url\":\"https:\\\/\\\/darkamazi.site\\\/archives\\\/1034830\",\"name\":\"\u015earbajer, UNESCO taraf\u0131ndan D\u00fcnya Miras\u0131 Listesi'ne dahil edilecek - Darka Mazi\",\"isPartOf\":{\"@id\":\"https:\\\/\\\/darkamazi.site\\\/#website\"},\"primaryImageOfPage\":{\"@id\":\"https:\\\/\\\/darkamazi.site\\\/archives\\\/1034830#primaryimage\"},\"image\":{\"@id\":\"https:\\\/\\\/darkamazi.site\\\/archives\\\/1034830#primaryimage\"},\"thumbnailUrl\":\"https:\\\/\\\/darkamazi.site\\\/darka-content\\\/uploads\\\/2025\\\/08\\\/1755692493_kurdistan24.jpg\",\"datePublished\":\"2025-08-20T12:45:05+00:00\",\"dateModified\":\"2026-03-31T13:17:38+00:00\",\"breadcrumb\":{\"@id\":\"https:\\\/\\\/darkamazi.site\\\/archives\\\/1034830#breadcrumb\"},\"inLanguage\":\"en-US\",\"potentialAction\":[{\"@type\":\"ReadAction\",\"target\":[\"https:\\\/\\\/darkamazi.site\\\/archives\\\/1034830\"]}]},{\"@type\":\"ImageObject\",\"inLanguage\":\"en-US\",\"@id\":\"https:\\\/\\\/darkamazi.site\\\/archives\\\/1034830#primaryimage\",\"url\":\"https:\\\/\\\/darkamazi.site\\\/darka-content\\\/uploads\\\/2025\\\/08\\\/1755692493_kurdistan24.jpg\",\"contentUrl\":\"https:\\\/\\\/darkamazi.site\\\/darka-content\\\/uploads\\\/2025\\\/08\\\/1755692493_kurdistan24.jpg\",\"width\":1920,\"height\":1080,\"caption\":\"\u015earbajer, UNESCO taraf\u0131ndan D\u00fcnya Miras\u0131 Listesi'ne dahil edilecek\"},{\"@type\":\"BreadcrumbList\",\"@id\":\"https:\\\/\\\/darkamazi.site\\\/archives\\\/1034830#breadcrumb\",\"itemListElement\":[{\"@type\":\"ListItem\",\"position\":1,\"name\":\"Home\",\"item\":\"https:\\\/\\\/darkamazi.site\\\/\"},{\"@type\":\"ListItem\",\"position\":2,\"name\":\"\u015earbajer, UNESCO taraf\u0131ndan D\u00fcnya Miras\u0131 Listesi&#8217;ne dahil edilecek\"}]},{\"@type\":\"WebSite\",\"@id\":\"https:\\\/\\\/darkamazi.site\\\/#website\",\"url\":\"https:\\\/\\\/darkamazi.site\\\/\",\"name\":\"Darka Mazi\",\"description\":\"Ana Sayfa\",\"publisher\":{\"@id\":\"https:\\\/\\\/darkamazi.site\\\/#organization\"},\"potentialAction\":[{\"@type\":\"SearchAction\",\"target\":{\"@type\":\"EntryPoint\",\"urlTemplate\":\"https:\\\/\\\/darkamazi.site\\\/?s={search_term_string}\"},\"query-input\":{\"@type\":\"PropertyValueSpecification\",\"valueRequired\":true,\"valueName\":\"search_term_string\"}}],\"inLanguage\":\"en-US\"},{\"@type\":\"Organization\",\"@id\":\"https:\\\/\\\/darkamazi.site\\\/#organization\",\"name\":\"Darka Mazi T\u00fcrk\u00e7e\",\"alternateName\":\"Darka Mazi\",\"url\":\"https:\\\/\\\/darkamazi.site\\\/\",\"logo\":{\"@type\":\"ImageObject\",\"inLanguage\":\"en-US\",\"@id\":\"https:\\\/\\\/darkamazi.site\\\/#\\\/schema\\\/logo\\\/image\\\/\",\"url\":\"https:\\\/\\\/darkamazi.site\\\/darka-content\\\/uploads\\\/2017\\\/12\\\/darka-mazi-logo.png\",\"contentUrl\":\"https:\\\/\\\/darkamazi.site\\\/darka-content\\\/uploads\\\/2017\\\/12\\\/darka-mazi-logo.png\",\"width\":151,\"height\":75,\"caption\":\"Darka Mazi T\u00fcrk\u00e7e\"},\"image\":{\"@id\":\"https:\\\/\\\/darkamazi.site\\\/#\\\/schema\\\/logo\\\/image\\\/\"},\"sameAs\":[\"https:\\\/\\\/www.facebook.com\\\/DarkaMaziturkce\",\"https:\\\/\\\/x.com\\\/DarkaMaziTurkce\"]},{\"@type\":\"Person\",\"@id\":\"https:\\\/\\\/darkamazi.site\\\/#\\\/schema\\\/person\\\/67986a95ac546c16760365877ef4a9d3\",\"name\":\"darka mazi\",\"sameAs\":[\"https:\\\/\\\/darkamazi.site\"],\"url\":\"https:\\\/\\\/darkamazi.site\\\/archives\\\/author\\\/turkish\"}]}<\/script>\n<!-- \/ Yoast SEO plugin. -->","seo_head_json":{"title":"\u015earbajer, UNESCO taraf\u0131ndan D\u00fcnya Miras\u0131 Listesi'ne dahil edilecek - Darka Mazi","robots":{"index":"index","follow":"follow","max-snippet":"max-snippet:-1","max-image-preview":"max-image-preview:large","max-video-preview":"max-video-preview:-1"},"canonical":"https:\/\/darkamazi.site\/archives\/1034830","og_locale":"en_US","og_type":"article","og_title":"\u015earbajer, UNESCO taraf\u0131ndan D\u00fcnya Miras\u0131 Listesi'ne dahil edilecek - Darka Mazi","og_description":"S\u00fcleymaniye \u00dcniversitesinden yetkililerin, UNESCO\u2019nun talebi \u00fczerine \u015earbajer&#8217;in park olarak tan\u0131nmas\u0131 ve ard\u0131ndan jeopark olmas\u0131 i\u00e7in \u00e7al\u0131\u015fmalar\u0131n\u0131 s\u00fcrd\u00fcrd\u00fc\u011f\u00fc bildirildi.\u00a0 S\u00fcleymaniye Valisi Haval Ebubekir, 20 A\u011fustos 2025 \u00c7ar\u015famba g\u00fcn\u00fc Kurdistan24\u2019e yapt\u0131\u011f\u0131 a\u00e7\u0131klamada, \u015earbajer Jeopark\u0131 ile ilgili olarak S\u00fcleymaniye \u00dcniversitesi b\u00fcnyesinde ilgili t\u00fcm uzmanlar\u0131n yer ald\u0131\u011f\u0131 bir \u00fcst kurul olu\u015fturuldu\u011funu belirterek, proje i\u00e7in S\u00fcleymaniye Valili\u011fi ba\u015fkanl\u0131\u011f\u0131nda, \u015earbajer ve [&hellip;]","og_url":"https:\/\/darkamazi.site\/archives\/1034830","og_site_name":"Darka Mazi","article_publisher":"https:\/\/www.facebook.com\/DarkaMaziturkce","article_published_time":"2025-08-20T12:45:05+00:00","article_modified_time":"2026-03-31T13:17:38+00:00","og_image":[{"width":1920,"height":1080,"url":"https:\/\/darkamazi.site\/file\/2025\/08\/1755692493_kurdistan24.jpg","type":"image\/jpeg"}],"author":"darka mazi","twitter_card":"summary_large_image","twitter_creator":"@DarkaMaziTurkce","twitter_site":"@DarkaMaziTurkce","twitter_misc":{"Written by":"darka mazi","Est. reading time":"2 minutes"},"schema":{"@context":"https:\/\/schema.org","@graph":[{"@type":"NewsArticle","@id":"https:\/\/darkamazi.site\/archives\/1034830#article","isPartOf":{"@id":"https:\/\/darkamazi.site\/archives\/1034830"},"author":{"name":"darka mazi","@id":"https:\/\/darkamazi.site\/#\/schema\/person\/67986a95ac546c16760365877ef4a9d3"},"headline":"\u015earbajer, UNESCO taraf\u0131ndan D\u00fcnya Miras\u0131 Listesi&#8217;ne dahil edilecek","datePublished":"2025-08-20T12:45:05+00:00","dateModified":"2026-03-31T13:17:38+00:00","mainEntityOfPage":{"@id":"https:\/\/darkamazi.site\/archives\/1034830"},"wordCount":340,"publisher":{"@id":"https:\/\/darkamazi.site\/#organization"},"image":{"@id":"https:\/\/darkamazi.site\/archives\/1034830#primaryimage"},"thumbnailUrl":"https:\/\/darkamazi.site\/file\/2025\/08\/1755692493_kurdistan24.jpg","articleSection":["Kurdistan"],"inLanguage":"en-US"},{"@type":"WebPage","@id":"https:\/\/darkamazi.site\/archives\/1034830","url":"https:\/\/darkamazi.site\/archives\/1034830","name":"\u015earbajer, UNESCO taraf\u0131ndan D\u00fcnya Miras\u0131 Listesi'ne dahil edilecek - Darka Mazi","isPartOf":{"@id":"https:\/\/darkamazi.site\/#website"},"primaryImageOfPage":{"@id":"https:\/\/darkamazi.site\/archives\/1034830#primaryimage"},"image":{"@id":"https:\/\/darkamazi.site\/archives\/1034830#primaryimage"},"thumbnailUrl":"https:\/\/darkamazi.site\/file\/2025\/08\/1755692493_kurdistan24.jpg","datePublished":"2025-08-20T12:45:05+00:00","dateModified":"2026-03-31T13:17:38+00:00","breadcrumb":{"@id":"https:\/\/darkamazi.site\/archives\/1034830#breadcrumb"},"inLanguage":"en-US","potentialAction":[{"@type":"ReadAction","target":["https:\/\/darkamazi.site\/archives\/1034830"]}]},{"@type":"ImageObject","inLanguage":"en-US","@id":"https:\/\/darkamazi.site\/archives\/1034830#primaryimage","url":"https:\/\/darkamazi.site\/file\/2025\/08\/1755692493_kurdistan24.jpg","contentUrl":"https:\/\/darkamazi.site\/file\/2025\/08\/1755692493_kurdistan24.jpg","width":1920,"height":1080,"caption":"\u015earbajer, UNESCO taraf\u0131ndan D\u00fcnya Miras\u0131 Listesi'ne dahil edilecek"},{"@type":"BreadcrumbList","@id":"https:\/\/darkamazi.site\/archives\/1034830#breadcrumb","itemListElement":[{"@type":"ListItem","position":1,"name":"Home","item":"https:\/\/darkamazi.site\/"},{"@type":"ListItem","position":2,"name":"\u015earbajer, UNESCO taraf\u0131ndan D\u00fcnya Miras\u0131 Listesi&#8217;ne dahil edilecek"}]},{"@type":"WebSite","@id":"https:\/\/darkamazi.site\/#website","url":"https:\/\/darkamazi.site\/","name":"Darka Mazi","description":"Ana Sayfa","publisher":{"@id":"https:\/\/darkamazi.site\/#organization"},"potentialAction":[{"@type":"SearchAction","target":{"@type":"EntryPoint","urlTemplate":"https:\/\/darkamazi.site\/?s={search_term_string}"},"query-input":{"@type":"PropertyValueSpecification","valueRequired":true,"valueName":"search_term_string"}}],"inLanguage":"en-US"},{"@type":"Organization","@id":"https:\/\/darkamazi.site\/#organization","name":"Darka Mazi T\u00fcrk\u00e7e","alternateName":"Darka Mazi","url":"https:\/\/darkamazi.site\/","logo":{"@type":"ImageObject","inLanguage":"en-US","@id":"https:\/\/darkamazi.site\/#\/schema\/logo\/image\/","url":"https:\/\/darkamazi.site\/file\/2017\/12\/darka-mazi-logo.png","contentUrl":"https:\/\/darkamazi.site\/file\/2017\/12\/darka-mazi-logo.png","width":151,"height":75,"caption":"Darka Mazi T\u00fcrk\u00e7e"},"image":{"@id":"https:\/\/darkamazi.site\/#\/schema\/logo\/image\/"},"sameAs":["https:\/\/www.facebook.com\/DarkaMaziturkce","https:\/\/x.com\/DarkaMaziTurkce"]},{"@type":"Person","@id":"https:\/\/darkamazi.site\/#\/schema\/person\/67986a95ac546c16760365877ef4a9d3","name":"darka mazi","sameAs":["https:\/\/darkamazi.site"],"url":"https:\/\/darkamazi.site\/archives\/author\/turkish"}]}},"_links":{"self":[{"href":"https:\/\/darkamazi.site\/funavuv\/wp\/v2\/posts\/1034830","targetHints":{"allow":["GET"]}}],"collection":[{"href":"https:\/\/darkamazi.site\/funavuv\/wp\/v2\/posts"}],"about":[{"href":"https:\/\/darkamazi.site\/funavuv\/wp\/v2\/types\/post"}],"author":[{"embeddable":true,"href":"https:\/\/darkamazi.site\/funavuv\/wp\/v2\/users\/2"}],"replies":[{"embeddable":true,"href":"https:\/\/darkamazi.site\/funavuv\/wp\/v2\/comments?post=1034830"}],"version-history":[{"count":0,"href":"https:\/\/darkamazi.site\/funavuv\/wp\/v2\/posts\/1034830\/revisions"}],"wp:featuredmedia":[{"embeddable":true,"href":"https:\/\/darkamazi.site\/funavuv\/wp\/v2\/media\/1034831"}],"wp:attachment":[{"href":"https:\/\/darkamazi.site\/funavuv\/wp\/v2\/media?parent=1034830"}],"wp:term":[{"taxonomy":"category","embeddable":true,"href":"https:\/\/darkamazi.site\/funavuv\/wp\/v2\/categories?post=1034830"},{"taxonomy":"post_tag","embeddable":true,"href":"https:\/\/darkamazi.site\/funavuv\/wp\/v2\/tags?post=1034830"}],"curies":[{"name":"wp","href":"https:\/\/api.w.org\/{rel}","templated":true}]}}