{"id":1034916,"date":"2025-08-29T15:38:51","date_gmt":"2025-08-29T12:38:51","guid":{"rendered":"https:\/\/darkamazi.site\/?p=1034916"},"modified":"2026-03-31T16:17:37","modified_gmt":"2026-03-31T13:17:37","slug":"azmar-daginda-kurtarma-helikopteri-dustu","status":"publish","type":"post","link":"https:\/\/darkamazi.site\/archives\/1034916","title":{"rendered":"Azmar Da\u011f\u0131\u2019nda kurtarma helikopteri d\u00fc\u015ft\u00fc"},"content":{"rendered":"<p><span style=\"font-family: 'arial black', sans-serif\">S\u00fcleymaniye&#8217;de bulunan Azmar Da\u011f\u0131&#8217;nda meydana gelen kazada kurtarma i\u00e7in g\u00f6nderilen bir helikopter d\u00fc\u015ft\u00fc. Kaza bir ki\u015fi hayat\u0131n\u0131 kaybederken, iki ki\u015fi de yaraland\u0131.<\/span><\/p>\n<p>R\u00fbdaw\u2019\u0131n elde etti\u011fi bilgilere g\u00f6re, olay, Azmar Da\u011f\u0131&#8217;nda bir arac\u0131n hen\u00fcz bilinmeyen bir nedenle yoldan \u00e7\u0131karak \u015faranpole yuvarland\u0131. Korkun\u00e7 kazada arac\u0131n s\u00fcr\u00fcc\u00fcs\u00fc olay yerinde hayat\u0131n\u0131 kaybetti.<\/p>\n<p>S\u00fcr\u00fcc\u00fcn\u00fcn cans\u0131z bedenini olay yerinden \u00e7\u0131karmak \u00fczere b\u00f6lgeye bir helikopter sevk edildi. Ancak, Azmar Da\u011f\u0131&#8217;n\u0131n zorlu co\u011frafi ko\u015fullar\u0131 ve engebeli arazisi nedeniyle kurtarma operasyonu faciaya d\u00f6n\u00fc\u015ft\u00fc. Helikopter de d\u00fc\u015ferek kaza yapt\u0131.<\/p>\n<p>Helikopter kazas\u0131nda iki ki\u015fi yaraland\u0131. Yaral\u0131lar, olay yerine ula\u015fan ekipler taraf\u0131ndan ilk m\u00fcdahalelerinin ard\u0131ndan hastaneye kald\u0131r\u0131ld\u0131.<\/p>\n","protected":false},"excerpt":{"rendered":"<p>S\u00fcleymaniye&#8217;de bulunan Azmar Da\u011f\u0131&#8217;nda meydana gelen kazada kurtarma i\u00e7in g\u00f6nderilen bir helikopter d\u00fc\u015ft\u00fc. Kaza bir ki\u015fi hayat\u0131n\u0131 kaybederken, iki ki\u015fi de yaraland\u0131. R\u00fbdaw\u2019\u0131n elde etti\u011fi bilgilere g\u00f6re, olay, Azmar Da\u011f\u0131&#8217;nda bir arac\u0131n hen\u00fcz bilinmeyen bir nedenle yoldan \u00e7\u0131karak \u015faranpole yuvarland\u0131. Korkun\u00e7 kazada arac\u0131n s\u00fcr\u00fcc\u00fcs\u00fc olay yerinde hayat\u0131n\u0131 kaybetti. S\u00fcr\u00fcc\u00fcn\u00fcn cans\u0131z bedenini olay yerinden \u00e7\u0131karmak \u00fczere [&hellip;]<\/p>\n","protected":false},"author":2,"featured_media":1034917,"comment_status":"closed","ping_status":"closed","sticky":false,"template":"","format":"standard","meta":{"footnotes":""},"categories":[3],"tags":[],"class_list":["post-1034916","post","type-post","status-publish","format-standard","has-post-thumbnail","hentry","category-kurdistan"],"blocksy_meta":[],"seo_head":"<!-- This site is optimized with the Yoast SEO plugin v27.5 - https:\/\/yoast.com\/product\/yoast-seo-wordpress\/ -->\n<title>Azmar Da\u011f\u0131\u2019nda kurtarma helikopteri d\u00fc\u015ft\u00fc - Darka Mazi<\/title>\n<meta name=\"robots\" content=\"index, follow, max-snippet:-1, max-image-preview:large, max-video-preview:-1\" \/>\n<link rel=\"canonical\" href=\"https:\/\/darkamazi.site\/archives\/1034916\" \/>\n<meta property=\"og:locale\" content=\"en_US\" \/>\n<meta property=\"og:type\" content=\"article\" \/>\n<meta property=\"og:title\" content=\"Azmar Da\u011f\u0131\u2019nda kurtarma helikopteri d\u00fc\u015ft\u00fc - Darka Mazi\" \/>\n<meta property=\"og:description\" content=\"S\u00fcleymaniye&#8217;de bulunan Azmar Da\u011f\u0131&#8217;nda meydana gelen kazada kurtarma i\u00e7in g\u00f6nderilen bir helikopter d\u00fc\u015ft\u00fc. Kaza bir ki\u015fi hayat\u0131n\u0131 kaybederken, iki ki\u015fi de yaraland\u0131. R\u00fbdaw\u2019\u0131n elde etti\u011fi bilgilere g\u00f6re, olay, Azmar Da\u011f\u0131&#8217;nda bir arac\u0131n hen\u00fcz bilinmeyen bir nedenle yoldan \u00e7\u0131karak \u015faranpole yuvarland\u0131. Korkun\u00e7 kazada arac\u0131n s\u00fcr\u00fcc\u00fcs\u00fc olay yerinde hayat\u0131n\u0131 kaybetti. S\u00fcr\u00fcc\u00fcn\u00fcn cans\u0131z bedenini olay yerinden \u00e7\u0131karmak \u00fczere [&hellip;]\" \/>\n<meta property=\"og:url\" content=\"https:\/\/darkamazi.site\/archives\/1034916\" \/>\n<meta property=\"og:site_name\" content=\"Darka Mazi\" \/>\n<meta property=\"article:publisher\" content=\"https:\/\/www.facebook.com\/DarkaMaziturkce\" \/>\n<meta property=\"article:published_time\" content=\"2025-08-29T12:38:51+00:00\" \/>\n<meta property=\"article:modified_time\" content=\"2026-03-31T13:17:37+00:00\" \/>\n<meta property=\"og:image\" content=\"https:\/\/darkamazi.site\/file\/2025\/08\/Goizha_IMG_0019.jpg\" \/>\n\t<meta property=\"og:image:width\" content=\"667\" \/>\n\t<meta property=\"og:image:height\" content=\"500\" \/>\n\t<meta property=\"og:image:type\" content=\"image\/jpeg\" \/>\n<meta name=\"author\" content=\"darka mazi\" \/>\n<meta name=\"twitter:card\" content=\"summary_large_image\" \/>\n<meta name=\"twitter:creator\" content=\"@DarkaMaziTurkce\" \/>\n<meta name=\"twitter:site\" content=\"@DarkaMaziTurkce\" \/>\n<meta name=\"twitter:label1\" content=\"Written by\" \/>\n\t<meta name=\"twitter:data1\" content=\"darka mazi\" \/>\n\t<meta name=\"twitter:label2\" content=\"Est. reading time\" \/>\n\t<meta name=\"twitter:data2\" content=\"1 minute\" \/>\n<script type=\"application\/ld+json\" class=\"seo-schema-graph\">{\"@context\":\"https:\\\/\\\/schema.org\",\"@graph\":[{\"@type\":\"NewsArticle\",\"@id\":\"https:\\\/\\\/darkamazi.site\\\/archives\\\/1034916#article\",\"isPartOf\":{\"@id\":\"https:\\\/\\\/darkamazi.site\\\/archives\\\/1034916\"},\"author\":{\"name\":\"darka mazi\",\"@id\":\"https:\\\/\\\/darkamazi.site\\\/#\\\/schema\\\/person\\\/67986a95ac546c16760365877ef4a9d3\"},\"headline\":\"Azmar Da\u011f\u0131\u2019nda kurtarma helikopteri d\u00fc\u015ft\u00fc\",\"datePublished\":\"2025-08-29T12:38:51+00:00\",\"dateModified\":\"2026-03-31T13:17:37+00:00\",\"mainEntityOfPage\":{\"@id\":\"https:\\\/\\\/darkamazi.site\\\/archives\\\/1034916\"},\"wordCount\":145,\"publisher\":{\"@id\":\"https:\\\/\\\/darkamazi.site\\\/#organization\"},\"image\":{\"@id\":\"https:\\\/\\\/darkamazi.site\\\/archives\\\/1034916#primaryimage\"},\"thumbnailUrl\":\"https:\\\/\\\/darkamazi.site\\\/darka-content\\\/uploads\\\/2025\\\/08\\\/Goizha_IMG_0019.jpg\",\"articleSection\":[\"Kurdistan\"],\"inLanguage\":\"en-US\"},{\"@type\":\"WebPage\",\"@id\":\"https:\\\/\\\/darkamazi.site\\\/archives\\\/1034916\",\"url\":\"https:\\\/\\\/darkamazi.site\\\/archives\\\/1034916\",\"name\":\"Azmar Da\u011f\u0131\u2019nda kurtarma helikopteri d\u00fc\u015ft\u00fc - Darka Mazi\",\"isPartOf\":{\"@id\":\"https:\\\/\\\/darkamazi.site\\\/#website\"},\"primaryImageOfPage\":{\"@id\":\"https:\\\/\\\/darkamazi.site\\\/archives\\\/1034916#primaryimage\"},\"image\":{\"@id\":\"https:\\\/\\\/darkamazi.site\\\/archives\\\/1034916#primaryimage\"},\"thumbnailUrl\":\"https:\\\/\\\/darkamazi.site\\\/darka-content\\\/uploads\\\/2025\\\/08\\\/Goizha_IMG_0019.jpg\",\"datePublished\":\"2025-08-29T12:38:51+00:00\",\"dateModified\":\"2026-03-31T13:17:37+00:00\",\"breadcrumb\":{\"@id\":\"https:\\\/\\\/darkamazi.site\\\/archives\\\/1034916#breadcrumb\"},\"inLanguage\":\"en-US\",\"potentialAction\":[{\"@type\":\"ReadAction\",\"target\":[\"https:\\\/\\\/darkamazi.site\\\/archives\\\/1034916\"]}]},{\"@type\":\"ImageObject\",\"inLanguage\":\"en-US\",\"@id\":\"https:\\\/\\\/darkamazi.site\\\/archives\\\/1034916#primaryimage\",\"url\":\"https:\\\/\\\/darkamazi.site\\\/darka-content\\\/uploads\\\/2025\\\/08\\\/Goizha_IMG_0019.jpg\",\"contentUrl\":\"https:\\\/\\\/darkamazi.site\\\/darka-content\\\/uploads\\\/2025\\\/08\\\/Goizha_IMG_0019.jpg\",\"width\":667,\"height\":500,\"caption\":\"Azmar Da\u011f\u0131\u2019nda kurtarma helikopteri d\u00fc\u015ft\u00fc\"},{\"@type\":\"BreadcrumbList\",\"@id\":\"https:\\\/\\\/darkamazi.site\\\/archives\\\/1034916#breadcrumb\",\"itemListElement\":[{\"@type\":\"ListItem\",\"position\":1,\"name\":\"Home\",\"item\":\"https:\\\/\\\/darkamazi.site\\\/\"},{\"@type\":\"ListItem\",\"position\":2,\"name\":\"Azmar Da\u011f\u0131\u2019nda kurtarma helikopteri d\u00fc\u015ft\u00fc\"}]},{\"@type\":\"WebSite\",\"@id\":\"https:\\\/\\\/darkamazi.site\\\/#website\",\"url\":\"https:\\\/\\\/darkamazi.site\\\/\",\"name\":\"Darka Mazi\",\"description\":\"Ana Sayfa\",\"publisher\":{\"@id\":\"https:\\\/\\\/darkamazi.site\\\/#organization\"},\"potentialAction\":[{\"@type\":\"SearchAction\",\"target\":{\"@type\":\"EntryPoint\",\"urlTemplate\":\"https:\\\/\\\/darkamazi.site\\\/?s={search_term_string}\"},\"query-input\":{\"@type\":\"PropertyValueSpecification\",\"valueRequired\":true,\"valueName\":\"search_term_string\"}}],\"inLanguage\":\"en-US\"},{\"@type\":\"Organization\",\"@id\":\"https:\\\/\\\/darkamazi.site\\\/#organization\",\"name\":\"Darka Mazi T\u00fcrk\u00e7e\",\"alternateName\":\"Darka Mazi\",\"url\":\"https:\\\/\\\/darkamazi.site\\\/\",\"logo\":{\"@type\":\"ImageObject\",\"inLanguage\":\"en-US\",\"@id\":\"https:\\\/\\\/darkamazi.site\\\/#\\\/schema\\\/logo\\\/image\\\/\",\"url\":\"https:\\\/\\\/darkamazi.site\\\/darka-content\\\/uploads\\\/2017\\\/12\\\/darka-mazi-logo.png\",\"contentUrl\":\"https:\\\/\\\/darkamazi.site\\\/darka-content\\\/uploads\\\/2017\\\/12\\\/darka-mazi-logo.png\",\"width\":151,\"height\":75,\"caption\":\"Darka Mazi T\u00fcrk\u00e7e\"},\"image\":{\"@id\":\"https:\\\/\\\/darkamazi.site\\\/#\\\/schema\\\/logo\\\/image\\\/\"},\"sameAs\":[\"https:\\\/\\\/www.facebook.com\\\/DarkaMaziturkce\",\"https:\\\/\\\/x.com\\\/DarkaMaziTurkce\"]},{\"@type\":\"Person\",\"@id\":\"https:\\\/\\\/darkamazi.site\\\/#\\\/schema\\\/person\\\/67986a95ac546c16760365877ef4a9d3\",\"name\":\"darka mazi\",\"sameAs\":[\"https:\\\/\\\/darkamazi.site\"],\"url\":\"https:\\\/\\\/darkamazi.site\\\/archives\\\/author\\\/turkish\"}]}<\/script>\n<!-- \/ Yoast SEO plugin. -->","seo_head_json":{"title":"Azmar Da\u011f\u0131\u2019nda kurtarma helikopteri d\u00fc\u015ft\u00fc - Darka Mazi","robots":{"index":"index","follow":"follow","max-snippet":"max-snippet:-1","max-image-preview":"max-image-preview:large","max-video-preview":"max-video-preview:-1"},"canonical":"https:\/\/darkamazi.site\/archives\/1034916","og_locale":"en_US","og_type":"article","og_title":"Azmar Da\u011f\u0131\u2019nda kurtarma helikopteri d\u00fc\u015ft\u00fc - Darka Mazi","og_description":"S\u00fcleymaniye&#8217;de bulunan Azmar Da\u011f\u0131&#8217;nda meydana gelen kazada kurtarma i\u00e7in g\u00f6nderilen bir helikopter d\u00fc\u015ft\u00fc. Kaza bir ki\u015fi hayat\u0131n\u0131 kaybederken, iki ki\u015fi de yaraland\u0131. R\u00fbdaw\u2019\u0131n elde etti\u011fi bilgilere g\u00f6re, olay, Azmar Da\u011f\u0131&#8217;nda bir arac\u0131n hen\u00fcz bilinmeyen bir nedenle yoldan \u00e7\u0131karak \u015faranpole yuvarland\u0131. Korkun\u00e7 kazada arac\u0131n s\u00fcr\u00fcc\u00fcs\u00fc olay yerinde hayat\u0131n\u0131 kaybetti. S\u00fcr\u00fcc\u00fcn\u00fcn cans\u0131z bedenini olay yerinden \u00e7\u0131karmak \u00fczere [&hellip;]","og_url":"https:\/\/darkamazi.site\/archives\/1034916","og_site_name":"Darka Mazi","article_publisher":"https:\/\/www.facebook.com\/DarkaMaziturkce","article_published_time":"2025-08-29T12:38:51+00:00","article_modified_time":"2026-03-31T13:17:37+00:00","og_image":[{"width":667,"height":500,"url":"https:\/\/darkamazi.site\/file\/2025\/08\/Goizha_IMG_0019.jpg","type":"image\/jpeg"}],"author":"darka mazi","twitter_card":"summary_large_image","twitter_creator":"@DarkaMaziTurkce","twitter_site":"@DarkaMaziTurkce","twitter_misc":{"Written by":"darka mazi","Est. reading time":"1 minute"},"schema":{"@context":"https:\/\/schema.org","@graph":[{"@type":"NewsArticle","@id":"https:\/\/darkamazi.site\/archives\/1034916#article","isPartOf":{"@id":"https:\/\/darkamazi.site\/archives\/1034916"},"author":{"name":"darka mazi","@id":"https:\/\/darkamazi.site\/#\/schema\/person\/67986a95ac546c16760365877ef4a9d3"},"headline":"Azmar Da\u011f\u0131\u2019nda kurtarma helikopteri d\u00fc\u015ft\u00fc","datePublished":"2025-08-29T12:38:51+00:00","dateModified":"2026-03-31T13:17:37+00:00","mainEntityOfPage":{"@id":"https:\/\/darkamazi.site\/archives\/1034916"},"wordCount":145,"publisher":{"@id":"https:\/\/darkamazi.site\/#organization"},"image":{"@id":"https:\/\/darkamazi.site\/archives\/1034916#primaryimage"},"thumbnailUrl":"https:\/\/darkamazi.site\/file\/2025\/08\/Goizha_IMG_0019.jpg","articleSection":["Kurdistan"],"inLanguage":"en-US"},{"@type":"WebPage","@id":"https:\/\/darkamazi.site\/archives\/1034916","url":"https:\/\/darkamazi.site\/archives\/1034916","name":"Azmar Da\u011f\u0131\u2019nda kurtarma helikopteri d\u00fc\u015ft\u00fc - Darka Mazi","isPartOf":{"@id":"https:\/\/darkamazi.site\/#website"},"primaryImageOfPage":{"@id":"https:\/\/darkamazi.site\/archives\/1034916#primaryimage"},"image":{"@id":"https:\/\/darkamazi.site\/archives\/1034916#primaryimage"},"thumbnailUrl":"https:\/\/darkamazi.site\/file\/2025\/08\/Goizha_IMG_0019.jpg","datePublished":"2025-08-29T12:38:51+00:00","dateModified":"2026-03-31T13:17:37+00:00","breadcrumb":{"@id":"https:\/\/darkamazi.site\/archives\/1034916#breadcrumb"},"inLanguage":"en-US","potentialAction":[{"@type":"ReadAction","target":["https:\/\/darkamazi.site\/archives\/1034916"]}]},{"@type":"ImageObject","inLanguage":"en-US","@id":"https:\/\/darkamazi.site\/archives\/1034916#primaryimage","url":"https:\/\/darkamazi.site\/file\/2025\/08\/Goizha_IMG_0019.jpg","contentUrl":"https:\/\/darkamazi.site\/file\/2025\/08\/Goizha_IMG_0019.jpg","width":667,"height":500,"caption":"Azmar Da\u011f\u0131\u2019nda kurtarma helikopteri d\u00fc\u015ft\u00fc"},{"@type":"BreadcrumbList","@id":"https:\/\/darkamazi.site\/archives\/1034916#breadcrumb","itemListElement":[{"@type":"ListItem","position":1,"name":"Home","item":"https:\/\/darkamazi.site\/"},{"@type":"ListItem","position":2,"name":"Azmar Da\u011f\u0131\u2019nda kurtarma helikopteri d\u00fc\u015ft\u00fc"}]},{"@type":"WebSite","@id":"https:\/\/darkamazi.site\/#website","url":"https:\/\/darkamazi.site\/","name":"Darka Mazi","description":"Ana Sayfa","publisher":{"@id":"https:\/\/darkamazi.site\/#organization"},"potentialAction":[{"@type":"SearchAction","target":{"@type":"EntryPoint","urlTemplate":"https:\/\/darkamazi.site\/?s={search_term_string}"},"query-input":{"@type":"PropertyValueSpecification","valueRequired":true,"valueName":"search_term_string"}}],"inLanguage":"en-US"},{"@type":"Organization","@id":"https:\/\/darkamazi.site\/#organization","name":"Darka Mazi T\u00fcrk\u00e7e","alternateName":"Darka Mazi","url":"https:\/\/darkamazi.site\/","logo":{"@type":"ImageObject","inLanguage":"en-US","@id":"https:\/\/darkamazi.site\/#\/schema\/logo\/image\/","url":"https:\/\/darkamazi.site\/file\/2017\/12\/darka-mazi-logo.png","contentUrl":"https:\/\/darkamazi.site\/file\/2017\/12\/darka-mazi-logo.png","width":151,"height":75,"caption":"Darka Mazi T\u00fcrk\u00e7e"},"image":{"@id":"https:\/\/darkamazi.site\/#\/schema\/logo\/image\/"},"sameAs":["https:\/\/www.facebook.com\/DarkaMaziturkce","https:\/\/x.com\/DarkaMaziTurkce"]},{"@type":"Person","@id":"https:\/\/darkamazi.site\/#\/schema\/person\/67986a95ac546c16760365877ef4a9d3","name":"darka mazi","sameAs":["https:\/\/darkamazi.site"],"url":"https:\/\/darkamazi.site\/archives\/author\/turkish"}]}},"_links":{"self":[{"href":"https:\/\/darkamazi.site\/funavuv\/wp\/v2\/posts\/1034916","targetHints":{"allow":["GET"]}}],"collection":[{"href":"https:\/\/darkamazi.site\/funavuv\/wp\/v2\/posts"}],"about":[{"href":"https:\/\/darkamazi.site\/funavuv\/wp\/v2\/types\/post"}],"author":[{"embeddable":true,"href":"https:\/\/darkamazi.site\/funavuv\/wp\/v2\/users\/2"}],"replies":[{"embeddable":true,"href":"https:\/\/darkamazi.site\/funavuv\/wp\/v2\/comments?post=1034916"}],"version-history":[{"count":0,"href":"https:\/\/darkamazi.site\/funavuv\/wp\/v2\/posts\/1034916\/revisions"}],"wp:featuredmedia":[{"embeddable":true,"href":"https:\/\/darkamazi.site\/funavuv\/wp\/v2\/media\/1034917"}],"wp:attachment":[{"href":"https:\/\/darkamazi.site\/funavuv\/wp\/v2\/media?parent=1034916"}],"wp:term":[{"taxonomy":"category","embeddable":true,"href":"https:\/\/darkamazi.site\/funavuv\/wp\/v2\/categories?post=1034916"},{"taxonomy":"post_tag","embeddable":true,"href":"https:\/\/darkamazi.site\/funavuv\/wp\/v2\/tags?post=1034916"}],"curies":[{"name":"wp","href":"https:\/\/api.w.org\/{rel}","templated":true}]}}