{"id":1035079,"date":"2025-09-16T15:27:16","date_gmt":"2025-09-16T12:27:16","guid":{"rendered":"https:\/\/darkamazi.site\/?p=1035079"},"modified":"2025-09-16T15:27:16","modified_gmt":"2025-09-16T12:27:16","slug":"sengalde-neler-oluyor-pkk-neden-mevzilerini-teslim-etti","status":"publish","type":"post","link":"https:\/\/darkamazi.site\/archives\/1035079","title":{"rendered":"\u015eengal\u2019de neler oluyor, PKK neden mevzilerini teslim etti?"},"content":{"rendered":"<p style=\"text-align: justify\">Son g\u00fcnlerde \u015eengal\u2019de b\u00fcy\u00fck bir hareketlilik ya\u015fan\u0131yor. Irak ordusuna ba\u011fl\u0131 \u00e7ok say\u0131da asker ve z\u0131rhl\u0131 ara\u00e7 \u015eengal \u015fehir merkezine girdi. PKK\u2019ye ba\u011fl\u0131 YB\u015e ve \u015eengal \u00d6zerk Y\u00f6netimi adl\u0131 yap\u0131lar\u0131n y\u0131llard\u0131r kontrol ettikleri kontrol noktalar\u0131 Irak ordusuna anla\u015fmal\u0131 bi\u00e7imde teslim etti.<\/p>\n<p style=\"text-align: justify\">Medya ve yerel kaynaklar\u0131n bildi\u011fi kadar\u0131 ile Irak ordu, polis ve Ha\u015fdi \u015eabi g\u00fc\u00e7lerinden 11 binden fazla askeri g\u00fc\u00e7 \u015eengal\u2019e girdi. Giren g\u00fc\u00e7ler hem \u015eengal \u015fehir merkezi, Rojava s\u0131n\u0131r\u0131, K\u00fcrdistan B\u00f6lgesine giden yollar ve k\u00f6ylerin aras\u0131ndaki t\u00fcm yol hatlar\u0131n\u0131 kontrol etti.<\/p>\n<p style=\"text-align: justify\"><strong>\u015eengal halk\u0131: PKK, binalar\u0131n\u0131 temizleyerek b\u0131rakt\u0131 gitti<\/strong><\/p>\n<p style=\"text-align: justify\">DarkaMazi\u2019nin yerel kaynaklardan ald\u0131\u011f\u0131 bilgilere g\u00f6re PKK Sinnune, Xanesor \u00a0ve Kiblet k\u00f6ylerindeki stratejik kontrol noktalar\u0131n\u0131 ve \u00fcs alanlar\u0131n\u0131 Irak\u2019a b\u0131rakt\u0131. B\u0131rakma bi\u00e7imi \u00f6nceden yap\u0131lan bir anla\u015fma ile devir teslimin kararla\u015ft\u0131r\u0131ld\u0131\u011f\u0131n\u0131 g\u00f6steriyor.\u00a0 \u00c7\u00fcnk\u00fc Irak ordusu gelmeden birka\u00e7 saat \u00f6nce PKK\u2019ye ba\u011fl\u0131 g\u00fc\u00e7ler ve kurumlar \u00fcslendikleri kontrol noktalar\u0131 ve binalar\u0131 pikaplarla bo\u015faltarak gittikleri bilgisi var. Yerel halk bunu teyit ediyor ve \u201cPKK binalardaki ve kontrol noktalar\u0131ndaki resimlerini ve e\u015fyalar\u0131n\u0131 toplad\u0131, sonra temizleyip b\u0131rakt\u0131. Aradan iki saat ge\u00e7meden Irak g\u00fc\u00e7leri gelip oralara yerle\u015fti\u201d diyorlar.<\/p>\n<p style=\"text-align: justify\"><strong>PKK ve Ba\u011fdat aras\u0131ndaki 12 y\u0131ll\u0131k karanl\u0131k \u015eengal ortakl\u0131\u011f\u0131 <\/strong><\/p>\n<p style=\"text-align: justify\">Bu PKK\u2019nin Irak ordusu ile yapt\u0131\u011f\u0131 ilk anla\u015fma de\u011fil. 2013 y\u0131l\u0131nda I\u015e\u0130D\u2019in \u015eengal\u2019de Ezidi K\u00fcrtlere sald\u0131rmas\u0131 ile ba\u015flayan ve g\u00fcn\u00fcm\u00fcze de\u011fin de\u011fi\u015fik bi\u00e7imlerde devam eden bir anla\u015fmalar zinciri var. \u00a0Bu d\u00f6nemde R\u0131za Altun ve Sabri Ok gibi isimler Ba\u011fdat\u2019ta \u015eii liderlerle g\u00f6r\u00fc\u015ferek \u015eengal ve Germiyan hatt\u0131na yerle\u015fme kar\u015f\u0131l\u0131\u011f\u0131nda Irak ve \u0130ran\u2019\u0131n \u00e7\u0131karlar\u0131na uygun bi\u00e7imde hareket etme s\u00f6z\u00fc verdiler. Bu temelde de bir\u00e7ok ekonomik, siyasi ve lojistik destek ald\u0131lar.<\/p>\n<p style=\"text-align: justify\"><strong>Anla\u015fman\u0131n ilk ad\u0131m\u0131 2014 I\u015e\u0130D sald\u0131r\u0131s\u0131 sonras\u0131 ya\u015fand\u0131:<\/strong> PKK, Ezidilerin ve \u015eengal\u2019in K\u00fcrdistan B\u00f6lgesinden kopar\u0131lmas\u0131 kar\u015f\u0131l\u0131\u011f\u0131nda \u015eengal\u2019e yerle\u015fti. PKK, \u015eengal\u2019de I\u015e\u0130D kar\u015f\u0131t\u0131 de\u011fil Pe\u015fmerge kar\u015f\u0131t\u0131 bir g\u00fc\u00e7 olarak konumland\u0131. Bunun i\u00e7in de Pe\u015fmerge g\u00fc\u00e7lerini d\u00fczenlendi\u011fi \u015eengal\u2019i kurtarma operasyonu gibi ad\u0131mlara kat\u0131lmad\u0131.<\/p>\n<p style=\"text-align: justify\"><strong>PKK; Devlet ve \u015eii yap\u0131lar\u0131n \u015eengal\u2019de g\u00fc\u00e7 olmas\u0131n\u0131n yolunu a\u00e7t\u0131<\/strong><\/p>\n<p style=\"text-align: justify\"><strong><em>\u0130kinci d\u00f6nem ise 2017-2018 y\u0131llar\u0131 aras\u0131nda ya\u015fand\u0131.<\/em><\/strong> \u00a0K\u00fcrdistan ba\u011f\u0131ms\u0131zl\u0131k referandumu ve sonras\u0131nda Kerk\u00fck\u2019\u00fcn i\u015fgali ile yeni bir d\u00f6nem ya\u015fand\u0131. PKK Ha\u015fdi \u015eabi\u2019nin direk olarak \u015eengal\u2019e gelmesi temelinde Irak devleti ile anla\u015ft\u0131. Bu anla\u015fma temelinde Irak ordusu ve Ha\u015fdi \u015eabi \u015eengal\u2019e gelmi\u015fti. \u00a0Bu d\u00f6neme de\u011fin direk olarak PKK bu alanda bulundu\u011funu kabul ediyordu. Fakat Irak devleti meselenin uluslararas\u0131 boyutu nedeni ile PKK ad\u0131n\u0131n kullan\u0131lmas\u0131n\u0131 istemedi. Kendini burada PKK ad\u0131 ile resm\u00eele\u015ftiremeyece\u011fini anlayan PKK\u2019de durumu kabul etti.\u00a0\u00a0 23 Nisan 2018 tarihinde KCK taraf\u0131ndan yap\u0131lan yaz\u0131l\u0131 a\u00e7\u0131klamada, \u201c3 A\u011fustos 2014 ko\u015fullar\u0131n\u0131n ortadan kalkt\u0131\u011f\u0131, &#8220;\u015eengal ve \u00e7evresinde g\u00fcvenli\u011fin sa\u011fland\u0131\u011f\u0131&#8221;, bu sebepten dolay\u0131 g\u00fc\u00e7lerinin \u00e7ekilece\u011fi belirtildi. Yani Ha\u015fdi \u015eabi\u2019nin \u015eengal\u2019e giri\u015fi \u015eengal\u2019i g\u00fcvenli hale getirmi\u015fti.<\/p>\n<p style=\"text-align: justify\">Elbette ki PKK \u00e7ekilmedi. Sadece baz\u0131 Ezidi y\u00fczleri aktifle\u015ftirip, \u015eengal\u2019i Ha\u015fdi \u015eabi ile ortak y\u00f6netmeye devam etti. O d\u00f6nem PKK ve Ha\u015fdi \u015eabi kendi aras\u0131nda anla\u015fma yapm\u0131\u015f ve \u015eengal\u2019deki idari makamlar\u0131 kendi aralar\u0131nda payla\u015fm\u0131\u015ft\u0131.<\/p>\n<p style=\"text-align: justify\"><strong>2025 y\u0131l\u0131 teslimiyetinin arka plan\u0131: <\/strong><\/p>\n<p style=\"text-align: justify\"><em>\u00a0<strong>\u00dc\u00e7\u00fcnc\u00fc d\u00f6nem ise hala devam ediyor:<\/strong><\/em> 2013-2025 y\u0131l\u0131 aras\u0131ndaki 12 y\u0131l boyunca PKK, \u0130ran cephesinin bir par\u00e7as\u0131 olarak kendine G\u00fcney K\u00fcrdistan\u2019da yer a\u00e7maya \u00e7al\u0131\u015ft\u0131. Bir\u00e7ok yerde Pe\u015fmerge g\u00fc\u00e7lerine sald\u0131rd\u0131, Hewler ve Duhok \u00e7ar\u015f\u0131lar\u0131n\u0131n yakarak ekonomik sava\u015f verdi. Ve \u00f6zellikle de medyada aral\u0131ks\u0131z bir d\u00fc\u015fmanl\u0131k yapt\u0131. Fakat Kandil PKK\u2019sinin dahil oldu\u011fu \u015eii cephe Esad rejiminin y\u0131k\u0131lmas\u0131 ile b\u00fcy\u00fck bir darbe ald\u0131. PKK tam ne yapaca\u011f\u0131n\u0131 bilemez durumdayken. \u00d6calan ve T\u00fcrk devletinin s\u00fcrece m\u00fcdahalesi oldu ve \u00d6calan PKK\u2019yi tekrardan T\u00fcrk devlet sistemi dahilinde hareket ettirdi.<\/p>\n<p style=\"text-align: justify\">PKK y\u00f6netimi \u015fu anda bir yandan \u00d6calan\u2019\u0131n s\u0131k\u0131\u015ft\u0131rmas\u0131 ile sessiz duruyorlar. Fakat Cemil Bay\u0131k\u2019\u0131n ba\u015f\u0131n\u0131 \u00e7ekti\u011fi PKK y\u00f6netimi \u0130ran ile ili\u015fkileri de t\u00fcmden b\u0131rakam\u0131yor. \u00c7\u00fcnk\u00fc S\u00fcleymaniye\u2019deki varl\u0131\u011f\u0131, \u0130ran s\u0131n\u0131r\u0131na yerle\u015fmesi varl\u0131\u011f\u0131, \u0130ran yapt\u0131\u011f\u0131 PJAK anla\u015fmas\u0131, \u015eengal ve Mahmur kamp\u0131 gibi \u00e7ok \u00f6nemli mevzileri var. Bu nedenle de Irak ve \u0130ran devleti ile z\u0131tla\u015fmadan Irak ve G\u00fcney K\u00fcrdistan\u2019daki varl\u0131\u011f\u0131n\u0131 devam ettirmek istiyor. Bu nedenle de Irak\u2019\u0131n taleplerinin t\u00fcm\u00fcn\u00fc kar\u015f\u0131l\u0131yor.<\/p>\n<p style=\"text-align: justify\"><strong>Talimat \u0130mral\u0131\u2019dan m\u0131? <\/strong><\/p>\n<p style=\"text-align: justify\">PKK\u2019nin kendini feshi ve silah b\u0131rakma s\u00fcreci kamuoyuna yans\u0131yan\u0131n d\u0131\u015f\u0131nda \u00e7ok y\u00f6nl\u00fc bi\u00e7imde devam ediyor.\u00a0 \u015eengal\u2019de PKK\u2019nin mevzilerini teslim etmesinde, T\u00fcrk devletinin talebi ve \u0130mral\u0131\u2019n\u0131n pay\u0131 oldu\u011fu da gelen bilgiler aras\u0131nda.\u00a0 T\u00fcrk devleti Irak ve T\u00fcrkiye aras\u0131ndaki \u201cKalk\u0131nma yolu projesinin \u015eengal hatt\u0131ndan ge\u00e7mesini ve alanda K\u00fcrt g\u00fc\u00e7lerinin olmas\u0131n\u0131 istemiyor, ayn\u0131 bi\u00e7imde Irak\u2019ta istemiyor. Bu nedenle \u015eengal\u2019de mevzi de\u011fi\u015fimi sadece PKK ve Irak aras\u0131ndaki bir anla\u015fma de\u011fil, b\u00f6lge g\u00fc\u00e7lerinin anla\u015fmas\u0131na benziyor.<\/p>\n<p style=\"text-align: justify\"><strong>Irak neden \u015fimdi \u015eengal\u2019de mevzilerini g\u00fc\u00e7lendirdi? <\/strong><\/p>\n<p style=\"text-align: justify\">Irak devletinin \u015eengal\u2019de mevzilerini g\u00fc\u00e7lendirmesi ve b\u00fcy\u00fck askeri g\u00fc\u00e7 y\u0131\u011fmas\u0131n\u0131n zamanlamas\u0131 olduk\u00e7a dikkat \u00e7ekici. \u00c7\u00fcnk\u00fc hem bir K\u00fcrdistan kar\u015f\u0131t\u0131 hareket var hem de kendini bir sava\u015fa haz\u0131rlama s\u00fcreci var.<\/p>\n<p style=\"text-align: justify\">Irak ve \u015eii milisler \u015fu anda \u0130srail ve ABD taraf\u0131ndan olduk\u00e7a s\u0131k\u0131\u015ft\u0131r\u0131lm\u0131\u015f durumda. Ortado\u011fu\u2019daki kaosta \u00a0Irak\u2019\u0131n gelece\u011fi olduk\u00e7a tart\u0131\u015fmal\u0131, Irak\u2019\u0131n \u00fc\u00e7 ayr\u0131 devlete b\u00f6l\u00fcnmesi tart\u0131\u015fmas\u0131 var ve Irak kendini olas\u0131 bir \u0130srail sava\u015f\u0131na haz\u0131rl\u0131yor. Hatta Irak\u2019taki \u015eiiler kendini Irak\u2019ta bir i\u00e7 sava\u015fa haz\u0131rl\u0131yor. \u00a0\u00a0Bu nedenle de Ordu ve milis yap\u0131lar ciddi bir hareketlilik ya\u015f\u0131yorlar ve ayr\u0131ca mevzilerin g\u00fc\u00e7lendiriyorlar.\u00a0 \u015eengal\u2019e 11 binden fazla g\u00fc\u00e7 g\u00f6nderilmesi de bu \u00e7er\u00e7evede yapan bir durum olarak okumak yanl\u0131\u015f olmayacak.<\/p>\n<p style=\"text-align: justify\">Irak t\u00fcm alanlarda \u00f6zellikle de s\u0131n\u0131r hatt\u0131nda mevzilerini g\u00fc\u00e7lendiriyor. Suriye ve Rojava s\u0131n\u0131r\u0131 da bu s\u0131n\u0131rlar\u0131n ba\u015f\u0131nda geliyor. Irak uzun vadede Rojava\u2019da ya\u015fanacak geli\u015fmelere kar\u015f\u0131 da pozisyon almak i\u00e7in \u015eengal\u2019e yerle\u015fmek istiyor. Yani Rojava ve G\u00fcney K\u00fcrdistan aras\u0131nda bir \u015eii- Arap hatt\u0131 olu\u015fturmak isteniyor. \u015eii Irak rejimi ve milisler K\u00fcrdistan B\u00f6lgesi\u2019ni s\u0131k\u0131\u015ft\u0131rmak ve 140 madde kapsam\u0131ndaki K\u00fcrdistani b\u00f6lgelere g\u00fc\u00e7l\u00fc bi\u00e7imde yerle\u015ferek bu b\u00f6lgeleri K\u00fcrdistan\u2019dan kal\u0131c\u0131 bi\u00e7imde koparmak istiyor. Ve \u015eengal\u2019de bu planda olduk\u00e7a stratejik bir yer tutuyor. Yani Irak devleti \u015eengal\u2019de bir anti-K\u00fcrdistan koridoru olu\u015fturuyor. (Hatta daha do\u011frusu var olan K\u00fcrdistan kar\u015f\u0131t\u0131 koridoru g\u00fc\u00e7lendiriyor).<\/p>\n<p style=\"text-align: justify\">Yani PKK\u2019nin \u015eengal\u2019i Irak\u2019a b\u0131rakmas\u0131 Irak \u015eii rejiminin K\u00fcrtlere, S\u00fcnni Araplara, Rojava\u2019ya ve Bat\u0131\u2019ya kar\u015f\u0131 elini g\u00fc\u00e7lendirmi\u015ftir.<\/p>\n<p style=\"text-align: justify\">\n<p style=\"text-align: justify\"><strong>PKK, Ba\u011fdat ile yapt\u0131\u011f\u0131 anla\u015fmay\u0131 gizledi, medyas\u0131 KDP\u2019yi hedef yapt\u0131<\/strong><\/p>\n<p style=\"text-align: justify\">Irak \u015eii Rejimi ve PKK aras\u0131ndaki mevzi devir teslimi kamuoyunda ve hatta Ezidi sava\u015flar\u0131n i\u00e7inde de tepki toplad\u0131. Bu nedenle PKK, Ba\u011fdat ve Milis y\u00f6netimi ile yapt\u0131\u011f\u0131 anla\u015fmay\u0131 \u015eengal\u2019deki y\u00f6netiminden gizledi.<\/p>\n<p style=\"text-align: justify\">Eldeki bilgilere g\u00f6re \u015eengal\u2019deki PKK\u2019li ve Kuzeyli kadrolara \u201chi\u00e7bir \u00e7at\u0131\u015fma olmayacak, s\u00fcre\u00e7ten bilginiz oldu\u011fu halka yans\u0131t\u0131lmayacak\u201d talimat\u0131 gitti. \u00a0Yine PKK \u00c7\u0131ra TV \u00fczerinden \u015eengal halk\u0131n\u0131 manip\u00fcle ederek olaydan bilgisi yokmu\u015f gibi davrand\u0131 ve KDP\u2019yi hedef yapt\u0131. PKK medyas\u0131ndaki haberler ve PKK\u2019li isimlerin a\u00e7\u0131klamalar\u0131nda Irak ordusunun \u015eengal\u2019e girmesinden KDP sorumlu g\u00f6sterildi.<\/p>\n<p style=\"text-align: justify\"><strong>PKK, mevzilerini K\u00fcrtlere teslim etmedi<\/strong><\/p>\n<p style=\"text-align: justify\">Yukarda \u00e7izdi\u011fimiz \u00e7er\u00e7eveye bak\u0131l\u0131nca son g\u00fc\u00e7 g\u00fcn \u015eengal\u2019de PKK ve Irakl\u0131 \u015eii yap\u0131lar aras\u0131ndaki mevzi devir teslim meselesi K\u00fcrtlerin hayr\u0131na bir pozisyon olmad\u0131\u011f\u0131 anla\u015f\u0131lacakt\u0131r. Ortado\u011fu\u2019da K\u00fcrtlerin bu denli kritik bir pozisyonda durdu\u011fu bir d\u00f6nemde PKK\u2019nin mevzilerini gizli sakl\u0131 bi\u00e7imde Irak\u2019a teslim etmesi de K\u00fcrtler i\u00e7in \u00f6nemli bir kay\u0131pt\u0131r.\u00a0 PKK, 2013 y\u0131l\u0131ndan bu yana gerekti\u011finde Rojava ve Suriye\u2019de mevzilerini Esad lehine b\u0131rakt\u0131. Gerekti\u011finde Irak ve G\u00fcney K\u00fcrdistan\u2019da Mahmur-Kara\u00e7o\u011f, Germiyan ve Duzxurmatu vb yerlerde mevzilerini Irak lehine b\u0131rakt\u0131. PKK, Kandil\u2019de Casusan tepesini \u0130ran lehine b\u0131rakt\u0131. Behdinan\u2019da Haftani, Metina, Zap, Ava\u015fin, Xaxurke vb yerlerde mevzilerin T\u00fcrkler lehine b\u0131rakt\u0131. Fakat K\u00fcrtler i\u00e7in hi\u00e7bir \u015fekilde mevzilerini b\u0131rakmad\u0131.\u00a0 Tek bir mevzisini Pe\u015fmerge g\u00fc\u00e7leri i\u00e7in b\u0131rakmad\u0131. E\u011fer \u00fc\u00e7 g\u00fcn \u00f6nce \u015eengal\u2019e giden g\u00fc\u00e7 Ha\u015fdi \u015eabi de\u011fil de Pe\u015fmerge g\u00fcc\u00fc olsayd\u0131, hatta Ezidi Pe\u015fmerge b\u00f6l\u00fckleri olsayd\u0131 PKK sald\u0131rmakta hi\u00e7 teredd\u00fct etmeyecekti.<\/p>\n<p style=\"text-align: justify\">PKK y\u00f6netiminden Bese Hozat ve Mustafa Karasu gibi \u00fcst d\u00fczey isimlerin \u201c\u015eengal Irak\u2019\u0131n bir par\u00e7as\u0131d\u0131r\u201d bi\u00e7imindeki a\u00e7\u0131klamalar\u0131n\u0131n asl\u0131nda PKK\u2019nin ger\u00e7ek zihniyetini g\u00f6sterdi\u011fi de b\u00f6ylelikle bir kez daha ortaya \u00e7\u0131km\u0131\u015ft\u0131r.<\/p>\n","protected":false},"excerpt":{"rendered":"<p>Son g\u00fcnlerde \u015eengal\u2019de b\u00fcy\u00fck bir hareketlilik ya\u015fan\u0131yor. Irak ordusuna ba\u011fl\u0131 \u00e7ok say\u0131da asker ve z\u0131rhl\u0131 ara\u00e7 \u015eengal \u015fehir merkezine girdi. PKK\u2019ye ba\u011fl\u0131 YB\u015e ve \u015eengal \u00d6zerk Y\u00f6netimi adl\u0131 yap\u0131lar\u0131n y\u0131llard\u0131r kontrol ettikleri kontrol noktalar\u0131 Irak ordusuna anla\u015fmal\u0131 bi\u00e7imde teslim etti. Medya ve yerel kaynaklar\u0131n bildi\u011fi kadar\u0131 ile Irak ordu, polis ve Ha\u015fdi \u015eabi g\u00fc\u00e7lerinden 11 [&hellip;]<\/p>\n","protected":false},"author":2,"featured_media":1035080,"comment_status":"closed","ping_status":"closed","sticky":false,"template":"","format":"standard","meta":{"footnotes":""},"categories":[39],"tags":[31],"class_list":["post-1035079","post","type-post","status-publish","format-standard","has-post-thumbnail","hentry","category-ozel-dosya","tag-onemli"],"blocksy_meta":[],"seo_head":"<!-- This site is optimized with the Yoast SEO plugin v27.5 - https:\/\/yoast.com\/product\/yoast-seo-wordpress\/ -->\n<title>\u015eengal\u2019de neler oluyor, PKK neden mevzilerini teslim etti? - Darka Mazi<\/title>\n<meta name=\"robots\" content=\"index, follow, max-snippet:-1, max-image-preview:large, max-video-preview:-1\" \/>\n<link rel=\"canonical\" href=\"https:\/\/darkamazi.site\/archives\/1035079\" \/>\n<meta property=\"og:locale\" content=\"en_US\" \/>\n<meta property=\"og:type\" content=\"article\" \/>\n<meta property=\"og:title\" content=\"\u015eengal\u2019de neler oluyor, PKK neden mevzilerini teslim etti? - Darka Mazi\" \/>\n<meta property=\"og:description\" content=\"Son g\u00fcnlerde \u015eengal\u2019de b\u00fcy\u00fck bir hareketlilik ya\u015fan\u0131yor. Irak ordusuna ba\u011fl\u0131 \u00e7ok say\u0131da asker ve z\u0131rhl\u0131 ara\u00e7 \u015eengal \u015fehir merkezine girdi. PKK\u2019ye ba\u011fl\u0131 YB\u015e ve \u015eengal \u00d6zerk Y\u00f6netimi adl\u0131 yap\u0131lar\u0131n y\u0131llard\u0131r kontrol ettikleri kontrol noktalar\u0131 Irak ordusuna anla\u015fmal\u0131 bi\u00e7imde teslim etti. Medya ve yerel kaynaklar\u0131n bildi\u011fi kadar\u0131 ile Irak ordu, polis ve Ha\u015fdi \u015eabi g\u00fc\u00e7lerinden 11 [&hellip;]\" \/>\n<meta property=\"og:url\" content=\"https:\/\/darkamazi.site\/archives\/1035079\" \/>\n<meta property=\"og:site_name\" content=\"Darka Mazi\" \/>\n<meta property=\"article:publisher\" content=\"https:\/\/www.facebook.com\/DarkaMaziturkce\" \/>\n<meta property=\"article:published_time\" content=\"2025-09-16T12:27:16+00:00\" \/>\n<meta property=\"og:image\" content=\"https:\/\/darkamazi.site\/file\/2025\/09\/PKK-Iraq-Armoi-Sinjar-com.jpg\" \/>\n\t<meta property=\"og:image:width\" content=\"900\" \/>\n\t<meta property=\"og:image:height\" content=\"500\" \/>\n\t<meta property=\"og:image:type\" content=\"image\/jpeg\" \/>\n<meta name=\"author\" content=\"darka mazi\" \/>\n<meta name=\"twitter:card\" content=\"summary_large_image\" \/>\n<meta name=\"twitter:creator\" content=\"@DarkaMaziTurkce\" \/>\n<meta name=\"twitter:site\" content=\"@DarkaMaziTurkce\" \/>\n<meta name=\"twitter:label1\" content=\"Written by\" \/>\n\t<meta name=\"twitter:data1\" content=\"darka mazi\" \/>\n\t<meta name=\"twitter:label2\" content=\"Est. reading time\" \/>\n\t<meta name=\"twitter:data2\" content=\"6 minutes\" \/>\n<script type=\"application\/ld+json\" class=\"seo-schema-graph\">{\"@context\":\"https:\\\/\\\/schema.org\",\"@graph\":[{\"@type\":\"NewsArticle\",\"@id\":\"https:\\\/\\\/darkamazi.site\\\/archives\\\/1035079#article\",\"isPartOf\":{\"@id\":\"https:\\\/\\\/darkamazi.site\\\/archives\\\/1035079\"},\"author\":{\"name\":\"darka mazi\",\"@id\":\"https:\\\/\\\/darkamazi.site\\\/#\\\/schema\\\/person\\\/67986a95ac546c16760365877ef4a9d3\"},\"headline\":\"\u015eengal\u2019de neler oluyor, PKK neden mevzilerini teslim etti?\",\"datePublished\":\"2025-09-16T12:27:16+00:00\",\"mainEntityOfPage\":{\"@id\":\"https:\\\/\\\/darkamazi.site\\\/archives\\\/1035079\"},\"wordCount\":1661,\"publisher\":{\"@id\":\"https:\\\/\\\/darkamazi.site\\\/#organization\"},\"image\":{\"@id\":\"https:\\\/\\\/darkamazi.site\\\/archives\\\/1035079#primaryimage\"},\"thumbnailUrl\":\"https:\\\/\\\/darkamazi.site\\\/darka-content\\\/uploads\\\/2025\\\/09\\\/PKK-Iraq-Armoi-Sinjar-com.jpg\",\"keywords\":[\"\u00f6nemli\"],\"articleSection\":[\"\u00d6zel Dosya\"],\"inLanguage\":\"en-US\"},{\"@type\":\"WebPage\",\"@id\":\"https:\\\/\\\/darkamazi.site\\\/archives\\\/1035079\",\"url\":\"https:\\\/\\\/darkamazi.site\\\/archives\\\/1035079\",\"name\":\"\u015eengal\u2019de neler oluyor, PKK neden mevzilerini teslim etti? - Darka Mazi\",\"isPartOf\":{\"@id\":\"https:\\\/\\\/darkamazi.site\\\/#website\"},\"primaryImageOfPage\":{\"@id\":\"https:\\\/\\\/darkamazi.site\\\/archives\\\/1035079#primaryimage\"},\"image\":{\"@id\":\"https:\\\/\\\/darkamazi.site\\\/archives\\\/1035079#primaryimage\"},\"thumbnailUrl\":\"https:\\\/\\\/darkamazi.site\\\/darka-content\\\/uploads\\\/2025\\\/09\\\/PKK-Iraq-Armoi-Sinjar-com.jpg\",\"datePublished\":\"2025-09-16T12:27:16+00:00\",\"breadcrumb\":{\"@id\":\"https:\\\/\\\/darkamazi.site\\\/archives\\\/1035079#breadcrumb\"},\"inLanguage\":\"en-US\",\"potentialAction\":[{\"@type\":\"ReadAction\",\"target\":[\"https:\\\/\\\/darkamazi.site\\\/archives\\\/1035079\"]}]},{\"@type\":\"ImageObject\",\"inLanguage\":\"en-US\",\"@id\":\"https:\\\/\\\/darkamazi.site\\\/archives\\\/1035079#primaryimage\",\"url\":\"https:\\\/\\\/darkamazi.site\\\/darka-content\\\/uploads\\\/2025\\\/09\\\/PKK-Iraq-Armoi-Sinjar-com.jpg\",\"contentUrl\":\"https:\\\/\\\/darkamazi.site\\\/darka-content\\\/uploads\\\/2025\\\/09\\\/PKK-Iraq-Armoi-Sinjar-com.jpg\",\"width\":900,\"height\":500,\"caption\":\"\u015eengal\u2019de neler oluyor, PKK neden mevzilerini teslim etti? Ezidi, Ha\u015fdi \u015eabi, \u00c7\u0131ra TV, Karasu, Bese Hozat, YB\u015e, Sinune, Xanesor, \u0130ran, Cemil Bay\u0131k, Casusan Tepesi,\"},{\"@type\":\"BreadcrumbList\",\"@id\":\"https:\\\/\\\/darkamazi.site\\\/archives\\\/1035079#breadcrumb\",\"itemListElement\":[{\"@type\":\"ListItem\",\"position\":1,\"name\":\"Home\",\"item\":\"https:\\\/\\\/darkamazi.site\\\/\"},{\"@type\":\"ListItem\",\"position\":2,\"name\":\"\u015eengal\u2019de neler oluyor, PKK neden mevzilerini teslim etti?\"}]},{\"@type\":\"WebSite\",\"@id\":\"https:\\\/\\\/darkamazi.site\\\/#website\",\"url\":\"https:\\\/\\\/darkamazi.site\\\/\",\"name\":\"Darka Mazi\",\"description\":\"Ana Sayfa\",\"publisher\":{\"@id\":\"https:\\\/\\\/darkamazi.site\\\/#organization\"},\"potentialAction\":[{\"@type\":\"SearchAction\",\"target\":{\"@type\":\"EntryPoint\",\"urlTemplate\":\"https:\\\/\\\/darkamazi.site\\\/?s={search_term_string}\"},\"query-input\":{\"@type\":\"PropertyValueSpecification\",\"valueRequired\":true,\"valueName\":\"search_term_string\"}}],\"inLanguage\":\"en-US\"},{\"@type\":\"Organization\",\"@id\":\"https:\\\/\\\/darkamazi.site\\\/#organization\",\"name\":\"Darka Mazi T\u00fcrk\u00e7e\",\"alternateName\":\"Darka Mazi\",\"url\":\"https:\\\/\\\/darkamazi.site\\\/\",\"logo\":{\"@type\":\"ImageObject\",\"inLanguage\":\"en-US\",\"@id\":\"https:\\\/\\\/darkamazi.site\\\/#\\\/schema\\\/logo\\\/image\\\/\",\"url\":\"https:\\\/\\\/darkamazi.site\\\/darka-content\\\/uploads\\\/2017\\\/12\\\/darka-mazi-logo.png\",\"contentUrl\":\"https:\\\/\\\/darkamazi.site\\\/darka-content\\\/uploads\\\/2017\\\/12\\\/darka-mazi-logo.png\",\"width\":151,\"height\":75,\"caption\":\"Darka Mazi T\u00fcrk\u00e7e\"},\"image\":{\"@id\":\"https:\\\/\\\/darkamazi.site\\\/#\\\/schema\\\/logo\\\/image\\\/\"},\"sameAs\":[\"https:\\\/\\\/www.facebook.com\\\/DarkaMaziturkce\",\"https:\\\/\\\/x.com\\\/DarkaMaziTurkce\"]},{\"@type\":\"Person\",\"@id\":\"https:\\\/\\\/darkamazi.site\\\/#\\\/schema\\\/person\\\/67986a95ac546c16760365877ef4a9d3\",\"name\":\"darka mazi\",\"sameAs\":[\"https:\\\/\\\/darkamazi.site\"],\"url\":\"https:\\\/\\\/darkamazi.site\\\/archives\\\/author\\\/turkish\"}]}<\/script>\n<!-- \/ Yoast SEO plugin. -->","seo_head_json":{"title":"\u015eengal\u2019de neler oluyor, PKK neden mevzilerini teslim etti? - Darka Mazi","robots":{"index":"index","follow":"follow","max-snippet":"max-snippet:-1","max-image-preview":"max-image-preview:large","max-video-preview":"max-video-preview:-1"},"canonical":"https:\/\/darkamazi.site\/archives\/1035079","og_locale":"en_US","og_type":"article","og_title":"\u015eengal\u2019de neler oluyor, PKK neden mevzilerini teslim etti? - Darka Mazi","og_description":"Son g\u00fcnlerde \u015eengal\u2019de b\u00fcy\u00fck bir hareketlilik ya\u015fan\u0131yor. Irak ordusuna ba\u011fl\u0131 \u00e7ok say\u0131da asker ve z\u0131rhl\u0131 ara\u00e7 \u015eengal \u015fehir merkezine girdi. PKK\u2019ye ba\u011fl\u0131 YB\u015e ve \u015eengal \u00d6zerk Y\u00f6netimi adl\u0131 yap\u0131lar\u0131n y\u0131llard\u0131r kontrol ettikleri kontrol noktalar\u0131 Irak ordusuna anla\u015fmal\u0131 bi\u00e7imde teslim etti. Medya ve yerel kaynaklar\u0131n bildi\u011fi kadar\u0131 ile Irak ordu, polis ve Ha\u015fdi \u015eabi g\u00fc\u00e7lerinden 11 [&hellip;]","og_url":"https:\/\/darkamazi.site\/archives\/1035079","og_site_name":"Darka Mazi","article_publisher":"https:\/\/www.facebook.com\/DarkaMaziturkce","article_published_time":"2025-09-16T12:27:16+00:00","og_image":[{"width":900,"height":500,"url":"https:\/\/darkamazi.site\/file\/2025\/09\/PKK-Iraq-Armoi-Sinjar-com.jpg","type":"image\/jpeg"}],"author":"darka mazi","twitter_card":"summary_large_image","twitter_creator":"@DarkaMaziTurkce","twitter_site":"@DarkaMaziTurkce","twitter_misc":{"Written by":"darka mazi","Est. reading time":"6 minutes"},"schema":{"@context":"https:\/\/schema.org","@graph":[{"@type":"NewsArticle","@id":"https:\/\/darkamazi.site\/archives\/1035079#article","isPartOf":{"@id":"https:\/\/darkamazi.site\/archives\/1035079"},"author":{"name":"darka mazi","@id":"https:\/\/darkamazi.site\/#\/schema\/person\/67986a95ac546c16760365877ef4a9d3"},"headline":"\u015eengal\u2019de neler oluyor, PKK neden mevzilerini teslim etti?","datePublished":"2025-09-16T12:27:16+00:00","mainEntityOfPage":{"@id":"https:\/\/darkamazi.site\/archives\/1035079"},"wordCount":1661,"publisher":{"@id":"https:\/\/darkamazi.site\/#organization"},"image":{"@id":"https:\/\/darkamazi.site\/archives\/1035079#primaryimage"},"thumbnailUrl":"https:\/\/darkamazi.site\/file\/2025\/09\/PKK-Iraq-Armoi-Sinjar-com.jpg","keywords":["\u00f6nemli"],"articleSection":["\u00d6zel Dosya"],"inLanguage":"en-US"},{"@type":"WebPage","@id":"https:\/\/darkamazi.site\/archives\/1035079","url":"https:\/\/darkamazi.site\/archives\/1035079","name":"\u015eengal\u2019de neler oluyor, PKK neden mevzilerini teslim etti? - Darka Mazi","isPartOf":{"@id":"https:\/\/darkamazi.site\/#website"},"primaryImageOfPage":{"@id":"https:\/\/darkamazi.site\/archives\/1035079#primaryimage"},"image":{"@id":"https:\/\/darkamazi.site\/archives\/1035079#primaryimage"},"thumbnailUrl":"https:\/\/darkamazi.site\/file\/2025\/09\/PKK-Iraq-Armoi-Sinjar-com.jpg","datePublished":"2025-09-16T12:27:16+00:00","breadcrumb":{"@id":"https:\/\/darkamazi.site\/archives\/1035079#breadcrumb"},"inLanguage":"en-US","potentialAction":[{"@type":"ReadAction","target":["https:\/\/darkamazi.site\/archives\/1035079"]}]},{"@type":"ImageObject","inLanguage":"en-US","@id":"https:\/\/darkamazi.site\/archives\/1035079#primaryimage","url":"https:\/\/darkamazi.site\/file\/2025\/09\/PKK-Iraq-Armoi-Sinjar-com.jpg","contentUrl":"https:\/\/darkamazi.site\/file\/2025\/09\/PKK-Iraq-Armoi-Sinjar-com.jpg","width":900,"height":500,"caption":"\u015eengal\u2019de neler oluyor, PKK neden mevzilerini teslim etti? Ezidi, Ha\u015fdi \u015eabi, \u00c7\u0131ra TV, Karasu, Bese Hozat, YB\u015e, Sinune, Xanesor, \u0130ran, Cemil Bay\u0131k, Casusan Tepesi,"},{"@type":"BreadcrumbList","@id":"https:\/\/darkamazi.site\/archives\/1035079#breadcrumb","itemListElement":[{"@type":"ListItem","position":1,"name":"Home","item":"https:\/\/darkamazi.site\/"},{"@type":"ListItem","position":2,"name":"\u015eengal\u2019de neler oluyor, PKK neden mevzilerini teslim etti?"}]},{"@type":"WebSite","@id":"https:\/\/darkamazi.site\/#website","url":"https:\/\/darkamazi.site\/","name":"Darka Mazi","description":"Ana Sayfa","publisher":{"@id":"https:\/\/darkamazi.site\/#organization"},"potentialAction":[{"@type":"SearchAction","target":{"@type":"EntryPoint","urlTemplate":"https:\/\/darkamazi.site\/?s={search_term_string}"},"query-input":{"@type":"PropertyValueSpecification","valueRequired":true,"valueName":"search_term_string"}}],"inLanguage":"en-US"},{"@type":"Organization","@id":"https:\/\/darkamazi.site\/#organization","name":"Darka Mazi T\u00fcrk\u00e7e","alternateName":"Darka Mazi","url":"https:\/\/darkamazi.site\/","logo":{"@type":"ImageObject","inLanguage":"en-US","@id":"https:\/\/darkamazi.site\/#\/schema\/logo\/image\/","url":"https:\/\/darkamazi.site\/file\/2017\/12\/darka-mazi-logo.png","contentUrl":"https:\/\/darkamazi.site\/file\/2017\/12\/darka-mazi-logo.png","width":151,"height":75,"caption":"Darka Mazi T\u00fcrk\u00e7e"},"image":{"@id":"https:\/\/darkamazi.site\/#\/schema\/logo\/image\/"},"sameAs":["https:\/\/www.facebook.com\/DarkaMaziturkce","https:\/\/x.com\/DarkaMaziTurkce"]},{"@type":"Person","@id":"https:\/\/darkamazi.site\/#\/schema\/person\/67986a95ac546c16760365877ef4a9d3","name":"darka mazi","sameAs":["https:\/\/darkamazi.site"],"url":"https:\/\/darkamazi.site\/archives\/author\/turkish"}]}},"_links":{"self":[{"href":"https:\/\/darkamazi.site\/funavuv\/wp\/v2\/posts\/1035079","targetHints":{"allow":["GET"]}}],"collection":[{"href":"https:\/\/darkamazi.site\/funavuv\/wp\/v2\/posts"}],"about":[{"href":"https:\/\/darkamazi.site\/funavuv\/wp\/v2\/types\/post"}],"author":[{"embeddable":true,"href":"https:\/\/darkamazi.site\/funavuv\/wp\/v2\/users\/2"}],"replies":[{"embeddable":true,"href":"https:\/\/darkamazi.site\/funavuv\/wp\/v2\/comments?post=1035079"}],"version-history":[{"count":0,"href":"https:\/\/darkamazi.site\/funavuv\/wp\/v2\/posts\/1035079\/revisions"}],"wp:featuredmedia":[{"embeddable":true,"href":"https:\/\/darkamazi.site\/funavuv\/wp\/v2\/media\/1035080"}],"wp:attachment":[{"href":"https:\/\/darkamazi.site\/funavuv\/wp\/v2\/media?parent=1035079"}],"wp:term":[{"taxonomy":"category","embeddable":true,"href":"https:\/\/darkamazi.site\/funavuv\/wp\/v2\/categories?post=1035079"},{"taxonomy":"post_tag","embeddable":true,"href":"https:\/\/darkamazi.site\/funavuv\/wp\/v2\/tags?post=1035079"}],"curies":[{"name":"wp","href":"https:\/\/api.w.org\/{rel}","templated":true}]}}