{"id":1035161,"date":"2025-09-26T15:34:20","date_gmt":"2025-09-26T12:34:20","guid":{"rendered":"https:\/\/darkamazi.site\/?p=1035161"},"modified":"2025-09-26T15:34:20","modified_gmt":"2025-09-26T12:34:20","slug":"pkk-kendini-feshettikten-sonra-140-gunde-156-uyesinin-hayatini-kaybettigini-acikladi","status":"publish","type":"post","link":"https:\/\/darkamazi.site\/archives\/1035161","title":{"rendered":"PKK kendini feshettikten sonra 140 g\u00fcnde 156 \u00fcyesinin hayat\u0131n\u0131 kaybetti\u011fini a\u00e7\u0131klad\u0131\u2026"},"content":{"rendered":"<p style=\"text-align: justify\">Abdullah \u00d6calan 27 \u015eubat g\u00fcn\u00fc bir a\u00e7\u0131klama yaparak PKK\u2019yi feshetti\u011fini duyurdu. \u00a0PKK\u2019de 7 May\u0131s g\u00fcn\u00fc yapt\u0131\u011f\u0131 a\u00e7\u0131klama ile kendini feshetti\u011fini ve silahl\u0131 m\u00fccadeleyi sona erdirdi\u011fini a\u00e7\u0131klad\u0131. \u00a0O tarihten bu yana, bu yaz\u0131 kaleme al\u0131nd\u0131\u011f\u0131nda 140 g\u00fcn ge\u00e7mi\u015fti. Bu 140 g\u00fcn i\u00e7inde b\u00f6lgede ve Ortado\u011fu\u2019da ilgin\u00e7 olaylar ya\u015fand\u0131. Gazze, Ukranya, Ha\u015fdi \u015eabi\u2019nin t\u00f6rer listesine giri\u015fi, artan alt\u0131n fiyatlar\u0131 vb vb konular. Oysa ki ba\u015fka bir konu daha vard\u0131. Tam 156 ailenin evine ate\u015f d\u00fc\u015fm\u00fc\u015ft\u00fc.<\/p>\n<p style=\"text-align: justify\">Nere de mi? K\u00fcrdistan\u2019da<\/p>\n<p style=\"text-align: justify\">Nas\u0131l d\u00fc\u015fm\u00fc\u015f? 156 K\u00fcrt ailenin evine \u00e7ocuklar\u0131n\u0131n \u00f6ld\u00fc\u011f\u00fc haberi d\u00fc\u015fm\u00fc\u015f.<\/p>\n<p style=\"text-align: justify\">Kimdi bu \u00e7ocuklar? PKK\u2019nin y\u0131llard\u0131r \u00f6l\u00fcm\u00fcn\u00fc gizledi\u011fi K\u00fcrt gen\u00e7leri<\/p>\n<p style=\"text-align: justify\">Evet PKK 140 g\u00fcnd\u00fcr kendini feshetmi\u015f durumda.\u00a0 Ve bu 140 g\u00fcnde 156 ki\u015finin HPG saflar\u0131nda hayat\u0131n\u0131 kaybetti\u011fini a\u00e7\u0131klad\u0131. A\u00e7\u0131klanan bu say\u0131ya, Rojava, \u015eengal, Mahmur ve \u00a0PJAK\u2019ta hayat\u0131n\u0131 kaybedenler dahil de\u011fil. \u00a0Ayr\u0131ca Ali Haydar Kaytan, R\u0131za Altun ve Nurettin Sofi gibi \u00fcst d\u00fczey y\u00f6netici isimlerde dahil de\u011fil. Yani asl\u0131nda bu ac\u0131 listenin sadece k\u00fc\u00e7\u00fck bir b\u00f6l\u00fcm\u00fcn\u00fcn bilan\u00e7osu ve \u00a0neredeyse her g\u00fcne bir ki\u015finin hayat\u0131n\u0131 kaybetti\u011fi a\u00e7\u0131klan\u0131yor.<\/p>\n<p style=\"text-align: justify\">HPG\u2019nin 7 May\u0131s-24 Eyl\u00fcl aras\u0131nda yapt\u0131\u011f\u0131 a\u00e7\u0131klamalar\u0131n \u00f6zeti \u015f\u00f6yle:<\/p>\n<p style=\"text-align: justify\">HPG \u00a0140 g\u00fcn de 53 kez hayat\u0131n\u0131 kaybeden sava\u015f\u00e7\u0131lar\u0131na d\u00f6n\u00fck a\u00e7\u0131klama yapt\u0131.<\/p>\n<ul style=\"text-align: justify\">\n<li>A\u00e7\u0131klamalara g\u00f6re Toplam hayat\u0131n\u0131 kaybeden say\u0131s\u0131: 156<\/li>\n<li>Bunlardan 51 tanesi kad\u0131n, 105 tanesi erkek.<\/li>\n<li>Bunlardan 16 tanesi Kuzey\u2019de hayat\u0131n\u0131 kaybetmi\u015f. Geri kalan 140 ki\u015fi ise hep PKK\u2019nin kontrol etti\u011fi G\u00fcney K\u00fcrdistan topraklar\u0131nda hayat\u0131n\u0131 kaybetmi\u015f.<\/li>\n<li>\u0130lan edilenlerden 14\u2019\u00fc ise \u00fcst HPG Komuta Konseyi \u00fcyesi veya ba\u015fka t\u00fcrl\u00fc \u00fcst d\u00fczey y\u00f6neticiler.<\/li>\n<\/ul>\n<p style=\"text-align: justify\">Evet K\u00fcrtler bu 140 g\u00fcn i\u00e7inde \u00e7ok \u015fey tart\u0131\u015ft\u0131 ama bu 156 \u00e7ocu\u011fun \u00f6l\u00fcm\u00fcn\u00fc tart\u0131\u015fmad\u0131.\u00a0 156 ki\u015fi bir a\u011fa\u00e7 kavu\u011fundan veya yer yar\u0131\u011f\u0131ndan \u00e7\u0131km\u0131\u015f gibi ve PKK\u2019nin mal\u0131ym\u0131\u015f gibi kimse \u00e7\u0131k\u0131p neden \u00f6ld\u00fcler, neden \u00f6l\u00fcmleri gizlendi, neden \u015fimdi a\u00e7\u0131klan\u0131yor diye sormad\u0131, sahip \u00e7\u0131kmad\u0131.<\/p>\n<p style=\"text-align: justify\">\n<p style=\"text-align: justify\">PKK\u2019nin \u201c\u00f6ld\u00fcler\u201d dedi\u011fi bu 156 insan\u0131n y\u00fczde 70\u2019i 2023 \u00f6ncesine aitti. Hatta i\u00e7lerinde 2016 ve 2017\u2019de hayat\u0131n\u0131 kaybedenler var. Yani baz\u0131lar\u0131n\u0131n \u00f6l\u00fcm\u00fc 9 y\u0131ld\u0131r gizlenmi\u015f. Neden?<\/p>\n<p style=\"text-align: justify\">Oysa ki T\u00fcrk devleti zaten bu insanlar\u0131 vurdu\u011fu zaman bu insanlar\u0131n isimlerini s\u00f6yl\u00fcyor ve resimlerini yay\u0131nl\u0131yor.<\/p>\n<p style=\"text-align: justify\">\u00d6rnek: T\u00fcrk devleti Rohat Rover\u2019i\u00a0 (Azad Ak\u0131nc\u0131) vurdu\u011funu 2024 y\u0131l\u0131nda s\u00f6yledi.\u00a0 Rohat\u2019\u0131n ad\u0131n\u0131, resmini g\u00f6revini yay\u0131nlad\u0131. Ama PKK ancak bir bu\u00e7uk y\u0131l sonra a\u00e7\u0131klad\u0131\u2026 Neden?<\/p>\n<p style=\"text-align: justify\">\n<p style=\"text-align: justify\">Yine T\u00fcrk devleti Emine Erciyes\u2019in\u00a0 (Nazl\u0131 Ta\u015fp\u0131nar) 2021 tarihinde vuruldu\u011funu yeri ve g\u00f6revi ile beraber a\u00e7\u0131klad\u0131. PKK ise tam 4 y\u0131l sonra yani 2025 y\u0131l\u0131nda kendini fesh ettikten sonra a\u00e7\u0131klad\u0131. \u00a0Ve g\u00fcnlerce Emine Erciyes\u2019e \u00f6vg\u00fcler dizdi.<\/p>\n<p style=\"text-align: justify\">Madem devlet biliyor. PKK\u2019de biliyor. PKK\u2019nin kadrolar\u0131 biliyor. Peki neden \u00f6len gen\u00e7lerin ailelerinden gizleniyor? Neden halktan gizleniyor? PKK, neden kendi kitlesinden gizliyor? \u00a0Hatta ger\u00e7ekten PKK \u00f6len insanlar\u0131n \u00f6l\u00fcm nedenlerini ve yerlerini bile do\u011fru s\u00f6yl\u00fcyor mu, s\u00f6ylemiyor mu bu bile belirsizdir.<\/p>\n<p style=\"text-align: justify\">PKK askeri olarak b\u00fcy\u00fck darbe ald\u0131\u011f\u0131 2017-2024 y\u0131llar\u0131 aras\u0131nda yenilgisini gizlemek i\u00e7in a\u00e7\u0131klam\u0131yordu.<\/p>\n<p style=\"text-align: justify\">\u015eimdi ise Abdullah \u00d6calan\u2019\u0131n K\u00fcrtler i\u00e7in hi\u00e7bir \u015fey istemeden ba\u015flatt\u0131\u011f\u0131 silah b\u0131rakma s\u00fcrecine gelen tepkileri, \u00f6len gen\u00e7lerin bedenleri ile engellemek i\u00e7in neredeyse her g\u00fcn \u00f6len gen\u00e7lerin isimlerini a\u00e7\u0131kl\u0131yor. PKK medyas\u0131na b\u0131kan her g\u00fcn ilk haber HPG\u2019nin \u00f6len gen\u00e7lerle ilgili yapt\u0131\u011f\u0131 bir a\u00e7\u0131klama. Gen\u00e7 ve \u015firin k\u0131zlar\u0131n resimleri, \u00f6lmeden \u00f6nce okuduklar\u0131 \u015fiirler ve \u015fark\u0131larla insanlar\u0131n duygular\u0131na hitap ederek insanlar\u0131 PKK\u2019yi ele\u015ftiremez duruma getirmek istiyor.<\/p>\n<p style=\"text-align: justify\">Bunun ad\u0131 cenaze siyasetidir.<\/p>\n<p style=\"text-align: justify\">Ger\u00e7ek \u015fu: PKK, gen\u00e7leri ya\u015fatmak i\u00e7in de\u011fil, kanlar\u0131 \u00fczerinden siyaset yapmak i\u00e7in kullan\u0131yor. \u00d6len her gen\u00e7, onlar\u0131n g\u00f6z\u00fcnde bir rakamd\u0131r, bir propaganda arac\u0131d\u0131r. Onlar i\u00e7in hayat\u0131n de\u011feri yoktur. Ama o hayat, bir annenin evlad\u0131, bir baban\u0131n umududur. \u0130\u015fte as\u0131l ihanet budur.<\/p>\n<p style=\"text-align: justify\">Her kes kendi \u00e7ocu\u011funa sahip \u00e7\u0131kmal\u0131d\u0131r, aileler gidip \u00e7ocuklar\u0131m\u0131z nerede diye sormal\u0131d\u0131r.<\/p>\n<p style=\"text-align: justify\">PKK\u2019nin daha 1990\u2019lardan ilan etmedi\u011fi ve kaderi bilinmeyen binlerce isim var. Ayr\u0131ca 2013 y\u0131l\u0131ndaki \u015eemdinli hamlesinden g\u00fcn\u00fcm\u00fcze hayat\u0131n\u0131 kaybetmi\u015f binden fazla gencin ismini gizledi\u011fi biliniyor.<\/p>\n<p style=\"text-align: justify\">Her g\u00fcn bir eve ate\u015f d\u00fc\u015f\u00fcrmeye gerek yoktur. Madem ki PKK kendini feshetmi\u015ftir.\u00a0 \u00c7\u0131k\u0131p toplu olarak bir kerede hepsinin ismini a\u00e7\u0131klamal\u0131 ve bu cenaze siyasetini bir yana b\u0131rakmal\u0131d\u0131r.<\/p>\n<p style=\"text-align: justify\">Yoksa biz daha iki y\u0131l sonra bile PKK\u2019nin ilan etti\u011fi isimleri duyuyor olaca\u011f\u0131z.<\/p>\n","protected":false},"excerpt":{"rendered":"<p>Abdullah \u00d6calan 27 \u015eubat g\u00fcn\u00fc bir a\u00e7\u0131klama yaparak PKK\u2019yi feshetti\u011fini duyurdu. \u00a0PKK\u2019de 7 May\u0131s g\u00fcn\u00fc yapt\u0131\u011f\u0131 a\u00e7\u0131klama ile kendini feshetti\u011fini ve silahl\u0131 m\u00fccadeleyi sona erdirdi\u011fini a\u00e7\u0131klad\u0131. \u00a0O tarihten bu yana, bu yaz\u0131 kaleme al\u0131nd\u0131\u011f\u0131nda 140 g\u00fcn ge\u00e7mi\u015fti. Bu 140 g\u00fcn i\u00e7inde b\u00f6lgede ve Ortado\u011fu\u2019da ilgin\u00e7 olaylar ya\u015fand\u0131. Gazze, Ukranya, Ha\u015fdi \u015eabi\u2019nin t\u00f6rer listesine giri\u015fi, artan [&hellip;]<\/p>\n","protected":false},"author":2,"featured_media":1035162,"comment_status":"closed","ping_status":"closed","sticky":false,"template":"","format":"standard","meta":{"footnotes":""},"categories":[39],"tags":[31],"class_list":["post-1035161","post","type-post","status-publish","format-standard","has-post-thumbnail","hentry","category-ozel-dosya","tag-onemli"],"blocksy_meta":[],"seo_head":"<!-- This site is optimized with the Yoast SEO plugin v27.5 - https:\/\/yoast.com\/product\/yoast-seo-wordpress\/ -->\n<title>PKK kendini feshettikten sonra 140 g\u00fcnde 156 \u00fcyesinin hayat\u0131n\u0131 kaybetti\u011fini a\u00e7\u0131klad\u0131\u2026 - Darka Mazi<\/title>\n<meta name=\"robots\" content=\"index, follow, max-snippet:-1, max-image-preview:large, max-video-preview:-1\" \/>\n<link rel=\"canonical\" href=\"https:\/\/darkamazi.site\/archives\/1035161\" \/>\n<meta property=\"og:locale\" content=\"en_US\" \/>\n<meta property=\"og:type\" content=\"article\" \/>\n<meta property=\"og:title\" content=\"PKK kendini feshettikten sonra 140 g\u00fcnde 156 \u00fcyesinin hayat\u0131n\u0131 kaybetti\u011fini a\u00e7\u0131klad\u0131\u2026 - Darka Mazi\" \/>\n<meta property=\"og:description\" content=\"Abdullah \u00d6calan 27 \u015eubat g\u00fcn\u00fc bir a\u00e7\u0131klama yaparak PKK\u2019yi feshetti\u011fini duyurdu. \u00a0PKK\u2019de 7 May\u0131s g\u00fcn\u00fc yapt\u0131\u011f\u0131 a\u00e7\u0131klama ile kendini feshetti\u011fini ve silahl\u0131 m\u00fccadeleyi sona erdirdi\u011fini a\u00e7\u0131klad\u0131. \u00a0O tarihten bu yana, bu yaz\u0131 kaleme al\u0131nd\u0131\u011f\u0131nda 140 g\u00fcn ge\u00e7mi\u015fti. Bu 140 g\u00fcn i\u00e7inde b\u00f6lgede ve Ortado\u011fu\u2019da ilgin\u00e7 olaylar ya\u015fand\u0131. Gazze, Ukranya, Ha\u015fdi \u015eabi\u2019nin t\u00f6rer listesine giri\u015fi, artan [&hellip;]\" \/>\n<meta property=\"og:url\" content=\"https:\/\/darkamazi.site\/archives\/1035161\" \/>\n<meta property=\"og:site_name\" content=\"Darka Mazi\" \/>\n<meta property=\"article:publisher\" content=\"https:\/\/www.facebook.com\/DarkaMaziturkce\" \/>\n<meta property=\"article:published_time\" content=\"2025-09-26T12:34:20+00:00\" \/>\n<meta property=\"og:image\" content=\"https:\/\/darkamazi.site\/file\/2025\/09\/hpg-tr.jpg\" \/>\n\t<meta property=\"og:image:width\" content=\"900\" \/>\n\t<meta property=\"og:image:height\" content=\"497\" \/>\n\t<meta property=\"og:image:type\" content=\"image\/jpeg\" \/>\n<meta name=\"author\" content=\"darka mazi\" \/>\n<meta name=\"twitter:card\" content=\"summary_large_image\" \/>\n<meta name=\"twitter:creator\" content=\"@DarkaMaziTurkce\" \/>\n<meta name=\"twitter:site\" content=\"@DarkaMaziTurkce\" \/>\n<meta name=\"twitter:label1\" content=\"Written by\" \/>\n\t<meta name=\"twitter:data1\" content=\"darka mazi\" \/>\n\t<meta name=\"twitter:label2\" content=\"Est. reading time\" \/>\n\t<meta name=\"twitter:data2\" content=\"3 minutes\" \/>\n<script type=\"application\/ld+json\" class=\"seo-schema-graph\">{\"@context\":\"https:\\\/\\\/schema.org\",\"@graph\":[{\"@type\":\"NewsArticle\",\"@id\":\"https:\\\/\\\/darkamazi.site\\\/archives\\\/1035161#article\",\"isPartOf\":{\"@id\":\"https:\\\/\\\/darkamazi.site\\\/archives\\\/1035161\"},\"author\":{\"name\":\"darka mazi\",\"@id\":\"https:\\\/\\\/darkamazi.site\\\/#\\\/schema\\\/person\\\/67986a95ac546c16760365877ef4a9d3\"},\"headline\":\"PKK kendini feshettikten sonra 140 g\u00fcnde 156 \u00fcyesinin hayat\u0131n\u0131 kaybetti\u011fini a\u00e7\u0131klad\u0131\u2026\",\"datePublished\":\"2025-09-26T12:34:20+00:00\",\"mainEntityOfPage\":{\"@id\":\"https:\\\/\\\/darkamazi.site\\\/archives\\\/1035161\"},\"wordCount\":865,\"publisher\":{\"@id\":\"https:\\\/\\\/darkamazi.site\\\/#organization\"},\"image\":{\"@id\":\"https:\\\/\\\/darkamazi.site\\\/archives\\\/1035161#primaryimage\"},\"thumbnailUrl\":\"https:\\\/\\\/darkamazi.site\\\/darka-content\\\/uploads\\\/2025\\\/09\\\/hpg-tr.jpg\",\"keywords\":[\"\u00f6nemli\"],\"articleSection\":[\"\u00d6zel Dosya\"],\"inLanguage\":\"en-US\"},{\"@type\":\"WebPage\",\"@id\":\"https:\\\/\\\/darkamazi.site\\\/archives\\\/1035161\",\"url\":\"https:\\\/\\\/darkamazi.site\\\/archives\\\/1035161\",\"name\":\"PKK kendini feshettikten sonra 140 g\u00fcnde 156 \u00fcyesinin hayat\u0131n\u0131 kaybetti\u011fini a\u00e7\u0131klad\u0131\u2026 - Darka Mazi\",\"isPartOf\":{\"@id\":\"https:\\\/\\\/darkamazi.site\\\/#website\"},\"primaryImageOfPage\":{\"@id\":\"https:\\\/\\\/darkamazi.site\\\/archives\\\/1035161#primaryimage\"},\"image\":{\"@id\":\"https:\\\/\\\/darkamazi.site\\\/archives\\\/1035161#primaryimage\"},\"thumbnailUrl\":\"https:\\\/\\\/darkamazi.site\\\/darka-content\\\/uploads\\\/2025\\\/09\\\/hpg-tr.jpg\",\"datePublished\":\"2025-09-26T12:34:20+00:00\",\"breadcrumb\":{\"@id\":\"https:\\\/\\\/darkamazi.site\\\/archives\\\/1035161#breadcrumb\"},\"inLanguage\":\"en-US\",\"potentialAction\":[{\"@type\":\"ReadAction\",\"target\":[\"https:\\\/\\\/darkamazi.site\\\/archives\\\/1035161\"]}]},{\"@type\":\"ImageObject\",\"inLanguage\":\"en-US\",\"@id\":\"https:\\\/\\\/darkamazi.site\\\/archives\\\/1035161#primaryimage\",\"url\":\"https:\\\/\\\/darkamazi.site\\\/darka-content\\\/uploads\\\/2025\\\/09\\\/hpg-tr.jpg\",\"contentUrl\":\"https:\\\/\\\/darkamazi.site\\\/darka-content\\\/uploads\\\/2025\\\/09\\\/hpg-tr.jpg\",\"width\":900,\"height\":497,\"caption\":\"PKK kendini feshettikten sonra 140 g\u00fcnde 156 \u00fcyesinin hayat\u0131n\u0131 kaybetti\u011fini a\u00e7\u0131klad\u0131\u2026\"},{\"@type\":\"BreadcrumbList\",\"@id\":\"https:\\\/\\\/darkamazi.site\\\/archives\\\/1035161#breadcrumb\",\"itemListElement\":[{\"@type\":\"ListItem\",\"position\":1,\"name\":\"Home\",\"item\":\"https:\\\/\\\/darkamazi.site\\\/\"},{\"@type\":\"ListItem\",\"position\":2,\"name\":\"PKK kendini feshettikten sonra 140 g\u00fcnde 156 \u00fcyesinin hayat\u0131n\u0131 kaybetti\u011fini a\u00e7\u0131klad\u0131\u2026\"}]},{\"@type\":\"WebSite\",\"@id\":\"https:\\\/\\\/darkamazi.site\\\/#website\",\"url\":\"https:\\\/\\\/darkamazi.site\\\/\",\"name\":\"Darka Mazi\",\"description\":\"Ana Sayfa\",\"publisher\":{\"@id\":\"https:\\\/\\\/darkamazi.site\\\/#organization\"},\"potentialAction\":[{\"@type\":\"SearchAction\",\"target\":{\"@type\":\"EntryPoint\",\"urlTemplate\":\"https:\\\/\\\/darkamazi.site\\\/?s={search_term_string}\"},\"query-input\":{\"@type\":\"PropertyValueSpecification\",\"valueRequired\":true,\"valueName\":\"search_term_string\"}}],\"inLanguage\":\"en-US\"},{\"@type\":\"Organization\",\"@id\":\"https:\\\/\\\/darkamazi.site\\\/#organization\",\"name\":\"Darka Mazi T\u00fcrk\u00e7e\",\"alternateName\":\"Darka Mazi\",\"url\":\"https:\\\/\\\/darkamazi.site\\\/\",\"logo\":{\"@type\":\"ImageObject\",\"inLanguage\":\"en-US\",\"@id\":\"https:\\\/\\\/darkamazi.site\\\/#\\\/schema\\\/logo\\\/image\\\/\",\"url\":\"https:\\\/\\\/darkamazi.site\\\/darka-content\\\/uploads\\\/2017\\\/12\\\/darka-mazi-logo.png\",\"contentUrl\":\"https:\\\/\\\/darkamazi.site\\\/darka-content\\\/uploads\\\/2017\\\/12\\\/darka-mazi-logo.png\",\"width\":151,\"height\":75,\"caption\":\"Darka Mazi T\u00fcrk\u00e7e\"},\"image\":{\"@id\":\"https:\\\/\\\/darkamazi.site\\\/#\\\/schema\\\/logo\\\/image\\\/\"},\"sameAs\":[\"https:\\\/\\\/www.facebook.com\\\/DarkaMaziturkce\",\"https:\\\/\\\/x.com\\\/DarkaMaziTurkce\"]},{\"@type\":\"Person\",\"@id\":\"https:\\\/\\\/darkamazi.site\\\/#\\\/schema\\\/person\\\/67986a95ac546c16760365877ef4a9d3\",\"name\":\"darka mazi\",\"sameAs\":[\"https:\\\/\\\/darkamazi.site\"],\"url\":\"https:\\\/\\\/darkamazi.site\\\/archives\\\/author\\\/turkish\"}]}<\/script>\n<!-- \/ Yoast SEO plugin. -->","seo_head_json":{"title":"PKK kendini feshettikten sonra 140 g\u00fcnde 156 \u00fcyesinin hayat\u0131n\u0131 kaybetti\u011fini a\u00e7\u0131klad\u0131\u2026 - Darka Mazi","robots":{"index":"index","follow":"follow","max-snippet":"max-snippet:-1","max-image-preview":"max-image-preview:large","max-video-preview":"max-video-preview:-1"},"canonical":"https:\/\/darkamazi.site\/archives\/1035161","og_locale":"en_US","og_type":"article","og_title":"PKK kendini feshettikten sonra 140 g\u00fcnde 156 \u00fcyesinin hayat\u0131n\u0131 kaybetti\u011fini a\u00e7\u0131klad\u0131\u2026 - Darka Mazi","og_description":"Abdullah \u00d6calan 27 \u015eubat g\u00fcn\u00fc bir a\u00e7\u0131klama yaparak PKK\u2019yi feshetti\u011fini duyurdu. \u00a0PKK\u2019de 7 May\u0131s g\u00fcn\u00fc yapt\u0131\u011f\u0131 a\u00e7\u0131klama ile kendini feshetti\u011fini ve silahl\u0131 m\u00fccadeleyi sona erdirdi\u011fini a\u00e7\u0131klad\u0131. \u00a0O tarihten bu yana, bu yaz\u0131 kaleme al\u0131nd\u0131\u011f\u0131nda 140 g\u00fcn ge\u00e7mi\u015fti. Bu 140 g\u00fcn i\u00e7inde b\u00f6lgede ve Ortado\u011fu\u2019da ilgin\u00e7 olaylar ya\u015fand\u0131. Gazze, Ukranya, Ha\u015fdi \u015eabi\u2019nin t\u00f6rer listesine giri\u015fi, artan [&hellip;]","og_url":"https:\/\/darkamazi.site\/archives\/1035161","og_site_name":"Darka Mazi","article_publisher":"https:\/\/www.facebook.com\/DarkaMaziturkce","article_published_time":"2025-09-26T12:34:20+00:00","og_image":[{"width":900,"height":497,"url":"https:\/\/darkamazi.site\/file\/2025\/09\/hpg-tr.jpg","type":"image\/jpeg"}],"author":"darka mazi","twitter_card":"summary_large_image","twitter_creator":"@DarkaMaziTurkce","twitter_site":"@DarkaMaziTurkce","twitter_misc":{"Written by":"darka mazi","Est. reading time":"3 minutes"},"schema":{"@context":"https:\/\/schema.org","@graph":[{"@type":"NewsArticle","@id":"https:\/\/darkamazi.site\/archives\/1035161#article","isPartOf":{"@id":"https:\/\/darkamazi.site\/archives\/1035161"},"author":{"name":"darka mazi","@id":"https:\/\/darkamazi.site\/#\/schema\/person\/67986a95ac546c16760365877ef4a9d3"},"headline":"PKK kendini feshettikten sonra 140 g\u00fcnde 156 \u00fcyesinin hayat\u0131n\u0131 kaybetti\u011fini a\u00e7\u0131klad\u0131\u2026","datePublished":"2025-09-26T12:34:20+00:00","mainEntityOfPage":{"@id":"https:\/\/darkamazi.site\/archives\/1035161"},"wordCount":865,"publisher":{"@id":"https:\/\/darkamazi.site\/#organization"},"image":{"@id":"https:\/\/darkamazi.site\/archives\/1035161#primaryimage"},"thumbnailUrl":"https:\/\/darkamazi.site\/file\/2025\/09\/hpg-tr.jpg","keywords":["\u00f6nemli"],"articleSection":["\u00d6zel Dosya"],"inLanguage":"en-US"},{"@type":"WebPage","@id":"https:\/\/darkamazi.site\/archives\/1035161","url":"https:\/\/darkamazi.site\/archives\/1035161","name":"PKK kendini feshettikten sonra 140 g\u00fcnde 156 \u00fcyesinin hayat\u0131n\u0131 kaybetti\u011fini a\u00e7\u0131klad\u0131\u2026 - Darka Mazi","isPartOf":{"@id":"https:\/\/darkamazi.site\/#website"},"primaryImageOfPage":{"@id":"https:\/\/darkamazi.site\/archives\/1035161#primaryimage"},"image":{"@id":"https:\/\/darkamazi.site\/archives\/1035161#primaryimage"},"thumbnailUrl":"https:\/\/darkamazi.site\/file\/2025\/09\/hpg-tr.jpg","datePublished":"2025-09-26T12:34:20+00:00","breadcrumb":{"@id":"https:\/\/darkamazi.site\/archives\/1035161#breadcrumb"},"inLanguage":"en-US","potentialAction":[{"@type":"ReadAction","target":["https:\/\/darkamazi.site\/archives\/1035161"]}]},{"@type":"ImageObject","inLanguage":"en-US","@id":"https:\/\/darkamazi.site\/archives\/1035161#primaryimage","url":"https:\/\/darkamazi.site\/file\/2025\/09\/hpg-tr.jpg","contentUrl":"https:\/\/darkamazi.site\/file\/2025\/09\/hpg-tr.jpg","width":900,"height":497,"caption":"PKK kendini feshettikten sonra 140 g\u00fcnde 156 \u00fcyesinin hayat\u0131n\u0131 kaybetti\u011fini a\u00e7\u0131klad\u0131\u2026"},{"@type":"BreadcrumbList","@id":"https:\/\/darkamazi.site\/archives\/1035161#breadcrumb","itemListElement":[{"@type":"ListItem","position":1,"name":"Home","item":"https:\/\/darkamazi.site\/"},{"@type":"ListItem","position":2,"name":"PKK kendini feshettikten sonra 140 g\u00fcnde 156 \u00fcyesinin hayat\u0131n\u0131 kaybetti\u011fini a\u00e7\u0131klad\u0131\u2026"}]},{"@type":"WebSite","@id":"https:\/\/darkamazi.site\/#website","url":"https:\/\/darkamazi.site\/","name":"Darka Mazi","description":"Ana Sayfa","publisher":{"@id":"https:\/\/darkamazi.site\/#organization"},"potentialAction":[{"@type":"SearchAction","target":{"@type":"EntryPoint","urlTemplate":"https:\/\/darkamazi.site\/?s={search_term_string}"},"query-input":{"@type":"PropertyValueSpecification","valueRequired":true,"valueName":"search_term_string"}}],"inLanguage":"en-US"},{"@type":"Organization","@id":"https:\/\/darkamazi.site\/#organization","name":"Darka Mazi T\u00fcrk\u00e7e","alternateName":"Darka Mazi","url":"https:\/\/darkamazi.site\/","logo":{"@type":"ImageObject","inLanguage":"en-US","@id":"https:\/\/darkamazi.site\/#\/schema\/logo\/image\/","url":"https:\/\/darkamazi.site\/file\/2017\/12\/darka-mazi-logo.png","contentUrl":"https:\/\/darkamazi.site\/file\/2017\/12\/darka-mazi-logo.png","width":151,"height":75,"caption":"Darka Mazi T\u00fcrk\u00e7e"},"image":{"@id":"https:\/\/darkamazi.site\/#\/schema\/logo\/image\/"},"sameAs":["https:\/\/www.facebook.com\/DarkaMaziturkce","https:\/\/x.com\/DarkaMaziTurkce"]},{"@type":"Person","@id":"https:\/\/darkamazi.site\/#\/schema\/person\/67986a95ac546c16760365877ef4a9d3","name":"darka mazi","sameAs":["https:\/\/darkamazi.site"],"url":"https:\/\/darkamazi.site\/archives\/author\/turkish"}]}},"_links":{"self":[{"href":"https:\/\/darkamazi.site\/funavuv\/wp\/v2\/posts\/1035161","targetHints":{"allow":["GET"]}}],"collection":[{"href":"https:\/\/darkamazi.site\/funavuv\/wp\/v2\/posts"}],"about":[{"href":"https:\/\/darkamazi.site\/funavuv\/wp\/v2\/types\/post"}],"author":[{"embeddable":true,"href":"https:\/\/darkamazi.site\/funavuv\/wp\/v2\/users\/2"}],"replies":[{"embeddable":true,"href":"https:\/\/darkamazi.site\/funavuv\/wp\/v2\/comments?post=1035161"}],"version-history":[{"count":0,"href":"https:\/\/darkamazi.site\/funavuv\/wp\/v2\/posts\/1035161\/revisions"}],"wp:featuredmedia":[{"embeddable":true,"href":"https:\/\/darkamazi.site\/funavuv\/wp\/v2\/media\/1035162"}],"wp:attachment":[{"href":"https:\/\/darkamazi.site\/funavuv\/wp\/v2\/media?parent=1035161"}],"wp:term":[{"taxonomy":"category","embeddable":true,"href":"https:\/\/darkamazi.site\/funavuv\/wp\/v2\/categories?post=1035161"},{"taxonomy":"post_tag","embeddable":true,"href":"https:\/\/darkamazi.site\/funavuv\/wp\/v2\/tags?post=1035161"}],"curies":[{"name":"wp","href":"https:\/\/api.w.org\/{rel}","templated":true}]}}