{"id":1035178,"date":"2025-09-27T14:12:38","date_gmt":"2025-09-27T11:12:38","guid":{"rendered":"https:\/\/darkamazi.site\/?p=1035178"},"modified":"2025-09-27T14:12:38","modified_gmt":"2025-09-27T11:12:38","slug":"elkus-muzesinde-hristiyan-toplumuna-ait-2250-parca-eser-korunuyor","status":"publish","type":"post","link":"https:\/\/darkamazi.site\/archives\/1035178","title":{"rendered":"Elku\u015f m\u00fczesinde Hristiyan toplumuna ait 2250 par\u00e7a eser korunuyor"},"content":{"rendered":"<p style=\"text-align: justify\">Hristiyanlar\u0131n ya\u015fad\u0131\u011f\u0131 Elku\u015f \u015fehrindeki kilise Hristiyan toplumuna ait y\u00fczelerce tarihi eseri koruyor.<\/p>\n<p style=\"text-align: justify\">Ninova ovas\u0131nda yer alan ve Tilkeyf il\u00e7esine ba\u011fl\u0131 Elku\u015f kasabas\u0131 b\u00f6lgedeki Hristiyan ve Asuri toplumlar\u0131 i\u00e7in \u00f6nemli bir kasaba. N\u00fcfusun tamam\u0131 Hristiyanlardan olu\u015fuyor. \u00a0Resmi olarak Musul\u2019a ba\u011fl\u0131 olsa da tart\u0131\u015fmal\u0131 140. B\u00f6lge kapsam\u0131nda bulunan Elku\u015f kasabas\u0131 K\u00fcrdistan b\u00f6lgesi taraf\u0131ndan ekonomik, siyasi ve sosyal a\u00e7\u0131dan destekleniyor ve Pe\u015fmerge g\u00fc\u00e7leri taraf\u0131ndan korunuyor.\u00a0 Resmi olarak da K\u00fcrdistan b\u00f6lgesine ba\u011flanmak isteyen Elku\u015f halk\u0131 dinlerini ya\u015fama ve k\u00fclt\u00fcr\u00fclerini koruma konusunda K\u00fcrdistan B\u00f6lgesi\u2019nin b\u00fcy\u00fck deste\u011fini g\u00f6rd\u00fcklerini belirtiyorlar.<\/p>\n<p style=\"text-align: justify\">Elku\u015f b\u00f6lgesindeki Hristiyanlar, bir\u00e7ok hastal\u0131k ve s\u00fcrg\u00fcnden sonra atalar\u0131n\u0131n k\u00fclt\u00fcrel eserlerini koruyup Elku\u015f K\u00fclt\u00fcr M\u00fczesi adl\u0131 bir m\u00fczede toplamay\u0131 ba\u015fard\u0131lar. Ninova Ovas\u0131&#8217;ndan 2.250&#8217;den fazla antik Hristiyan k\u00fclt\u00fcr\u00fc eseri korundu.<\/p>\n<p style=\"text-align: justify\">Musul ilinin Telkif il\u00e7esindeki El-Ku\u015f M\u00fczesi&#8217;nin sahibi Joseph El-Ku\u015fi konuya ili\u015fkin yapt\u0131\u011f\u0131 a\u00e7\u0131klamada, \u201cm\u00fczemiz atalar\u0131m\u0131z\u0131n g\u00fcnl\u00fck ya\u015famlar\u0131nda kulland\u0131klar\u0131 k\u00fclt\u00fcrel eserleri toplamak amac\u0131yla 2013 y\u0131l\u0131nda a\u00e7\u0131ld\u0131. \u00a0Bir grup olu\u015fturduk ve ara\u015ft\u0131rmaya ve eserleri toplamaya ba\u015flad\u0131k\u201d dedi.<\/p>\n<p style=\"text-align: justify\">El-Ku\u015fi a\u00e7\u0131klamas\u0131nda &#8220;Bir y\u0131ldan fazla bir s\u00fcrer ev ev dola\u015ft\u0131k ve bazen halk bize eski eserleri getirdi. 2014 y\u0131l\u0131na kadar 2.250 Hristiyan k\u00fclt\u00fcr\u00fc eserini toplad\u0131k ve bunlar\u0131 El-Ku\u015f K\u00fclt\u00fcr M\u00fczesi adl\u0131 bir m\u00fczede toplad\u0131k. Irak h\u00fck\u00fcmeti bize hi\u00e7bir destek vermedi\u201d dedi.<\/p>\n<p style=\"text-align: justify\">M\u00fczede \u015fu anda korunan en eski antika eserin d\u0131\u015f\u0131nda ayr\u0131ca, arkeologlardan olu\u015fan bir ekip taraf\u0131ndan Yahudi peygamberi Nahum&#8217;un t\u00fcrbesinin yenilenmesi s\u0131ras\u0131nda ke\u015ffedilen 1.100 y\u0131ll\u0131k bir su deposu da bulundu.<\/p>\n<p style=\"text-align: justify\">Elku\u015f halk\u0131 I\u015e\u0130D sald\u0131r\u0131lar\u0131nda Duhok iline do\u011fru g\u00f6\u00e7 etti. B\u00f6lge Pe\u015fmerge g\u00fc\u00e7leri taraf\u0131ndan kontrol edildikten sonra da alanlar\u0131na geri d\u00f6nd\u00fcler.<\/p>\n","protected":false},"excerpt":{"rendered":"<p>Hristiyanlar\u0131n ya\u015fad\u0131\u011f\u0131 Elku\u015f \u015fehrindeki kilise Hristiyan toplumuna ait y\u00fczelerce tarihi eseri koruyor. Ninova ovas\u0131nda yer alan ve Tilkeyf il\u00e7esine ba\u011fl\u0131 Elku\u015f kasabas\u0131 b\u00f6lgedeki Hristiyan ve Asuri toplumlar\u0131 i\u00e7in \u00f6nemli bir kasaba. N\u00fcfusun tamam\u0131 Hristiyanlardan olu\u015fuyor. \u00a0Resmi olarak Musul\u2019a ba\u011fl\u0131 olsa da tart\u0131\u015fmal\u0131 140. B\u00f6lge kapsam\u0131nda bulunan Elku\u015f kasabas\u0131 K\u00fcrdistan b\u00f6lgesi taraf\u0131ndan ekonomik, siyasi ve sosyal [&hellip;]<\/p>\n","protected":false},"author":2,"featured_media":1035179,"comment_status":"closed","ping_status":"closed","sticky":false,"template":"","format":"standard","meta":{"footnotes":""},"categories":[4],"tags":[],"class_list":["post-1035178","post","type-post","status-publish","format-standard","has-post-thumbnail","hentry","category-yasamdan"],"blocksy_meta":[],"seo_head":"<!-- This site is optimized with the Yoast SEO plugin v27.5 - https:\/\/yoast.com\/product\/yoast-seo-wordpress\/ -->\n<title>Elku\u015f m\u00fczesinde Hristiyan toplumuna ait 2250 par\u00e7a eser korunuyor - Darka Mazi<\/title>\n<meta name=\"robots\" content=\"index, follow, max-snippet:-1, max-image-preview:large, max-video-preview:-1\" \/>\n<link rel=\"canonical\" href=\"https:\/\/darkamazi.site\/archives\/1035178\" \/>\n<meta property=\"og:locale\" content=\"en_US\" \/>\n<meta property=\"og:type\" content=\"article\" \/>\n<meta property=\"og:title\" content=\"Elku\u015f m\u00fczesinde Hristiyan toplumuna ait 2250 par\u00e7a eser korunuyor - Darka Mazi\" \/>\n<meta property=\"og:description\" content=\"Hristiyanlar\u0131n ya\u015fad\u0131\u011f\u0131 Elku\u015f \u015fehrindeki kilise Hristiyan toplumuna ait y\u00fczelerce tarihi eseri koruyor. Ninova ovas\u0131nda yer alan ve Tilkeyf il\u00e7esine ba\u011fl\u0131 Elku\u015f kasabas\u0131 b\u00f6lgedeki Hristiyan ve Asuri toplumlar\u0131 i\u00e7in \u00f6nemli bir kasaba. N\u00fcfusun tamam\u0131 Hristiyanlardan olu\u015fuyor. \u00a0Resmi olarak Musul\u2019a ba\u011fl\u0131 olsa da tart\u0131\u015fmal\u0131 140. B\u00f6lge kapsam\u0131nda bulunan Elku\u015f kasabas\u0131 K\u00fcrdistan b\u00f6lgesi taraf\u0131ndan ekonomik, siyasi ve sosyal [&hellip;]\" \/>\n<meta property=\"og:url\" content=\"https:\/\/darkamazi.site\/archives\/1035178\" \/>\n<meta property=\"og:site_name\" content=\"Darka Mazi\" \/>\n<meta property=\"article:publisher\" content=\"https:\/\/www.facebook.com\/DarkaMaziturkce\" \/>\n<meta property=\"article:published_time\" content=\"2025-09-27T11:12:38+00:00\" \/>\n<meta property=\"og:image\" content=\"https:\/\/darkamazi.site\/file\/2025\/09\/muze.jpg\" \/>\n\t<meta property=\"og:image:width\" content=\"1200\" \/>\n\t<meta property=\"og:image:height\" content=\"801\" \/>\n\t<meta property=\"og:image:type\" content=\"image\/jpeg\" \/>\n<meta name=\"author\" content=\"darka mazi\" \/>\n<meta name=\"twitter:card\" content=\"summary_large_image\" \/>\n<meta name=\"twitter:creator\" content=\"@DarkaMaziTurkce\" \/>\n<meta name=\"twitter:site\" content=\"@DarkaMaziTurkce\" \/>\n<meta name=\"twitter:label1\" content=\"Written by\" \/>\n\t<meta name=\"twitter:data1\" content=\"darka mazi\" \/>\n\t<meta name=\"twitter:label2\" content=\"Est. reading time\" \/>\n\t<meta name=\"twitter:data2\" content=\"2 minutes\" \/>\n<script type=\"application\/ld+json\" class=\"seo-schema-graph\">{\"@context\":\"https:\\\/\\\/schema.org\",\"@graph\":[{\"@type\":\"NewsArticle\",\"@id\":\"https:\\\/\\\/darkamazi.site\\\/archives\\\/1035178#article\",\"isPartOf\":{\"@id\":\"https:\\\/\\\/darkamazi.site\\\/archives\\\/1035178\"},\"author\":{\"name\":\"darka mazi\",\"@id\":\"https:\\\/\\\/darkamazi.site\\\/#\\\/schema\\\/person\\\/67986a95ac546c16760365877ef4a9d3\"},\"headline\":\"Elku\u015f m\u00fczesinde Hristiyan toplumuna ait 2250 par\u00e7a eser korunuyor\",\"datePublished\":\"2025-09-27T11:12:38+00:00\",\"mainEntityOfPage\":{\"@id\":\"https:\\\/\\\/darkamazi.site\\\/archives\\\/1035178\"},\"wordCount\":367,\"publisher\":{\"@id\":\"https:\\\/\\\/darkamazi.site\\\/#organization\"},\"image\":{\"@id\":\"https:\\\/\\\/darkamazi.site\\\/archives\\\/1035178#primaryimage\"},\"thumbnailUrl\":\"https:\\\/\\\/darkamazi.site\\\/darka-content\\\/uploads\\\/2025\\\/09\\\/muze.jpg\",\"articleSection\":[\"ya\u015famdan\"],\"inLanguage\":\"en-US\"},{\"@type\":\"WebPage\",\"@id\":\"https:\\\/\\\/darkamazi.site\\\/archives\\\/1035178\",\"url\":\"https:\\\/\\\/darkamazi.site\\\/archives\\\/1035178\",\"name\":\"Elku\u015f m\u00fczesinde Hristiyan toplumuna ait 2250 par\u00e7a eser korunuyor - Darka Mazi\",\"isPartOf\":{\"@id\":\"https:\\\/\\\/darkamazi.site\\\/#website\"},\"primaryImageOfPage\":{\"@id\":\"https:\\\/\\\/darkamazi.site\\\/archives\\\/1035178#primaryimage\"},\"image\":{\"@id\":\"https:\\\/\\\/darkamazi.site\\\/archives\\\/1035178#primaryimage\"},\"thumbnailUrl\":\"https:\\\/\\\/darkamazi.site\\\/darka-content\\\/uploads\\\/2025\\\/09\\\/muze.jpg\",\"datePublished\":\"2025-09-27T11:12:38+00:00\",\"breadcrumb\":{\"@id\":\"https:\\\/\\\/darkamazi.site\\\/archives\\\/1035178#breadcrumb\"},\"inLanguage\":\"en-US\",\"potentialAction\":[{\"@type\":\"ReadAction\",\"target\":[\"https:\\\/\\\/darkamazi.site\\\/archives\\\/1035178\"]}]},{\"@type\":\"ImageObject\",\"inLanguage\":\"en-US\",\"@id\":\"https:\\\/\\\/darkamazi.site\\\/archives\\\/1035178#primaryimage\",\"url\":\"https:\\\/\\\/darkamazi.site\\\/darka-content\\\/uploads\\\/2025\\\/09\\\/muze.jpg\",\"contentUrl\":\"https:\\\/\\\/darkamazi.site\\\/darka-content\\\/uploads\\\/2025\\\/09\\\/muze.jpg\",\"width\":1200,\"height\":801,\"caption\":\"Elku\u015f m\u00fczesinde Hristiyan toplumuna ait 2250 par\u00e7a eser korunuyor\"},{\"@type\":\"BreadcrumbList\",\"@id\":\"https:\\\/\\\/darkamazi.site\\\/archives\\\/1035178#breadcrumb\",\"itemListElement\":[{\"@type\":\"ListItem\",\"position\":1,\"name\":\"Home\",\"item\":\"https:\\\/\\\/darkamazi.site\\\/\"},{\"@type\":\"ListItem\",\"position\":2,\"name\":\"Elku\u015f m\u00fczesinde Hristiyan toplumuna ait 2250 par\u00e7a eser korunuyor\"}]},{\"@type\":\"WebSite\",\"@id\":\"https:\\\/\\\/darkamazi.site\\\/#website\",\"url\":\"https:\\\/\\\/darkamazi.site\\\/\",\"name\":\"Darka Mazi\",\"description\":\"Ana Sayfa\",\"publisher\":{\"@id\":\"https:\\\/\\\/darkamazi.site\\\/#organization\"},\"potentialAction\":[{\"@type\":\"SearchAction\",\"target\":{\"@type\":\"EntryPoint\",\"urlTemplate\":\"https:\\\/\\\/darkamazi.site\\\/?s={search_term_string}\"},\"query-input\":{\"@type\":\"PropertyValueSpecification\",\"valueRequired\":true,\"valueName\":\"search_term_string\"}}],\"inLanguage\":\"en-US\"},{\"@type\":\"Organization\",\"@id\":\"https:\\\/\\\/darkamazi.site\\\/#organization\",\"name\":\"Darka Mazi T\u00fcrk\u00e7e\",\"alternateName\":\"Darka Mazi\",\"url\":\"https:\\\/\\\/darkamazi.site\\\/\",\"logo\":{\"@type\":\"ImageObject\",\"inLanguage\":\"en-US\",\"@id\":\"https:\\\/\\\/darkamazi.site\\\/#\\\/schema\\\/logo\\\/image\\\/\",\"url\":\"https:\\\/\\\/darkamazi.site\\\/darka-content\\\/uploads\\\/2017\\\/12\\\/darka-mazi-logo.png\",\"contentUrl\":\"https:\\\/\\\/darkamazi.site\\\/darka-content\\\/uploads\\\/2017\\\/12\\\/darka-mazi-logo.png\",\"width\":151,\"height\":75,\"caption\":\"Darka Mazi T\u00fcrk\u00e7e\"},\"image\":{\"@id\":\"https:\\\/\\\/darkamazi.site\\\/#\\\/schema\\\/logo\\\/image\\\/\"},\"sameAs\":[\"https:\\\/\\\/www.facebook.com\\\/DarkaMaziturkce\",\"https:\\\/\\\/x.com\\\/DarkaMaziTurkce\"]},{\"@type\":\"Person\",\"@id\":\"https:\\\/\\\/darkamazi.site\\\/#\\\/schema\\\/person\\\/67986a95ac546c16760365877ef4a9d3\",\"name\":\"darka mazi\",\"sameAs\":[\"https:\\\/\\\/darkamazi.site\"],\"url\":\"https:\\\/\\\/darkamazi.site\\\/archives\\\/author\\\/turkish\"}]}<\/script>\n<!-- \/ Yoast SEO plugin. -->","seo_head_json":{"title":"Elku\u015f m\u00fczesinde Hristiyan toplumuna ait 2250 par\u00e7a eser korunuyor - Darka Mazi","robots":{"index":"index","follow":"follow","max-snippet":"max-snippet:-1","max-image-preview":"max-image-preview:large","max-video-preview":"max-video-preview:-1"},"canonical":"https:\/\/darkamazi.site\/archives\/1035178","og_locale":"en_US","og_type":"article","og_title":"Elku\u015f m\u00fczesinde Hristiyan toplumuna ait 2250 par\u00e7a eser korunuyor - Darka Mazi","og_description":"Hristiyanlar\u0131n ya\u015fad\u0131\u011f\u0131 Elku\u015f \u015fehrindeki kilise Hristiyan toplumuna ait y\u00fczelerce tarihi eseri koruyor. Ninova ovas\u0131nda yer alan ve Tilkeyf il\u00e7esine ba\u011fl\u0131 Elku\u015f kasabas\u0131 b\u00f6lgedeki Hristiyan ve Asuri toplumlar\u0131 i\u00e7in \u00f6nemli bir kasaba. N\u00fcfusun tamam\u0131 Hristiyanlardan olu\u015fuyor. \u00a0Resmi olarak Musul\u2019a ba\u011fl\u0131 olsa da tart\u0131\u015fmal\u0131 140. B\u00f6lge kapsam\u0131nda bulunan Elku\u015f kasabas\u0131 K\u00fcrdistan b\u00f6lgesi taraf\u0131ndan ekonomik, siyasi ve sosyal [&hellip;]","og_url":"https:\/\/darkamazi.site\/archives\/1035178","og_site_name":"Darka Mazi","article_publisher":"https:\/\/www.facebook.com\/DarkaMaziturkce","article_published_time":"2025-09-27T11:12:38+00:00","og_image":[{"width":1200,"height":801,"url":"https:\/\/darkamazi.site\/file\/2025\/09\/muze.jpg","type":"image\/jpeg"}],"author":"darka mazi","twitter_card":"summary_large_image","twitter_creator":"@DarkaMaziTurkce","twitter_site":"@DarkaMaziTurkce","twitter_misc":{"Written by":"darka mazi","Est. reading time":"2 minutes"},"schema":{"@context":"https:\/\/schema.org","@graph":[{"@type":"NewsArticle","@id":"https:\/\/darkamazi.site\/archives\/1035178#article","isPartOf":{"@id":"https:\/\/darkamazi.site\/archives\/1035178"},"author":{"name":"darka mazi","@id":"https:\/\/darkamazi.site\/#\/schema\/person\/67986a95ac546c16760365877ef4a9d3"},"headline":"Elku\u015f m\u00fczesinde Hristiyan toplumuna ait 2250 par\u00e7a eser korunuyor","datePublished":"2025-09-27T11:12:38+00:00","mainEntityOfPage":{"@id":"https:\/\/darkamazi.site\/archives\/1035178"},"wordCount":367,"publisher":{"@id":"https:\/\/darkamazi.site\/#organization"},"image":{"@id":"https:\/\/darkamazi.site\/archives\/1035178#primaryimage"},"thumbnailUrl":"https:\/\/darkamazi.site\/file\/2025\/09\/muze.jpg","articleSection":["ya\u015famdan"],"inLanguage":"en-US"},{"@type":"WebPage","@id":"https:\/\/darkamazi.site\/archives\/1035178","url":"https:\/\/darkamazi.site\/archives\/1035178","name":"Elku\u015f m\u00fczesinde Hristiyan toplumuna ait 2250 par\u00e7a eser korunuyor - Darka Mazi","isPartOf":{"@id":"https:\/\/darkamazi.site\/#website"},"primaryImageOfPage":{"@id":"https:\/\/darkamazi.site\/archives\/1035178#primaryimage"},"image":{"@id":"https:\/\/darkamazi.site\/archives\/1035178#primaryimage"},"thumbnailUrl":"https:\/\/darkamazi.site\/file\/2025\/09\/muze.jpg","datePublished":"2025-09-27T11:12:38+00:00","breadcrumb":{"@id":"https:\/\/darkamazi.site\/archives\/1035178#breadcrumb"},"inLanguage":"en-US","potentialAction":[{"@type":"ReadAction","target":["https:\/\/darkamazi.site\/archives\/1035178"]}]},{"@type":"ImageObject","inLanguage":"en-US","@id":"https:\/\/darkamazi.site\/archives\/1035178#primaryimage","url":"https:\/\/darkamazi.site\/file\/2025\/09\/muze.jpg","contentUrl":"https:\/\/darkamazi.site\/file\/2025\/09\/muze.jpg","width":1200,"height":801,"caption":"Elku\u015f m\u00fczesinde Hristiyan toplumuna ait 2250 par\u00e7a eser korunuyor"},{"@type":"BreadcrumbList","@id":"https:\/\/darkamazi.site\/archives\/1035178#breadcrumb","itemListElement":[{"@type":"ListItem","position":1,"name":"Home","item":"https:\/\/darkamazi.site\/"},{"@type":"ListItem","position":2,"name":"Elku\u015f m\u00fczesinde Hristiyan toplumuna ait 2250 par\u00e7a eser korunuyor"}]},{"@type":"WebSite","@id":"https:\/\/darkamazi.site\/#website","url":"https:\/\/darkamazi.site\/","name":"Darka Mazi","description":"Ana Sayfa","publisher":{"@id":"https:\/\/darkamazi.site\/#organization"},"potentialAction":[{"@type":"SearchAction","target":{"@type":"EntryPoint","urlTemplate":"https:\/\/darkamazi.site\/?s={search_term_string}"},"query-input":{"@type":"PropertyValueSpecification","valueRequired":true,"valueName":"search_term_string"}}],"inLanguage":"en-US"},{"@type":"Organization","@id":"https:\/\/darkamazi.site\/#organization","name":"Darka Mazi T\u00fcrk\u00e7e","alternateName":"Darka Mazi","url":"https:\/\/darkamazi.site\/","logo":{"@type":"ImageObject","inLanguage":"en-US","@id":"https:\/\/darkamazi.site\/#\/schema\/logo\/image\/","url":"https:\/\/darkamazi.site\/file\/2017\/12\/darka-mazi-logo.png","contentUrl":"https:\/\/darkamazi.site\/file\/2017\/12\/darka-mazi-logo.png","width":151,"height":75,"caption":"Darka Mazi T\u00fcrk\u00e7e"},"image":{"@id":"https:\/\/darkamazi.site\/#\/schema\/logo\/image\/"},"sameAs":["https:\/\/www.facebook.com\/DarkaMaziturkce","https:\/\/x.com\/DarkaMaziTurkce"]},{"@type":"Person","@id":"https:\/\/darkamazi.site\/#\/schema\/person\/67986a95ac546c16760365877ef4a9d3","name":"darka mazi","sameAs":["https:\/\/darkamazi.site"],"url":"https:\/\/darkamazi.site\/archives\/author\/turkish"}]}},"_links":{"self":[{"href":"https:\/\/darkamazi.site\/funavuv\/wp\/v2\/posts\/1035178","targetHints":{"allow":["GET"]}}],"collection":[{"href":"https:\/\/darkamazi.site\/funavuv\/wp\/v2\/posts"}],"about":[{"href":"https:\/\/darkamazi.site\/funavuv\/wp\/v2\/types\/post"}],"author":[{"embeddable":true,"href":"https:\/\/darkamazi.site\/funavuv\/wp\/v2\/users\/2"}],"replies":[{"embeddable":true,"href":"https:\/\/darkamazi.site\/funavuv\/wp\/v2\/comments?post=1035178"}],"version-history":[{"count":0,"href":"https:\/\/darkamazi.site\/funavuv\/wp\/v2\/posts\/1035178\/revisions"}],"wp:featuredmedia":[{"embeddable":true,"href":"https:\/\/darkamazi.site\/funavuv\/wp\/v2\/media\/1035179"}],"wp:attachment":[{"href":"https:\/\/darkamazi.site\/funavuv\/wp\/v2\/media?parent=1035178"}],"wp:term":[{"taxonomy":"category","embeddable":true,"href":"https:\/\/darkamazi.site\/funavuv\/wp\/v2\/categories?post=1035178"},{"taxonomy":"post_tag","embeddable":true,"href":"https:\/\/darkamazi.site\/funavuv\/wp\/v2\/tags?post=1035178"}],"curies":[{"name":"wp","href":"https:\/\/api.w.org\/{rel}","templated":true}]}}