{"id":1035181,"date":"2025-09-28T13:53:50","date_gmt":"2025-09-28T10:53:50","guid":{"rendered":"https:\/\/darkamazi.site\/?p=1035181"},"modified":"2025-09-28T13:53:50","modified_gmt":"2025-09-28T10:53:50","slug":"abdullah-ocalan-talimat-verdi-pkk-medyasi-turkce-yayinlarini-durdurdu","status":"publish","type":"post","link":"https:\/\/darkamazi.site\/archives\/1035181","title":{"rendered":"Abdullah \u00d6calan talimat verdi PKK medyas\u0131 T\u00fcrk\u00e7e yay\u0131nlar\u0131n\u0131 durdurdu\u2026"},"content":{"rendered":"<p>Son iki g\u00fcn i\u00e7inde PKK medyas\u0131nda ilgin\u00e7 bir geli\u015fme ya\u015fand\u0131. PKK\u2019nin iki ana haber sitesi T\u00fcrk\u00e7e yay\u0131nlar\u0131n\u0131 durduklar\u0131n\u0131 a\u00e7\u0131klad\u0131.<\/p>\n<p>25 Eyl\u00fcl g\u00fcn\u00fc PKK\u2019nin Rojava\u2019da yay\u0131n yapan ANHA ve S\u00fcleymaniye\u2019de yay\u0131n yapan RojNews siteleri T\u00fcrk\u00e7e yay\u0131nlar\u0131n\u0131 durduklar\u0131n\u0131 a\u00e7\u0131klad\u0131. Ayn\u0131 g\u00fcnlerde PKK\u2019nin Avrupa\u2019da yay\u0131n yapan gazetesi Yeni \u00d6zg\u00fcr Politika\u2019da site bak\u0131m\u0131 gerek\u00e7esi ile yay\u0131nlar\u0131na ara verdi.\u00a0 PKK\u2019ye yak\u0131n kaynaklar ya\u015fananlar\u0131 \u201cAbdullah \u00d6calan\u2019\u0131n talimat\u0131\u201d ile ger\u00e7ekle\u015fti\u011fini belirtiyor. \u00a0Yani karar teknik de\u011fil PKK\u2019nin paradigmas\u0131 ile ilgili olarak al\u0131nm\u0131\u015f bir karar.<\/p>\n<p><strong>T\u00fcrkiyelile\u015fme siyasetinin yeni ad\u0131 Pozitif Entegrasyon<\/strong><\/p>\n<p>Abdullah \u00d6calan\u2019\u0131n 27 \u015eubat tarihinde PKK\u2019yi feshetmesi sonras\u0131 PKK kamuoyuna kapal\u0131 bi\u00e7imde Avrupa, T\u00fcrkiye ba\u015fta olmak \u00fczere t\u00fcm \u00f6rg\u00fct yap\u0131lar\u0131nda baz\u0131 de\u011fi\u015fiklikler yap\u0131yor. \u00d6calan\u2019\u0131n 1999 y\u0131l\u0131ndan sonra ortaya att\u0131\u011f\u0131 \u201cT\u00fcrkiyelile\u015fme\u201d kavram\u0131 art\u0131k \u201cPozitif entergrasyon-demokratik entegrasyon\u201d kavramlar\u0131 ile yer de\u011fi\u015ftirtilerek kabullenmesi daha kolay bir hale getiriliyor.<\/p>\n<p>PKK ise ba\u015fta t\u00fcm propaganda \u00e7al\u0131\u015fmalar\u0131 ve yaz\u0131l\u0131 s\u00f6zl\u00fc edebiyat\u0131n\u0131 bu yeni s\u00fcrece g\u00f6re revize ederek K\u00fcrdistani kavram ve de\u011ferlendirmeleri durdurma karar\u0131 ald\u0131.\u00a0 PKK\u2019ye yak\u0131n kaynaklar Abdullah \u00d6calan\u2019\u0131n May\u0131s ay\u0131nda yap\u0131lan bir g\u00f6r\u00fc\u015fmede \u201cT\u00fcrkiye\u2019yi hedef yapan dil negatif bir dildir bunu de\u011fi\u015ftiriyoruz. Art\u0131k T\u00fcrkiye ve toplumuna kar\u015f\u0131 pozitif dil kullan\u0131lacak. Bundan sonra K\u00fcrt toplumu ile u\u011fra\u015faca\u011f\u0131z\u201d dedi\u011fi belirtildi.\u00a0 \u00d6calan\u2019\u0131n medyaya s\u0131zan 25 May\u0131s tarihli g\u00f6r\u00fc\u015fme notunda da \u201cBundan sonra i\u00e7e y\u00f6nelece\u011fiz\u201d dedi\u011fi biliniyor.<br \/>\nPKK\u2019nin \u00d6calan\u2019\u0131n s\u00f6ylemleri sonras\u0131 yay\u0131nlar\u0131nda \u201cs\u00f6m\u00fcrgeci, K\u00fcrdistan topraklar\u0131, asimilasyon, katilam vb\u201d s\u00f6ylemleri kullanmayaca\u011f\u0131 da gelen bilgiler aras\u0131nda.<\/p>\n<p>PKK bu a\u00e7\u0131dan ilk ad\u0131m\u0131n\u0131 Haziran ay\u0131nda atm\u0131\u015f ve PKK\u2019nin Serxwebun adl\u0131 gazetesini kapatm\u0131\u015ft\u0131. Serxwebun asl\u0131nda PKK medyas\u0131n\u0131n yay\u0131n \u00e7izgisini hatta kadro politikas\u0131n\u0131 belirleyen yay\u0131nd\u0131. Serxwebun\u2019un kapat\u0131lmas\u0131 ile PKK\u2019nin \u00e7\u0131k\u0131\u015f\u0131ndaki \u201cBa\u011f\u0131ms\u0131z K\u00fcrdistan\u201d s\u00f6yleminin izin ismini ta\u015f\u0131yan yay\u0131n organ\u0131 kapand\u0131. Ondan sonra ise yeni bir d\u00f6nem ba\u015flad\u0131.<\/p>\n<p><strong>PKK Bas\u0131n Yay\u0131n ve Ayd\u0131nlanma komitelerinin ortak konferans\u0131 <\/strong><\/p>\n<p>PKK\u2019ye yak\u0131n kaynaklar\u0131n belirtti\u011fine g\u00f6re PKK Haziran ay\u0131n\u0131n sonunda Rojava\u2019da Mustafa Karasu\u2019nun kat\u0131ld\u0131\u011f\u0131 bir Bas\u0131n, Yay\u0131n ve Ayd\u0131nlanma komitelerinin kat\u0131ld\u0131\u011f\u0131 ortak bir konferans yap\u0131ld\u0131.\u00a0 Bu konferansta PKK\u2019nin yeni d\u00f6neme uygun kavram, s\u00f6ylem ve yap\u0131lanma konular\u0131nda karar gidildi. Bu konferansta Abdullah \u00d6calan\u2019\u0131n talimat\u0131 do\u011frultusunda PKK medyas\u0131n\u0131n revize edilmesi karar\u0131 ald\u0131\u011f\u0131 belirtiliyor. Buna g\u00f6re PKK\u2019nin T\u00fcrk\u00e7e yay\u0131n siteleri \u201crol\u00fcn\u00fc oynam\u0131\u015f ve miad\u0131n\u0131 doldurmu\u015f\u201d olarak kabul edildi. ANHA ve Rojnews\u2019in T\u00fcrk\u00e7e sitelerinin kapat\u0131lmas\u0131 da T\u00fcrk devletinin \u00d6calan\u2019a \u201cBas\u0131n\u0131n dilini de\u011fi\u015ftirin\u201d talimat\u0131 sonras\u0131 geldi.<\/p>\n<p>PKK\u2019ye yak\u0131n kaynaklar\u0131 bundan sonra T\u00fcrk\u00e7e yay\u0131n yapan medyan\u0131n \u201cT\u00fcrkiyeli bir bas\u0131n gibi genel demokratikle\u015fme, ekoloji ve kad\u0131n sorunu\u201d gibi konulara e\u011filece\u011fini belirtiyorlar.<\/p>\n<p>Konferans karar\u0131na g\u00f6re PKK sadece yeni medyas\u0131n\u0131 dizayn etmeyecek ayr\u0131ca eski medyas\u0131nda da baz\u0131 d\u00fczeltmeler yapacak. Yani daha \u00f6nce yay\u0131nlanm\u0131\u015f baz\u0131 yaz\u0131 dizileri ve PKK y\u00f6neticilerinin T\u00fcrkiye kar\u015f\u0131t\u0131, K\u00fcrdistani s\u00f6ylemleri de silinecek. Bu nedenle de Yeni \u00d6zg\u00fcr Politika vb yay\u0131nlar g\u00f6zden ge\u00e7irilecek.<\/p>\n<p><strong>Sorani ve Behdini bas\u0131na a\u011f\u0131rl\u0131k verilecek<\/strong><\/p>\n<p>Fakat PKK medyas\u0131 bundan sonra Sorani ve Kurmancinin Arami leh\u00e7esinde g\u00fc\u00e7lendirilmi\u015f yay\u0131n yapacak. \u00a0PKK bu dillerdeki sosyal medya hesaplar\u0131 a\u00e7acak.\u00a0 Rojnews ve ANHA \u00e7al\u0131\u015fanlar\u0131 di\u011fer dillerdeki yay\u0131nlar i\u00e7in \u201c\u00d6calan\u2019\u0131n hayat\u0131n\u0131, d\u00fc\u015f\u00fcncelerini anlatan\u201d dosyalar haz\u0131rlayacaklar.<br \/>\nAyr\u0131ca PKK S\u00fcleymaniye\u2019deki Rojnews\u2019in T\u00fcrk\u00e7e muhabirlerini YNK\u2019nin Channel8 adl\u0131 televizyonunun T\u00fcrk\u00e7e servisinde \u00e7al\u0131\u015ft\u0131racak.<br \/>\nPKK\u2019nin medyas\u0131nda bundan sonra \u00d6calan\u2019\u0131 daha \u00e7ok \u00f6ne \u00e7\u0131karan ve PKK d\u0131\u015f\u0131ndaki K\u00fcrtleri hedef alan yay\u0131nlar\u0131n olaca\u011f\u0131 bekleniyor.<\/p>\n","protected":false},"excerpt":{"rendered":"<p>Son iki g\u00fcn i\u00e7inde PKK medyas\u0131nda ilgin\u00e7 bir geli\u015fme ya\u015fand\u0131. PKK\u2019nin iki ana haber sitesi T\u00fcrk\u00e7e yay\u0131nlar\u0131n\u0131 durduklar\u0131n\u0131 a\u00e7\u0131klad\u0131. 25 Eyl\u00fcl g\u00fcn\u00fc PKK\u2019nin Rojava\u2019da yay\u0131n yapan ANHA ve S\u00fcleymaniye\u2019de yay\u0131n yapan RojNews siteleri T\u00fcrk\u00e7e yay\u0131nlar\u0131n\u0131 durduklar\u0131n\u0131 a\u00e7\u0131klad\u0131. Ayn\u0131 g\u00fcnlerde PKK\u2019nin Avrupa\u2019da yay\u0131n yapan gazetesi Yeni \u00d6zg\u00fcr Politika\u2019da site bak\u0131m\u0131 gerek\u00e7esi ile yay\u0131nlar\u0131na ara verdi.\u00a0 PKK\u2019ye [&hellip;]<\/p>\n","protected":false},"author":2,"featured_media":1035182,"comment_status":"closed","ping_status":"closed","sticky":false,"template":"","format":"standard","meta":{"footnotes":""},"categories":[39],"tags":[31],"class_list":["post-1035181","post","type-post","status-publish","format-standard","has-post-thumbnail","hentry","category-ozel-dosya","tag-onemli"],"blocksy_meta":[],"seo_head":"<!-- This site is optimized with the Yoast SEO plugin v27.5 - https:\/\/yoast.com\/product\/yoast-seo-wordpress\/ -->\n<title>Abdullah \u00d6calan talimat verdi PKK medyas\u0131 T\u00fcrk\u00e7e yay\u0131nlar\u0131n\u0131 durdurdu\u2026 - Darka Mazi<\/title>\n<meta name=\"robots\" content=\"index, follow, max-snippet:-1, max-image-preview:large, max-video-preview:-1\" \/>\n<link rel=\"canonical\" href=\"https:\/\/darkamazi.site\/archives\/1035181\" \/>\n<meta property=\"og:locale\" content=\"en_US\" \/>\n<meta property=\"og:type\" content=\"article\" \/>\n<meta property=\"og:title\" content=\"Abdullah \u00d6calan talimat verdi PKK medyas\u0131 T\u00fcrk\u00e7e yay\u0131nlar\u0131n\u0131 durdurdu\u2026 - Darka Mazi\" \/>\n<meta property=\"og:description\" content=\"Son iki g\u00fcn i\u00e7inde PKK medyas\u0131nda ilgin\u00e7 bir geli\u015fme ya\u015fand\u0131. PKK\u2019nin iki ana haber sitesi T\u00fcrk\u00e7e yay\u0131nlar\u0131n\u0131 durduklar\u0131n\u0131 a\u00e7\u0131klad\u0131. 25 Eyl\u00fcl g\u00fcn\u00fc PKK\u2019nin Rojava\u2019da yay\u0131n yapan ANHA ve S\u00fcleymaniye\u2019de yay\u0131n yapan RojNews siteleri T\u00fcrk\u00e7e yay\u0131nlar\u0131n\u0131 durduklar\u0131n\u0131 a\u00e7\u0131klad\u0131. Ayn\u0131 g\u00fcnlerde PKK\u2019nin Avrupa\u2019da yay\u0131n yapan gazetesi Yeni \u00d6zg\u00fcr Politika\u2019da site bak\u0131m\u0131 gerek\u00e7esi ile yay\u0131nlar\u0131na ara verdi.\u00a0 PKK\u2019ye [&hellip;]\" \/>\n<meta property=\"og:url\" content=\"https:\/\/darkamazi.site\/archives\/1035181\" \/>\n<meta property=\"og:site_name\" content=\"Darka Mazi\" \/>\n<meta property=\"article:publisher\" content=\"https:\/\/www.facebook.com\/DarkaMaziturkce\" \/>\n<meta property=\"article:published_time\" content=\"2025-09-28T10:53:50+00:00\" \/>\n<meta property=\"og:image\" content=\"https:\/\/darkamazi.site\/file\/2025\/09\/xapo.jpg\" \/>\n\t<meta property=\"og:image:width\" content=\"900\" \/>\n\t<meta property=\"og:image:height\" content=\"475\" \/>\n\t<meta property=\"og:image:type\" content=\"image\/jpeg\" \/>\n<meta name=\"author\" content=\"darka mazi\" \/>\n<meta name=\"twitter:card\" content=\"summary_large_image\" \/>\n<meta name=\"twitter:creator\" content=\"@DarkaMaziTurkce\" \/>\n<meta name=\"twitter:site\" content=\"@DarkaMaziTurkce\" \/>\n<meta name=\"twitter:label1\" content=\"Written by\" \/>\n\t<meta name=\"twitter:data1\" content=\"darka mazi\" \/>\n\t<meta name=\"twitter:label2\" content=\"Est. reading time\" \/>\n\t<meta name=\"twitter:data2\" content=\"3 minutes\" \/>\n<script type=\"application\/ld+json\" class=\"seo-schema-graph\">{\"@context\":\"https:\\\/\\\/schema.org\",\"@graph\":[{\"@type\":\"NewsArticle\",\"@id\":\"https:\\\/\\\/darkamazi.site\\\/archives\\\/1035181#article\",\"isPartOf\":{\"@id\":\"https:\\\/\\\/darkamazi.site\\\/archives\\\/1035181\"},\"author\":{\"name\":\"darka mazi\",\"@id\":\"https:\\\/\\\/darkamazi.site\\\/#\\\/schema\\\/person\\\/67986a95ac546c16760365877ef4a9d3\"},\"headline\":\"Abdullah \u00d6calan talimat verdi PKK medyas\u0131 T\u00fcrk\u00e7e yay\u0131nlar\u0131n\u0131 durdurdu\u2026\",\"datePublished\":\"2025-09-28T10:53:50+00:00\",\"mainEntityOfPage\":{\"@id\":\"https:\\\/\\\/darkamazi.site\\\/archives\\\/1035181\"},\"wordCount\":741,\"publisher\":{\"@id\":\"https:\\\/\\\/darkamazi.site\\\/#organization\"},\"image\":{\"@id\":\"https:\\\/\\\/darkamazi.site\\\/archives\\\/1035181#primaryimage\"},\"thumbnailUrl\":\"https:\\\/\\\/darkamazi.site\\\/darka-content\\\/uploads\\\/2025\\\/09\\\/xapo.jpg\",\"keywords\":[\"\u00f6nemli\"],\"articleSection\":[\"\u00d6zel Dosya\"],\"inLanguage\":\"en-US\"},{\"@type\":\"WebPage\",\"@id\":\"https:\\\/\\\/darkamazi.site\\\/archives\\\/1035181\",\"url\":\"https:\\\/\\\/darkamazi.site\\\/archives\\\/1035181\",\"name\":\"Abdullah \u00d6calan talimat verdi PKK medyas\u0131 T\u00fcrk\u00e7e yay\u0131nlar\u0131n\u0131 durdurdu\u2026 - Darka Mazi\",\"isPartOf\":{\"@id\":\"https:\\\/\\\/darkamazi.site\\\/#website\"},\"primaryImageOfPage\":{\"@id\":\"https:\\\/\\\/darkamazi.site\\\/archives\\\/1035181#primaryimage\"},\"image\":{\"@id\":\"https:\\\/\\\/darkamazi.site\\\/archives\\\/1035181#primaryimage\"},\"thumbnailUrl\":\"https:\\\/\\\/darkamazi.site\\\/darka-content\\\/uploads\\\/2025\\\/09\\\/xapo.jpg\",\"datePublished\":\"2025-09-28T10:53:50+00:00\",\"breadcrumb\":{\"@id\":\"https:\\\/\\\/darkamazi.site\\\/archives\\\/1035181#breadcrumb\"},\"inLanguage\":\"en-US\",\"potentialAction\":[{\"@type\":\"ReadAction\",\"target\":[\"https:\\\/\\\/darkamazi.site\\\/archives\\\/1035181\"]}]},{\"@type\":\"ImageObject\",\"inLanguage\":\"en-US\",\"@id\":\"https:\\\/\\\/darkamazi.site\\\/archives\\\/1035181#primaryimage\",\"url\":\"https:\\\/\\\/darkamazi.site\\\/darka-content\\\/uploads\\\/2025\\\/09\\\/xapo.jpg\",\"contentUrl\":\"https:\\\/\\\/darkamazi.site\\\/darka-content\\\/uploads\\\/2025\\\/09\\\/xapo.jpg\",\"width\":900,\"height\":475,\"caption\":\"Abdullah \u00d6calan talimat verdi PKK medyas\u0131 T\u00fcrk\u00e7e yay\u0131nlar\u0131n\u0131 durdurdu\u2026\"},{\"@type\":\"BreadcrumbList\",\"@id\":\"https:\\\/\\\/darkamazi.site\\\/archives\\\/1035181#breadcrumb\",\"itemListElement\":[{\"@type\":\"ListItem\",\"position\":1,\"name\":\"Home\",\"item\":\"https:\\\/\\\/darkamazi.site\\\/\"},{\"@type\":\"ListItem\",\"position\":2,\"name\":\"Abdullah \u00d6calan talimat verdi PKK medyas\u0131 T\u00fcrk\u00e7e yay\u0131nlar\u0131n\u0131 durdurdu\u2026\"}]},{\"@type\":\"WebSite\",\"@id\":\"https:\\\/\\\/darkamazi.site\\\/#website\",\"url\":\"https:\\\/\\\/darkamazi.site\\\/\",\"name\":\"Darka Mazi\",\"description\":\"Ana Sayfa\",\"publisher\":{\"@id\":\"https:\\\/\\\/darkamazi.site\\\/#organization\"},\"potentialAction\":[{\"@type\":\"SearchAction\",\"target\":{\"@type\":\"EntryPoint\",\"urlTemplate\":\"https:\\\/\\\/darkamazi.site\\\/?s={search_term_string}\"},\"query-input\":{\"@type\":\"PropertyValueSpecification\",\"valueRequired\":true,\"valueName\":\"search_term_string\"}}],\"inLanguage\":\"en-US\"},{\"@type\":\"Organization\",\"@id\":\"https:\\\/\\\/darkamazi.site\\\/#organization\",\"name\":\"Darka Mazi T\u00fcrk\u00e7e\",\"alternateName\":\"Darka Mazi\",\"url\":\"https:\\\/\\\/darkamazi.site\\\/\",\"logo\":{\"@type\":\"ImageObject\",\"inLanguage\":\"en-US\",\"@id\":\"https:\\\/\\\/darkamazi.site\\\/#\\\/schema\\\/logo\\\/image\\\/\",\"url\":\"https:\\\/\\\/darkamazi.site\\\/darka-content\\\/uploads\\\/2017\\\/12\\\/darka-mazi-logo.png\",\"contentUrl\":\"https:\\\/\\\/darkamazi.site\\\/darka-content\\\/uploads\\\/2017\\\/12\\\/darka-mazi-logo.png\",\"width\":151,\"height\":75,\"caption\":\"Darka Mazi T\u00fcrk\u00e7e\"},\"image\":{\"@id\":\"https:\\\/\\\/darkamazi.site\\\/#\\\/schema\\\/logo\\\/image\\\/\"},\"sameAs\":[\"https:\\\/\\\/www.facebook.com\\\/DarkaMaziturkce\",\"https:\\\/\\\/x.com\\\/DarkaMaziTurkce\"]},{\"@type\":\"Person\",\"@id\":\"https:\\\/\\\/darkamazi.site\\\/#\\\/schema\\\/person\\\/67986a95ac546c16760365877ef4a9d3\",\"name\":\"darka mazi\",\"sameAs\":[\"https:\\\/\\\/darkamazi.site\"],\"url\":\"https:\\\/\\\/darkamazi.site\\\/archives\\\/author\\\/turkish\"}]}<\/script>\n<!-- \/ Yoast SEO plugin. -->","seo_head_json":{"title":"Abdullah \u00d6calan talimat verdi PKK medyas\u0131 T\u00fcrk\u00e7e yay\u0131nlar\u0131n\u0131 durdurdu\u2026 - Darka Mazi","robots":{"index":"index","follow":"follow","max-snippet":"max-snippet:-1","max-image-preview":"max-image-preview:large","max-video-preview":"max-video-preview:-1"},"canonical":"https:\/\/darkamazi.site\/archives\/1035181","og_locale":"en_US","og_type":"article","og_title":"Abdullah \u00d6calan talimat verdi PKK medyas\u0131 T\u00fcrk\u00e7e yay\u0131nlar\u0131n\u0131 durdurdu\u2026 - Darka Mazi","og_description":"Son iki g\u00fcn i\u00e7inde PKK medyas\u0131nda ilgin\u00e7 bir geli\u015fme ya\u015fand\u0131. PKK\u2019nin iki ana haber sitesi T\u00fcrk\u00e7e yay\u0131nlar\u0131n\u0131 durduklar\u0131n\u0131 a\u00e7\u0131klad\u0131. 25 Eyl\u00fcl g\u00fcn\u00fc PKK\u2019nin Rojava\u2019da yay\u0131n yapan ANHA ve S\u00fcleymaniye\u2019de yay\u0131n yapan RojNews siteleri T\u00fcrk\u00e7e yay\u0131nlar\u0131n\u0131 durduklar\u0131n\u0131 a\u00e7\u0131klad\u0131. Ayn\u0131 g\u00fcnlerde PKK\u2019nin Avrupa\u2019da yay\u0131n yapan gazetesi Yeni \u00d6zg\u00fcr Politika\u2019da site bak\u0131m\u0131 gerek\u00e7esi ile yay\u0131nlar\u0131na ara verdi.\u00a0 PKK\u2019ye [&hellip;]","og_url":"https:\/\/darkamazi.site\/archives\/1035181","og_site_name":"Darka Mazi","article_publisher":"https:\/\/www.facebook.com\/DarkaMaziturkce","article_published_time":"2025-09-28T10:53:50+00:00","og_image":[{"width":900,"height":475,"url":"https:\/\/darkamazi.site\/file\/2025\/09\/xapo.jpg","type":"image\/jpeg"}],"author":"darka mazi","twitter_card":"summary_large_image","twitter_creator":"@DarkaMaziTurkce","twitter_site":"@DarkaMaziTurkce","twitter_misc":{"Written by":"darka mazi","Est. reading time":"3 minutes"},"schema":{"@context":"https:\/\/schema.org","@graph":[{"@type":"NewsArticle","@id":"https:\/\/darkamazi.site\/archives\/1035181#article","isPartOf":{"@id":"https:\/\/darkamazi.site\/archives\/1035181"},"author":{"name":"darka mazi","@id":"https:\/\/darkamazi.site\/#\/schema\/person\/67986a95ac546c16760365877ef4a9d3"},"headline":"Abdullah \u00d6calan talimat verdi PKK medyas\u0131 T\u00fcrk\u00e7e yay\u0131nlar\u0131n\u0131 durdurdu\u2026","datePublished":"2025-09-28T10:53:50+00:00","mainEntityOfPage":{"@id":"https:\/\/darkamazi.site\/archives\/1035181"},"wordCount":741,"publisher":{"@id":"https:\/\/darkamazi.site\/#organization"},"image":{"@id":"https:\/\/darkamazi.site\/archives\/1035181#primaryimage"},"thumbnailUrl":"https:\/\/darkamazi.site\/file\/2025\/09\/xapo.jpg","keywords":["\u00f6nemli"],"articleSection":["\u00d6zel Dosya"],"inLanguage":"en-US"},{"@type":"WebPage","@id":"https:\/\/darkamazi.site\/archives\/1035181","url":"https:\/\/darkamazi.site\/archives\/1035181","name":"Abdullah \u00d6calan talimat verdi PKK medyas\u0131 T\u00fcrk\u00e7e yay\u0131nlar\u0131n\u0131 durdurdu\u2026 - Darka Mazi","isPartOf":{"@id":"https:\/\/darkamazi.site\/#website"},"primaryImageOfPage":{"@id":"https:\/\/darkamazi.site\/archives\/1035181#primaryimage"},"image":{"@id":"https:\/\/darkamazi.site\/archives\/1035181#primaryimage"},"thumbnailUrl":"https:\/\/darkamazi.site\/file\/2025\/09\/xapo.jpg","datePublished":"2025-09-28T10:53:50+00:00","breadcrumb":{"@id":"https:\/\/darkamazi.site\/archives\/1035181#breadcrumb"},"inLanguage":"en-US","potentialAction":[{"@type":"ReadAction","target":["https:\/\/darkamazi.site\/archives\/1035181"]}]},{"@type":"ImageObject","inLanguage":"en-US","@id":"https:\/\/darkamazi.site\/archives\/1035181#primaryimage","url":"https:\/\/darkamazi.site\/file\/2025\/09\/xapo.jpg","contentUrl":"https:\/\/darkamazi.site\/file\/2025\/09\/xapo.jpg","width":900,"height":475,"caption":"Abdullah \u00d6calan talimat verdi PKK medyas\u0131 T\u00fcrk\u00e7e yay\u0131nlar\u0131n\u0131 durdurdu\u2026"},{"@type":"BreadcrumbList","@id":"https:\/\/darkamazi.site\/archives\/1035181#breadcrumb","itemListElement":[{"@type":"ListItem","position":1,"name":"Home","item":"https:\/\/darkamazi.site\/"},{"@type":"ListItem","position":2,"name":"Abdullah \u00d6calan talimat verdi PKK medyas\u0131 T\u00fcrk\u00e7e yay\u0131nlar\u0131n\u0131 durdurdu\u2026"}]},{"@type":"WebSite","@id":"https:\/\/darkamazi.site\/#website","url":"https:\/\/darkamazi.site\/","name":"Darka Mazi","description":"Ana Sayfa","publisher":{"@id":"https:\/\/darkamazi.site\/#organization"},"potentialAction":[{"@type":"SearchAction","target":{"@type":"EntryPoint","urlTemplate":"https:\/\/darkamazi.site\/?s={search_term_string}"},"query-input":{"@type":"PropertyValueSpecification","valueRequired":true,"valueName":"search_term_string"}}],"inLanguage":"en-US"},{"@type":"Organization","@id":"https:\/\/darkamazi.site\/#organization","name":"Darka Mazi T\u00fcrk\u00e7e","alternateName":"Darka Mazi","url":"https:\/\/darkamazi.site\/","logo":{"@type":"ImageObject","inLanguage":"en-US","@id":"https:\/\/darkamazi.site\/#\/schema\/logo\/image\/","url":"https:\/\/darkamazi.site\/file\/2017\/12\/darka-mazi-logo.png","contentUrl":"https:\/\/darkamazi.site\/file\/2017\/12\/darka-mazi-logo.png","width":151,"height":75,"caption":"Darka Mazi T\u00fcrk\u00e7e"},"image":{"@id":"https:\/\/darkamazi.site\/#\/schema\/logo\/image\/"},"sameAs":["https:\/\/www.facebook.com\/DarkaMaziturkce","https:\/\/x.com\/DarkaMaziTurkce"]},{"@type":"Person","@id":"https:\/\/darkamazi.site\/#\/schema\/person\/67986a95ac546c16760365877ef4a9d3","name":"darka mazi","sameAs":["https:\/\/darkamazi.site"],"url":"https:\/\/darkamazi.site\/archives\/author\/turkish"}]}},"_links":{"self":[{"href":"https:\/\/darkamazi.site\/funavuv\/wp\/v2\/posts\/1035181","targetHints":{"allow":["GET"]}}],"collection":[{"href":"https:\/\/darkamazi.site\/funavuv\/wp\/v2\/posts"}],"about":[{"href":"https:\/\/darkamazi.site\/funavuv\/wp\/v2\/types\/post"}],"author":[{"embeddable":true,"href":"https:\/\/darkamazi.site\/funavuv\/wp\/v2\/users\/2"}],"replies":[{"embeddable":true,"href":"https:\/\/darkamazi.site\/funavuv\/wp\/v2\/comments?post=1035181"}],"version-history":[{"count":0,"href":"https:\/\/darkamazi.site\/funavuv\/wp\/v2\/posts\/1035181\/revisions"}],"wp:featuredmedia":[{"embeddable":true,"href":"https:\/\/darkamazi.site\/funavuv\/wp\/v2\/media\/1035182"}],"wp:attachment":[{"href":"https:\/\/darkamazi.site\/funavuv\/wp\/v2\/media?parent=1035181"}],"wp:term":[{"taxonomy":"category","embeddable":true,"href":"https:\/\/darkamazi.site\/funavuv\/wp\/v2\/categories?post=1035181"},{"taxonomy":"post_tag","embeddable":true,"href":"https:\/\/darkamazi.site\/funavuv\/wp\/v2\/tags?post=1035181"}],"curies":[{"name":"wp","href":"https:\/\/api.w.org\/{rel}","templated":true}]}}