{"id":1035222,"date":"2025-10-02T13:38:47","date_gmt":"2025-10-02T10:38:47","guid":{"rendered":"https:\/\/darkamazi.site\/?p=1035222"},"modified":"2025-10-02T13:38:47","modified_gmt":"2025-10-02T10:38:47","slug":"rojavanin-taninmis-sairlerinden-mizgin-hesko-hayata-veda-etti","status":"publish","type":"post","link":"https:\/\/darkamazi.site\/archives\/1035222","title":{"rendered":"Rojava&#8217;n\u0131n tan\u0131nm\u0131\u015f \u015fairlerinden  Mizg\u00een Hesko hayata veda etti"},"content":{"rendered":"<p style=\"text-align: justify\">Rojava\u2019n\u0131n tan\u0131nm\u0131\u015f \u015fairlerinden Mizg\u00een Hesko hayata veda etti. 14 \u015fiir kitab\u0131yla K\u00fcrt edebiyat\u0131na \u00f6nemli katk\u0131lar sunan Hesko\u2019nun vefat\u0131 edebiyat \u00e7evrelerinde b\u00fcy\u00fck \u00fcz\u00fcnt\u00fc yaratt\u0131.<\/p>\n<p style=\"text-align: justify\">\u015eair Mizg\u00een Hesko, d\u00fcn gece Almanya\u2019n\u0131n Bielefeld kentinde hayata g\u00f6zlerini yumdu.<\/p>\n<p style=\"text-align: justify\">1973 y\u0131l\u0131nda Kami\u015flo\u2019da do\u011fan \u00fc\u00e7 \u00e7ocuk annesi Hesko, 1992 y\u0131l\u0131ndan bu yana Almanya\u2019da ikamet ediyordu.<\/p>\n<p style=\"text-align: justify\">\u0130lk \u015fiirini Halep\u00e7e Katliam\u0131\u2019ndan sonra K\u00fcrt\u00e7e kaleme alan Hesko, uzun y\u0131llar boyunca edebiyat alan\u0131nda \u00fcretken bir \u015fair olarak tan\u0131nd\u0131. Diasporada da aktif olarak edebiyat etkinliklerine kat\u0131ld\u0131.<\/p>\n<p style=\"text-align: justify\">\u015eair, \u00e7al\u0131\u015fmalar\u0131ndan dolay\u0131 2022 y\u0131l\u0131nda \u015eair T\u00eer\u00eaj \u00d6d\u00fcl\u00fcne lay\u0131k g\u00f6r\u00fclm\u00fc\u015ft\u00fc.<\/p>\n<p style=\"text-align: justify\">Hesko, yakla\u015f\u0131k \u00fc\u00e7 y\u0131ld\u0131r kanserle m\u00fccadele ediyordu. Hastal\u0131\u011f\u0131 s\u00fcresince de dil, edebiyat ve halk\u0131 i\u00e7in \u00fcretmeyi s\u00fcrd\u00fcrd\u00fc.<\/p>\n<p style=\"text-align: justify\">Ge\u00e7ti\u011fimiz ay \u015fairin 14\u2019\u00fcnc\u00fc \u015fiir kitab\u0131 \u201cJi Ristezara Elind\u00ea\u201d ad\u0131yla yay\u0131mland\u0131.<\/p>\n<p style=\"text-align: justify\">Hesko, daha \u00f6nce R\u00fbdaw\u2019a verdi\u011fi bir r\u00f6portajda hastal\u0131\u011fa kar\u015f\u0131 y\u00fcr\u00fctt\u00fc\u011f\u00fc m\u00fccadeleden ve yazmaya dair umudundan s\u00f6z etmi\u015fti.<\/p>\n<p style=\"text-align: justify\">2023 y\u0131l\u0131nda da iki yeni \u015fiir kitab\u0131n\u0131 okurlar\u0131yla bulu\u015fturan \u015fair, K\u00fcrt edebiyat\u0131nda kal\u0131c\u0131 bir iz b\u0131rakt\u0131.<\/p>\n","protected":false},"excerpt":{"rendered":"<p>Rojava\u2019n\u0131n tan\u0131nm\u0131\u015f \u015fairlerinden Mizg\u00een Hesko hayata veda etti. 14 \u015fiir kitab\u0131yla K\u00fcrt edebiyat\u0131na \u00f6nemli katk\u0131lar sunan Hesko\u2019nun vefat\u0131 edebiyat \u00e7evrelerinde b\u00fcy\u00fck \u00fcz\u00fcnt\u00fc yaratt\u0131. \u015eair Mizg\u00een Hesko, d\u00fcn gece Almanya\u2019n\u0131n Bielefeld kentinde hayata g\u00f6zlerini yumdu. 1973 y\u0131l\u0131nda Kami\u015flo\u2019da do\u011fan \u00fc\u00e7 \u00e7ocuk annesi Hesko, 1992 y\u0131l\u0131ndan bu yana Almanya\u2019da ikamet ediyordu. \u0130lk \u015fiirini Halep\u00e7e Katliam\u0131\u2019ndan sonra K\u00fcrt\u00e7e [&hellip;]<\/p>\n","protected":false},"author":2,"featured_media":1035223,"comment_status":"closed","ping_status":"closed","sticky":false,"template":"","format":"standard","meta":{"footnotes":""},"categories":[33],"tags":[31],"class_list":["post-1035222","post","type-post","status-publish","format-standard","has-post-thumbnail","hentry","category-sanat","tag-onemli"],"blocksy_meta":[],"seo_head":"<!-- This site is optimized with the Yoast SEO plugin v27.5 - https:\/\/yoast.com\/product\/yoast-seo-wordpress\/ -->\n<title>Rojava&#039;n\u0131n tan\u0131nm\u0131\u015f \u015fairlerinden Mizg\u00een Hesko hayata veda etti - Darka Mazi<\/title>\n<meta name=\"robots\" content=\"index, follow, max-snippet:-1, max-image-preview:large, max-video-preview:-1\" \/>\n<link rel=\"canonical\" href=\"https:\/\/darkamazi.site\/archives\/1035222\" \/>\n<meta property=\"og:locale\" content=\"en_US\" \/>\n<meta property=\"og:type\" content=\"article\" \/>\n<meta property=\"og:title\" content=\"Rojava&#039;n\u0131n tan\u0131nm\u0131\u015f \u015fairlerinden Mizg\u00een Hesko hayata veda etti - Darka Mazi\" \/>\n<meta property=\"og:description\" content=\"Rojava\u2019n\u0131n tan\u0131nm\u0131\u015f \u015fairlerinden Mizg\u00een Hesko hayata veda etti. 14 \u015fiir kitab\u0131yla K\u00fcrt edebiyat\u0131na \u00f6nemli katk\u0131lar sunan Hesko\u2019nun vefat\u0131 edebiyat \u00e7evrelerinde b\u00fcy\u00fck \u00fcz\u00fcnt\u00fc yaratt\u0131. \u015eair Mizg\u00een Hesko, d\u00fcn gece Almanya\u2019n\u0131n Bielefeld kentinde hayata g\u00f6zlerini yumdu. 1973 y\u0131l\u0131nda Kami\u015flo\u2019da do\u011fan \u00fc\u00e7 \u00e7ocuk annesi Hesko, 1992 y\u0131l\u0131ndan bu yana Almanya\u2019da ikamet ediyordu. \u0130lk \u015fiirini Halep\u00e7e Katliam\u0131\u2019ndan sonra K\u00fcrt\u00e7e [&hellip;]\" \/>\n<meta property=\"og:url\" content=\"https:\/\/darkamazi.site\/archives\/1035222\" \/>\n<meta property=\"og:site_name\" content=\"Darka Mazi\" \/>\n<meta property=\"article:publisher\" content=\"https:\/\/www.facebook.com\/DarkaMaziturkce\" \/>\n<meta property=\"article:published_time\" content=\"2025-10-02T10:38:47+00:00\" \/>\n<meta property=\"og:image\" content=\"https:\/\/darkamazi.site\/file\/2025\/10\/Mizgin-Hesko.jpg\" \/>\n\t<meta property=\"og:image:width\" content=\"900\" \/>\n\t<meta property=\"og:image:height\" content=\"500\" \/>\n\t<meta property=\"og:image:type\" content=\"image\/jpeg\" \/>\n<meta name=\"author\" content=\"darka mazi\" \/>\n<meta name=\"twitter:card\" content=\"summary_large_image\" \/>\n<meta name=\"twitter:creator\" content=\"@DarkaMaziTurkce\" \/>\n<meta name=\"twitter:site\" content=\"@DarkaMaziTurkce\" \/>\n<meta name=\"twitter:label1\" content=\"Written by\" \/>\n\t<meta name=\"twitter:data1\" content=\"darka mazi\" \/>\n\t<meta name=\"twitter:label2\" content=\"Est. reading time\" \/>\n\t<meta name=\"twitter:data2\" content=\"1 minute\" \/>\n<script type=\"application\/ld+json\" class=\"seo-schema-graph\">{\"@context\":\"https:\\\/\\\/schema.org\",\"@graph\":[{\"@type\":\"NewsArticle\",\"@id\":\"https:\\\/\\\/darkamazi.site\\\/archives\\\/1035222#article\",\"isPartOf\":{\"@id\":\"https:\\\/\\\/darkamazi.site\\\/archives\\\/1035222\"},\"author\":{\"name\":\"darka mazi\",\"@id\":\"https:\\\/\\\/darkamazi.site\\\/#\\\/schema\\\/person\\\/67986a95ac546c16760365877ef4a9d3\"},\"headline\":\"Rojava&#8217;n\u0131n tan\u0131nm\u0131\u015f \u015fairlerinden Mizg\u00een Hesko hayata veda etti\",\"datePublished\":\"2025-10-02T10:38:47+00:00\",\"mainEntityOfPage\":{\"@id\":\"https:\\\/\\\/darkamazi.site\\\/archives\\\/1035222\"},\"wordCount\":227,\"publisher\":{\"@id\":\"https:\\\/\\\/darkamazi.site\\\/#organization\"},\"image\":{\"@id\":\"https:\\\/\\\/darkamazi.site\\\/archives\\\/1035222#primaryimage\"},\"thumbnailUrl\":\"https:\\\/\\\/darkamazi.site\\\/darka-content\\\/uploads\\\/2025\\\/10\\\/Mizgin-Hesko.jpg\",\"keywords\":[\"\u00f6nemli\"],\"articleSection\":[\"Sanat\"],\"inLanguage\":\"en-US\"},{\"@type\":\"WebPage\",\"@id\":\"https:\\\/\\\/darkamazi.site\\\/archives\\\/1035222\",\"url\":\"https:\\\/\\\/darkamazi.site\\\/archives\\\/1035222\",\"name\":\"Rojava'n\u0131n tan\u0131nm\u0131\u015f \u015fairlerinden Mizg\u00een Hesko hayata veda etti - Darka Mazi\",\"isPartOf\":{\"@id\":\"https:\\\/\\\/darkamazi.site\\\/#website\"},\"primaryImageOfPage\":{\"@id\":\"https:\\\/\\\/darkamazi.site\\\/archives\\\/1035222#primaryimage\"},\"image\":{\"@id\":\"https:\\\/\\\/darkamazi.site\\\/archives\\\/1035222#primaryimage\"},\"thumbnailUrl\":\"https:\\\/\\\/darkamazi.site\\\/darka-content\\\/uploads\\\/2025\\\/10\\\/Mizgin-Hesko.jpg\",\"datePublished\":\"2025-10-02T10:38:47+00:00\",\"breadcrumb\":{\"@id\":\"https:\\\/\\\/darkamazi.site\\\/archives\\\/1035222#breadcrumb\"},\"inLanguage\":\"en-US\",\"potentialAction\":[{\"@type\":\"ReadAction\",\"target\":[\"https:\\\/\\\/darkamazi.site\\\/archives\\\/1035222\"]}]},{\"@type\":\"ImageObject\",\"inLanguage\":\"en-US\",\"@id\":\"https:\\\/\\\/darkamazi.site\\\/archives\\\/1035222#primaryimage\",\"url\":\"https:\\\/\\\/darkamazi.site\\\/darka-content\\\/uploads\\\/2025\\\/10\\\/Mizgin-Hesko.jpg\",\"contentUrl\":\"https:\\\/\\\/darkamazi.site\\\/darka-content\\\/uploads\\\/2025\\\/10\\\/Mizgin-Hesko.jpg\",\"width\":900,\"height\":500,\"caption\":\"Rojava'n\u0131n tan\u0131nm\u0131\u015f \u015fairlerinden Mizg\u00een Hesko hayata veda etti\"},{\"@type\":\"BreadcrumbList\",\"@id\":\"https:\\\/\\\/darkamazi.site\\\/archives\\\/1035222#breadcrumb\",\"itemListElement\":[{\"@type\":\"ListItem\",\"position\":1,\"name\":\"Home\",\"item\":\"https:\\\/\\\/darkamazi.site\\\/\"},{\"@type\":\"ListItem\",\"position\":2,\"name\":\"Rojava&#8217;n\u0131n tan\u0131nm\u0131\u015f \u015fairlerinden Mizg\u00een Hesko hayata veda etti\"}]},{\"@type\":\"WebSite\",\"@id\":\"https:\\\/\\\/darkamazi.site\\\/#website\",\"url\":\"https:\\\/\\\/darkamazi.site\\\/\",\"name\":\"Darka Mazi\",\"description\":\"Ana Sayfa\",\"publisher\":{\"@id\":\"https:\\\/\\\/darkamazi.site\\\/#organization\"},\"potentialAction\":[{\"@type\":\"SearchAction\",\"target\":{\"@type\":\"EntryPoint\",\"urlTemplate\":\"https:\\\/\\\/darkamazi.site\\\/?s={search_term_string}\"},\"query-input\":{\"@type\":\"PropertyValueSpecification\",\"valueRequired\":true,\"valueName\":\"search_term_string\"}}],\"inLanguage\":\"en-US\"},{\"@type\":\"Organization\",\"@id\":\"https:\\\/\\\/darkamazi.site\\\/#organization\",\"name\":\"Darka Mazi T\u00fcrk\u00e7e\",\"alternateName\":\"Darka Mazi\",\"url\":\"https:\\\/\\\/darkamazi.site\\\/\",\"logo\":{\"@type\":\"ImageObject\",\"inLanguage\":\"en-US\",\"@id\":\"https:\\\/\\\/darkamazi.site\\\/#\\\/schema\\\/logo\\\/image\\\/\",\"url\":\"https:\\\/\\\/darkamazi.site\\\/darka-content\\\/uploads\\\/2017\\\/12\\\/darka-mazi-logo.png\",\"contentUrl\":\"https:\\\/\\\/darkamazi.site\\\/darka-content\\\/uploads\\\/2017\\\/12\\\/darka-mazi-logo.png\",\"width\":151,\"height\":75,\"caption\":\"Darka Mazi T\u00fcrk\u00e7e\"},\"image\":{\"@id\":\"https:\\\/\\\/darkamazi.site\\\/#\\\/schema\\\/logo\\\/image\\\/\"},\"sameAs\":[\"https:\\\/\\\/www.facebook.com\\\/DarkaMaziturkce\",\"https:\\\/\\\/x.com\\\/DarkaMaziTurkce\"]},{\"@type\":\"Person\",\"@id\":\"https:\\\/\\\/darkamazi.site\\\/#\\\/schema\\\/person\\\/67986a95ac546c16760365877ef4a9d3\",\"name\":\"darka mazi\",\"sameAs\":[\"https:\\\/\\\/darkamazi.site\"],\"url\":\"https:\\\/\\\/darkamazi.site\\\/archives\\\/author\\\/turkish\"}]}<\/script>\n<!-- \/ Yoast SEO plugin. -->","seo_head_json":{"title":"Rojava'n\u0131n tan\u0131nm\u0131\u015f \u015fairlerinden Mizg\u00een Hesko hayata veda etti - Darka Mazi","robots":{"index":"index","follow":"follow","max-snippet":"max-snippet:-1","max-image-preview":"max-image-preview:large","max-video-preview":"max-video-preview:-1"},"canonical":"https:\/\/darkamazi.site\/archives\/1035222","og_locale":"en_US","og_type":"article","og_title":"Rojava'n\u0131n tan\u0131nm\u0131\u015f \u015fairlerinden Mizg\u00een Hesko hayata veda etti - Darka Mazi","og_description":"Rojava\u2019n\u0131n tan\u0131nm\u0131\u015f \u015fairlerinden Mizg\u00een Hesko hayata veda etti. 14 \u015fiir kitab\u0131yla K\u00fcrt edebiyat\u0131na \u00f6nemli katk\u0131lar sunan Hesko\u2019nun vefat\u0131 edebiyat \u00e7evrelerinde b\u00fcy\u00fck \u00fcz\u00fcnt\u00fc yaratt\u0131. \u015eair Mizg\u00een Hesko, d\u00fcn gece Almanya\u2019n\u0131n Bielefeld kentinde hayata g\u00f6zlerini yumdu. 1973 y\u0131l\u0131nda Kami\u015flo\u2019da do\u011fan \u00fc\u00e7 \u00e7ocuk annesi Hesko, 1992 y\u0131l\u0131ndan bu yana Almanya\u2019da ikamet ediyordu. \u0130lk \u015fiirini Halep\u00e7e Katliam\u0131\u2019ndan sonra K\u00fcrt\u00e7e [&hellip;]","og_url":"https:\/\/darkamazi.site\/archives\/1035222","og_site_name":"Darka Mazi","article_publisher":"https:\/\/www.facebook.com\/DarkaMaziturkce","article_published_time":"2025-10-02T10:38:47+00:00","og_image":[{"width":900,"height":500,"url":"https:\/\/darkamazi.site\/file\/2025\/10\/Mizgin-Hesko.jpg","type":"image\/jpeg"}],"author":"darka mazi","twitter_card":"summary_large_image","twitter_creator":"@DarkaMaziTurkce","twitter_site":"@DarkaMaziTurkce","twitter_misc":{"Written by":"darka mazi","Est. reading time":"1 minute"},"schema":{"@context":"https:\/\/schema.org","@graph":[{"@type":"NewsArticle","@id":"https:\/\/darkamazi.site\/archives\/1035222#article","isPartOf":{"@id":"https:\/\/darkamazi.site\/archives\/1035222"},"author":{"name":"darka mazi","@id":"https:\/\/darkamazi.site\/#\/schema\/person\/67986a95ac546c16760365877ef4a9d3"},"headline":"Rojava&#8217;n\u0131n tan\u0131nm\u0131\u015f \u015fairlerinden Mizg\u00een Hesko hayata veda etti","datePublished":"2025-10-02T10:38:47+00:00","mainEntityOfPage":{"@id":"https:\/\/darkamazi.site\/archives\/1035222"},"wordCount":227,"publisher":{"@id":"https:\/\/darkamazi.site\/#organization"},"image":{"@id":"https:\/\/darkamazi.site\/archives\/1035222#primaryimage"},"thumbnailUrl":"https:\/\/darkamazi.site\/file\/2025\/10\/Mizgin-Hesko.jpg","keywords":["\u00f6nemli"],"articleSection":["Sanat"],"inLanguage":"en-US"},{"@type":"WebPage","@id":"https:\/\/darkamazi.site\/archives\/1035222","url":"https:\/\/darkamazi.site\/archives\/1035222","name":"Rojava'n\u0131n tan\u0131nm\u0131\u015f \u015fairlerinden Mizg\u00een Hesko hayata veda etti - Darka Mazi","isPartOf":{"@id":"https:\/\/darkamazi.site\/#website"},"primaryImageOfPage":{"@id":"https:\/\/darkamazi.site\/archives\/1035222#primaryimage"},"image":{"@id":"https:\/\/darkamazi.site\/archives\/1035222#primaryimage"},"thumbnailUrl":"https:\/\/darkamazi.site\/file\/2025\/10\/Mizgin-Hesko.jpg","datePublished":"2025-10-02T10:38:47+00:00","breadcrumb":{"@id":"https:\/\/darkamazi.site\/archives\/1035222#breadcrumb"},"inLanguage":"en-US","potentialAction":[{"@type":"ReadAction","target":["https:\/\/darkamazi.site\/archives\/1035222"]}]},{"@type":"ImageObject","inLanguage":"en-US","@id":"https:\/\/darkamazi.site\/archives\/1035222#primaryimage","url":"https:\/\/darkamazi.site\/file\/2025\/10\/Mizgin-Hesko.jpg","contentUrl":"https:\/\/darkamazi.site\/file\/2025\/10\/Mizgin-Hesko.jpg","width":900,"height":500,"caption":"Rojava'n\u0131n tan\u0131nm\u0131\u015f \u015fairlerinden Mizg\u00een Hesko hayata veda etti"},{"@type":"BreadcrumbList","@id":"https:\/\/darkamazi.site\/archives\/1035222#breadcrumb","itemListElement":[{"@type":"ListItem","position":1,"name":"Home","item":"https:\/\/darkamazi.site\/"},{"@type":"ListItem","position":2,"name":"Rojava&#8217;n\u0131n tan\u0131nm\u0131\u015f \u015fairlerinden Mizg\u00een Hesko hayata veda etti"}]},{"@type":"WebSite","@id":"https:\/\/darkamazi.site\/#website","url":"https:\/\/darkamazi.site\/","name":"Darka Mazi","description":"Ana Sayfa","publisher":{"@id":"https:\/\/darkamazi.site\/#organization"},"potentialAction":[{"@type":"SearchAction","target":{"@type":"EntryPoint","urlTemplate":"https:\/\/darkamazi.site\/?s={search_term_string}"},"query-input":{"@type":"PropertyValueSpecification","valueRequired":true,"valueName":"search_term_string"}}],"inLanguage":"en-US"},{"@type":"Organization","@id":"https:\/\/darkamazi.site\/#organization","name":"Darka Mazi T\u00fcrk\u00e7e","alternateName":"Darka Mazi","url":"https:\/\/darkamazi.site\/","logo":{"@type":"ImageObject","inLanguage":"en-US","@id":"https:\/\/darkamazi.site\/#\/schema\/logo\/image\/","url":"https:\/\/darkamazi.site\/file\/2017\/12\/darka-mazi-logo.png","contentUrl":"https:\/\/darkamazi.site\/file\/2017\/12\/darka-mazi-logo.png","width":151,"height":75,"caption":"Darka Mazi T\u00fcrk\u00e7e"},"image":{"@id":"https:\/\/darkamazi.site\/#\/schema\/logo\/image\/"},"sameAs":["https:\/\/www.facebook.com\/DarkaMaziturkce","https:\/\/x.com\/DarkaMaziTurkce"]},{"@type":"Person","@id":"https:\/\/darkamazi.site\/#\/schema\/person\/67986a95ac546c16760365877ef4a9d3","name":"darka mazi","sameAs":["https:\/\/darkamazi.site"],"url":"https:\/\/darkamazi.site\/archives\/author\/turkish"}]}},"_links":{"self":[{"href":"https:\/\/darkamazi.site\/funavuv\/wp\/v2\/posts\/1035222","targetHints":{"allow":["GET"]}}],"collection":[{"href":"https:\/\/darkamazi.site\/funavuv\/wp\/v2\/posts"}],"about":[{"href":"https:\/\/darkamazi.site\/funavuv\/wp\/v2\/types\/post"}],"author":[{"embeddable":true,"href":"https:\/\/darkamazi.site\/funavuv\/wp\/v2\/users\/2"}],"replies":[{"embeddable":true,"href":"https:\/\/darkamazi.site\/funavuv\/wp\/v2\/comments?post=1035222"}],"version-history":[{"count":0,"href":"https:\/\/darkamazi.site\/funavuv\/wp\/v2\/posts\/1035222\/revisions"}],"wp:featuredmedia":[{"embeddable":true,"href":"https:\/\/darkamazi.site\/funavuv\/wp\/v2\/media\/1035223"}],"wp:attachment":[{"href":"https:\/\/darkamazi.site\/funavuv\/wp\/v2\/media?parent=1035222"}],"wp:term":[{"taxonomy":"category","embeddable":true,"href":"https:\/\/darkamazi.site\/funavuv\/wp\/v2\/categories?post=1035222"},{"taxonomy":"post_tag","embeddable":true,"href":"https:\/\/darkamazi.site\/funavuv\/wp\/v2\/tags?post=1035222"}],"curies":[{"name":"wp","href":"https:\/\/api.w.org\/{rel}","templated":true}]}}