{"id":1035419,"date":"2025-10-18T16:13:33","date_gmt":"2025-10-18T13:13:33","guid":{"rendered":"https:\/\/darkamazi.site\/?p=1035419"},"modified":"2026-03-31T16:17:31","modified_gmt":"2026-03-31T13:17:31","slug":"suleymaniye-istanbul-seferleri-kasim-ayinda-basliyor","status":"publish","type":"post","link":"https:\/\/darkamazi.site\/archives\/1035419","title":{"rendered":"S\u00fcleymaniye-\u0130stanbul seferleri kas\u0131m ay\u0131nda ba\u015fl\u0131yor"},"content":{"rendered":"<p><strong>T\u00fcrk Sivil Havac\u0131l\u0131k Kurumunun u\u00e7u\u015f takvimine g\u00f6re T\u00fcrk Hava Yollar\u0131, S\u00fcleymaniye Uluslararas\u0131 Havaliman\u0131na u\u00e7u\u015flar\u0131n\u0131 \u00f6n\u00fcm\u00fczdeki ay\u0131n ba\u015f\u0131nda yeniden ba\u015flatacak.<\/strong><\/p>\n<p>T\u00fcrk Hava Yollar\u0131n\u0131n S\u00fcleymaniye Uluslararas\u0131 Havaliman\u0131na g\u00f6nderdi\u011fi programda, \u0130stanbul-S\u00fcleymaniye aras\u0131ndaki kar\u015f\u0131l\u0131kl\u0131 u\u00e7u\u015flar 3 Kas\u0131m 2025&#8217;te yeniden ba\u015flayaca\u011f\u0131 belirtildi.<\/p>\n<p>S\u00fcleymaniye Havaliman\u0131 Halkla \u0130li\u015fkiler ve Medya Departman\u0131, \u00f6n\u00fcm\u00fczdeki ay u\u00e7u\u015flar\u0131n yeniden ba\u015flamas\u0131yla birlikte S\u00fcleymaniye Uluslararas\u0131 Havaliman\u0131 ile \u0130stanbul, aras\u0131nda haftada d\u00f6rt u\u00e7u\u015f ger\u00e7ekle\u015ftirilece\u011fini bildirdi.<\/p>\n<p>T\u00fcrkiye\u2019nin S\u00fcleymaniye Uluslararas\u0131 Havaliman\u0131na y\u00f6nelik 3 Nisan 2023\u2019te uygulamaya koydu\u011fu yasak, K\u00fcrdistan B\u00f6lgesi Ba\u015fkan\u0131 Ne\u00e7irvan Barzani\u2019nin 9 Ekim 2025\u2019te Ankara\u2019da T\u00fcrkiye Cumhurba\u015fkan\u0131 Recep Tayyip Erdo\u011fan ile ger\u00e7ekle\u015ftirdi\u011fi g\u00f6r\u00fc\u015fmede, S\u00fcleymaniye Uluslararas\u0131 Havaliman\u0131na y\u00f6nelik yasak karar\u0131n\u0131n kald\u0131r\u0131lmas\u0131n\u0131 talep etmi\u015fti.<\/p>\n<p>Bunun \u00fczerine S\u00fcleymaniye Uluslararas\u0131 Havaliman\u0131ndan 15 Ekim 2025 \u00c7ar\u015famba g\u00fcn\u00fc yap\u0131lan a\u00e7\u0131klamada, T\u00fcrkiye&#8217;nin havaliman\u0131na y\u00f6nelik u\u00e7u\u015f yasa\u011f\u0131na ili\u015fkin NOTAM duyurusu, T\u00fcrk Sivil Havac\u0131l\u0131k Kurumu taraf\u0131ndan NOTAM\u2019\u0131n k\u00fcresel web sitesinden kald\u0131rd\u0131\u011f\u0131 ifade edilmi\u015fti.<\/p>\n<p>Daha \u00f6nce Ankara\u2019n\u0131n defalarca uzatt\u0131\u011f\u0131 yasak karar\u0131, en son 6 Ekim 2025&#8217;te 3 ay s\u00fcreyle uzat\u0131lm\u0131\u015ft\u0131.<\/p>\n","protected":false},"excerpt":{"rendered":"<p>T\u00fcrk Sivil Havac\u0131l\u0131k Kurumunun u\u00e7u\u015f takvimine g\u00f6re T\u00fcrk Hava Yollar\u0131, S\u00fcleymaniye Uluslararas\u0131 Havaliman\u0131na u\u00e7u\u015flar\u0131n\u0131 \u00f6n\u00fcm\u00fczdeki ay\u0131n ba\u015f\u0131nda yeniden ba\u015flatacak. T\u00fcrk Hava Yollar\u0131n\u0131n S\u00fcleymaniye Uluslararas\u0131 Havaliman\u0131na g\u00f6nderdi\u011fi programda, \u0130stanbul-S\u00fcleymaniye aras\u0131ndaki kar\u015f\u0131l\u0131kl\u0131 u\u00e7u\u015flar 3 Kas\u0131m 2025&#8217;te yeniden ba\u015flayaca\u011f\u0131 belirtildi. S\u00fcleymaniye Havaliman\u0131 Halkla \u0130li\u015fkiler ve Medya Departman\u0131, \u00f6n\u00fcm\u00fczdeki ay u\u00e7u\u015flar\u0131n yeniden ba\u015flamas\u0131yla birlikte S\u00fcleymaniye Uluslararas\u0131 Havaliman\u0131 ile \u0130stanbul, [&hellip;]<\/p>\n","protected":false},"author":2,"featured_media":1035421,"comment_status":"closed","ping_status":"closed","sticky":false,"template":"","format":"standard","meta":{"footnotes":""},"categories":[3],"tags":[],"class_list":["post-1035419","post","type-post","status-publish","format-standard","has-post-thumbnail","hentry","category-kurdistan"],"blocksy_meta":[],"seo_head":"<!-- This site is optimized with the Yoast SEO plugin v27.5 - https:\/\/yoast.com\/product\/yoast-seo-wordpress\/ -->\n<title>S\u00fcleymaniye-\u0130stanbul seferleri kas\u0131m ay\u0131nda ba\u015fl\u0131yor - Darka Mazi<\/title>\n<meta name=\"robots\" content=\"index, follow, max-snippet:-1, max-image-preview:large, max-video-preview:-1\" \/>\n<link rel=\"canonical\" href=\"https:\/\/darkamazi.site\/archives\/1035419\" \/>\n<meta property=\"og:locale\" content=\"en_US\" \/>\n<meta property=\"og:type\" content=\"article\" \/>\n<meta property=\"og:title\" content=\"S\u00fcleymaniye-\u0130stanbul seferleri kas\u0131m ay\u0131nda ba\u015fl\u0131yor - Darka Mazi\" \/>\n<meta property=\"og:description\" content=\"T\u00fcrk Sivil Havac\u0131l\u0131k Kurumunun u\u00e7u\u015f takvimine g\u00f6re T\u00fcrk Hava Yollar\u0131, S\u00fcleymaniye Uluslararas\u0131 Havaliman\u0131na u\u00e7u\u015flar\u0131n\u0131 \u00f6n\u00fcm\u00fczdeki ay\u0131n ba\u015f\u0131nda yeniden ba\u015flatacak. T\u00fcrk Hava Yollar\u0131n\u0131n S\u00fcleymaniye Uluslararas\u0131 Havaliman\u0131na g\u00f6nderdi\u011fi programda, \u0130stanbul-S\u00fcleymaniye aras\u0131ndaki kar\u015f\u0131l\u0131kl\u0131 u\u00e7u\u015flar 3 Kas\u0131m 2025&#8217;te yeniden ba\u015flayaca\u011f\u0131 belirtildi. S\u00fcleymaniye Havaliman\u0131 Halkla \u0130li\u015fkiler ve Medya Departman\u0131, \u00f6n\u00fcm\u00fczdeki ay u\u00e7u\u015flar\u0131n yeniden ba\u015flamas\u0131yla birlikte S\u00fcleymaniye Uluslararas\u0131 Havaliman\u0131 ile \u0130stanbul, [&hellip;]\" \/>\n<meta property=\"og:url\" content=\"https:\/\/darkamazi.site\/archives\/1035419\" \/>\n<meta property=\"og:site_name\" content=\"Darka Mazi\" \/>\n<meta property=\"article:publisher\" content=\"https:\/\/www.facebook.com\/DarkaMaziturkce\" \/>\n<meta property=\"article:published_time\" content=\"2025-10-18T13:13:33+00:00\" \/>\n<meta property=\"article:modified_time\" content=\"2026-03-31T13:17:31+00:00\" \/>\n<meta property=\"og:image\" content=\"https:\/\/darkamazi.site\/file\/2025\/10\/indir.jpeg\" \/>\n\t<meta property=\"og:image:width\" content=\"300\" \/>\n\t<meta property=\"og:image:height\" content=\"168\" \/>\n\t<meta property=\"og:image:type\" content=\"image\/jpeg\" \/>\n<meta name=\"author\" content=\"darka mazi\" \/>\n<meta name=\"twitter:card\" content=\"summary_large_image\" \/>\n<meta name=\"twitter:creator\" content=\"@DarkaMaziTurkce\" \/>\n<meta name=\"twitter:site\" content=\"@DarkaMaziTurkce\" \/>\n<meta name=\"twitter:label1\" content=\"Written by\" \/>\n\t<meta name=\"twitter:data1\" content=\"darka mazi\" \/>\n\t<meta name=\"twitter:label2\" content=\"Est. reading time\" \/>\n\t<meta name=\"twitter:data2\" content=\"1 minute\" \/>\n<script type=\"application\/ld+json\" class=\"seo-schema-graph\">{\"@context\":\"https:\\\/\\\/schema.org\",\"@graph\":[{\"@type\":\"NewsArticle\",\"@id\":\"https:\\\/\\\/darkamazi.site\\\/archives\\\/1035419#article\",\"isPartOf\":{\"@id\":\"https:\\\/\\\/darkamazi.site\\\/archives\\\/1035419\"},\"author\":{\"name\":\"darka mazi\",\"@id\":\"https:\\\/\\\/darkamazi.site\\\/#\\\/schema\\\/person\\\/67986a95ac546c16760365877ef4a9d3\"},\"headline\":\"S\u00fcleymaniye-\u0130stanbul seferleri kas\u0131m ay\u0131nda ba\u015fl\u0131yor\",\"datePublished\":\"2025-10-18T13:13:33+00:00\",\"dateModified\":\"2026-03-31T13:17:31+00:00\",\"mainEntityOfPage\":{\"@id\":\"https:\\\/\\\/darkamazi.site\\\/archives\\\/1035419\"},\"wordCount\":252,\"publisher\":{\"@id\":\"https:\\\/\\\/darkamazi.site\\\/#organization\"},\"image\":{\"@id\":\"https:\\\/\\\/darkamazi.site\\\/archives\\\/1035419#primaryimage\"},\"thumbnailUrl\":\"https:\\\/\\\/darkamazi.site\\\/darka-content\\\/uploads\\\/2025\\\/10\\\/indir.jpeg\",\"articleSection\":[\"Kurdistan\"],\"inLanguage\":\"en-US\"},{\"@type\":\"WebPage\",\"@id\":\"https:\\\/\\\/darkamazi.site\\\/archives\\\/1035419\",\"url\":\"https:\\\/\\\/darkamazi.site\\\/archives\\\/1035419\",\"name\":\"S\u00fcleymaniye-\u0130stanbul seferleri kas\u0131m ay\u0131nda ba\u015fl\u0131yor - Darka Mazi\",\"isPartOf\":{\"@id\":\"https:\\\/\\\/darkamazi.site\\\/#website\"},\"primaryImageOfPage\":{\"@id\":\"https:\\\/\\\/darkamazi.site\\\/archives\\\/1035419#primaryimage\"},\"image\":{\"@id\":\"https:\\\/\\\/darkamazi.site\\\/archives\\\/1035419#primaryimage\"},\"thumbnailUrl\":\"https:\\\/\\\/darkamazi.site\\\/darka-content\\\/uploads\\\/2025\\\/10\\\/indir.jpeg\",\"datePublished\":\"2025-10-18T13:13:33+00:00\",\"dateModified\":\"2026-03-31T13:17:31+00:00\",\"breadcrumb\":{\"@id\":\"https:\\\/\\\/darkamazi.site\\\/archives\\\/1035419#breadcrumb\"},\"inLanguage\":\"en-US\",\"potentialAction\":[{\"@type\":\"ReadAction\",\"target\":[\"https:\\\/\\\/darkamazi.site\\\/archives\\\/1035419\"]}]},{\"@type\":\"ImageObject\",\"inLanguage\":\"en-US\",\"@id\":\"https:\\\/\\\/darkamazi.site\\\/archives\\\/1035419#primaryimage\",\"url\":\"https:\\\/\\\/darkamazi.site\\\/darka-content\\\/uploads\\\/2025\\\/10\\\/indir.jpeg\",\"contentUrl\":\"https:\\\/\\\/darkamazi.site\\\/darka-content\\\/uploads\\\/2025\\\/10\\\/indir.jpeg\",\"width\":300,\"height\":168,\"caption\":\"S\u00fcleymaniye-\u0130stanbul seferleri kas\u0131m ay\u0131nda ba\u015fl\u0131yor\"},{\"@type\":\"BreadcrumbList\",\"@id\":\"https:\\\/\\\/darkamazi.site\\\/archives\\\/1035419#breadcrumb\",\"itemListElement\":[{\"@type\":\"ListItem\",\"position\":1,\"name\":\"Home\",\"item\":\"https:\\\/\\\/darkamazi.site\\\/\"},{\"@type\":\"ListItem\",\"position\":2,\"name\":\"S\u00fcleymaniye-\u0130stanbul seferleri kas\u0131m ay\u0131nda ba\u015fl\u0131yor\"}]},{\"@type\":\"WebSite\",\"@id\":\"https:\\\/\\\/darkamazi.site\\\/#website\",\"url\":\"https:\\\/\\\/darkamazi.site\\\/\",\"name\":\"Darka Mazi\",\"description\":\"Ana Sayfa\",\"publisher\":{\"@id\":\"https:\\\/\\\/darkamazi.site\\\/#organization\"},\"potentialAction\":[{\"@type\":\"SearchAction\",\"target\":{\"@type\":\"EntryPoint\",\"urlTemplate\":\"https:\\\/\\\/darkamazi.site\\\/?s={search_term_string}\"},\"query-input\":{\"@type\":\"PropertyValueSpecification\",\"valueRequired\":true,\"valueName\":\"search_term_string\"}}],\"inLanguage\":\"en-US\"},{\"@type\":\"Organization\",\"@id\":\"https:\\\/\\\/darkamazi.site\\\/#organization\",\"name\":\"Darka Mazi T\u00fcrk\u00e7e\",\"alternateName\":\"Darka Mazi\",\"url\":\"https:\\\/\\\/darkamazi.site\\\/\",\"logo\":{\"@type\":\"ImageObject\",\"inLanguage\":\"en-US\",\"@id\":\"https:\\\/\\\/darkamazi.site\\\/#\\\/schema\\\/logo\\\/image\\\/\",\"url\":\"https:\\\/\\\/darkamazi.site\\\/darka-content\\\/uploads\\\/2017\\\/12\\\/darka-mazi-logo.png\",\"contentUrl\":\"https:\\\/\\\/darkamazi.site\\\/darka-content\\\/uploads\\\/2017\\\/12\\\/darka-mazi-logo.png\",\"width\":151,\"height\":75,\"caption\":\"Darka Mazi T\u00fcrk\u00e7e\"},\"image\":{\"@id\":\"https:\\\/\\\/darkamazi.site\\\/#\\\/schema\\\/logo\\\/image\\\/\"},\"sameAs\":[\"https:\\\/\\\/www.facebook.com\\\/DarkaMaziturkce\",\"https:\\\/\\\/x.com\\\/DarkaMaziTurkce\"]},{\"@type\":\"Person\",\"@id\":\"https:\\\/\\\/darkamazi.site\\\/#\\\/schema\\\/person\\\/67986a95ac546c16760365877ef4a9d3\",\"name\":\"darka mazi\",\"sameAs\":[\"https:\\\/\\\/darkamazi.site\"],\"url\":\"https:\\\/\\\/darkamazi.site\\\/archives\\\/author\\\/turkish\"}]}<\/script>\n<!-- \/ Yoast SEO plugin. -->","seo_head_json":{"title":"S\u00fcleymaniye-\u0130stanbul seferleri kas\u0131m ay\u0131nda ba\u015fl\u0131yor - Darka Mazi","robots":{"index":"index","follow":"follow","max-snippet":"max-snippet:-1","max-image-preview":"max-image-preview:large","max-video-preview":"max-video-preview:-1"},"canonical":"https:\/\/darkamazi.site\/archives\/1035419","og_locale":"en_US","og_type":"article","og_title":"S\u00fcleymaniye-\u0130stanbul seferleri kas\u0131m ay\u0131nda ba\u015fl\u0131yor - Darka Mazi","og_description":"T\u00fcrk Sivil Havac\u0131l\u0131k Kurumunun u\u00e7u\u015f takvimine g\u00f6re T\u00fcrk Hava Yollar\u0131, S\u00fcleymaniye Uluslararas\u0131 Havaliman\u0131na u\u00e7u\u015flar\u0131n\u0131 \u00f6n\u00fcm\u00fczdeki ay\u0131n ba\u015f\u0131nda yeniden ba\u015flatacak. T\u00fcrk Hava Yollar\u0131n\u0131n S\u00fcleymaniye Uluslararas\u0131 Havaliman\u0131na g\u00f6nderdi\u011fi programda, \u0130stanbul-S\u00fcleymaniye aras\u0131ndaki kar\u015f\u0131l\u0131kl\u0131 u\u00e7u\u015flar 3 Kas\u0131m 2025&#8217;te yeniden ba\u015flayaca\u011f\u0131 belirtildi. S\u00fcleymaniye Havaliman\u0131 Halkla \u0130li\u015fkiler ve Medya Departman\u0131, \u00f6n\u00fcm\u00fczdeki ay u\u00e7u\u015flar\u0131n yeniden ba\u015flamas\u0131yla birlikte S\u00fcleymaniye Uluslararas\u0131 Havaliman\u0131 ile \u0130stanbul, [&hellip;]","og_url":"https:\/\/darkamazi.site\/archives\/1035419","og_site_name":"Darka Mazi","article_publisher":"https:\/\/www.facebook.com\/DarkaMaziturkce","article_published_time":"2025-10-18T13:13:33+00:00","article_modified_time":"2026-03-31T13:17:31+00:00","og_image":[{"width":300,"height":168,"url":"https:\/\/darkamazi.site\/file\/2025\/10\/indir.jpeg","type":"image\/jpeg"}],"author":"darka mazi","twitter_card":"summary_large_image","twitter_creator":"@DarkaMaziTurkce","twitter_site":"@DarkaMaziTurkce","twitter_misc":{"Written by":"darka mazi","Est. reading time":"1 minute"},"schema":{"@context":"https:\/\/schema.org","@graph":[{"@type":"NewsArticle","@id":"https:\/\/darkamazi.site\/archives\/1035419#article","isPartOf":{"@id":"https:\/\/darkamazi.site\/archives\/1035419"},"author":{"name":"darka mazi","@id":"https:\/\/darkamazi.site\/#\/schema\/person\/67986a95ac546c16760365877ef4a9d3"},"headline":"S\u00fcleymaniye-\u0130stanbul seferleri kas\u0131m ay\u0131nda ba\u015fl\u0131yor","datePublished":"2025-10-18T13:13:33+00:00","dateModified":"2026-03-31T13:17:31+00:00","mainEntityOfPage":{"@id":"https:\/\/darkamazi.site\/archives\/1035419"},"wordCount":252,"publisher":{"@id":"https:\/\/darkamazi.site\/#organization"},"image":{"@id":"https:\/\/darkamazi.site\/archives\/1035419#primaryimage"},"thumbnailUrl":"https:\/\/darkamazi.site\/file\/2025\/10\/indir.jpeg","articleSection":["Kurdistan"],"inLanguage":"en-US"},{"@type":"WebPage","@id":"https:\/\/darkamazi.site\/archives\/1035419","url":"https:\/\/darkamazi.site\/archives\/1035419","name":"S\u00fcleymaniye-\u0130stanbul seferleri kas\u0131m ay\u0131nda ba\u015fl\u0131yor - Darka Mazi","isPartOf":{"@id":"https:\/\/darkamazi.site\/#website"},"primaryImageOfPage":{"@id":"https:\/\/darkamazi.site\/archives\/1035419#primaryimage"},"image":{"@id":"https:\/\/darkamazi.site\/archives\/1035419#primaryimage"},"thumbnailUrl":"https:\/\/darkamazi.site\/file\/2025\/10\/indir.jpeg","datePublished":"2025-10-18T13:13:33+00:00","dateModified":"2026-03-31T13:17:31+00:00","breadcrumb":{"@id":"https:\/\/darkamazi.site\/archives\/1035419#breadcrumb"},"inLanguage":"en-US","potentialAction":[{"@type":"ReadAction","target":["https:\/\/darkamazi.site\/archives\/1035419"]}]},{"@type":"ImageObject","inLanguage":"en-US","@id":"https:\/\/darkamazi.site\/archives\/1035419#primaryimage","url":"https:\/\/darkamazi.site\/file\/2025\/10\/indir.jpeg","contentUrl":"https:\/\/darkamazi.site\/file\/2025\/10\/indir.jpeg","width":300,"height":168,"caption":"S\u00fcleymaniye-\u0130stanbul seferleri kas\u0131m ay\u0131nda ba\u015fl\u0131yor"},{"@type":"BreadcrumbList","@id":"https:\/\/darkamazi.site\/archives\/1035419#breadcrumb","itemListElement":[{"@type":"ListItem","position":1,"name":"Home","item":"https:\/\/darkamazi.site\/"},{"@type":"ListItem","position":2,"name":"S\u00fcleymaniye-\u0130stanbul seferleri kas\u0131m ay\u0131nda ba\u015fl\u0131yor"}]},{"@type":"WebSite","@id":"https:\/\/darkamazi.site\/#website","url":"https:\/\/darkamazi.site\/","name":"Darka Mazi","description":"Ana Sayfa","publisher":{"@id":"https:\/\/darkamazi.site\/#organization"},"potentialAction":[{"@type":"SearchAction","target":{"@type":"EntryPoint","urlTemplate":"https:\/\/darkamazi.site\/?s={search_term_string}"},"query-input":{"@type":"PropertyValueSpecification","valueRequired":true,"valueName":"search_term_string"}}],"inLanguage":"en-US"},{"@type":"Organization","@id":"https:\/\/darkamazi.site\/#organization","name":"Darka Mazi T\u00fcrk\u00e7e","alternateName":"Darka Mazi","url":"https:\/\/darkamazi.site\/","logo":{"@type":"ImageObject","inLanguage":"en-US","@id":"https:\/\/darkamazi.site\/#\/schema\/logo\/image\/","url":"https:\/\/darkamazi.site\/file\/2017\/12\/darka-mazi-logo.png","contentUrl":"https:\/\/darkamazi.site\/file\/2017\/12\/darka-mazi-logo.png","width":151,"height":75,"caption":"Darka Mazi T\u00fcrk\u00e7e"},"image":{"@id":"https:\/\/darkamazi.site\/#\/schema\/logo\/image\/"},"sameAs":["https:\/\/www.facebook.com\/DarkaMaziturkce","https:\/\/x.com\/DarkaMaziTurkce"]},{"@type":"Person","@id":"https:\/\/darkamazi.site\/#\/schema\/person\/67986a95ac546c16760365877ef4a9d3","name":"darka mazi","sameAs":["https:\/\/darkamazi.site"],"url":"https:\/\/darkamazi.site\/archives\/author\/turkish"}]}},"_links":{"self":[{"href":"https:\/\/darkamazi.site\/funavuv\/wp\/v2\/posts\/1035419","targetHints":{"allow":["GET"]}}],"collection":[{"href":"https:\/\/darkamazi.site\/funavuv\/wp\/v2\/posts"}],"about":[{"href":"https:\/\/darkamazi.site\/funavuv\/wp\/v2\/types\/post"}],"author":[{"embeddable":true,"href":"https:\/\/darkamazi.site\/funavuv\/wp\/v2\/users\/2"}],"replies":[{"embeddable":true,"href":"https:\/\/darkamazi.site\/funavuv\/wp\/v2\/comments?post=1035419"}],"version-history":[{"count":0,"href":"https:\/\/darkamazi.site\/funavuv\/wp\/v2\/posts\/1035419\/revisions"}],"wp:featuredmedia":[{"embeddable":true,"href":"https:\/\/darkamazi.site\/funavuv\/wp\/v2\/media\/1035421"}],"wp:attachment":[{"href":"https:\/\/darkamazi.site\/funavuv\/wp\/v2\/media?parent=1035419"}],"wp:term":[{"taxonomy":"category","embeddable":true,"href":"https:\/\/darkamazi.site\/funavuv\/wp\/v2\/categories?post=1035419"},{"taxonomy":"post_tag","embeddable":true,"href":"https:\/\/darkamazi.site\/funavuv\/wp\/v2\/tags?post=1035419"}],"curies":[{"name":"wp","href":"https:\/\/api.w.org\/{rel}","templated":true}]}}