{"id":1035423,"date":"2025-10-18T16:31:57","date_gmt":"2025-10-18T13:31:57","guid":{"rendered":"https:\/\/darkamazi.site\/?p=1035423"},"modified":"2026-03-31T16:17:31","modified_gmt":"2026-03-31T13:17:31","slug":"irakta-20den-fazla-bolge-collesti","status":"publish","type":"post","link":"https:\/\/darkamazi.site\/archives\/1035423","title":{"rendered":"Irak&#8217;ta 20&#8217;den fazla b\u00f6lge \u00e7\u00f6lle\u015fti"},"content":{"rendered":"<p><strong>\u00c7\u00f6lle\u015fme krizi Irak&#8217;\u0131n 20&#8217;den fazla b\u00f6lgesini etkilerken, bu tehlikeli \u00e7evresel olgu, Irak&#8217;\u0131 kurakl\u0131k nedeniyle b\u00f6lgede en \u00e7ok etkilenen \u00fclkelerden biri haline getirdi.<\/strong><\/p>\n<p>\u00c7\u00f6lle\u015fme ve kurakl\u0131k, iki nehir \u00fclkesi Irak i\u00e7in iki b\u00fcy\u00fck tehdit olu\u015ftururken, etkileri her ge\u00e7en y\u0131l daha da bariz hale geliyor.<\/p>\n<p>Irak, iklim de\u011fi\u015fikli\u011finden en \u00e7ok etkilenen be\u015finci \u00fclke oldu.<\/p>\n<p>\u00c7ift\u00e7i Ali Abdulkazim, Kurdistan24&#8217;e yapt\u0131\u011f\u0131 a\u00e7\u0131klamada, h\u00fck\u00fcmetin su krizi i\u00e7in uzun vadeli bir plana sahip olmas\u0131 gerekti\u011fini vurgulayarak,\u00a0&#8220;Kurakl\u0131k nedeniyle epeyce zorluk \u00e7ektik. Tarlalar\u0131m\u0131z ve a\u011fa\u00e7lar\u0131m\u0131z yok oldu. F\u0131rat Nehri \u00fczerinde baraj yap\u0131lmas\u0131n\u0131 talep ediyoruz. Kurakl\u0131k nedeniyle hayvanlar\u0131m\u0131z, ku\u015flar\u0131m\u0131z ve bal\u0131klar\u0131m\u0131z telef oldu.&#8221; dedi.<\/p>\n<p>Abdulkazim, ayr\u0131ca yetkililere F\u0131rat Nehri&#8217;ni ziyaret etmeye ve sorunu \u00e7\u00f6zmeye \u00e7a\u011f\u0131rd\u0131.<\/p>\n<p>K\u00fcrdistan B\u00f6lgesi H\u00fck\u00fcmeti, su g\u00fcvenli\u011fini korumak i\u00e7in stratejik bir plan haz\u0131rlad\u0131 ve yaln\u0131zca bu y\u0131l 24 baraj\u0131n daha tamamlanmas\u0131 bekleniyor.<\/p>\n<p>K\u00fcrdistan B\u00f6lgesi&#8217;nin \u00fc\u00e7\u00fcnc\u00fc b\u00fcy\u00fck, Erbil ilinin ise en b\u00fcy\u00fck baraj\u0131 olanGomespan Baraj\u0131, y\u00fczlerce \u00e7ift\u00e7i ve hayvanc\u0131 i\u00e7in \u00f6nemli bir su kayna\u011f\u0131 haline geldi.<\/p>\n<p>Gomespan sakini Hasan Sabir, sulama i\u00e7in hayvanlar\u0131n\u0131 buraya getirdi\u011fini belirterek, baraj sayesinde hayvanc\u0131lar\u0131n \u00e7ok rahat ettiklerini s\u00f6yledi.<\/p>\n<p>K\u00fcrdistan B\u00f6lgesi&#8217;nde son d\u00f6rt y\u0131lda 8 baraj ve 8 g\u00f6letin in\u015fas\u0131 tamamland\u0131.<\/p>\n<p>\u0130n\u015faat\u0131 devam eden di\u011fer g\u00f6letlerin toplam su emme kapasitesi y\u0131lda \u00fc\u00e7 milyar metrek\u00fcp.<\/p>\n","protected":false},"excerpt":{"rendered":"<p>\u00c7\u00f6lle\u015fme krizi Irak&#8217;\u0131n 20&#8217;den fazla b\u00f6lgesini etkilerken, bu tehlikeli \u00e7evresel olgu, Irak&#8217;\u0131 kurakl\u0131k nedeniyle b\u00f6lgede en \u00e7ok etkilenen \u00fclkelerden biri haline getirdi. \u00c7\u00f6lle\u015fme ve kurakl\u0131k, iki nehir \u00fclkesi Irak i\u00e7in iki b\u00fcy\u00fck tehdit olu\u015ftururken, etkileri her ge\u00e7en y\u0131l daha da bariz hale geliyor. Irak, iklim de\u011fi\u015fikli\u011finden en \u00e7ok etkilenen be\u015finci \u00fclke oldu. \u00c7ift\u00e7i Ali Abdulkazim, [&hellip;]<\/p>\n","protected":false},"author":2,"featured_media":1035424,"comment_status":"closed","ping_status":"closed","sticky":false,"template":"","format":"standard","meta":{"footnotes":""},"categories":[29],"tags":[],"class_list":["post-1035423","post","type-post","status-publish","format-standard","has-post-thumbnail","hentry","category-ortadogu"],"blocksy_meta":[],"seo_head":"<!-- This site is optimized with the Yoast SEO plugin v27.5 - https:\/\/yoast.com\/product\/yoast-seo-wordpress\/ -->\n<title>Irak&#039;ta 20&#039;den fazla b\u00f6lge \u00e7\u00f6lle\u015fti - Darka Mazi<\/title>\n<meta name=\"robots\" content=\"index, follow, max-snippet:-1, max-image-preview:large, max-video-preview:-1\" \/>\n<link rel=\"canonical\" href=\"https:\/\/darkamazi.site\/archives\/1035423\" \/>\n<meta property=\"og:locale\" content=\"en_US\" \/>\n<meta property=\"og:type\" content=\"article\" \/>\n<meta property=\"og:title\" content=\"Irak&#039;ta 20&#039;den fazla b\u00f6lge \u00e7\u00f6lle\u015fti - Darka Mazi\" \/>\n<meta property=\"og:description\" content=\"\u00c7\u00f6lle\u015fme krizi Irak&#8217;\u0131n 20&#8217;den fazla b\u00f6lgesini etkilerken, bu tehlikeli \u00e7evresel olgu, Irak&#8217;\u0131 kurakl\u0131k nedeniyle b\u00f6lgede en \u00e7ok etkilenen \u00fclkelerden biri haline getirdi. \u00c7\u00f6lle\u015fme ve kurakl\u0131k, iki nehir \u00fclkesi Irak i\u00e7in iki b\u00fcy\u00fck tehdit olu\u015ftururken, etkileri her ge\u00e7en y\u0131l daha da bariz hale geliyor. Irak, iklim de\u011fi\u015fikli\u011finden en \u00e7ok etkilenen be\u015finci \u00fclke oldu. \u00c7ift\u00e7i Ali Abdulkazim, [&hellip;]\" \/>\n<meta property=\"og:url\" content=\"https:\/\/darkamazi.site\/archives\/1035423\" \/>\n<meta property=\"og:site_name\" content=\"Darka Mazi\" \/>\n<meta property=\"article:publisher\" content=\"https:\/\/www.facebook.com\/DarkaMaziturkce\" \/>\n<meta property=\"article:published_time\" content=\"2025-10-18T13:31:57+00:00\" \/>\n<meta property=\"article:modified_time\" content=\"2026-03-31T13:17:31+00:00\" \/>\n<meta property=\"og:image\" content=\"https:\/\/darkamazi.site\/file\/2025\/10\/1760779804_kurdistan24.jpg\" \/>\n\t<meta property=\"og:image:width\" content=\"1562\" \/>\n\t<meta property=\"og:image:height\" content=\"878\" \/>\n\t<meta property=\"og:image:type\" content=\"image\/jpeg\" \/>\n<meta name=\"author\" content=\"darka mazi\" \/>\n<meta name=\"twitter:card\" content=\"summary_large_image\" \/>\n<meta name=\"twitter:creator\" content=\"@DarkaMaziTurkce\" \/>\n<meta name=\"twitter:site\" content=\"@DarkaMaziTurkce\" \/>\n<meta name=\"twitter:label1\" content=\"Written by\" \/>\n\t<meta name=\"twitter:data1\" content=\"darka mazi\" \/>\n\t<meta name=\"twitter:label2\" content=\"Est. reading time\" \/>\n\t<meta name=\"twitter:data2\" content=\"2 minutes\" \/>\n<script type=\"application\/ld+json\" class=\"seo-schema-graph\">{\"@context\":\"https:\\\/\\\/schema.org\",\"@graph\":[{\"@type\":\"NewsArticle\",\"@id\":\"https:\\\/\\\/darkamazi.site\\\/archives\\\/1035423#article\",\"isPartOf\":{\"@id\":\"https:\\\/\\\/darkamazi.site\\\/archives\\\/1035423\"},\"author\":{\"name\":\"darka mazi\",\"@id\":\"https:\\\/\\\/darkamazi.site\\\/#\\\/schema\\\/person\\\/67986a95ac546c16760365877ef4a9d3\"},\"headline\":\"Irak&#8217;ta 20&#8217;den fazla b\u00f6lge \u00e7\u00f6lle\u015fti\",\"datePublished\":\"2025-10-18T13:31:57+00:00\",\"dateModified\":\"2026-03-31T13:17:31+00:00\",\"mainEntityOfPage\":{\"@id\":\"https:\\\/\\\/darkamazi.site\\\/archives\\\/1035423\"},\"wordCount\":282,\"publisher\":{\"@id\":\"https:\\\/\\\/darkamazi.site\\\/#organization\"},\"image\":{\"@id\":\"https:\\\/\\\/darkamazi.site\\\/archives\\\/1035423#primaryimage\"},\"thumbnailUrl\":\"https:\\\/\\\/darkamazi.site\\\/darka-content\\\/uploads\\\/2025\\\/10\\\/1760779804_kurdistan24.jpg\",\"articleSection\":[\"Ortado\u011fu\"],\"inLanguage\":\"en-US\"},{\"@type\":\"WebPage\",\"@id\":\"https:\\\/\\\/darkamazi.site\\\/archives\\\/1035423\",\"url\":\"https:\\\/\\\/darkamazi.site\\\/archives\\\/1035423\",\"name\":\"Irak'ta 20'den fazla b\u00f6lge \u00e7\u00f6lle\u015fti - Darka Mazi\",\"isPartOf\":{\"@id\":\"https:\\\/\\\/darkamazi.site\\\/#website\"},\"primaryImageOfPage\":{\"@id\":\"https:\\\/\\\/darkamazi.site\\\/archives\\\/1035423#primaryimage\"},\"image\":{\"@id\":\"https:\\\/\\\/darkamazi.site\\\/archives\\\/1035423#primaryimage\"},\"thumbnailUrl\":\"https:\\\/\\\/darkamazi.site\\\/darka-content\\\/uploads\\\/2025\\\/10\\\/1760779804_kurdistan24.jpg\",\"datePublished\":\"2025-10-18T13:31:57+00:00\",\"dateModified\":\"2026-03-31T13:17:31+00:00\",\"breadcrumb\":{\"@id\":\"https:\\\/\\\/darkamazi.site\\\/archives\\\/1035423#breadcrumb\"},\"inLanguage\":\"en-US\",\"potentialAction\":[{\"@type\":\"ReadAction\",\"target\":[\"https:\\\/\\\/darkamazi.site\\\/archives\\\/1035423\"]}]},{\"@type\":\"ImageObject\",\"inLanguage\":\"en-US\",\"@id\":\"https:\\\/\\\/darkamazi.site\\\/archives\\\/1035423#primaryimage\",\"url\":\"https:\\\/\\\/darkamazi.site\\\/darka-content\\\/uploads\\\/2025\\\/10\\\/1760779804_kurdistan24.jpg\",\"contentUrl\":\"https:\\\/\\\/darkamazi.site\\\/darka-content\\\/uploads\\\/2025\\\/10\\\/1760779804_kurdistan24.jpg\",\"width\":1562,\"height\":878,\"caption\":\"Irak'ta 20'den fazla b\u00f6lge \u00e7\u00f6lle\u015fti\"},{\"@type\":\"BreadcrumbList\",\"@id\":\"https:\\\/\\\/darkamazi.site\\\/archives\\\/1035423#breadcrumb\",\"itemListElement\":[{\"@type\":\"ListItem\",\"position\":1,\"name\":\"Home\",\"item\":\"https:\\\/\\\/darkamazi.site\\\/\"},{\"@type\":\"ListItem\",\"position\":2,\"name\":\"Irak&#8217;ta 20&#8217;den fazla b\u00f6lge \u00e7\u00f6lle\u015fti\"}]},{\"@type\":\"WebSite\",\"@id\":\"https:\\\/\\\/darkamazi.site\\\/#website\",\"url\":\"https:\\\/\\\/darkamazi.site\\\/\",\"name\":\"Darka Mazi\",\"description\":\"Ana Sayfa\",\"publisher\":{\"@id\":\"https:\\\/\\\/darkamazi.site\\\/#organization\"},\"potentialAction\":[{\"@type\":\"SearchAction\",\"target\":{\"@type\":\"EntryPoint\",\"urlTemplate\":\"https:\\\/\\\/darkamazi.site\\\/?s={search_term_string}\"},\"query-input\":{\"@type\":\"PropertyValueSpecification\",\"valueRequired\":true,\"valueName\":\"search_term_string\"}}],\"inLanguage\":\"en-US\"},{\"@type\":\"Organization\",\"@id\":\"https:\\\/\\\/darkamazi.site\\\/#organization\",\"name\":\"Darka Mazi T\u00fcrk\u00e7e\",\"alternateName\":\"Darka Mazi\",\"url\":\"https:\\\/\\\/darkamazi.site\\\/\",\"logo\":{\"@type\":\"ImageObject\",\"inLanguage\":\"en-US\",\"@id\":\"https:\\\/\\\/darkamazi.site\\\/#\\\/schema\\\/logo\\\/image\\\/\",\"url\":\"https:\\\/\\\/darkamazi.site\\\/darka-content\\\/uploads\\\/2017\\\/12\\\/darka-mazi-logo.png\",\"contentUrl\":\"https:\\\/\\\/darkamazi.site\\\/darka-content\\\/uploads\\\/2017\\\/12\\\/darka-mazi-logo.png\",\"width\":151,\"height\":75,\"caption\":\"Darka Mazi T\u00fcrk\u00e7e\"},\"image\":{\"@id\":\"https:\\\/\\\/darkamazi.site\\\/#\\\/schema\\\/logo\\\/image\\\/\"},\"sameAs\":[\"https:\\\/\\\/www.facebook.com\\\/DarkaMaziturkce\",\"https:\\\/\\\/x.com\\\/DarkaMaziTurkce\"]},{\"@type\":\"Person\",\"@id\":\"https:\\\/\\\/darkamazi.site\\\/#\\\/schema\\\/person\\\/67986a95ac546c16760365877ef4a9d3\",\"name\":\"darka mazi\",\"sameAs\":[\"https:\\\/\\\/darkamazi.site\"],\"url\":\"https:\\\/\\\/darkamazi.site\\\/archives\\\/author\\\/turkish\"}]}<\/script>\n<!-- \/ Yoast SEO plugin. -->","seo_head_json":{"title":"Irak'ta 20'den fazla b\u00f6lge \u00e7\u00f6lle\u015fti - Darka Mazi","robots":{"index":"index","follow":"follow","max-snippet":"max-snippet:-1","max-image-preview":"max-image-preview:large","max-video-preview":"max-video-preview:-1"},"canonical":"https:\/\/darkamazi.site\/archives\/1035423","og_locale":"en_US","og_type":"article","og_title":"Irak'ta 20'den fazla b\u00f6lge \u00e7\u00f6lle\u015fti - Darka Mazi","og_description":"\u00c7\u00f6lle\u015fme krizi Irak&#8217;\u0131n 20&#8217;den fazla b\u00f6lgesini etkilerken, bu tehlikeli \u00e7evresel olgu, Irak&#8217;\u0131 kurakl\u0131k nedeniyle b\u00f6lgede en \u00e7ok etkilenen \u00fclkelerden biri haline getirdi. \u00c7\u00f6lle\u015fme ve kurakl\u0131k, iki nehir \u00fclkesi Irak i\u00e7in iki b\u00fcy\u00fck tehdit olu\u015ftururken, etkileri her ge\u00e7en y\u0131l daha da bariz hale geliyor. Irak, iklim de\u011fi\u015fikli\u011finden en \u00e7ok etkilenen be\u015finci \u00fclke oldu. \u00c7ift\u00e7i Ali Abdulkazim, [&hellip;]","og_url":"https:\/\/darkamazi.site\/archives\/1035423","og_site_name":"Darka Mazi","article_publisher":"https:\/\/www.facebook.com\/DarkaMaziturkce","article_published_time":"2025-10-18T13:31:57+00:00","article_modified_time":"2026-03-31T13:17:31+00:00","og_image":[{"width":1562,"height":878,"url":"https:\/\/darkamazi.site\/file\/2025\/10\/1760779804_kurdistan24.jpg","type":"image\/jpeg"}],"author":"darka mazi","twitter_card":"summary_large_image","twitter_creator":"@DarkaMaziTurkce","twitter_site":"@DarkaMaziTurkce","twitter_misc":{"Written by":"darka mazi","Est. reading time":"2 minutes"},"schema":{"@context":"https:\/\/schema.org","@graph":[{"@type":"NewsArticle","@id":"https:\/\/darkamazi.site\/archives\/1035423#article","isPartOf":{"@id":"https:\/\/darkamazi.site\/archives\/1035423"},"author":{"name":"darka mazi","@id":"https:\/\/darkamazi.site\/#\/schema\/person\/67986a95ac546c16760365877ef4a9d3"},"headline":"Irak&#8217;ta 20&#8217;den fazla b\u00f6lge \u00e7\u00f6lle\u015fti","datePublished":"2025-10-18T13:31:57+00:00","dateModified":"2026-03-31T13:17:31+00:00","mainEntityOfPage":{"@id":"https:\/\/darkamazi.site\/archives\/1035423"},"wordCount":282,"publisher":{"@id":"https:\/\/darkamazi.site\/#organization"},"image":{"@id":"https:\/\/darkamazi.site\/archives\/1035423#primaryimage"},"thumbnailUrl":"https:\/\/darkamazi.site\/file\/2025\/10\/1760779804_kurdistan24.jpg","articleSection":["Ortado\u011fu"],"inLanguage":"en-US"},{"@type":"WebPage","@id":"https:\/\/darkamazi.site\/archives\/1035423","url":"https:\/\/darkamazi.site\/archives\/1035423","name":"Irak'ta 20'den fazla b\u00f6lge \u00e7\u00f6lle\u015fti - Darka Mazi","isPartOf":{"@id":"https:\/\/darkamazi.site\/#website"},"primaryImageOfPage":{"@id":"https:\/\/darkamazi.site\/archives\/1035423#primaryimage"},"image":{"@id":"https:\/\/darkamazi.site\/archives\/1035423#primaryimage"},"thumbnailUrl":"https:\/\/darkamazi.site\/file\/2025\/10\/1760779804_kurdistan24.jpg","datePublished":"2025-10-18T13:31:57+00:00","dateModified":"2026-03-31T13:17:31+00:00","breadcrumb":{"@id":"https:\/\/darkamazi.site\/archives\/1035423#breadcrumb"},"inLanguage":"en-US","potentialAction":[{"@type":"ReadAction","target":["https:\/\/darkamazi.site\/archives\/1035423"]}]},{"@type":"ImageObject","inLanguage":"en-US","@id":"https:\/\/darkamazi.site\/archives\/1035423#primaryimage","url":"https:\/\/darkamazi.site\/file\/2025\/10\/1760779804_kurdistan24.jpg","contentUrl":"https:\/\/darkamazi.site\/file\/2025\/10\/1760779804_kurdistan24.jpg","width":1562,"height":878,"caption":"Irak'ta 20'den fazla b\u00f6lge \u00e7\u00f6lle\u015fti"},{"@type":"BreadcrumbList","@id":"https:\/\/darkamazi.site\/archives\/1035423#breadcrumb","itemListElement":[{"@type":"ListItem","position":1,"name":"Home","item":"https:\/\/darkamazi.site\/"},{"@type":"ListItem","position":2,"name":"Irak&#8217;ta 20&#8217;den fazla b\u00f6lge \u00e7\u00f6lle\u015fti"}]},{"@type":"WebSite","@id":"https:\/\/darkamazi.site\/#website","url":"https:\/\/darkamazi.site\/","name":"Darka Mazi","description":"Ana Sayfa","publisher":{"@id":"https:\/\/darkamazi.site\/#organization"},"potentialAction":[{"@type":"SearchAction","target":{"@type":"EntryPoint","urlTemplate":"https:\/\/darkamazi.site\/?s={search_term_string}"},"query-input":{"@type":"PropertyValueSpecification","valueRequired":true,"valueName":"search_term_string"}}],"inLanguage":"en-US"},{"@type":"Organization","@id":"https:\/\/darkamazi.site\/#organization","name":"Darka Mazi T\u00fcrk\u00e7e","alternateName":"Darka Mazi","url":"https:\/\/darkamazi.site\/","logo":{"@type":"ImageObject","inLanguage":"en-US","@id":"https:\/\/darkamazi.site\/#\/schema\/logo\/image\/","url":"https:\/\/darkamazi.site\/file\/2017\/12\/darka-mazi-logo.png","contentUrl":"https:\/\/darkamazi.site\/file\/2017\/12\/darka-mazi-logo.png","width":151,"height":75,"caption":"Darka Mazi T\u00fcrk\u00e7e"},"image":{"@id":"https:\/\/darkamazi.site\/#\/schema\/logo\/image\/"},"sameAs":["https:\/\/www.facebook.com\/DarkaMaziturkce","https:\/\/x.com\/DarkaMaziTurkce"]},{"@type":"Person","@id":"https:\/\/darkamazi.site\/#\/schema\/person\/67986a95ac546c16760365877ef4a9d3","name":"darka mazi","sameAs":["https:\/\/darkamazi.site"],"url":"https:\/\/darkamazi.site\/archives\/author\/turkish"}]}},"_links":{"self":[{"href":"https:\/\/darkamazi.site\/funavuv\/wp\/v2\/posts\/1035423","targetHints":{"allow":["GET"]}}],"collection":[{"href":"https:\/\/darkamazi.site\/funavuv\/wp\/v2\/posts"}],"about":[{"href":"https:\/\/darkamazi.site\/funavuv\/wp\/v2\/types\/post"}],"author":[{"embeddable":true,"href":"https:\/\/darkamazi.site\/funavuv\/wp\/v2\/users\/2"}],"replies":[{"embeddable":true,"href":"https:\/\/darkamazi.site\/funavuv\/wp\/v2\/comments?post=1035423"}],"version-history":[{"count":0,"href":"https:\/\/darkamazi.site\/funavuv\/wp\/v2\/posts\/1035423\/revisions"}],"wp:featuredmedia":[{"embeddable":true,"href":"https:\/\/darkamazi.site\/funavuv\/wp\/v2\/media\/1035424"}],"wp:attachment":[{"href":"https:\/\/darkamazi.site\/funavuv\/wp\/v2\/media?parent=1035423"}],"wp:term":[{"taxonomy":"category","embeddable":true,"href":"https:\/\/darkamazi.site\/funavuv\/wp\/v2\/categories?post=1035423"},{"taxonomy":"post_tag","embeddable":true,"href":"https:\/\/darkamazi.site\/funavuv\/wp\/v2\/tags?post=1035423"}],"curies":[{"name":"wp","href":"https:\/\/api.w.org\/{rel}","templated":true}]}}