{"id":1035426,"date":"2025-10-18T17:39:38","date_gmt":"2025-10-18T14:39:38","guid":{"rendered":"https:\/\/darkamazi.site\/?p=1035426"},"modified":"2026-03-31T16:17:31","modified_gmt":"2026-03-31T13:17:31","slug":"uluslararasi-af-orgutu-iranda-bu-yil-1000den-fazla-kisi-idam-edildi","status":"publish","type":"post","link":"https:\/\/darkamazi.site\/archives\/1035426","title":{"rendered":"Uluslararas\u0131 Af \u00d6rg\u00fct\u00fc: \u0130ran\u2019da bu y\u0131l 1000\u2019den fazla ki\u015fi idam edildi"},"content":{"rendered":"<p><strong>Uluslararas\u0131 Af \u00d6rg\u00fct\u00fc, \u0130ran\u2019da 2025 y\u0131l\u0131 ba\u015f\u0131ndan bu yana 1000\u2019den fazla ki\u015finin idam edildi\u011fini bildirirken, Birle\u015fmi\u015f Milletler&#8217;in (BM) \u0130ran\u2019\u0131n infaz politikas\u0131na m\u00fcdahale etmesi gerekti\u011fini vurgulad\u0131.<\/strong><\/p>\n<p>Uluslararas\u0131 Af \u00d6rg\u00fct\u00fc Orta Do\u011fu ve Kuzey Afrika B\u00f6lgesel Direkt\u00f6r Yard\u0131mc\u0131s\u0131 Hussein Baoumi taraf\u0131ndan yap\u0131lan a\u00e7\u0131klamada, \u015fu ifadelere yer verildi:<\/p>\n<p>\u201cBM \u00fcye devletleri, \u0130ran yetkililerinin \u015fok edici infaz dalgas\u0131yla, bu durumun gerektirdi\u011fi ivedilikle y\u00fczle\u015fmelidir. 2025 y\u0131l\u0131n\u0131n ba\u015f\u0131ndan bu yana \u0130ran\u2019da g\u00fcnde ortalama d\u00f6rt ki\u015fi olmak \u00fczere 1000\u2019den fazla insan infaz edildi. 2022 y\u0131l\u0131ndaki Kad\u0131n, Ya\u015fam, \u00d6zg\u00fcrl\u00fck protestolar\u0131ndan bug\u00fcne, yetkililer \u00f6l\u00fcm cezas\u0131n\u0131 halk aras\u0131nda korku yaymak, muhalefeti bast\u0131rmak ve \u00f6tekile\u015ftirilen topluluklar\u0131 cezaland\u0131rmak i\u00e7in gitgide ara\u00e7salla\u015ft\u0131rd\u0131. Bu y\u0131l infazlar, 1989\u2019dan beri g\u00f6r\u00fclmemi\u015f boyutlara ula\u015ft\u0131.\u201d<\/p>\n<p>Uyu\u015fturucu ba\u011flant\u0131l\u0131 su\u00e7larda \u00f6l\u00fcm cezas\u0131n\u0131n uygulanmas\u0131n\u0131n \u201culuslararas\u0131 hukuka ayk\u0131r\u0131 bi\u00e7imde\u201d s\u00fcrd\u00fc\u011f\u00fcn\u00fc ve infazlar\u0131n \u201ci\u015fkence ve zorla itiraf\u201d y\u00f6ntemlerinin ard\u0131ndan geldi\u011fini belirten Baoumi,\u00a0\u201c\u00d6l\u00fcm cezas\u0131n\u0131n, \u0130ran\u2019\u0131n uluslararas\u0131 hukuk kapsam\u0131ndaki y\u00fck\u00fcml\u00fcl\u00fcklerine ayk\u0131r\u0131 olarak uyu\u015fturucuyla ba\u011flant\u0131l\u0131 su\u00e7lar i\u00e7in kullan\u0131lmas\u0131 korkun\u00e7 bir h\u0131zla devam ediyor. \u0130nfazlar, yayg\u0131n i\u015fkence ve zorla \u2018itiraf\u2019 ettirme uygulamalar\u0131yla birlikte, kapal\u0131 kap\u0131lar ard\u0131nda g\u00f6r\u00fclen tamamen haks\u0131z yarg\u0131lamalar\u0131n ard\u0131ndan ger\u00e7ekle\u015ftiriliyor.\u201d dedi.<\/p>\n<p>\u0130ran y\u00f6netiminin infazlar\u0131 \u201cnormalle\u015ftirmeye \u00e7al\u0131\u015ft\u0131\u011f\u0131n\u0131\u201d aktaran Af \u00d6rg\u00fct\u00fc yetkilisi, bu durumun toplum \u00fczerinde derin bir travma yaratt\u0131\u011f\u0131n\u0131 ifade etti.<\/p>\n<p>BM \u00fcyesi devletleri \u0130ran\u2019daki infazlara kar\u015f\u0131 a\u00e7\u0131k bir tutum almaya \u00e7a\u011f\u0131ran Baoumi,\u00a0\u201cBM \u00fcye devletlerini acilen, \u00dc\u00e7\u00fcnc\u00fc Komite\u2019nin \u0130ran Konulu \u0130nteraktif Diyalog toplant\u0131s\u0131nda s\u00f6zl\u00fc a\u00e7\u0131klamalar da dahil konuyu g\u00fcndeme getirmeye \u00e7a\u011f\u0131r\u0131yoruz. Devletler, \u0130ran yetkililerinden t\u00fcm infazlar\u0131n acilen durdurulmas\u0131n\u0131, haks\u0131z yarg\u0131lamalar\u0131n ard\u0131ndan verilen \u00f6l\u00fcm cezalar\u0131n\u0131n bozulmas\u0131n\u0131, uyu\u015fturucuyla m\u00fccadele yasalar\u0131n\u0131n \u00f6l\u00fcmc\u00fcl h\u00fck\u00fcmlerinin y\u00fcr\u00fcrl\u00fckten kald\u0131r\u0131lmas\u0131n\u0131 ve \u00f6l\u00fcm cezas\u0131 tamamen kald\u0131r\u0131l\u0131ncaya dek infaz erteleme yasas\u0131 \u00e7\u0131kar\u0131lmas\u0131n\u0131 talep etmelidir.\u201d s\u00f6zlerini sarf etti.<\/p>\n","protected":false},"excerpt":{"rendered":"<p>Uluslararas\u0131 Af \u00d6rg\u00fct\u00fc, \u0130ran\u2019da 2025 y\u0131l\u0131 ba\u015f\u0131ndan bu yana 1000\u2019den fazla ki\u015finin idam edildi\u011fini bildirirken, Birle\u015fmi\u015f Milletler&#8217;in (BM) \u0130ran\u2019\u0131n infaz politikas\u0131na m\u00fcdahale etmesi gerekti\u011fini vurgulad\u0131. Uluslararas\u0131 Af \u00d6rg\u00fct\u00fc Orta Do\u011fu ve Kuzey Afrika B\u00f6lgesel Direkt\u00f6r Yard\u0131mc\u0131s\u0131 Hussein Baoumi taraf\u0131ndan yap\u0131lan a\u00e7\u0131klamada, \u015fu ifadelere yer verildi: \u201cBM \u00fcye devletleri, \u0130ran yetkililerinin \u015fok edici infaz dalgas\u0131yla, bu [&hellip;]<\/p>\n","protected":false},"author":2,"featured_media":1035427,"comment_status":"closed","ping_status":"closed","sticky":false,"template":"","format":"standard","meta":{"footnotes":""},"categories":[29],"tags":[],"class_list":["post-1035426","post","type-post","status-publish","format-standard","has-post-thumbnail","hentry","category-ortadogu"],"blocksy_meta":[],"seo_head":"<!-- This site is optimized with the Yoast SEO plugin v27.5 - https:\/\/yoast.com\/product\/yoast-seo-wordpress\/ -->\n<title>Uluslararas\u0131 Af \u00d6rg\u00fct\u00fc: \u0130ran\u2019da bu y\u0131l 1000\u2019den fazla ki\u015fi idam edildi - Darka Mazi<\/title>\n<meta name=\"robots\" content=\"index, follow, max-snippet:-1, max-image-preview:large, max-video-preview:-1\" \/>\n<link rel=\"canonical\" href=\"https:\/\/darkamazi.site\/archives\/1035426\" \/>\n<meta property=\"og:locale\" content=\"en_US\" \/>\n<meta property=\"og:type\" content=\"article\" \/>\n<meta property=\"og:title\" content=\"Uluslararas\u0131 Af \u00d6rg\u00fct\u00fc: \u0130ran\u2019da bu y\u0131l 1000\u2019den fazla ki\u015fi idam edildi - Darka Mazi\" \/>\n<meta property=\"og:description\" content=\"Uluslararas\u0131 Af \u00d6rg\u00fct\u00fc, \u0130ran\u2019da 2025 y\u0131l\u0131 ba\u015f\u0131ndan bu yana 1000\u2019den fazla ki\u015finin idam edildi\u011fini bildirirken, Birle\u015fmi\u015f Milletler&#8217;in (BM) \u0130ran\u2019\u0131n infaz politikas\u0131na m\u00fcdahale etmesi gerekti\u011fini vurgulad\u0131. Uluslararas\u0131 Af \u00d6rg\u00fct\u00fc Orta Do\u011fu ve Kuzey Afrika B\u00f6lgesel Direkt\u00f6r Yard\u0131mc\u0131s\u0131 Hussein Baoumi taraf\u0131ndan yap\u0131lan a\u00e7\u0131klamada, \u015fu ifadelere yer verildi: \u201cBM \u00fcye devletleri, \u0130ran yetkililerinin \u015fok edici infaz dalgas\u0131yla, bu [&hellip;]\" \/>\n<meta property=\"og:url\" content=\"https:\/\/darkamazi.site\/archives\/1035426\" \/>\n<meta property=\"og:site_name\" content=\"Darka Mazi\" \/>\n<meta property=\"article:publisher\" content=\"https:\/\/www.facebook.com\/DarkaMaziturkce\" \/>\n<meta property=\"article:published_time\" content=\"2025-10-18T14:39:38+00:00\" \/>\n<meta property=\"article:modified_time\" content=\"2026-03-31T13:17:31+00:00\" \/>\n<meta property=\"og:image\" content=\"https:\/\/darkamazi.site\/file\/2025\/10\/1760794704_kurdistan24.jpg\" \/>\n\t<meta property=\"og:image:width\" content=\"1920\" \/>\n\t<meta property=\"og:image:height\" content=\"1080\" \/>\n\t<meta property=\"og:image:type\" content=\"image\/jpeg\" \/>\n<meta name=\"author\" content=\"darka mazi\" \/>\n<meta name=\"twitter:card\" content=\"summary_large_image\" \/>\n<meta name=\"twitter:creator\" content=\"@DarkaMaziTurkce\" \/>\n<meta name=\"twitter:site\" content=\"@DarkaMaziTurkce\" \/>\n<meta name=\"twitter:label1\" content=\"Written by\" \/>\n\t<meta name=\"twitter:data1\" content=\"darka mazi\" \/>\n\t<meta name=\"twitter:label2\" content=\"Est. reading time\" \/>\n\t<meta name=\"twitter:data2\" content=\"2 minutes\" \/>\n<script type=\"application\/ld+json\" class=\"seo-schema-graph\">{\"@context\":\"https:\\\/\\\/schema.org\",\"@graph\":[{\"@type\":\"NewsArticle\",\"@id\":\"https:\\\/\\\/darkamazi.site\\\/archives\\\/1035426#article\",\"isPartOf\":{\"@id\":\"https:\\\/\\\/darkamazi.site\\\/archives\\\/1035426\"},\"author\":{\"name\":\"darka mazi\",\"@id\":\"https:\\\/\\\/darkamazi.site\\\/#\\\/schema\\\/person\\\/67986a95ac546c16760365877ef4a9d3\"},\"headline\":\"Uluslararas\u0131 Af \u00d6rg\u00fct\u00fc: \u0130ran\u2019da bu y\u0131l 1000\u2019den fazla ki\u015fi idam edildi\",\"datePublished\":\"2025-10-18T14:39:38+00:00\",\"dateModified\":\"2026-03-31T13:17:31+00:00\",\"mainEntityOfPage\":{\"@id\":\"https:\\\/\\\/darkamazi.site\\\/archives\\\/1035426\"},\"wordCount\":417,\"publisher\":{\"@id\":\"https:\\\/\\\/darkamazi.site\\\/#organization\"},\"image\":{\"@id\":\"https:\\\/\\\/darkamazi.site\\\/archives\\\/1035426#primaryimage\"},\"thumbnailUrl\":\"https:\\\/\\\/darkamazi.site\\\/darka-content\\\/uploads\\\/2025\\\/10\\\/1760794704_kurdistan24.jpg\",\"articleSection\":[\"Ortado\u011fu\"],\"inLanguage\":\"en-US\"},{\"@type\":\"WebPage\",\"@id\":\"https:\\\/\\\/darkamazi.site\\\/archives\\\/1035426\",\"url\":\"https:\\\/\\\/darkamazi.site\\\/archives\\\/1035426\",\"name\":\"Uluslararas\u0131 Af \u00d6rg\u00fct\u00fc: \u0130ran\u2019da bu y\u0131l 1000\u2019den fazla ki\u015fi idam edildi - Darka Mazi\",\"isPartOf\":{\"@id\":\"https:\\\/\\\/darkamazi.site\\\/#website\"},\"primaryImageOfPage\":{\"@id\":\"https:\\\/\\\/darkamazi.site\\\/archives\\\/1035426#primaryimage\"},\"image\":{\"@id\":\"https:\\\/\\\/darkamazi.site\\\/archives\\\/1035426#primaryimage\"},\"thumbnailUrl\":\"https:\\\/\\\/darkamazi.site\\\/darka-content\\\/uploads\\\/2025\\\/10\\\/1760794704_kurdistan24.jpg\",\"datePublished\":\"2025-10-18T14:39:38+00:00\",\"dateModified\":\"2026-03-31T13:17:31+00:00\",\"breadcrumb\":{\"@id\":\"https:\\\/\\\/darkamazi.site\\\/archives\\\/1035426#breadcrumb\"},\"inLanguage\":\"en-US\",\"potentialAction\":[{\"@type\":\"ReadAction\",\"target\":[\"https:\\\/\\\/darkamazi.site\\\/archives\\\/1035426\"]}]},{\"@type\":\"ImageObject\",\"inLanguage\":\"en-US\",\"@id\":\"https:\\\/\\\/darkamazi.site\\\/archives\\\/1035426#primaryimage\",\"url\":\"https:\\\/\\\/darkamazi.site\\\/darka-content\\\/uploads\\\/2025\\\/10\\\/1760794704_kurdistan24.jpg\",\"contentUrl\":\"https:\\\/\\\/darkamazi.site\\\/darka-content\\\/uploads\\\/2025\\\/10\\\/1760794704_kurdistan24.jpg\",\"width\":1920,\"height\":1080,\"caption\":\"Uluslararas\u0131 Af \u00d6rg\u00fct\u00fc: \u0130ran\u2019da bu y\u0131l 1000\u2019den fazla ki\u015fi idam edildi\"},{\"@type\":\"BreadcrumbList\",\"@id\":\"https:\\\/\\\/darkamazi.site\\\/archives\\\/1035426#breadcrumb\",\"itemListElement\":[{\"@type\":\"ListItem\",\"position\":1,\"name\":\"Home\",\"item\":\"https:\\\/\\\/darkamazi.site\\\/\"},{\"@type\":\"ListItem\",\"position\":2,\"name\":\"Uluslararas\u0131 Af \u00d6rg\u00fct\u00fc: \u0130ran\u2019da bu y\u0131l 1000\u2019den fazla ki\u015fi idam edildi\"}]},{\"@type\":\"WebSite\",\"@id\":\"https:\\\/\\\/darkamazi.site\\\/#website\",\"url\":\"https:\\\/\\\/darkamazi.site\\\/\",\"name\":\"Darka Mazi\",\"description\":\"Ana Sayfa\",\"publisher\":{\"@id\":\"https:\\\/\\\/darkamazi.site\\\/#organization\"},\"potentialAction\":[{\"@type\":\"SearchAction\",\"target\":{\"@type\":\"EntryPoint\",\"urlTemplate\":\"https:\\\/\\\/darkamazi.site\\\/?s={search_term_string}\"},\"query-input\":{\"@type\":\"PropertyValueSpecification\",\"valueRequired\":true,\"valueName\":\"search_term_string\"}}],\"inLanguage\":\"en-US\"},{\"@type\":\"Organization\",\"@id\":\"https:\\\/\\\/darkamazi.site\\\/#organization\",\"name\":\"Darka Mazi T\u00fcrk\u00e7e\",\"alternateName\":\"Darka Mazi\",\"url\":\"https:\\\/\\\/darkamazi.site\\\/\",\"logo\":{\"@type\":\"ImageObject\",\"inLanguage\":\"en-US\",\"@id\":\"https:\\\/\\\/darkamazi.site\\\/#\\\/schema\\\/logo\\\/image\\\/\",\"url\":\"https:\\\/\\\/darkamazi.site\\\/darka-content\\\/uploads\\\/2017\\\/12\\\/darka-mazi-logo.png\",\"contentUrl\":\"https:\\\/\\\/darkamazi.site\\\/darka-content\\\/uploads\\\/2017\\\/12\\\/darka-mazi-logo.png\",\"width\":151,\"height\":75,\"caption\":\"Darka Mazi T\u00fcrk\u00e7e\"},\"image\":{\"@id\":\"https:\\\/\\\/darkamazi.site\\\/#\\\/schema\\\/logo\\\/image\\\/\"},\"sameAs\":[\"https:\\\/\\\/www.facebook.com\\\/DarkaMaziturkce\",\"https:\\\/\\\/x.com\\\/DarkaMaziTurkce\"]},{\"@type\":\"Person\",\"@id\":\"https:\\\/\\\/darkamazi.site\\\/#\\\/schema\\\/person\\\/67986a95ac546c16760365877ef4a9d3\",\"name\":\"darka mazi\",\"sameAs\":[\"https:\\\/\\\/darkamazi.site\"],\"url\":\"https:\\\/\\\/darkamazi.site\\\/archives\\\/author\\\/turkish\"}]}<\/script>\n<!-- \/ Yoast SEO plugin. -->","seo_head_json":{"title":"Uluslararas\u0131 Af \u00d6rg\u00fct\u00fc: \u0130ran\u2019da bu y\u0131l 1000\u2019den fazla ki\u015fi idam edildi - Darka Mazi","robots":{"index":"index","follow":"follow","max-snippet":"max-snippet:-1","max-image-preview":"max-image-preview:large","max-video-preview":"max-video-preview:-1"},"canonical":"https:\/\/darkamazi.site\/archives\/1035426","og_locale":"en_US","og_type":"article","og_title":"Uluslararas\u0131 Af \u00d6rg\u00fct\u00fc: \u0130ran\u2019da bu y\u0131l 1000\u2019den fazla ki\u015fi idam edildi - Darka Mazi","og_description":"Uluslararas\u0131 Af \u00d6rg\u00fct\u00fc, \u0130ran\u2019da 2025 y\u0131l\u0131 ba\u015f\u0131ndan bu yana 1000\u2019den fazla ki\u015finin idam edildi\u011fini bildirirken, Birle\u015fmi\u015f Milletler&#8217;in (BM) \u0130ran\u2019\u0131n infaz politikas\u0131na m\u00fcdahale etmesi gerekti\u011fini vurgulad\u0131. Uluslararas\u0131 Af \u00d6rg\u00fct\u00fc Orta Do\u011fu ve Kuzey Afrika B\u00f6lgesel Direkt\u00f6r Yard\u0131mc\u0131s\u0131 Hussein Baoumi taraf\u0131ndan yap\u0131lan a\u00e7\u0131klamada, \u015fu ifadelere yer verildi: \u201cBM \u00fcye devletleri, \u0130ran yetkililerinin \u015fok edici infaz dalgas\u0131yla, bu [&hellip;]","og_url":"https:\/\/darkamazi.site\/archives\/1035426","og_site_name":"Darka Mazi","article_publisher":"https:\/\/www.facebook.com\/DarkaMaziturkce","article_published_time":"2025-10-18T14:39:38+00:00","article_modified_time":"2026-03-31T13:17:31+00:00","og_image":[{"width":1920,"height":1080,"url":"https:\/\/darkamazi.site\/file\/2025\/10\/1760794704_kurdistan24.jpg","type":"image\/jpeg"}],"author":"darka mazi","twitter_card":"summary_large_image","twitter_creator":"@DarkaMaziTurkce","twitter_site":"@DarkaMaziTurkce","twitter_misc":{"Written by":"darka mazi","Est. reading time":"2 minutes"},"schema":{"@context":"https:\/\/schema.org","@graph":[{"@type":"NewsArticle","@id":"https:\/\/darkamazi.site\/archives\/1035426#article","isPartOf":{"@id":"https:\/\/darkamazi.site\/archives\/1035426"},"author":{"name":"darka mazi","@id":"https:\/\/darkamazi.site\/#\/schema\/person\/67986a95ac546c16760365877ef4a9d3"},"headline":"Uluslararas\u0131 Af \u00d6rg\u00fct\u00fc: \u0130ran\u2019da bu y\u0131l 1000\u2019den fazla ki\u015fi idam edildi","datePublished":"2025-10-18T14:39:38+00:00","dateModified":"2026-03-31T13:17:31+00:00","mainEntityOfPage":{"@id":"https:\/\/darkamazi.site\/archives\/1035426"},"wordCount":417,"publisher":{"@id":"https:\/\/darkamazi.site\/#organization"},"image":{"@id":"https:\/\/darkamazi.site\/archives\/1035426#primaryimage"},"thumbnailUrl":"https:\/\/darkamazi.site\/file\/2025\/10\/1760794704_kurdistan24.jpg","articleSection":["Ortado\u011fu"],"inLanguage":"en-US"},{"@type":"WebPage","@id":"https:\/\/darkamazi.site\/archives\/1035426","url":"https:\/\/darkamazi.site\/archives\/1035426","name":"Uluslararas\u0131 Af \u00d6rg\u00fct\u00fc: \u0130ran\u2019da bu y\u0131l 1000\u2019den fazla ki\u015fi idam edildi - Darka Mazi","isPartOf":{"@id":"https:\/\/darkamazi.site\/#website"},"primaryImageOfPage":{"@id":"https:\/\/darkamazi.site\/archives\/1035426#primaryimage"},"image":{"@id":"https:\/\/darkamazi.site\/archives\/1035426#primaryimage"},"thumbnailUrl":"https:\/\/darkamazi.site\/file\/2025\/10\/1760794704_kurdistan24.jpg","datePublished":"2025-10-18T14:39:38+00:00","dateModified":"2026-03-31T13:17:31+00:00","breadcrumb":{"@id":"https:\/\/darkamazi.site\/archives\/1035426#breadcrumb"},"inLanguage":"en-US","potentialAction":[{"@type":"ReadAction","target":["https:\/\/darkamazi.site\/archives\/1035426"]}]},{"@type":"ImageObject","inLanguage":"en-US","@id":"https:\/\/darkamazi.site\/archives\/1035426#primaryimage","url":"https:\/\/darkamazi.site\/file\/2025\/10\/1760794704_kurdistan24.jpg","contentUrl":"https:\/\/darkamazi.site\/file\/2025\/10\/1760794704_kurdistan24.jpg","width":1920,"height":1080,"caption":"Uluslararas\u0131 Af \u00d6rg\u00fct\u00fc: \u0130ran\u2019da bu y\u0131l 1000\u2019den fazla ki\u015fi idam edildi"},{"@type":"BreadcrumbList","@id":"https:\/\/darkamazi.site\/archives\/1035426#breadcrumb","itemListElement":[{"@type":"ListItem","position":1,"name":"Home","item":"https:\/\/darkamazi.site\/"},{"@type":"ListItem","position":2,"name":"Uluslararas\u0131 Af \u00d6rg\u00fct\u00fc: \u0130ran\u2019da bu y\u0131l 1000\u2019den fazla ki\u015fi idam edildi"}]},{"@type":"WebSite","@id":"https:\/\/darkamazi.site\/#website","url":"https:\/\/darkamazi.site\/","name":"Darka Mazi","description":"Ana Sayfa","publisher":{"@id":"https:\/\/darkamazi.site\/#organization"},"potentialAction":[{"@type":"SearchAction","target":{"@type":"EntryPoint","urlTemplate":"https:\/\/darkamazi.site\/?s={search_term_string}"},"query-input":{"@type":"PropertyValueSpecification","valueRequired":true,"valueName":"search_term_string"}}],"inLanguage":"en-US"},{"@type":"Organization","@id":"https:\/\/darkamazi.site\/#organization","name":"Darka Mazi T\u00fcrk\u00e7e","alternateName":"Darka Mazi","url":"https:\/\/darkamazi.site\/","logo":{"@type":"ImageObject","inLanguage":"en-US","@id":"https:\/\/darkamazi.site\/#\/schema\/logo\/image\/","url":"https:\/\/darkamazi.site\/file\/2017\/12\/darka-mazi-logo.png","contentUrl":"https:\/\/darkamazi.site\/file\/2017\/12\/darka-mazi-logo.png","width":151,"height":75,"caption":"Darka Mazi T\u00fcrk\u00e7e"},"image":{"@id":"https:\/\/darkamazi.site\/#\/schema\/logo\/image\/"},"sameAs":["https:\/\/www.facebook.com\/DarkaMaziturkce","https:\/\/x.com\/DarkaMaziTurkce"]},{"@type":"Person","@id":"https:\/\/darkamazi.site\/#\/schema\/person\/67986a95ac546c16760365877ef4a9d3","name":"darka mazi","sameAs":["https:\/\/darkamazi.site"],"url":"https:\/\/darkamazi.site\/archives\/author\/turkish"}]}},"_links":{"self":[{"href":"https:\/\/darkamazi.site\/funavuv\/wp\/v2\/posts\/1035426","targetHints":{"allow":["GET"]}}],"collection":[{"href":"https:\/\/darkamazi.site\/funavuv\/wp\/v2\/posts"}],"about":[{"href":"https:\/\/darkamazi.site\/funavuv\/wp\/v2\/types\/post"}],"author":[{"embeddable":true,"href":"https:\/\/darkamazi.site\/funavuv\/wp\/v2\/users\/2"}],"replies":[{"embeddable":true,"href":"https:\/\/darkamazi.site\/funavuv\/wp\/v2\/comments?post=1035426"}],"version-history":[{"count":0,"href":"https:\/\/darkamazi.site\/funavuv\/wp\/v2\/posts\/1035426\/revisions"}],"wp:featuredmedia":[{"embeddable":true,"href":"https:\/\/darkamazi.site\/funavuv\/wp\/v2\/media\/1035427"}],"wp:attachment":[{"href":"https:\/\/darkamazi.site\/funavuv\/wp\/v2\/media?parent=1035426"}],"wp:term":[{"taxonomy":"category","embeddable":true,"href":"https:\/\/darkamazi.site\/funavuv\/wp\/v2\/categories?post=1035426"},{"taxonomy":"post_tag","embeddable":true,"href":"https:\/\/darkamazi.site\/funavuv\/wp\/v2\/tags?post=1035426"}],"curies":[{"name":"wp","href":"https:\/\/api.w.org\/{rel}","templated":true}]}}