{"id":1035592,"date":"2025-11-03T10:15:33","date_gmt":"2025-11-03T07:15:33","guid":{"rendered":"https:\/\/darkamazi.site\/?p=1035592"},"modified":"2025-11-03T10:15:33","modified_gmt":"2025-11-03T07:15:33","slug":"cibranli-halid-begin-hayatini-konu-olan-kirasek-ji-agir-belgeseli-amedde-gosterildi","status":"publish","type":"post","link":"https:\/\/darkamazi.site\/archives\/1035592","title":{"rendered":"Cibranl\u0131 Halid Beg\u2019in hayat\u0131n\u0131 konu olan \u201cK\u00eerasek ji Agir\u201d belgeseli Amed\u2019de g\u00f6sterildi\u2026"},"content":{"rendered":"<p style=\"text-align: justify\">20 y\u00fczy\u0131ldaki K\u00fcrt direni\u015f tarihinin \u00f6nemli isimlerinden Cibranl\u0131 Halid Beg\u2019in hayat\u0131n\u0131 ve m\u00fccadelesini anlatan belgesel Amed\u2019de g\u00f6sterildi.<\/p>\n<p style=\"text-align: justify\">Cibranl\u0131 Halid Beg\u2019in hayat\u0131n\u0131 konu alan belgesel filimde Halid Beg\u2019in K\u00fcrt ulusal davas\u0131 i\u00e7in yapt\u0131\u011f\u0131 \u00e7al\u0131\u015fmalar, Azadi Hareketinin misyonu ve \u00e7al\u0131\u015fmalar\u0131, analistlerin, yazarlar\u0131n ve aile \u00fcyelerinin g\u00f6z\u00fcnden anlat\u0131ld\u0131.<\/p>\n<p style=\"text-align: justify\">Diyarbak\u0131r Barosu Tahir El\u00e7i Salonu&#8217;nda g\u00f6sterilen &#8220;Ate\u015ften G\u00f6mlek&#8221; belgeselinin yap\u0131mc\u0131s\u0131 ve y\u00f6netmeni ise Keremo. Ge\u00e7mi\u015fte de pek \u00e7ok belge filime imza atan Keremo belgeselde Cibranl\u0131 Halid Beg\u2019in \u00f6zellikle Alevi ve S\u00fcnni K\u00fcrtler aras\u0131nda birlik kurmak i\u00e7in b\u00fcy\u00fck \u00e7aba g\u00f6sterdi\u011fini belirtti. Belgeselde Halid Beg\u2019in bu ama\u00e7la Dersim\u2019de, Ezidi K\u00fcrtler, S\u00fcnni K\u00fcrtler ve Alevi K\u00fcrtlerin kat\u0131l\u0131m\u0131yla toplant\u0131lar d\u00fczenledi\u011fi de belirtildi.<\/p>\n<p style=\"text-align: justify\">Halid Beg Cibri&#8217;nin aile \u00fcyelerinden, yazar Tahsin Sever ve siyaset\u00e7i Mehmet Emin Sever de Belgeselin g\u00f6sterimine kat\u0131ld\u0131lar ve K\u00fcrtlerin kendi tarihleri hakk\u0131nda bilgi sahibi olmalar\u0131 gerekti\u011fini belirttiler.<\/p>\n<p style=\"text-align: justify\">Belgeselde ayr\u0131ca K\u00fcrtlerin \u00f6l\u00fcms\u00fcz lideri Mella Mustafa Barzani ile Halid Beg Cibri\u2019nin yapt\u0131\u011f\u0131 g\u00f6r\u00fc\u015fmeye de yer verildi.<\/p>\n<p style=\"text-align: justify\">Yap\u0131m\u0131 2 y\u0131l s\u00fcren belgeselin \u00e7ekimleri Kuzey K\u00fcrdistan, Avrupa ve T\u00fcrkiye\u2019de yap\u0131lm\u0131\u015f. Proje boyunca Halid Beg\u2019in ailesinden 3 ki\u015fi olmak \u00fczere 20 ki\u015fi ile r\u00f6portaj yap\u0131lm\u0131\u015f.\u00a0 G\u00f6r\u00fcnt\u00fc y\u00f6netmenli\u011fini Sercan Y\u00fcrek, montaj ve edit\u00f6rl\u00fck \u0130lyas Kaya ve Kurdo Zana taraf\u0131ndan yap\u0131lan belgesel 90 dakika s\u00fcr\u00fcyor.<\/p>\n","protected":false},"excerpt":{"rendered":"<p>20 y\u00fczy\u0131ldaki K\u00fcrt direni\u015f tarihinin \u00f6nemli isimlerinden Cibranl\u0131 Halid Beg\u2019in hayat\u0131n\u0131 ve m\u00fccadelesini anlatan belgesel Amed\u2019de g\u00f6sterildi. Cibranl\u0131 Halid Beg\u2019in hayat\u0131n\u0131 konu alan belgesel filimde Halid Beg\u2019in K\u00fcrt ulusal davas\u0131 i\u00e7in yapt\u0131\u011f\u0131 \u00e7al\u0131\u015fmalar, Azadi Hareketinin misyonu ve \u00e7al\u0131\u015fmalar\u0131, analistlerin, yazarlar\u0131n ve aile \u00fcyelerinin g\u00f6z\u00fcnden anlat\u0131ld\u0131. Diyarbak\u0131r Barosu Tahir El\u00e7i Salonu&#8217;nda g\u00f6sterilen &#8220;Ate\u015ften G\u00f6mlek&#8221; belgeselinin yap\u0131mc\u0131s\u0131 [&hellip;]<\/p>\n","protected":false},"author":2,"featured_media":1035593,"comment_status":"closed","ping_status":"closed","sticky":false,"template":"","format":"standard","meta":{"footnotes":""},"categories":[33],"tags":[31],"class_list":["post-1035592","post","type-post","status-publish","format-standard","has-post-thumbnail","hentry","category-sanat","tag-onemli"],"blocksy_meta":[],"seo_head":"<!-- This site is optimized with the Yoast SEO plugin v27.5 - https:\/\/yoast.com\/product\/yoast-seo-wordpress\/ -->\n<title>Cibranl\u0131 Halid Beg\u2019in hayat\u0131n\u0131 konu olan \u201cK\u00eerasek ji Agir\u201d belgeseli Amed\u2019de g\u00f6sterildi\u2026 - Darka Mazi<\/title>\n<meta name=\"robots\" content=\"index, follow, max-snippet:-1, max-image-preview:large, max-video-preview:-1\" \/>\n<link rel=\"canonical\" href=\"https:\/\/darkamazi.site\/archives\/1035592\" \/>\n<meta property=\"og:locale\" content=\"en_US\" \/>\n<meta property=\"og:type\" content=\"article\" \/>\n<meta property=\"og:title\" content=\"Cibranl\u0131 Halid Beg\u2019in hayat\u0131n\u0131 konu olan \u201cK\u00eerasek ji Agir\u201d belgeseli Amed\u2019de g\u00f6sterildi\u2026 - Darka Mazi\" \/>\n<meta property=\"og:description\" content=\"20 y\u00fczy\u0131ldaki K\u00fcrt direni\u015f tarihinin \u00f6nemli isimlerinden Cibranl\u0131 Halid Beg\u2019in hayat\u0131n\u0131 ve m\u00fccadelesini anlatan belgesel Amed\u2019de g\u00f6sterildi. Cibranl\u0131 Halid Beg\u2019in hayat\u0131n\u0131 konu alan belgesel filimde Halid Beg\u2019in K\u00fcrt ulusal davas\u0131 i\u00e7in yapt\u0131\u011f\u0131 \u00e7al\u0131\u015fmalar, Azadi Hareketinin misyonu ve \u00e7al\u0131\u015fmalar\u0131, analistlerin, yazarlar\u0131n ve aile \u00fcyelerinin g\u00f6z\u00fcnden anlat\u0131ld\u0131. Diyarbak\u0131r Barosu Tahir El\u00e7i Salonu&#8217;nda g\u00f6sterilen &#8220;Ate\u015ften G\u00f6mlek&#8221; belgeselinin yap\u0131mc\u0131s\u0131 [&hellip;]\" \/>\n<meta property=\"og:url\" content=\"https:\/\/darkamazi.site\/archives\/1035592\" \/>\n<meta property=\"og:site_name\" content=\"Darka Mazi\" \/>\n<meta property=\"article:publisher\" content=\"https:\/\/www.facebook.com\/DarkaMaziturkce\" \/>\n<meta property=\"article:published_time\" content=\"2025-11-03T07:15:33+00:00\" \/>\n<meta property=\"og:image\" content=\"https:\/\/darkamazi.site\/file\/2025\/11\/Duzeltilmis.jpg\" \/>\n\t<meta property=\"og:image:width\" content=\"1200\" \/>\n\t<meta property=\"og:image:height\" content=\"800\" \/>\n\t<meta property=\"og:image:type\" content=\"image\/jpeg\" \/>\n<meta name=\"author\" content=\"darka mazi\" \/>\n<meta name=\"twitter:card\" content=\"summary_large_image\" \/>\n<meta name=\"twitter:creator\" content=\"@DarkaMaziTurkce\" \/>\n<meta name=\"twitter:site\" content=\"@DarkaMaziTurkce\" \/>\n<meta name=\"twitter:label1\" content=\"Written by\" \/>\n\t<meta name=\"twitter:data1\" content=\"darka mazi\" \/>\n\t<meta name=\"twitter:label2\" content=\"Est. reading time\" \/>\n\t<meta name=\"twitter:data2\" content=\"1 minute\" \/>\n<script type=\"application\/ld+json\" class=\"seo-schema-graph\">{\"@context\":\"https:\\\/\\\/schema.org\",\"@graph\":[{\"@type\":\"NewsArticle\",\"@id\":\"https:\\\/\\\/darkamazi.site\\\/archives\\\/1035592#article\",\"isPartOf\":{\"@id\":\"https:\\\/\\\/darkamazi.site\\\/archives\\\/1035592\"},\"author\":{\"name\":\"darka mazi\",\"@id\":\"https:\\\/\\\/darkamazi.site\\\/#\\\/schema\\\/person\\\/67986a95ac546c16760365877ef4a9d3\"},\"headline\":\"Cibranl\u0131 Halid Beg\u2019in hayat\u0131n\u0131 konu olan \u201cK\u00eerasek ji Agir\u201d belgeseli Amed\u2019de g\u00f6sterildi\u2026\",\"datePublished\":\"2025-11-03T07:15:33+00:00\",\"mainEntityOfPage\":{\"@id\":\"https:\\\/\\\/darkamazi.site\\\/archives\\\/1035592\"},\"wordCount\":293,\"publisher\":{\"@id\":\"https:\\\/\\\/darkamazi.site\\\/#organization\"},\"image\":{\"@id\":\"https:\\\/\\\/darkamazi.site\\\/archives\\\/1035592#primaryimage\"},\"thumbnailUrl\":\"https:\\\/\\\/darkamazi.site\\\/darka-content\\\/uploads\\\/2025\\\/11\\\/Duzeltilmis.jpg\",\"keywords\":[\"\u00f6nemli\"],\"articleSection\":[\"Sanat\"],\"inLanguage\":\"en-US\"},{\"@type\":\"WebPage\",\"@id\":\"https:\\\/\\\/darkamazi.site\\\/archives\\\/1035592\",\"url\":\"https:\\\/\\\/darkamazi.site\\\/archives\\\/1035592\",\"name\":\"Cibranl\u0131 Halid Beg\u2019in hayat\u0131n\u0131 konu olan \u201cK\u00eerasek ji Agir\u201d belgeseli Amed\u2019de g\u00f6sterildi\u2026 - Darka Mazi\",\"isPartOf\":{\"@id\":\"https:\\\/\\\/darkamazi.site\\\/#website\"},\"primaryImageOfPage\":{\"@id\":\"https:\\\/\\\/darkamazi.site\\\/archives\\\/1035592#primaryimage\"},\"image\":{\"@id\":\"https:\\\/\\\/darkamazi.site\\\/archives\\\/1035592#primaryimage\"},\"thumbnailUrl\":\"https:\\\/\\\/darkamazi.site\\\/darka-content\\\/uploads\\\/2025\\\/11\\\/Duzeltilmis.jpg\",\"datePublished\":\"2025-11-03T07:15:33+00:00\",\"breadcrumb\":{\"@id\":\"https:\\\/\\\/darkamazi.site\\\/archives\\\/1035592#breadcrumb\"},\"inLanguage\":\"en-US\",\"potentialAction\":[{\"@type\":\"ReadAction\",\"target\":[\"https:\\\/\\\/darkamazi.site\\\/archives\\\/1035592\"]}]},{\"@type\":\"ImageObject\",\"inLanguage\":\"en-US\",\"@id\":\"https:\\\/\\\/darkamazi.site\\\/archives\\\/1035592#primaryimage\",\"url\":\"https:\\\/\\\/darkamazi.site\\\/darka-content\\\/uploads\\\/2025\\\/11\\\/Duzeltilmis.jpg\",\"contentUrl\":\"https:\\\/\\\/darkamazi.site\\\/darka-content\\\/uploads\\\/2025\\\/11\\\/Duzeltilmis.jpg\",\"width\":1200,\"height\":800,\"caption\":\"Cibranl\u0131 Halid Beg\u2019in hayat\u0131n\u0131 konu olan \u201cK\u00eerasek ji Agir\u201d belgeseli Amed\u2019de g\u00f6sterildi\u2026\"},{\"@type\":\"BreadcrumbList\",\"@id\":\"https:\\\/\\\/darkamazi.site\\\/archives\\\/1035592#breadcrumb\",\"itemListElement\":[{\"@type\":\"ListItem\",\"position\":1,\"name\":\"Home\",\"item\":\"https:\\\/\\\/darkamazi.site\\\/\"},{\"@type\":\"ListItem\",\"position\":2,\"name\":\"Cibranl\u0131 Halid Beg\u2019in hayat\u0131n\u0131 konu olan \u201cK\u00eerasek ji Agir\u201d belgeseli Amed\u2019de g\u00f6sterildi\u2026\"}]},{\"@type\":\"WebSite\",\"@id\":\"https:\\\/\\\/darkamazi.site\\\/#website\",\"url\":\"https:\\\/\\\/darkamazi.site\\\/\",\"name\":\"Darka Mazi\",\"description\":\"Ana Sayfa\",\"publisher\":{\"@id\":\"https:\\\/\\\/darkamazi.site\\\/#organization\"},\"potentialAction\":[{\"@type\":\"SearchAction\",\"target\":{\"@type\":\"EntryPoint\",\"urlTemplate\":\"https:\\\/\\\/darkamazi.site\\\/?s={search_term_string}\"},\"query-input\":{\"@type\":\"PropertyValueSpecification\",\"valueRequired\":true,\"valueName\":\"search_term_string\"}}],\"inLanguage\":\"en-US\"},{\"@type\":\"Organization\",\"@id\":\"https:\\\/\\\/darkamazi.site\\\/#organization\",\"name\":\"Darka Mazi T\u00fcrk\u00e7e\",\"alternateName\":\"Darka Mazi\",\"url\":\"https:\\\/\\\/darkamazi.site\\\/\",\"logo\":{\"@type\":\"ImageObject\",\"inLanguage\":\"en-US\",\"@id\":\"https:\\\/\\\/darkamazi.site\\\/#\\\/schema\\\/logo\\\/image\\\/\",\"url\":\"https:\\\/\\\/darkamazi.site\\\/darka-content\\\/uploads\\\/2017\\\/12\\\/darka-mazi-logo.png\",\"contentUrl\":\"https:\\\/\\\/darkamazi.site\\\/darka-content\\\/uploads\\\/2017\\\/12\\\/darka-mazi-logo.png\",\"width\":151,\"height\":75,\"caption\":\"Darka Mazi T\u00fcrk\u00e7e\"},\"image\":{\"@id\":\"https:\\\/\\\/darkamazi.site\\\/#\\\/schema\\\/logo\\\/image\\\/\"},\"sameAs\":[\"https:\\\/\\\/www.facebook.com\\\/DarkaMaziturkce\",\"https:\\\/\\\/x.com\\\/DarkaMaziTurkce\"]},{\"@type\":\"Person\",\"@id\":\"https:\\\/\\\/darkamazi.site\\\/#\\\/schema\\\/person\\\/67986a95ac546c16760365877ef4a9d3\",\"name\":\"darka mazi\",\"sameAs\":[\"https:\\\/\\\/darkamazi.site\"],\"url\":\"https:\\\/\\\/darkamazi.site\\\/archives\\\/author\\\/turkish\"}]}<\/script>\n<!-- \/ Yoast SEO plugin. -->","seo_head_json":{"title":"Cibranl\u0131 Halid Beg\u2019in hayat\u0131n\u0131 konu olan \u201cK\u00eerasek ji Agir\u201d belgeseli Amed\u2019de g\u00f6sterildi\u2026 - Darka Mazi","robots":{"index":"index","follow":"follow","max-snippet":"max-snippet:-1","max-image-preview":"max-image-preview:large","max-video-preview":"max-video-preview:-1"},"canonical":"https:\/\/darkamazi.site\/archives\/1035592","og_locale":"en_US","og_type":"article","og_title":"Cibranl\u0131 Halid Beg\u2019in hayat\u0131n\u0131 konu olan \u201cK\u00eerasek ji Agir\u201d belgeseli Amed\u2019de g\u00f6sterildi\u2026 - Darka Mazi","og_description":"20 y\u00fczy\u0131ldaki K\u00fcrt direni\u015f tarihinin \u00f6nemli isimlerinden Cibranl\u0131 Halid Beg\u2019in hayat\u0131n\u0131 ve m\u00fccadelesini anlatan belgesel Amed\u2019de g\u00f6sterildi. Cibranl\u0131 Halid Beg\u2019in hayat\u0131n\u0131 konu alan belgesel filimde Halid Beg\u2019in K\u00fcrt ulusal davas\u0131 i\u00e7in yapt\u0131\u011f\u0131 \u00e7al\u0131\u015fmalar, Azadi Hareketinin misyonu ve \u00e7al\u0131\u015fmalar\u0131, analistlerin, yazarlar\u0131n ve aile \u00fcyelerinin g\u00f6z\u00fcnden anlat\u0131ld\u0131. Diyarbak\u0131r Barosu Tahir El\u00e7i Salonu&#8217;nda g\u00f6sterilen &#8220;Ate\u015ften G\u00f6mlek&#8221; belgeselinin yap\u0131mc\u0131s\u0131 [&hellip;]","og_url":"https:\/\/darkamazi.site\/archives\/1035592","og_site_name":"Darka Mazi","article_publisher":"https:\/\/www.facebook.com\/DarkaMaziturkce","article_published_time":"2025-11-03T07:15:33+00:00","og_image":[{"width":1200,"height":800,"url":"https:\/\/darkamazi.site\/file\/2025\/11\/Duzeltilmis.jpg","type":"image\/jpeg"}],"author":"darka mazi","twitter_card":"summary_large_image","twitter_creator":"@DarkaMaziTurkce","twitter_site":"@DarkaMaziTurkce","twitter_misc":{"Written by":"darka mazi","Est. reading time":"1 minute"},"schema":{"@context":"https:\/\/schema.org","@graph":[{"@type":"NewsArticle","@id":"https:\/\/darkamazi.site\/archives\/1035592#article","isPartOf":{"@id":"https:\/\/darkamazi.site\/archives\/1035592"},"author":{"name":"darka mazi","@id":"https:\/\/darkamazi.site\/#\/schema\/person\/67986a95ac546c16760365877ef4a9d3"},"headline":"Cibranl\u0131 Halid Beg\u2019in hayat\u0131n\u0131 konu olan \u201cK\u00eerasek ji Agir\u201d belgeseli Amed\u2019de g\u00f6sterildi\u2026","datePublished":"2025-11-03T07:15:33+00:00","mainEntityOfPage":{"@id":"https:\/\/darkamazi.site\/archives\/1035592"},"wordCount":293,"publisher":{"@id":"https:\/\/darkamazi.site\/#organization"},"image":{"@id":"https:\/\/darkamazi.site\/archives\/1035592#primaryimage"},"thumbnailUrl":"https:\/\/darkamazi.site\/file\/2025\/11\/Duzeltilmis.jpg","keywords":["\u00f6nemli"],"articleSection":["Sanat"],"inLanguage":"en-US"},{"@type":"WebPage","@id":"https:\/\/darkamazi.site\/archives\/1035592","url":"https:\/\/darkamazi.site\/archives\/1035592","name":"Cibranl\u0131 Halid Beg\u2019in hayat\u0131n\u0131 konu olan \u201cK\u00eerasek ji Agir\u201d belgeseli Amed\u2019de g\u00f6sterildi\u2026 - Darka Mazi","isPartOf":{"@id":"https:\/\/darkamazi.site\/#website"},"primaryImageOfPage":{"@id":"https:\/\/darkamazi.site\/archives\/1035592#primaryimage"},"image":{"@id":"https:\/\/darkamazi.site\/archives\/1035592#primaryimage"},"thumbnailUrl":"https:\/\/darkamazi.site\/file\/2025\/11\/Duzeltilmis.jpg","datePublished":"2025-11-03T07:15:33+00:00","breadcrumb":{"@id":"https:\/\/darkamazi.site\/archives\/1035592#breadcrumb"},"inLanguage":"en-US","potentialAction":[{"@type":"ReadAction","target":["https:\/\/darkamazi.site\/archives\/1035592"]}]},{"@type":"ImageObject","inLanguage":"en-US","@id":"https:\/\/darkamazi.site\/archives\/1035592#primaryimage","url":"https:\/\/darkamazi.site\/file\/2025\/11\/Duzeltilmis.jpg","contentUrl":"https:\/\/darkamazi.site\/file\/2025\/11\/Duzeltilmis.jpg","width":1200,"height":800,"caption":"Cibranl\u0131 Halid Beg\u2019in hayat\u0131n\u0131 konu olan \u201cK\u00eerasek ji Agir\u201d belgeseli Amed\u2019de g\u00f6sterildi\u2026"},{"@type":"BreadcrumbList","@id":"https:\/\/darkamazi.site\/archives\/1035592#breadcrumb","itemListElement":[{"@type":"ListItem","position":1,"name":"Home","item":"https:\/\/darkamazi.site\/"},{"@type":"ListItem","position":2,"name":"Cibranl\u0131 Halid Beg\u2019in hayat\u0131n\u0131 konu olan \u201cK\u00eerasek ji Agir\u201d belgeseli Amed\u2019de g\u00f6sterildi\u2026"}]},{"@type":"WebSite","@id":"https:\/\/darkamazi.site\/#website","url":"https:\/\/darkamazi.site\/","name":"Darka Mazi","description":"Ana Sayfa","publisher":{"@id":"https:\/\/darkamazi.site\/#organization"},"potentialAction":[{"@type":"SearchAction","target":{"@type":"EntryPoint","urlTemplate":"https:\/\/darkamazi.site\/?s={search_term_string}"},"query-input":{"@type":"PropertyValueSpecification","valueRequired":true,"valueName":"search_term_string"}}],"inLanguage":"en-US"},{"@type":"Organization","@id":"https:\/\/darkamazi.site\/#organization","name":"Darka Mazi T\u00fcrk\u00e7e","alternateName":"Darka Mazi","url":"https:\/\/darkamazi.site\/","logo":{"@type":"ImageObject","inLanguage":"en-US","@id":"https:\/\/darkamazi.site\/#\/schema\/logo\/image\/","url":"https:\/\/darkamazi.site\/file\/2017\/12\/darka-mazi-logo.png","contentUrl":"https:\/\/darkamazi.site\/file\/2017\/12\/darka-mazi-logo.png","width":151,"height":75,"caption":"Darka Mazi T\u00fcrk\u00e7e"},"image":{"@id":"https:\/\/darkamazi.site\/#\/schema\/logo\/image\/"},"sameAs":["https:\/\/www.facebook.com\/DarkaMaziturkce","https:\/\/x.com\/DarkaMaziTurkce"]},{"@type":"Person","@id":"https:\/\/darkamazi.site\/#\/schema\/person\/67986a95ac546c16760365877ef4a9d3","name":"darka mazi","sameAs":["https:\/\/darkamazi.site"],"url":"https:\/\/darkamazi.site\/archives\/author\/turkish"}]}},"_links":{"self":[{"href":"https:\/\/darkamazi.site\/funavuv\/wp\/v2\/posts\/1035592","targetHints":{"allow":["GET"]}}],"collection":[{"href":"https:\/\/darkamazi.site\/funavuv\/wp\/v2\/posts"}],"about":[{"href":"https:\/\/darkamazi.site\/funavuv\/wp\/v2\/types\/post"}],"author":[{"embeddable":true,"href":"https:\/\/darkamazi.site\/funavuv\/wp\/v2\/users\/2"}],"replies":[{"embeddable":true,"href":"https:\/\/darkamazi.site\/funavuv\/wp\/v2\/comments?post=1035592"}],"version-history":[{"count":0,"href":"https:\/\/darkamazi.site\/funavuv\/wp\/v2\/posts\/1035592\/revisions"}],"wp:featuredmedia":[{"embeddable":true,"href":"https:\/\/darkamazi.site\/funavuv\/wp\/v2\/media\/1035593"}],"wp:attachment":[{"href":"https:\/\/darkamazi.site\/funavuv\/wp\/v2\/media?parent=1035592"}],"wp:term":[{"taxonomy":"category","embeddable":true,"href":"https:\/\/darkamazi.site\/funavuv\/wp\/v2\/categories?post=1035592"},{"taxonomy":"post_tag","embeddable":true,"href":"https:\/\/darkamazi.site\/funavuv\/wp\/v2\/tags?post=1035592"}],"curies":[{"name":"wp","href":"https:\/\/api.w.org\/{rel}","templated":true}]}}