{"id":1035716,"date":"2025-11-20T10:10:37","date_gmt":"2025-11-20T07:10:37","guid":{"rendered":"https:\/\/darkamazi.site\/?p=1035716"},"modified":"2025-11-20T10:10:37","modified_gmt":"2025-11-20T07:10:37","slug":"kerkukte-yerlestirilen-araplar-kurt-ciftcilerin-arazilerini-suruyor","status":"publish","type":"post","link":"https:\/\/darkamazi.site\/archives\/1035716","title":{"rendered":"Kerk\u00fck&#8217;te yerle\u015ftirilen Araplar, K\u00fcrt \u00e7ift\u00e7ilerin arazilerini s\u00fcr\u00fcyor"},"content":{"rendered":"<p style=\"text-align: justify\">Kerk\u00fck&#8217;\u00fcn Leylan nahiyesine sonradan yerle\u015ftirilen Araplar, arazilerin as\u0131l sahibi olan K\u00fcrt \u00e7ift\u00e7ilerin g\u00f6zleri \u00f6n\u00fcnde onlar\u0131n topraklar\u0131n\u0131 ekip bi\u00e7iyor. Bu duruma isyan eden K\u00fcrt \u00e7ift\u00e7iler, &#8220;Bu topraklar atalar\u0131mdan bana miras kald\u0131 ama elimden bir \u015fey gelmiyor&#8221; diyerek \u00e7aresizliklerini dile getiriyor.<\/p>\n<p style=\"text-align: justify\">Muhammed Emin, kendisine miras kalan tarlas\u0131n\u0131n nas\u0131l s\u00fcr\u00fcld\u00fc\u011f\u00fcn\u00fc kendi g\u00f6zleriyle izliyor. Feryatlar\u0131 ve \u015fikayetleri ise sonu\u00e7suz kal\u0131yor. Bu durum, Leylan&#8217;a ba\u011fl\u0131 T\u00fcrke\u015fkan k\u00f6y\u00fcnde, K\u00fcrt \u00e7ift\u00e7ilere kar\u015f\u0131 y\u00fcr\u00fct\u00fclen toprak i\u015fgalinin hikayesini g\u00f6zler \u00f6n\u00fcne seriliyor.<\/p>\n<p style=\"text-align: justify\">\u00c7ift\u00e7i Muhammed Emin, arazinin kendisine ait oldu\u011funu kan\u0131tlayan t\u00fcm resmi belgelere sahip oldu\u011funu belirtiyor. Ancak topra\u011f\u0131na el koyan ki\u015filer, Meclis kararlar\u0131n\u0131 hi\u00e7e sayan bir mahkeme karar\u0131n\u0131 gerek\u00e7e g\u00f6steriyor.<\/p>\n<p style=\"text-align: justify\">R\u00fbdaw&#8217;a konu\u015fan Muhammed, \u015funlar\u0131 s\u00f6yledi:<\/p>\n<p style=\"text-align: justify\">&#8220;Getirilen Araplar\u0131n trakt\u00f6r\u00fc, atalar\u0131m\u0131n tarlas\u0131n\u0131 s\u00fcr\u00fcyor. Nahiye ve il\u00e7e yetkilileri taraf\u0131ndan defalarca K\u00fcrtlerin ve T\u00fcrkmenlerin arazilerine yakla\u015fmamalar\u0131 konusunda uyar\u0131ld\u0131lar, \u00e7\u00fcnk\u00fc Meclis\u2019ten bir karar \u00e7\u0131km\u0131\u015ft\u0131.&#8221;<\/p>\n<p style=\"text-align: justify\">K\u00fcrt \u00e7ift\u00e7inin ifadesine g\u00f6re, tarlay\u0131 s\u00fcren ki\u015filerin elinde mahkeme karar\u0131 oldu\u011fu iddia edilen bir yaz\u0131 bulunuyordu ve kendisine y\u00fcksek sesle &#8220;Bu arazi bizim&#8221; dediler.<\/p>\n<p style=\"text-align: justify\"><strong>&#8220;Kerk\u00fck Tar\u0131m M\u00fcd\u00fcrl\u00fc\u011f\u00fc yerle\u015ftirilen Araplar\u0131n s\u00f6zle\u015fmesini yeniliyor&#8221;<\/strong><\/p>\n<p style=\"text-align: justify\">Tart\u0131\u015fmal\u0131 b\u00f6lgelerdeki K\u00fcrt \u00e7ift\u00e7ilerin \u015fikayet ve itirazlar\u0131 Kerk\u00fck Tar\u0131m M\u00fcd\u00fcrl\u00fc\u011f\u00fc&#8217;ne odaklanm\u0131\u015f durumda. \u00c7ift\u00e7iler, m\u00fcd\u00fcrl\u00fckteki memurlar\u0131n Irak Parlamentosu&#8217;nda \u00e7\u0131kar\u0131lan yasay\u0131 dikkate almadan b\u00f6lgeye yerle\u015ftirilen Araplar\u0131n s\u00f6zle\u015fmelerini yeniledi\u011fini ifade ediyor. Arazilerin as\u0131l sahibi olan \u00e7ift\u00e7ilere ise, &#8220;Yasan\u0131n uygulama talimatlar\u0131 hen\u00fcz \u00e7\u0131kmad\u0131, bu y\u00fczden uygulayam\u0131yoruz&#8221; yan\u0131t\u0131n\u0131 veriyorlar.<\/p>\n<p style=\"text-align: justify\">Dakuk \u00e7ift\u00e7ilerinin temsilcisi \u015eeyh Necat Talabani, durumun \u00e7at\u0131\u015fmalara yol a\u00e7abilece\u011fi uyar\u0131s\u0131nda bulunarak, &#8220;Kerk\u00fck Tar\u0131m M\u00fcd\u00fcrl\u00fc\u011f\u00fc, getirilen Araplar i\u00e7in s\u00f6zle\u015fme yenilemeye hala devam ediyor&#8221; dedi.<\/p>\n<p style=\"text-align: justify\">Topizava \u00e7ift\u00e7ilerinin temsilcisi Sami Gafur ise, &#8220;Y\u00fcksek Yarg\u0131 Konseyi&#8217;ne, uygulama talimatlar\u0131 gelinceye \u00a0kadar Kerk\u00fck mahkemelerinin K\u00fcrt ve T\u00fcrkmen \u00e7ift\u00e7ilere y\u00f6nelik bu i\u015flemlerinin durdurulmas\u0131 gerekti\u011fi iletilmelidir&#8221; dedi.<\/p>\n<p style=\"text-align: justify\"><strong>Parlamento yasas\u0131 onay bekliyor<\/strong><\/p>\n<p style=\"text-align: justify\">Irak Parlamentosu&#8217;nda bu sorunu \u00e7\u00f6zmek i\u00e7in \u00e7\u0131kar\u0131lan yasa, \u015eura Konseyi&#8217;ne g\u00f6nderildi ve burada da oylanmas\u0131 gerekiyor.<\/p>\n<p style=\"text-align: justify\">Kerk\u00fck \u0130l Meclisi Tar\u0131m Komitesi Ba\u015fkan\u0131 Abdullah Mirveys, yasan\u0131n uygulanmas\u0131n\u0131n daha fazla gecikmesinin b\u00fcy\u00fck zararlara yol a\u00e7aca\u011f\u0131n\u0131 vurgulayarak \u015funlar\u0131 belirtti:<\/p>\n<p style=\"text-align: justify\">&#8220;Cumhurba\u015fkan\u0131 da dahil olmak \u00fczere Ba\u011fdat&#8217;taki t\u00fcm yetkililerin koordinasyonuna ihtiya\u00e7 var. Yasan\u0131n \u015eura Konseyi&#8217;nden h\u0131zla ge\u00e7irilmesi ve uygulanabilmesi i\u00e7in Bakanlar Kurulu&#8217;na g\u00f6nderilmesi y\u00f6n\u00fcnde \u00e7aba g\u00f6sterilmelidir.&#8221;<\/p>\n<p style=\"text-align: justify\">Irak h\u00fck\u00fcmeti bu y\u0131l, tar\u0131m plan\u0131 d\u0131\u015f\u0131nda ekim yap\u0131lan arazilerden bu\u011fday almayaca\u011f\u0131na dair yeni bir karar \u00e7\u0131kard\u0131. Bu karar, arazileriyle ilgili sorunlar\u0131 \u00e7\u00f6z\u00fclse bile \u00fcr\u00fcnlerini satamayacak olan ve sonu\u00e7ta b\u00fcy\u00fck zarara u\u011frayacak olan K\u00fcrt ve T\u00fcrkmen \u00e7ift\u00e7iler i\u00e7in b\u00fcy\u00fck bir sorun te\u015fkil ediyor.<\/p>\n","protected":false},"excerpt":{"rendered":"<p>Kerk\u00fck&#8217;\u00fcn Leylan nahiyesine sonradan yerle\u015ftirilen Araplar, arazilerin as\u0131l sahibi olan K\u00fcrt \u00e7ift\u00e7ilerin g\u00f6zleri \u00f6n\u00fcnde onlar\u0131n topraklar\u0131n\u0131 ekip bi\u00e7iyor. Bu duruma isyan eden K\u00fcrt \u00e7ift\u00e7iler, &#8220;Bu topraklar atalar\u0131mdan bana miras kald\u0131 ama elimden bir \u015fey gelmiyor&#8221; diyerek \u00e7aresizliklerini dile getiriyor. Muhammed Emin, kendisine miras kalan tarlas\u0131n\u0131n nas\u0131l s\u00fcr\u00fcld\u00fc\u011f\u00fcn\u00fc kendi g\u00f6zleriyle izliyor. Feryatlar\u0131 ve \u015fikayetleri ise sonu\u00e7suz [&hellip;]<\/p>\n","protected":false},"author":2,"featured_media":1035717,"comment_status":"closed","ping_status":"closed","sticky":false,"template":"","format":"standard","meta":{"footnotes":""},"categories":[3],"tags":[31],"class_list":["post-1035716","post","type-post","status-publish","format-standard","has-post-thumbnail","hentry","category-kurdistan","tag-onemli"],"blocksy_meta":[],"seo_head":"<!-- This site is optimized with the Yoast SEO plugin v27.5 - https:\/\/yoast.com\/product\/yoast-seo-wordpress\/ -->\n<title>Kerk\u00fck&#039;te yerle\u015ftirilen Araplar, K\u00fcrt \u00e7ift\u00e7ilerin arazilerini s\u00fcr\u00fcyor - Darka Mazi<\/title>\n<meta name=\"robots\" content=\"index, follow, max-snippet:-1, max-image-preview:large, max-video-preview:-1\" \/>\n<link rel=\"canonical\" href=\"https:\/\/darkamazi.site\/archives\/1035716\" \/>\n<meta property=\"og:locale\" content=\"en_US\" \/>\n<meta property=\"og:type\" content=\"article\" \/>\n<meta property=\"og:title\" content=\"Kerk\u00fck&#039;te yerle\u015ftirilen Araplar, K\u00fcrt \u00e7ift\u00e7ilerin arazilerini s\u00fcr\u00fcyor - Darka Mazi\" \/>\n<meta property=\"og:description\" content=\"Kerk\u00fck&#8217;\u00fcn Leylan nahiyesine sonradan yerle\u015ftirilen Araplar, arazilerin as\u0131l sahibi olan K\u00fcrt \u00e7ift\u00e7ilerin g\u00f6zleri \u00f6n\u00fcnde onlar\u0131n topraklar\u0131n\u0131 ekip bi\u00e7iyor. Bu duruma isyan eden K\u00fcrt \u00e7ift\u00e7iler, &#8220;Bu topraklar atalar\u0131mdan bana miras kald\u0131 ama elimden bir \u015fey gelmiyor&#8221; diyerek \u00e7aresizliklerini dile getiriyor. Muhammed Emin, kendisine miras kalan tarlas\u0131n\u0131n nas\u0131l s\u00fcr\u00fcld\u00fc\u011f\u00fcn\u00fc kendi g\u00f6zleriyle izliyor. Feryatlar\u0131 ve \u015fikayetleri ise sonu\u00e7suz [&hellip;]\" \/>\n<meta property=\"og:url\" content=\"https:\/\/darkamazi.site\/archives\/1035716\" \/>\n<meta property=\"og:site_name\" content=\"Darka Mazi\" \/>\n<meta property=\"article:publisher\" content=\"https:\/\/www.facebook.com\/DarkaMaziturkce\" \/>\n<meta property=\"article:published_time\" content=\"2025-11-20T07:10:37+00:00\" \/>\n<meta property=\"og:image\" content=\"https:\/\/darkamazi.site\/file\/2025\/11\/kerkuk-cifciler-duzeltilmis.jpg\" \/>\n\t<meta property=\"og:image:width\" content=\"781\" \/>\n\t<meta property=\"og:image:height\" content=\"439\" \/>\n\t<meta property=\"og:image:type\" content=\"image\/jpeg\" \/>\n<meta name=\"author\" content=\"darka mazi\" \/>\n<meta name=\"twitter:card\" content=\"summary_large_image\" \/>\n<meta name=\"twitter:creator\" content=\"@DarkaMaziTurkce\" \/>\n<meta name=\"twitter:site\" content=\"@DarkaMaziTurkce\" \/>\n<meta name=\"twitter:label1\" content=\"Written by\" \/>\n\t<meta name=\"twitter:data1\" content=\"darka mazi\" \/>\n\t<meta name=\"twitter:label2\" content=\"Est. reading time\" \/>\n\t<meta name=\"twitter:data2\" content=\"2 minutes\" \/>\n<script type=\"application\/ld+json\" class=\"seo-schema-graph\">{\"@context\":\"https:\\\/\\\/schema.org\",\"@graph\":[{\"@type\":\"NewsArticle\",\"@id\":\"https:\\\/\\\/darkamazi.site\\\/archives\\\/1035716#article\",\"isPartOf\":{\"@id\":\"https:\\\/\\\/darkamazi.site\\\/archives\\\/1035716\"},\"author\":{\"name\":\"darka mazi\",\"@id\":\"https:\\\/\\\/darkamazi.site\\\/#\\\/schema\\\/person\\\/67986a95ac546c16760365877ef4a9d3\"},\"headline\":\"Kerk\u00fck&#8217;te yerle\u015ftirilen Araplar, K\u00fcrt \u00e7ift\u00e7ilerin arazilerini s\u00fcr\u00fcyor\",\"datePublished\":\"2025-11-20T07:10:37+00:00\",\"mainEntityOfPage\":{\"@id\":\"https:\\\/\\\/darkamazi.site\\\/archives\\\/1035716\"},\"wordCount\":563,\"publisher\":{\"@id\":\"https:\\\/\\\/darkamazi.site\\\/#organization\"},\"image\":{\"@id\":\"https:\\\/\\\/darkamazi.site\\\/archives\\\/1035716#primaryimage\"},\"thumbnailUrl\":\"https:\\\/\\\/darkamazi.site\\\/darka-content\\\/uploads\\\/2025\\\/11\\\/kerkuk-cifciler-duzeltilmis.jpg\",\"keywords\":[\"\u00f6nemli\"],\"articleSection\":[\"Kurdistan\"],\"inLanguage\":\"en-US\"},{\"@type\":\"WebPage\",\"@id\":\"https:\\\/\\\/darkamazi.site\\\/archives\\\/1035716\",\"url\":\"https:\\\/\\\/darkamazi.site\\\/archives\\\/1035716\",\"name\":\"Kerk\u00fck'te yerle\u015ftirilen Araplar, K\u00fcrt \u00e7ift\u00e7ilerin arazilerini s\u00fcr\u00fcyor - Darka Mazi\",\"isPartOf\":{\"@id\":\"https:\\\/\\\/darkamazi.site\\\/#website\"},\"primaryImageOfPage\":{\"@id\":\"https:\\\/\\\/darkamazi.site\\\/archives\\\/1035716#primaryimage\"},\"image\":{\"@id\":\"https:\\\/\\\/darkamazi.site\\\/archives\\\/1035716#primaryimage\"},\"thumbnailUrl\":\"https:\\\/\\\/darkamazi.site\\\/darka-content\\\/uploads\\\/2025\\\/11\\\/kerkuk-cifciler-duzeltilmis.jpg\",\"datePublished\":\"2025-11-20T07:10:37+00:00\",\"breadcrumb\":{\"@id\":\"https:\\\/\\\/darkamazi.site\\\/archives\\\/1035716#breadcrumb\"},\"inLanguage\":\"en-US\",\"potentialAction\":[{\"@type\":\"ReadAction\",\"target\":[\"https:\\\/\\\/darkamazi.site\\\/archives\\\/1035716\"]}]},{\"@type\":\"ImageObject\",\"inLanguage\":\"en-US\",\"@id\":\"https:\\\/\\\/darkamazi.site\\\/archives\\\/1035716#primaryimage\",\"url\":\"https:\\\/\\\/darkamazi.site\\\/darka-content\\\/uploads\\\/2025\\\/11\\\/kerkuk-cifciler-duzeltilmis.jpg\",\"contentUrl\":\"https:\\\/\\\/darkamazi.site\\\/darka-content\\\/uploads\\\/2025\\\/11\\\/kerkuk-cifciler-duzeltilmis.jpg\",\"width\":781,\"height\":439,\"caption\":\"Kerk\u00fck'te yerle\u015ftirilen Araplar, K\u00fcrt \u00e7ift\u00e7ilerin arazilerini s\u00fcr\u00fcyor\"},{\"@type\":\"BreadcrumbList\",\"@id\":\"https:\\\/\\\/darkamazi.site\\\/archives\\\/1035716#breadcrumb\",\"itemListElement\":[{\"@type\":\"ListItem\",\"position\":1,\"name\":\"Home\",\"item\":\"https:\\\/\\\/darkamazi.site\\\/\"},{\"@type\":\"ListItem\",\"position\":2,\"name\":\"Kerk\u00fck&#8217;te yerle\u015ftirilen Araplar, K\u00fcrt \u00e7ift\u00e7ilerin arazilerini s\u00fcr\u00fcyor\"}]},{\"@type\":\"WebSite\",\"@id\":\"https:\\\/\\\/darkamazi.site\\\/#website\",\"url\":\"https:\\\/\\\/darkamazi.site\\\/\",\"name\":\"Darka Mazi\",\"description\":\"Ana Sayfa\",\"publisher\":{\"@id\":\"https:\\\/\\\/darkamazi.site\\\/#organization\"},\"potentialAction\":[{\"@type\":\"SearchAction\",\"target\":{\"@type\":\"EntryPoint\",\"urlTemplate\":\"https:\\\/\\\/darkamazi.site\\\/?s={search_term_string}\"},\"query-input\":{\"@type\":\"PropertyValueSpecification\",\"valueRequired\":true,\"valueName\":\"search_term_string\"}}],\"inLanguage\":\"en-US\"},{\"@type\":\"Organization\",\"@id\":\"https:\\\/\\\/darkamazi.site\\\/#organization\",\"name\":\"Darka Mazi T\u00fcrk\u00e7e\",\"alternateName\":\"Darka Mazi\",\"url\":\"https:\\\/\\\/darkamazi.site\\\/\",\"logo\":{\"@type\":\"ImageObject\",\"inLanguage\":\"en-US\",\"@id\":\"https:\\\/\\\/darkamazi.site\\\/#\\\/schema\\\/logo\\\/image\\\/\",\"url\":\"https:\\\/\\\/darkamazi.site\\\/darka-content\\\/uploads\\\/2017\\\/12\\\/darka-mazi-logo.png\",\"contentUrl\":\"https:\\\/\\\/darkamazi.site\\\/darka-content\\\/uploads\\\/2017\\\/12\\\/darka-mazi-logo.png\",\"width\":151,\"height\":75,\"caption\":\"Darka Mazi T\u00fcrk\u00e7e\"},\"image\":{\"@id\":\"https:\\\/\\\/darkamazi.site\\\/#\\\/schema\\\/logo\\\/image\\\/\"},\"sameAs\":[\"https:\\\/\\\/www.facebook.com\\\/DarkaMaziturkce\",\"https:\\\/\\\/x.com\\\/DarkaMaziTurkce\"]},{\"@type\":\"Person\",\"@id\":\"https:\\\/\\\/darkamazi.site\\\/#\\\/schema\\\/person\\\/67986a95ac546c16760365877ef4a9d3\",\"name\":\"darka mazi\",\"sameAs\":[\"https:\\\/\\\/darkamazi.site\"],\"url\":\"https:\\\/\\\/darkamazi.site\\\/archives\\\/author\\\/turkish\"}]}<\/script>\n<!-- \/ Yoast SEO plugin. -->","seo_head_json":{"title":"Kerk\u00fck'te yerle\u015ftirilen Araplar, K\u00fcrt \u00e7ift\u00e7ilerin arazilerini s\u00fcr\u00fcyor - Darka Mazi","robots":{"index":"index","follow":"follow","max-snippet":"max-snippet:-1","max-image-preview":"max-image-preview:large","max-video-preview":"max-video-preview:-1"},"canonical":"https:\/\/darkamazi.site\/archives\/1035716","og_locale":"en_US","og_type":"article","og_title":"Kerk\u00fck'te yerle\u015ftirilen Araplar, K\u00fcrt \u00e7ift\u00e7ilerin arazilerini s\u00fcr\u00fcyor - Darka Mazi","og_description":"Kerk\u00fck&#8217;\u00fcn Leylan nahiyesine sonradan yerle\u015ftirilen Araplar, arazilerin as\u0131l sahibi olan K\u00fcrt \u00e7ift\u00e7ilerin g\u00f6zleri \u00f6n\u00fcnde onlar\u0131n topraklar\u0131n\u0131 ekip bi\u00e7iyor. Bu duruma isyan eden K\u00fcrt \u00e7ift\u00e7iler, &#8220;Bu topraklar atalar\u0131mdan bana miras kald\u0131 ama elimden bir \u015fey gelmiyor&#8221; diyerek \u00e7aresizliklerini dile getiriyor. Muhammed Emin, kendisine miras kalan tarlas\u0131n\u0131n nas\u0131l s\u00fcr\u00fcld\u00fc\u011f\u00fcn\u00fc kendi g\u00f6zleriyle izliyor. Feryatlar\u0131 ve \u015fikayetleri ise sonu\u00e7suz [&hellip;]","og_url":"https:\/\/darkamazi.site\/archives\/1035716","og_site_name":"Darka Mazi","article_publisher":"https:\/\/www.facebook.com\/DarkaMaziturkce","article_published_time":"2025-11-20T07:10:37+00:00","og_image":[{"width":781,"height":439,"url":"https:\/\/darkamazi.site\/file\/2025\/11\/kerkuk-cifciler-duzeltilmis.jpg","type":"image\/jpeg"}],"author":"darka mazi","twitter_card":"summary_large_image","twitter_creator":"@DarkaMaziTurkce","twitter_site":"@DarkaMaziTurkce","twitter_misc":{"Written by":"darka mazi","Est. reading time":"2 minutes"},"schema":{"@context":"https:\/\/schema.org","@graph":[{"@type":"NewsArticle","@id":"https:\/\/darkamazi.site\/archives\/1035716#article","isPartOf":{"@id":"https:\/\/darkamazi.site\/archives\/1035716"},"author":{"name":"darka mazi","@id":"https:\/\/darkamazi.site\/#\/schema\/person\/67986a95ac546c16760365877ef4a9d3"},"headline":"Kerk\u00fck&#8217;te yerle\u015ftirilen Araplar, K\u00fcrt \u00e7ift\u00e7ilerin arazilerini s\u00fcr\u00fcyor","datePublished":"2025-11-20T07:10:37+00:00","mainEntityOfPage":{"@id":"https:\/\/darkamazi.site\/archives\/1035716"},"wordCount":563,"publisher":{"@id":"https:\/\/darkamazi.site\/#organization"},"image":{"@id":"https:\/\/darkamazi.site\/archives\/1035716#primaryimage"},"thumbnailUrl":"https:\/\/darkamazi.site\/file\/2025\/11\/kerkuk-cifciler-duzeltilmis.jpg","keywords":["\u00f6nemli"],"articleSection":["Kurdistan"],"inLanguage":"en-US"},{"@type":"WebPage","@id":"https:\/\/darkamazi.site\/archives\/1035716","url":"https:\/\/darkamazi.site\/archives\/1035716","name":"Kerk\u00fck'te yerle\u015ftirilen Araplar, K\u00fcrt \u00e7ift\u00e7ilerin arazilerini s\u00fcr\u00fcyor - Darka Mazi","isPartOf":{"@id":"https:\/\/darkamazi.site\/#website"},"primaryImageOfPage":{"@id":"https:\/\/darkamazi.site\/archives\/1035716#primaryimage"},"image":{"@id":"https:\/\/darkamazi.site\/archives\/1035716#primaryimage"},"thumbnailUrl":"https:\/\/darkamazi.site\/file\/2025\/11\/kerkuk-cifciler-duzeltilmis.jpg","datePublished":"2025-11-20T07:10:37+00:00","breadcrumb":{"@id":"https:\/\/darkamazi.site\/archives\/1035716#breadcrumb"},"inLanguage":"en-US","potentialAction":[{"@type":"ReadAction","target":["https:\/\/darkamazi.site\/archives\/1035716"]}]},{"@type":"ImageObject","inLanguage":"en-US","@id":"https:\/\/darkamazi.site\/archives\/1035716#primaryimage","url":"https:\/\/darkamazi.site\/file\/2025\/11\/kerkuk-cifciler-duzeltilmis.jpg","contentUrl":"https:\/\/darkamazi.site\/file\/2025\/11\/kerkuk-cifciler-duzeltilmis.jpg","width":781,"height":439,"caption":"Kerk\u00fck'te yerle\u015ftirilen Araplar, K\u00fcrt \u00e7ift\u00e7ilerin arazilerini s\u00fcr\u00fcyor"},{"@type":"BreadcrumbList","@id":"https:\/\/darkamazi.site\/archives\/1035716#breadcrumb","itemListElement":[{"@type":"ListItem","position":1,"name":"Home","item":"https:\/\/darkamazi.site\/"},{"@type":"ListItem","position":2,"name":"Kerk\u00fck&#8217;te yerle\u015ftirilen Araplar, K\u00fcrt \u00e7ift\u00e7ilerin arazilerini s\u00fcr\u00fcyor"}]},{"@type":"WebSite","@id":"https:\/\/darkamazi.site\/#website","url":"https:\/\/darkamazi.site\/","name":"Darka Mazi","description":"Ana Sayfa","publisher":{"@id":"https:\/\/darkamazi.site\/#organization"},"potentialAction":[{"@type":"SearchAction","target":{"@type":"EntryPoint","urlTemplate":"https:\/\/darkamazi.site\/?s={search_term_string}"},"query-input":{"@type":"PropertyValueSpecification","valueRequired":true,"valueName":"search_term_string"}}],"inLanguage":"en-US"},{"@type":"Organization","@id":"https:\/\/darkamazi.site\/#organization","name":"Darka Mazi T\u00fcrk\u00e7e","alternateName":"Darka Mazi","url":"https:\/\/darkamazi.site\/","logo":{"@type":"ImageObject","inLanguage":"en-US","@id":"https:\/\/darkamazi.site\/#\/schema\/logo\/image\/","url":"https:\/\/darkamazi.site\/file\/2017\/12\/darka-mazi-logo.png","contentUrl":"https:\/\/darkamazi.site\/file\/2017\/12\/darka-mazi-logo.png","width":151,"height":75,"caption":"Darka Mazi T\u00fcrk\u00e7e"},"image":{"@id":"https:\/\/darkamazi.site\/#\/schema\/logo\/image\/"},"sameAs":["https:\/\/www.facebook.com\/DarkaMaziturkce","https:\/\/x.com\/DarkaMaziTurkce"]},{"@type":"Person","@id":"https:\/\/darkamazi.site\/#\/schema\/person\/67986a95ac546c16760365877ef4a9d3","name":"darka mazi","sameAs":["https:\/\/darkamazi.site"],"url":"https:\/\/darkamazi.site\/archives\/author\/turkish"}]}},"_links":{"self":[{"href":"https:\/\/darkamazi.site\/funavuv\/wp\/v2\/posts\/1035716","targetHints":{"allow":["GET"]}}],"collection":[{"href":"https:\/\/darkamazi.site\/funavuv\/wp\/v2\/posts"}],"about":[{"href":"https:\/\/darkamazi.site\/funavuv\/wp\/v2\/types\/post"}],"author":[{"embeddable":true,"href":"https:\/\/darkamazi.site\/funavuv\/wp\/v2\/users\/2"}],"replies":[{"embeddable":true,"href":"https:\/\/darkamazi.site\/funavuv\/wp\/v2\/comments?post=1035716"}],"version-history":[{"count":0,"href":"https:\/\/darkamazi.site\/funavuv\/wp\/v2\/posts\/1035716\/revisions"}],"wp:featuredmedia":[{"embeddable":true,"href":"https:\/\/darkamazi.site\/funavuv\/wp\/v2\/media\/1035717"}],"wp:attachment":[{"href":"https:\/\/darkamazi.site\/funavuv\/wp\/v2\/media?parent=1035716"}],"wp:term":[{"taxonomy":"category","embeddable":true,"href":"https:\/\/darkamazi.site\/funavuv\/wp\/v2\/categories?post=1035716"},{"taxonomy":"post_tag","embeddable":true,"href":"https:\/\/darkamazi.site\/funavuv\/wp\/v2\/tags?post=1035716"}],"curies":[{"name":"wp","href":"https:\/\/api.w.org\/{rel}","templated":true}]}}