{"id":1035719,"date":"2025-11-20T11:47:01","date_gmt":"2025-11-20T08:47:01","guid":{"rendered":"https:\/\/darkamazi.site\/?p=1035719"},"modified":"2025-11-20T11:47:01","modified_gmt":"2025-11-20T08:47:01","slug":"irakta-siiler-arasi-kiliclar-cekildi-kanun-devleti-koalisyonu-sozcusu-sudaninin-tekrar-basbakan-olmasina-karsiyiz-dedi","status":"publish","type":"post","link":"https:\/\/darkamazi.site\/archives\/1035719","title":{"rendered":"Irak\u2019ta \u015eiiler aras\u0131 k\u0131l\u0131\u00e7lar \u00e7ekildi Kanun Devleti Koalisyonu s\u00f6zc\u00fcs\u00fc Sudani\u2019nin tekrar ba\u015fbakan olmas\u0131na kar\u015f\u0131y\u0131z dedi"},"content":{"rendered":"<p style=\"text-align: justify\">Eski Ba\u015fbakan Nuri el-Maliki liderli\u011findeki Irak Kanun Devleti koalisyonu s\u00f6zc\u00fcs\u00fc Akil Fatlavi, televizyonda yapt\u0131\u011f\u0131 a\u00e7\u0131klamada, &#8220;Muhammed \u015eii el-Sudani&#8217;ye verilen g\u00fcvenin yenilenmesini ve Irak Ba\u015fbakan\u0131 olarak yeniden atanmas\u0131n\u0131 reddediyoruz ve \u015eii Birli\u011fi \u00c7er\u00e7evesi&#8217;ndeki t\u00fcm unsurlar, \u00f6nceki h\u00fck\u00fcmetin zay\u0131f performans\u0131n\u0131 ele\u015ftiriyor.&#8221; dedi.<\/p>\n<p style=\"text-align: justify\">Fatlavi ayr\u0131ca , &#8220;Ba\u015fbakanl\u0131k g\u00f6revinin Sudan&#8217;a ikinci kez verilmesinden yana de\u011filiz \u00e7\u00fcnk\u00fc kendisi hakk\u0131nda bir\u00e7ok olumsuz i\u015faret var ve bunlar\u0131n halk ve toplum ger\u00e7ekli\u011fi \u00fczerinde do\u011frudan etkisi oldu\u011funu daha \u00f6nce de belirtmi\u015ftik.&#8221; dedi.<\/p>\n<p style=\"text-align: justify\">Aqil Fatlawi, &#8220;Koalisyondaki t\u00fcm siyasi partilerin Sudan hakk\u0131nda olumsuz bir g\u00f6r\u00fc\u015f\u00fc var. Ancak siyasi partilerin Sudanl\u0131 bir ismin ikinci kez Ba\u015fbakan olmas\u0131n\u0131 kabul edip etmeyecekleri kendilerine ba\u011fl\u0131 ve bu onlar\u0131n g\u00f6r\u00fc\u015f\u00fc olmaya devam ediyor.&#8221; dedi.<\/p>\n<p style=\"text-align: justify\">Hukuk Devleti halk\u0131n\u0131n Ba\u015fbakanl\u0131k i\u00e7in bir aday g\u00f6sterip g\u00f6stermeyece\u011fi sorusuna ise, &#8220;Evet, bir aday\u0131m\u0131z var, ancak \u015fu anda a\u00e7\u0131klam\u0131yoruz ve Ba\u015fbakanl\u0131k se\u00e7im komitesine ad\u0131n\u0131 sunana kadar da a\u00e7\u0131klamayaca\u011f\u0131z. Se\u00e7im komitesi i\u00e7in bir komite olu\u015fturuldu. \u0130sim \u00fczerinde anla\u015ft\u0131klar\u0131nda, o zaman a\u00e7\u0131klanacak.&#8221; yan\u0131t\u0131n\u0131 verdi.<\/p>\n","protected":false},"excerpt":{"rendered":"<p>Eski Ba\u015fbakan Nuri el-Maliki liderli\u011findeki Irak Kanun Devleti koalisyonu s\u00f6zc\u00fcs\u00fc Akil Fatlavi, televizyonda yapt\u0131\u011f\u0131 a\u00e7\u0131klamada, &#8220;Muhammed \u015eii el-Sudani&#8217;ye verilen g\u00fcvenin yenilenmesini ve Irak Ba\u015fbakan\u0131 olarak yeniden atanmas\u0131n\u0131 reddediyoruz ve \u015eii Birli\u011fi \u00c7er\u00e7evesi&#8217;ndeki t\u00fcm unsurlar, \u00f6nceki h\u00fck\u00fcmetin zay\u0131f performans\u0131n\u0131 ele\u015ftiriyor.&#8221; dedi. Fatlavi ayr\u0131ca , &#8220;Ba\u015fbakanl\u0131k g\u00f6revinin Sudan&#8217;a ikinci kez verilmesinden yana de\u011filiz \u00e7\u00fcnk\u00fc kendisi hakk\u0131nda bir\u00e7ok [&hellip;]<\/p>\n","protected":false},"author":2,"featured_media":1035720,"comment_status":"closed","ping_status":"closed","sticky":false,"template":"","format":"standard","meta":{"footnotes":""},"categories":[29],"tags":[],"class_list":["post-1035719","post","type-post","status-publish","format-standard","has-post-thumbnail","hentry","category-ortadogu"],"blocksy_meta":[],"seo_head":"<!-- This site is optimized with the Yoast SEO plugin v27.5 - https:\/\/yoast.com\/product\/yoast-seo-wordpress\/ -->\n<title>Irak\u2019ta \u015eiiler aras\u0131 k\u0131l\u0131\u00e7lar \u00e7ekildi Kanun Devleti Koalisyonu s\u00f6zc\u00fcs\u00fc Sudani\u2019nin tekrar ba\u015fbakan olmas\u0131na kar\u015f\u0131y\u0131z dedi - Darka Mazi<\/title>\n<meta name=\"robots\" content=\"index, follow, max-snippet:-1, max-image-preview:large, max-video-preview:-1\" \/>\n<link rel=\"canonical\" href=\"https:\/\/darkamazi.site\/archives\/1035719\" \/>\n<meta property=\"og:locale\" content=\"en_US\" \/>\n<meta property=\"og:type\" content=\"article\" \/>\n<meta property=\"og:title\" content=\"Irak\u2019ta \u015eiiler aras\u0131 k\u0131l\u0131\u00e7lar \u00e7ekildi Kanun Devleti Koalisyonu s\u00f6zc\u00fcs\u00fc Sudani\u2019nin tekrar ba\u015fbakan olmas\u0131na kar\u015f\u0131y\u0131z dedi - Darka Mazi\" \/>\n<meta property=\"og:description\" content=\"Eski Ba\u015fbakan Nuri el-Maliki liderli\u011findeki Irak Kanun Devleti koalisyonu s\u00f6zc\u00fcs\u00fc Akil Fatlavi, televizyonda yapt\u0131\u011f\u0131 a\u00e7\u0131klamada, &#8220;Muhammed \u015eii el-Sudani&#8217;ye verilen g\u00fcvenin yenilenmesini ve Irak Ba\u015fbakan\u0131 olarak yeniden atanmas\u0131n\u0131 reddediyoruz ve \u015eii Birli\u011fi \u00c7er\u00e7evesi&#8217;ndeki t\u00fcm unsurlar, \u00f6nceki h\u00fck\u00fcmetin zay\u0131f performans\u0131n\u0131 ele\u015ftiriyor.&#8221; dedi. Fatlavi ayr\u0131ca , &#8220;Ba\u015fbakanl\u0131k g\u00f6revinin Sudan&#8217;a ikinci kez verilmesinden yana de\u011filiz \u00e7\u00fcnk\u00fc kendisi hakk\u0131nda bir\u00e7ok [&hellip;]\" \/>\n<meta property=\"og:url\" content=\"https:\/\/darkamazi.site\/archives\/1035719\" \/>\n<meta property=\"og:site_name\" content=\"Darka Mazi\" \/>\n<meta property=\"article:publisher\" content=\"https:\/\/www.facebook.com\/DarkaMaziturkce\" \/>\n<meta property=\"article:published_time\" content=\"2025-11-20T08:47:01+00:00\" \/>\n<meta property=\"og:image\" content=\"https:\/\/darkamazi.site\/file\/2025\/11\/Kanun-devleti-sozcusu.jpg\" \/>\n\t<meta property=\"og:image:width\" content=\"710\" \/>\n\t<meta property=\"og:image:height\" content=\"428\" \/>\n\t<meta property=\"og:image:type\" content=\"image\/jpeg\" \/>\n<meta name=\"author\" content=\"darka mazi\" \/>\n<meta name=\"twitter:card\" content=\"summary_large_image\" \/>\n<meta name=\"twitter:creator\" content=\"@DarkaMaziTurkce\" \/>\n<meta name=\"twitter:site\" content=\"@DarkaMaziTurkce\" \/>\n<meta name=\"twitter:label1\" content=\"Written by\" \/>\n\t<meta name=\"twitter:data1\" content=\"darka mazi\" \/>\n\t<meta name=\"twitter:label2\" content=\"Est. reading time\" \/>\n\t<meta name=\"twitter:data2\" content=\"1 minute\" \/>\n<script type=\"application\/ld+json\" class=\"seo-schema-graph\">{\"@context\":\"https:\\\/\\\/schema.org\",\"@graph\":[{\"@type\":\"NewsArticle\",\"@id\":\"https:\\\/\\\/darkamazi.site\\\/archives\\\/1035719#article\",\"isPartOf\":{\"@id\":\"https:\\\/\\\/darkamazi.site\\\/archives\\\/1035719\"},\"author\":{\"name\":\"darka mazi\",\"@id\":\"https:\\\/\\\/darkamazi.site\\\/#\\\/schema\\\/person\\\/67986a95ac546c16760365877ef4a9d3\"},\"headline\":\"Irak\u2019ta \u015eiiler aras\u0131 k\u0131l\u0131\u00e7lar \u00e7ekildi Kanun Devleti Koalisyonu s\u00f6zc\u00fcs\u00fc Sudani\u2019nin tekrar ba\u015fbakan olmas\u0131na kar\u015f\u0131y\u0131z dedi\",\"datePublished\":\"2025-11-20T08:47:01+00:00\",\"mainEntityOfPage\":{\"@id\":\"https:\\\/\\\/darkamazi.site\\\/archives\\\/1035719\"},\"wordCount\":242,\"publisher\":{\"@id\":\"https:\\\/\\\/darkamazi.site\\\/#organization\"},\"image\":{\"@id\":\"https:\\\/\\\/darkamazi.site\\\/archives\\\/1035719#primaryimage\"},\"thumbnailUrl\":\"https:\\\/\\\/darkamazi.site\\\/darka-content\\\/uploads\\\/2025\\\/11\\\/Kanun-devleti-sozcusu.jpg\",\"articleSection\":[\"Ortado\u011fu\"],\"inLanguage\":\"en-US\"},{\"@type\":\"WebPage\",\"@id\":\"https:\\\/\\\/darkamazi.site\\\/archives\\\/1035719\",\"url\":\"https:\\\/\\\/darkamazi.site\\\/archives\\\/1035719\",\"name\":\"Irak\u2019ta \u015eiiler aras\u0131 k\u0131l\u0131\u00e7lar \u00e7ekildi Kanun Devleti Koalisyonu s\u00f6zc\u00fcs\u00fc Sudani\u2019nin tekrar ba\u015fbakan olmas\u0131na kar\u015f\u0131y\u0131z dedi - Darka Mazi\",\"isPartOf\":{\"@id\":\"https:\\\/\\\/darkamazi.site\\\/#website\"},\"primaryImageOfPage\":{\"@id\":\"https:\\\/\\\/darkamazi.site\\\/archives\\\/1035719#primaryimage\"},\"image\":{\"@id\":\"https:\\\/\\\/darkamazi.site\\\/archives\\\/1035719#primaryimage\"},\"thumbnailUrl\":\"https:\\\/\\\/darkamazi.site\\\/darka-content\\\/uploads\\\/2025\\\/11\\\/Kanun-devleti-sozcusu.jpg\",\"datePublished\":\"2025-11-20T08:47:01+00:00\",\"breadcrumb\":{\"@id\":\"https:\\\/\\\/darkamazi.site\\\/archives\\\/1035719#breadcrumb\"},\"inLanguage\":\"en-US\",\"potentialAction\":[{\"@type\":\"ReadAction\",\"target\":[\"https:\\\/\\\/darkamazi.site\\\/archives\\\/1035719\"]}]},{\"@type\":\"ImageObject\",\"inLanguage\":\"en-US\",\"@id\":\"https:\\\/\\\/darkamazi.site\\\/archives\\\/1035719#primaryimage\",\"url\":\"https:\\\/\\\/darkamazi.site\\\/darka-content\\\/uploads\\\/2025\\\/11\\\/Kanun-devleti-sozcusu.jpg\",\"contentUrl\":\"https:\\\/\\\/darkamazi.site\\\/darka-content\\\/uploads\\\/2025\\\/11\\\/Kanun-devleti-sozcusu.jpg\",\"width\":710,\"height\":428,\"caption\":\"Irak\u2019ta \u015eiiler aras\u0131 k\u0131l\u0131\u00e7lar \u00e7ekildi Kanun Devleti Koalisyonu s\u00f6zc\u00fcs\u00fc Sudani\u2019nin tekrar ba\u015fbakan olmas\u0131na kar\u015f\u0131y\u0131z dedi\"},{\"@type\":\"BreadcrumbList\",\"@id\":\"https:\\\/\\\/darkamazi.site\\\/archives\\\/1035719#breadcrumb\",\"itemListElement\":[{\"@type\":\"ListItem\",\"position\":1,\"name\":\"Home\",\"item\":\"https:\\\/\\\/darkamazi.site\\\/\"},{\"@type\":\"ListItem\",\"position\":2,\"name\":\"Irak\u2019ta \u015eiiler aras\u0131 k\u0131l\u0131\u00e7lar \u00e7ekildi Kanun Devleti Koalisyonu s\u00f6zc\u00fcs\u00fc Sudani\u2019nin tekrar ba\u015fbakan olmas\u0131na kar\u015f\u0131y\u0131z dedi\"}]},{\"@type\":\"WebSite\",\"@id\":\"https:\\\/\\\/darkamazi.site\\\/#website\",\"url\":\"https:\\\/\\\/darkamazi.site\\\/\",\"name\":\"Darka Mazi\",\"description\":\"Ana Sayfa\",\"publisher\":{\"@id\":\"https:\\\/\\\/darkamazi.site\\\/#organization\"},\"potentialAction\":[{\"@type\":\"SearchAction\",\"target\":{\"@type\":\"EntryPoint\",\"urlTemplate\":\"https:\\\/\\\/darkamazi.site\\\/?s={search_term_string}\"},\"query-input\":{\"@type\":\"PropertyValueSpecification\",\"valueRequired\":true,\"valueName\":\"search_term_string\"}}],\"inLanguage\":\"en-US\"},{\"@type\":\"Organization\",\"@id\":\"https:\\\/\\\/darkamazi.site\\\/#organization\",\"name\":\"Darka Mazi T\u00fcrk\u00e7e\",\"alternateName\":\"Darka Mazi\",\"url\":\"https:\\\/\\\/darkamazi.site\\\/\",\"logo\":{\"@type\":\"ImageObject\",\"inLanguage\":\"en-US\",\"@id\":\"https:\\\/\\\/darkamazi.site\\\/#\\\/schema\\\/logo\\\/image\\\/\",\"url\":\"https:\\\/\\\/darkamazi.site\\\/darka-content\\\/uploads\\\/2017\\\/12\\\/darka-mazi-logo.png\",\"contentUrl\":\"https:\\\/\\\/darkamazi.site\\\/darka-content\\\/uploads\\\/2017\\\/12\\\/darka-mazi-logo.png\",\"width\":151,\"height\":75,\"caption\":\"Darka Mazi T\u00fcrk\u00e7e\"},\"image\":{\"@id\":\"https:\\\/\\\/darkamazi.site\\\/#\\\/schema\\\/logo\\\/image\\\/\"},\"sameAs\":[\"https:\\\/\\\/www.facebook.com\\\/DarkaMaziturkce\",\"https:\\\/\\\/x.com\\\/DarkaMaziTurkce\"]},{\"@type\":\"Person\",\"@id\":\"https:\\\/\\\/darkamazi.site\\\/#\\\/schema\\\/person\\\/67986a95ac546c16760365877ef4a9d3\",\"name\":\"darka mazi\",\"sameAs\":[\"https:\\\/\\\/darkamazi.site\"],\"url\":\"https:\\\/\\\/darkamazi.site\\\/archives\\\/author\\\/turkish\"}]}<\/script>\n<!-- \/ Yoast SEO plugin. -->","seo_head_json":{"title":"Irak\u2019ta \u015eiiler aras\u0131 k\u0131l\u0131\u00e7lar \u00e7ekildi Kanun Devleti Koalisyonu s\u00f6zc\u00fcs\u00fc Sudani\u2019nin tekrar ba\u015fbakan olmas\u0131na kar\u015f\u0131y\u0131z dedi - Darka Mazi","robots":{"index":"index","follow":"follow","max-snippet":"max-snippet:-1","max-image-preview":"max-image-preview:large","max-video-preview":"max-video-preview:-1"},"canonical":"https:\/\/darkamazi.site\/archives\/1035719","og_locale":"en_US","og_type":"article","og_title":"Irak\u2019ta \u015eiiler aras\u0131 k\u0131l\u0131\u00e7lar \u00e7ekildi Kanun Devleti Koalisyonu s\u00f6zc\u00fcs\u00fc Sudani\u2019nin tekrar ba\u015fbakan olmas\u0131na kar\u015f\u0131y\u0131z dedi - Darka Mazi","og_description":"Eski Ba\u015fbakan Nuri el-Maliki liderli\u011findeki Irak Kanun Devleti koalisyonu s\u00f6zc\u00fcs\u00fc Akil Fatlavi, televizyonda yapt\u0131\u011f\u0131 a\u00e7\u0131klamada, &#8220;Muhammed \u015eii el-Sudani&#8217;ye verilen g\u00fcvenin yenilenmesini ve Irak Ba\u015fbakan\u0131 olarak yeniden atanmas\u0131n\u0131 reddediyoruz ve \u015eii Birli\u011fi \u00c7er\u00e7evesi&#8217;ndeki t\u00fcm unsurlar, \u00f6nceki h\u00fck\u00fcmetin zay\u0131f performans\u0131n\u0131 ele\u015ftiriyor.&#8221; dedi. Fatlavi ayr\u0131ca , &#8220;Ba\u015fbakanl\u0131k g\u00f6revinin Sudan&#8217;a ikinci kez verilmesinden yana de\u011filiz \u00e7\u00fcnk\u00fc kendisi hakk\u0131nda bir\u00e7ok [&hellip;]","og_url":"https:\/\/darkamazi.site\/archives\/1035719","og_site_name":"Darka Mazi","article_publisher":"https:\/\/www.facebook.com\/DarkaMaziturkce","article_published_time":"2025-11-20T08:47:01+00:00","og_image":[{"width":710,"height":428,"url":"https:\/\/darkamazi.site\/file\/2025\/11\/Kanun-devleti-sozcusu.jpg","type":"image\/jpeg"}],"author":"darka mazi","twitter_card":"summary_large_image","twitter_creator":"@DarkaMaziTurkce","twitter_site":"@DarkaMaziTurkce","twitter_misc":{"Written by":"darka mazi","Est. reading time":"1 minute"},"schema":{"@context":"https:\/\/schema.org","@graph":[{"@type":"NewsArticle","@id":"https:\/\/darkamazi.site\/archives\/1035719#article","isPartOf":{"@id":"https:\/\/darkamazi.site\/archives\/1035719"},"author":{"name":"darka mazi","@id":"https:\/\/darkamazi.site\/#\/schema\/person\/67986a95ac546c16760365877ef4a9d3"},"headline":"Irak\u2019ta \u015eiiler aras\u0131 k\u0131l\u0131\u00e7lar \u00e7ekildi Kanun Devleti Koalisyonu s\u00f6zc\u00fcs\u00fc Sudani\u2019nin tekrar ba\u015fbakan olmas\u0131na kar\u015f\u0131y\u0131z dedi","datePublished":"2025-11-20T08:47:01+00:00","mainEntityOfPage":{"@id":"https:\/\/darkamazi.site\/archives\/1035719"},"wordCount":242,"publisher":{"@id":"https:\/\/darkamazi.site\/#organization"},"image":{"@id":"https:\/\/darkamazi.site\/archives\/1035719#primaryimage"},"thumbnailUrl":"https:\/\/darkamazi.site\/file\/2025\/11\/Kanun-devleti-sozcusu.jpg","articleSection":["Ortado\u011fu"],"inLanguage":"en-US"},{"@type":"WebPage","@id":"https:\/\/darkamazi.site\/archives\/1035719","url":"https:\/\/darkamazi.site\/archives\/1035719","name":"Irak\u2019ta \u015eiiler aras\u0131 k\u0131l\u0131\u00e7lar \u00e7ekildi Kanun Devleti Koalisyonu s\u00f6zc\u00fcs\u00fc Sudani\u2019nin tekrar ba\u015fbakan olmas\u0131na kar\u015f\u0131y\u0131z dedi - Darka Mazi","isPartOf":{"@id":"https:\/\/darkamazi.site\/#website"},"primaryImageOfPage":{"@id":"https:\/\/darkamazi.site\/archives\/1035719#primaryimage"},"image":{"@id":"https:\/\/darkamazi.site\/archives\/1035719#primaryimage"},"thumbnailUrl":"https:\/\/darkamazi.site\/file\/2025\/11\/Kanun-devleti-sozcusu.jpg","datePublished":"2025-11-20T08:47:01+00:00","breadcrumb":{"@id":"https:\/\/darkamazi.site\/archives\/1035719#breadcrumb"},"inLanguage":"en-US","potentialAction":[{"@type":"ReadAction","target":["https:\/\/darkamazi.site\/archives\/1035719"]}]},{"@type":"ImageObject","inLanguage":"en-US","@id":"https:\/\/darkamazi.site\/archives\/1035719#primaryimage","url":"https:\/\/darkamazi.site\/file\/2025\/11\/Kanun-devleti-sozcusu.jpg","contentUrl":"https:\/\/darkamazi.site\/file\/2025\/11\/Kanun-devleti-sozcusu.jpg","width":710,"height":428,"caption":"Irak\u2019ta \u015eiiler aras\u0131 k\u0131l\u0131\u00e7lar \u00e7ekildi Kanun Devleti Koalisyonu s\u00f6zc\u00fcs\u00fc Sudani\u2019nin tekrar ba\u015fbakan olmas\u0131na kar\u015f\u0131y\u0131z dedi"},{"@type":"BreadcrumbList","@id":"https:\/\/darkamazi.site\/archives\/1035719#breadcrumb","itemListElement":[{"@type":"ListItem","position":1,"name":"Home","item":"https:\/\/darkamazi.site\/"},{"@type":"ListItem","position":2,"name":"Irak\u2019ta \u015eiiler aras\u0131 k\u0131l\u0131\u00e7lar \u00e7ekildi Kanun Devleti Koalisyonu s\u00f6zc\u00fcs\u00fc Sudani\u2019nin tekrar ba\u015fbakan olmas\u0131na kar\u015f\u0131y\u0131z dedi"}]},{"@type":"WebSite","@id":"https:\/\/darkamazi.site\/#website","url":"https:\/\/darkamazi.site\/","name":"Darka Mazi","description":"Ana Sayfa","publisher":{"@id":"https:\/\/darkamazi.site\/#organization"},"potentialAction":[{"@type":"SearchAction","target":{"@type":"EntryPoint","urlTemplate":"https:\/\/darkamazi.site\/?s={search_term_string}"},"query-input":{"@type":"PropertyValueSpecification","valueRequired":true,"valueName":"search_term_string"}}],"inLanguage":"en-US"},{"@type":"Organization","@id":"https:\/\/darkamazi.site\/#organization","name":"Darka Mazi T\u00fcrk\u00e7e","alternateName":"Darka Mazi","url":"https:\/\/darkamazi.site\/","logo":{"@type":"ImageObject","inLanguage":"en-US","@id":"https:\/\/darkamazi.site\/#\/schema\/logo\/image\/","url":"https:\/\/darkamazi.site\/file\/2017\/12\/darka-mazi-logo.png","contentUrl":"https:\/\/darkamazi.site\/file\/2017\/12\/darka-mazi-logo.png","width":151,"height":75,"caption":"Darka Mazi T\u00fcrk\u00e7e"},"image":{"@id":"https:\/\/darkamazi.site\/#\/schema\/logo\/image\/"},"sameAs":["https:\/\/www.facebook.com\/DarkaMaziturkce","https:\/\/x.com\/DarkaMaziTurkce"]},{"@type":"Person","@id":"https:\/\/darkamazi.site\/#\/schema\/person\/67986a95ac546c16760365877ef4a9d3","name":"darka mazi","sameAs":["https:\/\/darkamazi.site"],"url":"https:\/\/darkamazi.site\/archives\/author\/turkish"}]}},"_links":{"self":[{"href":"https:\/\/darkamazi.site\/funavuv\/wp\/v2\/posts\/1035719","targetHints":{"allow":["GET"]}}],"collection":[{"href":"https:\/\/darkamazi.site\/funavuv\/wp\/v2\/posts"}],"about":[{"href":"https:\/\/darkamazi.site\/funavuv\/wp\/v2\/types\/post"}],"author":[{"embeddable":true,"href":"https:\/\/darkamazi.site\/funavuv\/wp\/v2\/users\/2"}],"replies":[{"embeddable":true,"href":"https:\/\/darkamazi.site\/funavuv\/wp\/v2\/comments?post=1035719"}],"version-history":[{"count":0,"href":"https:\/\/darkamazi.site\/funavuv\/wp\/v2\/posts\/1035719\/revisions"}],"wp:featuredmedia":[{"embeddable":true,"href":"https:\/\/darkamazi.site\/funavuv\/wp\/v2\/media\/1035720"}],"wp:attachment":[{"href":"https:\/\/darkamazi.site\/funavuv\/wp\/v2\/media?parent=1035719"}],"wp:term":[{"taxonomy":"category","embeddable":true,"href":"https:\/\/darkamazi.site\/funavuv\/wp\/v2\/categories?post=1035719"},{"taxonomy":"post_tag","embeddable":true,"href":"https:\/\/darkamazi.site\/funavuv\/wp\/v2\/tags?post=1035719"}],"curies":[{"name":"wp","href":"https:\/\/api.w.org\/{rel}","templated":true}]}}