{"id":1035722,"date":"2025-11-20T12:04:35","date_gmt":"2025-11-20T09:04:35","guid":{"rendered":"https:\/\/darkamazi.site\/?p=1035722"},"modified":"2025-11-20T12:04:35","modified_gmt":"2025-11-20T09:04:35","slug":"kdp-kurdistan-ve-irakta-birinci-parti-durumunda","status":"publish","type":"post","link":"https:\/\/darkamazi.site\/archives\/1035722","title":{"rendered":"KDP, K\u00fcrdistan ve Irak\u2019ta birinci parti durumunda"},"content":{"rendered":"<p style=\"text-align: justify\">Irak parlamento se\u00e7imlerinin alt\u0131nc\u0131 turunun resmi sonu\u00e7lar\u0131n\u0131n a\u00e7\u0131klanmas\u0131n\u0131n ard\u0131ndan KDP, bir milyon 100 binden fazla oy alarak Irak&#8217;\u0131n birinci \u00a0partisi oldu.<\/p>\n<p style=\"text-align: justify\">KDP, Irak parlamento se\u00e7imlerinin alt\u0131nc\u0131 turunda t\u00fcm partiler aras\u0131nda birinci s\u0131rada yer ald\u0131 ve t\u00fcm K\u00fcrt ve Irak partilerinden daha fazla oya sahip.<\/p>\n<p style=\"text-align: justify\">KDP, \u015fu anda Irak&#8217;ta K\u00fcrdistan ve Irak d\u00fczeyinde lider parti konumunda olmas\u0131na ra\u011fmen, birka\u00e7 partiden olu\u015fan bir Irak partileri koalisyonu olu\u015fturmas\u0131 nedeniyle se\u00e7im kurulu olarak ikinci s\u0131rada yer al\u0131yor.<\/p>\n<p style=\"text-align: justify\">KDP, Irak parlamento se\u00e7imlerinin alt\u0131nc\u0131 turunda 1.108.353 oy alarak 27 parlamento sandalyesinin sahibi oldu. K\u00fcrdistan veya Irak&#8217;ta hi\u00e7bir parti KDP kadar oy veya sandalye elde edemedi.<\/p>\n","protected":false},"excerpt":{"rendered":"<p>Irak parlamento se\u00e7imlerinin alt\u0131nc\u0131 turunun resmi sonu\u00e7lar\u0131n\u0131n a\u00e7\u0131klanmas\u0131n\u0131n ard\u0131ndan KDP, bir milyon 100 binden fazla oy alarak Irak&#8217;\u0131n birinci \u00a0partisi oldu. KDP, Irak parlamento se\u00e7imlerinin alt\u0131nc\u0131 turunda t\u00fcm partiler aras\u0131nda birinci s\u0131rada yer ald\u0131 ve t\u00fcm K\u00fcrt ve Irak partilerinden daha fazla oya sahip. KDP, \u015fu anda Irak&#8217;ta K\u00fcrdistan ve Irak d\u00fczeyinde lider parti konumunda [&hellip;]<\/p>\n","protected":false},"author":2,"featured_media":1035723,"comment_status":"closed","ping_status":"closed","sticky":false,"template":"","format":"standard","meta":{"footnotes":""},"categories":[3],"tags":[],"class_list":["post-1035722","post","type-post","status-publish","format-standard","has-post-thumbnail","hentry","category-kurdistan"],"blocksy_meta":[],"seo_head":"<!-- This site is optimized with the Yoast SEO plugin v27.5 - https:\/\/yoast.com\/product\/yoast-seo-wordpress\/ -->\n<title>KDP, K\u00fcrdistan ve Irak\u2019ta birinci parti durumunda - Darka Mazi<\/title>\n<meta name=\"robots\" content=\"index, follow, max-snippet:-1, max-image-preview:large, max-video-preview:-1\" \/>\n<link rel=\"canonical\" href=\"https:\/\/darkamazi.site\/archives\/1035722\" \/>\n<meta property=\"og:locale\" content=\"en_US\" \/>\n<meta property=\"og:type\" content=\"article\" \/>\n<meta property=\"og:title\" content=\"KDP, K\u00fcrdistan ve Irak\u2019ta birinci parti durumunda - Darka Mazi\" \/>\n<meta property=\"og:description\" content=\"Irak parlamento se\u00e7imlerinin alt\u0131nc\u0131 turunun resmi sonu\u00e7lar\u0131n\u0131n a\u00e7\u0131klanmas\u0131n\u0131n ard\u0131ndan KDP, bir milyon 100 binden fazla oy alarak Irak&#8217;\u0131n birinci \u00a0partisi oldu. KDP, Irak parlamento se\u00e7imlerinin alt\u0131nc\u0131 turunda t\u00fcm partiler aras\u0131nda birinci s\u0131rada yer ald\u0131 ve t\u00fcm K\u00fcrt ve Irak partilerinden daha fazla oya sahip. KDP, \u015fu anda Irak&#8217;ta K\u00fcrdistan ve Irak d\u00fczeyinde lider parti konumunda [&hellip;]\" \/>\n<meta property=\"og:url\" content=\"https:\/\/darkamazi.site\/archives\/1035722\" \/>\n<meta property=\"og:site_name\" content=\"Darka Mazi\" \/>\n<meta property=\"article:publisher\" content=\"https:\/\/www.facebook.com\/DarkaMaziturkce\" \/>\n<meta property=\"article:published_time\" content=\"2025-11-20T09:04:35+00:00\" \/>\n<meta property=\"og:image\" content=\"https:\/\/darkamazi.site\/file\/2025\/11\/KDP-Oy-orani.jpg\" \/>\n\t<meta property=\"og:image:width\" content=\"1920\" \/>\n\t<meta property=\"og:image:height\" content=\"1080\" \/>\n\t<meta property=\"og:image:type\" content=\"image\/jpeg\" \/>\n<meta name=\"author\" content=\"darka mazi\" \/>\n<meta name=\"twitter:card\" content=\"summary_large_image\" \/>\n<meta name=\"twitter:creator\" content=\"@DarkaMaziTurkce\" \/>\n<meta name=\"twitter:site\" content=\"@DarkaMaziTurkce\" \/>\n<meta name=\"twitter:label1\" content=\"Written by\" \/>\n\t<meta name=\"twitter:data1\" content=\"darka mazi\" \/>\n\t<meta name=\"twitter:label2\" content=\"Est. reading time\" \/>\n\t<meta name=\"twitter:data2\" content=\"1 minute\" \/>\n<script type=\"application\/ld+json\" class=\"seo-schema-graph\">{\"@context\":\"https:\\\/\\\/schema.org\",\"@graph\":[{\"@type\":\"NewsArticle\",\"@id\":\"https:\\\/\\\/darkamazi.site\\\/archives\\\/1035722#article\",\"isPartOf\":{\"@id\":\"https:\\\/\\\/darkamazi.site\\\/archives\\\/1035722\"},\"author\":{\"name\":\"darka mazi\",\"@id\":\"https:\\\/\\\/darkamazi.site\\\/#\\\/schema\\\/person\\\/67986a95ac546c16760365877ef4a9d3\"},\"headline\":\"KDP, K\u00fcrdistan ve Irak\u2019ta birinci parti durumunda\",\"datePublished\":\"2025-11-20T09:04:35+00:00\",\"mainEntityOfPage\":{\"@id\":\"https:\\\/\\\/darkamazi.site\\\/archives\\\/1035722\"},\"wordCount\":137,\"publisher\":{\"@id\":\"https:\\\/\\\/darkamazi.site\\\/#organization\"},\"image\":{\"@id\":\"https:\\\/\\\/darkamazi.site\\\/archives\\\/1035722#primaryimage\"},\"thumbnailUrl\":\"https:\\\/\\\/darkamazi.site\\\/darka-content\\\/uploads\\\/2025\\\/11\\\/KDP-Oy-orani.jpg\",\"articleSection\":[\"Kurdistan\"],\"inLanguage\":\"en-US\"},{\"@type\":\"WebPage\",\"@id\":\"https:\\\/\\\/darkamazi.site\\\/archives\\\/1035722\",\"url\":\"https:\\\/\\\/darkamazi.site\\\/archives\\\/1035722\",\"name\":\"KDP, K\u00fcrdistan ve Irak\u2019ta birinci parti durumunda - Darka Mazi\",\"isPartOf\":{\"@id\":\"https:\\\/\\\/darkamazi.site\\\/#website\"},\"primaryImageOfPage\":{\"@id\":\"https:\\\/\\\/darkamazi.site\\\/archives\\\/1035722#primaryimage\"},\"image\":{\"@id\":\"https:\\\/\\\/darkamazi.site\\\/archives\\\/1035722#primaryimage\"},\"thumbnailUrl\":\"https:\\\/\\\/darkamazi.site\\\/darka-content\\\/uploads\\\/2025\\\/11\\\/KDP-Oy-orani.jpg\",\"datePublished\":\"2025-11-20T09:04:35+00:00\",\"breadcrumb\":{\"@id\":\"https:\\\/\\\/darkamazi.site\\\/archives\\\/1035722#breadcrumb\"},\"inLanguage\":\"en-US\",\"potentialAction\":[{\"@type\":\"ReadAction\",\"target\":[\"https:\\\/\\\/darkamazi.site\\\/archives\\\/1035722\"]}]},{\"@type\":\"ImageObject\",\"inLanguage\":\"en-US\",\"@id\":\"https:\\\/\\\/darkamazi.site\\\/archives\\\/1035722#primaryimage\",\"url\":\"https:\\\/\\\/darkamazi.site\\\/darka-content\\\/uploads\\\/2025\\\/11\\\/KDP-Oy-orani.jpg\",\"contentUrl\":\"https:\\\/\\\/darkamazi.site\\\/darka-content\\\/uploads\\\/2025\\\/11\\\/KDP-Oy-orani.jpg\",\"width\":1920,\"height\":1080,\"caption\":\"KDP, K\u00fcrdistan ve Irak\u2019ta birinci parti durumunda\"},{\"@type\":\"BreadcrumbList\",\"@id\":\"https:\\\/\\\/darkamazi.site\\\/archives\\\/1035722#breadcrumb\",\"itemListElement\":[{\"@type\":\"ListItem\",\"position\":1,\"name\":\"Home\",\"item\":\"https:\\\/\\\/darkamazi.site\\\/\"},{\"@type\":\"ListItem\",\"position\":2,\"name\":\"KDP, K\u00fcrdistan ve Irak\u2019ta birinci parti durumunda\"}]},{\"@type\":\"WebSite\",\"@id\":\"https:\\\/\\\/darkamazi.site\\\/#website\",\"url\":\"https:\\\/\\\/darkamazi.site\\\/\",\"name\":\"Darka Mazi\",\"description\":\"Ana Sayfa\",\"publisher\":{\"@id\":\"https:\\\/\\\/darkamazi.site\\\/#organization\"},\"potentialAction\":[{\"@type\":\"SearchAction\",\"target\":{\"@type\":\"EntryPoint\",\"urlTemplate\":\"https:\\\/\\\/darkamazi.site\\\/?s={search_term_string}\"},\"query-input\":{\"@type\":\"PropertyValueSpecification\",\"valueRequired\":true,\"valueName\":\"search_term_string\"}}],\"inLanguage\":\"en-US\"},{\"@type\":\"Organization\",\"@id\":\"https:\\\/\\\/darkamazi.site\\\/#organization\",\"name\":\"Darka Mazi T\u00fcrk\u00e7e\",\"alternateName\":\"Darka Mazi\",\"url\":\"https:\\\/\\\/darkamazi.site\\\/\",\"logo\":{\"@type\":\"ImageObject\",\"inLanguage\":\"en-US\",\"@id\":\"https:\\\/\\\/darkamazi.site\\\/#\\\/schema\\\/logo\\\/image\\\/\",\"url\":\"https:\\\/\\\/darkamazi.site\\\/darka-content\\\/uploads\\\/2017\\\/12\\\/darka-mazi-logo.png\",\"contentUrl\":\"https:\\\/\\\/darkamazi.site\\\/darka-content\\\/uploads\\\/2017\\\/12\\\/darka-mazi-logo.png\",\"width\":151,\"height\":75,\"caption\":\"Darka Mazi T\u00fcrk\u00e7e\"},\"image\":{\"@id\":\"https:\\\/\\\/darkamazi.site\\\/#\\\/schema\\\/logo\\\/image\\\/\"},\"sameAs\":[\"https:\\\/\\\/www.facebook.com\\\/DarkaMaziturkce\",\"https:\\\/\\\/x.com\\\/DarkaMaziTurkce\"]},{\"@type\":\"Person\",\"@id\":\"https:\\\/\\\/darkamazi.site\\\/#\\\/schema\\\/person\\\/67986a95ac546c16760365877ef4a9d3\",\"name\":\"darka mazi\",\"sameAs\":[\"https:\\\/\\\/darkamazi.site\"],\"url\":\"https:\\\/\\\/darkamazi.site\\\/archives\\\/author\\\/turkish\"}]}<\/script>\n<!-- \/ Yoast SEO plugin. -->","seo_head_json":{"title":"KDP, K\u00fcrdistan ve Irak\u2019ta birinci parti durumunda - Darka Mazi","robots":{"index":"index","follow":"follow","max-snippet":"max-snippet:-1","max-image-preview":"max-image-preview:large","max-video-preview":"max-video-preview:-1"},"canonical":"https:\/\/darkamazi.site\/archives\/1035722","og_locale":"en_US","og_type":"article","og_title":"KDP, K\u00fcrdistan ve Irak\u2019ta birinci parti durumunda - Darka Mazi","og_description":"Irak parlamento se\u00e7imlerinin alt\u0131nc\u0131 turunun resmi sonu\u00e7lar\u0131n\u0131n a\u00e7\u0131klanmas\u0131n\u0131n ard\u0131ndan KDP, bir milyon 100 binden fazla oy alarak Irak&#8217;\u0131n birinci \u00a0partisi oldu. KDP, Irak parlamento se\u00e7imlerinin alt\u0131nc\u0131 turunda t\u00fcm partiler aras\u0131nda birinci s\u0131rada yer ald\u0131 ve t\u00fcm K\u00fcrt ve Irak partilerinden daha fazla oya sahip. KDP, \u015fu anda Irak&#8217;ta K\u00fcrdistan ve Irak d\u00fczeyinde lider parti konumunda [&hellip;]","og_url":"https:\/\/darkamazi.site\/archives\/1035722","og_site_name":"Darka Mazi","article_publisher":"https:\/\/www.facebook.com\/DarkaMaziturkce","article_published_time":"2025-11-20T09:04:35+00:00","og_image":[{"width":1920,"height":1080,"url":"https:\/\/darkamazi.site\/file\/2025\/11\/KDP-Oy-orani.jpg","type":"image\/jpeg"}],"author":"darka mazi","twitter_card":"summary_large_image","twitter_creator":"@DarkaMaziTurkce","twitter_site":"@DarkaMaziTurkce","twitter_misc":{"Written by":"darka mazi","Est. reading time":"1 minute"},"schema":{"@context":"https:\/\/schema.org","@graph":[{"@type":"NewsArticle","@id":"https:\/\/darkamazi.site\/archives\/1035722#article","isPartOf":{"@id":"https:\/\/darkamazi.site\/archives\/1035722"},"author":{"name":"darka mazi","@id":"https:\/\/darkamazi.site\/#\/schema\/person\/67986a95ac546c16760365877ef4a9d3"},"headline":"KDP, K\u00fcrdistan ve Irak\u2019ta birinci parti durumunda","datePublished":"2025-11-20T09:04:35+00:00","mainEntityOfPage":{"@id":"https:\/\/darkamazi.site\/archives\/1035722"},"wordCount":137,"publisher":{"@id":"https:\/\/darkamazi.site\/#organization"},"image":{"@id":"https:\/\/darkamazi.site\/archives\/1035722#primaryimage"},"thumbnailUrl":"https:\/\/darkamazi.site\/file\/2025\/11\/KDP-Oy-orani.jpg","articleSection":["Kurdistan"],"inLanguage":"en-US"},{"@type":"WebPage","@id":"https:\/\/darkamazi.site\/archives\/1035722","url":"https:\/\/darkamazi.site\/archives\/1035722","name":"KDP, K\u00fcrdistan ve Irak\u2019ta birinci parti durumunda - Darka Mazi","isPartOf":{"@id":"https:\/\/darkamazi.site\/#website"},"primaryImageOfPage":{"@id":"https:\/\/darkamazi.site\/archives\/1035722#primaryimage"},"image":{"@id":"https:\/\/darkamazi.site\/archives\/1035722#primaryimage"},"thumbnailUrl":"https:\/\/darkamazi.site\/file\/2025\/11\/KDP-Oy-orani.jpg","datePublished":"2025-11-20T09:04:35+00:00","breadcrumb":{"@id":"https:\/\/darkamazi.site\/archives\/1035722#breadcrumb"},"inLanguage":"en-US","potentialAction":[{"@type":"ReadAction","target":["https:\/\/darkamazi.site\/archives\/1035722"]}]},{"@type":"ImageObject","inLanguage":"en-US","@id":"https:\/\/darkamazi.site\/archives\/1035722#primaryimage","url":"https:\/\/darkamazi.site\/file\/2025\/11\/KDP-Oy-orani.jpg","contentUrl":"https:\/\/darkamazi.site\/file\/2025\/11\/KDP-Oy-orani.jpg","width":1920,"height":1080,"caption":"KDP, K\u00fcrdistan ve Irak\u2019ta birinci parti durumunda"},{"@type":"BreadcrumbList","@id":"https:\/\/darkamazi.site\/archives\/1035722#breadcrumb","itemListElement":[{"@type":"ListItem","position":1,"name":"Home","item":"https:\/\/darkamazi.site\/"},{"@type":"ListItem","position":2,"name":"KDP, K\u00fcrdistan ve Irak\u2019ta birinci parti durumunda"}]},{"@type":"WebSite","@id":"https:\/\/darkamazi.site\/#website","url":"https:\/\/darkamazi.site\/","name":"Darka Mazi","description":"Ana Sayfa","publisher":{"@id":"https:\/\/darkamazi.site\/#organization"},"potentialAction":[{"@type":"SearchAction","target":{"@type":"EntryPoint","urlTemplate":"https:\/\/darkamazi.site\/?s={search_term_string}"},"query-input":{"@type":"PropertyValueSpecification","valueRequired":true,"valueName":"search_term_string"}}],"inLanguage":"en-US"},{"@type":"Organization","@id":"https:\/\/darkamazi.site\/#organization","name":"Darka Mazi T\u00fcrk\u00e7e","alternateName":"Darka Mazi","url":"https:\/\/darkamazi.site\/","logo":{"@type":"ImageObject","inLanguage":"en-US","@id":"https:\/\/darkamazi.site\/#\/schema\/logo\/image\/","url":"https:\/\/darkamazi.site\/file\/2017\/12\/darka-mazi-logo.png","contentUrl":"https:\/\/darkamazi.site\/file\/2017\/12\/darka-mazi-logo.png","width":151,"height":75,"caption":"Darka Mazi T\u00fcrk\u00e7e"},"image":{"@id":"https:\/\/darkamazi.site\/#\/schema\/logo\/image\/"},"sameAs":["https:\/\/www.facebook.com\/DarkaMaziturkce","https:\/\/x.com\/DarkaMaziTurkce"]},{"@type":"Person","@id":"https:\/\/darkamazi.site\/#\/schema\/person\/67986a95ac546c16760365877ef4a9d3","name":"darka mazi","sameAs":["https:\/\/darkamazi.site"],"url":"https:\/\/darkamazi.site\/archives\/author\/turkish"}]}},"_links":{"self":[{"href":"https:\/\/darkamazi.site\/funavuv\/wp\/v2\/posts\/1035722","targetHints":{"allow":["GET"]}}],"collection":[{"href":"https:\/\/darkamazi.site\/funavuv\/wp\/v2\/posts"}],"about":[{"href":"https:\/\/darkamazi.site\/funavuv\/wp\/v2\/types\/post"}],"author":[{"embeddable":true,"href":"https:\/\/darkamazi.site\/funavuv\/wp\/v2\/users\/2"}],"replies":[{"embeddable":true,"href":"https:\/\/darkamazi.site\/funavuv\/wp\/v2\/comments?post=1035722"}],"version-history":[{"count":0,"href":"https:\/\/darkamazi.site\/funavuv\/wp\/v2\/posts\/1035722\/revisions"}],"wp:featuredmedia":[{"embeddable":true,"href":"https:\/\/darkamazi.site\/funavuv\/wp\/v2\/media\/1035723"}],"wp:attachment":[{"href":"https:\/\/darkamazi.site\/funavuv\/wp\/v2\/media?parent=1035722"}],"wp:term":[{"taxonomy":"category","embeddable":true,"href":"https:\/\/darkamazi.site\/funavuv\/wp\/v2\/categories?post=1035722"},{"taxonomy":"post_tag","embeddable":true,"href":"https:\/\/darkamazi.site\/funavuv\/wp\/v2\/tags?post=1035722"}],"curies":[{"name":"wp","href":"https:\/\/api.w.org\/{rel}","templated":true}]}}