{"id":1035725,"date":"2025-11-20T12:11:22","date_gmt":"2025-11-20T09:11:22","guid":{"rendered":"https:\/\/darkamazi.site\/?p=1035725"},"modified":"2025-11-20T12:13:02","modified_gmt":"2025-11-20T09:13:02","slug":"fuad-huseyin-bazi-taraflar-secim-sonuclarini-degistirmesi-icin-komisyona-baski-yapiyor","status":"publish","type":"post","link":"https:\/\/darkamazi.site\/archives\/1035725","title":{"rendered":"Fuad H\u00fcseyin: Baz\u0131 taraflar se\u00e7im sonu\u00e7lar\u0131n\u0131 de\u011fi\u015ftirmesi i\u00e7in komisyona bask\u0131 yap\u0131yor"},"content":{"rendered":"<p style=\"text-align: justify\">Irak D\u0131\u015fi\u015fleri Bakan\u0131 Fuad H\u00fcseyin,\u00a0baz\u0131 taraflar\u0131n komisyonu se\u00e7im sonu\u00e7lar\u0131n\u0131 de\u011fi\u015ftirmesi i\u00e7in bask\u0131lad\u0131\u011f\u0131n\u0131 s\u00f6yledi.<\/p>\n<p style=\"text-align: justify\">Fuad H\u00fcseyin, 19 Kas\u0131m 2025 \u00c7ar\u015famba g\u00fcn\u00fc, Kurdistan24\u2019te yay\u0131nlanan Basi Roj program\u0131na konuk oldu.<\/p>\n<p style=\"text-align: justify\">Ba\u011fdat&#8217;taki baz\u0131 siyasi partilerin Irak Ba\u011f\u0131ms\u0131z Y\u00fcksek Se\u00e7im Komisyonuna, se\u00e7im sonu\u00e7lar\u0131n\u0131 de\u011fi\u015ftirmesi i\u00e7in bask\u0131 yapmaya \u00e7al\u0131\u015ft\u0131\u011f\u0131n\u0131 belirten Bakan H\u00fcseyin,\u00a0&#8220;KDP olarak, se\u00e7im sonu\u00e7lar\u0131nda herhangi bir de\u011fi\u015fikli\u011fi kabul etmeyece\u011fiz. KDP yasalara ve talimatlara ba\u011fl\u0131 kald\u0131\u011f\u0131 i\u00e7in herhangi\u00a0 yasa d\u0131\u015f\u0131 faaliyeti kabul etmeyecektir.&#8221; dedi.<\/p>\n<p style=\"text-align: justify\">Irakl\u0131 siyasi partilerin yeni bir kabine olu\u015fturmak i\u00e7in m\u00fczakerelere resmen ba\u015flad\u0131\u011f\u0131n\u0131 aktaran H\u00fcseyin, KDP&#8217;nin bu konuda t\u00fcm partilerle m\u00fczakereye a\u00e7\u0131k oldu\u011funu ifade etti.<\/p>\n<p style=\"text-align: justify\">KDP&#8217;nin bir sonraki Irak H\u00fck\u00fcmetine kat\u0131lma ko\u015fullar\u0131 hakk\u0131ndaki soruya Fuad H\u00fcseyin, &#8220;Anayasan\u0131n uygulanmas\u0131 ko\u015fuluyla KDP, bir sonraki kabineye kat\u0131lacak.&#8221; yan\u0131t\u0131n\u0131 verdi.<\/p>\n<p style=\"text-align: justify\">&#8220;K\u00fcrtler Ba\u011fdat&#8217;ta birle\u015firse daha g\u00fc\u00e7l\u00fc olur.&#8221; diyen Fuad H\u00fcseyin, ayr\u0131ca\u00a0K\u00fcrt partilerinin en k\u0131sa s\u00fcrede onuncu kabineyi kurmak i\u00e7in anla\u015fmaya varmalar\u0131n\u0131 umdu.<\/p>\n<p style=\"text-align: justify\">Bir sonraki ba\u015fbakan\u0131n kim olaca\u011f\u0131 soruldu\u011funda, Bakan H\u00fcseyin, Koordinasyon \u00c7er\u00e7evesinin sorunu \u00e7\u00f6zece\u011fini ve \u015fu anda 10&#8217;dan fazla ki\u015finin bu g\u00f6rev i\u00e7in yar\u0131\u015ft\u0131\u011f\u0131n\u0131 s\u00f6yledi.<\/p>\n<p style=\"text-align: justify\">Irak D\u0131\u015fi\u015fleri Bakan\u0131, ABD&#8217;nin bir sonraki Irak H\u00fck\u00fcmetinde silahl\u0131 gruplar\u0131n bulunmas\u0131n\u0131 istemedi\u011fini de belirtti.<\/p>\n","protected":false},"excerpt":{"rendered":"<p>Irak D\u0131\u015fi\u015fleri Bakan\u0131 Fuad H\u00fcseyin,\u00a0baz\u0131 taraflar\u0131n komisyonu se\u00e7im sonu\u00e7lar\u0131n\u0131 de\u011fi\u015ftirmesi i\u00e7in bask\u0131lad\u0131\u011f\u0131n\u0131 s\u00f6yledi. Fuad H\u00fcseyin, 19 Kas\u0131m 2025 \u00c7ar\u015famba g\u00fcn\u00fc, Kurdistan24\u2019te yay\u0131nlanan Basi Roj program\u0131na konuk oldu. Ba\u011fdat&#8217;taki baz\u0131 siyasi partilerin Irak Ba\u011f\u0131ms\u0131z Y\u00fcksek Se\u00e7im Komisyonuna, se\u00e7im sonu\u00e7lar\u0131n\u0131 de\u011fi\u015ftirmesi i\u00e7in bask\u0131 yapmaya \u00e7al\u0131\u015ft\u0131\u011f\u0131n\u0131 belirten Bakan H\u00fcseyin,\u00a0&#8220;KDP olarak, se\u00e7im sonu\u00e7lar\u0131nda herhangi bir de\u011fi\u015fikli\u011fi kabul etmeyece\u011fiz. KDP [&hellip;]<\/p>\n","protected":false},"author":2,"featured_media":1035726,"comment_status":"closed","ping_status":"closed","sticky":false,"template":"","format":"standard","meta":{"footnotes":""},"categories":[3],"tags":[],"class_list":["post-1035725","post","type-post","status-publish","format-standard","has-post-thumbnail","hentry","category-kurdistan"],"blocksy_meta":[],"seo_head":"<!-- This site is optimized with the Yoast SEO plugin v27.5 - https:\/\/yoast.com\/product\/yoast-seo-wordpress\/ -->\n<title>Fuad H\u00fcseyin: Baz\u0131 taraflar se\u00e7im sonu\u00e7lar\u0131n\u0131 de\u011fi\u015ftirmesi i\u00e7in komisyona bask\u0131 yap\u0131yor - Darka Mazi<\/title>\n<meta name=\"robots\" content=\"index, follow, max-snippet:-1, max-image-preview:large, max-video-preview:-1\" \/>\n<link rel=\"canonical\" href=\"https:\/\/darkamazi.site\/archives\/1035725\" \/>\n<meta property=\"og:locale\" content=\"en_US\" \/>\n<meta property=\"og:type\" content=\"article\" \/>\n<meta property=\"og:title\" content=\"Fuad H\u00fcseyin: Baz\u0131 taraflar se\u00e7im sonu\u00e7lar\u0131n\u0131 de\u011fi\u015ftirmesi i\u00e7in komisyona bask\u0131 yap\u0131yor - Darka Mazi\" \/>\n<meta property=\"og:description\" content=\"Irak D\u0131\u015fi\u015fleri Bakan\u0131 Fuad H\u00fcseyin,\u00a0baz\u0131 taraflar\u0131n komisyonu se\u00e7im sonu\u00e7lar\u0131n\u0131 de\u011fi\u015ftirmesi i\u00e7in bask\u0131lad\u0131\u011f\u0131n\u0131 s\u00f6yledi. Fuad H\u00fcseyin, 19 Kas\u0131m 2025 \u00c7ar\u015famba g\u00fcn\u00fc, Kurdistan24\u2019te yay\u0131nlanan Basi Roj program\u0131na konuk oldu. Ba\u011fdat&#8217;taki baz\u0131 siyasi partilerin Irak Ba\u011f\u0131ms\u0131z Y\u00fcksek Se\u00e7im Komisyonuna, se\u00e7im sonu\u00e7lar\u0131n\u0131 de\u011fi\u015ftirmesi i\u00e7in bask\u0131 yapmaya \u00e7al\u0131\u015ft\u0131\u011f\u0131n\u0131 belirten Bakan H\u00fcseyin,\u00a0&#8220;KDP olarak, se\u00e7im sonu\u00e7lar\u0131nda herhangi bir de\u011fi\u015fikli\u011fi kabul etmeyece\u011fiz. KDP [&hellip;]\" \/>\n<meta property=\"og:url\" content=\"https:\/\/darkamazi.site\/archives\/1035725\" \/>\n<meta property=\"og:site_name\" content=\"Darka Mazi\" \/>\n<meta property=\"article:publisher\" content=\"https:\/\/www.facebook.com\/DarkaMaziturkce\" \/>\n<meta property=\"article:published_time\" content=\"2025-11-20T09:11:22+00:00\" \/>\n<meta property=\"article:modified_time\" content=\"2025-11-20T09:13:02+00:00\" \/>\n<meta property=\"og:image\" content=\"https:\/\/darkamazi.site\/file\/2025\/11\/Fuad-huseyin.jpg\" \/>\n\t<meta property=\"og:image:width\" content=\"1562\" \/>\n\t<meta property=\"og:image:height\" content=\"878\" \/>\n\t<meta property=\"og:image:type\" content=\"image\/jpeg\" \/>\n<meta name=\"author\" content=\"darka mazi\" \/>\n<meta name=\"twitter:card\" content=\"summary_large_image\" \/>\n<meta name=\"twitter:creator\" content=\"@DarkaMaziTurkce\" \/>\n<meta name=\"twitter:site\" content=\"@DarkaMaziTurkce\" \/>\n<meta name=\"twitter:label1\" content=\"Written by\" \/>\n\t<meta name=\"twitter:data1\" content=\"darka mazi\" \/>\n\t<meta name=\"twitter:label2\" content=\"Est. reading time\" \/>\n\t<meta name=\"twitter:data2\" content=\"1 minute\" \/>\n<script type=\"application\/ld+json\" class=\"seo-schema-graph\">{\"@context\":\"https:\\\/\\\/schema.org\",\"@graph\":[{\"@type\":\"NewsArticle\",\"@id\":\"https:\\\/\\\/darkamazi.site\\\/archives\\\/1035725#article\",\"isPartOf\":{\"@id\":\"https:\\\/\\\/darkamazi.site\\\/archives\\\/1035725\"},\"author\":{\"name\":\"darka mazi\",\"@id\":\"https:\\\/\\\/darkamazi.site\\\/#\\\/schema\\\/person\\\/67986a95ac546c16760365877ef4a9d3\"},\"headline\":\"Fuad H\u00fcseyin: Baz\u0131 taraflar se\u00e7im sonu\u00e7lar\u0131n\u0131 de\u011fi\u015ftirmesi i\u00e7in komisyona bask\u0131 yap\u0131yor\",\"datePublished\":\"2025-11-20T09:11:22+00:00\",\"dateModified\":\"2025-11-20T09:13:02+00:00\",\"mainEntityOfPage\":{\"@id\":\"https:\\\/\\\/darkamazi.site\\\/archives\\\/1035725\"},\"wordCount\":290,\"publisher\":{\"@id\":\"https:\\\/\\\/darkamazi.site\\\/#organization\"},\"image\":{\"@id\":\"https:\\\/\\\/darkamazi.site\\\/archives\\\/1035725#primaryimage\"},\"thumbnailUrl\":\"https:\\\/\\\/darkamazi.site\\\/darka-content\\\/uploads\\\/2025\\\/11\\\/Fuad-huseyin.jpg\",\"articleSection\":[\"Kurdistan\"],\"inLanguage\":\"en-US\"},{\"@type\":\"WebPage\",\"@id\":\"https:\\\/\\\/darkamazi.site\\\/archives\\\/1035725\",\"url\":\"https:\\\/\\\/darkamazi.site\\\/archives\\\/1035725\",\"name\":\"Fuad H\u00fcseyin: Baz\u0131 taraflar se\u00e7im sonu\u00e7lar\u0131n\u0131 de\u011fi\u015ftirmesi i\u00e7in komisyona bask\u0131 yap\u0131yor - Darka Mazi\",\"isPartOf\":{\"@id\":\"https:\\\/\\\/darkamazi.site\\\/#website\"},\"primaryImageOfPage\":{\"@id\":\"https:\\\/\\\/darkamazi.site\\\/archives\\\/1035725#primaryimage\"},\"image\":{\"@id\":\"https:\\\/\\\/darkamazi.site\\\/archives\\\/1035725#primaryimage\"},\"thumbnailUrl\":\"https:\\\/\\\/darkamazi.site\\\/darka-content\\\/uploads\\\/2025\\\/11\\\/Fuad-huseyin.jpg\",\"datePublished\":\"2025-11-20T09:11:22+00:00\",\"dateModified\":\"2025-11-20T09:13:02+00:00\",\"breadcrumb\":{\"@id\":\"https:\\\/\\\/darkamazi.site\\\/archives\\\/1035725#breadcrumb\"},\"inLanguage\":\"en-US\",\"potentialAction\":[{\"@type\":\"ReadAction\",\"target\":[\"https:\\\/\\\/darkamazi.site\\\/archives\\\/1035725\"]}]},{\"@type\":\"ImageObject\",\"inLanguage\":\"en-US\",\"@id\":\"https:\\\/\\\/darkamazi.site\\\/archives\\\/1035725#primaryimage\",\"url\":\"https:\\\/\\\/darkamazi.site\\\/darka-content\\\/uploads\\\/2025\\\/11\\\/Fuad-huseyin.jpg\",\"contentUrl\":\"https:\\\/\\\/darkamazi.site\\\/darka-content\\\/uploads\\\/2025\\\/11\\\/Fuad-huseyin.jpg\",\"width\":1562,\"height\":878,\"caption\":\"Fuad H\u00fcseyin: Baz\u0131 taraflar se\u00e7im sonu\u00e7lar\u0131n\u0131 de\u011fi\u015ftirmesi i\u00e7in komisyona bask\u0131 yap\u0131yor\"},{\"@type\":\"BreadcrumbList\",\"@id\":\"https:\\\/\\\/darkamazi.site\\\/archives\\\/1035725#breadcrumb\",\"itemListElement\":[{\"@type\":\"ListItem\",\"position\":1,\"name\":\"Home\",\"item\":\"https:\\\/\\\/darkamazi.site\\\/\"},{\"@type\":\"ListItem\",\"position\":2,\"name\":\"Fuad H\u00fcseyin: Baz\u0131 taraflar se\u00e7im sonu\u00e7lar\u0131n\u0131 de\u011fi\u015ftirmesi i\u00e7in komisyona bask\u0131 yap\u0131yor\"}]},{\"@type\":\"WebSite\",\"@id\":\"https:\\\/\\\/darkamazi.site\\\/#website\",\"url\":\"https:\\\/\\\/darkamazi.site\\\/\",\"name\":\"Darka Mazi\",\"description\":\"Ana Sayfa\",\"publisher\":{\"@id\":\"https:\\\/\\\/darkamazi.site\\\/#organization\"},\"potentialAction\":[{\"@type\":\"SearchAction\",\"target\":{\"@type\":\"EntryPoint\",\"urlTemplate\":\"https:\\\/\\\/darkamazi.site\\\/?s={search_term_string}\"},\"query-input\":{\"@type\":\"PropertyValueSpecification\",\"valueRequired\":true,\"valueName\":\"search_term_string\"}}],\"inLanguage\":\"en-US\"},{\"@type\":\"Organization\",\"@id\":\"https:\\\/\\\/darkamazi.site\\\/#organization\",\"name\":\"Darka Mazi T\u00fcrk\u00e7e\",\"alternateName\":\"Darka Mazi\",\"url\":\"https:\\\/\\\/darkamazi.site\\\/\",\"logo\":{\"@type\":\"ImageObject\",\"inLanguage\":\"en-US\",\"@id\":\"https:\\\/\\\/darkamazi.site\\\/#\\\/schema\\\/logo\\\/image\\\/\",\"url\":\"https:\\\/\\\/darkamazi.site\\\/darka-content\\\/uploads\\\/2017\\\/12\\\/darka-mazi-logo.png\",\"contentUrl\":\"https:\\\/\\\/darkamazi.site\\\/darka-content\\\/uploads\\\/2017\\\/12\\\/darka-mazi-logo.png\",\"width\":151,\"height\":75,\"caption\":\"Darka Mazi T\u00fcrk\u00e7e\"},\"image\":{\"@id\":\"https:\\\/\\\/darkamazi.site\\\/#\\\/schema\\\/logo\\\/image\\\/\"},\"sameAs\":[\"https:\\\/\\\/www.facebook.com\\\/DarkaMaziturkce\",\"https:\\\/\\\/x.com\\\/DarkaMaziTurkce\"]},{\"@type\":\"Person\",\"@id\":\"https:\\\/\\\/darkamazi.site\\\/#\\\/schema\\\/person\\\/67986a95ac546c16760365877ef4a9d3\",\"name\":\"darka mazi\",\"sameAs\":[\"https:\\\/\\\/darkamazi.site\"],\"url\":\"https:\\\/\\\/darkamazi.site\\\/archives\\\/author\\\/turkish\"}]}<\/script>\n<!-- \/ Yoast SEO plugin. -->","seo_head_json":{"title":"Fuad H\u00fcseyin: Baz\u0131 taraflar se\u00e7im sonu\u00e7lar\u0131n\u0131 de\u011fi\u015ftirmesi i\u00e7in komisyona bask\u0131 yap\u0131yor - Darka Mazi","robots":{"index":"index","follow":"follow","max-snippet":"max-snippet:-1","max-image-preview":"max-image-preview:large","max-video-preview":"max-video-preview:-1"},"canonical":"https:\/\/darkamazi.site\/archives\/1035725","og_locale":"en_US","og_type":"article","og_title":"Fuad H\u00fcseyin: Baz\u0131 taraflar se\u00e7im sonu\u00e7lar\u0131n\u0131 de\u011fi\u015ftirmesi i\u00e7in komisyona bask\u0131 yap\u0131yor - Darka Mazi","og_description":"Irak D\u0131\u015fi\u015fleri Bakan\u0131 Fuad H\u00fcseyin,\u00a0baz\u0131 taraflar\u0131n komisyonu se\u00e7im sonu\u00e7lar\u0131n\u0131 de\u011fi\u015ftirmesi i\u00e7in bask\u0131lad\u0131\u011f\u0131n\u0131 s\u00f6yledi. Fuad H\u00fcseyin, 19 Kas\u0131m 2025 \u00c7ar\u015famba g\u00fcn\u00fc, Kurdistan24\u2019te yay\u0131nlanan Basi Roj program\u0131na konuk oldu. Ba\u011fdat&#8217;taki baz\u0131 siyasi partilerin Irak Ba\u011f\u0131ms\u0131z Y\u00fcksek Se\u00e7im Komisyonuna, se\u00e7im sonu\u00e7lar\u0131n\u0131 de\u011fi\u015ftirmesi i\u00e7in bask\u0131 yapmaya \u00e7al\u0131\u015ft\u0131\u011f\u0131n\u0131 belirten Bakan H\u00fcseyin,\u00a0&#8220;KDP olarak, se\u00e7im sonu\u00e7lar\u0131nda herhangi bir de\u011fi\u015fikli\u011fi kabul etmeyece\u011fiz. KDP [&hellip;]","og_url":"https:\/\/darkamazi.site\/archives\/1035725","og_site_name":"Darka Mazi","article_publisher":"https:\/\/www.facebook.com\/DarkaMaziturkce","article_published_time":"2025-11-20T09:11:22+00:00","article_modified_time":"2025-11-20T09:13:02+00:00","og_image":[{"width":1562,"height":878,"url":"https:\/\/darkamazi.site\/file\/2025\/11\/Fuad-huseyin.jpg","type":"image\/jpeg"}],"author":"darka mazi","twitter_card":"summary_large_image","twitter_creator":"@DarkaMaziTurkce","twitter_site":"@DarkaMaziTurkce","twitter_misc":{"Written by":"darka mazi","Est. reading time":"1 minute"},"schema":{"@context":"https:\/\/schema.org","@graph":[{"@type":"NewsArticle","@id":"https:\/\/darkamazi.site\/archives\/1035725#article","isPartOf":{"@id":"https:\/\/darkamazi.site\/archives\/1035725"},"author":{"name":"darka mazi","@id":"https:\/\/darkamazi.site\/#\/schema\/person\/67986a95ac546c16760365877ef4a9d3"},"headline":"Fuad H\u00fcseyin: Baz\u0131 taraflar se\u00e7im sonu\u00e7lar\u0131n\u0131 de\u011fi\u015ftirmesi i\u00e7in komisyona bask\u0131 yap\u0131yor","datePublished":"2025-11-20T09:11:22+00:00","dateModified":"2025-11-20T09:13:02+00:00","mainEntityOfPage":{"@id":"https:\/\/darkamazi.site\/archives\/1035725"},"wordCount":290,"publisher":{"@id":"https:\/\/darkamazi.site\/#organization"},"image":{"@id":"https:\/\/darkamazi.site\/archives\/1035725#primaryimage"},"thumbnailUrl":"https:\/\/darkamazi.site\/file\/2025\/11\/Fuad-huseyin.jpg","articleSection":["Kurdistan"],"inLanguage":"en-US"},{"@type":"WebPage","@id":"https:\/\/darkamazi.site\/archives\/1035725","url":"https:\/\/darkamazi.site\/archives\/1035725","name":"Fuad H\u00fcseyin: Baz\u0131 taraflar se\u00e7im sonu\u00e7lar\u0131n\u0131 de\u011fi\u015ftirmesi i\u00e7in komisyona bask\u0131 yap\u0131yor - Darka Mazi","isPartOf":{"@id":"https:\/\/darkamazi.site\/#website"},"primaryImageOfPage":{"@id":"https:\/\/darkamazi.site\/archives\/1035725#primaryimage"},"image":{"@id":"https:\/\/darkamazi.site\/archives\/1035725#primaryimage"},"thumbnailUrl":"https:\/\/darkamazi.site\/file\/2025\/11\/Fuad-huseyin.jpg","datePublished":"2025-11-20T09:11:22+00:00","dateModified":"2025-11-20T09:13:02+00:00","breadcrumb":{"@id":"https:\/\/darkamazi.site\/archives\/1035725#breadcrumb"},"inLanguage":"en-US","potentialAction":[{"@type":"ReadAction","target":["https:\/\/darkamazi.site\/archives\/1035725"]}]},{"@type":"ImageObject","inLanguage":"en-US","@id":"https:\/\/darkamazi.site\/archives\/1035725#primaryimage","url":"https:\/\/darkamazi.site\/file\/2025\/11\/Fuad-huseyin.jpg","contentUrl":"https:\/\/darkamazi.site\/file\/2025\/11\/Fuad-huseyin.jpg","width":1562,"height":878,"caption":"Fuad H\u00fcseyin: Baz\u0131 taraflar se\u00e7im sonu\u00e7lar\u0131n\u0131 de\u011fi\u015ftirmesi i\u00e7in komisyona bask\u0131 yap\u0131yor"},{"@type":"BreadcrumbList","@id":"https:\/\/darkamazi.site\/archives\/1035725#breadcrumb","itemListElement":[{"@type":"ListItem","position":1,"name":"Home","item":"https:\/\/darkamazi.site\/"},{"@type":"ListItem","position":2,"name":"Fuad H\u00fcseyin: Baz\u0131 taraflar se\u00e7im sonu\u00e7lar\u0131n\u0131 de\u011fi\u015ftirmesi i\u00e7in komisyona bask\u0131 yap\u0131yor"}]},{"@type":"WebSite","@id":"https:\/\/darkamazi.site\/#website","url":"https:\/\/darkamazi.site\/","name":"Darka Mazi","description":"Ana Sayfa","publisher":{"@id":"https:\/\/darkamazi.site\/#organization"},"potentialAction":[{"@type":"SearchAction","target":{"@type":"EntryPoint","urlTemplate":"https:\/\/darkamazi.site\/?s={search_term_string}"},"query-input":{"@type":"PropertyValueSpecification","valueRequired":true,"valueName":"search_term_string"}}],"inLanguage":"en-US"},{"@type":"Organization","@id":"https:\/\/darkamazi.site\/#organization","name":"Darka Mazi T\u00fcrk\u00e7e","alternateName":"Darka Mazi","url":"https:\/\/darkamazi.site\/","logo":{"@type":"ImageObject","inLanguage":"en-US","@id":"https:\/\/darkamazi.site\/#\/schema\/logo\/image\/","url":"https:\/\/darkamazi.site\/file\/2017\/12\/darka-mazi-logo.png","contentUrl":"https:\/\/darkamazi.site\/file\/2017\/12\/darka-mazi-logo.png","width":151,"height":75,"caption":"Darka Mazi T\u00fcrk\u00e7e"},"image":{"@id":"https:\/\/darkamazi.site\/#\/schema\/logo\/image\/"},"sameAs":["https:\/\/www.facebook.com\/DarkaMaziturkce","https:\/\/x.com\/DarkaMaziTurkce"]},{"@type":"Person","@id":"https:\/\/darkamazi.site\/#\/schema\/person\/67986a95ac546c16760365877ef4a9d3","name":"darka mazi","sameAs":["https:\/\/darkamazi.site"],"url":"https:\/\/darkamazi.site\/archives\/author\/turkish"}]}},"_links":{"self":[{"href":"https:\/\/darkamazi.site\/funavuv\/wp\/v2\/posts\/1035725","targetHints":{"allow":["GET"]}}],"collection":[{"href":"https:\/\/darkamazi.site\/funavuv\/wp\/v2\/posts"}],"about":[{"href":"https:\/\/darkamazi.site\/funavuv\/wp\/v2\/types\/post"}],"author":[{"embeddable":true,"href":"https:\/\/darkamazi.site\/funavuv\/wp\/v2\/users\/2"}],"replies":[{"embeddable":true,"href":"https:\/\/darkamazi.site\/funavuv\/wp\/v2\/comments?post=1035725"}],"version-history":[{"count":0,"href":"https:\/\/darkamazi.site\/funavuv\/wp\/v2\/posts\/1035725\/revisions"}],"wp:featuredmedia":[{"embeddable":true,"href":"https:\/\/darkamazi.site\/funavuv\/wp\/v2\/media\/1035726"}],"wp:attachment":[{"href":"https:\/\/darkamazi.site\/funavuv\/wp\/v2\/media?parent=1035725"}],"wp:term":[{"taxonomy":"category","embeddable":true,"href":"https:\/\/darkamazi.site\/funavuv\/wp\/v2\/categories?post=1035725"},{"taxonomy":"post_tag","embeddable":true,"href":"https:\/\/darkamazi.site\/funavuv\/wp\/v2\/tags?post=1035725"}],"curies":[{"name":"wp","href":"https:\/\/api.w.org\/{rel}","templated":true}]}}