{"id":1035728,"date":"2025-11-20T14:58:53","date_gmt":"2025-11-20T11:58:53","guid":{"rendered":"https:\/\/darkamazi.site\/?p=1035728"},"modified":"2025-11-20T14:58:53","modified_gmt":"2025-11-20T11:58:53","slug":"manipulasyonun-kurd-milletini-yoksayma-boyutu","status":"publish","type":"post","link":"https:\/\/darkamazi.site\/archives\/1035728","title":{"rendered":"Manip\u00fclasyonun Kurd Milletini Yoksayma Boyutu!"},"content":{"rendered":"<p style=\"text-align: justify\"><strong><em>Kurd ve Kurdistan Sorununda \u201cYeni Paradigma\u201d Dayatmas\u0131 ve Ger\u00e7ek \u00c7\u00f6z\u00fcm \u00dczerine Bir De\u011ferlendirme:<\/em><\/strong><\/p>\n<p style=\"text-align: justify\">T\u00fcrkiye\u2019de 2024 sonu ve 2025 ba\u015f\u0131ndan itibaren Devlet Bah\u00e7eli\u2019nin <strong><em>\u201cter\u00f6r ba\u015f\u0131 Meclis\u2019e gelsin, silah b\u0131rakma \u00e7a\u011fr\u0131s\u0131 yaps\u0131n\u201d<\/em><\/strong> \u00f6nerisiyle yeniden \u0131s\u0131t\u0131lan <strong><em>\u201c\u00e7\u00f6z\u00fcm-bar\u0131\u015f s\u00fcreci\u201d,<\/em><\/strong> \u00f6z\u00fcnde Kurd milli varl\u0131\u011f\u0131n\u0131 ink\u00e2r ve tasfiye stratejisinin g\u00fcncellenmi\u015f bir versiyonudur.<\/p>\n<p style=\"text-align: justify\">Abdullah \u00d6calan\u2019\u0131n \u0130mral\u0131\u2019dan servis edilen son mesajlar\u0131nda \u00f6ne \u00e7\u0131kar\u0131lan <strong><em>\u201cdemokratik ulus\u201d,<\/em><\/strong> <strong><em>\u201cdemokratik konfederalizm\u201d<\/em><\/strong>, <strong><em>\u201csubjektif demokrasi\u201d<\/em><\/strong>, <strong><em>\u201csubjektif entegrasyon\u201d<\/em><\/strong> gibi kavramlar, sosyolojik ger\u00e7ekli\u011fi olmayan, tamamen semantik manip\u00fclasyon ara\u00e7lar\u0131d\u0131r. Bu kavramlar, Kurdleri politik bir \u00f6zne olmaktan \u00e7\u0131kar\u0131p, T\u00fcrkiye Cumhuriyeti\u2019nin \u00fcniter yap\u0131s\u0131 i\u00e7inde<strong><em> \u201ck\u00fclt\u00fcrel farkl\u0131l\u0131k\u201d <\/em><\/strong>d\u00fczeyine indirgeyerek eritmeyi hedefleyen yeni bir asimilasyon projesidir.<\/p>\n<ol>\n<li><strong><em> Bu kavramlar neden Kar\u015f\u0131l\u0131ks<\/em><\/strong><strong><em>\u0131zd\u0131r?<\/em><\/strong><\/li>\n<\/ol>\n<p style=\"text-align: justify\"><strong><em>\u201cDemokratik ulus\u201d<\/em><\/strong> kavram\u0131, ulusun klasik tan\u0131m\u0131n\u0131 (ortak dil, tarih, k\u00fclt\u00fcr, toprak ve irade birli\u011fi) yok sayar ve yerine <strong><em>\u201ciradi birlikte ya\u015fama\u201d<\/em><\/strong> gibi soyut bir form\u00fcl koyar. Bu, Kurd milli kimli\u011fini nesnel bir ger\u00e7eklik olmaktan \u00e7\u0131kar\u0131p, T\u00fcrk devletinin iznine ba\u011fl\u0131 subjektif bir <strong><em>\u201ctercih\u201d<\/em><\/strong> haline getirir.<\/p>\n<p style=\"text-align: justify\"><strong><em>\u201cDemokratik konfederalizm\u201d<\/em><\/strong> ise, devletsiz bir yap\u0131 gibi sunulurken, pratikte Kurdlerin siyasal egemenlik talebini tamamen ortadan kald\u0131r\u0131r; yerel y\u00f6netimlerin g\u00fc\u00e7lendirilmesi ad\u0131 alt\u0131nda, merkezi T\u00fcrk devletinin egemenli\u011fini peki\u015ftirir.<\/p>\n<p style=\"text-align: justify\"><strong><em>\u201cSubjektif entegrasyon\u201d<\/em><\/strong> ve <strong><em>\u201csubjektif demokrasi\u201d<\/em><\/strong> ifadeleri ise sosyolojik literat\u00fcrde hi\u00e7bir kar\u015f\u0131l\u0131\u011f\u0131 olmayan, tamamen \u0130mral\u0131-T\u00fcrk devleti ortak yap\u0131m\u0131 uydurma terimlerdir. Ama\u00e7, Kurdlerin kolektif hak talebini bireyselle\u015ftirip, T\u00fcrk vatanda\u015fl\u0131\u011f\u0131 i\u00e7inde eritmektir. Bunun da sosyolojik kar\u015f\u0131l\u0131\u011f\u0131 Kurdler i\u00e7in asimilasyon, dejenerasyon ve entegrasyondur.<\/p>\n<p style=\"text-align: justify\">Bu kavram seti, <strong><em>1930<\/em><\/strong>\u2019lar\u0131n <strong><em>\u201cT\u00fcrkl\u00fck s\u00f6zle\u015fmesi\u201d<\/em><\/strong> s\u00f6ylemini <strong><em>2020\u2019<\/em><\/strong>lerin <strong>neo-Osmanl\u0131c\u0131-liberal <\/strong>diline \u00e7evirmekten ba\u015fka bir \u015fey de\u011fildir.<\/p>\n<p style=\"text-align: justify\">Kemalizm\u2019in <strong><em>\u201ctek millet, tek dil, tek bayrak\u201d<\/em><\/strong> hedefi, bug\u00fcn <strong><em>\u201cdemokratik ulus\u201d<\/em><\/strong> ve <strong><em>\u201cbirlikte ya\u015fama iradesi\u201d<\/em><\/strong> ambalaj\u0131yla yeniden ambalajlanm\u0131\u015f ve kurdlere sunulmaktad\u0131r.<\/p>\n<p style=\"text-align: justify\"><strong><em>T\u00fcrk Devletinin Stratejik Hedefleri<\/em><\/strong><\/p>\n<p style=\"text-align: justify\">T\u00fcrk devleti, <strong><em>2015<\/em><\/strong>\u2019ten beri s\u00fcrd\u00fcrd\u00fc\u011f\u00fc topyek\u00fbn sava\u015f politikas\u0131yla Kurd milli hareketini askeri olarak yenemeyece\u011fini anlam\u0131\u015ft\u0131r. G\u00fcney Bat\u0131 Kurdistan\u2019daki defakto \u00f6zerklik, G\u00fcney Kurdistan\u2019daki federal yap\u0131 ve Do\u011fu Kurdistan\u2019daki direni\u015f, Kurd milli bilincinin geri d\u00f6nd\u00fcr\u00fclemez oldu\u011funu g\u00f6stermi\u015ftir. Bu olgulara siyasal olarak Ortado\u011fu\u2019nun yeniden dizayn\u0131 ve b\u00f6lgesel geli\u015fmelerin Kurd milli direni\u015fi \u00fczerindeki etkilerini de hesaplad\u0131\u011f\u0131m\u0131z zaman; bu ko\u015fullarda T\u00fcrk devleti, askeri \u00e7\u00f6z\u00fcms\u00fczl\u00fc\u011f\u00fc politik \u00e7\u00f6z\u00fcms\u00fczl\u00fckle telafi etmeye \u00e7al\u0131\u015fmaktad\u0131r:<\/p>\n<p style=\"text-align: justify\">PKK\u2019nin silah b\u0131rakmas\u0131 ve \u00f6rg\u00fct\u00fcn tasfiyesi<\/p>\n<p style=\"text-align: justify\">Kurd milli kimli\u011finin <strong><em>\u201cT\u00fcrkiyelilik\u201d<\/em><\/strong> i\u00e7inde eritilerek, T\u00fcrkle\u015ftirilmesi.<\/p>\n<p style=\"text-align: justify\">PKK\u2019nin legal partisi DEM Partisi ve ard\u0131llar\u0131n\u0131 sistem partisi program\u0131 i\u00e7inde iktidar orta\u011f\u0131 haline getirilmesi.<\/p>\n<p style=\"text-align: justify\">G\u00fcney Bat\u0131 Kurdistan\u2019\u0131 T\u00fcrkiye\u2019nin g\u00fcvenlik \u015femsiyesine al\u0131nmas\u0131 ve \u00f6zerk stat\u00fcs\u00fcn\u00fcn tasfiyesi.<\/p>\n<p style=\"text-align: justify\">\u00d6calan\u2019\u0131n <strong><em>\u201csilah b\u0131rakma \u00e7a\u011fr\u0131s\u0131\u201d<\/em><\/strong> kar\u015f\u0131l\u0131\u011f\u0131nda sunulan ise, birka\u00e7 k\u00fclt\u00fcrel hak k\u0131r\u0131nt\u0131s\u0131 ve yerel y\u00f6netimlerde s\u0131n\u0131rl\u0131 yetki art\u0131\u015f\u0131d\u0131r. Yani, <strong><em>19.<\/em><\/strong> y\u00fczy\u0131l sonu Osmanl\u0131c\u0131 politikalar\u0131n <strong><em>21.<\/em><\/strong> y\u00fczy\u0131l versiyonu: <strong><em>\u201cK\u00fcrtler vard\u0131r ama millet de\u011fillerdir, vatanda\u015fl\u0131k ba\u011f\u0131 i\u00e7inde e\u015fit bireylerdir.\u201d <\/em><\/strong>ger\u00e7e\u011finin ta kendisidir.<\/p>\n<p style=\"text-align: justify\"><strong><em>Ger\u00e7ek \u00c7\u00f6z\u00fcm: Ulusun \u00d6znele\u015fmesi<\/em><\/strong><\/p>\n<p style=\"text-align: justify\">Kurd ve Kurdistan sorunu, bir <strong><em>\u201cter\u00f6r sorunu\u201d<\/em><\/strong> ya da \u201c<strong><em>kalk\u0131nma sorunu\u201d<\/em><\/strong> de\u011fil, klasik bir milli sorundur. \u00c7\u00f6z\u00fcm\u00fc de milletlerin kendi kaderini tayin hakk\u0131 ilkesinde yatar. Modern millet sosyolojisi a\u00e7\u0131s\u0131ndan bir toplulu\u011fun<strong><em> \u201cmillet\u201d<\/em><\/strong> say\u0131labilmesi i\u00e7in gereken nesnel ve \u00f6znel ko\u015fullar K\u00fcrtlerde fazlas\u0131yla mevcuttur:<\/p>\n<p style=\"text-align: justify\">Ortak dil (Kurmanc\u00ee, Soran\u00ee, Zazak\u00ee leh\u00e7eleriyle K\u00fcrt\u00e7e)<\/p>\n<p style=\"text-align: justify\">Ortak tarih ve k\u00fclt\u00fcr.<\/p>\n<p style=\"text-align: justify\">Kom\u015fu d\u00f6rt devletin i\u015fgali alt\u0131nda ortak bir yazg\u0131<\/p>\n<p style=\"text-align: justify\">Ortak toprak (K\u00fcrdistan co\u011frafyas\u0131)<\/p>\n<p style=\"text-align: justify\">Ve en \u00f6nemlisi: <strong><em>\u201cBiz ayr\u0131 bir milletiz\u201d<\/em><\/strong> bilinci ve iradesi!<\/p>\n<p style=\"text-align: justify\"><strong><em>Dolay\u0131s\u0131yla do\u011fru program \u015fu ilkeler etraf\u0131nda \u015fekillenmelidir:<\/em><\/strong><\/p>\n<ol>\n<li><strong>a)<\/strong> Kurd milletinin varl\u0131\u011f\u0131n\u0131n ve kendi kaderini tayin hakk\u0131n\u0131n tan\u0131nmas\u0131<br \/>\n<strong>b)<\/strong> T\u00fcrkiye\u2019nin i\u015fgali alt\u0131nda bulunan Kuzey K\u00fcrdistan\u2019da self-determinasyon hakk\u0131n\u0131n kullan\u0131labilir hale getirilmesi (ba\u011f\u0131ms\u0131zl\u0131k, federasyon ya da konfederasyon; tercih Kurd milletine ait olmal\u0131d\u0131r)<br \/>\n<strong>c) <\/strong>Asimilasyon politikalar\u0131n\u0131n (anadilde e\u011fitim yasa\u011f\u0131, k\u00f6y, kasaba, ve da\u011f-ta\u015f isimlerinin de\u011fi\u015ftirilmesi, K\u00fcrt\u00e7e \u00fczerindeki bask\u0131lar vb.) derhal sona erdirilmesi<br \/>\n<strong>\u00a0d)<\/strong> Siyasi tutsaklar\u0131n serbest b\u0131rak\u0131lmas\u0131 ve Kurd milli hareketinin legal siyaset yapabilmesinin \u00f6n\u00fcn\u00fcn a\u00e7\u0131lmas\u0131<br \/>\n<strong><em>e)<\/em><\/strong> G\u00fcney Bat\u0131 Kurdistan\u2019\u0131n \u00f6zerk stat\u00fcs\u00fcn\u00fcn tan\u0131nmas\u0131 ve T\u00fcrkiye\u2019nin i\u015fgal politikalar\u0131na son vermesi<\/li>\n<\/ol>\n<p style=\"text-align: justify\"><strong><em>\u201cBar\u0131\u015f\u201d Dayatmas\u0131 m\u0131, Ulusal Kurtulu\u015f mu?<\/em><\/strong><\/p>\n<p style=\"text-align: justify\">Bug\u00fcn <strong><em>\u201cyeni paradigma\u201d<\/em><\/strong> ad\u0131 alt\u0131nda sunulan s\u00fcre\u00e7, Kurd milletini T\u00fcrk devletinin i\u00e7inde eritme projesidir. Bu proje, <strong><em>1920<\/em><\/strong>\u2019lerden beri farkl\u0131 versiyonlarla denenmi\u015f ve her seferinde ba\u015far\u0131s\u0131z olmu\u015ftur. \u00c7\u00fcnk\u00fc Kurd milleti, zorla ya da semantik oyunlarla eritilemez.<\/p>\n<p style=\"text-align: justify\"><strong><em>Kurd millet\u0131n\u0131n \u00f6n\u00fcne konulan se\u00e7enek \u015fudur:<\/em><\/strong><br \/>\nYa <strong><em>\u201cdemokratik ulus\u201d<\/em><\/strong> palavras\u0131yla T\u00fcrk devletinin e\u015fit olmayan vatanda\u015flar\u0131 olarak asimilasyon, dejenerasyon ve entegrasyona tabi tutulman\u0131n devam\u0131; ya da milli varl\u0131\u011f\u0131n\u0131 ve iradesini ortaya koyarak, kendi devletini ya da \u00f6zerk yap\u0131s\u0131n\u0131 kurma m\u00fccadelesi.<\/p>\n<p style=\"text-align: justify\">Tarih, ulusal sorunlar\u0131n <strong><em>\u201centegrasyon\u201d<\/em><\/strong> ya da <strong><em>\u201cbirlikte ya\u015fama iradesi\u201d<\/em><\/strong> masallar\u0131yla de\u011fil, ezilen milletin kendi kaderini tayin hakk\u0131 temelinde \u00e7\u00f6z\u00fcld\u00fc\u011f\u00fcn\u00fc g\u00f6stermi\u015ftir. \u0130<strong><em>rlanda, Norve\u00e7-\u0130sve\u00e7, \u00c7ekoslovakya<\/em><\/strong> \u00f6rnekleri bunu kan\u0131tlar. Kurd milletinin da ba\u015fka bir yolu yoktur. Ger\u00e7ek bar\u0131\u015f, Kurd milletinin \u00f6znele\u015fmesiyle m\u00fcmk\u00fcnd\u00fcr; T\u00fcrk devletinin <strong><em>\u201cyeni paradigma\u201d<\/em><\/strong>s\u0131yla de\u011fil.<\/p>\n","protected":false},"excerpt":{"rendered":"<p>Kurd ve Kurdistan Sorununda \u201cYeni Paradigma\u201d Dayatmas\u0131 ve Ger\u00e7ek \u00c7\u00f6z\u00fcm \u00dczerine Bir De\u011ferlendirme: T\u00fcrkiye\u2019de 2024 sonu ve 2025 ba\u015f\u0131ndan itibaren Devlet Bah\u00e7eli\u2019nin \u201cter\u00f6r ba\u015f\u0131 Meclis\u2019e gelsin, silah b\u0131rakma \u00e7a\u011fr\u0131s\u0131 yaps\u0131n\u201d \u00f6nerisiyle yeniden \u0131s\u0131t\u0131lan \u201c\u00e7\u00f6z\u00fcm-bar\u0131\u015f s\u00fcreci\u201d, \u00f6z\u00fcnde Kurd milli varl\u0131\u011f\u0131n\u0131 ink\u00e2r ve tasfiye stratejisinin g\u00fcncellenmi\u015f bir versiyonudur. Abdullah \u00d6calan\u2019\u0131n \u0130mral\u0131\u2019dan servis edilen son mesajlar\u0131nda \u00f6ne \u00e7\u0131kar\u0131lan [&hellip;]<\/p>\n","protected":false},"author":2,"featured_media":1035729,"comment_status":"closed","ping_status":"closed","sticky":false,"template":"","format":"standard","meta":{"footnotes":""},"categories":[26],"tags":[31],"class_list":["post-1035728","post","type-post","status-publish","format-standard","has-post-thumbnail","hentry","category-forum","tag-onemli"],"blocksy_meta":[],"seo_head":"<!-- This site is optimized with the Yoast SEO plugin v27.5 - https:\/\/yoast.com\/product\/yoast-seo-wordpress\/ -->\n<title>Manip\u00fclasyonun Kurd Milletini Yoksayma Boyutu! - Darka Mazi<\/title>\n<meta name=\"robots\" content=\"index, follow, max-snippet:-1, max-image-preview:large, max-video-preview:-1\" \/>\n<link rel=\"canonical\" href=\"https:\/\/darkamazi.site\/archives\/1035728\" \/>\n<meta property=\"og:locale\" content=\"en_US\" \/>\n<meta property=\"og:type\" content=\"article\" \/>\n<meta property=\"og:title\" content=\"Manip\u00fclasyonun Kurd Milletini Yoksayma Boyutu! - Darka Mazi\" \/>\n<meta property=\"og:description\" content=\"Kurd ve Kurdistan Sorununda \u201cYeni Paradigma\u201d Dayatmas\u0131 ve Ger\u00e7ek \u00c7\u00f6z\u00fcm \u00dczerine Bir De\u011ferlendirme: T\u00fcrkiye\u2019de 2024 sonu ve 2025 ba\u015f\u0131ndan itibaren Devlet Bah\u00e7eli\u2019nin \u201cter\u00f6r ba\u015f\u0131 Meclis\u2019e gelsin, silah b\u0131rakma \u00e7a\u011fr\u0131s\u0131 yaps\u0131n\u201d \u00f6nerisiyle yeniden \u0131s\u0131t\u0131lan \u201c\u00e7\u00f6z\u00fcm-bar\u0131\u015f s\u00fcreci\u201d, \u00f6z\u00fcnde Kurd milli varl\u0131\u011f\u0131n\u0131 ink\u00e2r ve tasfiye stratejisinin g\u00fcncellenmi\u015f bir versiyonudur. Abdullah \u00d6calan\u2019\u0131n \u0130mral\u0131\u2019dan servis edilen son mesajlar\u0131nda \u00f6ne \u00e7\u0131kar\u0131lan [&hellip;]\" \/>\n<meta property=\"og:url\" content=\"https:\/\/darkamazi.site\/archives\/1035728\" \/>\n<meta property=\"og:site_name\" content=\"Darka Mazi\" \/>\n<meta property=\"article:publisher\" content=\"https:\/\/www.facebook.com\/DarkaMaziturkce\" \/>\n<meta property=\"article:published_time\" content=\"2025-11-20T11:58:53+00:00\" \/>\n<meta property=\"og:image\" content=\"https:\/\/darkamazi.site\/file\/2025\/11\/sheyhmus.jpg\" \/>\n\t<meta property=\"og:image:width\" content=\"900\" \/>\n\t<meta property=\"og:image:height\" content=\"475\" \/>\n\t<meta property=\"og:image:type\" content=\"image\/jpeg\" \/>\n<meta name=\"author\" content=\"darka mazi\" \/>\n<meta name=\"twitter:card\" content=\"summary_large_image\" \/>\n<meta name=\"twitter:creator\" content=\"@DarkaMaziTurkce\" \/>\n<meta name=\"twitter:site\" content=\"@DarkaMaziTurkce\" \/>\n<meta name=\"twitter:label1\" content=\"Written by\" \/>\n\t<meta name=\"twitter:data1\" content=\"darka mazi\" \/>\n\t<meta name=\"twitter:label2\" content=\"Est. reading time\" \/>\n\t<meta name=\"twitter:data2\" content=\"4 minutes\" \/>\n<script type=\"application\/ld+json\" class=\"seo-schema-graph\">{\"@context\":\"https:\\\/\\\/schema.org\",\"@graph\":[{\"@type\":\"NewsArticle\",\"@id\":\"https:\\\/\\\/darkamazi.site\\\/archives\\\/1035728#article\",\"isPartOf\":{\"@id\":\"https:\\\/\\\/darkamazi.site\\\/archives\\\/1035728\"},\"author\":{\"name\":\"darka mazi\",\"@id\":\"https:\\\/\\\/darkamazi.site\\\/#\\\/schema\\\/person\\\/67986a95ac546c16760365877ef4a9d3\"},\"headline\":\"Manip\u00fclasyonun Kurd Milletini Yoksayma Boyutu!\",\"datePublished\":\"2025-11-20T11:58:53+00:00\",\"mainEntityOfPage\":{\"@id\":\"https:\\\/\\\/darkamazi.site\\\/archives\\\/1035728\"},\"wordCount\":980,\"publisher\":{\"@id\":\"https:\\\/\\\/darkamazi.site\\\/#organization\"},\"image\":{\"@id\":\"https:\\\/\\\/darkamazi.site\\\/archives\\\/1035728#primaryimage\"},\"thumbnailUrl\":\"https:\\\/\\\/darkamazi.site\\\/darka-content\\\/uploads\\\/2025\\\/11\\\/sheyhmus.jpg\",\"keywords\":[\"\u00f6nemli\"],\"articleSection\":[\"Forum\"],\"inLanguage\":\"en-US\"},{\"@type\":\"WebPage\",\"@id\":\"https:\\\/\\\/darkamazi.site\\\/archives\\\/1035728\",\"url\":\"https:\\\/\\\/darkamazi.site\\\/archives\\\/1035728\",\"name\":\"Manip\u00fclasyonun Kurd Milletini Yoksayma Boyutu! - Darka Mazi\",\"isPartOf\":{\"@id\":\"https:\\\/\\\/darkamazi.site\\\/#website\"},\"primaryImageOfPage\":{\"@id\":\"https:\\\/\\\/darkamazi.site\\\/archives\\\/1035728#primaryimage\"},\"image\":{\"@id\":\"https:\\\/\\\/darkamazi.site\\\/archives\\\/1035728#primaryimage\"},\"thumbnailUrl\":\"https:\\\/\\\/darkamazi.site\\\/darka-content\\\/uploads\\\/2025\\\/11\\\/sheyhmus.jpg\",\"datePublished\":\"2025-11-20T11:58:53+00:00\",\"breadcrumb\":{\"@id\":\"https:\\\/\\\/darkamazi.site\\\/archives\\\/1035728#breadcrumb\"},\"inLanguage\":\"en-US\",\"potentialAction\":[{\"@type\":\"ReadAction\",\"target\":[\"https:\\\/\\\/darkamazi.site\\\/archives\\\/1035728\"]}]},{\"@type\":\"ImageObject\",\"inLanguage\":\"en-US\",\"@id\":\"https:\\\/\\\/darkamazi.site\\\/archives\\\/1035728#primaryimage\",\"url\":\"https:\\\/\\\/darkamazi.site\\\/darka-content\\\/uploads\\\/2025\\\/11\\\/sheyhmus.jpg\",\"contentUrl\":\"https:\\\/\\\/darkamazi.site\\\/darka-content\\\/uploads\\\/2025\\\/11\\\/sheyhmus.jpg\",\"width\":900,\"height\":475,\"caption\":\"Manip\u00fclasyonun Kurd Milletini Yoksayma Boyutu!\"},{\"@type\":\"BreadcrumbList\",\"@id\":\"https:\\\/\\\/darkamazi.site\\\/archives\\\/1035728#breadcrumb\",\"itemListElement\":[{\"@type\":\"ListItem\",\"position\":1,\"name\":\"Home\",\"item\":\"https:\\\/\\\/darkamazi.site\\\/\"},{\"@type\":\"ListItem\",\"position\":2,\"name\":\"Manip\u00fclasyonun Kurd Milletini Yoksayma Boyutu!\"}]},{\"@type\":\"WebSite\",\"@id\":\"https:\\\/\\\/darkamazi.site\\\/#website\",\"url\":\"https:\\\/\\\/darkamazi.site\\\/\",\"name\":\"Darka Mazi\",\"description\":\"Ana Sayfa\",\"publisher\":{\"@id\":\"https:\\\/\\\/darkamazi.site\\\/#organization\"},\"potentialAction\":[{\"@type\":\"SearchAction\",\"target\":{\"@type\":\"EntryPoint\",\"urlTemplate\":\"https:\\\/\\\/darkamazi.site\\\/?s={search_term_string}\"},\"query-input\":{\"@type\":\"PropertyValueSpecification\",\"valueRequired\":true,\"valueName\":\"search_term_string\"}}],\"inLanguage\":\"en-US\"},{\"@type\":\"Organization\",\"@id\":\"https:\\\/\\\/darkamazi.site\\\/#organization\",\"name\":\"Darka Mazi T\u00fcrk\u00e7e\",\"alternateName\":\"Darka Mazi\",\"url\":\"https:\\\/\\\/darkamazi.site\\\/\",\"logo\":{\"@type\":\"ImageObject\",\"inLanguage\":\"en-US\",\"@id\":\"https:\\\/\\\/darkamazi.site\\\/#\\\/schema\\\/logo\\\/image\\\/\",\"url\":\"https:\\\/\\\/darkamazi.site\\\/darka-content\\\/uploads\\\/2017\\\/12\\\/darka-mazi-logo.png\",\"contentUrl\":\"https:\\\/\\\/darkamazi.site\\\/darka-content\\\/uploads\\\/2017\\\/12\\\/darka-mazi-logo.png\",\"width\":151,\"height\":75,\"caption\":\"Darka Mazi T\u00fcrk\u00e7e\"},\"image\":{\"@id\":\"https:\\\/\\\/darkamazi.site\\\/#\\\/schema\\\/logo\\\/image\\\/\"},\"sameAs\":[\"https:\\\/\\\/www.facebook.com\\\/DarkaMaziturkce\",\"https:\\\/\\\/x.com\\\/DarkaMaziTurkce\"]},{\"@type\":\"Person\",\"@id\":\"https:\\\/\\\/darkamazi.site\\\/#\\\/schema\\\/person\\\/67986a95ac546c16760365877ef4a9d3\",\"name\":\"darka mazi\",\"sameAs\":[\"https:\\\/\\\/darkamazi.site\"],\"url\":\"https:\\\/\\\/darkamazi.site\\\/archives\\\/author\\\/turkish\"}]}<\/script>\n<!-- \/ Yoast SEO plugin. -->","seo_head_json":{"title":"Manip\u00fclasyonun Kurd Milletini Yoksayma Boyutu! - Darka Mazi","robots":{"index":"index","follow":"follow","max-snippet":"max-snippet:-1","max-image-preview":"max-image-preview:large","max-video-preview":"max-video-preview:-1"},"canonical":"https:\/\/darkamazi.site\/archives\/1035728","og_locale":"en_US","og_type":"article","og_title":"Manip\u00fclasyonun Kurd Milletini Yoksayma Boyutu! - Darka Mazi","og_description":"Kurd ve Kurdistan Sorununda \u201cYeni Paradigma\u201d Dayatmas\u0131 ve Ger\u00e7ek \u00c7\u00f6z\u00fcm \u00dczerine Bir De\u011ferlendirme: T\u00fcrkiye\u2019de 2024 sonu ve 2025 ba\u015f\u0131ndan itibaren Devlet Bah\u00e7eli\u2019nin \u201cter\u00f6r ba\u015f\u0131 Meclis\u2019e gelsin, silah b\u0131rakma \u00e7a\u011fr\u0131s\u0131 yaps\u0131n\u201d \u00f6nerisiyle yeniden \u0131s\u0131t\u0131lan \u201c\u00e7\u00f6z\u00fcm-bar\u0131\u015f s\u00fcreci\u201d, \u00f6z\u00fcnde Kurd milli varl\u0131\u011f\u0131n\u0131 ink\u00e2r ve tasfiye stratejisinin g\u00fcncellenmi\u015f bir versiyonudur. Abdullah \u00d6calan\u2019\u0131n \u0130mral\u0131\u2019dan servis edilen son mesajlar\u0131nda \u00f6ne \u00e7\u0131kar\u0131lan [&hellip;]","og_url":"https:\/\/darkamazi.site\/archives\/1035728","og_site_name":"Darka Mazi","article_publisher":"https:\/\/www.facebook.com\/DarkaMaziturkce","article_published_time":"2025-11-20T11:58:53+00:00","og_image":[{"width":900,"height":475,"url":"https:\/\/darkamazi.site\/file\/2025\/11\/sheyhmus.jpg","type":"image\/jpeg"}],"author":"darka mazi","twitter_card":"summary_large_image","twitter_creator":"@DarkaMaziTurkce","twitter_site":"@DarkaMaziTurkce","twitter_misc":{"Written by":"darka mazi","Est. reading time":"4 minutes"},"schema":{"@context":"https:\/\/schema.org","@graph":[{"@type":"NewsArticle","@id":"https:\/\/darkamazi.site\/archives\/1035728#article","isPartOf":{"@id":"https:\/\/darkamazi.site\/archives\/1035728"},"author":{"name":"darka mazi","@id":"https:\/\/darkamazi.site\/#\/schema\/person\/67986a95ac546c16760365877ef4a9d3"},"headline":"Manip\u00fclasyonun Kurd Milletini Yoksayma Boyutu!","datePublished":"2025-11-20T11:58:53+00:00","mainEntityOfPage":{"@id":"https:\/\/darkamazi.site\/archives\/1035728"},"wordCount":980,"publisher":{"@id":"https:\/\/darkamazi.site\/#organization"},"image":{"@id":"https:\/\/darkamazi.site\/archives\/1035728#primaryimage"},"thumbnailUrl":"https:\/\/darkamazi.site\/file\/2025\/11\/sheyhmus.jpg","keywords":["\u00f6nemli"],"articleSection":["Forum"],"inLanguage":"en-US"},{"@type":"WebPage","@id":"https:\/\/darkamazi.site\/archives\/1035728","url":"https:\/\/darkamazi.site\/archives\/1035728","name":"Manip\u00fclasyonun Kurd Milletini Yoksayma Boyutu! - Darka Mazi","isPartOf":{"@id":"https:\/\/darkamazi.site\/#website"},"primaryImageOfPage":{"@id":"https:\/\/darkamazi.site\/archives\/1035728#primaryimage"},"image":{"@id":"https:\/\/darkamazi.site\/archives\/1035728#primaryimage"},"thumbnailUrl":"https:\/\/darkamazi.site\/file\/2025\/11\/sheyhmus.jpg","datePublished":"2025-11-20T11:58:53+00:00","breadcrumb":{"@id":"https:\/\/darkamazi.site\/archives\/1035728#breadcrumb"},"inLanguage":"en-US","potentialAction":[{"@type":"ReadAction","target":["https:\/\/darkamazi.site\/archives\/1035728"]}]},{"@type":"ImageObject","inLanguage":"en-US","@id":"https:\/\/darkamazi.site\/archives\/1035728#primaryimage","url":"https:\/\/darkamazi.site\/file\/2025\/11\/sheyhmus.jpg","contentUrl":"https:\/\/darkamazi.site\/file\/2025\/11\/sheyhmus.jpg","width":900,"height":475,"caption":"Manip\u00fclasyonun Kurd Milletini Yoksayma Boyutu!"},{"@type":"BreadcrumbList","@id":"https:\/\/darkamazi.site\/archives\/1035728#breadcrumb","itemListElement":[{"@type":"ListItem","position":1,"name":"Home","item":"https:\/\/darkamazi.site\/"},{"@type":"ListItem","position":2,"name":"Manip\u00fclasyonun Kurd Milletini Yoksayma Boyutu!"}]},{"@type":"WebSite","@id":"https:\/\/darkamazi.site\/#website","url":"https:\/\/darkamazi.site\/","name":"Darka Mazi","description":"Ana Sayfa","publisher":{"@id":"https:\/\/darkamazi.site\/#organization"},"potentialAction":[{"@type":"SearchAction","target":{"@type":"EntryPoint","urlTemplate":"https:\/\/darkamazi.site\/?s={search_term_string}"},"query-input":{"@type":"PropertyValueSpecification","valueRequired":true,"valueName":"search_term_string"}}],"inLanguage":"en-US"},{"@type":"Organization","@id":"https:\/\/darkamazi.site\/#organization","name":"Darka Mazi T\u00fcrk\u00e7e","alternateName":"Darka Mazi","url":"https:\/\/darkamazi.site\/","logo":{"@type":"ImageObject","inLanguage":"en-US","@id":"https:\/\/darkamazi.site\/#\/schema\/logo\/image\/","url":"https:\/\/darkamazi.site\/file\/2017\/12\/darka-mazi-logo.png","contentUrl":"https:\/\/darkamazi.site\/file\/2017\/12\/darka-mazi-logo.png","width":151,"height":75,"caption":"Darka Mazi T\u00fcrk\u00e7e"},"image":{"@id":"https:\/\/darkamazi.site\/#\/schema\/logo\/image\/"},"sameAs":["https:\/\/www.facebook.com\/DarkaMaziturkce","https:\/\/x.com\/DarkaMaziTurkce"]},{"@type":"Person","@id":"https:\/\/darkamazi.site\/#\/schema\/person\/67986a95ac546c16760365877ef4a9d3","name":"darka mazi","sameAs":["https:\/\/darkamazi.site"],"url":"https:\/\/darkamazi.site\/archives\/author\/turkish"}]}},"_links":{"self":[{"href":"https:\/\/darkamazi.site\/funavuv\/wp\/v2\/posts\/1035728","targetHints":{"allow":["GET"]}}],"collection":[{"href":"https:\/\/darkamazi.site\/funavuv\/wp\/v2\/posts"}],"about":[{"href":"https:\/\/darkamazi.site\/funavuv\/wp\/v2\/types\/post"}],"author":[{"embeddable":true,"href":"https:\/\/darkamazi.site\/funavuv\/wp\/v2\/users\/2"}],"replies":[{"embeddable":true,"href":"https:\/\/darkamazi.site\/funavuv\/wp\/v2\/comments?post=1035728"}],"version-history":[{"count":0,"href":"https:\/\/darkamazi.site\/funavuv\/wp\/v2\/posts\/1035728\/revisions"}],"wp:featuredmedia":[{"embeddable":true,"href":"https:\/\/darkamazi.site\/funavuv\/wp\/v2\/media\/1035729"}],"wp:attachment":[{"href":"https:\/\/darkamazi.site\/funavuv\/wp\/v2\/media?parent=1035728"}],"wp:term":[{"taxonomy":"category","embeddable":true,"href":"https:\/\/darkamazi.site\/funavuv\/wp\/v2\/categories?post=1035728"},{"taxonomy":"post_tag","embeddable":true,"href":"https:\/\/darkamazi.site\/funavuv\/wp\/v2\/tags?post=1035728"}],"curies":[{"name":"wp","href":"https:\/\/api.w.org\/{rel}","templated":true}]}}