{"id":1035731,"date":"2025-11-21T09:48:25","date_gmt":"2025-11-21T06:48:25","guid":{"rendered":"https:\/\/darkamazi.site\/?p=1035731"},"modified":"2025-11-21T09:48:25","modified_gmt":"2025-11-21T06:48:25","slug":"duhok-forumu-ve-kurt-diplomasisinde-mesrulastirma-sureci","status":"publish","type":"post","link":"https:\/\/darkamazi.site\/archives\/1035731","title":{"rendered":"Duhok Forumu ve K\u00fcrt Diplomasisinde Me\u015frula\u015ft\u0131rma S\u00fcreci"},"content":{"rendered":"<p style=\"text-align: justify\">Duhok\u2019ta ger\u00e7ekle\u015fen \u201cOrtado\u011fu Bar\u0131\u015f ve G\u00fcvenlik Forumu\u201d, K\u00fcrt diplomasisinin uzun y\u0131llard\u0131r nadiren g\u00f6rd\u00fc\u011f\u00fc \u00f6l\u00e7ekte bir me\u015frula\u015ft\u0131rma hamlesi olarak de\u011ferlendirilebilir. Ne\u00e7\u00eervan Barzan\u00ee\u2019nin Mazl\u00fbm Abdi\u2019yi a\u00e7\u0131k bi\u00e7imde kabul etmesi, sadece iki liderin g\u00f6r\u00fc\u015fmesi de\u011fil, Suriye K\u00fcrdistan\u0131 ile G\u00fcney K\u00fcrdistan aras\u0131ndaki siyasi mesafenin sembolik olarak kapat\u0131lmas\u0131 anlam\u0131na gelmektedir. Bu ad\u0131m, Rojava\u2019n\u0131n uluslararas\u0131 konumunu g\u00fc\u00e7lendirirken, K\u00fcrt milletinin ortak taleplerinin g\u00f6r\u00fcn\u00fcrle\u015fmesine de hizmet etmektedir. T\u00fcrkiye, Suriye rejimi ve b\u00f6lgesel akt\u00f6rler a\u00e7\u0131s\u0131ndan bu bulu\u015fma, K\u00fcrtlerin kendi aralar\u0131nda yeni bir diplomatik dil in\u015fa etti\u011fini g\u00f6steren g\u00fc\u00e7l\u00fc bir mesajd\u0131r.<\/p>\n<p>Bu \u00e7er\u00e7evede forumun yaratt\u0131\u011f\u0131 me\u015fruiyet atmosferi, K\u00fcrt diplomasisi a\u00e7\u0131s\u0131ndan \u00f6nemli bir e\u015fik niteli\u011fi ta\u015f\u0131maktad\u0131r. Ancak bunu belirtmek kadar, sahadaki olumlu tabloya e\u015flik eden yap\u0131sal eksiklikleri vurgulamak da gerekmektedir. MEPS\u2019in a\u00e7\u0131l\u0131\u015f\u0131nda G\u00fcneyli y\u00f6neticilerin yapt\u0131\u011f\u0131 konu\u015fmalar \u00f6zellikle Ba\u015fbakan Mesrur Barzan\u00ee\u2019nin \u201cK\u00fcrtlerin birbirine yak\u0131nla\u015fmas\u0131\u201d ve \u201cfarkl\u0131 b\u00f6lgelerden gelen K\u00fcrt temsilcilerinin kar\u015f\u0131lanmas\u0131\u201d vurgusu ulusal birlik retori\u011fi a\u00e7\u0131s\u0131ndan dikkat \u00e7ekiciydi. Barzan\u00ee\u2019nin, ENKS liderleri ve HSD temsilcilerinin kat\u0131l\u0131m\u0131n\u0131 memnuniyetle kar\u015f\u0131lad\u0131\u011f\u0131n\u0131 ifade etmesi, G\u00fcney ile Rojava aras\u0131nda yeni bir diyalog ikliminin olu\u015ftu\u011funu g\u00f6stermektedir.<\/p>\n<p>Ne var ki t\u00fcm bu olumlu s\u00f6ylemlere kar\u015f\u0131n \u015fu soru kendisini dayatmaktad\u0131r:<br \/>\nMadem farkl\u0131 par\u00e7alardan K\u00fcrt temsilcilerinin kar\u015f\u0131land\u0131\u011f\u0131 s\u00f6yleniyor, o h\u00e2lde Kuzey (Bakur) ve Do\u011fu (Rojhelat) K\u00fcrtlerinin temsilcileri nerede?<\/p>\n<p>Kuzeyli milliyet\u00e7i hareketlerin (PWK, PSK, PDK-Bakur, HAK-PAR ve di\u011fer parti ve \u00f6rg\u00fctlerin) yoklu\u011fu, hem sembolik hem siyasal a\u00e7\u0131dan ciddi bir bo\u015fluktur. Ayn\u0131 \u015fekilde Rojhelat K\u00fcrdistan\u0131\u2019ndan PDK-\u0130, PAK ve di\u011fer akt\u00f6rlerin davet edilmemi\u015f olmas\u0131, forumun ulusal temsil kapasitesini zay\u0131flatmaktad\u0131r. Bu yokluk, baz\u0131 \u00e7evrelerde \u015fu sorular\u0131n dile getirilmesine neden olmaktad\u0131r:<\/p>\n<p>Kuzey ve Do\u011fu K\u00fcrtleri neden bu denklemde yer almamaktad\u0131r?<\/p>\n<p>G\u00fcney y\u00f6netimi, Ankara ve Tahran\u2019\u0131n tepkilerini g\u00f6zetti\u011fi i\u00e7in mi bu akt\u00f6rleri davet etmekten ka\u00e7\u0131nmaktad\u0131r?<\/p>\n<p>Cengiz \u00c7andar veya Ahmet Davuto\u011flu gibi K\u00fcrt inkarc\u0131l\u0131\u011f\u0131yla bilinen fig\u00fcrler davet edilirken, K\u00fcrt partilerinin temsilcilerinin yok say\u0131lmas\u0131 nas\u0131l a\u00e7\u0131klanabilir?<\/p>\n<p>Bu durum, \u201cG\u00fcneyli karde\u015flerin yapt\u0131\u011f\u0131 g\u00fczel ama eksik bir i\u015f\u201d olarak de\u011ferlendirilmekte; zira K\u00fcrt milletinin d\u00f6rt par\u00e7as\u0131 aras\u0131ndaki siyasal e\u015fitlik ve temsiliyet, ulusal diplomasi a\u00e7\u0131s\u0131ndan vazge\u00e7ilmez \u00f6nemdedir. Bakur ve Rojhelat K\u00fcrtleri 40 milyonun \u00fczerindeki n\u00fcfuslar\u0131yla, yaln\u0131zca G\u00fcney ve Rojava\u2019n\u0131n de\u011fil, t\u00fcm K\u00fcrt milletinin ayr\u0131lmaz par\u00e7as\u0131d\u0131r. Onlar\u0131n yoklu\u011fu, ulusal foto\u011fraf\u0131n tamamlanmas\u0131n\u0131 engelleyen temel eksikliklerden biridir.<\/p>\n<p>Duhok\u2019ta ortaya \u00e7\u0131kan tablo, yaln\u0131zca son d\u00f6nemin de\u011fil, uzun y\u0131llara yay\u0131lan siyasal olgunla\u015fman\u0131n ve K\u00fcrt milli akl\u0131n\u0131n sahadaki ve teorik hat \u00fczerindeki \u0131srar\u0131n\u0131n bir \u00fcr\u00fcn\u00fcd\u00fcr. Bar\u0131\u015f s\u00fcre\u00e7leri, diyalog giri\u015fimleri ve uluslararas\u0131 me\u015fruiyet aray\u0131\u015flar\u0131n\u0131n birikimi, hem K\u00fcrdistan\u2019\u0131n g\u00fcneyinde hem de diasporada kendisini g\u00f6r\u00fcn\u00fcr bi\u00e7imde hissettirmektedir. Art\u0131k \u201cK\u00fcrtler sahada kazan\u0131p masada kaybediyor\u201d y\u00f6n\u00fcndeki klasik tez ge\u00e7erlili\u011fini yitirmi\u015ftir; siyasi temsil, diplomasi, m\u00fczakere kapasitesi ve uluslararas\u0131 tan\u0131n\u0131rl\u0131k saha kadar belirleyici bir hale gelmi\u015ftir. K\u00fcrtler, adil bir sand\u0131\u011f\u0131n kuruldu\u011fu her yerde toplumsal me\u015fruiyetlerini ba\u015far\u0131yla siyasi zemine ta\u015f\u0131m\u0131\u015f, bu durum Irak Federal K\u00fcrdistan B\u00f6lgesi\u2019nde ve diasporadaki se\u00e7imlerde defalarca kan\u0131tlanm\u0131\u015ft\u0131r.<\/p>\n<p>G\u00fcney K\u00fcrdistan\u2019da son d\u00f6nemde ortaya \u00e7\u0131kan birlik foto\u011fraf\u0131, ulusal hedeflere ula\u015fmada i\u00e7 uyum ve ortak stratejinin belirleyici oldu\u011funu g\u00f6stermektedir. Forum, hem b\u00f6lgesel akt\u00f6rlere hem de uluslararas\u0131 topluma, K\u00fcrt milletinin kendi gelece\u011fini tayin etme konusunda i\u00e7eriden gelen bir konsens\u00fcse sahip oldu\u011funu g\u00f6stermektedir. Bu irade, b\u00f6lgesel kaos ortam\u0131nda bile s\u00fcrd\u00fcr\u00fclebilir bir siyasal ak\u0131l in\u015fa edebilme kapasitesine i\u015faret etmektedir. Sahadaki askeri ve toplumsal kazan\u0131mlar ile masadaki diplomasi ve me\u015fruiyet s\u00fcre\u00e7lerinin ortak \u00fcr\u00fcn\u00fc olarak ortaya \u00e7\u0131kan tablo, K\u00fcrtlerin art\u0131k yaln\u0131zca direnen de\u011fil, ayn\u0131 zamanda kurucu, m\u00fczakere eden ve gelece\u011fini planlayan bir siyasi \u00f6zne oldu\u011funu g\u00f6stermektedir.<\/p>\n<p>Ancak bu s\u00fcrecin ulusal \u00f6l\u00e7ekte tam anlam\u0131yla kazan\u0131ma d\u00f6n\u00fc\u015fmesi, Rojhelat K\u00fcrdistan\u0131 akt\u00f6rlerinin ve Kuzey\u2019deki milliyet\u00e7i partilerin g\u00f6r\u00fcn\u00fcrl\u00fc\u011f\u00fcn\u00fcn sa\u011flanmas\u0131 ve ortak temsiliyetin tesis edilmesine ba\u011fl\u0131d\u0131r. Bu eksiklik giderilmedi\u011fi s\u00fcrece, ulusal diplomasi foto\u011fraf\u0131 h\u00e2l\u00e2 par\u00e7al\u0131 kalacak ve K\u00fcrt milletinin t\u00fcm co\u011frafi par\u00e7alar\u0131n\u0131n temsil edildi\u011fi bir b\u00fct\u00fcnl\u00fck sa\u011flanamayacakt\u0131r.<\/p>\n","protected":false},"excerpt":{"rendered":"<p>Duhok\u2019ta ger\u00e7ekle\u015fen \u201cOrtado\u011fu Bar\u0131\u015f ve G\u00fcvenlik Forumu\u201d, K\u00fcrt diplomasisinin uzun y\u0131llard\u0131r nadiren g\u00f6rd\u00fc\u011f\u00fc \u00f6l\u00e7ekte bir me\u015frula\u015ft\u0131rma hamlesi olarak de\u011ferlendirilebilir. Ne\u00e7\u00eervan Barzan\u00ee\u2019nin Mazl\u00fbm Abdi\u2019yi a\u00e7\u0131k bi\u00e7imde kabul etmesi, sadece iki liderin g\u00f6r\u00fc\u015fmesi de\u011fil, Suriye K\u00fcrdistan\u0131 ile G\u00fcney K\u00fcrdistan aras\u0131ndaki siyasi mesafenin sembolik olarak kapat\u0131lmas\u0131 anlam\u0131na gelmektedir. Bu ad\u0131m, Rojava\u2019n\u0131n uluslararas\u0131 konumunu g\u00fc\u00e7lendirirken, K\u00fcrt milletinin ortak taleplerinin [&hellip;]<\/p>\n","protected":false},"author":2,"featured_media":1035732,"comment_status":"closed","ping_status":"closed","sticky":false,"template":"","format":"standard","meta":{"footnotes":""},"categories":[26],"tags":[31],"class_list":["post-1035731","post","type-post","status-publish","format-standard","has-post-thumbnail","hentry","category-forum","tag-onemli"],"blocksy_meta":[],"seo_head":"<!-- This site is optimized with the Yoast SEO plugin v27.5 - https:\/\/yoast.com\/product\/yoast-seo-wordpress\/ -->\n<title>Duhok Forumu ve K\u00fcrt Diplomasisinde Me\u015frula\u015ft\u0131rma S\u00fcreci - Darka Mazi<\/title>\n<meta name=\"robots\" content=\"index, follow, max-snippet:-1, max-image-preview:large, max-video-preview:-1\" \/>\n<link rel=\"canonical\" href=\"https:\/\/darkamazi.site\/archives\/1035731\" \/>\n<meta property=\"og:locale\" content=\"en_US\" \/>\n<meta property=\"og:type\" content=\"article\" \/>\n<meta property=\"og:title\" content=\"Duhok Forumu ve K\u00fcrt Diplomasisinde Me\u015frula\u015ft\u0131rma S\u00fcreci - Darka Mazi\" \/>\n<meta property=\"og:description\" content=\"Duhok\u2019ta ger\u00e7ekle\u015fen \u201cOrtado\u011fu Bar\u0131\u015f ve G\u00fcvenlik Forumu\u201d, K\u00fcrt diplomasisinin uzun y\u0131llard\u0131r nadiren g\u00f6rd\u00fc\u011f\u00fc \u00f6l\u00e7ekte bir me\u015frula\u015ft\u0131rma hamlesi olarak de\u011ferlendirilebilir. Ne\u00e7\u00eervan Barzan\u00ee\u2019nin Mazl\u00fbm Abdi\u2019yi a\u00e7\u0131k bi\u00e7imde kabul etmesi, sadece iki liderin g\u00f6r\u00fc\u015fmesi de\u011fil, Suriye K\u00fcrdistan\u0131 ile G\u00fcney K\u00fcrdistan aras\u0131ndaki siyasi mesafenin sembolik olarak kapat\u0131lmas\u0131 anlam\u0131na gelmektedir. Bu ad\u0131m, Rojava\u2019n\u0131n uluslararas\u0131 konumunu g\u00fc\u00e7lendirirken, K\u00fcrt milletinin ortak taleplerinin [&hellip;]\" \/>\n<meta property=\"og:url\" content=\"https:\/\/darkamazi.site\/archives\/1035731\" \/>\n<meta property=\"og:site_name\" content=\"Darka Mazi\" \/>\n<meta property=\"article:publisher\" content=\"https:\/\/www.facebook.com\/DarkaMaziturkce\" \/>\n<meta property=\"article:published_time\" content=\"2025-11-21T06:48:25+00:00\" \/>\n<meta property=\"og:image\" content=\"https:\/\/darkamazi.site\/file\/2025\/11\/Husamettinpsd-2.jpg\" \/>\n\t<meta property=\"og:image:width\" content=\"900\" \/>\n\t<meta property=\"og:image:height\" content=\"497\" \/>\n\t<meta property=\"og:image:type\" content=\"image\/jpeg\" \/>\n<meta name=\"author\" content=\"darka mazi\" \/>\n<meta name=\"twitter:card\" content=\"summary_large_image\" \/>\n<meta name=\"twitter:creator\" content=\"@DarkaMaziTurkce\" \/>\n<meta name=\"twitter:site\" content=\"@DarkaMaziTurkce\" \/>\n<meta name=\"twitter:label1\" content=\"Written by\" \/>\n\t<meta name=\"twitter:data1\" content=\"darka mazi\" \/>\n\t<meta name=\"twitter:label2\" content=\"Est. reading time\" \/>\n\t<meta name=\"twitter:data2\" content=\"3 minutes\" \/>\n<script type=\"application\/ld+json\" class=\"seo-schema-graph\">{\"@context\":\"https:\\\/\\\/schema.org\",\"@graph\":[{\"@type\":\"NewsArticle\",\"@id\":\"https:\\\/\\\/darkamazi.site\\\/archives\\\/1035731#article\",\"isPartOf\":{\"@id\":\"https:\\\/\\\/darkamazi.site\\\/archives\\\/1035731\"},\"author\":{\"name\":\"darka mazi\",\"@id\":\"https:\\\/\\\/darkamazi.site\\\/#\\\/schema\\\/person\\\/67986a95ac546c16760365877ef4a9d3\"},\"headline\":\"Duhok Forumu ve K\u00fcrt Diplomasisinde Me\u015frula\u015ft\u0131rma S\u00fcreci\",\"datePublished\":\"2025-11-21T06:48:25+00:00\",\"mainEntityOfPage\":{\"@id\":\"https:\\\/\\\/darkamazi.site\\\/archives\\\/1035731\"},\"wordCount\":867,\"publisher\":{\"@id\":\"https:\\\/\\\/darkamazi.site\\\/#organization\"},\"image\":{\"@id\":\"https:\\\/\\\/darkamazi.site\\\/archives\\\/1035731#primaryimage\"},\"thumbnailUrl\":\"https:\\\/\\\/darkamazi.site\\\/darka-content\\\/uploads\\\/2025\\\/11\\\/Husamettinpsd-2.jpg\",\"keywords\":[\"\u00f6nemli\"],\"articleSection\":[\"Forum\"],\"inLanguage\":\"en-US\"},{\"@type\":\"WebPage\",\"@id\":\"https:\\\/\\\/darkamazi.site\\\/archives\\\/1035731\",\"url\":\"https:\\\/\\\/darkamazi.site\\\/archives\\\/1035731\",\"name\":\"Duhok Forumu ve K\u00fcrt Diplomasisinde Me\u015frula\u015ft\u0131rma S\u00fcreci - Darka Mazi\",\"isPartOf\":{\"@id\":\"https:\\\/\\\/darkamazi.site\\\/#website\"},\"primaryImageOfPage\":{\"@id\":\"https:\\\/\\\/darkamazi.site\\\/archives\\\/1035731#primaryimage\"},\"image\":{\"@id\":\"https:\\\/\\\/darkamazi.site\\\/archives\\\/1035731#primaryimage\"},\"thumbnailUrl\":\"https:\\\/\\\/darkamazi.site\\\/darka-content\\\/uploads\\\/2025\\\/11\\\/Husamettinpsd-2.jpg\",\"datePublished\":\"2025-11-21T06:48:25+00:00\",\"breadcrumb\":{\"@id\":\"https:\\\/\\\/darkamazi.site\\\/archives\\\/1035731#breadcrumb\"},\"inLanguage\":\"en-US\",\"potentialAction\":[{\"@type\":\"ReadAction\",\"target\":[\"https:\\\/\\\/darkamazi.site\\\/archives\\\/1035731\"]}]},{\"@type\":\"ImageObject\",\"inLanguage\":\"en-US\",\"@id\":\"https:\\\/\\\/darkamazi.site\\\/archives\\\/1035731#primaryimage\",\"url\":\"https:\\\/\\\/darkamazi.site\\\/darka-content\\\/uploads\\\/2025\\\/11\\\/Husamettinpsd-2.jpg\",\"contentUrl\":\"https:\\\/\\\/darkamazi.site\\\/darka-content\\\/uploads\\\/2025\\\/11\\\/Husamettinpsd-2.jpg\",\"width\":900,\"height\":497,\"caption\":\"Duhok Forumu ve K\u00fcrt Diplomasisinde Me\u015frula\u015ft\u0131rma S\u00fcreci\"},{\"@type\":\"BreadcrumbList\",\"@id\":\"https:\\\/\\\/darkamazi.site\\\/archives\\\/1035731#breadcrumb\",\"itemListElement\":[{\"@type\":\"ListItem\",\"position\":1,\"name\":\"Home\",\"item\":\"https:\\\/\\\/darkamazi.site\\\/\"},{\"@type\":\"ListItem\",\"position\":2,\"name\":\"Duhok Forumu ve K\u00fcrt Diplomasisinde Me\u015frula\u015ft\u0131rma S\u00fcreci\"}]},{\"@type\":\"WebSite\",\"@id\":\"https:\\\/\\\/darkamazi.site\\\/#website\",\"url\":\"https:\\\/\\\/darkamazi.site\\\/\",\"name\":\"Darka Mazi\",\"description\":\"Ana Sayfa\",\"publisher\":{\"@id\":\"https:\\\/\\\/darkamazi.site\\\/#organization\"},\"potentialAction\":[{\"@type\":\"SearchAction\",\"target\":{\"@type\":\"EntryPoint\",\"urlTemplate\":\"https:\\\/\\\/darkamazi.site\\\/?s={search_term_string}\"},\"query-input\":{\"@type\":\"PropertyValueSpecification\",\"valueRequired\":true,\"valueName\":\"search_term_string\"}}],\"inLanguage\":\"en-US\"},{\"@type\":\"Organization\",\"@id\":\"https:\\\/\\\/darkamazi.site\\\/#organization\",\"name\":\"Darka Mazi T\u00fcrk\u00e7e\",\"alternateName\":\"Darka Mazi\",\"url\":\"https:\\\/\\\/darkamazi.site\\\/\",\"logo\":{\"@type\":\"ImageObject\",\"inLanguage\":\"en-US\",\"@id\":\"https:\\\/\\\/darkamazi.site\\\/#\\\/schema\\\/logo\\\/image\\\/\",\"url\":\"https:\\\/\\\/darkamazi.site\\\/darka-content\\\/uploads\\\/2017\\\/12\\\/darka-mazi-logo.png\",\"contentUrl\":\"https:\\\/\\\/darkamazi.site\\\/darka-content\\\/uploads\\\/2017\\\/12\\\/darka-mazi-logo.png\",\"width\":151,\"height\":75,\"caption\":\"Darka Mazi T\u00fcrk\u00e7e\"},\"image\":{\"@id\":\"https:\\\/\\\/darkamazi.site\\\/#\\\/schema\\\/logo\\\/image\\\/\"},\"sameAs\":[\"https:\\\/\\\/www.facebook.com\\\/DarkaMaziturkce\",\"https:\\\/\\\/x.com\\\/DarkaMaziTurkce\"]},{\"@type\":\"Person\",\"@id\":\"https:\\\/\\\/darkamazi.site\\\/#\\\/schema\\\/person\\\/67986a95ac546c16760365877ef4a9d3\",\"name\":\"darka mazi\",\"sameAs\":[\"https:\\\/\\\/darkamazi.site\"],\"url\":\"https:\\\/\\\/darkamazi.site\\\/archives\\\/author\\\/turkish\"}]}<\/script>\n<!-- \/ Yoast SEO plugin. -->","seo_head_json":{"title":"Duhok Forumu ve K\u00fcrt Diplomasisinde Me\u015frula\u015ft\u0131rma S\u00fcreci - Darka Mazi","robots":{"index":"index","follow":"follow","max-snippet":"max-snippet:-1","max-image-preview":"max-image-preview:large","max-video-preview":"max-video-preview:-1"},"canonical":"https:\/\/darkamazi.site\/archives\/1035731","og_locale":"en_US","og_type":"article","og_title":"Duhok Forumu ve K\u00fcrt Diplomasisinde Me\u015frula\u015ft\u0131rma S\u00fcreci - Darka Mazi","og_description":"Duhok\u2019ta ger\u00e7ekle\u015fen \u201cOrtado\u011fu Bar\u0131\u015f ve G\u00fcvenlik Forumu\u201d, K\u00fcrt diplomasisinin uzun y\u0131llard\u0131r nadiren g\u00f6rd\u00fc\u011f\u00fc \u00f6l\u00e7ekte bir me\u015frula\u015ft\u0131rma hamlesi olarak de\u011ferlendirilebilir. Ne\u00e7\u00eervan Barzan\u00ee\u2019nin Mazl\u00fbm Abdi\u2019yi a\u00e7\u0131k bi\u00e7imde kabul etmesi, sadece iki liderin g\u00f6r\u00fc\u015fmesi de\u011fil, Suriye K\u00fcrdistan\u0131 ile G\u00fcney K\u00fcrdistan aras\u0131ndaki siyasi mesafenin sembolik olarak kapat\u0131lmas\u0131 anlam\u0131na gelmektedir. Bu ad\u0131m, Rojava\u2019n\u0131n uluslararas\u0131 konumunu g\u00fc\u00e7lendirirken, K\u00fcrt milletinin ortak taleplerinin [&hellip;]","og_url":"https:\/\/darkamazi.site\/archives\/1035731","og_site_name":"Darka Mazi","article_publisher":"https:\/\/www.facebook.com\/DarkaMaziturkce","article_published_time":"2025-11-21T06:48:25+00:00","og_image":[{"width":900,"height":497,"url":"https:\/\/darkamazi.site\/file\/2025\/11\/Husamettinpsd-2.jpg","type":"image\/jpeg"}],"author":"darka mazi","twitter_card":"summary_large_image","twitter_creator":"@DarkaMaziTurkce","twitter_site":"@DarkaMaziTurkce","twitter_misc":{"Written by":"darka mazi","Est. reading time":"3 minutes"},"schema":{"@context":"https:\/\/schema.org","@graph":[{"@type":"NewsArticle","@id":"https:\/\/darkamazi.site\/archives\/1035731#article","isPartOf":{"@id":"https:\/\/darkamazi.site\/archives\/1035731"},"author":{"name":"darka mazi","@id":"https:\/\/darkamazi.site\/#\/schema\/person\/67986a95ac546c16760365877ef4a9d3"},"headline":"Duhok Forumu ve K\u00fcrt Diplomasisinde Me\u015frula\u015ft\u0131rma S\u00fcreci","datePublished":"2025-11-21T06:48:25+00:00","mainEntityOfPage":{"@id":"https:\/\/darkamazi.site\/archives\/1035731"},"wordCount":867,"publisher":{"@id":"https:\/\/darkamazi.site\/#organization"},"image":{"@id":"https:\/\/darkamazi.site\/archives\/1035731#primaryimage"},"thumbnailUrl":"https:\/\/darkamazi.site\/file\/2025\/11\/Husamettinpsd-2.jpg","keywords":["\u00f6nemli"],"articleSection":["Forum"],"inLanguage":"en-US"},{"@type":"WebPage","@id":"https:\/\/darkamazi.site\/archives\/1035731","url":"https:\/\/darkamazi.site\/archives\/1035731","name":"Duhok Forumu ve K\u00fcrt Diplomasisinde Me\u015frula\u015ft\u0131rma S\u00fcreci - Darka Mazi","isPartOf":{"@id":"https:\/\/darkamazi.site\/#website"},"primaryImageOfPage":{"@id":"https:\/\/darkamazi.site\/archives\/1035731#primaryimage"},"image":{"@id":"https:\/\/darkamazi.site\/archives\/1035731#primaryimage"},"thumbnailUrl":"https:\/\/darkamazi.site\/file\/2025\/11\/Husamettinpsd-2.jpg","datePublished":"2025-11-21T06:48:25+00:00","breadcrumb":{"@id":"https:\/\/darkamazi.site\/archives\/1035731#breadcrumb"},"inLanguage":"en-US","potentialAction":[{"@type":"ReadAction","target":["https:\/\/darkamazi.site\/archives\/1035731"]}]},{"@type":"ImageObject","inLanguage":"en-US","@id":"https:\/\/darkamazi.site\/archives\/1035731#primaryimage","url":"https:\/\/darkamazi.site\/file\/2025\/11\/Husamettinpsd-2.jpg","contentUrl":"https:\/\/darkamazi.site\/file\/2025\/11\/Husamettinpsd-2.jpg","width":900,"height":497,"caption":"Duhok Forumu ve K\u00fcrt Diplomasisinde Me\u015frula\u015ft\u0131rma S\u00fcreci"},{"@type":"BreadcrumbList","@id":"https:\/\/darkamazi.site\/archives\/1035731#breadcrumb","itemListElement":[{"@type":"ListItem","position":1,"name":"Home","item":"https:\/\/darkamazi.site\/"},{"@type":"ListItem","position":2,"name":"Duhok Forumu ve K\u00fcrt Diplomasisinde Me\u015frula\u015ft\u0131rma S\u00fcreci"}]},{"@type":"WebSite","@id":"https:\/\/darkamazi.site\/#website","url":"https:\/\/darkamazi.site\/","name":"Darka Mazi","description":"Ana Sayfa","publisher":{"@id":"https:\/\/darkamazi.site\/#organization"},"potentialAction":[{"@type":"SearchAction","target":{"@type":"EntryPoint","urlTemplate":"https:\/\/darkamazi.site\/?s={search_term_string}"},"query-input":{"@type":"PropertyValueSpecification","valueRequired":true,"valueName":"search_term_string"}}],"inLanguage":"en-US"},{"@type":"Organization","@id":"https:\/\/darkamazi.site\/#organization","name":"Darka Mazi T\u00fcrk\u00e7e","alternateName":"Darka Mazi","url":"https:\/\/darkamazi.site\/","logo":{"@type":"ImageObject","inLanguage":"en-US","@id":"https:\/\/darkamazi.site\/#\/schema\/logo\/image\/","url":"https:\/\/darkamazi.site\/file\/2017\/12\/darka-mazi-logo.png","contentUrl":"https:\/\/darkamazi.site\/file\/2017\/12\/darka-mazi-logo.png","width":151,"height":75,"caption":"Darka Mazi T\u00fcrk\u00e7e"},"image":{"@id":"https:\/\/darkamazi.site\/#\/schema\/logo\/image\/"},"sameAs":["https:\/\/www.facebook.com\/DarkaMaziturkce","https:\/\/x.com\/DarkaMaziTurkce"]},{"@type":"Person","@id":"https:\/\/darkamazi.site\/#\/schema\/person\/67986a95ac546c16760365877ef4a9d3","name":"darka mazi","sameAs":["https:\/\/darkamazi.site"],"url":"https:\/\/darkamazi.site\/archives\/author\/turkish"}]}},"_links":{"self":[{"href":"https:\/\/darkamazi.site\/funavuv\/wp\/v2\/posts\/1035731","targetHints":{"allow":["GET"]}}],"collection":[{"href":"https:\/\/darkamazi.site\/funavuv\/wp\/v2\/posts"}],"about":[{"href":"https:\/\/darkamazi.site\/funavuv\/wp\/v2\/types\/post"}],"author":[{"embeddable":true,"href":"https:\/\/darkamazi.site\/funavuv\/wp\/v2\/users\/2"}],"replies":[{"embeddable":true,"href":"https:\/\/darkamazi.site\/funavuv\/wp\/v2\/comments?post=1035731"}],"version-history":[{"count":0,"href":"https:\/\/darkamazi.site\/funavuv\/wp\/v2\/posts\/1035731\/revisions"}],"wp:featuredmedia":[{"embeddable":true,"href":"https:\/\/darkamazi.site\/funavuv\/wp\/v2\/media\/1035732"}],"wp:attachment":[{"href":"https:\/\/darkamazi.site\/funavuv\/wp\/v2\/media?parent=1035731"}],"wp:term":[{"taxonomy":"category","embeddable":true,"href":"https:\/\/darkamazi.site\/funavuv\/wp\/v2\/categories?post=1035731"},{"taxonomy":"post_tag","embeddable":true,"href":"https:\/\/darkamazi.site\/funavuv\/wp\/v2\/tags?post=1035731"}],"curies":[{"name":"wp","href":"https:\/\/api.w.org\/{rel}","templated":true}]}}