{"id":1035734,"date":"2025-11-22T17:02:56","date_gmt":"2025-11-22T14:02:56","guid":{"rendered":"https:\/\/darkamazi.site\/?p=1035734"},"modified":"2025-11-22T17:02:56","modified_gmt":"2025-11-22T14:02:56","slug":"irak-kurdistan-bayragi-acan-kurt-sporcuya-sorusturma-acildi","status":"publish","type":"post","link":"https:\/\/darkamazi.site\/archives\/1035734","title":{"rendered":"Irak: \u00a0K\u00fcrdistan Bayra\u011f\u0131 a\u00e7an K\u00fcrt sporcuya soru\u015fturma a\u00e7\u0131ld\u0131"},"content":{"rendered":"<p style=\"text-align: justify\">Irak Tekvando Federasyonu, Katar \u015eampiyonas\u0131&#8217;nda K\u00fcrdistan bayra\u011f\u0131n\u0131 g\u00f6ndere \u00e7eken K\u00fcrt sporcu hakk\u0131nda soru\u015fturma komitesi kurdu\u011funu duyurdu.<\/p>\n<p style=\"text-align: justify\">Katar Uluslararas\u0131 Tekvando \u015eampiyonas\u0131&#8217;nda K\u00fcrdistanl\u0131 Suhand \u015eemseddin birinci olmu\u015f ve \u00f6d\u00fcl t\u00f6reninde t\u00fcm sporcular bayrak a\u00e7arken o da K\u00fcrdistan bayra\u011f\u0131 a\u00e7m\u0131\u015ft\u0131.<\/p>\n<p style=\"text-align: justify\">Irak Tekvando Federasyonu, internet sitesinde yapt\u0131\u011f\u0131 a\u00e7\u0131klamada, Katar Uluslararas\u0131 \u015eampiyonas\u0131&#8217;nda K\u00fcrdistan B\u00f6lgesel Y\u00f6netimi bayra\u011f\u0131n\u0131n \u201cyaln\u0131zca kendi spor kul\u00fcplerini temsil eden sporcular taraf\u0131ndan g\u00f6ndere \u00e7ekilebilece\u011fini\u201d iddia etti.<\/p>\n<p style=\"text-align: justify\">Ayr\u0131ca, sporcular\u0131n yaln\u0131zca turnuvalarda Irak bayra\u011f\u0131n\u0131 \u00e7ekmeleri gerekti\u011fini iddia ederek, K\u00fcrdistan bayra\u011f\u0131n\u0131n g\u00f6nderilmesini soru\u015fturmak ve &#8220;ihlal edenleri cezaland\u0131rmak&#8221; i\u00e7in ola\u011fan\u00fcst\u00fc bir soru\u015fturma komitesi kurduklar\u0131n\u0131 duyurdu.<\/p>\n<p style=\"text-align: justify\">K\u00fcrdistan B\u00f6lgesi, Irak devleti i\u00e7inde anayasal bir b\u00f6lgedir ve bayra\u011f\u0131 resmi bayrakt\u0131r. K\u00fcrdistan B\u00f6lgesi gen\u00e7leri, t\u00fcm unsurlar\u0131yla birlikte, herhangi bir uluslararas\u0131 etkinli\u011fe kat\u0131ld\u0131klar\u0131nda bu K\u00fcrdistan bayra\u011f\u0131n\u0131 gururla \u00e7ekmektedir.<\/p>\n","protected":false},"excerpt":{"rendered":"<p>Irak Tekvando Federasyonu, Katar \u015eampiyonas\u0131&#8217;nda K\u00fcrdistan bayra\u011f\u0131n\u0131 g\u00f6ndere \u00e7eken K\u00fcrt sporcu hakk\u0131nda soru\u015fturma komitesi kurdu\u011funu duyurdu. Katar Uluslararas\u0131 Tekvando \u015eampiyonas\u0131&#8217;nda K\u00fcrdistanl\u0131 Suhand \u015eemseddin birinci olmu\u015f ve \u00f6d\u00fcl t\u00f6reninde t\u00fcm sporcular bayrak a\u00e7arken o da K\u00fcrdistan bayra\u011f\u0131 a\u00e7m\u0131\u015ft\u0131. Irak Tekvando Federasyonu, internet sitesinde yapt\u0131\u011f\u0131 a\u00e7\u0131klamada, Katar Uluslararas\u0131 \u015eampiyonas\u0131&#8217;nda K\u00fcrdistan B\u00f6lgesel Y\u00f6netimi bayra\u011f\u0131n\u0131n \u201cyaln\u0131zca kendi spor kul\u00fcplerini [&hellip;]<\/p>\n","protected":false},"author":2,"featured_media":1035735,"comment_status":"closed","ping_status":"closed","sticky":false,"template":"","format":"standard","meta":{"footnotes":""},"categories":[3],"tags":[31],"class_list":["post-1035734","post","type-post","status-publish","format-standard","has-post-thumbnail","hentry","category-kurdistan","tag-onemli"],"blocksy_meta":[],"seo_head":"<!-- This site is optimized with the Yoast SEO plugin v27.5 - https:\/\/yoast.com\/product\/yoast-seo-wordpress\/ -->\n<title>Irak: \u00a0K\u00fcrdistan Bayra\u011f\u0131 a\u00e7an K\u00fcrt sporcuya soru\u015fturma a\u00e7\u0131ld\u0131 - Darka Mazi<\/title>\n<meta name=\"robots\" content=\"index, follow, max-snippet:-1, max-image-preview:large, max-video-preview:-1\" \/>\n<link rel=\"canonical\" href=\"https:\/\/darkamazi.site\/archives\/1035734\" \/>\n<meta property=\"og:locale\" content=\"en_US\" \/>\n<meta property=\"og:type\" content=\"article\" \/>\n<meta property=\"og:title\" content=\"Irak: \u00a0K\u00fcrdistan Bayra\u011f\u0131 a\u00e7an K\u00fcrt sporcuya soru\u015fturma a\u00e7\u0131ld\u0131 - Darka Mazi\" \/>\n<meta property=\"og:description\" content=\"Irak Tekvando Federasyonu, Katar \u015eampiyonas\u0131&#8217;nda K\u00fcrdistan bayra\u011f\u0131n\u0131 g\u00f6ndere \u00e7eken K\u00fcrt sporcu hakk\u0131nda soru\u015fturma komitesi kurdu\u011funu duyurdu. Katar Uluslararas\u0131 Tekvando \u015eampiyonas\u0131&#8217;nda K\u00fcrdistanl\u0131 Suhand \u015eemseddin birinci olmu\u015f ve \u00f6d\u00fcl t\u00f6reninde t\u00fcm sporcular bayrak a\u00e7arken o da K\u00fcrdistan bayra\u011f\u0131 a\u00e7m\u0131\u015ft\u0131. Irak Tekvando Federasyonu, internet sitesinde yapt\u0131\u011f\u0131 a\u00e7\u0131klamada, Katar Uluslararas\u0131 \u015eampiyonas\u0131&#8217;nda K\u00fcrdistan B\u00f6lgesel Y\u00f6netimi bayra\u011f\u0131n\u0131n \u201cyaln\u0131zca kendi spor kul\u00fcplerini [&hellip;]\" \/>\n<meta property=\"og:url\" content=\"https:\/\/darkamazi.site\/archives\/1035734\" \/>\n<meta property=\"og:site_name\" content=\"Darka Mazi\" \/>\n<meta property=\"article:publisher\" content=\"https:\/\/www.facebook.com\/DarkaMaziturkce\" \/>\n<meta property=\"article:published_time\" content=\"2025-11-22T14:02:56+00:00\" \/>\n<meta property=\"og:image\" content=\"https:\/\/darkamazi.site\/file\/2025\/11\/Suham.jpg\" \/>\n\t<meta property=\"og:image:width\" content=\"710\" \/>\n\t<meta property=\"og:image:height\" content=\"433\" \/>\n\t<meta property=\"og:image:type\" content=\"image\/jpeg\" \/>\n<meta name=\"author\" content=\"darka mazi\" \/>\n<meta name=\"twitter:card\" content=\"summary_large_image\" \/>\n<meta name=\"twitter:creator\" content=\"@DarkaMaziTurkce\" \/>\n<meta name=\"twitter:site\" content=\"@DarkaMaziTurkce\" \/>\n<meta name=\"twitter:label1\" content=\"Written by\" \/>\n\t<meta name=\"twitter:data1\" content=\"darka mazi\" \/>\n\t<meta name=\"twitter:label2\" content=\"Est. reading time\" \/>\n\t<meta name=\"twitter:data2\" content=\"1 minute\" \/>\n<script type=\"application\/ld+json\" class=\"seo-schema-graph\">{\"@context\":\"https:\\\/\\\/schema.org\",\"@graph\":[{\"@type\":\"NewsArticle\",\"@id\":\"https:\\\/\\\/darkamazi.site\\\/archives\\\/1035734#article\",\"isPartOf\":{\"@id\":\"https:\\\/\\\/darkamazi.site\\\/archives\\\/1035734\"},\"author\":{\"name\":\"darka mazi\",\"@id\":\"https:\\\/\\\/darkamazi.site\\\/#\\\/schema\\\/person\\\/67986a95ac546c16760365877ef4a9d3\"},\"headline\":\"Irak: \u00a0K\u00fcrdistan Bayra\u011f\u0131 a\u00e7an K\u00fcrt sporcuya soru\u015fturma a\u00e7\u0131ld\u0131\",\"datePublished\":\"2025-11-22T14:02:56+00:00\",\"mainEntityOfPage\":{\"@id\":\"https:\\\/\\\/darkamazi.site\\\/archives\\\/1035734\"},\"wordCount\":190,\"publisher\":{\"@id\":\"https:\\\/\\\/darkamazi.site\\\/#organization\"},\"image\":{\"@id\":\"https:\\\/\\\/darkamazi.site\\\/archives\\\/1035734#primaryimage\"},\"thumbnailUrl\":\"https:\\\/\\\/darkamazi.site\\\/darka-content\\\/uploads\\\/2025\\\/11\\\/Suham.jpg\",\"keywords\":[\"\u00f6nemli\"],\"articleSection\":[\"Kurdistan\"],\"inLanguage\":\"en-US\"},{\"@type\":\"WebPage\",\"@id\":\"https:\\\/\\\/darkamazi.site\\\/archives\\\/1035734\",\"url\":\"https:\\\/\\\/darkamazi.site\\\/archives\\\/1035734\",\"name\":\"Irak: \u00a0K\u00fcrdistan Bayra\u011f\u0131 a\u00e7an K\u00fcrt sporcuya soru\u015fturma a\u00e7\u0131ld\u0131 - Darka Mazi\",\"isPartOf\":{\"@id\":\"https:\\\/\\\/darkamazi.site\\\/#website\"},\"primaryImageOfPage\":{\"@id\":\"https:\\\/\\\/darkamazi.site\\\/archives\\\/1035734#primaryimage\"},\"image\":{\"@id\":\"https:\\\/\\\/darkamazi.site\\\/archives\\\/1035734#primaryimage\"},\"thumbnailUrl\":\"https:\\\/\\\/darkamazi.site\\\/darka-content\\\/uploads\\\/2025\\\/11\\\/Suham.jpg\",\"datePublished\":\"2025-11-22T14:02:56+00:00\",\"breadcrumb\":{\"@id\":\"https:\\\/\\\/darkamazi.site\\\/archives\\\/1035734#breadcrumb\"},\"inLanguage\":\"en-US\",\"potentialAction\":[{\"@type\":\"ReadAction\",\"target\":[\"https:\\\/\\\/darkamazi.site\\\/archives\\\/1035734\"]}]},{\"@type\":\"ImageObject\",\"inLanguage\":\"en-US\",\"@id\":\"https:\\\/\\\/darkamazi.site\\\/archives\\\/1035734#primaryimage\",\"url\":\"https:\\\/\\\/darkamazi.site\\\/darka-content\\\/uploads\\\/2025\\\/11\\\/Suham.jpg\",\"contentUrl\":\"https:\\\/\\\/darkamazi.site\\\/darka-content\\\/uploads\\\/2025\\\/11\\\/Suham.jpg\",\"width\":710,\"height\":433,\"caption\":\"Irak: \u00a0K\u00fcrdistan Bayra\u011f\u0131 a\u00e7an K\u00fcrt sporcuya soru\u015fturma a\u00e7\u0131ld\u0131\"},{\"@type\":\"BreadcrumbList\",\"@id\":\"https:\\\/\\\/darkamazi.site\\\/archives\\\/1035734#breadcrumb\",\"itemListElement\":[{\"@type\":\"ListItem\",\"position\":1,\"name\":\"Home\",\"item\":\"https:\\\/\\\/darkamazi.site\\\/\"},{\"@type\":\"ListItem\",\"position\":2,\"name\":\"Irak: \u00a0K\u00fcrdistan Bayra\u011f\u0131 a\u00e7an K\u00fcrt sporcuya soru\u015fturma a\u00e7\u0131ld\u0131\"}]},{\"@type\":\"WebSite\",\"@id\":\"https:\\\/\\\/darkamazi.site\\\/#website\",\"url\":\"https:\\\/\\\/darkamazi.site\\\/\",\"name\":\"Darka Mazi\",\"description\":\"Ana Sayfa\",\"publisher\":{\"@id\":\"https:\\\/\\\/darkamazi.site\\\/#organization\"},\"potentialAction\":[{\"@type\":\"SearchAction\",\"target\":{\"@type\":\"EntryPoint\",\"urlTemplate\":\"https:\\\/\\\/darkamazi.site\\\/?s={search_term_string}\"},\"query-input\":{\"@type\":\"PropertyValueSpecification\",\"valueRequired\":true,\"valueName\":\"search_term_string\"}}],\"inLanguage\":\"en-US\"},{\"@type\":\"Organization\",\"@id\":\"https:\\\/\\\/darkamazi.site\\\/#organization\",\"name\":\"Darka Mazi T\u00fcrk\u00e7e\",\"alternateName\":\"Darka Mazi\",\"url\":\"https:\\\/\\\/darkamazi.site\\\/\",\"logo\":{\"@type\":\"ImageObject\",\"inLanguage\":\"en-US\",\"@id\":\"https:\\\/\\\/darkamazi.site\\\/#\\\/schema\\\/logo\\\/image\\\/\",\"url\":\"https:\\\/\\\/darkamazi.site\\\/darka-content\\\/uploads\\\/2017\\\/12\\\/darka-mazi-logo.png\",\"contentUrl\":\"https:\\\/\\\/darkamazi.site\\\/darka-content\\\/uploads\\\/2017\\\/12\\\/darka-mazi-logo.png\",\"width\":151,\"height\":75,\"caption\":\"Darka Mazi T\u00fcrk\u00e7e\"},\"image\":{\"@id\":\"https:\\\/\\\/darkamazi.site\\\/#\\\/schema\\\/logo\\\/image\\\/\"},\"sameAs\":[\"https:\\\/\\\/www.facebook.com\\\/DarkaMaziturkce\",\"https:\\\/\\\/x.com\\\/DarkaMaziTurkce\"]},{\"@type\":\"Person\",\"@id\":\"https:\\\/\\\/darkamazi.site\\\/#\\\/schema\\\/person\\\/67986a95ac546c16760365877ef4a9d3\",\"name\":\"darka mazi\",\"sameAs\":[\"https:\\\/\\\/darkamazi.site\"],\"url\":\"https:\\\/\\\/darkamazi.site\\\/archives\\\/author\\\/turkish\"}]}<\/script>\n<!-- \/ Yoast SEO plugin. -->","seo_head_json":{"title":"Irak: \u00a0K\u00fcrdistan Bayra\u011f\u0131 a\u00e7an K\u00fcrt sporcuya soru\u015fturma a\u00e7\u0131ld\u0131 - Darka Mazi","robots":{"index":"index","follow":"follow","max-snippet":"max-snippet:-1","max-image-preview":"max-image-preview:large","max-video-preview":"max-video-preview:-1"},"canonical":"https:\/\/darkamazi.site\/archives\/1035734","og_locale":"en_US","og_type":"article","og_title":"Irak: \u00a0K\u00fcrdistan Bayra\u011f\u0131 a\u00e7an K\u00fcrt sporcuya soru\u015fturma a\u00e7\u0131ld\u0131 - Darka Mazi","og_description":"Irak Tekvando Federasyonu, Katar \u015eampiyonas\u0131&#8217;nda K\u00fcrdistan bayra\u011f\u0131n\u0131 g\u00f6ndere \u00e7eken K\u00fcrt sporcu hakk\u0131nda soru\u015fturma komitesi kurdu\u011funu duyurdu. Katar Uluslararas\u0131 Tekvando \u015eampiyonas\u0131&#8217;nda K\u00fcrdistanl\u0131 Suhand \u015eemseddin birinci olmu\u015f ve \u00f6d\u00fcl t\u00f6reninde t\u00fcm sporcular bayrak a\u00e7arken o da K\u00fcrdistan bayra\u011f\u0131 a\u00e7m\u0131\u015ft\u0131. Irak Tekvando Federasyonu, internet sitesinde yapt\u0131\u011f\u0131 a\u00e7\u0131klamada, Katar Uluslararas\u0131 \u015eampiyonas\u0131&#8217;nda K\u00fcrdistan B\u00f6lgesel Y\u00f6netimi bayra\u011f\u0131n\u0131n \u201cyaln\u0131zca kendi spor kul\u00fcplerini [&hellip;]","og_url":"https:\/\/darkamazi.site\/archives\/1035734","og_site_name":"Darka Mazi","article_publisher":"https:\/\/www.facebook.com\/DarkaMaziturkce","article_published_time":"2025-11-22T14:02:56+00:00","og_image":[{"width":710,"height":433,"url":"https:\/\/darkamazi.site\/file\/2025\/11\/Suham.jpg","type":"image\/jpeg"}],"author":"darka mazi","twitter_card":"summary_large_image","twitter_creator":"@DarkaMaziTurkce","twitter_site":"@DarkaMaziTurkce","twitter_misc":{"Written by":"darka mazi","Est. reading time":"1 minute"},"schema":{"@context":"https:\/\/schema.org","@graph":[{"@type":"NewsArticle","@id":"https:\/\/darkamazi.site\/archives\/1035734#article","isPartOf":{"@id":"https:\/\/darkamazi.site\/archives\/1035734"},"author":{"name":"darka mazi","@id":"https:\/\/darkamazi.site\/#\/schema\/person\/67986a95ac546c16760365877ef4a9d3"},"headline":"Irak: \u00a0K\u00fcrdistan Bayra\u011f\u0131 a\u00e7an K\u00fcrt sporcuya soru\u015fturma a\u00e7\u0131ld\u0131","datePublished":"2025-11-22T14:02:56+00:00","mainEntityOfPage":{"@id":"https:\/\/darkamazi.site\/archives\/1035734"},"wordCount":190,"publisher":{"@id":"https:\/\/darkamazi.site\/#organization"},"image":{"@id":"https:\/\/darkamazi.site\/archives\/1035734#primaryimage"},"thumbnailUrl":"https:\/\/darkamazi.site\/file\/2025\/11\/Suham.jpg","keywords":["\u00f6nemli"],"articleSection":["Kurdistan"],"inLanguage":"en-US"},{"@type":"WebPage","@id":"https:\/\/darkamazi.site\/archives\/1035734","url":"https:\/\/darkamazi.site\/archives\/1035734","name":"Irak: \u00a0K\u00fcrdistan Bayra\u011f\u0131 a\u00e7an K\u00fcrt sporcuya soru\u015fturma a\u00e7\u0131ld\u0131 - Darka Mazi","isPartOf":{"@id":"https:\/\/darkamazi.site\/#website"},"primaryImageOfPage":{"@id":"https:\/\/darkamazi.site\/archives\/1035734#primaryimage"},"image":{"@id":"https:\/\/darkamazi.site\/archives\/1035734#primaryimage"},"thumbnailUrl":"https:\/\/darkamazi.site\/file\/2025\/11\/Suham.jpg","datePublished":"2025-11-22T14:02:56+00:00","breadcrumb":{"@id":"https:\/\/darkamazi.site\/archives\/1035734#breadcrumb"},"inLanguage":"en-US","potentialAction":[{"@type":"ReadAction","target":["https:\/\/darkamazi.site\/archives\/1035734"]}]},{"@type":"ImageObject","inLanguage":"en-US","@id":"https:\/\/darkamazi.site\/archives\/1035734#primaryimage","url":"https:\/\/darkamazi.site\/file\/2025\/11\/Suham.jpg","contentUrl":"https:\/\/darkamazi.site\/file\/2025\/11\/Suham.jpg","width":710,"height":433,"caption":"Irak: \u00a0K\u00fcrdistan Bayra\u011f\u0131 a\u00e7an K\u00fcrt sporcuya soru\u015fturma a\u00e7\u0131ld\u0131"},{"@type":"BreadcrumbList","@id":"https:\/\/darkamazi.site\/archives\/1035734#breadcrumb","itemListElement":[{"@type":"ListItem","position":1,"name":"Home","item":"https:\/\/darkamazi.site\/"},{"@type":"ListItem","position":2,"name":"Irak: \u00a0K\u00fcrdistan Bayra\u011f\u0131 a\u00e7an K\u00fcrt sporcuya soru\u015fturma a\u00e7\u0131ld\u0131"}]},{"@type":"WebSite","@id":"https:\/\/darkamazi.site\/#website","url":"https:\/\/darkamazi.site\/","name":"Darka Mazi","description":"Ana Sayfa","publisher":{"@id":"https:\/\/darkamazi.site\/#organization"},"potentialAction":[{"@type":"SearchAction","target":{"@type":"EntryPoint","urlTemplate":"https:\/\/darkamazi.site\/?s={search_term_string}"},"query-input":{"@type":"PropertyValueSpecification","valueRequired":true,"valueName":"search_term_string"}}],"inLanguage":"en-US"},{"@type":"Organization","@id":"https:\/\/darkamazi.site\/#organization","name":"Darka Mazi T\u00fcrk\u00e7e","alternateName":"Darka Mazi","url":"https:\/\/darkamazi.site\/","logo":{"@type":"ImageObject","inLanguage":"en-US","@id":"https:\/\/darkamazi.site\/#\/schema\/logo\/image\/","url":"https:\/\/darkamazi.site\/file\/2017\/12\/darka-mazi-logo.png","contentUrl":"https:\/\/darkamazi.site\/file\/2017\/12\/darka-mazi-logo.png","width":151,"height":75,"caption":"Darka Mazi T\u00fcrk\u00e7e"},"image":{"@id":"https:\/\/darkamazi.site\/#\/schema\/logo\/image\/"},"sameAs":["https:\/\/www.facebook.com\/DarkaMaziturkce","https:\/\/x.com\/DarkaMaziTurkce"]},{"@type":"Person","@id":"https:\/\/darkamazi.site\/#\/schema\/person\/67986a95ac546c16760365877ef4a9d3","name":"darka mazi","sameAs":["https:\/\/darkamazi.site"],"url":"https:\/\/darkamazi.site\/archives\/author\/turkish"}]}},"_links":{"self":[{"href":"https:\/\/darkamazi.site\/funavuv\/wp\/v2\/posts\/1035734","targetHints":{"allow":["GET"]}}],"collection":[{"href":"https:\/\/darkamazi.site\/funavuv\/wp\/v2\/posts"}],"about":[{"href":"https:\/\/darkamazi.site\/funavuv\/wp\/v2\/types\/post"}],"author":[{"embeddable":true,"href":"https:\/\/darkamazi.site\/funavuv\/wp\/v2\/users\/2"}],"replies":[{"embeddable":true,"href":"https:\/\/darkamazi.site\/funavuv\/wp\/v2\/comments?post=1035734"}],"version-history":[{"count":0,"href":"https:\/\/darkamazi.site\/funavuv\/wp\/v2\/posts\/1035734\/revisions"}],"wp:featuredmedia":[{"embeddable":true,"href":"https:\/\/darkamazi.site\/funavuv\/wp\/v2\/media\/1035735"}],"wp:attachment":[{"href":"https:\/\/darkamazi.site\/funavuv\/wp\/v2\/media?parent=1035734"}],"wp:term":[{"taxonomy":"category","embeddable":true,"href":"https:\/\/darkamazi.site\/funavuv\/wp\/v2\/categories?post=1035734"},{"taxonomy":"post_tag","embeddable":true,"href":"https:\/\/darkamazi.site\/funavuv\/wp\/v2\/tags?post=1035734"}],"curies":[{"name":"wp","href":"https:\/\/api.w.org\/{rel}","templated":true}]}}