{"id":1035740,"date":"2025-11-22T21:22:11","date_gmt":"2025-11-22T18:22:11","guid":{"rendered":"https:\/\/darkamazi.site\/?p=1035740"},"modified":"2025-11-22T21:22:11","modified_gmt":"2025-11-22T18:22:11","slug":"hakan-fidandan-dsg-aciklamasi-turkiyenin-ulusal-guvenligi-icin-tehdit-olusturmaktadir","status":"publish","type":"post","link":"https:\/\/darkamazi.site\/archives\/1035740","title":{"rendered":"Hakan Fidan\u2019dan DSG a\u00e7\u0131klamas\u0131: T\u00fcrkiye\u2019nin ulusal g\u00fcvenli\u011fi i\u00e7in tehdit olu\u015fturmaktad\u0131r"},"content":{"rendered":"<p style=\"text-align: justify\">T\u00fcrkiye D\u0131\u015fi\u015fleri Bakan\u0131 Hakan Fidan, \u201cSDG\u2019nin mevcut yap\u0131s\u0131, Suriye\u2019nin milli birli\u011fi kadar T\u00fcrkiye\u2019nin ulusal g\u00fcvenli\u011fi i\u00e7in de tehdit olu\u015fturmaktad\u0131r. \u0130srail\u2019in sald\u0131rganl\u0131\u011f\u0131, yay\u0131lmac\u0131 ve \u00f6zellikle Suriye\u2019nin g\u00fcneyine y\u00f6nelik istikrar bozucu faaliyetleri de Suriye i\u00e7in risk olu\u015fturmaktad\u0131r\u201d dedi.<\/p>\n<p style=\"text-align: justify\">AK Parti Genel Merkezi\u2019nde Marmara B\u00f6lgesi milletvekilleri ile bir araya gelen T\u00fcrkiye D\u0131\u015fi\u015fleri Bakan\u0131 Fidan, milletvekillerinin \u00e7ok tarafl\u0131 platformlarda y\u00fcr\u00fctt\u00fc\u011f\u00fc \u00e7al\u0131\u015fmalar\u0131n T\u00fcrkiye\u2019nin hakl\u0131 tezlerini d\u00fcnyaya anlatmak ve T\u00fcrkiye\u2019nin \u00e7\u0131karlar\u0131n\u0131 savunmak a\u00e7\u0131s\u0131ndan \u00f6nem ta\u015f\u0131d\u0131\u011f\u0131na vurgu yapt\u0131.<\/p>\n<p style=\"text-align: justify\">H\u00fcrriyet\u2019in haberine g\u00f6re T\u00fcrkiye\u2019nin son d\u00f6nemlerde d\u0131\u015f politikada att\u0131\u011f\u0131 ad\u0131mlara da de\u011finen Fidan, \u201cCumhurba\u015fkan\u0131m\u0131z\u0131n dirayetli liderli\u011fi ve halk\u0131m\u0131z\u0131n \u00e7eyrek as\u0131rd\u0131r bu liderli\u011fe g\u00f6sterdi\u011fi y\u00fcksek tevecc\u00fch sayesinde, T\u00fcrkiye eksenli, ba\u011f\u0131ms\u0131z ve milli d\u0131\u015f politikam\u0131z\u0131 360 derece perspektifiyle y\u00fcr\u00fct\u00fcyoruz. Bu sayede, krizler \u00e7a\u011f\u0131nda, kendi y\u00f6n\u00fcm\u00fcz\u00fc kendimiz tayin ediyoruz. K\u00fcresel ve b\u00f6lgesel meselelerde kendi a\u011f\u0131rl\u0131\u011f\u0131m\u0131z\u0131 ortaya koyabiliyoruz\u201d diye konu\u015ftu.<\/p>\n<p style=\"text-align: justify\"><strong>\u201cFilistin\u2019de adil ve kal\u0131c\u0131 bar\u0131\u015f i\u00e7in kararl\u0131l\u0131kla \u00e7al\u0131\u015fmaya devam edece\u011fiz\u201d<\/strong><\/p>\n<p style=\"text-align: justify\">Gazze\u2019de y\u00fcr\u00fct\u00fclen s\u00fcre\u00e7lerin tamam\u0131nda T\u00fcrkiye\u2019nin de yer alaca\u011f\u0131n\u0131 belirten Fidan, \u201cFilistin halk\u0131n\u0131n hakk\u0131n\u0131, hukukunu koruyan ve bar\u0131\u015f\u0131 \u00f6nceleyen diplomasi \u00e7izgimizi kararl\u0131l\u0131kla s\u00fcrd\u00fcrece\u011fiz. Her zaman vurgulad\u0131\u011f\u0131m\u0131z gibi, Filistin\u2019de ve b\u00f6lgede bar\u0131\u015f\u0131n anahtar\u0131 \u201c\u0130ki Devletli \u00c7\u00f6z\u00fcm\u201dd\u00fcr. Filistin\u2019de adil ve kal\u0131c\u0131 bar\u0131\u015f i\u00e7in kararl\u0131l\u0131kla \u00e7al\u0131\u015fmaya devam edece\u011fiz\u201d dedi.<\/p>\n<p style=\"text-align: justify\"><strong>Suriye ve DSG konusu<\/strong><\/p>\n<p style=\"text-align: justify\">Suriye\u2019deki geli\u015fmelerin de ele al\u0131nd\u0131\u011f\u0131 toplant\u0131da Fidan, Suriye h\u00fck\u00fcmetine ve \u00fclkenin birlik-b\u00fct\u00fcnl\u00fc\u011f\u00fcne verilen destek \u00e7er\u00e7evesinde, Suriye ile her alanda ve d\u00fczeyde kapsaml\u0131 temaslar\u0131n devam edece\u011fini vurgulad\u0131. Fidan, \u201cSuriye\u2019de yeniden imar ve ekonomik toparlanma i\u00e7in g\u00fcvenlik ve siyasi istikrar \u00f6n \u015fartt\u0131r. Ancak \u015eara H\u00fck\u00fcmeti\u2019nin, g\u00fcvenlik kayg\u0131s\u0131 veya \u00e7at\u0131\u015fma bask\u0131s\u0131 alt\u0131ndayken bu konulara odaklanmas\u0131 zordur\u201d diye konu\u015ftu.<\/p>\n<p style=\"text-align: justify\">Toplant\u0131da Demokratik Suriye G\u00fc\u00e7leri\u2019ne (DSG) ili\u015fkin de de\u011ferlendirmelerde bulunan Fidan, \u201cSDG\u2019nin mevcut yap\u0131s\u0131, Suriye\u2019nin milli birli\u011fi kadar T\u00fcrkiye\u2019nin ulusal g\u00fcvenli\u011fi i\u00e7in de tehdit olu\u015fturmaktad\u0131r. \u0130srail\u2019in sald\u0131rganl\u0131\u011f\u0131, yay\u0131lmac\u0131 ve \u00f6zellikle Suriye\u2019nin g\u00fcneyine y\u00f6nelik istikrar bozucu faaliyetleri de Suriye i\u00e7in risk olu\u015fturmaktad\u0131r\u201d dedi.<\/p>\n<p style=\"text-align: justify\"><strong>Erdo\u011fan-Zelenski g\u00f6r\u00fc\u015fmesi<\/strong><\/p>\n<p style=\"text-align: justify\">T\u00fcrkiye\u2019nin Ukrayna ve Rusya aras\u0131nda diplomasi, diyalog ve insani hassasiyeti \u00f6nceleyen dengeli politikas\u0131 sayesinde, taraflar\u0131 m\u00fczakere masas\u0131nda bulu\u015fturabilen yeg\u00e2ne \u00fclke oldu\u011funun alt\u0131n\u0131 \u00e7izen Fidan, \u201cCumhurba\u015fkan\u0131m\u0131z\u0131n Ukrayna Devlet Ba\u015fkan\u0131 Zelenski ile g\u00f6r\u00fc\u015fmesinde, sahadaki duruma dair g\u00fcncel geli\u015fmeler ve ate\u015fkesin sa\u011flanabilmesi i\u00e7in \u00e7e\u015fitli ihtimaller kapsaml\u0131 \u015fekilde de\u011ferlendirildi. Kal\u0131c\u0131 ve adil bir bar\u0131\u015f\u0131n sa\u011flanmas\u0131 yolunda taraflarla yak\u0131n diyalog i\u00e7inde etkin \u00e7abalar\u0131m\u0131z\u0131 ve m\u00fczakere temelli \u00e7\u00f6z\u00fcm i\u00e7in kolayla\u015ft\u0131r\u0131c\u0131 rol\u00fcm\u00fcz\u00fc s\u00fcrd\u00fcrece\u011fiz\u201d ifadelerini kulland\u0131.<\/p>\n","protected":false},"excerpt":{"rendered":"<p>T\u00fcrkiye D\u0131\u015fi\u015fleri Bakan\u0131 Hakan Fidan, \u201cSDG\u2019nin mevcut yap\u0131s\u0131, Suriye\u2019nin milli birli\u011fi kadar T\u00fcrkiye\u2019nin ulusal g\u00fcvenli\u011fi i\u00e7in de tehdit olu\u015fturmaktad\u0131r. \u0130srail\u2019in sald\u0131rganl\u0131\u011f\u0131, yay\u0131lmac\u0131 ve \u00f6zellikle Suriye\u2019nin g\u00fcneyine y\u00f6nelik istikrar bozucu faaliyetleri de Suriye i\u00e7in risk olu\u015fturmaktad\u0131r\u201d dedi. AK Parti Genel Merkezi\u2019nde Marmara B\u00f6lgesi milletvekilleri ile bir araya gelen T\u00fcrkiye D\u0131\u015fi\u015fleri Bakan\u0131 Fidan, milletvekillerinin \u00e7ok tarafl\u0131 platformlarda [&hellip;]<\/p>\n","protected":false},"author":2,"featured_media":1035742,"comment_status":"closed","ping_status":"closed","sticky":false,"template":"","format":"standard","meta":{"footnotes":""},"categories":[29],"tags":[31],"class_list":["post-1035740","post","type-post","status-publish","format-standard","has-post-thumbnail","hentry","category-ortadogu","tag-onemli"],"blocksy_meta":[],"seo_head":"<!-- This site is optimized with the Yoast SEO plugin v27.5 - https:\/\/yoast.com\/product\/yoast-seo-wordpress\/ -->\n<title>Hakan Fidan\u2019dan DSG a\u00e7\u0131klamas\u0131: T\u00fcrkiye\u2019nin ulusal g\u00fcvenli\u011fi i\u00e7in tehdit olu\u015fturmaktad\u0131r - Darka Mazi<\/title>\n<meta name=\"robots\" content=\"index, follow, max-snippet:-1, max-image-preview:large, max-video-preview:-1\" \/>\n<link rel=\"canonical\" href=\"https:\/\/darkamazi.site\/archives\/1035740\" \/>\n<meta property=\"og:locale\" content=\"en_US\" \/>\n<meta property=\"og:type\" content=\"article\" \/>\n<meta property=\"og:title\" content=\"Hakan Fidan\u2019dan DSG a\u00e7\u0131klamas\u0131: T\u00fcrkiye\u2019nin ulusal g\u00fcvenli\u011fi i\u00e7in tehdit olu\u015fturmaktad\u0131r - Darka Mazi\" \/>\n<meta property=\"og:description\" content=\"T\u00fcrkiye D\u0131\u015fi\u015fleri Bakan\u0131 Hakan Fidan, \u201cSDG\u2019nin mevcut yap\u0131s\u0131, Suriye\u2019nin milli birli\u011fi kadar T\u00fcrkiye\u2019nin ulusal g\u00fcvenli\u011fi i\u00e7in de tehdit olu\u015fturmaktad\u0131r. \u0130srail\u2019in sald\u0131rganl\u0131\u011f\u0131, yay\u0131lmac\u0131 ve \u00f6zellikle Suriye\u2019nin g\u00fcneyine y\u00f6nelik istikrar bozucu faaliyetleri de Suriye i\u00e7in risk olu\u015fturmaktad\u0131r\u201d dedi. AK Parti Genel Merkezi\u2019nde Marmara B\u00f6lgesi milletvekilleri ile bir araya gelen T\u00fcrkiye D\u0131\u015fi\u015fleri Bakan\u0131 Fidan, milletvekillerinin \u00e7ok tarafl\u0131 platformlarda [&hellip;]\" \/>\n<meta property=\"og:url\" content=\"https:\/\/darkamazi.site\/archives\/1035740\" \/>\n<meta property=\"og:site_name\" content=\"Darka Mazi\" \/>\n<meta property=\"article:publisher\" content=\"https:\/\/www.facebook.com\/DarkaMaziturkce\" \/>\n<meta property=\"article:published_time\" content=\"2025-11-22T18:22:11+00:00\" \/>\n<meta property=\"og:image\" content=\"https:\/\/darkamazi.site\/file\/2025\/11\/Hakan-Fidan.jpg\" \/>\n\t<meta property=\"og:image:width\" content=\"752\" \/>\n\t<meta property=\"og:image:height\" content=\"472\" \/>\n\t<meta property=\"og:image:type\" content=\"image\/jpeg\" \/>\n<meta name=\"author\" content=\"darka mazi\" \/>\n<meta name=\"twitter:card\" content=\"summary_large_image\" \/>\n<meta name=\"twitter:creator\" content=\"@DarkaMaziTurkce\" \/>\n<meta name=\"twitter:site\" content=\"@DarkaMaziTurkce\" \/>\n<meta name=\"twitter:label1\" content=\"Written by\" \/>\n\t<meta name=\"twitter:data1\" content=\"darka mazi\" \/>\n\t<meta name=\"twitter:label2\" content=\"Est. reading time\" \/>\n\t<meta name=\"twitter:data2\" content=\"2 minutes\" \/>\n<script type=\"application\/ld+json\" class=\"seo-schema-graph\">{\"@context\":\"https:\\\/\\\/schema.org\",\"@graph\":[{\"@type\":\"NewsArticle\",\"@id\":\"https:\\\/\\\/darkamazi.site\\\/archives\\\/1035740#article\",\"isPartOf\":{\"@id\":\"https:\\\/\\\/darkamazi.site\\\/archives\\\/1035740\"},\"author\":{\"name\":\"darka mazi\",\"@id\":\"https:\\\/\\\/darkamazi.site\\\/#\\\/schema\\\/person\\\/67986a95ac546c16760365877ef4a9d3\"},\"headline\":\"Hakan Fidan\u2019dan DSG a\u00e7\u0131klamas\u0131: T\u00fcrkiye\u2019nin ulusal g\u00fcvenli\u011fi i\u00e7in tehdit olu\u015fturmaktad\u0131r\",\"datePublished\":\"2025-11-22T18:22:11+00:00\",\"mainEntityOfPage\":{\"@id\":\"https:\\\/\\\/darkamazi.site\\\/archives\\\/1035740\"},\"wordCount\":587,\"publisher\":{\"@id\":\"https:\\\/\\\/darkamazi.site\\\/#organization\"},\"image\":{\"@id\":\"https:\\\/\\\/darkamazi.site\\\/archives\\\/1035740#primaryimage\"},\"thumbnailUrl\":\"https:\\\/\\\/darkamazi.site\\\/darka-content\\\/uploads\\\/2025\\\/11\\\/Hakan-Fidan.jpg\",\"keywords\":[\"\u00f6nemli\"],\"articleSection\":[\"Ortado\u011fu\"],\"inLanguage\":\"en-US\"},{\"@type\":\"WebPage\",\"@id\":\"https:\\\/\\\/darkamazi.site\\\/archives\\\/1035740\",\"url\":\"https:\\\/\\\/darkamazi.site\\\/archives\\\/1035740\",\"name\":\"Hakan Fidan\u2019dan DSG a\u00e7\u0131klamas\u0131: T\u00fcrkiye\u2019nin ulusal g\u00fcvenli\u011fi i\u00e7in tehdit olu\u015fturmaktad\u0131r - Darka Mazi\",\"isPartOf\":{\"@id\":\"https:\\\/\\\/darkamazi.site\\\/#website\"},\"primaryImageOfPage\":{\"@id\":\"https:\\\/\\\/darkamazi.site\\\/archives\\\/1035740#primaryimage\"},\"image\":{\"@id\":\"https:\\\/\\\/darkamazi.site\\\/archives\\\/1035740#primaryimage\"},\"thumbnailUrl\":\"https:\\\/\\\/darkamazi.site\\\/darka-content\\\/uploads\\\/2025\\\/11\\\/Hakan-Fidan.jpg\",\"datePublished\":\"2025-11-22T18:22:11+00:00\",\"breadcrumb\":{\"@id\":\"https:\\\/\\\/darkamazi.site\\\/archives\\\/1035740#breadcrumb\"},\"inLanguage\":\"en-US\",\"potentialAction\":[{\"@type\":\"ReadAction\",\"target\":[\"https:\\\/\\\/darkamazi.site\\\/archives\\\/1035740\"]}]},{\"@type\":\"ImageObject\",\"inLanguage\":\"en-US\",\"@id\":\"https:\\\/\\\/darkamazi.site\\\/archives\\\/1035740#primaryimage\",\"url\":\"https:\\\/\\\/darkamazi.site\\\/darka-content\\\/uploads\\\/2025\\\/11\\\/Hakan-Fidan.jpg\",\"contentUrl\":\"https:\\\/\\\/darkamazi.site\\\/darka-content\\\/uploads\\\/2025\\\/11\\\/Hakan-Fidan.jpg\",\"width\":752,\"height\":472,\"caption\":\"Hakan Fidan\u2019dan DSG a\u00e7\u0131klamas\u0131: T\u00fcrkiye\u2019nin ulusal g\u00fcvenli\u011fi i\u00e7in tehdit olu\u015fturmaktad\u0131r\"},{\"@type\":\"BreadcrumbList\",\"@id\":\"https:\\\/\\\/darkamazi.site\\\/archives\\\/1035740#breadcrumb\",\"itemListElement\":[{\"@type\":\"ListItem\",\"position\":1,\"name\":\"Home\",\"item\":\"https:\\\/\\\/darkamazi.site\\\/\"},{\"@type\":\"ListItem\",\"position\":2,\"name\":\"Hakan Fidan\u2019dan DSG a\u00e7\u0131klamas\u0131: T\u00fcrkiye\u2019nin ulusal g\u00fcvenli\u011fi i\u00e7in tehdit olu\u015fturmaktad\u0131r\"}]},{\"@type\":\"WebSite\",\"@id\":\"https:\\\/\\\/darkamazi.site\\\/#website\",\"url\":\"https:\\\/\\\/darkamazi.site\\\/\",\"name\":\"Darka Mazi\",\"description\":\"Ana Sayfa\",\"publisher\":{\"@id\":\"https:\\\/\\\/darkamazi.site\\\/#organization\"},\"potentialAction\":[{\"@type\":\"SearchAction\",\"target\":{\"@type\":\"EntryPoint\",\"urlTemplate\":\"https:\\\/\\\/darkamazi.site\\\/?s={search_term_string}\"},\"query-input\":{\"@type\":\"PropertyValueSpecification\",\"valueRequired\":true,\"valueName\":\"search_term_string\"}}],\"inLanguage\":\"en-US\"},{\"@type\":\"Organization\",\"@id\":\"https:\\\/\\\/darkamazi.site\\\/#organization\",\"name\":\"Darka Mazi T\u00fcrk\u00e7e\",\"alternateName\":\"Darka Mazi\",\"url\":\"https:\\\/\\\/darkamazi.site\\\/\",\"logo\":{\"@type\":\"ImageObject\",\"inLanguage\":\"en-US\",\"@id\":\"https:\\\/\\\/darkamazi.site\\\/#\\\/schema\\\/logo\\\/image\\\/\",\"url\":\"https:\\\/\\\/darkamazi.site\\\/darka-content\\\/uploads\\\/2017\\\/12\\\/darka-mazi-logo.png\",\"contentUrl\":\"https:\\\/\\\/darkamazi.site\\\/darka-content\\\/uploads\\\/2017\\\/12\\\/darka-mazi-logo.png\",\"width\":151,\"height\":75,\"caption\":\"Darka Mazi T\u00fcrk\u00e7e\"},\"image\":{\"@id\":\"https:\\\/\\\/darkamazi.site\\\/#\\\/schema\\\/logo\\\/image\\\/\"},\"sameAs\":[\"https:\\\/\\\/www.facebook.com\\\/DarkaMaziturkce\",\"https:\\\/\\\/x.com\\\/DarkaMaziTurkce\"]},{\"@type\":\"Person\",\"@id\":\"https:\\\/\\\/darkamazi.site\\\/#\\\/schema\\\/person\\\/67986a95ac546c16760365877ef4a9d3\",\"name\":\"darka mazi\",\"sameAs\":[\"https:\\\/\\\/darkamazi.site\"],\"url\":\"https:\\\/\\\/darkamazi.site\\\/archives\\\/author\\\/turkish\"}]}<\/script>\n<!-- \/ Yoast SEO plugin. -->","seo_head_json":{"title":"Hakan Fidan\u2019dan DSG a\u00e7\u0131klamas\u0131: T\u00fcrkiye\u2019nin ulusal g\u00fcvenli\u011fi i\u00e7in tehdit olu\u015fturmaktad\u0131r - Darka Mazi","robots":{"index":"index","follow":"follow","max-snippet":"max-snippet:-1","max-image-preview":"max-image-preview:large","max-video-preview":"max-video-preview:-1"},"canonical":"https:\/\/darkamazi.site\/archives\/1035740","og_locale":"en_US","og_type":"article","og_title":"Hakan Fidan\u2019dan DSG a\u00e7\u0131klamas\u0131: T\u00fcrkiye\u2019nin ulusal g\u00fcvenli\u011fi i\u00e7in tehdit olu\u015fturmaktad\u0131r - Darka Mazi","og_description":"T\u00fcrkiye D\u0131\u015fi\u015fleri Bakan\u0131 Hakan Fidan, \u201cSDG\u2019nin mevcut yap\u0131s\u0131, Suriye\u2019nin milli birli\u011fi kadar T\u00fcrkiye\u2019nin ulusal g\u00fcvenli\u011fi i\u00e7in de tehdit olu\u015fturmaktad\u0131r. \u0130srail\u2019in sald\u0131rganl\u0131\u011f\u0131, yay\u0131lmac\u0131 ve \u00f6zellikle Suriye\u2019nin g\u00fcneyine y\u00f6nelik istikrar bozucu faaliyetleri de Suriye i\u00e7in risk olu\u015fturmaktad\u0131r\u201d dedi. AK Parti Genel Merkezi\u2019nde Marmara B\u00f6lgesi milletvekilleri ile bir araya gelen T\u00fcrkiye D\u0131\u015fi\u015fleri Bakan\u0131 Fidan, milletvekillerinin \u00e7ok tarafl\u0131 platformlarda [&hellip;]","og_url":"https:\/\/darkamazi.site\/archives\/1035740","og_site_name":"Darka Mazi","article_publisher":"https:\/\/www.facebook.com\/DarkaMaziturkce","article_published_time":"2025-11-22T18:22:11+00:00","og_image":[{"width":752,"height":472,"url":"https:\/\/darkamazi.site\/file\/2025\/11\/Hakan-Fidan.jpg","type":"image\/jpeg"}],"author":"darka mazi","twitter_card":"summary_large_image","twitter_creator":"@DarkaMaziTurkce","twitter_site":"@DarkaMaziTurkce","twitter_misc":{"Written by":"darka mazi","Est. reading time":"2 minutes"},"schema":{"@context":"https:\/\/schema.org","@graph":[{"@type":"NewsArticle","@id":"https:\/\/darkamazi.site\/archives\/1035740#article","isPartOf":{"@id":"https:\/\/darkamazi.site\/archives\/1035740"},"author":{"name":"darka mazi","@id":"https:\/\/darkamazi.site\/#\/schema\/person\/67986a95ac546c16760365877ef4a9d3"},"headline":"Hakan Fidan\u2019dan DSG a\u00e7\u0131klamas\u0131: T\u00fcrkiye\u2019nin ulusal g\u00fcvenli\u011fi i\u00e7in tehdit olu\u015fturmaktad\u0131r","datePublished":"2025-11-22T18:22:11+00:00","mainEntityOfPage":{"@id":"https:\/\/darkamazi.site\/archives\/1035740"},"wordCount":587,"publisher":{"@id":"https:\/\/darkamazi.site\/#organization"},"image":{"@id":"https:\/\/darkamazi.site\/archives\/1035740#primaryimage"},"thumbnailUrl":"https:\/\/darkamazi.site\/file\/2025\/11\/Hakan-Fidan.jpg","keywords":["\u00f6nemli"],"articleSection":["Ortado\u011fu"],"inLanguage":"en-US"},{"@type":"WebPage","@id":"https:\/\/darkamazi.site\/archives\/1035740","url":"https:\/\/darkamazi.site\/archives\/1035740","name":"Hakan Fidan\u2019dan DSG a\u00e7\u0131klamas\u0131: T\u00fcrkiye\u2019nin ulusal g\u00fcvenli\u011fi i\u00e7in tehdit olu\u015fturmaktad\u0131r - Darka Mazi","isPartOf":{"@id":"https:\/\/darkamazi.site\/#website"},"primaryImageOfPage":{"@id":"https:\/\/darkamazi.site\/archives\/1035740#primaryimage"},"image":{"@id":"https:\/\/darkamazi.site\/archives\/1035740#primaryimage"},"thumbnailUrl":"https:\/\/darkamazi.site\/file\/2025\/11\/Hakan-Fidan.jpg","datePublished":"2025-11-22T18:22:11+00:00","breadcrumb":{"@id":"https:\/\/darkamazi.site\/archives\/1035740#breadcrumb"},"inLanguage":"en-US","potentialAction":[{"@type":"ReadAction","target":["https:\/\/darkamazi.site\/archives\/1035740"]}]},{"@type":"ImageObject","inLanguage":"en-US","@id":"https:\/\/darkamazi.site\/archives\/1035740#primaryimage","url":"https:\/\/darkamazi.site\/file\/2025\/11\/Hakan-Fidan.jpg","contentUrl":"https:\/\/darkamazi.site\/file\/2025\/11\/Hakan-Fidan.jpg","width":752,"height":472,"caption":"Hakan Fidan\u2019dan DSG a\u00e7\u0131klamas\u0131: T\u00fcrkiye\u2019nin ulusal g\u00fcvenli\u011fi i\u00e7in tehdit olu\u015fturmaktad\u0131r"},{"@type":"BreadcrumbList","@id":"https:\/\/darkamazi.site\/archives\/1035740#breadcrumb","itemListElement":[{"@type":"ListItem","position":1,"name":"Home","item":"https:\/\/darkamazi.site\/"},{"@type":"ListItem","position":2,"name":"Hakan Fidan\u2019dan DSG a\u00e7\u0131klamas\u0131: T\u00fcrkiye\u2019nin ulusal g\u00fcvenli\u011fi i\u00e7in tehdit olu\u015fturmaktad\u0131r"}]},{"@type":"WebSite","@id":"https:\/\/darkamazi.site\/#website","url":"https:\/\/darkamazi.site\/","name":"Darka Mazi","description":"Ana Sayfa","publisher":{"@id":"https:\/\/darkamazi.site\/#organization"},"potentialAction":[{"@type":"SearchAction","target":{"@type":"EntryPoint","urlTemplate":"https:\/\/darkamazi.site\/?s={search_term_string}"},"query-input":{"@type":"PropertyValueSpecification","valueRequired":true,"valueName":"search_term_string"}}],"inLanguage":"en-US"},{"@type":"Organization","@id":"https:\/\/darkamazi.site\/#organization","name":"Darka Mazi T\u00fcrk\u00e7e","alternateName":"Darka Mazi","url":"https:\/\/darkamazi.site\/","logo":{"@type":"ImageObject","inLanguage":"en-US","@id":"https:\/\/darkamazi.site\/#\/schema\/logo\/image\/","url":"https:\/\/darkamazi.site\/file\/2017\/12\/darka-mazi-logo.png","contentUrl":"https:\/\/darkamazi.site\/file\/2017\/12\/darka-mazi-logo.png","width":151,"height":75,"caption":"Darka Mazi T\u00fcrk\u00e7e"},"image":{"@id":"https:\/\/darkamazi.site\/#\/schema\/logo\/image\/"},"sameAs":["https:\/\/www.facebook.com\/DarkaMaziturkce","https:\/\/x.com\/DarkaMaziTurkce"]},{"@type":"Person","@id":"https:\/\/darkamazi.site\/#\/schema\/person\/67986a95ac546c16760365877ef4a9d3","name":"darka mazi","sameAs":["https:\/\/darkamazi.site"],"url":"https:\/\/darkamazi.site\/archives\/author\/turkish"}]}},"_links":{"self":[{"href":"https:\/\/darkamazi.site\/funavuv\/wp\/v2\/posts\/1035740","targetHints":{"allow":["GET"]}}],"collection":[{"href":"https:\/\/darkamazi.site\/funavuv\/wp\/v2\/posts"}],"about":[{"href":"https:\/\/darkamazi.site\/funavuv\/wp\/v2\/types\/post"}],"author":[{"embeddable":true,"href":"https:\/\/darkamazi.site\/funavuv\/wp\/v2\/users\/2"}],"replies":[{"embeddable":true,"href":"https:\/\/darkamazi.site\/funavuv\/wp\/v2\/comments?post=1035740"}],"version-history":[{"count":0,"href":"https:\/\/darkamazi.site\/funavuv\/wp\/v2\/posts\/1035740\/revisions"}],"wp:featuredmedia":[{"embeddable":true,"href":"https:\/\/darkamazi.site\/funavuv\/wp\/v2\/media\/1035742"}],"wp:attachment":[{"href":"https:\/\/darkamazi.site\/funavuv\/wp\/v2\/media?parent=1035740"}],"wp:term":[{"taxonomy":"category","embeddable":true,"href":"https:\/\/darkamazi.site\/funavuv\/wp\/v2\/categories?post=1035740"},{"taxonomy":"post_tag","embeddable":true,"href":"https:\/\/darkamazi.site\/funavuv\/wp\/v2\/tags?post=1035740"}],"curies":[{"name":"wp","href":"https:\/\/api.w.org\/{rel}","templated":true}]}}